{"id":5743,"date":"2018-02-23T11:41:58","date_gmt":"2018-02-23T14:41:58","guid":{"rendered":"http:\/\/www.eldiariodetucuman.com\/web\/con-varios-sindicalistas-discutimos-temas-del-pasado\/"},"modified":"2018-02-23T11:42:00","modified_gmt":"2018-02-23T14:42:00","slug":"con-varios-sindicalistas-discutimos-temas-del-pasado","status":"publish","type":"post","link":"https:\/\/www.eldiariodetucuman.com\/web\/con-varios-sindicalistas-discutimos-temas-del-pasado\/","title":{"rendered":"\u201cCon varios sindicalistas discutimos temas del pasado\u00bb"},"content":{"rendered":"<div>\n<div readability=\"49.240079365079\">\n<p>En medio de los <a href=\"https:\/\/www.elintransigente.com\/politica\/2018\/2\/22\/los-ministros-de-macri-no-solucionan-nada-es-todo-verso-479630.html\">cruces entre el sindicalismo y los funcionarios del Gobierno<\/a>, el ministro de Producci\u00f3n, <a href=\"https:\/\/www.elintransigente.com\/noticias\/buscar\/?buscar=Francisco+Cabrera\">Francisco Cabrera<\/a>, se\u00f1al\u00f3 a Hugo Moyano y su pol\u00edtica de \u201c<strong>alto costo log\u00edstico<\/strong>\u201d como una de las principales razones por las que \u201c<strong>Argentina es poco competitiva<\/strong>\u201d en los mercados internacionales.\u00a0<\/p>\n<p>\u201cUna de las razones por las que se exporta poco es porque tenemos una econom\u00eda poca competitiva y una de las explicaciones de ello son los costos log\u00edsticos. <strong>Son un factor factor que influyen sobre la competitividad de las compa\u00f1\u00edas<\/strong>\u201d, indic\u00f3 el titular de la cartera productiva de la Naci\u00f3n.\u00a0<\/p>\n<p>En ese sentido, ejemplific\u00f3: \u201cLa industria automotriz invirti\u00f3 5000 millones de d\u00f3lares en el pa\u00eds en los \u00faltimos dos a\u00f1os, pero apenas sale una camioneta empiezan los elementos que nos hacen poco competitivos\u201d.<\/p>\n<p>Aunque el funcionario de Cambiemos no dud\u00f3 en disparar contra el referente gremial, con el que todo el Gabinete mantiene una fuerte cruzada, reconoci\u00f3 que los requisitos estipulados por el sindicato de Moyano no ser\u00edan la \u00fanica explicaci\u00f3n para los altos costos.\u00a0<\/p>\n<p>\u201cParte es responsabilidad tambi\u00e9n de los <strong>impuestos de los gobiernos provinciales y nacionales <\/strong>y estamos solucion\u00e1ndolo con el pacto fiscal, pero siempre surge el log\u00edstico como una de las razones\u201d, asever\u00f3, durante una entrevista concedida esta ma\u00f1ana a Radio Mitre. Y remarc\u00f3: \u201c<strong>Tenemos una agenda para discutir y no avanzamos<\/strong>\u201d.\u00a0<\/p>\n<p>Asimismo, el oficialista no evit\u00f3 responder sobre una de las mayores preocupaciones que se\u00f1alan los economistas: <a href=\"https:\/\/www.elintransigente.com\/economia\/2018\/2\/15\/emitieron-deuda-para-mejorar-infraestructura-en-transporte-478822.html\">el aumento del d\u00e9ficit fiscal<\/a>. Sobre ese tema, Cabrera se sincer\u00f3 y reconoci\u00f3 que desde el Gobierno lo ven como un \u201cproblema\u201d.\u00a0<\/p>\n<p>\u201c<strong>Quisi\u00e9ramos m\u00e1s ser una potencia exportadora<\/strong>, pero estamos tomando medidas que mejoran la situaci\u00f3n y sosteniendo una agenda de integraci\u00f3n al mundo. Estamos trabajando para tener acceso a mercados como el acuerdo con la Uni\u00f3n Europea y tambi\u00e9n para facilitarle m\u00e1s la vida al exportador\u201d, concluy\u00f3.\u00a0<br \/>\n\u00a0<\/p>\n<\/div>\n<\/div>\n<p>Fuente: https:\/\/www.elintransigente.com\/politica\/2018\/2\/23\/con-varios-sindicalistas-discutimos-temas-del-pasado-479775.html<\/p>\n","protected":false},"excerpt":{"rendered":"<p>En medio de los cruces entre el sindicalismo y los funcionarios del Gobierno, el ministro de Producci\u00f3n, Francisco Cabrera, se\u00f1al\u00f3 a Hugo Moyano y su pol\u00edtica de \u201calto costo log\u00edstico\u201d como una de las principales razones por las que \u201cArgentina es poco competitiva\u201d en los mercados internacionales.\u00a0 \u201cUna de las razones por las que se [&hellip;]<\/p>\n","protected":false},"author":1,"featured_media":5744,"comment_status":"open","ping_status":"closed","sticky":false,"template":"","format":"standard","meta":{"footnotes":""},"categories":[1],"tags":[],"class_list":{"0":"post-5743","1":"post","2":"type-post","3":"status-publish","4":"format-standard","5":"has-post-thumbnail","7":"category-portada"},"yoast_head":"<!-- This site is optimized with the Yoast SEO plugin v27.5 - https:\/\/yoast.com\/product\/yoast-seo-wordpress\/ -->\n<title>\u201cCon varios sindicalistas discutimos temas del pasado&quot; - El Diario de Tucuman<\/title>\n<meta name=\"robots\" content=\"index, follow, max-snippet:-1, max-image-preview:large, max-video-preview:-1\" \/>\n<link rel=\"canonical\" href=\"https:\/\/www.eldiariodetucuman.com\/web\/con-varios-sindicalistas-discutimos-temas-del-pasado\/\" \/>\n<meta property=\"og:locale\" content=\"es_ES\" \/>\n<meta property=\"og:type\" content=\"article\" \/>\n<meta property=\"og:title\" content=\"\u201cCon varios sindicalistas discutimos temas del pasado&quot; - El Diario de Tucuman\" \/>\n<meta property=\"og:description\" content=\"En medio de los cruces entre el sindicalismo y los funcionarios del Gobierno, el ministro de Producci\u00f3n, Francisco Cabrera, se\u00f1al\u00f3 a Hugo Moyano y su pol\u00edtica de \u201calto costo log\u00edstico\u201d como una de las principales razones por las que \u201cArgentina es poco competitiva\u201d en los mercados internacionales.\u00a0 \u201cUna de las razones por las que se [&hellip;]\" \/>\n<meta property=\"og:url\" content=\"https:\/\/www.eldiariodetucuman.com\/web\/con-varios-sindicalistas-discutimos-temas-del-pasado\/\" \/>\n<meta property=\"og:site_name\" content=\"El Diario de Tucuman\" \/>\n<meta property=\"article:published_time\" content=\"2018-02-23T14:41:58+00:00\" \/>\n<meta property=\"article:modified_time\" content=\"2018-02-23T14:42:00+00:00\" \/>\n<meta property=\"og:image\" content=\"https:\/\/www.eldiariodetucuman.com\/web\/wp-content\/uploads\/2018\/02\/3a7b31160e3c2bb13be1ad6c10d1db3c.jpeg\" \/>\n\t<meta property=\"og:image:width\" content=\"960\" \/>\n\t<meta property=\"og:image:height\" content=\"720\" \/>\n\t<meta property=\"og:image:type\" content=\"image\/jpeg\" \/>\n<meta name=\"author\" content=\"admin\" \/>\n<meta name=\"twitter:card\" content=\"summary_large_image\" \/>\n<meta name=\"twitter:label1\" content=\"Escrito por\" \/>\n\t<meta name=\"twitter:data1\" content=\"admin\" \/>\n\t<meta name=\"twitter:label2\" content=\"Tiempo de lectura\" \/>\n\t<meta name=\"twitter:data2\" content=\"2 minutos\" \/>\n<script type=\"application\/ld+json\" class=\"yoast-schema-graph\">{\"@context\":\"https:\\\/\\\/schema.org\",\"@graph\":[{\"@type\":\"Article\",\"@id\":\"https:\\\/\\\/www.eldiariodetucuman.com\\\/web\\\/con-varios-sindicalistas-discutimos-temas-del-pasado\\\/#article\",\"isPartOf\":{\"@id\":\"https:\\\/\\\/www.eldiariodetucuman.com\\\/web\\\/con-varios-sindicalistas-discutimos-temas-del-pasado\\\/\"},\"author\":{\"name\":\"admin\",\"@id\":\"https:\\\/\\\/www.eldiariodetucuman.com\\\/web\\\/#\\\/schema\\\/person\\\/9250197d75ab5483412e19678b121caa\"},\"headline\":\"\u201cCon varios sindicalistas discutimos temas del pasado\u00bb\",\"datePublished\":\"2018-02-23T14:41:58+00:00\",\"dateModified\":\"2018-02-23T14:42:00+00:00\",\"mainEntityOfPage\":{\"@id\":\"https:\\\/\\\/www.eldiariodetucuman.com\\\/web\\\/con-varios-sindicalistas-discutimos-temas-del-pasado\\\/\"},\"wordCount\":346,\"commentCount\":0,\"publisher\":{\"@id\":\"https:\\\/\\\/www.eldiariodetucuman.com\\\/web\\\/#organization\"},\"image\":{\"@id\":\"https:\\\/\\\/www.eldiariodetucuman.com\\\/web\\\/con-varios-sindicalistas-discutimos-temas-del-pasado\\\/#primaryimage\"},\"thumbnailUrl\":\"https:\\\/\\\/www.eldiariodetucuman.com\\\/web\\\/wp-content\\\/uploads\\\/2018\\\/02\\\/3a7b31160e3c2bb13be1ad6c10d1db3c.jpeg\",\"articleSection\":[\"Portada\"],\"inLanguage\":\"es\",\"potentialAction\":[{\"@type\":\"CommentAction\",\"name\":\"Comment\",\"target\":[\"https:\\\/\\\/www.eldiariodetucuman.com\\\/web\\\/con-varios-sindicalistas-discutimos-temas-del-pasado\\\/#respond\"]}]},{\"@type\":\"WebPage\",\"@id\":\"https:\\\/\\\/www.eldiariodetucuman.com\\\/web\\\/con-varios-sindicalistas-discutimos-temas-del-pasado\\\/\",\"url\":\"https:\\\/\\\/www.eldiariodetucuman.com\\\/web\\\/con-varios-sindicalistas-discutimos-temas-del-pasado\\\/\",\"name\":\"\u201cCon varios sindicalistas discutimos temas del pasado\\\" - El Diario de Tucuman\",\"isPartOf\":{\"@id\":\"https:\\\/\\\/www.eldiariodetucuman.com\\\/web\\\/#website\"},\"primaryImageOfPage\":{\"@id\":\"https:\\\/\\\/www.eldiariodetucuman.com\\\/web\\\/con-varios-sindicalistas-discutimos-temas-del-pasado\\\/#primaryimage\"},\"image\":{\"@id\":\"https:\\\/\\\/www.eldiariodetucuman.com\\\/web\\\/con-varios-sindicalistas-discutimos-temas-del-pasado\\\/#primaryimage\"},\"thumbnailUrl\":\"https:\\\/\\\/www.eldiariodetucuman.com\\\/web\\\/wp-content\\\/uploads\\\/2018\\\/02\\\/3a7b31160e3c2bb13be1ad6c10d1db3c.jpeg\",\"datePublished\":\"2018-02-23T14:41:58+00:00\",\"dateModified\":\"2018-02-23T14:42:00+00:00\",\"breadcrumb\":{\"@id\":\"https:\\\/\\\/www.eldiariodetucuman.com\\\/web\\\/con-varios-sindicalistas-discutimos-temas-del-pasado\\\/#breadcrumb\"},\"inLanguage\":\"es\",\"potentialAction\":[{\"@type\":\"ReadAction\",\"target\":[\"https:\\\/\\\/www.eldiariodetucuman.com\\\/web\\\/con-varios-sindicalistas-discutimos-temas-del-pasado\\\/\"]}]},{\"@type\":\"ImageObject\",\"inLanguage\":\"es\",\"@id\":\"https:\\\/\\\/www.eldiariodetucuman.com\\\/web\\\/con-varios-sindicalistas-discutimos-temas-del-pasado\\\/#primaryimage\",\"url\":\"https:\\\/\\\/www.eldiariodetucuman.com\\\/web\\\/wp-content\\\/uploads\\\/2018\\\/02\\\/3a7b31160e3c2bb13be1ad6c10d1db3c.jpeg\",\"contentUrl\":\"https:\\\/\\\/www.eldiariodetucuman.com\\\/web\\\/wp-content\\\/uploads\\\/2018\\\/02\\\/3a7b31160e3c2bb13be1ad6c10d1db3c.jpeg\",\"width\":960,\"height\":720},{\"@type\":\"BreadcrumbList\",\"@id\":\"https:\\\/\\\/www.eldiariodetucuman.com\\\/web\\\/con-varios-sindicalistas-discutimos-temas-del-pasado\\\/#breadcrumb\",\"itemListElement\":[{\"@type\":\"ListItem\",\"position\":1,\"name\":\"Portada\",\"item\":\"https:\\\/\\\/www.eldiariodetucuman.com\\\/web\\\/\"},{\"@type\":\"ListItem\",\"position\":2,\"name\":\"\u201cCon varios sindicalistas discutimos temas del pasado\u00bb\"}]},{\"@type\":\"WebSite\",\"@id\":\"https:\\\/\\\/www.eldiariodetucuman.com\\\/web\\\/#website\",\"url\":\"https:\\\/\\\/www.eldiariodetucuman.com\\\/web\\\/\",\"name\":\"El Diario de Tucuman\",\"description\":\"Diario Tucuman - Informaci\u00f3n y noticias\",\"publisher\":{\"@id\":\"https:\\\/\\\/www.eldiariodetucuman.com\\\/web\\\/#organization\"},\"potentialAction\":[{\"@type\":\"SearchAction\",\"target\":{\"@type\":\"EntryPoint\",\"urlTemplate\":\"https:\\\/\\\/www.eldiariodetucuman.com\\\/web\\\/?s={search_term_string}\"},\"query-input\":{\"@type\":\"PropertyValueSpecification\",\"valueRequired\":true,\"valueName\":\"search_term_string\"}}],\"inLanguage\":\"es\"},{\"@type\":\"Organization\",\"@id\":\"https:\\\/\\\/www.eldiariodetucuman.com\\\/web\\\/#organization\",\"name\":\"El Diario de Tucuman\",\"url\":\"https:\\\/\\\/www.eldiariodetucuman.com\\\/web\\\/\",\"logo\":{\"@type\":\"ImageObject\",\"inLanguage\":\"es\",\"@id\":\"https:\\\/\\\/www.eldiariodetucuman.com\\\/web\\\/#\\\/schema\\\/logo\\\/image\\\/\",\"url\":\"http:\\\/\\\/www.eldiariodetucuman.com\\\/web\\\/wp-content\\\/uploads\\\/2017\\\/12\\\/el-diario-de-tucuman.jpg\",\"contentUrl\":\"http:\\\/\\\/www.eldiariodetucuman.com\\\/web\\\/wp-content\\\/uploads\\\/2017\\\/12\\\/el-diario-de-tucuman.jpg\",\"width\":272,\"height\":92,\"caption\":\"El Diario de Tucuman\"},\"image\":{\"@id\":\"https:\\\/\\\/www.eldiariodetucuman.com\\\/web\\\/#\\\/schema\\\/logo\\\/image\\\/\"}},{\"@type\":\"Person\",\"@id\":\"https:\\\/\\\/www.eldiariodetucuman.com\\\/web\\\/#\\\/schema\\\/person\\\/9250197d75ab5483412e19678b121caa\",\"name\":\"admin\",\"image\":{\"@type\":\"ImageObject\",\"inLanguage\":\"es\",\"@id\":\"https:\\\/\\\/secure.gravatar.com\\\/avatar\\\/c44d117c2be811212c22cb481f6b8384b6873de103fbc49e7a03cc58d7dea4ac?s=96&d=mm&r=g\",\"url\":\"https:\\\/\\\/secure.gravatar.com\\\/avatar\\\/c44d117c2be811212c22cb481f6b8384b6873de103fbc49e7a03cc58d7dea4ac?s=96&d=mm&r=g\",\"contentUrl\":\"https:\\\/\\\/secure.gravatar.com\\\/avatar\\\/c44d117c2be811212c22cb481f6b8384b6873de103fbc49e7a03cc58d7dea4ac?s=96&d=mm&r=g\",\"caption\":\"admin\"},\"url\":\"https:\\\/\\\/www.eldiariodetucuman.com\\\/web\\\/author\\\/admin\\\/\"}]}<\/script>\n<!-- \/ Yoast SEO plugin. -->","yoast_head_json":{"title":"\u201cCon varios sindicalistas discutimos temas del pasado\" - El Diario de Tucuman","robots":{"index":"index","follow":"follow","max-snippet":"max-snippet:-1","max-image-preview":"max-image-preview:large","max-video-preview":"max-video-preview:-1"},"canonical":"https:\/\/www.eldiariodetucuman.com\/web\/con-varios-sindicalistas-discutimos-temas-del-pasado\/","og_locale":"es_ES","og_type":"article","og_title":"\u201cCon varios sindicalistas discutimos temas del pasado\" - El Diario de Tucuman","og_description":"En medio de los cruces entre el sindicalismo y los funcionarios del Gobierno, el ministro de Producci\u00f3n, Francisco Cabrera, se\u00f1al\u00f3 a Hugo Moyano y su pol\u00edtica de \u201calto costo log\u00edstico\u201d como una de las principales razones por las que \u201cArgentina es poco competitiva\u201d en los mercados internacionales.\u00a0 \u201cUna de las razones por las que se [&hellip;]","og_url":"https:\/\/www.eldiariodetucuman.com\/web\/con-varios-sindicalistas-discutimos-temas-del-pasado\/","og_site_name":"El Diario de Tucuman","article_published_time":"2018-02-23T14:41:58+00:00","article_modified_time":"2018-02-23T14:42:00+00:00","og_image":[{"width":960,"height":720,"url":"https:\/\/www.eldiariodetucuman.com\/web\/wp-content\/uploads\/2018\/02\/3a7b31160e3c2bb13be1ad6c10d1db3c.jpeg","type":"image\/jpeg"}],"author":"admin","twitter_card":"summary_large_image","twitter_misc":{"Escrito por":"admin","Tiempo de lectura":"2 minutos"},"schema":{"@context":"https:\/\/schema.org","@graph":[{"@type":"Article","@id":"https:\/\/www.eldiariodetucuman.com\/web\/con-varios-sindicalistas-discutimos-temas-del-pasado\/#article","isPartOf":{"@id":"https:\/\/www.eldiariodetucuman.com\/web\/con-varios-sindicalistas-discutimos-temas-del-pasado\/"},"author":{"name":"admin","@id":"https:\/\/www.eldiariodetucuman.com\/web\/#\/schema\/person\/9250197d75ab5483412e19678b121caa"},"headline":"\u201cCon varios sindicalistas discutimos temas del pasado\u00bb","datePublished":"2018-02-23T14:41:58+00:00","dateModified":"2018-02-23T14:42:00+00:00","mainEntityOfPage":{"@id":"https:\/\/www.eldiariodetucuman.com\/web\/con-varios-sindicalistas-discutimos-temas-del-pasado\/"},"wordCount":346,"commentCount":0,"publisher":{"@id":"https:\/\/www.eldiariodetucuman.com\/web\/#organization"},"image":{"@id":"https:\/\/www.eldiariodetucuman.com\/web\/con-varios-sindicalistas-discutimos-temas-del-pasado\/#primaryimage"},"thumbnailUrl":"https:\/\/www.eldiariodetucuman.com\/web\/wp-content\/uploads\/2018\/02\/3a7b31160e3c2bb13be1ad6c10d1db3c.jpeg","articleSection":["Portada"],"inLanguage":"es","potentialAction":[{"@type":"CommentAction","name":"Comment","target":["https:\/\/www.eldiariodetucuman.com\/web\/con-varios-sindicalistas-discutimos-temas-del-pasado\/#respond"]}]},{"@type":"WebPage","@id":"https:\/\/www.eldiariodetucuman.com\/web\/con-varios-sindicalistas-discutimos-temas-del-pasado\/","url":"https:\/\/www.eldiariodetucuman.com\/web\/con-varios-sindicalistas-discutimos-temas-del-pasado\/","name":"\u201cCon varios sindicalistas discutimos temas del pasado\" - El Diario de Tucuman","isPartOf":{"@id":"https:\/\/www.eldiariodetucuman.com\/web\/#website"},"primaryImageOfPage":{"@id":"https:\/\/www.eldiariodetucuman.com\/web\/con-varios-sindicalistas-discutimos-temas-del-pasado\/#primaryimage"},"image":{"@id":"https:\/\/www.eldiariodetucuman.com\/web\/con-varios-sindicalistas-discutimos-temas-del-pasado\/#primaryimage"},"thumbnailUrl":"https:\/\/www.eldiariodetucuman.com\/web\/wp-content\/uploads\/2018\/02\/3a7b31160e3c2bb13be1ad6c10d1db3c.jpeg","datePublished":"2018-02-23T14:41:58+00:00","dateModified":"2018-02-23T14:42:00+00:00","breadcrumb":{"@id":"https:\/\/www.eldiariodetucuman.com\/web\/con-varios-sindicalistas-discutimos-temas-del-pasado\/#breadcrumb"},"inLanguage":"es","potentialAction":[{"@type":"ReadAction","target":["https:\/\/www.eldiariodetucuman.com\/web\/con-varios-sindicalistas-discutimos-temas-del-pasado\/"]}]},{"@type":"ImageObject","inLanguage":"es","@id":"https:\/\/www.eldiariodetucuman.com\/web\/con-varios-sindicalistas-discutimos-temas-del-pasado\/#primaryimage","url":"https:\/\/www.eldiariodetucuman.com\/web\/wp-content\/uploads\/2018\/02\/3a7b31160e3c2bb13be1ad6c10d1db3c.jpeg","contentUrl":"https:\/\/www.eldiariodetucuman.com\/web\/wp-content\/uploads\/2018\/02\/3a7b31160e3c2bb13be1ad6c10d1db3c.jpeg","width":960,"height":720},{"@type":"BreadcrumbList","@id":"https:\/\/www.eldiariodetucuman.com\/web\/con-varios-sindicalistas-discutimos-temas-del-pasado\/#breadcrumb","itemListElement":[{"@type":"ListItem","position":1,"name":"Portada","item":"https:\/\/www.eldiariodetucuman.com\/web\/"},{"@type":"ListItem","position":2,"name":"\u201cCon varios sindicalistas discutimos temas del pasado\u00bb"}]},{"@type":"WebSite","@id":"https:\/\/www.eldiariodetucuman.com\/web\/#website","url":"https:\/\/www.eldiariodetucuman.com\/web\/","name":"El Diario de Tucuman","description":"Diario Tucuman - Informaci\u00f3n y noticias","publisher":{"@id":"https:\/\/www.eldiariodetucuman.com\/web\/#organization"},"potentialAction":[{"@type":"SearchAction","target":{"@type":"EntryPoint","urlTemplate":"https:\/\/www.eldiariodetucuman.com\/web\/?s={search_term_string}"},"query-input":{"@type":"PropertyValueSpecification","valueRequired":true,"valueName":"search_term_string"}}],"inLanguage":"es"},{"@type":"Organization","@id":"https:\/\/www.eldiariodetucuman.com\/web\/#organization","name":"El Diario de Tucuman","url":"https:\/\/www.eldiariodetucuman.com\/web\/","logo":{"@type":"ImageObject","inLanguage":"es","@id":"https:\/\/www.eldiariodetucuman.com\/web\/#\/schema\/logo\/image\/","url":"http:\/\/www.eldiariodetucuman.com\/web\/wp-content\/uploads\/2017\/12\/el-diario-de-tucuman.jpg","contentUrl":"http:\/\/www.eldiariodetucuman.com\/web\/wp-content\/uploads\/2017\/12\/el-diario-de-tucuman.jpg","width":272,"height":92,"caption":"El Diario de Tucuman"},"image":{"@id":"https:\/\/www.eldiariodetucuman.com\/web\/#\/schema\/logo\/image\/"}},{"@type":"Person","@id":"https:\/\/www.eldiariodetucuman.com\/web\/#\/schema\/person\/9250197d75ab5483412e19678b121caa","name":"admin","image":{"@type":"ImageObject","inLanguage":"es","@id":"https:\/\/secure.gravatar.com\/avatar\/c44d117c2be811212c22cb481f6b8384b6873de103fbc49e7a03cc58d7dea4ac?s=96&d=mm&r=g","url":"https:\/\/secure.gravatar.com\/avatar\/c44d117c2be811212c22cb481f6b8384b6873de103fbc49e7a03cc58d7dea4ac?s=96&d=mm&r=g","contentUrl":"https:\/\/secure.gravatar.com\/avatar\/c44d117c2be811212c22cb481f6b8384b6873de103fbc49e7a03cc58d7dea4ac?s=96&d=mm&r=g","caption":"admin"},"url":"https:\/\/www.eldiariodetucuman.com\/web\/author\/admin\/"}]}},"_links":{"self":[{"href":"https:\/\/www.eldiariodetucuman.com\/web\/wp-json\/wp\/v2\/posts\/5743","targetHints":{"allow":["GET"]}}],"collection":[{"href":"https:\/\/www.eldiariodetucuman.com\/web\/wp-json\/wp\/v2\/posts"}],"about":[{"href":"https:\/\/www.eldiariodetucuman.com\/web\/wp-json\/wp\/v2\/types\/post"}],"author":[{"embeddable":true,"href":"https:\/\/www.eldiariodetucuman.com\/web\/wp-json\/wp\/v2\/users\/1"}],"replies":[{"embeddable":true,"href":"https:\/\/www.eldiariodetucuman.com\/web\/wp-json\/wp\/v2\/comments?post=5743"}],"version-history":[{"count":1,"href":"https:\/\/www.eldiariodetucuman.com\/web\/wp-json\/wp\/v2\/posts\/5743\/revisions"}],"predecessor-version":[{"id":5745,"href":"https:\/\/www.eldiariodetucuman.com\/web\/wp-json\/wp\/v2\/posts\/5743\/revisions\/5745"}],"wp:featuredmedia":[{"embeddable":true,"href":"https:\/\/www.eldiariodetucuman.com\/web\/wp-json\/wp\/v2\/media\/5744"}],"wp:attachment":[{"href":"https:\/\/www.eldiariodetucuman.com\/web\/wp-json\/wp\/v2\/media?parent=5743"}],"wp:term":[{"taxonomy":"category","embeddable":true,"href":"https:\/\/www.eldiariodetucuman.com\/web\/wp-json\/wp\/v2\/categories?post=5743"},{"taxonomy":"post_tag","embeddable":true,"href":"https:\/\/www.eldiariodetucuman.com\/web\/wp-json\/wp\/v2\/tags?post=5743"}],"curies":[{"name":"wp","href":"https:\/\/api.w.org\/{rel}","templated":true}]}}