{"id":5740,"date":"2018-02-23T00:07:56","date_gmt":"2018-02-23T03:07:56","guid":{"rendered":"http:\/\/www.eldiariodetucuman.com\/web\/el-sospechoso-del-doble-crimen-de-los-policias-fue-entregado-a-la-justicia-2\/"},"modified":"2018-02-23T00:07:57","modified_gmt":"2018-02-23T03:07:57","slug":"el-sospechoso-del-doble-crimen-de-los-policias-fue-entregado-a-la-justicia-2","status":"publish","type":"post","link":"https:\/\/www.eldiariodetucuman.com\/web\/el-sospechoso-del-doble-crimen-de-los-policias-fue-entregado-a-la-justicia-2\/","title":{"rendered":"El sospechoso del doble crimen de los polic\u00edas fue entregado a la Justicia"},"content":{"rendered":"<div>\n<div readability=\"109\">\n<p>El vicegobernador, <strong>Osvaldo Jaldo<\/strong>, inform\u00f3 oficialmente la detenci\u00f3n del principal sospechoso acusado del doble crimen de los polic\u00edas, <strong>Sergio P\u00e1ez Gonz\u00e1lez<\/strong> y <strong>Cristian Peralta<\/strong>, que fue interceptado esta madrugada cuando se desplazaba en un autom\u00f3vil por la localidad de El Manantial.<\/p>\n<blockquote class=\"mom_quote \"><p>El Vicegobernador dio una conferencia de prensa en Casa de Gobierno y estuvo acompa\u00f1ado por el ministro de Seguridad,<strong> Claudio Maley<\/strong>; el jefe de Polic\u00eda, <strong>Jos\u00e9 D\u00edaz<\/strong>; el presidente de la Comisi\u00f3n de Seguridad de la Legislatura de Tucum\u00e1n, <strong>Javier Pucharras<\/strong>; y comisarios de la c\u00fapula policial.<\/p><\/blockquote>\n<p>Jaldo declar\u00f3 que la captura del principal sospechoso de los homicidios de los dos agentes tucumanos fue m\u00e9rito de las tareas investigativas impulsadas por la fiscal, <strong>Adriana Reinoso Cuello<\/strong>, con la colaboraci\u00f3n de las unidades especiales de la Polic\u00eda de Tucum\u00e1n.<\/p>\n<p>\u201cQuiero destacar la labor del Ministerio de Seguridad y la Polic\u00eda, que a trav\u00e9s de las diferentes regionales, sin distinci\u00f3n de jurisdicci\u00f3n, trabajaron para conseguir este objetivo\u201d, dijo el Gobernador, que adem\u00e1s ampli\u00f3 que el acusado fue puesto a disposici\u00f3n de la Justicia a partir de las 11 de la ma\u00f1ana.<\/p>\n<p>\u201cSer\u00e1 la Fiscal quien tomar\u00e1 las decisiones desde el punto de vista judicial. Entendemos que con esto cumplimos en parte con la sociedad tucumana, pero fundamentalmente con la familia policial. Las mujeres de los agentes nos pidieron que se haga justicia y se detenga al sospecho\u201d, declar\u00f3.<\/p>\n<p>Y declar\u00f3 que ser\u00e1 la Fiscal\u00eda, quien dar\u00e1 detalles sobre la investigaci\u00f3n para dar con el acusado porque el \u201cPoder Ejecutivo no puede dar informaci\u00f3n que la debe dar el Poder Judicial, fundamentalmente para no entorpecer una causa. La Fiscal que intervino, y que hizo un muy buen trabajo, informar\u00e1 oportunamente\u201d.<\/p>\n<p>En cuanto a la detenci\u00f3n del posible implicado, Jaldo expres\u00f3 que cada hecho que se logra aclarar es el cumplimiento de un objetivo, pero \u201cevidentemente no es un hecho que nos pone felices, porque fue lamentable. Perdieron la vida dos polic\u00edas, esposas que perdieron maridos y chicos que perdieron sus pap\u00e1s. S\u00ed estamos conforme con el trabajo de la Polic\u00eda para poner a disposici\u00f3n de la Justicia al principal sospechoso\u201d.<\/p>\n<blockquote class=\"mom_quote \" readability=\"20\">\n<p><strong>Recompensa<\/strong><\/p>\n<p>En cuanto a la recompensa de $500 mil pesos para dar con el paradero de M\u00e1ximo Abraham, fue dispuesta por el Gobierno de Tucum\u00e1n, acatando una indicaci\u00f3n del Poder Judicial. La Fiscal\u00eda actuante ser\u00e1 la autoridad que fijar\u00e1, en caso de que corresponda, qui\u00e9n o qui\u00e9nes ser\u00e1n acreedores de la recompensa, as\u00ed lo afirm\u00f3 Jaldo.<\/p>\n<p>\u201cEl Gobierno de la Provincia, a trav\u00e9s de su Ministro de Seguridad, est\u00e1 dispuesto a llegar hasta las \u00faltimas consecuencias en todos los hechos delictivos para garantizar la seguridad\u201d, finaliz\u00f3 el Vicegobernador.<\/p>\n<\/blockquote>\n<p><a href=\"http:\/\/comunicaciontucuman.gob.ar\/wp-content\/uploads\/2018\/02\/Jaldo-Maley-seguridad-policia-LS.jpg\"><img loading=\"lazy\" decoding=\"async\" class=\"size-medium wp-image-154871 alignright\" src=\"http:\/\/comunicaciontucuman.gob.ar\/wp-content\/uploads\/2018\/02\/Jaldo-Maley-seguridad-policia-LS-300x166.jpg\" alt=\"Jaldo-Maley-seguridad-policia-LS\" width=\"300\" height=\"166\"><\/a>El jefe de Polic\u00eda de la Provincia, <strong>Jos\u00e9 D\u00edaz,<\/strong> sostuvo que \u201ccada tarea investigativa tiene una estrategia, y esa estrategia no la podemos hacer p\u00fablica en este caso, puesto que es aplicable en otras tareas\u201d y destac\u00f3 \u201cel profesionalismo y el trabajo, sin descanso, de todo el personal policial\u201d.<\/p>\n<p>En cuanto a la cautela que se tom\u00f3 con el caso, D\u00edaz dijo que fue dispuesta para evitar perjudicar los pasos de la investigaci\u00f3n. \u201cAvanzar de modo inconsulto con medidas de la investigaci\u00f3n causa perjuicio\u201d, dijo y agreg\u00f3 que a partir de la detenci\u00f3n la pesquisa se valdr\u00e1 \u201d de los elementos t\u00e9cnicos que tenemos, pericias en el veh\u00edculo secuestrado, testimonios que logremos para acercar\u00a0un cuadro de situaci\u00f3n para que la fiscal\u00a0tome su determinaci\u00f3n\u201d.<\/p>\n<div class=\"base-box news-box mom_box_sc_custom mom_box_sc clear \" readability=\"10\">\n<p><strong>Robo en Famaill\u00e1 <\/strong><\/p>\n<p>Jaldo manifest\u00f3 que el Poder Judicial conjuntamente con las fuerzas de seguridad, tuvo resultados concretos en casos policiales que conmocionaron a la sociedad tucumana. Expres\u00f3 que en menos de 24 horas se pudo detener al sospechoso indicado por el robo de un centro de pagos en Famaill\u00e1. \u00a0<\/p>\n<\/div>\n<p>\u00a0<\/p>\n<\/div>\n<\/div>\n<p>Fuente: http:\/\/comunicaciontucuman.gob.ar\/2018\/02\/el-sospechoso-del-doble-crimen-de-los-policias-fue-entregado-a-la-justicia\/<\/p>\n","protected":false},"excerpt":{"rendered":"<p>El vicegobernador, Osvaldo Jaldo, inform\u00f3 oficialmente la detenci\u00f3n del principal sospechoso acusado del doble crimen de los polic\u00edas, Sergio P\u00e1ez Gonz\u00e1lez y Cristian Peralta, que fue interceptado esta madrugada cuando se desplazaba en un autom\u00f3vil por la localidad de El Manantial. El Vicegobernador dio una conferencia de prensa en Casa de Gobierno y estuvo acompa\u00f1ado [&hellip;]<\/p>\n","protected":false},"author":1,"featured_media":5741,"comment_status":"open","ping_status":"closed","sticky":false,"template":"","format":"standard","meta":{"footnotes":""},"categories":[3],"tags":[],"class_list":{"0":"post-5740","1":"post","2":"type-post","3":"status-publish","4":"format-standard","5":"has-post-thumbnail","7":"category-politica"},"yoast_head":"<!-- This site is optimized with the Yoast SEO plugin v27.5 - https:\/\/yoast.com\/product\/yoast-seo-wordpress\/ -->\n<title>El sospechoso del doble crimen de los polic\u00edas fue entregado a la Justicia - El Diario de Tucuman<\/title>\n<meta name=\"robots\" content=\"index, follow, max-snippet:-1, max-image-preview:large, max-video-preview:-1\" \/>\n<link rel=\"canonical\" href=\"https:\/\/www.eldiariodetucuman.com\/web\/el-sospechoso-del-doble-crimen-de-los-policias-fue-entregado-a-la-justicia-2\/\" \/>\n<meta property=\"og:locale\" content=\"es_ES\" \/>\n<meta property=\"og:type\" content=\"article\" \/>\n<meta property=\"og:title\" content=\"El sospechoso del doble crimen de los polic\u00edas fue entregado a la Justicia - El Diario de Tucuman\" \/>\n<meta property=\"og:description\" content=\"El vicegobernador, Osvaldo Jaldo, inform\u00f3 oficialmente la detenci\u00f3n del principal sospechoso acusado del doble crimen de los polic\u00edas, Sergio P\u00e1ez Gonz\u00e1lez y Cristian Peralta, que fue interceptado esta madrugada cuando se desplazaba en un autom\u00f3vil por la localidad de El Manantial. El Vicegobernador dio una conferencia de prensa en Casa de Gobierno y estuvo acompa\u00f1ado [&hellip;]\" \/>\n<meta property=\"og:url\" content=\"https:\/\/www.eldiariodetucuman.com\/web\/el-sospechoso-del-doble-crimen-de-los-policias-fue-entregado-a-la-justicia-2\/\" \/>\n<meta property=\"og:site_name\" content=\"El Diario de Tucuman\" \/>\n<meta property=\"article:published_time\" content=\"2018-02-23T03:07:56+00:00\" \/>\n<meta property=\"article:modified_time\" content=\"2018-02-23T03:07:57+00:00\" \/>\n<meta property=\"og:image\" content=\"https:\/\/www.eldiariodetucuman.com\/web\/wp-content\/uploads\/2018\/02\/b4a3e3446c5af3d25db3be0a10280e19.jpeg\" \/>\n\t<meta property=\"og:image:width\" content=\"300\" \/>\n\t<meta property=\"og:image:height\" content=\"166\" \/>\n\t<meta property=\"og:image:type\" content=\"image\/jpeg\" \/>\n<meta name=\"author\" content=\"admin\" \/>\n<meta name=\"twitter:card\" content=\"summary_large_image\" \/>\n<meta name=\"twitter:label1\" content=\"Escrito por\" \/>\n\t<meta name=\"twitter:data1\" content=\"admin\" \/>\n\t<meta name=\"twitter:label2\" content=\"Tiempo de lectura\" \/>\n\t<meta name=\"twitter:data2\" content=\"3 minutos\" \/>\n<script type=\"application\/ld+json\" class=\"yoast-schema-graph\">{\"@context\":\"https:\\\/\\\/schema.org\",\"@graph\":[{\"@type\":\"Article\",\"@id\":\"https:\\\/\\\/www.eldiariodetucuman.com\\\/web\\\/el-sospechoso-del-doble-crimen-de-los-policias-fue-entregado-a-la-justicia-2\\\/#article\",\"isPartOf\":{\"@id\":\"https:\\\/\\\/www.eldiariodetucuman.com\\\/web\\\/el-sospechoso-del-doble-crimen-de-los-policias-fue-entregado-a-la-justicia-2\\\/\"},\"author\":{\"name\":\"admin\",\"@id\":\"https:\\\/\\\/www.eldiariodetucuman.com\\\/web\\\/#\\\/schema\\\/person\\\/9250197d75ab5483412e19678b121caa\"},\"headline\":\"El sospechoso del doble crimen de los polic\u00edas fue entregado a la Justicia\",\"datePublished\":\"2018-02-23T03:07:56+00:00\",\"dateModified\":\"2018-02-23T03:07:57+00:00\",\"mainEntityOfPage\":{\"@id\":\"https:\\\/\\\/www.eldiariodetucuman.com\\\/web\\\/el-sospechoso-del-doble-crimen-de-los-policias-fue-entregado-a-la-justicia-2\\\/\"},\"wordCount\":676,\"commentCount\":0,\"publisher\":{\"@id\":\"https:\\\/\\\/www.eldiariodetucuman.com\\\/web\\\/#organization\"},\"image\":{\"@id\":\"https:\\\/\\\/www.eldiariodetucuman.com\\\/web\\\/el-sospechoso-del-doble-crimen-de-los-policias-fue-entregado-a-la-justicia-2\\\/#primaryimage\"},\"thumbnailUrl\":\"https:\\\/\\\/www.eldiariodetucuman.com\\\/web\\\/wp-content\\\/uploads\\\/2018\\\/02\\\/b4a3e3446c5af3d25db3be0a10280e19.jpeg\",\"articleSection\":[\"Politica\"],\"inLanguage\":\"es\",\"potentialAction\":[{\"@type\":\"CommentAction\",\"name\":\"Comment\",\"target\":[\"https:\\\/\\\/www.eldiariodetucuman.com\\\/web\\\/el-sospechoso-del-doble-crimen-de-los-policias-fue-entregado-a-la-justicia-2\\\/#respond\"]}]},{\"@type\":\"WebPage\",\"@id\":\"https:\\\/\\\/www.eldiariodetucuman.com\\\/web\\\/el-sospechoso-del-doble-crimen-de-los-policias-fue-entregado-a-la-justicia-2\\\/\",\"url\":\"https:\\\/\\\/www.eldiariodetucuman.com\\\/web\\\/el-sospechoso-del-doble-crimen-de-los-policias-fue-entregado-a-la-justicia-2\\\/\",\"name\":\"El sospechoso del doble crimen de los polic\u00edas fue entregado a la Justicia - El Diario de Tucuman\",\"isPartOf\":{\"@id\":\"https:\\\/\\\/www.eldiariodetucuman.com\\\/web\\\/#website\"},\"primaryImageOfPage\":{\"@id\":\"https:\\\/\\\/www.eldiariodetucuman.com\\\/web\\\/el-sospechoso-del-doble-crimen-de-los-policias-fue-entregado-a-la-justicia-2\\\/#primaryimage\"},\"image\":{\"@id\":\"https:\\\/\\\/www.eldiariodetucuman.com\\\/web\\\/el-sospechoso-del-doble-crimen-de-los-policias-fue-entregado-a-la-justicia-2\\\/#primaryimage\"},\"thumbnailUrl\":\"https:\\\/\\\/www.eldiariodetucuman.com\\\/web\\\/wp-content\\\/uploads\\\/2018\\\/02\\\/b4a3e3446c5af3d25db3be0a10280e19.jpeg\",\"datePublished\":\"2018-02-23T03:07:56+00:00\",\"dateModified\":\"2018-02-23T03:07:57+00:00\",\"breadcrumb\":{\"@id\":\"https:\\\/\\\/www.eldiariodetucuman.com\\\/web\\\/el-sospechoso-del-doble-crimen-de-los-policias-fue-entregado-a-la-justicia-2\\\/#breadcrumb\"},\"inLanguage\":\"es\",\"potentialAction\":[{\"@type\":\"ReadAction\",\"target\":[\"https:\\\/\\\/www.eldiariodetucuman.com\\\/web\\\/el-sospechoso-del-doble-crimen-de-los-policias-fue-entregado-a-la-justicia-2\\\/\"]}]},{\"@type\":\"ImageObject\",\"inLanguage\":\"es\",\"@id\":\"https:\\\/\\\/www.eldiariodetucuman.com\\\/web\\\/el-sospechoso-del-doble-crimen-de-los-policias-fue-entregado-a-la-justicia-2\\\/#primaryimage\",\"url\":\"https:\\\/\\\/www.eldiariodetucuman.com\\\/web\\\/wp-content\\\/uploads\\\/2018\\\/02\\\/b4a3e3446c5af3d25db3be0a10280e19.jpeg\",\"contentUrl\":\"https:\\\/\\\/www.eldiariodetucuman.com\\\/web\\\/wp-content\\\/uploads\\\/2018\\\/02\\\/b4a3e3446c5af3d25db3be0a10280e19.jpeg\",\"width\":300,\"height\":166},{\"@type\":\"BreadcrumbList\",\"@id\":\"https:\\\/\\\/www.eldiariodetucuman.com\\\/web\\\/el-sospechoso-del-doble-crimen-de-los-policias-fue-entregado-a-la-justicia-2\\\/#breadcrumb\",\"itemListElement\":[{\"@type\":\"ListItem\",\"position\":1,\"name\":\"Portada\",\"item\":\"https:\\\/\\\/www.eldiariodetucuman.com\\\/web\\\/\"},{\"@type\":\"ListItem\",\"position\":2,\"name\":\"El sospechoso del doble crimen de los polic\u00edas fue entregado a la Justicia\"}]},{\"@type\":\"WebSite\",\"@id\":\"https:\\\/\\\/www.eldiariodetucuman.com\\\/web\\\/#website\",\"url\":\"https:\\\/\\\/www.eldiariodetucuman.com\\\/web\\\/\",\"name\":\"El Diario de Tucuman\",\"description\":\"Diario Tucuman - Informaci\u00f3n y noticias\",\"publisher\":{\"@id\":\"https:\\\/\\\/www.eldiariodetucuman.com\\\/web\\\/#organization\"},\"potentialAction\":[{\"@type\":\"SearchAction\",\"target\":{\"@type\":\"EntryPoint\",\"urlTemplate\":\"https:\\\/\\\/www.eldiariodetucuman.com\\\/web\\\/?s={search_term_string}\"},\"query-input\":{\"@type\":\"PropertyValueSpecification\",\"valueRequired\":true,\"valueName\":\"search_term_string\"}}],\"inLanguage\":\"es\"},{\"@type\":\"Organization\",\"@id\":\"https:\\\/\\\/www.eldiariodetucuman.com\\\/web\\\/#organization\",\"name\":\"El Diario de Tucuman\",\"url\":\"https:\\\/\\\/www.eldiariodetucuman.com\\\/web\\\/\",\"logo\":{\"@type\":\"ImageObject\",\"inLanguage\":\"es\",\"@id\":\"https:\\\/\\\/www.eldiariodetucuman.com\\\/web\\\/#\\\/schema\\\/logo\\\/image\\\/\",\"url\":\"http:\\\/\\\/www.eldiariodetucuman.com\\\/web\\\/wp-content\\\/uploads\\\/2017\\\/12\\\/el-diario-de-tucuman.jpg\",\"contentUrl\":\"http:\\\/\\\/www.eldiariodetucuman.com\\\/web\\\/wp-content\\\/uploads\\\/2017\\\/12\\\/el-diario-de-tucuman.jpg\",\"width\":272,\"height\":92,\"caption\":\"El Diario de Tucuman\"},\"image\":{\"@id\":\"https:\\\/\\\/www.eldiariodetucuman.com\\\/web\\\/#\\\/schema\\\/logo\\\/image\\\/\"}},{\"@type\":\"Person\",\"@id\":\"https:\\\/\\\/www.eldiariodetucuman.com\\\/web\\\/#\\\/schema\\\/person\\\/9250197d75ab5483412e19678b121caa\",\"name\":\"admin\",\"image\":{\"@type\":\"ImageObject\",\"inLanguage\":\"es\",\"@id\":\"https:\\\/\\\/secure.gravatar.com\\\/avatar\\\/c44d117c2be811212c22cb481f6b8384b6873de103fbc49e7a03cc58d7dea4ac?s=96&d=mm&r=g\",\"url\":\"https:\\\/\\\/secure.gravatar.com\\\/avatar\\\/c44d117c2be811212c22cb481f6b8384b6873de103fbc49e7a03cc58d7dea4ac?s=96&d=mm&r=g\",\"contentUrl\":\"https:\\\/\\\/secure.gravatar.com\\\/avatar\\\/c44d117c2be811212c22cb481f6b8384b6873de103fbc49e7a03cc58d7dea4ac?s=96&d=mm&r=g\",\"caption\":\"admin\"},\"url\":\"https:\\\/\\\/www.eldiariodetucuman.com\\\/web\\\/author\\\/admin\\\/\"}]}<\/script>\n<!-- \/ Yoast SEO plugin. -->","yoast_head_json":{"title":"El sospechoso del doble crimen de los polic\u00edas fue entregado a la Justicia - El Diario de Tucuman","robots":{"index":"index","follow":"follow","max-snippet":"max-snippet:-1","max-image-preview":"max-image-preview:large","max-video-preview":"max-video-preview:-1"},"canonical":"https:\/\/www.eldiariodetucuman.com\/web\/el-sospechoso-del-doble-crimen-de-los-policias-fue-entregado-a-la-justicia-2\/","og_locale":"es_ES","og_type":"article","og_title":"El sospechoso del doble crimen de los polic\u00edas fue entregado a la Justicia - El Diario de Tucuman","og_description":"El vicegobernador, Osvaldo Jaldo, inform\u00f3 oficialmente la detenci\u00f3n del principal sospechoso acusado del doble crimen de los polic\u00edas, Sergio P\u00e1ez Gonz\u00e1lez y Cristian Peralta, que fue interceptado esta madrugada cuando se desplazaba en un autom\u00f3vil por la localidad de El Manantial. El Vicegobernador dio una conferencia de prensa en Casa de Gobierno y estuvo acompa\u00f1ado [&hellip;]","og_url":"https:\/\/www.eldiariodetucuman.com\/web\/el-sospechoso-del-doble-crimen-de-los-policias-fue-entregado-a-la-justicia-2\/","og_site_name":"El Diario de Tucuman","article_published_time":"2018-02-23T03:07:56+00:00","article_modified_time":"2018-02-23T03:07:57+00:00","og_image":[{"width":300,"height":166,"url":"https:\/\/www.eldiariodetucuman.com\/web\/wp-content\/uploads\/2018\/02\/b4a3e3446c5af3d25db3be0a10280e19.jpeg","type":"image\/jpeg"}],"author":"admin","twitter_card":"summary_large_image","twitter_misc":{"Escrito por":"admin","Tiempo de lectura":"3 minutos"},"schema":{"@context":"https:\/\/schema.org","@graph":[{"@type":"Article","@id":"https:\/\/www.eldiariodetucuman.com\/web\/el-sospechoso-del-doble-crimen-de-los-policias-fue-entregado-a-la-justicia-2\/#article","isPartOf":{"@id":"https:\/\/www.eldiariodetucuman.com\/web\/el-sospechoso-del-doble-crimen-de-los-policias-fue-entregado-a-la-justicia-2\/"},"author":{"name":"admin","@id":"https:\/\/www.eldiariodetucuman.com\/web\/#\/schema\/person\/9250197d75ab5483412e19678b121caa"},"headline":"El sospechoso del doble crimen de los polic\u00edas fue entregado a la Justicia","datePublished":"2018-02-23T03:07:56+00:00","dateModified":"2018-02-23T03:07:57+00:00","mainEntityOfPage":{"@id":"https:\/\/www.eldiariodetucuman.com\/web\/el-sospechoso-del-doble-crimen-de-los-policias-fue-entregado-a-la-justicia-2\/"},"wordCount":676,"commentCount":0,"publisher":{"@id":"https:\/\/www.eldiariodetucuman.com\/web\/#organization"},"image":{"@id":"https:\/\/www.eldiariodetucuman.com\/web\/el-sospechoso-del-doble-crimen-de-los-policias-fue-entregado-a-la-justicia-2\/#primaryimage"},"thumbnailUrl":"https:\/\/www.eldiariodetucuman.com\/web\/wp-content\/uploads\/2018\/02\/b4a3e3446c5af3d25db3be0a10280e19.jpeg","articleSection":["Politica"],"inLanguage":"es","potentialAction":[{"@type":"CommentAction","name":"Comment","target":["https:\/\/www.eldiariodetucuman.com\/web\/el-sospechoso-del-doble-crimen-de-los-policias-fue-entregado-a-la-justicia-2\/#respond"]}]},{"@type":"WebPage","@id":"https:\/\/www.eldiariodetucuman.com\/web\/el-sospechoso-del-doble-crimen-de-los-policias-fue-entregado-a-la-justicia-2\/","url":"https:\/\/www.eldiariodetucuman.com\/web\/el-sospechoso-del-doble-crimen-de-los-policias-fue-entregado-a-la-justicia-2\/","name":"El sospechoso del doble crimen de los polic\u00edas fue entregado a la Justicia - El Diario de Tucuman","isPartOf":{"@id":"https:\/\/www.eldiariodetucuman.com\/web\/#website"},"primaryImageOfPage":{"@id":"https:\/\/www.eldiariodetucuman.com\/web\/el-sospechoso-del-doble-crimen-de-los-policias-fue-entregado-a-la-justicia-2\/#primaryimage"},"image":{"@id":"https:\/\/www.eldiariodetucuman.com\/web\/el-sospechoso-del-doble-crimen-de-los-policias-fue-entregado-a-la-justicia-2\/#primaryimage"},"thumbnailUrl":"https:\/\/www.eldiariodetucuman.com\/web\/wp-content\/uploads\/2018\/02\/b4a3e3446c5af3d25db3be0a10280e19.jpeg","datePublished":"2018-02-23T03:07:56+00:00","dateModified":"2018-02-23T03:07:57+00:00","breadcrumb":{"@id":"https:\/\/www.eldiariodetucuman.com\/web\/el-sospechoso-del-doble-crimen-de-los-policias-fue-entregado-a-la-justicia-2\/#breadcrumb"},"inLanguage":"es","potentialAction":[{"@type":"ReadAction","target":["https:\/\/www.eldiariodetucuman.com\/web\/el-sospechoso-del-doble-crimen-de-los-policias-fue-entregado-a-la-justicia-2\/"]}]},{"@type":"ImageObject","inLanguage":"es","@id":"https:\/\/www.eldiariodetucuman.com\/web\/el-sospechoso-del-doble-crimen-de-los-policias-fue-entregado-a-la-justicia-2\/#primaryimage","url":"https:\/\/www.eldiariodetucuman.com\/web\/wp-content\/uploads\/2018\/02\/b4a3e3446c5af3d25db3be0a10280e19.jpeg","contentUrl":"https:\/\/www.eldiariodetucuman.com\/web\/wp-content\/uploads\/2018\/02\/b4a3e3446c5af3d25db3be0a10280e19.jpeg","width":300,"height":166},{"@type":"BreadcrumbList","@id":"https:\/\/www.eldiariodetucuman.com\/web\/el-sospechoso-del-doble-crimen-de-los-policias-fue-entregado-a-la-justicia-2\/#breadcrumb","itemListElement":[{"@type":"ListItem","position":1,"name":"Portada","item":"https:\/\/www.eldiariodetucuman.com\/web\/"},{"@type":"ListItem","position":2,"name":"El sospechoso del doble crimen de los polic\u00edas fue entregado a la Justicia"}]},{"@type":"WebSite","@id":"https:\/\/www.eldiariodetucuman.com\/web\/#website","url":"https:\/\/www.eldiariodetucuman.com\/web\/","name":"El Diario de Tucuman","description":"Diario Tucuman - Informaci\u00f3n y noticias","publisher":{"@id":"https:\/\/www.eldiariodetucuman.com\/web\/#organization"},"potentialAction":[{"@type":"SearchAction","target":{"@type":"EntryPoint","urlTemplate":"https:\/\/www.eldiariodetucuman.com\/web\/?s={search_term_string}"},"query-input":{"@type":"PropertyValueSpecification","valueRequired":true,"valueName":"search_term_string"}}],"inLanguage":"es"},{"@type":"Organization","@id":"https:\/\/www.eldiariodetucuman.com\/web\/#organization","name":"El Diario de Tucuman","url":"https:\/\/www.eldiariodetucuman.com\/web\/","logo":{"@type":"ImageObject","inLanguage":"es","@id":"https:\/\/www.eldiariodetucuman.com\/web\/#\/schema\/logo\/image\/","url":"http:\/\/www.eldiariodetucuman.com\/web\/wp-content\/uploads\/2017\/12\/el-diario-de-tucuman.jpg","contentUrl":"http:\/\/www.eldiariodetucuman.com\/web\/wp-content\/uploads\/2017\/12\/el-diario-de-tucuman.jpg","width":272,"height":92,"caption":"El Diario de Tucuman"},"image":{"@id":"https:\/\/www.eldiariodetucuman.com\/web\/#\/schema\/logo\/image\/"}},{"@type":"Person","@id":"https:\/\/www.eldiariodetucuman.com\/web\/#\/schema\/person\/9250197d75ab5483412e19678b121caa","name":"admin","image":{"@type":"ImageObject","inLanguage":"es","@id":"https:\/\/secure.gravatar.com\/avatar\/c44d117c2be811212c22cb481f6b8384b6873de103fbc49e7a03cc58d7dea4ac?s=96&d=mm&r=g","url":"https:\/\/secure.gravatar.com\/avatar\/c44d117c2be811212c22cb481f6b8384b6873de103fbc49e7a03cc58d7dea4ac?s=96&d=mm&r=g","contentUrl":"https:\/\/secure.gravatar.com\/avatar\/c44d117c2be811212c22cb481f6b8384b6873de103fbc49e7a03cc58d7dea4ac?s=96&d=mm&r=g","caption":"admin"},"url":"https:\/\/www.eldiariodetucuman.com\/web\/author\/admin\/"}]}},"_links":{"self":[{"href":"https:\/\/www.eldiariodetucuman.com\/web\/wp-json\/wp\/v2\/posts\/5740","targetHints":{"allow":["GET"]}}],"collection":[{"href":"https:\/\/www.eldiariodetucuman.com\/web\/wp-json\/wp\/v2\/posts"}],"about":[{"href":"https:\/\/www.eldiariodetucuman.com\/web\/wp-json\/wp\/v2\/types\/post"}],"author":[{"embeddable":true,"href":"https:\/\/www.eldiariodetucuman.com\/web\/wp-json\/wp\/v2\/users\/1"}],"replies":[{"embeddable":true,"href":"https:\/\/www.eldiariodetucuman.com\/web\/wp-json\/wp\/v2\/comments?post=5740"}],"version-history":[{"count":1,"href":"https:\/\/www.eldiariodetucuman.com\/web\/wp-json\/wp\/v2\/posts\/5740\/revisions"}],"predecessor-version":[{"id":5742,"href":"https:\/\/www.eldiariodetucuman.com\/web\/wp-json\/wp\/v2\/posts\/5740\/revisions\/5742"}],"wp:featuredmedia":[{"embeddable":true,"href":"https:\/\/www.eldiariodetucuman.com\/web\/wp-json\/wp\/v2\/media\/5741"}],"wp:attachment":[{"href":"https:\/\/www.eldiariodetucuman.com\/web\/wp-json\/wp\/v2\/media?parent=5740"}],"wp:term":[{"taxonomy":"category","embeddable":true,"href":"https:\/\/www.eldiariodetucuman.com\/web\/wp-json\/wp\/v2\/categories?post=5740"},{"taxonomy":"post_tag","embeddable":true,"href":"https:\/\/www.eldiariodetucuman.com\/web\/wp-json\/wp\/v2\/tags?post=5740"}],"curies":[{"name":"wp","href":"https:\/\/api.w.org\/{rel}","templated":true}]}}