{"id":5737,"date":"2018-02-22T12:59:13","date_gmt":"2018-02-22T15:59:13","guid":{"rendered":"http:\/\/www.eldiariodetucuman.com\/web\/arma-tu-agenda-toda-la-oferta-en-cines-y-entretenimientos-para-hoy\/"},"modified":"2018-02-22T12:59:15","modified_gmt":"2018-02-22T15:59:15","slug":"arma-tu-agenda-toda-la-oferta-en-cines-y-entretenimientos-para-hoy","status":"publish","type":"post","link":"https:\/\/www.eldiariodetucuman.com\/web\/arma-tu-agenda-toda-la-oferta-en-cines-y-entretenimientos-para-hoy\/","title":{"rendered":"Arm\u00e1 tu agenda: toda la oferta en cines y entretenimientos para hoy"},"content":{"rendered":"<div>\n<div readability=\"371\">\n<p><b>CINES<\/b><\/p>\n<p><b>ATLAS <\/b><\/p>\n<p>SALAS 100% DIGITALES 2D y 3D                                     <\/p>\n<p>COCO\t                                <\/p>\n<p>     SALA 1: HS. 17 (3D CAST ATP)<\/p>\n<p>     SALA 1: HS. 19.30 (2D CAST ATP)<\/p>\n<p>PANTERA NEGRA\t                                <\/p>\n<p>     SALA 2: HS. 17.10 (3D SUBT M13)<\/p>\n<p>     SALA 2: HS. 19.40 (2D SUBT M13)<\/p>\n<p>     SALA 1: HS. 22.10 (3D SUBT M13)<\/p>\n<p>50 SOMBRAS LIBERADAS                          <\/p>\n<p>     SALA 2: HS. 20 (3D SUBT M16)<\/p>\n<p>     SALA 2: HS. 22.20 (2D SUBT M16)<\/p>\n<p>EL CAVERNICOLA\t                                <\/p>\n<p>     SALA 3: HS. 17.30 (2D CAST ATP)<\/p>\n<p>EL ROBO PERFECTO<\/p>\n<p>     SALA 3: HS. 22.30  (2D SUBT M13)<\/p>\n<p>ENT. 2D: $120\/3D: $130-PROMO 2D: 2x$220\/ 3D: 2x$240. ESTUD. UNIV. Y JUBILADOS, TODOS LOS D\u00cdAS 2D $70\/ 3D $75. PROMO VIE. Y TRASN.: 2D: 2X$180\/ 3D: 2X$195. PROMO MI\u00c9. 2D: $70\/3D: $75.   CLUB LA GACETA 2&#215;1 EN 2D JUE. A MA. Y EN 3D MA. Y VIE.       MONTEAGUDO 250 &#8211; Tel. 4337702- WWW.CINEATLASWEB.COM.AR<\/p>\n<p><b>ATLAS | TERMINAL<\/b><\/p>\n<p>    SALAS 100% DIGITALES 2D y 3D                                                    <\/p>\n<p>LA FORMA DEL AGUA<\/p>\n<p>     SALA 1: HS. 18.40 (2D CAST M13)<\/p>\n<p>     SALA 2: HS. 22 (2D SUBT M13)<\/p>\n<p>COCO\t                                <\/p>\n<p>     SALA 1: HS. 16 (3D CAST ATP)<\/p>\n<p>SALA 2: hs. 19:20<\/p>\n<p>PANTERA NEGRA                               <\/p>\n<p>     SALA 2: HS. 16.30 (3D CAST M13)<\/p>\n<p>     SALA 1: HS. 21.20 (3D CAST M13)<\/p>\n<p>     SALA 2: HS. 21.20 (3D CAST M13)<\/p>\n<p>ENT. 2D: $120\/3D: $130-PROMO 2D: 2x$220\/ 3D: 2x$240. ESTUD. UNIV. Y JUBILADOS, TODOS LOS D\u00cdAS 2D $70\/ 3D $75. PROMO VIE. Y TRASN.: 2D: 2X$180\/ 3D: 2X$195. PROMO MI\u00c9. 2D: $70\/3D: $75.   CLUB LA GACETA 2&#215;1 EN 2D JUE. A MA. Y EN 3D MA. Y VIE.                                                        Av. Br\u00edgido Ter\u00e1n 250  Terminal de \u00d3mnibus                      Tel. 4840007  www.cineatlasweb.com.ar<\/p>\n<p><b>ATLAS | TERMAS<\/b><\/p>\n<p>   SALA 100% DIGITALES 2D y 3d<\/p>\n<p>FUNCIONES DE JUEVES A DOMINGOS   <\/p>\n<p>EL CAVERN\u00cdCOLA<\/p>\n<p>     HS. 18 (2D CAST-ATP)<\/p>\n<p>PANTERA NEGRA                               <\/p>\n<p>     HS. 20.10 (3D CAST M13)<\/p>\n<p>     HS. 23 (3D CAST M13)                           <\/p>\n<p>ENT 2D: $120\/3D: $130-PROMO 2D: 2x$220\/ 3D: 2x$240. ESTUD. UNIV. Y JUBILADOS, TODOS LOS D\u00cdAS 2D $70\/ 3D $75. PROMO VIE. Y TRASN.: 2D: 2X$180\/ 3D: 2X$195. PROMO MI\u00c9. 2D: $70\/3D: $75.  CLUB LA GACETA 2&#215;1 EN 2D Y EN 3D TODOS LOS D\u00cdAS.  Bol\u00edvar 15 &#8211; Termas de R\u00edo Hondo<\/p>\n<p><b>CINEMACENTER                                        <\/b><\/p>\n<p>SALAS 100% DIGITALES<\/p>\n<p>el p\u00e1jaro loco<\/p>\n<p>     SALA 1: HS. 17.50 (2D CAST atp)<\/p>\n<p>LA FORMA DEL AGUA\t                                <\/p>\n<p>     SALA 1: HS. 19.40-22.20 (3D CAST M13) c\/dni<\/p>\n<p>PANTERA NEGRA<\/p>\n<p>     SALA 2: HS. 16.20  (2D CAST M13) c\/dni<\/p>\n<p>EL ROBO PERFECTO<\/p>\n<p>     SALA 2: HS. 19.10-22.05 (2D CAST M16) C\/DNI<\/p>\n<p>COCO                                <\/p>\n<p>     SALA 3: HS. 18.10 (2D CAST atp)<\/p>\n<p>LA CRUCIFIXCI\u00d3N                            <\/p>\n<p>     SALA 3: HS. 23.15 (2D CAST M16) C\/DNI<\/p>\n<p>PANTERA NEGRA<\/p>\n<p>     SALA 3: HS. 20.25  (2D CAST M13) c\/dni<\/p>\n<p>EL CAVERN\u00cdCOLA<\/p>\n<p>     SALA 4: HS. 16.35-18.40  (2D CAST ATP)<\/p>\n<p>COCO<\/p>\n<p>     SALA 4: HS. 20.45  (2D CAST ATP) c\/dni<\/p>\n<p>50 SOMBRAS LIBERADAS<\/p>\n<p>     SALA 4: HS. 23  (2D CAST M16) c\/dni<\/p>\n<p>PANTERA NEGRA<\/p>\n<p>     SALA 5: HS. 17.10  (2D CAST M13) c\/dni<\/p>\n<p>COCO<\/p>\n<p>     SALA 5: HS. 20  (2D CAST atp)<\/p>\n<p>PANTERA NEGRA<\/p>\n<p>     SALA 5: HS. 17.10  (3D CAST M13) c\/dni<\/p>\n<p>COCO<\/p>\n<p>     SALA 5: HS. 22.40  (2D CAST M13) c\/dni<\/p>\n<p>ENTR.GRAL 2D.$145. JUB. Y DOC. JUEV. $90. ESTUD.: VIE. $90. ENTRE. GRAL. 3D: $160. JUB Y DOC. JUEV. $100. ESTUD.: VIE. $100. AV. ROCA 3.4500 HIPER LIBERTAD- TEL: 4361405. apertura todos los dias hs. 16 dom. a las 15. <\/p>\n<p><b>CINES DEL SOLAR <\/b><\/p>\n<p>SALAS 100% DIGITALES<\/p>\n<p>PANTERA NEGRA <\/p>\n<p>     SALA 1: HS. 16-19 (2D CAST M13)<\/p>\n<p>PANTERA NEGRA\t                                <\/p>\n<p>     SALA 5: HS. 15.15 (3D CAST M13)<\/p>\n<p>COCO <\/p>\n<p>     SALA 3: HS. 15.40-18-20.15  (2D CAST ATP)<\/p>\n<p>EL CAVERN\u00cdCOLA <\/p>\n<p>     SALA 5: HS. 15.30-17.30 (2D CAST ATP)<\/p>\n<p>LAS HORAS M\u00c1S OSCURAS\t                                <\/p>\n<p>     SALA 5: HS. 19.45 (2D CAST M13) <\/p>\n<p>ENTRada GeneRAL 3D: $120. JUEVes, SABados, DOMingos Y FERIADOS: ENTRada $150. VIErnes: $75. ENTRada GeneRAL 2D: $110. JUEVes, S\u00c1Bados, DOMingos Y FERIADOS: $130. M12 . JUBILADOS Y ESTUDIANTes C\/LIBRETA: $110. VIErnes: $75.       CLUB LA GACETA  2&#215;1 EN 2D TODOS LOS D\u00cdAS EXCEPTO VIErnes. CLUB LA GACETA 2&#215;1 EN 3D DE LUnes A MI\u00c9rcoles PROMOS 2&#215;1 S\/PRECIO ENTRada GeneRAL: CENCOSUD, NEVADA, PERSONAL Y BANCO SANTANDER.                                                                TEL.: 4361405 &#8211; AV. ROCA 3.450 &#8211; HIPER LIBERTAD                                    <\/p>\n<p><b>SUNSTAR           <\/b><\/p>\n<p>    SALAS 100% DIGITALES<\/p>\n<p>OL\u00c9: EL VIAJE DE FERDINAND   \t                                <\/p>\n<p>     SALA 1: HS. 15.50 (2D CAST ATP)<\/p>\n<p>THE POST                                                                         <\/p>\n<p>SALA 1: HS. 17.40  (2D SUBT ATP)<\/p>\n<p>LAS HORAS M\u00c1S OSCURAS                              <\/p>\n<p>     SALA 1: HS. 19.50 (2D SUBT ATP)<\/p>\n<p>TREN A PAR\u00cdS\t                                <\/p>\n<p>SALA 1: HS. 22.20 (2D SUBT m13)<\/p>\n<p>EL CAVERNICOLA                        <\/p>\n<p>     SALA 2: HS. 14-15.50.17.40  (2D SUBT M16)<\/p>\n<p>EL ROBO PERFECTO                             <\/p>\n<p>     SALA 2: Hs. 19.30-22-0.30 (2D SUBT ATP)<\/p>\n<p>PANTERA NEGRA \t                                <\/p>\n<p>     SALA 3: HS. 13.50-16.30-19 (3D SUBT M13)<\/p>\n<p>PANTERA NEGRA \t                                <\/p>\n<p>     SALA 3: HS. 21.30-00 (3D SUBT M13)<\/p>\n<p>PANTERA NEGRA<\/p>\n<p>SALA 4: HS. 14-18.50-21.40-0.20 (2D CAST m13)<\/p>\n<p>COCO\t                                <\/p>\n<p>     SALA 4: HS. 16.40  (2D CAST ATP)<\/p>\n<p>COCO\t                                <\/p>\n<p>     SALA 5: HS.13.50-17.50  (2D CAST ATP)<\/p>\n<p>COCO\t                                <\/p>\n<p>     SALA 5: HS.15.50   (3D CAST ATP)<\/p>\n<p>LA FORMA DEL AGUA\t                                <\/p>\n<p>     SALA 4: HS. 19.50-22.10-0.30 (2D SUBT M13)<\/p>\n<p>EL P\u00c1JARO LOCO<\/p>\n<p>SALA 6: HS. 16.20 (2D CAST ATP)<\/p>\n<p>50 SOMBRAS LIBERADAS                      <\/p>\n<p>     SALA 6: HS. 14.20-18.10-20.20-22.20-0.20               (2D  SUBT M13) <\/p>\n<p>PROMO LU. A MI\u00c9. 2D: $120 y 3D: $140. Trasn.: viE., s\u00e1b. y v\u00edspera de feriados. PROMO VIE.:  2&#215;1 en 2D y 3D. Ent. 2D $ 150. Men. y jubil. 2D $ 120. (menores hasta 12 a\u00f1os).  Ent. 3D  $ 170. Menores 3D $ 140 (hasta 12 a\u00f1os). CLUB LA GACETA 2&#215;1 2D todos los d\u00edas. CLUB LA GACETA 2&#215;1 3D los mi\u00e9. CLUB CLARO 2&#215;1 2D todos los d\u00edas. Program. sujeta a modif. sin previo aviso.                                                Universo y Cariola &#8211; Tel. 4357463- Shopping Portal Tucum\u00e1n.<\/p>\n<p><b>ESPACIO INCAA <\/b><\/p>\n<p>aV. alem 418, taf\u00ed viejo <\/p>\n<p>COCO  \t                                <\/p>\n<p>     HS. 17.30 (2D CAST ATP)<\/p>\n<p>LAS AVENTURAS DEL CAP. CALZONCILLOS                                                                          <\/p>\n<p>HS. 20 (2D CAST ATP)<\/p>\n<p>SINFON\u00cdA PARA ANA                         <\/p>\n<p>     HS. 22 (2D SUBT M13) <\/p>\n<p>ENtrada general: $30. &#8211; Tel. 3816399995<\/p>\n<p><b>ARTE &#038; MUSEOS <\/b><\/p>\n<p>                                                                                                         BAS\u00cdLICA DE LA MERCED                                                     24 de Septiembre y Virgen de la Merced                                        A las 12 y 16.30 todos los d\u00edas, cortometraje \u201cVirgen de  Merced y Batalla de Tucum\u00e1n\u201d.<\/p>\n<p>CASA BELGRANIANA                                                    Bernab\u00e9 Ar\u00e1oz y Bol\u00edvar &#8211; Tel. 4207909                       Visitas guiadas: lunes a viernes de 9 a 17. S\u00e1bados y domingos cerrado. Entrada libre y gratuita.                             <\/p>\n<p>CASA HIST\u00d3RICA                                                      Congreso 141 &#8211; Tel. 4310826                                     A las 19.30, 20.15 y 21. Espect\u00e1culo de Luz y Sonido (las entradas se retiran desde las 10, 2 por pers.). Visitas asguiadas de lunes a s\u00e1bado. Entrada libre y gratuita. <\/p>\n<p>EL TALLER | GALER\u00cdA DE ARTE                                         Santa Fe 240 &#8211; Tel.  4301250                       Beethoven 1.860 (Alt. Moreno 1100), Yerba Buena                                                  Santa Fe 240: de lunes a viernes de 9 a 12.30 y de 14.30 a 18. En Yerba Buena: lunes de 17 a 20.30 y martes a viernes de 9 a 13.                                                                                               <\/p>\n<p>ESPACIO PARA LA MEMORIA Y PROMOCI\u00d3N DE LOS DDHH \u201cESCUELITA DE FAMAILL\u00c1\u201d                                                                      Matienzo y Mitre, Famaill\u00e1 &#8211; Tel.: 154671801                                                        Muestra \u201cAna Frank, una historia vigente\u201d. Poes\u00eda de la memoria. De lunes a viernes de 15 a 19. JARD\u00cdN BOT\u00c1NICO                                                              <\/p>\n<p>     Miguel Lillo 251 &#8211; Tel. 4231860<\/p>\n<p>Lunes a viernes de 8 a 18. Entrada libre y gratuita. <\/p>\n<p>LA CRIOLLA REST\u00d3 ARTE                                             Laprida 181                                                                      Muestra \u201c De la mano de CL\u201d, de Dora Werchow. De 12 a 15.30 y de 20.30 a 0.30.<\/p>\n<p>LOLA MORA CULTURAL<\/p>\n<p>Lola Mora 54, Yerba Buena- Tel.: 156604000  <\/p>\n<p>Muestra de Florencia Ortiz Mayor, Daniel Ruiz Holgado y Silvia Castro M\u00e9ndez. Exposici\u00f3n y venta de obras de arte. Lunes a s\u00e1bados de 18 a 21. Entrada libre y gratuita.<\/p>\n<p>                                                                                MUNT                                                                   San Mart\u00edn 1.545  &#8211; Tel.:  4527550                                                            Muestra permanente Ter\u00e1n x Ter\u00e1n. Lunes a viernes de 9 a 13 y de 17 a 20. S\u00e1bados y domingos de 17 a 21. <\/p>\n<p>MUSEO A CIELO ABIERTO LOS MENHIRES                                           Ruta 307 &#8211; El Mollar                                                         Contiene menhires, antigua manifestaci\u00f3n cultural de los valles. Abierto de martes a domingos de 9 a 19. Feriados de 9 a 12. Lunes cerrado. Entrada libre y gratuita.<\/p>\n<p>MUSEO-ARCHIVO ELMINA PAZ DE GALLOAv. Sarmiento 253, Colegio Santa Catalina <\/p>\n<p>Or\u00edgenes de las Hnas. Dominicas y de sus fundadores, Elmina Paz de Gallo y Fray \u00c1ngel Boisdr\u00f3n.                                                             Lunes a viernes de 9 a 12, y de 14 a 18.<\/p>\n<p>MUSEO CASA PADILLA<\/p>\n<p>25 de Mayo 36<\/p>\n<p>Muebles y porcelanas orientales. Pinacoteca. Colecci\u00f3n Padilla de arte decorativo. Martes a viernes de 9 a 12.30 y de 15.30 a 19.30; s\u00e1bados y domingos de 15.30 a 19.30. Feriados de 16.30 a 19.30. A las 20, se realizar\u00e1 \u201cTucucuentos solidarios\u201d. <\/p>\n<p>MUSEO de ARTE SACRO<\/p>\n<p>Congreso 53 <\/p>\n<p>Lunes a viernes de 10 a 20. Entrada: $10. Menores de 12 a\u00f1os gratis. Jubilados: lunes gratis. lunes: 10.30 a <\/p>\n<p>MUSEO de CIENCIAS NATURALES                                              Miguel Lillo 251  &#8211; Tel.: 4234127                                                                                Lunes de 10.30 a 12.30, martes a viernes de 8.30 a 12.30 y de 14.30 a 18.30, s\u00e1bado y domingo de16 a 20.                                                    <\/p>\n<p>MUSEO DE LA INDUSTRIA AZUCARERA \u201cCASA OBISPO COLOMBRES\u201d (MIA)                                 Parque 9 de Julio &#8211; Tel. 4516500                              Historia de la industria azucarera. De martes a viernes de 9 a 12.30. S\u00e1bados, domingos y feriados de 10 a 13.30 y de 14.30 a 18. Entrada libre y gratuita.<\/p>\n<p>MUSEO DEL EJ\u00c9RCITO ARGENTINO<\/p>\n<p>25 de Mayo 1.029 &#8211; Tel.: 156781473<\/p>\n<p>Muestra de \u00f3leos de Marcelo P\u00e9rez El\u00edas. De lunes a viernes de 8.30 a 12.30<\/p>\n<p>MUSEO FERROVIARIO DE TAF\u00cd VIEJO<\/p>\n<p>Av. S\u00e1enz Pe\u00f1a 200, Taf\u00ed Viejo &#8211; Tel.: 156014648<\/p>\n<p>Patrimonio ferroviario. Sirena a vapor, r\u00e9plica de la del Titanic. Mi\u00e9rcoles, viernes y s\u00e1bados de 16 a 20; s\u00e1bados de 10 a 13. Entrada libre y gratuita.<\/p>\n<p>MUSEO FOLKL\u00d3RICO GRAL. MANUEL BELGRANO               24 de Septiembre 565 &#8211; Tel. 4218250                          <\/p>\n<p>En el marco del verano con cultura se realizar\u00e1 el recital de Jazz de Pancho Trejo Trio, a las 21. Repertorio de standards cl\u00e1sicos de jazz, como Satin Dol y Sr. Thomas, folclore y otros, incluyendo tambi\u00e9n temas propios, <\/p>\n<p>Patrimonio e indumentaria de artistas del folclore.           De martes a viernes de 9 a 12.30 y de 15.30 a 19.30; s\u00e1bados y domingos de 15.30 a 19.30.                     Feriados de 16.30 a 19.30. Lunes cerrado.                           Entrada libre y gratuitaMUSEO HIST\u00d3RICO MIGUEL LILLO Y SU TIEMPO<\/p>\n<p>Miguel Lillo 251 &#8211; Tel. 4234127<\/p>\n<p>Lunes a viernes de 9 a 12.30.<\/p>\n<p>MUSEO HIST\u00d3RICO SAN FRANCISCO<\/p>\n<p>25 de Mayo 110, Templo San Francisco<\/p>\n<p>Colecci\u00f3n de \u00f3leos, 1\u00b0 bandera argentina en Tucum\u00e1n y mobiliario utilizado en el Congreso de 1816. Lunes a viernes de 9.30 a 12, s\u00e1bados de 16.30 a 20. Entrada libre y gratuita.<\/p>\n<p>MUSEO IRAMAIN<\/p>\n<p>Entre R\u00edos 27 &#8211; Tel. 4211874<\/p>\n<p>Muestra permanente de Juan Carlos Iramain.            De jueves a lunes de 9 a 14, martes y mi\u00e9rcoles cerrado.                                                                Todos los jueves hasta marzo: talleres de pintura de  19 a 22. Entrada libre y gratuita.<\/p>\n<p>MUSEO HIST\u00d3RICO NICOL\u00c1S AVELLANEDA<\/p>\n<p>Congreso 56 &#8211; Tel.: 4311309<\/p>\n<p>Patrimonio del per\u00edodo colonial hasta el siglo XIX. Muestra numism\u00e1tica. Carbonillas de Lola Mora. Martes a viernes de 9 a 12.30 y de 15.30 a 19.30; s\u00e1bados y domingos de 15.30 a 19.30.                           Feriados de 16.30 a 19.30.                                               Lunes cerrado. Entrada libre y gratuita.<\/p>\n<p>MUSEO MIGUEL VILATTA<\/p>\n<p>San Mart\u00edn 150 &#8211; Colombres (Cruz Alta) <\/p>\n<p>Objetos de inmigrantes llegados al pa\u00eds desde el siglo XIX. Lunes a viernes de 9 a 12.30 y de 14 a 17. Entrada libre.<\/p>\n<p>MUSEO SANMARTINIANO LA RAMADA DE ABAJO<\/p>\n<p>Ruta Provincial 317<\/p>\n<p>Material audiovisual, biblioteca, sala militar, sala de iconograf\u00eda sanmartiniana. Im\u00e1genes del Tucum\u00e1n de 1814. Martes a viernes de 9 a 19, s\u00e1bados y domingos de 10 a 13.<\/p>\n<p>MUSEO TIMOTEO NAVARRO<\/p>\n<p>9 de Julio 44 &#8211; Tel. 4227300<\/p>\n<p>45\u00b0 Sal\u00f3n de Tucum\u00e1n para el \u00e1mbito nacional de las Artes Visuales. Martes a viernes de 9 a 12.30 y de 15.30 a 19.30; s\u00e1bados de 10 a 13 y de 15.30 a 19.30. Domingos de 15.30 a 19.30. Feriados de 16.30 a 19.30. Lunes cerrado.<\/p>\n<p>RUINAS DE SAN JOS\u00c9 DE LULES                                                       Ruta Provincial 301, kil\u00f3metro 23                                                             Muestra \u201cLa obra jesu\u00edtica en la Real Audiencia de Charcas\u201d. De 8 a 18.<\/p>\n<p>Sala orestes caviglia                                                   San Mart\u00edn 251.                                                           Espact\u00e1culo de baiile contemporaneo \u201cJourney Home\u201d, a las 21.30. Sala Climatizada. <\/p>\n<p><b>ACTIVIDADES <\/b>\u00a0 \u00a0 \u00a0 \u00a0 \u00a0 \u00a0 \u00a0 \u00a0 \u00a0 \u00a0 \u00a0 \u00a0 \u00a0 \u00a0 \u00a0 \u00a0 \u00a0 \u00a0 \u00a0 \u00a0 \u00a0 \u00a0 \u00a0 \u00a0 \u00a0 \u00a0 \u00a0 \u00a0 \u00a0 \u00a0 \u00a0 \u00a0 \u00a0 \u00a0 \u00a0 \u00a0 \u00a0 \u00a0 \u00a0 \u00a0 \u00a0 \u00a0 \u00a0 \u00a0 \u00a0 \u00a0 \u00a0 \u00a0 \u00a0 \u00a0 \u00a0 \u00a0<\/p>\n<p>Plaza   padre ram\u00f3n villalobos                                                Italia al 4500                                                         En los barrios La Merced, Oeste I y Ampliaci\u00f3n Padilla, entre otros de la zona oeste de la capital. De 18 a 21.<\/p>\n<p>Tucucuentos solidarios <\/p>\n<p>                                                  En el cadillal                                                         El grupo llevar\u00e1 a la localidad de El Cadillal \u201cSusurradores en Acci\u00f3n\u201d, una actividad dirigida a chicos de 8 a 12 a\u00f1os, a las 18. Consiste en ense\u00f1ar a construir susurradores utilizando materiales de reciclaje y pinturas, y luego se narrar\u00e1n cuentos.<\/p>\n<p><b>M\u00fasica <\/b><\/p>\n<p>                                                                                                   Beckett\u2019s                                                       25 de mayo  783                                                   Show en vivo de Lysset. Presenta \u201cse enciende mi voz\u201d. Derecho de espect\u00e1culo $70. <\/p>\n<p><b>Bares <\/b><\/p>\n<p>                                                                                                 casa managua                                                     San Juan 1.015                                                   \tActuar\u00e1n Lisandro Ponce, Santiago Tuero y Lourdes Tuero a las 22 hs. Derecho de espect\u00e1culo $100.     En este espect\u00e1culo interpretar\u00e1n 16 canciones, en su mayor\u00eda pop y blues de diversos artistas del \u00e1mbito internacional. <\/p>\n<p>Magic music box                                                   Jos\u00e9 Colombres 427.                                                                                                Banda de Turistas, presenta su nuevo disco \u201cMancho\u201d, a las 23.30.<\/p>\n<\/p><\/div>\n<\/div>\n<p>Fuente: http:\/\/www.lagaceta.com.ar\/nota\/762073\/espectaculos\/arma-tu-agenda-toda-oferta-cines-entretenimientos-para-hoy.html<\/p>\n","protected":false},"excerpt":{"rendered":"<p>CINES ATLAS SALAS 100% DIGITALES 2D y 3D COCO SALA 1: HS. 17 (3D CAST ATP) SALA 1: HS. 19.30 (2D CAST ATP) PANTERA NEGRA SALA 2: HS. 17.10 (3D SUBT M13) SALA 2: HS. 19.40 (2D SUBT M13) SALA 1: HS. 22.10 (3D SUBT M13) 50 SOMBRAS LIBERADAS SALA 2: HS. 20 (3D SUBT [&hellip;]<\/p>\n","protected":false},"author":1,"featured_media":5738,"comment_status":"open","ping_status":"closed","sticky":false,"template":"","format":"standard","meta":{"footnotes":""},"categories":[152],"tags":[],"class_list":{"0":"post-5737","1":"post","2":"type-post","3":"status-publish","4":"format-standard","5":"has-post-thumbnail","7":"category-argentina"},"yoast_head":"<!-- This site is optimized with the Yoast SEO plugin v27.5 - https:\/\/yoast.com\/product\/yoast-seo-wordpress\/ -->\n<title>Arm\u00e1 tu agenda: toda la oferta en cines y entretenimientos para hoy - El Diario de Tucuman<\/title>\n<meta name=\"robots\" content=\"index, follow, max-snippet:-1, max-image-preview:large, max-video-preview:-1\" \/>\n<link rel=\"canonical\" href=\"https:\/\/www.eldiariodetucuman.com\/web\/arma-tu-agenda-toda-la-oferta-en-cines-y-entretenimientos-para-hoy\/\" \/>\n<meta property=\"og:locale\" content=\"es_ES\" \/>\n<meta property=\"og:type\" content=\"article\" \/>\n<meta property=\"og:title\" content=\"Arm\u00e1 tu agenda: toda la oferta en cines y entretenimientos para hoy - El Diario de Tucuman\" \/>\n<meta property=\"og:description\" content=\"CINES ATLAS SALAS 100% DIGITALES 2D y 3D COCO SALA 1: HS. 17 (3D CAST ATP) SALA 1: HS. 19.30 (2D CAST ATP) PANTERA NEGRA SALA 2: HS. 17.10 (3D SUBT M13) SALA 2: HS. 19.40 (2D SUBT M13) SALA 1: HS. 22.10 (3D SUBT M13) 50 SOMBRAS LIBERADAS SALA 2: HS. 20 (3D SUBT [&hellip;]\" \/>\n<meta property=\"og:url\" content=\"https:\/\/www.eldiariodetucuman.com\/web\/arma-tu-agenda-toda-la-oferta-en-cines-y-entretenimientos-para-hoy\/\" \/>\n<meta property=\"og:site_name\" content=\"El Diario de Tucuman\" \/>\n<meta property=\"article:published_time\" content=\"2018-02-22T15:59:13+00:00\" \/>\n<meta property=\"article:modified_time\" content=\"2018-02-22T15:59:15+00:00\" \/>\n<meta property=\"og:image\" content=\"https:\/\/www.eldiariodetucuman.com\/web\/wp-content\/uploads\/2018\/02\/a7e724be7843ba92765c10acdb02c8e0.jpeg\" \/>\n\t<meta property=\"og:image:width\" content=\"970\" \/>\n\t<meta property=\"og:image:height\" content=\"606\" \/>\n\t<meta property=\"og:image:type\" content=\"image\/jpeg\" \/>\n<meta name=\"author\" content=\"admin\" \/>\n<meta name=\"twitter:card\" content=\"summary_large_image\" \/>\n<meta name=\"twitter:label1\" content=\"Escrito por\" \/>\n\t<meta name=\"twitter:data1\" content=\"admin\" \/>\n\t<meta name=\"twitter:label2\" content=\"Tiempo de lectura\" \/>\n\t<meta name=\"twitter:data2\" content=\"9 minutos\" \/>\n<script type=\"application\/ld+json\" class=\"yoast-schema-graph\">{\"@context\":\"https:\\\/\\\/schema.org\",\"@graph\":[{\"@type\":\"Article\",\"@id\":\"https:\\\/\\\/www.eldiariodetucuman.com\\\/web\\\/arma-tu-agenda-toda-la-oferta-en-cines-y-entretenimientos-para-hoy\\\/#article\",\"isPartOf\":{\"@id\":\"https:\\\/\\\/www.eldiariodetucuman.com\\\/web\\\/arma-tu-agenda-toda-la-oferta-en-cines-y-entretenimientos-para-hoy\\\/\"},\"author\":{\"name\":\"admin\",\"@id\":\"https:\\\/\\\/www.eldiariodetucuman.com\\\/web\\\/#\\\/schema\\\/person\\\/9250197d75ab5483412e19678b121caa\"},\"headline\":\"Arm\u00e1 tu agenda: toda la oferta en cines y entretenimientos para hoy\",\"datePublished\":\"2018-02-22T15:59:13+00:00\",\"dateModified\":\"2018-02-22T15:59:15+00:00\",\"mainEntityOfPage\":{\"@id\":\"https:\\\/\\\/www.eldiariodetucuman.com\\\/web\\\/arma-tu-agenda-toda-la-oferta-en-cines-y-entretenimientos-para-hoy\\\/\"},\"wordCount\":1891,\"commentCount\":0,\"publisher\":{\"@id\":\"https:\\\/\\\/www.eldiariodetucuman.com\\\/web\\\/#organization\"},\"image\":{\"@id\":\"https:\\\/\\\/www.eldiariodetucuman.com\\\/web\\\/arma-tu-agenda-toda-la-oferta-en-cines-y-entretenimientos-para-hoy\\\/#primaryimage\"},\"thumbnailUrl\":\"https:\\\/\\\/www.eldiariodetucuman.com\\\/web\\\/wp-content\\\/uploads\\\/2018\\\/02\\\/a7e724be7843ba92765c10acdb02c8e0.jpeg\",\"articleSection\":[\"Argentina\"],\"inLanguage\":\"es\",\"potentialAction\":[{\"@type\":\"CommentAction\",\"name\":\"Comment\",\"target\":[\"https:\\\/\\\/www.eldiariodetucuman.com\\\/web\\\/arma-tu-agenda-toda-la-oferta-en-cines-y-entretenimientos-para-hoy\\\/#respond\"]}]},{\"@type\":\"WebPage\",\"@id\":\"https:\\\/\\\/www.eldiariodetucuman.com\\\/web\\\/arma-tu-agenda-toda-la-oferta-en-cines-y-entretenimientos-para-hoy\\\/\",\"url\":\"https:\\\/\\\/www.eldiariodetucuman.com\\\/web\\\/arma-tu-agenda-toda-la-oferta-en-cines-y-entretenimientos-para-hoy\\\/\",\"name\":\"Arm\u00e1 tu agenda: toda la oferta en cines y entretenimientos para hoy - El Diario de Tucuman\",\"isPartOf\":{\"@id\":\"https:\\\/\\\/www.eldiariodetucuman.com\\\/web\\\/#website\"},\"primaryImageOfPage\":{\"@id\":\"https:\\\/\\\/www.eldiariodetucuman.com\\\/web\\\/arma-tu-agenda-toda-la-oferta-en-cines-y-entretenimientos-para-hoy\\\/#primaryimage\"},\"image\":{\"@id\":\"https:\\\/\\\/www.eldiariodetucuman.com\\\/web\\\/arma-tu-agenda-toda-la-oferta-en-cines-y-entretenimientos-para-hoy\\\/#primaryimage\"},\"thumbnailUrl\":\"https:\\\/\\\/www.eldiariodetucuman.com\\\/web\\\/wp-content\\\/uploads\\\/2018\\\/02\\\/a7e724be7843ba92765c10acdb02c8e0.jpeg\",\"datePublished\":\"2018-02-22T15:59:13+00:00\",\"dateModified\":\"2018-02-22T15:59:15+00:00\",\"breadcrumb\":{\"@id\":\"https:\\\/\\\/www.eldiariodetucuman.com\\\/web\\\/arma-tu-agenda-toda-la-oferta-en-cines-y-entretenimientos-para-hoy\\\/#breadcrumb\"},\"inLanguage\":\"es\",\"potentialAction\":[{\"@type\":\"ReadAction\",\"target\":[\"https:\\\/\\\/www.eldiariodetucuman.com\\\/web\\\/arma-tu-agenda-toda-la-oferta-en-cines-y-entretenimientos-para-hoy\\\/\"]}]},{\"@type\":\"ImageObject\",\"inLanguage\":\"es\",\"@id\":\"https:\\\/\\\/www.eldiariodetucuman.com\\\/web\\\/arma-tu-agenda-toda-la-oferta-en-cines-y-entretenimientos-para-hoy\\\/#primaryimage\",\"url\":\"https:\\\/\\\/www.eldiariodetucuman.com\\\/web\\\/wp-content\\\/uploads\\\/2018\\\/02\\\/a7e724be7843ba92765c10acdb02c8e0.jpeg\",\"contentUrl\":\"https:\\\/\\\/www.eldiariodetucuman.com\\\/web\\\/wp-content\\\/uploads\\\/2018\\\/02\\\/a7e724be7843ba92765c10acdb02c8e0.jpeg\",\"width\":970,\"height\":606},{\"@type\":\"BreadcrumbList\",\"@id\":\"https:\\\/\\\/www.eldiariodetucuman.com\\\/web\\\/arma-tu-agenda-toda-la-oferta-en-cines-y-entretenimientos-para-hoy\\\/#breadcrumb\",\"itemListElement\":[{\"@type\":\"ListItem\",\"position\":1,\"name\":\"Portada\",\"item\":\"https:\\\/\\\/www.eldiariodetucuman.com\\\/web\\\/\"},{\"@type\":\"ListItem\",\"position\":2,\"name\":\"Arm\u00e1 tu agenda: toda la oferta en cines y entretenimientos para hoy\"}]},{\"@type\":\"WebSite\",\"@id\":\"https:\\\/\\\/www.eldiariodetucuman.com\\\/web\\\/#website\",\"url\":\"https:\\\/\\\/www.eldiariodetucuman.com\\\/web\\\/\",\"name\":\"El Diario de Tucuman\",\"description\":\"Diario Tucuman - Informaci\u00f3n y noticias\",\"publisher\":{\"@id\":\"https:\\\/\\\/www.eldiariodetucuman.com\\\/web\\\/#organization\"},\"potentialAction\":[{\"@type\":\"SearchAction\",\"target\":{\"@type\":\"EntryPoint\",\"urlTemplate\":\"https:\\\/\\\/www.eldiariodetucuman.com\\\/web\\\/?s={search_term_string}\"},\"query-input\":{\"@type\":\"PropertyValueSpecification\",\"valueRequired\":true,\"valueName\":\"search_term_string\"}}],\"inLanguage\":\"es\"},{\"@type\":\"Organization\",\"@id\":\"https:\\\/\\\/www.eldiariodetucuman.com\\\/web\\\/#organization\",\"name\":\"El Diario de Tucuman\",\"url\":\"https:\\\/\\\/www.eldiariodetucuman.com\\\/web\\\/\",\"logo\":{\"@type\":\"ImageObject\",\"inLanguage\":\"es\",\"@id\":\"https:\\\/\\\/www.eldiariodetucuman.com\\\/web\\\/#\\\/schema\\\/logo\\\/image\\\/\",\"url\":\"http:\\\/\\\/www.eldiariodetucuman.com\\\/web\\\/wp-content\\\/uploads\\\/2017\\\/12\\\/el-diario-de-tucuman.jpg\",\"contentUrl\":\"http:\\\/\\\/www.eldiariodetucuman.com\\\/web\\\/wp-content\\\/uploads\\\/2017\\\/12\\\/el-diario-de-tucuman.jpg\",\"width\":272,\"height\":92,\"caption\":\"El Diario de Tucuman\"},\"image\":{\"@id\":\"https:\\\/\\\/www.eldiariodetucuman.com\\\/web\\\/#\\\/schema\\\/logo\\\/image\\\/\"}},{\"@type\":\"Person\",\"@id\":\"https:\\\/\\\/www.eldiariodetucuman.com\\\/web\\\/#\\\/schema\\\/person\\\/9250197d75ab5483412e19678b121caa\",\"name\":\"admin\",\"image\":{\"@type\":\"ImageObject\",\"inLanguage\":\"es\",\"@id\":\"https:\\\/\\\/secure.gravatar.com\\\/avatar\\\/c44d117c2be811212c22cb481f6b8384b6873de103fbc49e7a03cc58d7dea4ac?s=96&d=mm&r=g\",\"url\":\"https:\\\/\\\/secure.gravatar.com\\\/avatar\\\/c44d117c2be811212c22cb481f6b8384b6873de103fbc49e7a03cc58d7dea4ac?s=96&d=mm&r=g\",\"contentUrl\":\"https:\\\/\\\/secure.gravatar.com\\\/avatar\\\/c44d117c2be811212c22cb481f6b8384b6873de103fbc49e7a03cc58d7dea4ac?s=96&d=mm&r=g\",\"caption\":\"admin\"},\"url\":\"https:\\\/\\\/www.eldiariodetucuman.com\\\/web\\\/author\\\/admin\\\/\"}]}<\/script>\n<!-- \/ Yoast SEO plugin. -->","yoast_head_json":{"title":"Arm\u00e1 tu agenda: toda la oferta en cines y entretenimientos para hoy - El Diario de Tucuman","robots":{"index":"index","follow":"follow","max-snippet":"max-snippet:-1","max-image-preview":"max-image-preview:large","max-video-preview":"max-video-preview:-1"},"canonical":"https:\/\/www.eldiariodetucuman.com\/web\/arma-tu-agenda-toda-la-oferta-en-cines-y-entretenimientos-para-hoy\/","og_locale":"es_ES","og_type":"article","og_title":"Arm\u00e1 tu agenda: toda la oferta en cines y entretenimientos para hoy - El Diario de Tucuman","og_description":"CINES ATLAS SALAS 100% DIGITALES 2D y 3D COCO SALA 1: HS. 17 (3D CAST ATP) SALA 1: HS. 19.30 (2D CAST ATP) PANTERA NEGRA SALA 2: HS. 17.10 (3D SUBT M13) SALA 2: HS. 19.40 (2D SUBT M13) SALA 1: HS. 22.10 (3D SUBT M13) 50 SOMBRAS LIBERADAS SALA 2: HS. 20 (3D SUBT [&hellip;]","og_url":"https:\/\/www.eldiariodetucuman.com\/web\/arma-tu-agenda-toda-la-oferta-en-cines-y-entretenimientos-para-hoy\/","og_site_name":"El Diario de Tucuman","article_published_time":"2018-02-22T15:59:13+00:00","article_modified_time":"2018-02-22T15:59:15+00:00","og_image":[{"width":970,"height":606,"url":"https:\/\/www.eldiariodetucuman.com\/web\/wp-content\/uploads\/2018\/02\/a7e724be7843ba92765c10acdb02c8e0.jpeg","type":"image\/jpeg"}],"author":"admin","twitter_card":"summary_large_image","twitter_misc":{"Escrito por":"admin","Tiempo de lectura":"9 minutos"},"schema":{"@context":"https:\/\/schema.org","@graph":[{"@type":"Article","@id":"https:\/\/www.eldiariodetucuman.com\/web\/arma-tu-agenda-toda-la-oferta-en-cines-y-entretenimientos-para-hoy\/#article","isPartOf":{"@id":"https:\/\/www.eldiariodetucuman.com\/web\/arma-tu-agenda-toda-la-oferta-en-cines-y-entretenimientos-para-hoy\/"},"author":{"name":"admin","@id":"https:\/\/www.eldiariodetucuman.com\/web\/#\/schema\/person\/9250197d75ab5483412e19678b121caa"},"headline":"Arm\u00e1 tu agenda: toda la oferta en cines y entretenimientos para hoy","datePublished":"2018-02-22T15:59:13+00:00","dateModified":"2018-02-22T15:59:15+00:00","mainEntityOfPage":{"@id":"https:\/\/www.eldiariodetucuman.com\/web\/arma-tu-agenda-toda-la-oferta-en-cines-y-entretenimientos-para-hoy\/"},"wordCount":1891,"commentCount":0,"publisher":{"@id":"https:\/\/www.eldiariodetucuman.com\/web\/#organization"},"image":{"@id":"https:\/\/www.eldiariodetucuman.com\/web\/arma-tu-agenda-toda-la-oferta-en-cines-y-entretenimientos-para-hoy\/#primaryimage"},"thumbnailUrl":"https:\/\/www.eldiariodetucuman.com\/web\/wp-content\/uploads\/2018\/02\/a7e724be7843ba92765c10acdb02c8e0.jpeg","articleSection":["Argentina"],"inLanguage":"es","potentialAction":[{"@type":"CommentAction","name":"Comment","target":["https:\/\/www.eldiariodetucuman.com\/web\/arma-tu-agenda-toda-la-oferta-en-cines-y-entretenimientos-para-hoy\/#respond"]}]},{"@type":"WebPage","@id":"https:\/\/www.eldiariodetucuman.com\/web\/arma-tu-agenda-toda-la-oferta-en-cines-y-entretenimientos-para-hoy\/","url":"https:\/\/www.eldiariodetucuman.com\/web\/arma-tu-agenda-toda-la-oferta-en-cines-y-entretenimientos-para-hoy\/","name":"Arm\u00e1 tu agenda: toda la oferta en cines y entretenimientos para hoy - El Diario de Tucuman","isPartOf":{"@id":"https:\/\/www.eldiariodetucuman.com\/web\/#website"},"primaryImageOfPage":{"@id":"https:\/\/www.eldiariodetucuman.com\/web\/arma-tu-agenda-toda-la-oferta-en-cines-y-entretenimientos-para-hoy\/#primaryimage"},"image":{"@id":"https:\/\/www.eldiariodetucuman.com\/web\/arma-tu-agenda-toda-la-oferta-en-cines-y-entretenimientos-para-hoy\/#primaryimage"},"thumbnailUrl":"https:\/\/www.eldiariodetucuman.com\/web\/wp-content\/uploads\/2018\/02\/a7e724be7843ba92765c10acdb02c8e0.jpeg","datePublished":"2018-02-22T15:59:13+00:00","dateModified":"2018-02-22T15:59:15+00:00","breadcrumb":{"@id":"https:\/\/www.eldiariodetucuman.com\/web\/arma-tu-agenda-toda-la-oferta-en-cines-y-entretenimientos-para-hoy\/#breadcrumb"},"inLanguage":"es","potentialAction":[{"@type":"ReadAction","target":["https:\/\/www.eldiariodetucuman.com\/web\/arma-tu-agenda-toda-la-oferta-en-cines-y-entretenimientos-para-hoy\/"]}]},{"@type":"ImageObject","inLanguage":"es","@id":"https:\/\/www.eldiariodetucuman.com\/web\/arma-tu-agenda-toda-la-oferta-en-cines-y-entretenimientos-para-hoy\/#primaryimage","url":"https:\/\/www.eldiariodetucuman.com\/web\/wp-content\/uploads\/2018\/02\/a7e724be7843ba92765c10acdb02c8e0.jpeg","contentUrl":"https:\/\/www.eldiariodetucuman.com\/web\/wp-content\/uploads\/2018\/02\/a7e724be7843ba92765c10acdb02c8e0.jpeg","width":970,"height":606},{"@type":"BreadcrumbList","@id":"https:\/\/www.eldiariodetucuman.com\/web\/arma-tu-agenda-toda-la-oferta-en-cines-y-entretenimientos-para-hoy\/#breadcrumb","itemListElement":[{"@type":"ListItem","position":1,"name":"Portada","item":"https:\/\/www.eldiariodetucuman.com\/web\/"},{"@type":"ListItem","position":2,"name":"Arm\u00e1 tu agenda: toda la oferta en cines y entretenimientos para hoy"}]},{"@type":"WebSite","@id":"https:\/\/www.eldiariodetucuman.com\/web\/#website","url":"https:\/\/www.eldiariodetucuman.com\/web\/","name":"El Diario de Tucuman","description":"Diario Tucuman - Informaci\u00f3n y noticias","publisher":{"@id":"https:\/\/www.eldiariodetucuman.com\/web\/#organization"},"potentialAction":[{"@type":"SearchAction","target":{"@type":"EntryPoint","urlTemplate":"https:\/\/www.eldiariodetucuman.com\/web\/?s={search_term_string}"},"query-input":{"@type":"PropertyValueSpecification","valueRequired":true,"valueName":"search_term_string"}}],"inLanguage":"es"},{"@type":"Organization","@id":"https:\/\/www.eldiariodetucuman.com\/web\/#organization","name":"El Diario de Tucuman","url":"https:\/\/www.eldiariodetucuman.com\/web\/","logo":{"@type":"ImageObject","inLanguage":"es","@id":"https:\/\/www.eldiariodetucuman.com\/web\/#\/schema\/logo\/image\/","url":"http:\/\/www.eldiariodetucuman.com\/web\/wp-content\/uploads\/2017\/12\/el-diario-de-tucuman.jpg","contentUrl":"http:\/\/www.eldiariodetucuman.com\/web\/wp-content\/uploads\/2017\/12\/el-diario-de-tucuman.jpg","width":272,"height":92,"caption":"El Diario de Tucuman"},"image":{"@id":"https:\/\/www.eldiariodetucuman.com\/web\/#\/schema\/logo\/image\/"}},{"@type":"Person","@id":"https:\/\/www.eldiariodetucuman.com\/web\/#\/schema\/person\/9250197d75ab5483412e19678b121caa","name":"admin","image":{"@type":"ImageObject","inLanguage":"es","@id":"https:\/\/secure.gravatar.com\/avatar\/c44d117c2be811212c22cb481f6b8384b6873de103fbc49e7a03cc58d7dea4ac?s=96&d=mm&r=g","url":"https:\/\/secure.gravatar.com\/avatar\/c44d117c2be811212c22cb481f6b8384b6873de103fbc49e7a03cc58d7dea4ac?s=96&d=mm&r=g","contentUrl":"https:\/\/secure.gravatar.com\/avatar\/c44d117c2be811212c22cb481f6b8384b6873de103fbc49e7a03cc58d7dea4ac?s=96&d=mm&r=g","caption":"admin"},"url":"https:\/\/www.eldiariodetucuman.com\/web\/author\/admin\/"}]}},"_links":{"self":[{"href":"https:\/\/www.eldiariodetucuman.com\/web\/wp-json\/wp\/v2\/posts\/5737","targetHints":{"allow":["GET"]}}],"collection":[{"href":"https:\/\/www.eldiariodetucuman.com\/web\/wp-json\/wp\/v2\/posts"}],"about":[{"href":"https:\/\/www.eldiariodetucuman.com\/web\/wp-json\/wp\/v2\/types\/post"}],"author":[{"embeddable":true,"href":"https:\/\/www.eldiariodetucuman.com\/web\/wp-json\/wp\/v2\/users\/1"}],"replies":[{"embeddable":true,"href":"https:\/\/www.eldiariodetucuman.com\/web\/wp-json\/wp\/v2\/comments?post=5737"}],"version-history":[{"count":1,"href":"https:\/\/www.eldiariodetucuman.com\/web\/wp-json\/wp\/v2\/posts\/5737\/revisions"}],"predecessor-version":[{"id":5739,"href":"https:\/\/www.eldiariodetucuman.com\/web\/wp-json\/wp\/v2\/posts\/5737\/revisions\/5739"}],"wp:featuredmedia":[{"embeddable":true,"href":"https:\/\/www.eldiariodetucuman.com\/web\/wp-json\/wp\/v2\/media\/5738"}],"wp:attachment":[{"href":"https:\/\/www.eldiariodetucuman.com\/web\/wp-json\/wp\/v2\/media?parent=5737"}],"wp:term":[{"taxonomy":"category","embeddable":true,"href":"https:\/\/www.eldiariodetucuman.com\/web\/wp-json\/wp\/v2\/categories?post=5737"},{"taxonomy":"post_tag","embeddable":true,"href":"https:\/\/www.eldiariodetucuman.com\/web\/wp-json\/wp\/v2\/tags?post=5737"}],"curies":[{"name":"wp","href":"https:\/\/api.w.org\/{rel}","templated":true}]}}