{"id":5726,"date":"2018-02-22T12:51:01","date_gmt":"2018-02-22T15:51:01","guid":{"rendered":"http:\/\/www.eldiariodetucuman.com\/web\/nene-de-12-conducia-borracho-choco-y-mato-a-cinco-pibes\/"},"modified":"2018-02-22T12:51:01","modified_gmt":"2018-02-22T15:51:01","slug":"nene-de-12-conducia-borracho-choco-y-mato-a-cinco-pibes","status":"publish","type":"post","link":"https:\/\/www.eldiariodetucuman.com\/web\/nene-de-12-conducia-borracho-choco-y-mato-a-cinco-pibes\/","title":{"rendered":"Nene de 12 conduc\u00eda borracho, choc\u00f3 y mat\u00f3 a cinco pibes"},"content":{"rendered":"<div>\n<div itemprop=\"articleBody\" readability=\"57\">\n<div>\n<figure class=\"image\"><img decoding=\"async\" alt=\"\" data-height=\"406\" data-size=\"w:720,h:406\" data-width=\"720\" hspace=\"5\" src=\"https:\/\/www.cronica.com.ar\/export\/sites\/cronica\/img\/2018\/02\/21\/auto4_crop1519258117887.jpg_261030612.jpg\" title=\"\" vspace=\"5\"><figcaption>Desconocen c\u00f3mo consigui\u00f3 el auto el peque\u00f1o.<\/figcaption><\/figure>\n<\/div>\n<p>Un nene de 12 a\u00f1os condujo un auto borracho en M\u00e9xico, choc\u00f3 y el incidente provoc\u00f3 la muerte de 5 de los 8 menores que estaban de acompa\u00f1antes en su veh\u00edculo. Los tres restantes resultaron heridos y permanecen en grave estado de salud.\u00a0<\/p>\n<div>\n<figure class=\"image\"><img decoding=\"async\" alt=\"\" data-height=\"449\" data-size=\"w:720,h:449\" data-width=\"720\" hspace=\"5\" src=\"https:\/\/www.cronica.com.ar\/export\/sites\/cronica\/img\/2018\/02\/21\/auto1.jpg_143743445.jpg\" title=\"\" vspace=\"5\"><figcaption>El auto impact\u00f3 contra un muro y despu\u00e9s contra un \u00e1rbol.<\/figcaption><\/figure>\n<\/div>\n<p>El menor que provoc\u00f3 el\u00a0accidente, <strong>Luis Eduardo<\/strong>, conduc\u00eda un Pontiac\u00a0Chrysler\u00a0a m\u00e1s de 120 kil\u00f3metros por hora. El nene volv\u00eda de una fiesta acompa\u00f1ado de 8 menores y perdi\u00f3 el control del auto al llegar a una curva. El veh\u00edculo\u00a0impact\u00f3 el rodado contra un muro y luego contra un \u00e1rbol. Los pasajeros salieron despedidos por las ventanillas.\u00a0<\/p>\n<div>\n<figure class=\"image\"><img decoding=\"async\" alt=\"\" data-height=\"undefined\" data-size=\"\" data-width=\"undefined\" hspace=\"5\" src=\"https:\/\/www.cronica.com.ar\/export\/sites\/cronica\/img\/2018\/02\/21\/2_2.jpg_792370018.jpg\" title=\"\" vspace=\"5\"><figcaption>Los nenes salieron volando por las ventanillas.<\/figcaption><\/figure>\n<\/div>\n<p>Luego del accidente, el ni\u00f1o que conduc\u00eda logr\u00f3 salir del auto y corri\u00f3 hasta la casa de los padres de su primo, una de las v\u00edctimas, para pedir ayuda.\u00a0<\/p>\n<div>\n<figure class=\"image\"><img decoding=\"async\" alt=\"\" data-height=\"449\" data-size=\"w:720,h:449\" data-width=\"720\" hspace=\"5\" src=\"https:\/\/www.cronica.com.ar\/export\/sites\/cronica\/img\/2018\/02\/21\/auto3.jpg_143743445.jpg\" title=\"\" vspace=\"5\"><figcaption>Lamentaron 5 v\u00edctimas fatales.<\/figcaption><\/figure>\n<\/div>\n<p>El conductor se salv\u00f3 y efectivos encontraron botellas de bebidas alcoh\u00f3licas dentro del veh\u00edculo. La polic\u00eda lo detuvo pero ya est\u00e1 libre ya que la ley de M\u00e9xico no contempla prisi\u00f3n\u00a0 preventiva a menores de 14 a\u00f1os.<\/p>\n<p>Las v\u00edctimas fatales, todas menores de 15 a\u00f1os, fueron tres mujeres y dos hombres. Los cuerpos ya fueron sepultados en la zona de la colonia Santa Catarina.\u00a0<br \/>\u00a0\u00a0<\/p>\n<div>\n<figure class=\"image\"><img decoding=\"async\" alt=\"\" data-height=\"449\" data-size=\"w:720,h:449\" data-width=\"720\" hspace=\"5\" src=\"https:\/\/www.cronica.com.ar\/export\/sites\/cronica\/img\/2018\/02\/21\/auto5.jpg_143743445.jpg\" title=\"\" vspace=\"5\"><figcaption>El peque\u00f1o conductor fue detenido y ya est\u00e1 en libertad.<\/figcaption><\/figure>\n<\/div>\n<p>\u00a0<\/p>\n<p><iframe loading=\"lazy\" allow=\"autoplay; encrypted-media\" allowfullscreen=\"\" frameborder=\"0\" height=\"315\" src=\"https:\/\/www.youtube.com\/embed\/iOINP0X_EsY\" width=\"560\"><\/iframe><span class=\"item first\"><\/span><span class=\"item second\"><\/span><span class=\"item third\"><\/span><\/p>\n<p>\u00a0<\/p>\n<p>\u00a0<\/p>\n<\/div>\n<\/div>\n","protected":false},"excerpt":{"rendered":"<p>Desconocen c\u00f3mo consigui\u00f3 el auto el peque\u00f1o. Un nene de 12 a\u00f1os condujo un auto borracho en M\u00e9xico, choc\u00f3 y el incidente provoc\u00f3 la muerte de 5 de los 8 menores que estaban de acompa\u00f1antes en su veh\u00edculo. Los tres restantes resultaron heridos y permanecen en grave estado de salud.\u00a0 El auto impact\u00f3 contra un [&hellip;]<\/p>\n","protected":false},"author":4,"featured_media":0,"comment_status":"open","ping_status":"closed","sticky":false,"template":"","format":"standard","meta":{"footnotes":""},"categories":[194],"tags":[],"class_list":{"0":"post-5726","1":"post","2":"type-post","3":"status-publish","4":"format-standard","6":"category-internacionales"},"yoast_head":"<!-- This site is optimized with the Yoast SEO plugin v27.5 - https:\/\/yoast.com\/product\/yoast-seo-wordpress\/ -->\n<title>Nene de 12 conduc\u00eda borracho, choc\u00f3 y mat\u00f3 a cinco pibes - El Diario de Tucuman<\/title>\n<meta name=\"robots\" content=\"index, follow, max-snippet:-1, max-image-preview:large, max-video-preview:-1\" \/>\n<link rel=\"canonical\" href=\"https:\/\/www.eldiariodetucuman.com\/web\/nene-de-12-conducia-borracho-choco-y-mato-a-cinco-pibes\/\" \/>\n<meta property=\"og:locale\" content=\"es_ES\" \/>\n<meta property=\"og:type\" content=\"article\" \/>\n<meta property=\"og:title\" content=\"Nene de 12 conduc\u00eda borracho, choc\u00f3 y mat\u00f3 a cinco pibes - El Diario de Tucuman\" \/>\n<meta property=\"og:description\" content=\"Desconocen c\u00f3mo consigui\u00f3 el auto el peque\u00f1o. Un nene de 12 a\u00f1os condujo un auto borracho en M\u00e9xico, choc\u00f3 y el incidente provoc\u00f3 la muerte de 5 de los 8 menores que estaban de acompa\u00f1antes en su veh\u00edculo. Los tres restantes resultaron heridos y permanecen en grave estado de salud.\u00a0 El auto impact\u00f3 contra un [&hellip;]\" \/>\n<meta property=\"og:url\" content=\"https:\/\/www.eldiariodetucuman.com\/web\/nene-de-12-conducia-borracho-choco-y-mato-a-cinco-pibes\/\" \/>\n<meta property=\"og:site_name\" content=\"El Diario de Tucuman\" \/>\n<meta property=\"article:published_time\" content=\"2018-02-22T15:51:01+00:00\" \/>\n<meta property=\"og:image\" content=\"https:\/\/www.cronica.com.ar\/export\/sites\/cronica\/img\/2018\/02\/21\/auto4_crop1519258117887.jpg_261030612.jpg\" \/>\n<meta name=\"author\" content=\"eldiario detucuman\" \/>\n<meta name=\"twitter:card\" content=\"summary_large_image\" \/>\n<meta name=\"twitter:label1\" content=\"Escrito por\" \/>\n\t<meta name=\"twitter:data1\" content=\"eldiario detucuman\" \/>\n\t<meta name=\"twitter:label2\" content=\"Tiempo de lectura\" \/>\n\t<meta name=\"twitter:data2\" content=\"1 minuto\" \/>\n<script type=\"application\/ld+json\" class=\"yoast-schema-graph\">{\"@context\":\"https:\\\/\\\/schema.org\",\"@graph\":[{\"@type\":\"Article\",\"@id\":\"https:\\\/\\\/www.eldiariodetucuman.com\\\/web\\\/nene-de-12-conducia-borracho-choco-y-mato-a-cinco-pibes\\\/#article\",\"isPartOf\":{\"@id\":\"https:\\\/\\\/www.eldiariodetucuman.com\\\/web\\\/nene-de-12-conducia-borracho-choco-y-mato-a-cinco-pibes\\\/\"},\"author\":{\"name\":\"eldiario detucuman\",\"@id\":\"https:\\\/\\\/www.eldiariodetucuman.com\\\/web\\\/#\\\/schema\\\/person\\\/6f95946e54fde848b878ffa4928071d5\"},\"headline\":\"Nene de 12 conduc\u00eda borracho, choc\u00f3 y mat\u00f3 a cinco pibes\",\"datePublished\":\"2018-02-22T15:51:01+00:00\",\"mainEntityOfPage\":{\"@id\":\"https:\\\/\\\/www.eldiariodetucuman.com\\\/web\\\/nene-de-12-conducia-borracho-choco-y-mato-a-cinco-pibes\\\/\"},\"wordCount\":264,\"commentCount\":0,\"publisher\":{\"@id\":\"https:\\\/\\\/www.eldiariodetucuman.com\\\/web\\\/#organization\"},\"image\":{\"@id\":\"https:\\\/\\\/www.eldiariodetucuman.com\\\/web\\\/nene-de-12-conducia-borracho-choco-y-mato-a-cinco-pibes\\\/#primaryimage\"},\"thumbnailUrl\":\"https:\\\/\\\/www.cronica.com.ar\\\/export\\\/sites\\\/cronica\\\/img\\\/2018\\\/02\\\/21\\\/auto4_crop1519258117887.jpg_261030612.jpg\",\"articleSection\":[\"Internacionales\"],\"inLanguage\":\"es\",\"potentialAction\":[{\"@type\":\"CommentAction\",\"name\":\"Comment\",\"target\":[\"https:\\\/\\\/www.eldiariodetucuman.com\\\/web\\\/nene-de-12-conducia-borracho-choco-y-mato-a-cinco-pibes\\\/#respond\"]}]},{\"@type\":\"WebPage\",\"@id\":\"https:\\\/\\\/www.eldiariodetucuman.com\\\/web\\\/nene-de-12-conducia-borracho-choco-y-mato-a-cinco-pibes\\\/\",\"url\":\"https:\\\/\\\/www.eldiariodetucuman.com\\\/web\\\/nene-de-12-conducia-borracho-choco-y-mato-a-cinco-pibes\\\/\",\"name\":\"Nene de 12 conduc\u00eda borracho, choc\u00f3 y mat\u00f3 a cinco pibes - El Diario de Tucuman\",\"isPartOf\":{\"@id\":\"https:\\\/\\\/www.eldiariodetucuman.com\\\/web\\\/#website\"},\"primaryImageOfPage\":{\"@id\":\"https:\\\/\\\/www.eldiariodetucuman.com\\\/web\\\/nene-de-12-conducia-borracho-choco-y-mato-a-cinco-pibes\\\/#primaryimage\"},\"image\":{\"@id\":\"https:\\\/\\\/www.eldiariodetucuman.com\\\/web\\\/nene-de-12-conducia-borracho-choco-y-mato-a-cinco-pibes\\\/#primaryimage\"},\"thumbnailUrl\":\"https:\\\/\\\/www.cronica.com.ar\\\/export\\\/sites\\\/cronica\\\/img\\\/2018\\\/02\\\/21\\\/auto4_crop1519258117887.jpg_261030612.jpg\",\"datePublished\":\"2018-02-22T15:51:01+00:00\",\"breadcrumb\":{\"@id\":\"https:\\\/\\\/www.eldiariodetucuman.com\\\/web\\\/nene-de-12-conducia-borracho-choco-y-mato-a-cinco-pibes\\\/#breadcrumb\"},\"inLanguage\":\"es\",\"potentialAction\":[{\"@type\":\"ReadAction\",\"target\":[\"https:\\\/\\\/www.eldiariodetucuman.com\\\/web\\\/nene-de-12-conducia-borracho-choco-y-mato-a-cinco-pibes\\\/\"]}]},{\"@type\":\"ImageObject\",\"inLanguage\":\"es\",\"@id\":\"https:\\\/\\\/www.eldiariodetucuman.com\\\/web\\\/nene-de-12-conducia-borracho-choco-y-mato-a-cinco-pibes\\\/#primaryimage\",\"url\":\"https:\\\/\\\/www.cronica.com.ar\\\/export\\\/sites\\\/cronica\\\/img\\\/2018\\\/02\\\/21\\\/auto4_crop1519258117887.jpg_261030612.jpg\",\"contentUrl\":\"https:\\\/\\\/www.cronica.com.ar\\\/export\\\/sites\\\/cronica\\\/img\\\/2018\\\/02\\\/21\\\/auto4_crop1519258117887.jpg_261030612.jpg\"},{\"@type\":\"BreadcrumbList\",\"@id\":\"https:\\\/\\\/www.eldiariodetucuman.com\\\/web\\\/nene-de-12-conducia-borracho-choco-y-mato-a-cinco-pibes\\\/#breadcrumb\",\"itemListElement\":[{\"@type\":\"ListItem\",\"position\":1,\"name\":\"Portada\",\"item\":\"https:\\\/\\\/www.eldiariodetucuman.com\\\/web\\\/\"},{\"@type\":\"ListItem\",\"position\":2,\"name\":\"Nene de 12 conduc\u00eda borracho, choc\u00f3 y mat\u00f3 a cinco pibes\"}]},{\"@type\":\"WebSite\",\"@id\":\"https:\\\/\\\/www.eldiariodetucuman.com\\\/web\\\/#website\",\"url\":\"https:\\\/\\\/www.eldiariodetucuman.com\\\/web\\\/\",\"name\":\"El Diario de Tucuman\",\"description\":\"Diario Tucuman - Informaci\u00f3n y noticias\",\"publisher\":{\"@id\":\"https:\\\/\\\/www.eldiariodetucuman.com\\\/web\\\/#organization\"},\"potentialAction\":[{\"@type\":\"SearchAction\",\"target\":{\"@type\":\"EntryPoint\",\"urlTemplate\":\"https:\\\/\\\/www.eldiariodetucuman.com\\\/web\\\/?s={search_term_string}\"},\"query-input\":{\"@type\":\"PropertyValueSpecification\",\"valueRequired\":true,\"valueName\":\"search_term_string\"}}],\"inLanguage\":\"es\"},{\"@type\":\"Organization\",\"@id\":\"https:\\\/\\\/www.eldiariodetucuman.com\\\/web\\\/#organization\",\"name\":\"El Diario de Tucuman\",\"url\":\"https:\\\/\\\/www.eldiariodetucuman.com\\\/web\\\/\",\"logo\":{\"@type\":\"ImageObject\",\"inLanguage\":\"es\",\"@id\":\"https:\\\/\\\/www.eldiariodetucuman.com\\\/web\\\/#\\\/schema\\\/logo\\\/image\\\/\",\"url\":\"http:\\\/\\\/www.eldiariodetucuman.com\\\/web\\\/wp-content\\\/uploads\\\/2017\\\/12\\\/el-diario-de-tucuman.jpg\",\"contentUrl\":\"http:\\\/\\\/www.eldiariodetucuman.com\\\/web\\\/wp-content\\\/uploads\\\/2017\\\/12\\\/el-diario-de-tucuman.jpg\",\"width\":272,\"height\":92,\"caption\":\"El Diario de Tucuman\"},\"image\":{\"@id\":\"https:\\\/\\\/www.eldiariodetucuman.com\\\/web\\\/#\\\/schema\\\/logo\\\/image\\\/\"}},{\"@type\":\"Person\",\"@id\":\"https:\\\/\\\/www.eldiariodetucuman.com\\\/web\\\/#\\\/schema\\\/person\\\/6f95946e54fde848b878ffa4928071d5\",\"name\":\"eldiario detucuman\",\"image\":{\"@type\":\"ImageObject\",\"inLanguage\":\"es\",\"@id\":\"https:\\\/\\\/secure.gravatar.com\\\/avatar\\\/b6e1f89c5c4044c4962c8e6c20b1ca2cc99f549c965908afd4ec5308b3f51bfe?s=96&d=mm&r=g\",\"url\":\"https:\\\/\\\/secure.gravatar.com\\\/avatar\\\/b6e1f89c5c4044c4962c8e6c20b1ca2cc99f549c965908afd4ec5308b3f51bfe?s=96&d=mm&r=g\",\"contentUrl\":\"https:\\\/\\\/secure.gravatar.com\\\/avatar\\\/b6e1f89c5c4044c4962c8e6c20b1ca2cc99f549c965908afd4ec5308b3f51bfe?s=96&d=mm&r=g\",\"caption\":\"eldiario detucuman\"},\"url\":\"https:\\\/\\\/www.eldiariodetucuman.com\\\/web\\\/author\\\/eldiariodetucuman\\\/\"}]}<\/script>\n<!-- \/ Yoast SEO plugin. -->","yoast_head_json":{"title":"Nene de 12 conduc\u00eda borracho, choc\u00f3 y mat\u00f3 a cinco pibes - El Diario de Tucuman","robots":{"index":"index","follow":"follow","max-snippet":"max-snippet:-1","max-image-preview":"max-image-preview:large","max-video-preview":"max-video-preview:-1"},"canonical":"https:\/\/www.eldiariodetucuman.com\/web\/nene-de-12-conducia-borracho-choco-y-mato-a-cinco-pibes\/","og_locale":"es_ES","og_type":"article","og_title":"Nene de 12 conduc\u00eda borracho, choc\u00f3 y mat\u00f3 a cinco pibes - El Diario de Tucuman","og_description":"Desconocen c\u00f3mo consigui\u00f3 el auto el peque\u00f1o. Un nene de 12 a\u00f1os condujo un auto borracho en M\u00e9xico, choc\u00f3 y el incidente provoc\u00f3 la muerte de 5 de los 8 menores que estaban de acompa\u00f1antes en su veh\u00edculo. Los tres restantes resultaron heridos y permanecen en grave estado de salud.\u00a0 El auto impact\u00f3 contra un [&hellip;]","og_url":"https:\/\/www.eldiariodetucuman.com\/web\/nene-de-12-conducia-borracho-choco-y-mato-a-cinco-pibes\/","og_site_name":"El Diario de Tucuman","article_published_time":"2018-02-22T15:51:01+00:00","og_image":[{"url":"https:\/\/www.cronica.com.ar\/export\/sites\/cronica\/img\/2018\/02\/21\/auto4_crop1519258117887.jpg_261030612.jpg","type":"","width":"","height":""}],"author":"eldiario detucuman","twitter_card":"summary_large_image","twitter_misc":{"Escrito por":"eldiario detucuman","Tiempo de lectura":"1 minuto"},"schema":{"@context":"https:\/\/schema.org","@graph":[{"@type":"Article","@id":"https:\/\/www.eldiariodetucuman.com\/web\/nene-de-12-conducia-borracho-choco-y-mato-a-cinco-pibes\/#article","isPartOf":{"@id":"https:\/\/www.eldiariodetucuman.com\/web\/nene-de-12-conducia-borracho-choco-y-mato-a-cinco-pibes\/"},"author":{"name":"eldiario detucuman","@id":"https:\/\/www.eldiariodetucuman.com\/web\/#\/schema\/person\/6f95946e54fde848b878ffa4928071d5"},"headline":"Nene de 12 conduc\u00eda borracho, choc\u00f3 y mat\u00f3 a cinco pibes","datePublished":"2018-02-22T15:51:01+00:00","mainEntityOfPage":{"@id":"https:\/\/www.eldiariodetucuman.com\/web\/nene-de-12-conducia-borracho-choco-y-mato-a-cinco-pibes\/"},"wordCount":264,"commentCount":0,"publisher":{"@id":"https:\/\/www.eldiariodetucuman.com\/web\/#organization"},"image":{"@id":"https:\/\/www.eldiariodetucuman.com\/web\/nene-de-12-conducia-borracho-choco-y-mato-a-cinco-pibes\/#primaryimage"},"thumbnailUrl":"https:\/\/www.cronica.com.ar\/export\/sites\/cronica\/img\/2018\/02\/21\/auto4_crop1519258117887.jpg_261030612.jpg","articleSection":["Internacionales"],"inLanguage":"es","potentialAction":[{"@type":"CommentAction","name":"Comment","target":["https:\/\/www.eldiariodetucuman.com\/web\/nene-de-12-conducia-borracho-choco-y-mato-a-cinco-pibes\/#respond"]}]},{"@type":"WebPage","@id":"https:\/\/www.eldiariodetucuman.com\/web\/nene-de-12-conducia-borracho-choco-y-mato-a-cinco-pibes\/","url":"https:\/\/www.eldiariodetucuman.com\/web\/nene-de-12-conducia-borracho-choco-y-mato-a-cinco-pibes\/","name":"Nene de 12 conduc\u00eda borracho, choc\u00f3 y mat\u00f3 a cinco pibes - El Diario de Tucuman","isPartOf":{"@id":"https:\/\/www.eldiariodetucuman.com\/web\/#website"},"primaryImageOfPage":{"@id":"https:\/\/www.eldiariodetucuman.com\/web\/nene-de-12-conducia-borracho-choco-y-mato-a-cinco-pibes\/#primaryimage"},"image":{"@id":"https:\/\/www.eldiariodetucuman.com\/web\/nene-de-12-conducia-borracho-choco-y-mato-a-cinco-pibes\/#primaryimage"},"thumbnailUrl":"https:\/\/www.cronica.com.ar\/export\/sites\/cronica\/img\/2018\/02\/21\/auto4_crop1519258117887.jpg_261030612.jpg","datePublished":"2018-02-22T15:51:01+00:00","breadcrumb":{"@id":"https:\/\/www.eldiariodetucuman.com\/web\/nene-de-12-conducia-borracho-choco-y-mato-a-cinco-pibes\/#breadcrumb"},"inLanguage":"es","potentialAction":[{"@type":"ReadAction","target":["https:\/\/www.eldiariodetucuman.com\/web\/nene-de-12-conducia-borracho-choco-y-mato-a-cinco-pibes\/"]}]},{"@type":"ImageObject","inLanguage":"es","@id":"https:\/\/www.eldiariodetucuman.com\/web\/nene-de-12-conducia-borracho-choco-y-mato-a-cinco-pibes\/#primaryimage","url":"https:\/\/www.cronica.com.ar\/export\/sites\/cronica\/img\/2018\/02\/21\/auto4_crop1519258117887.jpg_261030612.jpg","contentUrl":"https:\/\/www.cronica.com.ar\/export\/sites\/cronica\/img\/2018\/02\/21\/auto4_crop1519258117887.jpg_261030612.jpg"},{"@type":"BreadcrumbList","@id":"https:\/\/www.eldiariodetucuman.com\/web\/nene-de-12-conducia-borracho-choco-y-mato-a-cinco-pibes\/#breadcrumb","itemListElement":[{"@type":"ListItem","position":1,"name":"Portada","item":"https:\/\/www.eldiariodetucuman.com\/web\/"},{"@type":"ListItem","position":2,"name":"Nene de 12 conduc\u00eda borracho, choc\u00f3 y mat\u00f3 a cinco pibes"}]},{"@type":"WebSite","@id":"https:\/\/www.eldiariodetucuman.com\/web\/#website","url":"https:\/\/www.eldiariodetucuman.com\/web\/","name":"El Diario de Tucuman","description":"Diario Tucuman - Informaci\u00f3n y noticias","publisher":{"@id":"https:\/\/www.eldiariodetucuman.com\/web\/#organization"},"potentialAction":[{"@type":"SearchAction","target":{"@type":"EntryPoint","urlTemplate":"https:\/\/www.eldiariodetucuman.com\/web\/?s={search_term_string}"},"query-input":{"@type":"PropertyValueSpecification","valueRequired":true,"valueName":"search_term_string"}}],"inLanguage":"es"},{"@type":"Organization","@id":"https:\/\/www.eldiariodetucuman.com\/web\/#organization","name":"El Diario de Tucuman","url":"https:\/\/www.eldiariodetucuman.com\/web\/","logo":{"@type":"ImageObject","inLanguage":"es","@id":"https:\/\/www.eldiariodetucuman.com\/web\/#\/schema\/logo\/image\/","url":"http:\/\/www.eldiariodetucuman.com\/web\/wp-content\/uploads\/2017\/12\/el-diario-de-tucuman.jpg","contentUrl":"http:\/\/www.eldiariodetucuman.com\/web\/wp-content\/uploads\/2017\/12\/el-diario-de-tucuman.jpg","width":272,"height":92,"caption":"El Diario de Tucuman"},"image":{"@id":"https:\/\/www.eldiariodetucuman.com\/web\/#\/schema\/logo\/image\/"}},{"@type":"Person","@id":"https:\/\/www.eldiariodetucuman.com\/web\/#\/schema\/person\/6f95946e54fde848b878ffa4928071d5","name":"eldiario detucuman","image":{"@type":"ImageObject","inLanguage":"es","@id":"https:\/\/secure.gravatar.com\/avatar\/b6e1f89c5c4044c4962c8e6c20b1ca2cc99f549c965908afd4ec5308b3f51bfe?s=96&d=mm&r=g","url":"https:\/\/secure.gravatar.com\/avatar\/b6e1f89c5c4044c4962c8e6c20b1ca2cc99f549c965908afd4ec5308b3f51bfe?s=96&d=mm&r=g","contentUrl":"https:\/\/secure.gravatar.com\/avatar\/b6e1f89c5c4044c4962c8e6c20b1ca2cc99f549c965908afd4ec5308b3f51bfe?s=96&d=mm&r=g","caption":"eldiario detucuman"},"url":"https:\/\/www.eldiariodetucuman.com\/web\/author\/eldiariodetucuman\/"}]}},"_links":{"self":[{"href":"https:\/\/www.eldiariodetucuman.com\/web\/wp-json\/wp\/v2\/posts\/5726","targetHints":{"allow":["GET"]}}],"collection":[{"href":"https:\/\/www.eldiariodetucuman.com\/web\/wp-json\/wp\/v2\/posts"}],"about":[{"href":"https:\/\/www.eldiariodetucuman.com\/web\/wp-json\/wp\/v2\/types\/post"}],"author":[{"embeddable":true,"href":"https:\/\/www.eldiariodetucuman.com\/web\/wp-json\/wp\/v2\/users\/4"}],"replies":[{"embeddable":true,"href":"https:\/\/www.eldiariodetucuman.com\/web\/wp-json\/wp\/v2\/comments?post=5726"}],"version-history":[{"count":0,"href":"https:\/\/www.eldiariodetucuman.com\/web\/wp-json\/wp\/v2\/posts\/5726\/revisions"}],"wp:attachment":[{"href":"https:\/\/www.eldiariodetucuman.com\/web\/wp-json\/wp\/v2\/media?parent=5726"}],"wp:term":[{"taxonomy":"category","embeddable":true,"href":"https:\/\/www.eldiariodetucuman.com\/web\/wp-json\/wp\/v2\/categories?post=5726"},{"taxonomy":"post_tag","embeddable":true,"href":"https:\/\/www.eldiariodetucuman.com\/web\/wp-json\/wp\/v2\/tags?post=5726"}],"curies":[{"name":"wp","href":"https:\/\/api.w.org\/{rel}","templated":true}]}}