{"id":5723,"date":"2018-02-22T12:39:05","date_gmt":"2018-02-22T15:39:05","guid":{"rendered":"http:\/\/www.eldiariodetucuman.com\/web\/marcos-pena-durisimo-contra-hugo-moyano\/"},"modified":"2018-02-22T12:39:06","modified_gmt":"2018-02-22T15:39:06","slug":"marcos-pena-durisimo-contra-hugo-moyano","status":"publish","type":"post","link":"https:\/\/www.eldiariodetucuman.com\/web\/marcos-pena-durisimo-contra-hugo-moyano\/","title":{"rendered":"Marcos Pe\u00f1a, dur\u00edsimo contra Hugo Moyano"},"content":{"rendered":"<div>\n<div readability=\"79.662280701754\">\n<p>La multitudinaria movilizaci\u00f3n que convoc\u00f3 ayer el l\u00edder del sindicato de Camioneros, <a href=\"https:\/\/www.elintransigente.com\/politica\/2018\/2\/22\/los-ministros-de-macri-no-solucionan-nada-es-todo-verso-479630.html\">Hugo Moyano<\/a>, dej\u00f3 una estela de repercusiones a su paso. Ahora fue el turno del jefe de Gabinete, <a href=\"https:\/\/www.elintransigente.com\/noticias\/buscar\/?buscar=marcos+pe%C3%B1a\">Marcos Pe\u00f1a<\/a>, de criticar al gremialista e insistir en que la protesta est\u00e1 ligada a los problemas que mantiene el sindicalista en la Justicia.<\/p>\n<p>\u201cEs una marcha m\u00e1s de la que vimos otras veces, sectores opositores que se juntan para trasmitir un mensaje. Lo que est\u00e1 claro es que <strong>no hab\u00eda una consigna<\/strong>, por el discurso parec\u00eda que la consigna ten\u00eda que ver con el tema judicial\u201d, destac\u00f3 Pe\u00f1a.<\/p>\n<p>Y agreg\u00f3: \u201cSi Moyano cree que trasmite un mensaje a los Tribunales, que \u00e9l est\u00e1 por encima de la ley se equivoca de pa\u00eds y de tiempo. No resolvi\u00f3 un problema, ni plante\u00f3 una consigna.<strong> Desde Mauricio Macri para abajo todos debemos responder a la ley<\/strong>\u00ab.\u00a0<\/p>\n<p>Adem\u00e1s, el jefe de ministros no desperdici\u00f3 la oportunidad de criticar a todos los opositores que se hicieron presentes en la movilizaci\u00f3n y que mantuvieron fuertes cruces con el oficialismo\u00a0en los \u00faltimos d\u00edas.<\/p>\n<p>\u201cQueremos un pa\u00eds diferente a Roberto Baradel, An\u00edbal Fern\u00e1ndez, Eugenio Zaffaroni, Hugo Moyano, M\u00e1ximo Kirchner. <strong>La \u00fanica que falt\u00f3 en el palco era Cristina Fern\u00e1ndez<\/strong>. Ellos creen que estamos equivocados en el rumbo, y no nos sorprende\u201d, detall\u00f3 el funcionario de Cambiemos, en una entrevista concedida a Radio La Red. \u00a0<\/p>\n<p>Por otro lado, neg\u00f3 que desde el Gobierno exista una animosidad en contra de los gremios, aunque volvi\u00f3 a criticar al camionero: \u201cMauricio <strong>Macri valora al sindicalismo y siempre tuvo di\u00e1logo<\/strong>. El Ministerio de Trabajo est\u00e1 charlando con la CGT. Si Moyano quiere reunirse por los temas judiciales no debe reunirse con el Ejecutivo.\u00bb<\/p>\n<p>Asimismo, se refiri\u00f3 tambi\u00e9n a la escandalosa<a href=\"https:\/\/www.elintransigente.com\/politica\/2018\/2\/19\/renuncio-el-funcionario-acusado-de-ocultar-una-cuenta-en-andorra-479322.html\"> renuncia del ex subsecretario General de Mauricio Macri<\/a>, Valent\u00edn D\u00edaz Gilligan, que renunci\u00f3 por no haber declarado una cuenta bancaria radicada en Andorra.\u00a0<\/p>\n<p>\u201cNo lo ech\u00e9, \u00e9l renunci\u00f3, fue transparente. Igual se debe aclarar en donde deba. Hay una Oficina Anti Corrupci\u00f3n, hay declaraciones juradas, hay una ley de acceso a la informaci\u00f3n publica, hay transparencia para ser investigados por la justicia que antes no hab\u00eda, y a\u00fan no hay casos de corrupci\u00f3n\u201d sentenci\u00f3.\u00a0<\/p>\n<p>Y opin\u00f3 sobre otra tormenta en el interior de Cambiemos: la denuncia que recibi\u00f3 el ministro de Trabajo, Jorge Triaca, por haber mantenido en negro a una empleada y darle un puesto de delegada interventora en el SOMU.\u00a0<\/p>\n<p>\u201c<strong>Ya se aclar\u00f3 el caso de Jorge Triaca<\/strong>. Nosotros elevamos la vara de la institucionalidad, por eso se endureci\u00f3 la pol\u00edtica de los familiares. La oficina Anti corrupci\u00f3n antes no funcionaba, nadie objeta las investigaciones\u201d, asever\u00f3.\u00a0<\/p>\n<\/div>\n<\/div>\n<p>Fuente: https:\/\/www.elintransigente.com\/politica\/2018\/2\/22\/marcos-pena-durisimo-contra-hugo-moyano-479647.html<\/p>\n","protected":false},"excerpt":{"rendered":"<p>La multitudinaria movilizaci\u00f3n que convoc\u00f3 ayer el l\u00edder del sindicato de Camioneros, Hugo Moyano, dej\u00f3 una estela de repercusiones a su paso. Ahora fue el turno del jefe de Gabinete, Marcos Pe\u00f1a, de criticar al gremialista e insistir en que la protesta est\u00e1 ligada a los problemas que mantiene el sindicalista en la Justicia. \u201cEs [&hellip;]<\/p>\n","protected":false},"author":1,"featured_media":5724,"comment_status":"open","ping_status":"closed","sticky":false,"template":"","format":"standard","meta":{"footnotes":""},"categories":[1],"tags":[],"class_list":{"0":"post-5723","1":"post","2":"type-post","3":"status-publish","4":"format-standard","5":"has-post-thumbnail","7":"category-portada"},"yoast_head":"<!-- This site is optimized with the Yoast SEO plugin v27.5 - https:\/\/yoast.com\/product\/yoast-seo-wordpress\/ -->\n<title>Marcos Pe\u00f1a, dur\u00edsimo contra Hugo Moyano - El Diario de Tucuman<\/title>\n<meta name=\"robots\" content=\"index, follow, max-snippet:-1, max-image-preview:large, max-video-preview:-1\" \/>\n<link rel=\"canonical\" href=\"https:\/\/www.eldiariodetucuman.com\/web\/marcos-pena-durisimo-contra-hugo-moyano\/\" \/>\n<meta property=\"og:locale\" content=\"es_ES\" \/>\n<meta property=\"og:type\" content=\"article\" \/>\n<meta property=\"og:title\" content=\"Marcos Pe\u00f1a, dur\u00edsimo contra Hugo Moyano - El Diario de Tucuman\" \/>\n<meta property=\"og:description\" content=\"La multitudinaria movilizaci\u00f3n que convoc\u00f3 ayer el l\u00edder del sindicato de Camioneros, Hugo Moyano, dej\u00f3 una estela de repercusiones a su paso. Ahora fue el turno del jefe de Gabinete, Marcos Pe\u00f1a, de criticar al gremialista e insistir en que la protesta est\u00e1 ligada a los problemas que mantiene el sindicalista en la Justicia. \u201cEs [&hellip;]\" \/>\n<meta property=\"og:url\" content=\"https:\/\/www.eldiariodetucuman.com\/web\/marcos-pena-durisimo-contra-hugo-moyano\/\" \/>\n<meta property=\"og:site_name\" content=\"El Diario de Tucuman\" \/>\n<meta property=\"article:published_time\" content=\"2018-02-22T15:39:05+00:00\" \/>\n<meta property=\"article:modified_time\" content=\"2018-02-22T15:39:06+00:00\" \/>\n<meta property=\"og:image\" content=\"https:\/\/www.eldiariodetucuman.com\/web\/wp-content\/uploads\/2018\/02\/7ed111fb756dcb46ba1a4072ae60ea4d.jpeg\" \/>\n\t<meta property=\"og:image:width\" content=\"960\" \/>\n\t<meta property=\"og:image:height\" content=\"544\" \/>\n\t<meta property=\"og:image:type\" content=\"image\/jpeg\" \/>\n<meta name=\"author\" content=\"admin\" \/>\n<meta name=\"twitter:card\" content=\"summary_large_image\" \/>\n<meta name=\"twitter:label1\" content=\"Escrito por\" \/>\n\t<meta name=\"twitter:data1\" content=\"admin\" \/>\n\t<meta name=\"twitter:label2\" content=\"Tiempo de lectura\" \/>\n\t<meta name=\"twitter:data2\" content=\"2 minutos\" \/>\n<script type=\"application\/ld+json\" class=\"yoast-schema-graph\">{\"@context\":\"https:\\\/\\\/schema.org\",\"@graph\":[{\"@type\":\"Article\",\"@id\":\"https:\\\/\\\/www.eldiariodetucuman.com\\\/web\\\/marcos-pena-durisimo-contra-hugo-moyano\\\/#article\",\"isPartOf\":{\"@id\":\"https:\\\/\\\/www.eldiariodetucuman.com\\\/web\\\/marcos-pena-durisimo-contra-hugo-moyano\\\/\"},\"author\":{\"name\":\"admin\",\"@id\":\"https:\\\/\\\/www.eldiariodetucuman.com\\\/web\\\/#\\\/schema\\\/person\\\/9250197d75ab5483412e19678b121caa\"},\"headline\":\"Marcos Pe\u00f1a, dur\u00edsimo contra Hugo Moyano\",\"datePublished\":\"2018-02-22T15:39:05+00:00\",\"dateModified\":\"2018-02-22T15:39:06+00:00\",\"mainEntityOfPage\":{\"@id\":\"https:\\\/\\\/www.eldiariodetucuman.com\\\/web\\\/marcos-pena-durisimo-contra-hugo-moyano\\\/\"},\"wordCount\":482,\"commentCount\":0,\"publisher\":{\"@id\":\"https:\\\/\\\/www.eldiariodetucuman.com\\\/web\\\/#organization\"},\"image\":{\"@id\":\"https:\\\/\\\/www.eldiariodetucuman.com\\\/web\\\/marcos-pena-durisimo-contra-hugo-moyano\\\/#primaryimage\"},\"thumbnailUrl\":\"https:\\\/\\\/www.eldiariodetucuman.com\\\/web\\\/wp-content\\\/uploads\\\/2018\\\/02\\\/7ed111fb756dcb46ba1a4072ae60ea4d.jpeg\",\"articleSection\":[\"Portada\"],\"inLanguage\":\"es\",\"potentialAction\":[{\"@type\":\"CommentAction\",\"name\":\"Comment\",\"target\":[\"https:\\\/\\\/www.eldiariodetucuman.com\\\/web\\\/marcos-pena-durisimo-contra-hugo-moyano\\\/#respond\"]}]},{\"@type\":\"WebPage\",\"@id\":\"https:\\\/\\\/www.eldiariodetucuman.com\\\/web\\\/marcos-pena-durisimo-contra-hugo-moyano\\\/\",\"url\":\"https:\\\/\\\/www.eldiariodetucuman.com\\\/web\\\/marcos-pena-durisimo-contra-hugo-moyano\\\/\",\"name\":\"Marcos Pe\u00f1a, dur\u00edsimo contra Hugo Moyano - El Diario de Tucuman\",\"isPartOf\":{\"@id\":\"https:\\\/\\\/www.eldiariodetucuman.com\\\/web\\\/#website\"},\"primaryImageOfPage\":{\"@id\":\"https:\\\/\\\/www.eldiariodetucuman.com\\\/web\\\/marcos-pena-durisimo-contra-hugo-moyano\\\/#primaryimage\"},\"image\":{\"@id\":\"https:\\\/\\\/www.eldiariodetucuman.com\\\/web\\\/marcos-pena-durisimo-contra-hugo-moyano\\\/#primaryimage\"},\"thumbnailUrl\":\"https:\\\/\\\/www.eldiariodetucuman.com\\\/web\\\/wp-content\\\/uploads\\\/2018\\\/02\\\/7ed111fb756dcb46ba1a4072ae60ea4d.jpeg\",\"datePublished\":\"2018-02-22T15:39:05+00:00\",\"dateModified\":\"2018-02-22T15:39:06+00:00\",\"breadcrumb\":{\"@id\":\"https:\\\/\\\/www.eldiariodetucuman.com\\\/web\\\/marcos-pena-durisimo-contra-hugo-moyano\\\/#breadcrumb\"},\"inLanguage\":\"es\",\"potentialAction\":[{\"@type\":\"ReadAction\",\"target\":[\"https:\\\/\\\/www.eldiariodetucuman.com\\\/web\\\/marcos-pena-durisimo-contra-hugo-moyano\\\/\"]}]},{\"@type\":\"ImageObject\",\"inLanguage\":\"es\",\"@id\":\"https:\\\/\\\/www.eldiariodetucuman.com\\\/web\\\/marcos-pena-durisimo-contra-hugo-moyano\\\/#primaryimage\",\"url\":\"https:\\\/\\\/www.eldiariodetucuman.com\\\/web\\\/wp-content\\\/uploads\\\/2018\\\/02\\\/7ed111fb756dcb46ba1a4072ae60ea4d.jpeg\",\"contentUrl\":\"https:\\\/\\\/www.eldiariodetucuman.com\\\/web\\\/wp-content\\\/uploads\\\/2018\\\/02\\\/7ed111fb756dcb46ba1a4072ae60ea4d.jpeg\",\"width\":960,\"height\":544},{\"@type\":\"BreadcrumbList\",\"@id\":\"https:\\\/\\\/www.eldiariodetucuman.com\\\/web\\\/marcos-pena-durisimo-contra-hugo-moyano\\\/#breadcrumb\",\"itemListElement\":[{\"@type\":\"ListItem\",\"position\":1,\"name\":\"Portada\",\"item\":\"https:\\\/\\\/www.eldiariodetucuman.com\\\/web\\\/\"},{\"@type\":\"ListItem\",\"position\":2,\"name\":\"Marcos Pe\u00f1a, dur\u00edsimo contra Hugo Moyano\"}]},{\"@type\":\"WebSite\",\"@id\":\"https:\\\/\\\/www.eldiariodetucuman.com\\\/web\\\/#website\",\"url\":\"https:\\\/\\\/www.eldiariodetucuman.com\\\/web\\\/\",\"name\":\"El Diario de Tucuman\",\"description\":\"Diario Tucuman - Informaci\u00f3n y noticias\",\"publisher\":{\"@id\":\"https:\\\/\\\/www.eldiariodetucuman.com\\\/web\\\/#organization\"},\"potentialAction\":[{\"@type\":\"SearchAction\",\"target\":{\"@type\":\"EntryPoint\",\"urlTemplate\":\"https:\\\/\\\/www.eldiariodetucuman.com\\\/web\\\/?s={search_term_string}\"},\"query-input\":{\"@type\":\"PropertyValueSpecification\",\"valueRequired\":true,\"valueName\":\"search_term_string\"}}],\"inLanguage\":\"es\"},{\"@type\":\"Organization\",\"@id\":\"https:\\\/\\\/www.eldiariodetucuman.com\\\/web\\\/#organization\",\"name\":\"El Diario de Tucuman\",\"url\":\"https:\\\/\\\/www.eldiariodetucuman.com\\\/web\\\/\",\"logo\":{\"@type\":\"ImageObject\",\"inLanguage\":\"es\",\"@id\":\"https:\\\/\\\/www.eldiariodetucuman.com\\\/web\\\/#\\\/schema\\\/logo\\\/image\\\/\",\"url\":\"http:\\\/\\\/www.eldiariodetucuman.com\\\/web\\\/wp-content\\\/uploads\\\/2017\\\/12\\\/el-diario-de-tucuman.jpg\",\"contentUrl\":\"http:\\\/\\\/www.eldiariodetucuman.com\\\/web\\\/wp-content\\\/uploads\\\/2017\\\/12\\\/el-diario-de-tucuman.jpg\",\"width\":272,\"height\":92,\"caption\":\"El Diario de Tucuman\"},\"image\":{\"@id\":\"https:\\\/\\\/www.eldiariodetucuman.com\\\/web\\\/#\\\/schema\\\/logo\\\/image\\\/\"}},{\"@type\":\"Person\",\"@id\":\"https:\\\/\\\/www.eldiariodetucuman.com\\\/web\\\/#\\\/schema\\\/person\\\/9250197d75ab5483412e19678b121caa\",\"name\":\"admin\",\"image\":{\"@type\":\"ImageObject\",\"inLanguage\":\"es\",\"@id\":\"https:\\\/\\\/secure.gravatar.com\\\/avatar\\\/c44d117c2be811212c22cb481f6b8384b6873de103fbc49e7a03cc58d7dea4ac?s=96&d=mm&r=g\",\"url\":\"https:\\\/\\\/secure.gravatar.com\\\/avatar\\\/c44d117c2be811212c22cb481f6b8384b6873de103fbc49e7a03cc58d7dea4ac?s=96&d=mm&r=g\",\"contentUrl\":\"https:\\\/\\\/secure.gravatar.com\\\/avatar\\\/c44d117c2be811212c22cb481f6b8384b6873de103fbc49e7a03cc58d7dea4ac?s=96&d=mm&r=g\",\"caption\":\"admin\"},\"url\":\"https:\\\/\\\/www.eldiariodetucuman.com\\\/web\\\/author\\\/admin\\\/\"}]}<\/script>\n<!-- \/ Yoast SEO plugin. -->","yoast_head_json":{"title":"Marcos Pe\u00f1a, dur\u00edsimo contra Hugo Moyano - El Diario de Tucuman","robots":{"index":"index","follow":"follow","max-snippet":"max-snippet:-1","max-image-preview":"max-image-preview:large","max-video-preview":"max-video-preview:-1"},"canonical":"https:\/\/www.eldiariodetucuman.com\/web\/marcos-pena-durisimo-contra-hugo-moyano\/","og_locale":"es_ES","og_type":"article","og_title":"Marcos Pe\u00f1a, dur\u00edsimo contra Hugo Moyano - El Diario de Tucuman","og_description":"La multitudinaria movilizaci\u00f3n que convoc\u00f3 ayer el l\u00edder del sindicato de Camioneros, Hugo Moyano, dej\u00f3 una estela de repercusiones a su paso. Ahora fue el turno del jefe de Gabinete, Marcos Pe\u00f1a, de criticar al gremialista e insistir en que la protesta est\u00e1 ligada a los problemas que mantiene el sindicalista en la Justicia. \u201cEs [&hellip;]","og_url":"https:\/\/www.eldiariodetucuman.com\/web\/marcos-pena-durisimo-contra-hugo-moyano\/","og_site_name":"El Diario de Tucuman","article_published_time":"2018-02-22T15:39:05+00:00","article_modified_time":"2018-02-22T15:39:06+00:00","og_image":[{"width":960,"height":544,"url":"https:\/\/www.eldiariodetucuman.com\/web\/wp-content\/uploads\/2018\/02\/7ed111fb756dcb46ba1a4072ae60ea4d.jpeg","type":"image\/jpeg"}],"author":"admin","twitter_card":"summary_large_image","twitter_misc":{"Escrito por":"admin","Tiempo de lectura":"2 minutos"},"schema":{"@context":"https:\/\/schema.org","@graph":[{"@type":"Article","@id":"https:\/\/www.eldiariodetucuman.com\/web\/marcos-pena-durisimo-contra-hugo-moyano\/#article","isPartOf":{"@id":"https:\/\/www.eldiariodetucuman.com\/web\/marcos-pena-durisimo-contra-hugo-moyano\/"},"author":{"name":"admin","@id":"https:\/\/www.eldiariodetucuman.com\/web\/#\/schema\/person\/9250197d75ab5483412e19678b121caa"},"headline":"Marcos Pe\u00f1a, dur\u00edsimo contra Hugo Moyano","datePublished":"2018-02-22T15:39:05+00:00","dateModified":"2018-02-22T15:39:06+00:00","mainEntityOfPage":{"@id":"https:\/\/www.eldiariodetucuman.com\/web\/marcos-pena-durisimo-contra-hugo-moyano\/"},"wordCount":482,"commentCount":0,"publisher":{"@id":"https:\/\/www.eldiariodetucuman.com\/web\/#organization"},"image":{"@id":"https:\/\/www.eldiariodetucuman.com\/web\/marcos-pena-durisimo-contra-hugo-moyano\/#primaryimage"},"thumbnailUrl":"https:\/\/www.eldiariodetucuman.com\/web\/wp-content\/uploads\/2018\/02\/7ed111fb756dcb46ba1a4072ae60ea4d.jpeg","articleSection":["Portada"],"inLanguage":"es","potentialAction":[{"@type":"CommentAction","name":"Comment","target":["https:\/\/www.eldiariodetucuman.com\/web\/marcos-pena-durisimo-contra-hugo-moyano\/#respond"]}]},{"@type":"WebPage","@id":"https:\/\/www.eldiariodetucuman.com\/web\/marcos-pena-durisimo-contra-hugo-moyano\/","url":"https:\/\/www.eldiariodetucuman.com\/web\/marcos-pena-durisimo-contra-hugo-moyano\/","name":"Marcos Pe\u00f1a, dur\u00edsimo contra Hugo Moyano - El Diario de Tucuman","isPartOf":{"@id":"https:\/\/www.eldiariodetucuman.com\/web\/#website"},"primaryImageOfPage":{"@id":"https:\/\/www.eldiariodetucuman.com\/web\/marcos-pena-durisimo-contra-hugo-moyano\/#primaryimage"},"image":{"@id":"https:\/\/www.eldiariodetucuman.com\/web\/marcos-pena-durisimo-contra-hugo-moyano\/#primaryimage"},"thumbnailUrl":"https:\/\/www.eldiariodetucuman.com\/web\/wp-content\/uploads\/2018\/02\/7ed111fb756dcb46ba1a4072ae60ea4d.jpeg","datePublished":"2018-02-22T15:39:05+00:00","dateModified":"2018-02-22T15:39:06+00:00","breadcrumb":{"@id":"https:\/\/www.eldiariodetucuman.com\/web\/marcos-pena-durisimo-contra-hugo-moyano\/#breadcrumb"},"inLanguage":"es","potentialAction":[{"@type":"ReadAction","target":["https:\/\/www.eldiariodetucuman.com\/web\/marcos-pena-durisimo-contra-hugo-moyano\/"]}]},{"@type":"ImageObject","inLanguage":"es","@id":"https:\/\/www.eldiariodetucuman.com\/web\/marcos-pena-durisimo-contra-hugo-moyano\/#primaryimage","url":"https:\/\/www.eldiariodetucuman.com\/web\/wp-content\/uploads\/2018\/02\/7ed111fb756dcb46ba1a4072ae60ea4d.jpeg","contentUrl":"https:\/\/www.eldiariodetucuman.com\/web\/wp-content\/uploads\/2018\/02\/7ed111fb756dcb46ba1a4072ae60ea4d.jpeg","width":960,"height":544},{"@type":"BreadcrumbList","@id":"https:\/\/www.eldiariodetucuman.com\/web\/marcos-pena-durisimo-contra-hugo-moyano\/#breadcrumb","itemListElement":[{"@type":"ListItem","position":1,"name":"Portada","item":"https:\/\/www.eldiariodetucuman.com\/web\/"},{"@type":"ListItem","position":2,"name":"Marcos Pe\u00f1a, dur\u00edsimo contra Hugo Moyano"}]},{"@type":"WebSite","@id":"https:\/\/www.eldiariodetucuman.com\/web\/#website","url":"https:\/\/www.eldiariodetucuman.com\/web\/","name":"El Diario de Tucuman","description":"Diario Tucuman - Informaci\u00f3n y noticias","publisher":{"@id":"https:\/\/www.eldiariodetucuman.com\/web\/#organization"},"potentialAction":[{"@type":"SearchAction","target":{"@type":"EntryPoint","urlTemplate":"https:\/\/www.eldiariodetucuman.com\/web\/?s={search_term_string}"},"query-input":{"@type":"PropertyValueSpecification","valueRequired":true,"valueName":"search_term_string"}}],"inLanguage":"es"},{"@type":"Organization","@id":"https:\/\/www.eldiariodetucuman.com\/web\/#organization","name":"El Diario de Tucuman","url":"https:\/\/www.eldiariodetucuman.com\/web\/","logo":{"@type":"ImageObject","inLanguage":"es","@id":"https:\/\/www.eldiariodetucuman.com\/web\/#\/schema\/logo\/image\/","url":"http:\/\/www.eldiariodetucuman.com\/web\/wp-content\/uploads\/2017\/12\/el-diario-de-tucuman.jpg","contentUrl":"http:\/\/www.eldiariodetucuman.com\/web\/wp-content\/uploads\/2017\/12\/el-diario-de-tucuman.jpg","width":272,"height":92,"caption":"El Diario de Tucuman"},"image":{"@id":"https:\/\/www.eldiariodetucuman.com\/web\/#\/schema\/logo\/image\/"}},{"@type":"Person","@id":"https:\/\/www.eldiariodetucuman.com\/web\/#\/schema\/person\/9250197d75ab5483412e19678b121caa","name":"admin","image":{"@type":"ImageObject","inLanguage":"es","@id":"https:\/\/secure.gravatar.com\/avatar\/c44d117c2be811212c22cb481f6b8384b6873de103fbc49e7a03cc58d7dea4ac?s=96&d=mm&r=g","url":"https:\/\/secure.gravatar.com\/avatar\/c44d117c2be811212c22cb481f6b8384b6873de103fbc49e7a03cc58d7dea4ac?s=96&d=mm&r=g","contentUrl":"https:\/\/secure.gravatar.com\/avatar\/c44d117c2be811212c22cb481f6b8384b6873de103fbc49e7a03cc58d7dea4ac?s=96&d=mm&r=g","caption":"admin"},"url":"https:\/\/www.eldiariodetucuman.com\/web\/author\/admin\/"}]}},"_links":{"self":[{"href":"https:\/\/www.eldiariodetucuman.com\/web\/wp-json\/wp\/v2\/posts\/5723","targetHints":{"allow":["GET"]}}],"collection":[{"href":"https:\/\/www.eldiariodetucuman.com\/web\/wp-json\/wp\/v2\/posts"}],"about":[{"href":"https:\/\/www.eldiariodetucuman.com\/web\/wp-json\/wp\/v2\/types\/post"}],"author":[{"embeddable":true,"href":"https:\/\/www.eldiariodetucuman.com\/web\/wp-json\/wp\/v2\/users\/1"}],"replies":[{"embeddable":true,"href":"https:\/\/www.eldiariodetucuman.com\/web\/wp-json\/wp\/v2\/comments?post=5723"}],"version-history":[{"count":1,"href":"https:\/\/www.eldiariodetucuman.com\/web\/wp-json\/wp\/v2\/posts\/5723\/revisions"}],"predecessor-version":[{"id":5725,"href":"https:\/\/www.eldiariodetucuman.com\/web\/wp-json\/wp\/v2\/posts\/5723\/revisions\/5725"}],"wp:featuredmedia":[{"embeddable":true,"href":"https:\/\/www.eldiariodetucuman.com\/web\/wp-json\/wp\/v2\/media\/5724"}],"wp:attachment":[{"href":"https:\/\/www.eldiariodetucuman.com\/web\/wp-json\/wp\/v2\/media?parent=5723"}],"wp:term":[{"taxonomy":"category","embeddable":true,"href":"https:\/\/www.eldiariodetucuman.com\/web\/wp-json\/wp\/v2\/categories?post=5723"},{"taxonomy":"post_tag","embeddable":true,"href":"https:\/\/www.eldiariodetucuman.com\/web\/wp-json\/wp\/v2\/tags?post=5723"}],"curies":[{"name":"wp","href":"https:\/\/api.w.org\/{rel}","templated":true}]}}