{"id":5714,"date":"2018-02-22T12:12:01","date_gmt":"2018-02-22T15:12:01","guid":{"rendered":"http:\/\/www.eldiariodetucuman.com\/web\/avanzan-las-obras-de-encause-de-rios-en-la-zona-de-el-molino\/"},"modified":"2018-02-22T12:12:02","modified_gmt":"2018-02-22T15:12:02","slug":"avanzan-las-obras-de-encause-de-rios-en-la-zona-de-el-molino","status":"publish","type":"post","link":"https:\/\/www.eldiariodetucuman.com\/web\/avanzan-las-obras-de-encause-de-rios-en-la-zona-de-el-molino\/","title":{"rendered":"Avanzan las obras de encause de r\u00edos en la zona de El Molino"},"content":{"rendered":"<div>\n<div readability=\"60\">\n<p>El vicegobernador, a cargo del Poder Ejecutivo, <strong>Osvaldo Jaldo<\/strong>, visit\u00f3 el sur de la provincia donde supervis\u00f3 obras construcci\u00f3n de defensas y reencause de los r\u00edos Conventillo, Jaya y Las Pavas a la altura de la localidad de El Molino.<\/p>\n<blockquote readability=\"15\">\n<p>Trabajamos durante todo el a\u00f1o pasado y los primero meses de este a\u00f1o en la zona de Alpachiri y El Molino, en conjunto con la comuna y el Gobierno de la Provincia. Donde estamos ahora, a la altura de Piedras Grandes, es un r\u00edo caudaloso y de monta\u00f1a, que cuando baja lo hace con mucha velocidad. Por eso estamos trabajando con retroexcavadoras y conversando con vecinos sobre sus inquietudes, porque esta es una zona productiva donde se produce ar\u00e1ndanos, az\u00facar y citrus y hay muchos pueblos a la vera del r\u00edo\u201d, explic\u00f3 Jaldo luego de recorrer la zona.<\/p>\n<\/blockquote>\n<p><a href=\"http:\/\/comunicaciontucuman.gob.ar\/wp-content\/uploads\/2018\/02\/Jaldo-encauce-rio-Alpachiri-inundaciones-LS-3.jpg\"><img loading=\"lazy\" decoding=\"async\" class=\"size-medium wp-image-154823 alignleft\" src=\"http:\/\/comunicaciontucuman.gob.ar\/wp-content\/uploads\/2018\/02\/Jaldo-encauce-rio-Alpachiri-inundaciones-LS-3-300x166.jpg\" alt=\"Jaldo-encauce-rio-Alpachiri-inundaciones-LS-3\" width=\"300\" height=\"166\"><\/a><\/p>\n<p>Se trabaja a lo largo de 500 metros, desde la uni\u00f3n de los r\u00edos Jaya y Las Pavas, poniendo el foco en sectores cr\u00edticos, cercanos a la poblaci\u00f3n y a sectores productivos. El ministro del Interior, <strong>Miguel Acevedo<\/strong>, record\u00f3 que en 2015 el r\u00edo cambi\u00f3 su cauce, entonces desde 2016 hasta ahora se viene haciendo un trabajo para restaurar y hacer las defensas necesarias para que el r\u00edo vuelva a su cauce normal\u201d.<\/p>\n<p>Por su parte del delegado Juan Moreno; dijo \u201cgracias al compromiso del vicegobernador y del ministro del interior de seguir trabajando en todos los puntos cr\u00edticos del r\u00edo que son los que pueden llegar a afectar a la poblaci\u00f3n\u201d. Moreno destaco la colaboraci\u00f3n de los productores de la zona de El Molino que pusieron las maquinarias para colaborar en los trabajos.<\/p>\n<p><strong>Galer\u00eda de fotos<\/strong><\/p>\n<\/div>\n<\/div>\n<p>Fuente: http:\/\/comunicaciontucuman.gob.ar\/2018\/02\/avanzan-las-obras-de-encause-de-rios-en-la-zona-de-el-molino\/<\/p>\n","protected":false},"excerpt":{"rendered":"<p>El vicegobernador, a cargo del Poder Ejecutivo, Osvaldo Jaldo, visit\u00f3 el sur de la provincia donde supervis\u00f3 obras construcci\u00f3n de defensas y reencause de los r\u00edos Conventillo, Jaya y Las Pavas a la altura de la localidad de El Molino. Trabajamos durante todo el a\u00f1o pasado y los primero meses de este a\u00f1o en la [&hellip;]<\/p>\n","protected":false},"author":1,"featured_media":5715,"comment_status":"open","ping_status":"closed","sticky":false,"template":"","format":"standard","meta":{"footnotes":""},"categories":[3],"tags":[],"class_list":{"0":"post-5714","1":"post","2":"type-post","3":"status-publish","4":"format-standard","5":"has-post-thumbnail","7":"category-politica"},"yoast_head":"<!-- This site is optimized with the Yoast SEO plugin v27.5 - https:\/\/yoast.com\/product\/yoast-seo-wordpress\/ -->\n<title>Avanzan las obras de encause de r\u00edos en la zona de El Molino - El Diario de Tucuman<\/title>\n<meta name=\"robots\" content=\"index, follow, max-snippet:-1, max-image-preview:large, max-video-preview:-1\" \/>\n<link rel=\"canonical\" href=\"https:\/\/www.eldiariodetucuman.com\/web\/avanzan-las-obras-de-encause-de-rios-en-la-zona-de-el-molino\/\" \/>\n<meta property=\"og:locale\" content=\"es_ES\" \/>\n<meta property=\"og:type\" content=\"article\" \/>\n<meta property=\"og:title\" content=\"Avanzan las obras de encause de r\u00edos en la zona de El Molino - El Diario de Tucuman\" \/>\n<meta property=\"og:description\" content=\"El vicegobernador, a cargo del Poder Ejecutivo, Osvaldo Jaldo, visit\u00f3 el sur de la provincia donde supervis\u00f3 obras construcci\u00f3n de defensas y reencause de los r\u00edos Conventillo, Jaya y Las Pavas a la altura de la localidad de El Molino. Trabajamos durante todo el a\u00f1o pasado y los primero meses de este a\u00f1o en la [&hellip;]\" \/>\n<meta property=\"og:url\" content=\"https:\/\/www.eldiariodetucuman.com\/web\/avanzan-las-obras-de-encause-de-rios-en-la-zona-de-el-molino\/\" \/>\n<meta property=\"og:site_name\" content=\"El Diario de Tucuman\" \/>\n<meta property=\"article:published_time\" content=\"2018-02-22T15:12:01+00:00\" \/>\n<meta property=\"article:modified_time\" content=\"2018-02-22T15:12:02+00:00\" \/>\n<meta property=\"og:image\" content=\"https:\/\/www.eldiariodetucuman.com\/web\/wp-content\/uploads\/2018\/02\/3bffdbb4daf096b59aba3e3a7b8f078d.jpeg\" \/>\n\t<meta property=\"og:image:width\" content=\"300\" \/>\n\t<meta property=\"og:image:height\" content=\"166\" \/>\n\t<meta property=\"og:image:type\" content=\"image\/jpeg\" \/>\n<meta name=\"author\" content=\"admin\" \/>\n<meta name=\"twitter:card\" content=\"summary_large_image\" \/>\n<meta name=\"twitter:label1\" content=\"Escrito por\" \/>\n\t<meta name=\"twitter:data1\" content=\"admin\" \/>\n\t<meta name=\"twitter:label2\" content=\"Tiempo de lectura\" \/>\n\t<meta name=\"twitter:data2\" content=\"1 minuto\" \/>\n<script type=\"application\/ld+json\" class=\"yoast-schema-graph\">{\"@context\":\"https:\\\/\\\/schema.org\",\"@graph\":[{\"@type\":\"Article\",\"@id\":\"https:\\\/\\\/www.eldiariodetucuman.com\\\/web\\\/avanzan-las-obras-de-encause-de-rios-en-la-zona-de-el-molino\\\/#article\",\"isPartOf\":{\"@id\":\"https:\\\/\\\/www.eldiariodetucuman.com\\\/web\\\/avanzan-las-obras-de-encause-de-rios-en-la-zona-de-el-molino\\\/\"},\"author\":{\"name\":\"admin\",\"@id\":\"https:\\\/\\\/www.eldiariodetucuman.com\\\/web\\\/#\\\/schema\\\/person\\\/9250197d75ab5483412e19678b121caa\"},\"headline\":\"Avanzan las obras de encause de r\u00edos en la zona de El Molino\",\"datePublished\":\"2018-02-22T15:12:01+00:00\",\"dateModified\":\"2018-02-22T15:12:02+00:00\",\"mainEntityOfPage\":{\"@id\":\"https:\\\/\\\/www.eldiariodetucuman.com\\\/web\\\/avanzan-las-obras-de-encause-de-rios-en-la-zona-de-el-molino\\\/\"},\"wordCount\":312,\"commentCount\":0,\"publisher\":{\"@id\":\"https:\\\/\\\/www.eldiariodetucuman.com\\\/web\\\/#organization\"},\"image\":{\"@id\":\"https:\\\/\\\/www.eldiariodetucuman.com\\\/web\\\/avanzan-las-obras-de-encause-de-rios-en-la-zona-de-el-molino\\\/#primaryimage\"},\"thumbnailUrl\":\"https:\\\/\\\/www.eldiariodetucuman.com\\\/web\\\/wp-content\\\/uploads\\\/2018\\\/02\\\/3bffdbb4daf096b59aba3e3a7b8f078d.jpeg\",\"articleSection\":[\"Politica\"],\"inLanguage\":\"es\",\"potentialAction\":[{\"@type\":\"CommentAction\",\"name\":\"Comment\",\"target\":[\"https:\\\/\\\/www.eldiariodetucuman.com\\\/web\\\/avanzan-las-obras-de-encause-de-rios-en-la-zona-de-el-molino\\\/#respond\"]}]},{\"@type\":\"WebPage\",\"@id\":\"https:\\\/\\\/www.eldiariodetucuman.com\\\/web\\\/avanzan-las-obras-de-encause-de-rios-en-la-zona-de-el-molino\\\/\",\"url\":\"https:\\\/\\\/www.eldiariodetucuman.com\\\/web\\\/avanzan-las-obras-de-encause-de-rios-en-la-zona-de-el-molino\\\/\",\"name\":\"Avanzan las obras de encause de r\u00edos en la zona de El Molino - El Diario de Tucuman\",\"isPartOf\":{\"@id\":\"https:\\\/\\\/www.eldiariodetucuman.com\\\/web\\\/#website\"},\"primaryImageOfPage\":{\"@id\":\"https:\\\/\\\/www.eldiariodetucuman.com\\\/web\\\/avanzan-las-obras-de-encause-de-rios-en-la-zona-de-el-molino\\\/#primaryimage\"},\"image\":{\"@id\":\"https:\\\/\\\/www.eldiariodetucuman.com\\\/web\\\/avanzan-las-obras-de-encause-de-rios-en-la-zona-de-el-molino\\\/#primaryimage\"},\"thumbnailUrl\":\"https:\\\/\\\/www.eldiariodetucuman.com\\\/web\\\/wp-content\\\/uploads\\\/2018\\\/02\\\/3bffdbb4daf096b59aba3e3a7b8f078d.jpeg\",\"datePublished\":\"2018-02-22T15:12:01+00:00\",\"dateModified\":\"2018-02-22T15:12:02+00:00\",\"breadcrumb\":{\"@id\":\"https:\\\/\\\/www.eldiariodetucuman.com\\\/web\\\/avanzan-las-obras-de-encause-de-rios-en-la-zona-de-el-molino\\\/#breadcrumb\"},\"inLanguage\":\"es\",\"potentialAction\":[{\"@type\":\"ReadAction\",\"target\":[\"https:\\\/\\\/www.eldiariodetucuman.com\\\/web\\\/avanzan-las-obras-de-encause-de-rios-en-la-zona-de-el-molino\\\/\"]}]},{\"@type\":\"ImageObject\",\"inLanguage\":\"es\",\"@id\":\"https:\\\/\\\/www.eldiariodetucuman.com\\\/web\\\/avanzan-las-obras-de-encause-de-rios-en-la-zona-de-el-molino\\\/#primaryimage\",\"url\":\"https:\\\/\\\/www.eldiariodetucuman.com\\\/web\\\/wp-content\\\/uploads\\\/2018\\\/02\\\/3bffdbb4daf096b59aba3e3a7b8f078d.jpeg\",\"contentUrl\":\"https:\\\/\\\/www.eldiariodetucuman.com\\\/web\\\/wp-content\\\/uploads\\\/2018\\\/02\\\/3bffdbb4daf096b59aba3e3a7b8f078d.jpeg\",\"width\":300,\"height\":166},{\"@type\":\"BreadcrumbList\",\"@id\":\"https:\\\/\\\/www.eldiariodetucuman.com\\\/web\\\/avanzan-las-obras-de-encause-de-rios-en-la-zona-de-el-molino\\\/#breadcrumb\",\"itemListElement\":[{\"@type\":\"ListItem\",\"position\":1,\"name\":\"Portada\",\"item\":\"https:\\\/\\\/www.eldiariodetucuman.com\\\/web\\\/\"},{\"@type\":\"ListItem\",\"position\":2,\"name\":\"Avanzan las obras de encause de r\u00edos en la zona de El Molino\"}]},{\"@type\":\"WebSite\",\"@id\":\"https:\\\/\\\/www.eldiariodetucuman.com\\\/web\\\/#website\",\"url\":\"https:\\\/\\\/www.eldiariodetucuman.com\\\/web\\\/\",\"name\":\"El Diario de Tucuman\",\"description\":\"Diario Tucuman - Informaci\u00f3n y noticias\",\"publisher\":{\"@id\":\"https:\\\/\\\/www.eldiariodetucuman.com\\\/web\\\/#organization\"},\"potentialAction\":[{\"@type\":\"SearchAction\",\"target\":{\"@type\":\"EntryPoint\",\"urlTemplate\":\"https:\\\/\\\/www.eldiariodetucuman.com\\\/web\\\/?s={search_term_string}\"},\"query-input\":{\"@type\":\"PropertyValueSpecification\",\"valueRequired\":true,\"valueName\":\"search_term_string\"}}],\"inLanguage\":\"es\"},{\"@type\":\"Organization\",\"@id\":\"https:\\\/\\\/www.eldiariodetucuman.com\\\/web\\\/#organization\",\"name\":\"El Diario de Tucuman\",\"url\":\"https:\\\/\\\/www.eldiariodetucuman.com\\\/web\\\/\",\"logo\":{\"@type\":\"ImageObject\",\"inLanguage\":\"es\",\"@id\":\"https:\\\/\\\/www.eldiariodetucuman.com\\\/web\\\/#\\\/schema\\\/logo\\\/image\\\/\",\"url\":\"http:\\\/\\\/www.eldiariodetucuman.com\\\/web\\\/wp-content\\\/uploads\\\/2017\\\/12\\\/el-diario-de-tucuman.jpg\",\"contentUrl\":\"http:\\\/\\\/www.eldiariodetucuman.com\\\/web\\\/wp-content\\\/uploads\\\/2017\\\/12\\\/el-diario-de-tucuman.jpg\",\"width\":272,\"height\":92,\"caption\":\"El Diario de Tucuman\"},\"image\":{\"@id\":\"https:\\\/\\\/www.eldiariodetucuman.com\\\/web\\\/#\\\/schema\\\/logo\\\/image\\\/\"}},{\"@type\":\"Person\",\"@id\":\"https:\\\/\\\/www.eldiariodetucuman.com\\\/web\\\/#\\\/schema\\\/person\\\/9250197d75ab5483412e19678b121caa\",\"name\":\"admin\",\"image\":{\"@type\":\"ImageObject\",\"inLanguage\":\"es\",\"@id\":\"https:\\\/\\\/secure.gravatar.com\\\/avatar\\\/c44d117c2be811212c22cb481f6b8384b6873de103fbc49e7a03cc58d7dea4ac?s=96&d=mm&r=g\",\"url\":\"https:\\\/\\\/secure.gravatar.com\\\/avatar\\\/c44d117c2be811212c22cb481f6b8384b6873de103fbc49e7a03cc58d7dea4ac?s=96&d=mm&r=g\",\"contentUrl\":\"https:\\\/\\\/secure.gravatar.com\\\/avatar\\\/c44d117c2be811212c22cb481f6b8384b6873de103fbc49e7a03cc58d7dea4ac?s=96&d=mm&r=g\",\"caption\":\"admin\"},\"url\":\"https:\\\/\\\/www.eldiariodetucuman.com\\\/web\\\/author\\\/admin\\\/\"}]}<\/script>\n<!-- \/ Yoast SEO plugin. -->","yoast_head_json":{"title":"Avanzan las obras de encause de r\u00edos en la zona de El Molino - El Diario de Tucuman","robots":{"index":"index","follow":"follow","max-snippet":"max-snippet:-1","max-image-preview":"max-image-preview:large","max-video-preview":"max-video-preview:-1"},"canonical":"https:\/\/www.eldiariodetucuman.com\/web\/avanzan-las-obras-de-encause-de-rios-en-la-zona-de-el-molino\/","og_locale":"es_ES","og_type":"article","og_title":"Avanzan las obras de encause de r\u00edos en la zona de El Molino - El Diario de Tucuman","og_description":"El vicegobernador, a cargo del Poder Ejecutivo, Osvaldo Jaldo, visit\u00f3 el sur de la provincia donde supervis\u00f3 obras construcci\u00f3n de defensas y reencause de los r\u00edos Conventillo, Jaya y Las Pavas a la altura de la localidad de El Molino. Trabajamos durante todo el a\u00f1o pasado y los primero meses de este a\u00f1o en la [&hellip;]","og_url":"https:\/\/www.eldiariodetucuman.com\/web\/avanzan-las-obras-de-encause-de-rios-en-la-zona-de-el-molino\/","og_site_name":"El Diario de Tucuman","article_published_time":"2018-02-22T15:12:01+00:00","article_modified_time":"2018-02-22T15:12:02+00:00","og_image":[{"width":300,"height":166,"url":"https:\/\/www.eldiariodetucuman.com\/web\/wp-content\/uploads\/2018\/02\/3bffdbb4daf096b59aba3e3a7b8f078d.jpeg","type":"image\/jpeg"}],"author":"admin","twitter_card":"summary_large_image","twitter_misc":{"Escrito por":"admin","Tiempo de lectura":"1 minuto"},"schema":{"@context":"https:\/\/schema.org","@graph":[{"@type":"Article","@id":"https:\/\/www.eldiariodetucuman.com\/web\/avanzan-las-obras-de-encause-de-rios-en-la-zona-de-el-molino\/#article","isPartOf":{"@id":"https:\/\/www.eldiariodetucuman.com\/web\/avanzan-las-obras-de-encause-de-rios-en-la-zona-de-el-molino\/"},"author":{"name":"admin","@id":"https:\/\/www.eldiariodetucuman.com\/web\/#\/schema\/person\/9250197d75ab5483412e19678b121caa"},"headline":"Avanzan las obras de encause de r\u00edos en la zona de El Molino","datePublished":"2018-02-22T15:12:01+00:00","dateModified":"2018-02-22T15:12:02+00:00","mainEntityOfPage":{"@id":"https:\/\/www.eldiariodetucuman.com\/web\/avanzan-las-obras-de-encause-de-rios-en-la-zona-de-el-molino\/"},"wordCount":312,"commentCount":0,"publisher":{"@id":"https:\/\/www.eldiariodetucuman.com\/web\/#organization"},"image":{"@id":"https:\/\/www.eldiariodetucuman.com\/web\/avanzan-las-obras-de-encause-de-rios-en-la-zona-de-el-molino\/#primaryimage"},"thumbnailUrl":"https:\/\/www.eldiariodetucuman.com\/web\/wp-content\/uploads\/2018\/02\/3bffdbb4daf096b59aba3e3a7b8f078d.jpeg","articleSection":["Politica"],"inLanguage":"es","potentialAction":[{"@type":"CommentAction","name":"Comment","target":["https:\/\/www.eldiariodetucuman.com\/web\/avanzan-las-obras-de-encause-de-rios-en-la-zona-de-el-molino\/#respond"]}]},{"@type":"WebPage","@id":"https:\/\/www.eldiariodetucuman.com\/web\/avanzan-las-obras-de-encause-de-rios-en-la-zona-de-el-molino\/","url":"https:\/\/www.eldiariodetucuman.com\/web\/avanzan-las-obras-de-encause-de-rios-en-la-zona-de-el-molino\/","name":"Avanzan las obras de encause de r\u00edos en la zona de El Molino - El Diario de Tucuman","isPartOf":{"@id":"https:\/\/www.eldiariodetucuman.com\/web\/#website"},"primaryImageOfPage":{"@id":"https:\/\/www.eldiariodetucuman.com\/web\/avanzan-las-obras-de-encause-de-rios-en-la-zona-de-el-molino\/#primaryimage"},"image":{"@id":"https:\/\/www.eldiariodetucuman.com\/web\/avanzan-las-obras-de-encause-de-rios-en-la-zona-de-el-molino\/#primaryimage"},"thumbnailUrl":"https:\/\/www.eldiariodetucuman.com\/web\/wp-content\/uploads\/2018\/02\/3bffdbb4daf096b59aba3e3a7b8f078d.jpeg","datePublished":"2018-02-22T15:12:01+00:00","dateModified":"2018-02-22T15:12:02+00:00","breadcrumb":{"@id":"https:\/\/www.eldiariodetucuman.com\/web\/avanzan-las-obras-de-encause-de-rios-en-la-zona-de-el-molino\/#breadcrumb"},"inLanguage":"es","potentialAction":[{"@type":"ReadAction","target":["https:\/\/www.eldiariodetucuman.com\/web\/avanzan-las-obras-de-encause-de-rios-en-la-zona-de-el-molino\/"]}]},{"@type":"ImageObject","inLanguage":"es","@id":"https:\/\/www.eldiariodetucuman.com\/web\/avanzan-las-obras-de-encause-de-rios-en-la-zona-de-el-molino\/#primaryimage","url":"https:\/\/www.eldiariodetucuman.com\/web\/wp-content\/uploads\/2018\/02\/3bffdbb4daf096b59aba3e3a7b8f078d.jpeg","contentUrl":"https:\/\/www.eldiariodetucuman.com\/web\/wp-content\/uploads\/2018\/02\/3bffdbb4daf096b59aba3e3a7b8f078d.jpeg","width":300,"height":166},{"@type":"BreadcrumbList","@id":"https:\/\/www.eldiariodetucuman.com\/web\/avanzan-las-obras-de-encause-de-rios-en-la-zona-de-el-molino\/#breadcrumb","itemListElement":[{"@type":"ListItem","position":1,"name":"Portada","item":"https:\/\/www.eldiariodetucuman.com\/web\/"},{"@type":"ListItem","position":2,"name":"Avanzan las obras de encause de r\u00edos en la zona de El Molino"}]},{"@type":"WebSite","@id":"https:\/\/www.eldiariodetucuman.com\/web\/#website","url":"https:\/\/www.eldiariodetucuman.com\/web\/","name":"El Diario de Tucuman","description":"Diario Tucuman - Informaci\u00f3n y noticias","publisher":{"@id":"https:\/\/www.eldiariodetucuman.com\/web\/#organization"},"potentialAction":[{"@type":"SearchAction","target":{"@type":"EntryPoint","urlTemplate":"https:\/\/www.eldiariodetucuman.com\/web\/?s={search_term_string}"},"query-input":{"@type":"PropertyValueSpecification","valueRequired":true,"valueName":"search_term_string"}}],"inLanguage":"es"},{"@type":"Organization","@id":"https:\/\/www.eldiariodetucuman.com\/web\/#organization","name":"El Diario de Tucuman","url":"https:\/\/www.eldiariodetucuman.com\/web\/","logo":{"@type":"ImageObject","inLanguage":"es","@id":"https:\/\/www.eldiariodetucuman.com\/web\/#\/schema\/logo\/image\/","url":"http:\/\/www.eldiariodetucuman.com\/web\/wp-content\/uploads\/2017\/12\/el-diario-de-tucuman.jpg","contentUrl":"http:\/\/www.eldiariodetucuman.com\/web\/wp-content\/uploads\/2017\/12\/el-diario-de-tucuman.jpg","width":272,"height":92,"caption":"El Diario de Tucuman"},"image":{"@id":"https:\/\/www.eldiariodetucuman.com\/web\/#\/schema\/logo\/image\/"}},{"@type":"Person","@id":"https:\/\/www.eldiariodetucuman.com\/web\/#\/schema\/person\/9250197d75ab5483412e19678b121caa","name":"admin","image":{"@type":"ImageObject","inLanguage":"es","@id":"https:\/\/secure.gravatar.com\/avatar\/c44d117c2be811212c22cb481f6b8384b6873de103fbc49e7a03cc58d7dea4ac?s=96&d=mm&r=g","url":"https:\/\/secure.gravatar.com\/avatar\/c44d117c2be811212c22cb481f6b8384b6873de103fbc49e7a03cc58d7dea4ac?s=96&d=mm&r=g","contentUrl":"https:\/\/secure.gravatar.com\/avatar\/c44d117c2be811212c22cb481f6b8384b6873de103fbc49e7a03cc58d7dea4ac?s=96&d=mm&r=g","caption":"admin"},"url":"https:\/\/www.eldiariodetucuman.com\/web\/author\/admin\/"}]}},"_links":{"self":[{"href":"https:\/\/www.eldiariodetucuman.com\/web\/wp-json\/wp\/v2\/posts\/5714","targetHints":{"allow":["GET"]}}],"collection":[{"href":"https:\/\/www.eldiariodetucuman.com\/web\/wp-json\/wp\/v2\/posts"}],"about":[{"href":"https:\/\/www.eldiariodetucuman.com\/web\/wp-json\/wp\/v2\/types\/post"}],"author":[{"embeddable":true,"href":"https:\/\/www.eldiariodetucuman.com\/web\/wp-json\/wp\/v2\/users\/1"}],"replies":[{"embeddable":true,"href":"https:\/\/www.eldiariodetucuman.com\/web\/wp-json\/wp\/v2\/comments?post=5714"}],"version-history":[{"count":1,"href":"https:\/\/www.eldiariodetucuman.com\/web\/wp-json\/wp\/v2\/posts\/5714\/revisions"}],"predecessor-version":[{"id":5716,"href":"https:\/\/www.eldiariodetucuman.com\/web\/wp-json\/wp\/v2\/posts\/5714\/revisions\/5716"}],"wp:featuredmedia":[{"embeddable":true,"href":"https:\/\/www.eldiariodetucuman.com\/web\/wp-json\/wp\/v2\/media\/5715"}],"wp:attachment":[{"href":"https:\/\/www.eldiariodetucuman.com\/web\/wp-json\/wp\/v2\/media?parent=5714"}],"wp:term":[{"taxonomy":"category","embeddable":true,"href":"https:\/\/www.eldiariodetucuman.com\/web\/wp-json\/wp\/v2\/categories?post=5714"},{"taxonomy":"post_tag","embeddable":true,"href":"https:\/\/www.eldiariodetucuman.com\/web\/wp-json\/wp\/v2\/tags?post=5714"}],"curies":[{"name":"wp","href":"https:\/\/api.w.org\/{rel}","templated":true}]}}