{"id":5708,"date":"2018-02-22T12:02:34","date_gmt":"2018-02-22T15:02:34","guid":{"rendered":"http:\/\/www.eldiariodetucuman.com\/web\/jaldo-destaco-la-captura-de-abraham-los-familiares-de-los-policias-nos-pidieron-que-el-asesino-no-quede-suelto\/"},"modified":"2018-02-22T12:02:37","modified_gmt":"2018-02-22T15:02:37","slug":"jaldo-destaco-la-captura-de-abraham-los-familiares-de-los-policias-nos-pidieron-que-el-asesino-no-quede-suelto","status":"publish","type":"post","link":"https:\/\/www.eldiariodetucuman.com\/web\/jaldo-destaco-la-captura-de-abraham-los-familiares-de-los-policias-nos-pidieron-que-el-asesino-no-quede-suelto\/","title":{"rendered":"Jaldo destac\u00f3 la captura de Abraham: \u00ablos familiares de los polic\u00edas nos pidieron que el asesino no quede suelto\u00bb"},"content":{"rendered":"<div>\n<div readability=\"81.021897810219\">\n<p>El vicegobernador <b>Osvaldo Jaldo<\/b> encabez\u00f3 esta ma\u00f1ana una conferencia de prensa para anunciar oficialmente la detenci\u00f3n de <b>M\u00e1ximo Abraham<\/b>, el principal acusado del doble homicidio de los polic\u00edas en el parque 9 de Julio. \u00abEl principal sospechoso del asesinato de los dos polic\u00edas de Tucum\u00e1n ha sido atrapado\u00bb, remarc\u00f3 en conferencia de prensa.<\/p>\n<p>Jaldo, a cargo del Ejecutivo por la misi\u00f3n oficial del gobernador <b>Juan Manzur<\/b>, destac\u00f3 la labor de la fiscala Adriana Reinoso Cuello, del Ministerio Fiscal, de la Polic\u00eda y del Ministerio de Seguridad. \u201cCon esto venimos cumpliendo en parte con la sociedad tucumana, sobre todo de ir esclareciendo un hecho que ha conmocionado a todos los tucumanos, pero fundamentalmente a la familia policial\u00bb, agreg\u00f3.<\/p>\n<p><span class=\"style link\"><a href=\"https:\/\/www.lagaceta.com.ar\/nota\/762130\/actualidad\/no-se-estaba-ocultando-temor-lo-dominaba-dijo-abogado-maximo-abraham.html\" mce_href=\"https:\/\/www.lagaceta.com.ar\/nota\/762130\/actualidad\/no-se-estaba-ocultando-temor-lo-dominaba-dijo-abogado-maximo-abraham.html\" target=\"_blank\">\u00abNo se estaba ocultando, el temor lo dominaba\u00bb, dijo el abogado de M\u00e1ximo Abraham<\/a><\/span><\/p>\n<p>El vicegobernador, que estuvo acompa\u00f1ado por el ministro de Seguridad <b>Claudio Maley<\/b>, el jefe de Polic\u00eda <b>Jos\u00e9 D\u00edaz<\/b> y el legislador <b>Jos\u00e9 Pucharras<\/b>, precis\u00f3 que el principal sospechoso qued\u00f3 puesto a disposici\u00f3n de la Justicia. \u00abA partir de ahora es un tema judicial m\u00e1s que policial\u00bb, indic\u00f3.<\/p>\n<p><span class=\"style link\"><a href=\"https:\/\/www.lagaceta.com.ar\/nota\/762131\/actualidad\/asi-trasladaban-maxi-abraham-hacia-tribunales.html\" mce_href=\"https:\/\/www.lagaceta.com.ar\/nota\/762131\/actualidad\/asi-trasladaban-maxi-abraham-hacia-tribunales.html\" target=\"_blank\">As\u00ed trasladaban a Maxi Abraham hacia Tribunales<\/a><\/span><\/p>\n<p>\u00abNo es una causa m\u00e1s. Es una causa muy importante donde han fallecido dos polic\u00edas de la provincia Tucum\u00e1n. El Poder Judicial, y sobre todo la fiscal, que ha venido haciendo un muy buen trabajo y que por eso hemos tenido el resultado que hemos tenido, seguramente va a informar cuando ella considere y de la manera que ella considere, seguramente va a estar informando\u00bb, apunt\u00f3 Jaldo.<\/p>\n<p><span class=\"style link\"><a href=\"https:\/\/www.lagaceta.com.ar\/nota\/762130\/actualidad\/no-se-estaba-ocultando-temor-lo-dominaba-dijo-abogado-maximo-abraham.html\" mce_href=\"https:\/\/www.lagaceta.com.ar\/nota\/762130\/actualidad\/no-se-estaba-ocultando-temor-lo-dominaba-dijo-abogado-maximo-abraham.html\" target=\"_blank\">\u00abNo se estaba ocultando, el temor lo dominaba\u00bb, dijo el abogado de M\u00e1ximo Abraham<\/a><\/span><\/p>\n<p>El titular del Poder Legislativo destac\u00f3 la labor de la Polic\u00eda en este caso, en el crimen del taxista de Alderetes y del <a href=\"https:\/\/www.lagaceta.com.ar\/nota\/762105\/actualidad\/robo-millonario-famailla-estar-cerca-comisaria-nunca-penso-lo-iban-asaltar.html\" mce_href=\"https:\/\/www.lagaceta.com.ar\/nota\/762105\/actualidad\/robo-millonario-famailla-estar-cerca-comisaria-nunca-penso-lo-iban-asaltar.html\" target=\"_blank\">robo millonario en Famaill\u00e1<\/a>. \u00abCada hecho que se logra aclarar son objetivos y metas que nos venimos poniendo. Cumplir un objetivos sentimos satisfacci\u00f3n. No es un hecho que nos pone feliz, porque no hay dudas que ha sido un hecho lamentable. Hay esposas que han perdido a los maridos y hay chicos que han perdidos a los pap\u00e1s. Estamos conforme con el trabajo que ha hecho la Polic\u00eda\u00bb.<\/p>\n<p><span class=\"style link\"><a href=\"https:\/\/www.lagaceta.com.ar\/nota\/761527\/actualidad\/doble-crimen-era-sabido-iba-ocurrir-tragedia-asi-dijo-hermana-sospechoso.html\" mce_href=\"https:\/\/www.lagaceta.com.ar\/nota\/761527\/actualidad\/doble-crimen-era-sabido-iba-ocurrir-tragedia-asi-dijo-hermana-sospechoso.html\" target=\"_blank\">Doble crimen: \u00abera sabido que iba a ocurrir una tragedia as\u00ed\u00bb, dijo la hermana del sospechoso<\/a><\/span><\/p>\n<p>Los polic\u00edas P\u00e1ez Gonz\u00e1lez y Peralta fueron asesinados a balazos en la madrugada del martes 13 de febrero frente a la Casa del Obispo Colombres, en el parque 9 de Julio. Los homicidios generaron conmoci\u00f3n en la sociedad e indignaci\u00f3n entre los familiares de los uniformados, que <a href=\"https:\/\/www.lagaceta.com.ar\/nota\/761506\/actualidad\/pidieron-mas-medidas-seguridad-para-uniformados.html\" mce_href=\"https:\/\/www.lagaceta.com.ar\/nota\/761506\/actualidad\/pidieron-mas-medidas-seguridad-para-uniformados.html\" target=\"_blank\">marcharon para pedir justicia y mayor protecci\u00f3n<\/a>.<\/p>\n<\/p><\/div>\n<\/div>\n<p>Fuente: http:\/\/www.lagaceta.com.ar\/nota\/762133\/actualidad\/jaldo-destaco-captura-abraham-los-familiares-policias-nos-pidieron-asesino-no-quede-suelto.html<\/p>\n","protected":false},"excerpt":{"rendered":"<p>El vicegobernador Osvaldo Jaldo encabez\u00f3 esta ma\u00f1ana una conferencia de prensa para anunciar oficialmente la detenci\u00f3n de M\u00e1ximo Abraham, el principal acusado del doble homicidio de los polic\u00edas en el parque 9 de Julio. \u00abEl principal sospechoso del asesinato de los dos polic\u00edas de Tucum\u00e1n ha sido atrapado\u00bb, remarc\u00f3 en conferencia de prensa. Jaldo, a [&hellip;]<\/p>\n","protected":false},"author":1,"featured_media":5709,"comment_status":"open","ping_status":"closed","sticky":false,"template":"","format":"standard","meta":{"footnotes":""},"categories":[1],"tags":[],"class_list":{"0":"post-5708","1":"post","2":"type-post","3":"status-publish","4":"format-standard","5":"has-post-thumbnail","7":"category-portada"},"yoast_head":"<!-- This site is optimized with the Yoast SEO plugin v27.5 - https:\/\/yoast.com\/product\/yoast-seo-wordpress\/ -->\n<title>Jaldo destac\u00f3 la captura de Abraham: &quot;los familiares de los polic\u00edas nos pidieron que el asesino no quede suelto&quot; - El Diario de Tucuman<\/title>\n<meta name=\"robots\" content=\"index, follow, max-snippet:-1, max-image-preview:large, max-video-preview:-1\" \/>\n<link rel=\"canonical\" href=\"https:\/\/www.eldiariodetucuman.com\/web\/jaldo-destaco-la-captura-de-abraham-los-familiares-de-los-policias-nos-pidieron-que-el-asesino-no-quede-suelto\/\" \/>\n<meta property=\"og:locale\" content=\"es_ES\" \/>\n<meta property=\"og:type\" content=\"article\" \/>\n<meta property=\"og:title\" content=\"Jaldo destac\u00f3 la captura de Abraham: &quot;los familiares de los polic\u00edas nos pidieron que el asesino no quede suelto&quot; - El Diario de Tucuman\" \/>\n<meta property=\"og:description\" content=\"El vicegobernador Osvaldo Jaldo encabez\u00f3 esta ma\u00f1ana una conferencia de prensa para anunciar oficialmente la detenci\u00f3n de M\u00e1ximo Abraham, el principal acusado del doble homicidio de los polic\u00edas en el parque 9 de Julio. \u00abEl principal sospechoso del asesinato de los dos polic\u00edas de Tucum\u00e1n ha sido atrapado\u00bb, remarc\u00f3 en conferencia de prensa. Jaldo, a [&hellip;]\" \/>\n<meta property=\"og:url\" content=\"https:\/\/www.eldiariodetucuman.com\/web\/jaldo-destaco-la-captura-de-abraham-los-familiares-de-los-policias-nos-pidieron-que-el-asesino-no-quede-suelto\/\" \/>\n<meta property=\"og:site_name\" content=\"El Diario de Tucuman\" \/>\n<meta property=\"article:published_time\" content=\"2018-02-22T15:02:34+00:00\" \/>\n<meta property=\"article:modified_time\" content=\"2018-02-22T15:02:37+00:00\" \/>\n<meta property=\"og:image\" content=\"https:\/\/www.eldiariodetucuman.com\/web\/wp-content\/uploads\/2018\/02\/48e5a737ad30b23bab516cc20e7dfb4a.jpeg\" \/>\n\t<meta property=\"og:image:width\" content=\"1500\" \/>\n\t<meta property=\"og:image:height\" content=\"850\" \/>\n\t<meta property=\"og:image:type\" content=\"image\/jpeg\" \/>\n<meta name=\"author\" content=\"admin\" \/>\n<meta name=\"twitter:card\" content=\"summary_large_image\" \/>\n<meta name=\"twitter:label1\" content=\"Escrito por\" \/>\n\t<meta name=\"twitter:data1\" content=\"admin\" \/>\n\t<meta name=\"twitter:label2\" content=\"Tiempo de lectura\" \/>\n\t<meta name=\"twitter:data2\" content=\"2 minutos\" \/>\n<script type=\"application\/ld+json\" class=\"yoast-schema-graph\">{\"@context\":\"https:\\\/\\\/schema.org\",\"@graph\":[{\"@type\":\"Article\",\"@id\":\"https:\\\/\\\/www.eldiariodetucuman.com\\\/web\\\/jaldo-destaco-la-captura-de-abraham-los-familiares-de-los-policias-nos-pidieron-que-el-asesino-no-quede-suelto\\\/#article\",\"isPartOf\":{\"@id\":\"https:\\\/\\\/www.eldiariodetucuman.com\\\/web\\\/jaldo-destaco-la-captura-de-abraham-los-familiares-de-los-policias-nos-pidieron-que-el-asesino-no-quede-suelto\\\/\"},\"author\":{\"name\":\"admin\",\"@id\":\"https:\\\/\\\/www.eldiariodetucuman.com\\\/web\\\/#\\\/schema\\\/person\\\/9250197d75ab5483412e19678b121caa\"},\"headline\":\"Jaldo destac\u00f3 la captura de Abraham: \u00ablos familiares de los polic\u00edas nos pidieron que el asesino no quede suelto\u00bb\",\"datePublished\":\"2018-02-22T15:02:34+00:00\",\"dateModified\":\"2018-02-22T15:02:37+00:00\",\"mainEntityOfPage\":{\"@id\":\"https:\\\/\\\/www.eldiariodetucuman.com\\\/web\\\/jaldo-destaco-la-captura-de-abraham-los-familiares-de-los-policias-nos-pidieron-que-el-asesino-no-quede-suelto\\\/\"},\"wordCount\":482,\"commentCount\":0,\"publisher\":{\"@id\":\"https:\\\/\\\/www.eldiariodetucuman.com\\\/web\\\/#organization\"},\"image\":{\"@id\":\"https:\\\/\\\/www.eldiariodetucuman.com\\\/web\\\/jaldo-destaco-la-captura-de-abraham-los-familiares-de-los-policias-nos-pidieron-que-el-asesino-no-quede-suelto\\\/#primaryimage\"},\"thumbnailUrl\":\"https:\\\/\\\/www.eldiariodetucuman.com\\\/web\\\/wp-content\\\/uploads\\\/2018\\\/02\\\/48e5a737ad30b23bab516cc20e7dfb4a.jpeg\",\"articleSection\":[\"Portada\"],\"inLanguage\":\"es\",\"potentialAction\":[{\"@type\":\"CommentAction\",\"name\":\"Comment\",\"target\":[\"https:\\\/\\\/www.eldiariodetucuman.com\\\/web\\\/jaldo-destaco-la-captura-de-abraham-los-familiares-de-los-policias-nos-pidieron-que-el-asesino-no-quede-suelto\\\/#respond\"]}]},{\"@type\":\"WebPage\",\"@id\":\"https:\\\/\\\/www.eldiariodetucuman.com\\\/web\\\/jaldo-destaco-la-captura-de-abraham-los-familiares-de-los-policias-nos-pidieron-que-el-asesino-no-quede-suelto\\\/\",\"url\":\"https:\\\/\\\/www.eldiariodetucuman.com\\\/web\\\/jaldo-destaco-la-captura-de-abraham-los-familiares-de-los-policias-nos-pidieron-que-el-asesino-no-quede-suelto\\\/\",\"name\":\"Jaldo destac\u00f3 la captura de Abraham: \\\"los familiares de los polic\u00edas nos pidieron que el asesino no quede suelto\\\" - El Diario de Tucuman\",\"isPartOf\":{\"@id\":\"https:\\\/\\\/www.eldiariodetucuman.com\\\/web\\\/#website\"},\"primaryImageOfPage\":{\"@id\":\"https:\\\/\\\/www.eldiariodetucuman.com\\\/web\\\/jaldo-destaco-la-captura-de-abraham-los-familiares-de-los-policias-nos-pidieron-que-el-asesino-no-quede-suelto\\\/#primaryimage\"},\"image\":{\"@id\":\"https:\\\/\\\/www.eldiariodetucuman.com\\\/web\\\/jaldo-destaco-la-captura-de-abraham-los-familiares-de-los-policias-nos-pidieron-que-el-asesino-no-quede-suelto\\\/#primaryimage\"},\"thumbnailUrl\":\"https:\\\/\\\/www.eldiariodetucuman.com\\\/web\\\/wp-content\\\/uploads\\\/2018\\\/02\\\/48e5a737ad30b23bab516cc20e7dfb4a.jpeg\",\"datePublished\":\"2018-02-22T15:02:34+00:00\",\"dateModified\":\"2018-02-22T15:02:37+00:00\",\"breadcrumb\":{\"@id\":\"https:\\\/\\\/www.eldiariodetucuman.com\\\/web\\\/jaldo-destaco-la-captura-de-abraham-los-familiares-de-los-policias-nos-pidieron-que-el-asesino-no-quede-suelto\\\/#breadcrumb\"},\"inLanguage\":\"es\",\"potentialAction\":[{\"@type\":\"ReadAction\",\"target\":[\"https:\\\/\\\/www.eldiariodetucuman.com\\\/web\\\/jaldo-destaco-la-captura-de-abraham-los-familiares-de-los-policias-nos-pidieron-que-el-asesino-no-quede-suelto\\\/\"]}]},{\"@type\":\"ImageObject\",\"inLanguage\":\"es\",\"@id\":\"https:\\\/\\\/www.eldiariodetucuman.com\\\/web\\\/jaldo-destaco-la-captura-de-abraham-los-familiares-de-los-policias-nos-pidieron-que-el-asesino-no-quede-suelto\\\/#primaryimage\",\"url\":\"https:\\\/\\\/www.eldiariodetucuman.com\\\/web\\\/wp-content\\\/uploads\\\/2018\\\/02\\\/48e5a737ad30b23bab516cc20e7dfb4a.jpeg\",\"contentUrl\":\"https:\\\/\\\/www.eldiariodetucuman.com\\\/web\\\/wp-content\\\/uploads\\\/2018\\\/02\\\/48e5a737ad30b23bab516cc20e7dfb4a.jpeg\",\"width\":1500,\"height\":850},{\"@type\":\"BreadcrumbList\",\"@id\":\"https:\\\/\\\/www.eldiariodetucuman.com\\\/web\\\/jaldo-destaco-la-captura-de-abraham-los-familiares-de-los-policias-nos-pidieron-que-el-asesino-no-quede-suelto\\\/#breadcrumb\",\"itemListElement\":[{\"@type\":\"ListItem\",\"position\":1,\"name\":\"Portada\",\"item\":\"https:\\\/\\\/www.eldiariodetucuman.com\\\/web\\\/\"},{\"@type\":\"ListItem\",\"position\":2,\"name\":\"Jaldo destac\u00f3 la captura de Abraham: \u00ablos familiares de los polic\u00edas nos pidieron que el asesino no quede suelto\u00bb\"}]},{\"@type\":\"WebSite\",\"@id\":\"https:\\\/\\\/www.eldiariodetucuman.com\\\/web\\\/#website\",\"url\":\"https:\\\/\\\/www.eldiariodetucuman.com\\\/web\\\/\",\"name\":\"El Diario de Tucuman\",\"description\":\"Diario Tucuman - Informaci\u00f3n y noticias\",\"publisher\":{\"@id\":\"https:\\\/\\\/www.eldiariodetucuman.com\\\/web\\\/#organization\"},\"potentialAction\":[{\"@type\":\"SearchAction\",\"target\":{\"@type\":\"EntryPoint\",\"urlTemplate\":\"https:\\\/\\\/www.eldiariodetucuman.com\\\/web\\\/?s={search_term_string}\"},\"query-input\":{\"@type\":\"PropertyValueSpecification\",\"valueRequired\":true,\"valueName\":\"search_term_string\"}}],\"inLanguage\":\"es\"},{\"@type\":\"Organization\",\"@id\":\"https:\\\/\\\/www.eldiariodetucuman.com\\\/web\\\/#organization\",\"name\":\"El Diario de Tucuman\",\"url\":\"https:\\\/\\\/www.eldiariodetucuman.com\\\/web\\\/\",\"logo\":{\"@type\":\"ImageObject\",\"inLanguage\":\"es\",\"@id\":\"https:\\\/\\\/www.eldiariodetucuman.com\\\/web\\\/#\\\/schema\\\/logo\\\/image\\\/\",\"url\":\"http:\\\/\\\/www.eldiariodetucuman.com\\\/web\\\/wp-content\\\/uploads\\\/2017\\\/12\\\/el-diario-de-tucuman.jpg\",\"contentUrl\":\"http:\\\/\\\/www.eldiariodetucuman.com\\\/web\\\/wp-content\\\/uploads\\\/2017\\\/12\\\/el-diario-de-tucuman.jpg\",\"width\":272,\"height\":92,\"caption\":\"El Diario de Tucuman\"},\"image\":{\"@id\":\"https:\\\/\\\/www.eldiariodetucuman.com\\\/web\\\/#\\\/schema\\\/logo\\\/image\\\/\"}},{\"@type\":\"Person\",\"@id\":\"https:\\\/\\\/www.eldiariodetucuman.com\\\/web\\\/#\\\/schema\\\/person\\\/9250197d75ab5483412e19678b121caa\",\"name\":\"admin\",\"image\":{\"@type\":\"ImageObject\",\"inLanguage\":\"es\",\"@id\":\"https:\\\/\\\/secure.gravatar.com\\\/avatar\\\/c44d117c2be811212c22cb481f6b8384b6873de103fbc49e7a03cc58d7dea4ac?s=96&d=mm&r=g\",\"url\":\"https:\\\/\\\/secure.gravatar.com\\\/avatar\\\/c44d117c2be811212c22cb481f6b8384b6873de103fbc49e7a03cc58d7dea4ac?s=96&d=mm&r=g\",\"contentUrl\":\"https:\\\/\\\/secure.gravatar.com\\\/avatar\\\/c44d117c2be811212c22cb481f6b8384b6873de103fbc49e7a03cc58d7dea4ac?s=96&d=mm&r=g\",\"caption\":\"admin\"},\"url\":\"https:\\\/\\\/www.eldiariodetucuman.com\\\/web\\\/author\\\/admin\\\/\"}]}<\/script>\n<!-- \/ Yoast SEO plugin. -->","yoast_head_json":{"title":"Jaldo destac\u00f3 la captura de Abraham: \"los familiares de los polic\u00edas nos pidieron que el asesino no quede suelto\" - El Diario de Tucuman","robots":{"index":"index","follow":"follow","max-snippet":"max-snippet:-1","max-image-preview":"max-image-preview:large","max-video-preview":"max-video-preview:-1"},"canonical":"https:\/\/www.eldiariodetucuman.com\/web\/jaldo-destaco-la-captura-de-abraham-los-familiares-de-los-policias-nos-pidieron-que-el-asesino-no-quede-suelto\/","og_locale":"es_ES","og_type":"article","og_title":"Jaldo destac\u00f3 la captura de Abraham: \"los familiares de los polic\u00edas nos pidieron que el asesino no quede suelto\" - El Diario de Tucuman","og_description":"El vicegobernador Osvaldo Jaldo encabez\u00f3 esta ma\u00f1ana una conferencia de prensa para anunciar oficialmente la detenci\u00f3n de M\u00e1ximo Abraham, el principal acusado del doble homicidio de los polic\u00edas en el parque 9 de Julio. \u00abEl principal sospechoso del asesinato de los dos polic\u00edas de Tucum\u00e1n ha sido atrapado\u00bb, remarc\u00f3 en conferencia de prensa. Jaldo, a [&hellip;]","og_url":"https:\/\/www.eldiariodetucuman.com\/web\/jaldo-destaco-la-captura-de-abraham-los-familiares-de-los-policias-nos-pidieron-que-el-asesino-no-quede-suelto\/","og_site_name":"El Diario de Tucuman","article_published_time":"2018-02-22T15:02:34+00:00","article_modified_time":"2018-02-22T15:02:37+00:00","og_image":[{"width":1500,"height":850,"url":"https:\/\/www.eldiariodetucuman.com\/web\/wp-content\/uploads\/2018\/02\/48e5a737ad30b23bab516cc20e7dfb4a.jpeg","type":"image\/jpeg"}],"author":"admin","twitter_card":"summary_large_image","twitter_misc":{"Escrito por":"admin","Tiempo de lectura":"2 minutos"},"schema":{"@context":"https:\/\/schema.org","@graph":[{"@type":"Article","@id":"https:\/\/www.eldiariodetucuman.com\/web\/jaldo-destaco-la-captura-de-abraham-los-familiares-de-los-policias-nos-pidieron-que-el-asesino-no-quede-suelto\/#article","isPartOf":{"@id":"https:\/\/www.eldiariodetucuman.com\/web\/jaldo-destaco-la-captura-de-abraham-los-familiares-de-los-policias-nos-pidieron-que-el-asesino-no-quede-suelto\/"},"author":{"name":"admin","@id":"https:\/\/www.eldiariodetucuman.com\/web\/#\/schema\/person\/9250197d75ab5483412e19678b121caa"},"headline":"Jaldo destac\u00f3 la captura de Abraham: \u00ablos familiares de los polic\u00edas nos pidieron que el asesino no quede suelto\u00bb","datePublished":"2018-02-22T15:02:34+00:00","dateModified":"2018-02-22T15:02:37+00:00","mainEntityOfPage":{"@id":"https:\/\/www.eldiariodetucuman.com\/web\/jaldo-destaco-la-captura-de-abraham-los-familiares-de-los-policias-nos-pidieron-que-el-asesino-no-quede-suelto\/"},"wordCount":482,"commentCount":0,"publisher":{"@id":"https:\/\/www.eldiariodetucuman.com\/web\/#organization"},"image":{"@id":"https:\/\/www.eldiariodetucuman.com\/web\/jaldo-destaco-la-captura-de-abraham-los-familiares-de-los-policias-nos-pidieron-que-el-asesino-no-quede-suelto\/#primaryimage"},"thumbnailUrl":"https:\/\/www.eldiariodetucuman.com\/web\/wp-content\/uploads\/2018\/02\/48e5a737ad30b23bab516cc20e7dfb4a.jpeg","articleSection":["Portada"],"inLanguage":"es","potentialAction":[{"@type":"CommentAction","name":"Comment","target":["https:\/\/www.eldiariodetucuman.com\/web\/jaldo-destaco-la-captura-de-abraham-los-familiares-de-los-policias-nos-pidieron-que-el-asesino-no-quede-suelto\/#respond"]}]},{"@type":"WebPage","@id":"https:\/\/www.eldiariodetucuman.com\/web\/jaldo-destaco-la-captura-de-abraham-los-familiares-de-los-policias-nos-pidieron-que-el-asesino-no-quede-suelto\/","url":"https:\/\/www.eldiariodetucuman.com\/web\/jaldo-destaco-la-captura-de-abraham-los-familiares-de-los-policias-nos-pidieron-que-el-asesino-no-quede-suelto\/","name":"Jaldo destac\u00f3 la captura de Abraham: \"los familiares de los polic\u00edas nos pidieron que el asesino no quede suelto\" - El Diario de Tucuman","isPartOf":{"@id":"https:\/\/www.eldiariodetucuman.com\/web\/#website"},"primaryImageOfPage":{"@id":"https:\/\/www.eldiariodetucuman.com\/web\/jaldo-destaco-la-captura-de-abraham-los-familiares-de-los-policias-nos-pidieron-que-el-asesino-no-quede-suelto\/#primaryimage"},"image":{"@id":"https:\/\/www.eldiariodetucuman.com\/web\/jaldo-destaco-la-captura-de-abraham-los-familiares-de-los-policias-nos-pidieron-que-el-asesino-no-quede-suelto\/#primaryimage"},"thumbnailUrl":"https:\/\/www.eldiariodetucuman.com\/web\/wp-content\/uploads\/2018\/02\/48e5a737ad30b23bab516cc20e7dfb4a.jpeg","datePublished":"2018-02-22T15:02:34+00:00","dateModified":"2018-02-22T15:02:37+00:00","breadcrumb":{"@id":"https:\/\/www.eldiariodetucuman.com\/web\/jaldo-destaco-la-captura-de-abraham-los-familiares-de-los-policias-nos-pidieron-que-el-asesino-no-quede-suelto\/#breadcrumb"},"inLanguage":"es","potentialAction":[{"@type":"ReadAction","target":["https:\/\/www.eldiariodetucuman.com\/web\/jaldo-destaco-la-captura-de-abraham-los-familiares-de-los-policias-nos-pidieron-que-el-asesino-no-quede-suelto\/"]}]},{"@type":"ImageObject","inLanguage":"es","@id":"https:\/\/www.eldiariodetucuman.com\/web\/jaldo-destaco-la-captura-de-abraham-los-familiares-de-los-policias-nos-pidieron-que-el-asesino-no-quede-suelto\/#primaryimage","url":"https:\/\/www.eldiariodetucuman.com\/web\/wp-content\/uploads\/2018\/02\/48e5a737ad30b23bab516cc20e7dfb4a.jpeg","contentUrl":"https:\/\/www.eldiariodetucuman.com\/web\/wp-content\/uploads\/2018\/02\/48e5a737ad30b23bab516cc20e7dfb4a.jpeg","width":1500,"height":850},{"@type":"BreadcrumbList","@id":"https:\/\/www.eldiariodetucuman.com\/web\/jaldo-destaco-la-captura-de-abraham-los-familiares-de-los-policias-nos-pidieron-que-el-asesino-no-quede-suelto\/#breadcrumb","itemListElement":[{"@type":"ListItem","position":1,"name":"Portada","item":"https:\/\/www.eldiariodetucuman.com\/web\/"},{"@type":"ListItem","position":2,"name":"Jaldo destac\u00f3 la captura de Abraham: \u00ablos familiares de los polic\u00edas nos pidieron que el asesino no quede suelto\u00bb"}]},{"@type":"WebSite","@id":"https:\/\/www.eldiariodetucuman.com\/web\/#website","url":"https:\/\/www.eldiariodetucuman.com\/web\/","name":"El Diario de Tucuman","description":"Diario Tucuman - Informaci\u00f3n y noticias","publisher":{"@id":"https:\/\/www.eldiariodetucuman.com\/web\/#organization"},"potentialAction":[{"@type":"SearchAction","target":{"@type":"EntryPoint","urlTemplate":"https:\/\/www.eldiariodetucuman.com\/web\/?s={search_term_string}"},"query-input":{"@type":"PropertyValueSpecification","valueRequired":true,"valueName":"search_term_string"}}],"inLanguage":"es"},{"@type":"Organization","@id":"https:\/\/www.eldiariodetucuman.com\/web\/#organization","name":"El Diario de Tucuman","url":"https:\/\/www.eldiariodetucuman.com\/web\/","logo":{"@type":"ImageObject","inLanguage":"es","@id":"https:\/\/www.eldiariodetucuman.com\/web\/#\/schema\/logo\/image\/","url":"http:\/\/www.eldiariodetucuman.com\/web\/wp-content\/uploads\/2017\/12\/el-diario-de-tucuman.jpg","contentUrl":"http:\/\/www.eldiariodetucuman.com\/web\/wp-content\/uploads\/2017\/12\/el-diario-de-tucuman.jpg","width":272,"height":92,"caption":"El Diario de Tucuman"},"image":{"@id":"https:\/\/www.eldiariodetucuman.com\/web\/#\/schema\/logo\/image\/"}},{"@type":"Person","@id":"https:\/\/www.eldiariodetucuman.com\/web\/#\/schema\/person\/9250197d75ab5483412e19678b121caa","name":"admin","image":{"@type":"ImageObject","inLanguage":"es","@id":"https:\/\/secure.gravatar.com\/avatar\/c44d117c2be811212c22cb481f6b8384b6873de103fbc49e7a03cc58d7dea4ac?s=96&d=mm&r=g","url":"https:\/\/secure.gravatar.com\/avatar\/c44d117c2be811212c22cb481f6b8384b6873de103fbc49e7a03cc58d7dea4ac?s=96&d=mm&r=g","contentUrl":"https:\/\/secure.gravatar.com\/avatar\/c44d117c2be811212c22cb481f6b8384b6873de103fbc49e7a03cc58d7dea4ac?s=96&d=mm&r=g","caption":"admin"},"url":"https:\/\/www.eldiariodetucuman.com\/web\/author\/admin\/"}]}},"_links":{"self":[{"href":"https:\/\/www.eldiariodetucuman.com\/web\/wp-json\/wp\/v2\/posts\/5708","targetHints":{"allow":["GET"]}}],"collection":[{"href":"https:\/\/www.eldiariodetucuman.com\/web\/wp-json\/wp\/v2\/posts"}],"about":[{"href":"https:\/\/www.eldiariodetucuman.com\/web\/wp-json\/wp\/v2\/types\/post"}],"author":[{"embeddable":true,"href":"https:\/\/www.eldiariodetucuman.com\/web\/wp-json\/wp\/v2\/users\/1"}],"replies":[{"embeddable":true,"href":"https:\/\/www.eldiariodetucuman.com\/web\/wp-json\/wp\/v2\/comments?post=5708"}],"version-history":[{"count":1,"href":"https:\/\/www.eldiariodetucuman.com\/web\/wp-json\/wp\/v2\/posts\/5708\/revisions"}],"predecessor-version":[{"id":5710,"href":"https:\/\/www.eldiariodetucuman.com\/web\/wp-json\/wp\/v2\/posts\/5708\/revisions\/5710"}],"wp:featuredmedia":[{"embeddable":true,"href":"https:\/\/www.eldiariodetucuman.com\/web\/wp-json\/wp\/v2\/media\/5709"}],"wp:attachment":[{"href":"https:\/\/www.eldiariodetucuman.com\/web\/wp-json\/wp\/v2\/media?parent=5708"}],"wp:term":[{"taxonomy":"category","embeddable":true,"href":"https:\/\/www.eldiariodetucuman.com\/web\/wp-json\/wp\/v2\/categories?post=5708"},{"taxonomy":"post_tag","embeddable":true,"href":"https:\/\/www.eldiariodetucuman.com\/web\/wp-json\/wp\/v2\/tags?post=5708"}],"curies":[{"name":"wp","href":"https:\/\/api.w.org\/{rel}","templated":true}]}}