{"id":5705,"date":"2018-02-22T12:02:23","date_gmt":"2018-02-22T15:02:23","guid":{"rendered":"http:\/\/www.eldiariodetucuman.com\/web\/moyano-no-descarto-una-reunion-con-macri-pero-desde-el-gobierno-desestimaron-esa-posibilidad\/"},"modified":"2018-02-22T12:02:27","modified_gmt":"2018-02-22T15:02:27","slug":"moyano-no-descarto-una-reunion-con-macri-pero-desde-el-gobierno-desestimaron-esa-posibilidad","status":"publish","type":"post","link":"https:\/\/www.eldiariodetucuman.com\/web\/moyano-no-descarto-una-reunion-con-macri-pero-desde-el-gobierno-desestimaron-esa-posibilidad\/","title":{"rendered":"Moyano no descart\u00f3 una reuni\u00f3n con Macri, pero desde el Gobierno desestimaron esa posibilidad"},"content":{"rendered":"<div>\n<div readability=\"96\">\n<p>El d\u00eda despu\u00e9s de la masiva movilizaci\u00f3n que encabez\u00f3 Hugo Moyano en la avenida 9 de Julio comenz\u00f3 con un cruce entre el l\u00edder del gremio de los camioneros y el jefe de Gabinete, Marcos Pe\u00f1a.<\/p>\n<p>Moyano fue consultado esta ma\u00f1ana en radio La Red si aceptar\u00eda reunirse con el presidente <b>Mauricio Macri<\/b> en caso de que fuera convocado por el jefe de Estado. \u00abPor supuesto, tengo la responsabilidad de un gremio importante y tengo la obligaci\u00f3n de hacerlo. No puedo negarme si esto ocurriera, por supuesto que me sentar\u00eda\u00bb, fue la respuesta del sindicalista.<\/p>\n<p class=\"style frase\">Moyano afirm\u00f3 que \u00abno se ha discutido ni conversado todav\u00eda la posibilidad de llamar a un paro, pero de cualquier manera, si no hay respuesta a nada o si la respuesta es reaccionar en contra evidentemente tarde o temprano la gente se cansa y recurre a la legitimidad y lo que establece la Constituci\u00f3n\u00bb.<\/p>\n<p>A los pocos minutos, Pe\u00f1a descart\u00f3 esta posibilidad: \u00abno s\u00e9 cu\u00e1l ser\u00eda el tema (de una eventual reuni\u00f3n) en este contexto. Si nos guiamos por el discurso de ayer, para hablar de temas judiciales, no es la persona con quien tiene que juntarse. Es otro poder, no es el Poder Ejecutivo\u00bb.<\/p>\n<p><iframe loading=\"lazy\" width=\"100%\" height=\"400\" src=\"https:\/\/www.youtube.com\/embed\/IpeO5L-o6kI\" frameborder=\"0\" allow=\"autoplay; encrypted-media\" allowfullscreen=\"\"><\/iframe><\/p>\n<p>\u00abLa \u00fanica que falt\u00f3 ayer en el palco fue <b>Cristina Fern\u00e1ndez de Kirchner<\/b>\u00ab, ironiz\u00f3 el jefe de Gabinete, al afirmar que \u00abmuchos de los que estaban ayer en el palco nos dejaron en muy malas condiciones por corrupci\u00f3n, por falta de crecimiento, de institucionalidad, de infraestructura\u00bb.<\/p>\n<p>Asimismo, el funcionario nacional dijo que sostuvo que \u00abMoyano o quien sea cree que por armar una marcha para transmitir un mensaje a los Tribunales, est\u00e1 por encima de la ley, se equivoca de pa\u00eds o de tiempo, porque eso cambio: el pa\u00eds sigue y seguimos trabajando\u00bb.<\/p>\n<p>Sobre Fern\u00e1ndez de Kirchner, Pe\u00f1a indic\u00f3 que \u00abclaramente es quien lidera intelectualmente a ese grupo\u00bb que acompa\u00f1\u00f3 ayer la protesta, entre los que mencion\u00f3 a <b>Eugenio Zaffaroni, An\u00edbal Fern\u00e1ndez, Roberto Baradel <\/b>y<b> M\u00e1ximo Kirchner<\/b>, y record\u00f3 que la senadora \u00abviene planteando su actitud antidemocr\u00e1tica desde que no quiso traspasar el mando\u00bb.<\/p>\n<p>Estamos con otra agenda y con otra cabeza. No vamos a distraer el foco en estar cada d\u00eda un poco mejor. Ese es el camino que creemos el correcto<\/p>\n<p><span class=\"style frase\">\u00abEstamos con otra agenda y con otra cabeza. No vamos a distraer el foco en estar cada d\u00eda un poco mejor. Ese es el camino que creemos el correcto\u00bb, adelant\u00f3 Pe\u00f1a.<\/span><\/p>\n<p>\u00abNo nos sorprende que el kirchnerismo tenga una visi\u00f3n distinta, pero tienen que seguir apostando a la vida institucional, a la legalidad\u00bb, a\u00f1adi\u00f3 Pe\u00f1a, quien concluy\u00f3 asegurando que el Gobierno \u00abno va a perder un gramo de su energ\u00eda en contestar las provocaciones\u00bb que lanzaron algunos dirigentes ayer en sus discursos.\u00a0<\/p>\n<\/p><\/div>\n<\/div>\n<p>Fuente: http:\/\/www.lagaceta.com.ar\/nota\/762134\/actualidad\/moyano-no-descarto-reunion-macri-pero-desde-gobierno-desestimaron-esa-posibilidad.html<\/p>\n","protected":false},"excerpt":{"rendered":"<p>El d\u00eda despu\u00e9s de la masiva movilizaci\u00f3n que encabez\u00f3 Hugo Moyano en la avenida 9 de Julio comenz\u00f3 con un cruce entre el l\u00edder del gremio de los camioneros y el jefe de Gabinete, Marcos Pe\u00f1a. Moyano fue consultado esta ma\u00f1ana en radio La Red si aceptar\u00eda reunirse con el presidente Mauricio Macri en caso [&hellip;]<\/p>\n","protected":false},"author":1,"featured_media":5706,"comment_status":"open","ping_status":"closed","sticky":false,"template":"","format":"standard","meta":{"footnotes":""},"categories":[1],"tags":[],"class_list":{"0":"post-5705","1":"post","2":"type-post","3":"status-publish","4":"format-standard","5":"has-post-thumbnail","7":"category-portada"},"yoast_head":"<!-- This site is optimized with the Yoast SEO plugin v27.5 - https:\/\/yoast.com\/product\/yoast-seo-wordpress\/ -->\n<title>Moyano no descart\u00f3 una reuni\u00f3n con Macri, pero desde el Gobierno desestimaron esa posibilidad - El Diario de Tucuman<\/title>\n<meta name=\"robots\" content=\"index, follow, max-snippet:-1, max-image-preview:large, max-video-preview:-1\" \/>\n<link rel=\"canonical\" href=\"https:\/\/www.eldiariodetucuman.com\/web\/moyano-no-descarto-una-reunion-con-macri-pero-desde-el-gobierno-desestimaron-esa-posibilidad\/\" \/>\n<meta property=\"og:locale\" content=\"es_ES\" \/>\n<meta property=\"og:type\" content=\"article\" \/>\n<meta property=\"og:title\" content=\"Moyano no descart\u00f3 una reuni\u00f3n con Macri, pero desde el Gobierno desestimaron esa posibilidad - El Diario de Tucuman\" \/>\n<meta property=\"og:description\" content=\"El d\u00eda despu\u00e9s de la masiva movilizaci\u00f3n que encabez\u00f3 Hugo Moyano en la avenida 9 de Julio comenz\u00f3 con un cruce entre el l\u00edder del gremio de los camioneros y el jefe de Gabinete, Marcos Pe\u00f1a. Moyano fue consultado esta ma\u00f1ana en radio La Red si aceptar\u00eda reunirse con el presidente Mauricio Macri en caso [&hellip;]\" \/>\n<meta property=\"og:url\" content=\"https:\/\/www.eldiariodetucuman.com\/web\/moyano-no-descarto-una-reunion-con-macri-pero-desde-el-gobierno-desestimaron-esa-posibilidad\/\" \/>\n<meta property=\"og:site_name\" content=\"El Diario de Tucuman\" \/>\n<meta property=\"article:published_time\" content=\"2018-02-22T15:02:23+00:00\" \/>\n<meta property=\"article:modified_time\" content=\"2018-02-22T15:02:27+00:00\" \/>\n<meta property=\"og:image\" content=\"https:\/\/www.eldiariodetucuman.com\/web\/wp-content\/uploads\/2018\/02\/472e59f448faf7b979ba0e8fdb4657dc.jpeg\" \/>\n\t<meta property=\"og:image:width\" content=\"1500\" \/>\n\t<meta property=\"og:image:height\" content=\"850\" \/>\n\t<meta property=\"og:image:type\" content=\"image\/jpeg\" \/>\n<meta name=\"author\" content=\"admin\" \/>\n<meta name=\"twitter:card\" content=\"summary_large_image\" \/>\n<meta name=\"twitter:label1\" content=\"Escrito por\" \/>\n\t<meta name=\"twitter:data1\" content=\"admin\" \/>\n\t<meta name=\"twitter:label2\" content=\"Tiempo de lectura\" \/>\n\t<meta name=\"twitter:data2\" content=\"2 minutos\" \/>\n<script type=\"application\/ld+json\" class=\"yoast-schema-graph\">{\"@context\":\"https:\\\/\\\/schema.org\",\"@graph\":[{\"@type\":\"Article\",\"@id\":\"https:\\\/\\\/www.eldiariodetucuman.com\\\/web\\\/moyano-no-descarto-una-reunion-con-macri-pero-desde-el-gobierno-desestimaron-esa-posibilidad\\\/#article\",\"isPartOf\":{\"@id\":\"https:\\\/\\\/www.eldiariodetucuman.com\\\/web\\\/moyano-no-descarto-una-reunion-con-macri-pero-desde-el-gobierno-desestimaron-esa-posibilidad\\\/\"},\"author\":{\"name\":\"admin\",\"@id\":\"https:\\\/\\\/www.eldiariodetucuman.com\\\/web\\\/#\\\/schema\\\/person\\\/9250197d75ab5483412e19678b121caa\"},\"headline\":\"Moyano no descart\u00f3 una reuni\u00f3n con Macri, pero desde el Gobierno desestimaron esa posibilidad\",\"datePublished\":\"2018-02-22T15:02:23+00:00\",\"dateModified\":\"2018-02-22T15:02:27+00:00\",\"mainEntityOfPage\":{\"@id\":\"https:\\\/\\\/www.eldiariodetucuman.com\\\/web\\\/moyano-no-descarto-una-reunion-con-macri-pero-desde-el-gobierno-desestimaron-esa-posibilidad\\\/\"},\"wordCount\":511,\"commentCount\":0,\"publisher\":{\"@id\":\"https:\\\/\\\/www.eldiariodetucuman.com\\\/web\\\/#organization\"},\"image\":{\"@id\":\"https:\\\/\\\/www.eldiariodetucuman.com\\\/web\\\/moyano-no-descarto-una-reunion-con-macri-pero-desde-el-gobierno-desestimaron-esa-posibilidad\\\/#primaryimage\"},\"thumbnailUrl\":\"https:\\\/\\\/www.eldiariodetucuman.com\\\/web\\\/wp-content\\\/uploads\\\/2018\\\/02\\\/472e59f448faf7b979ba0e8fdb4657dc.jpeg\",\"articleSection\":[\"Portada\"],\"inLanguage\":\"es\",\"potentialAction\":[{\"@type\":\"CommentAction\",\"name\":\"Comment\",\"target\":[\"https:\\\/\\\/www.eldiariodetucuman.com\\\/web\\\/moyano-no-descarto-una-reunion-con-macri-pero-desde-el-gobierno-desestimaron-esa-posibilidad\\\/#respond\"]}]},{\"@type\":\"WebPage\",\"@id\":\"https:\\\/\\\/www.eldiariodetucuman.com\\\/web\\\/moyano-no-descarto-una-reunion-con-macri-pero-desde-el-gobierno-desestimaron-esa-posibilidad\\\/\",\"url\":\"https:\\\/\\\/www.eldiariodetucuman.com\\\/web\\\/moyano-no-descarto-una-reunion-con-macri-pero-desde-el-gobierno-desestimaron-esa-posibilidad\\\/\",\"name\":\"Moyano no descart\u00f3 una reuni\u00f3n con Macri, pero desde el Gobierno desestimaron esa posibilidad - El Diario de Tucuman\",\"isPartOf\":{\"@id\":\"https:\\\/\\\/www.eldiariodetucuman.com\\\/web\\\/#website\"},\"primaryImageOfPage\":{\"@id\":\"https:\\\/\\\/www.eldiariodetucuman.com\\\/web\\\/moyano-no-descarto-una-reunion-con-macri-pero-desde-el-gobierno-desestimaron-esa-posibilidad\\\/#primaryimage\"},\"image\":{\"@id\":\"https:\\\/\\\/www.eldiariodetucuman.com\\\/web\\\/moyano-no-descarto-una-reunion-con-macri-pero-desde-el-gobierno-desestimaron-esa-posibilidad\\\/#primaryimage\"},\"thumbnailUrl\":\"https:\\\/\\\/www.eldiariodetucuman.com\\\/web\\\/wp-content\\\/uploads\\\/2018\\\/02\\\/472e59f448faf7b979ba0e8fdb4657dc.jpeg\",\"datePublished\":\"2018-02-22T15:02:23+00:00\",\"dateModified\":\"2018-02-22T15:02:27+00:00\",\"breadcrumb\":{\"@id\":\"https:\\\/\\\/www.eldiariodetucuman.com\\\/web\\\/moyano-no-descarto-una-reunion-con-macri-pero-desde-el-gobierno-desestimaron-esa-posibilidad\\\/#breadcrumb\"},\"inLanguage\":\"es\",\"potentialAction\":[{\"@type\":\"ReadAction\",\"target\":[\"https:\\\/\\\/www.eldiariodetucuman.com\\\/web\\\/moyano-no-descarto-una-reunion-con-macri-pero-desde-el-gobierno-desestimaron-esa-posibilidad\\\/\"]}]},{\"@type\":\"ImageObject\",\"inLanguage\":\"es\",\"@id\":\"https:\\\/\\\/www.eldiariodetucuman.com\\\/web\\\/moyano-no-descarto-una-reunion-con-macri-pero-desde-el-gobierno-desestimaron-esa-posibilidad\\\/#primaryimage\",\"url\":\"https:\\\/\\\/www.eldiariodetucuman.com\\\/web\\\/wp-content\\\/uploads\\\/2018\\\/02\\\/472e59f448faf7b979ba0e8fdb4657dc.jpeg\",\"contentUrl\":\"https:\\\/\\\/www.eldiariodetucuman.com\\\/web\\\/wp-content\\\/uploads\\\/2018\\\/02\\\/472e59f448faf7b979ba0e8fdb4657dc.jpeg\",\"width\":1500,\"height\":850},{\"@type\":\"BreadcrumbList\",\"@id\":\"https:\\\/\\\/www.eldiariodetucuman.com\\\/web\\\/moyano-no-descarto-una-reunion-con-macri-pero-desde-el-gobierno-desestimaron-esa-posibilidad\\\/#breadcrumb\",\"itemListElement\":[{\"@type\":\"ListItem\",\"position\":1,\"name\":\"Portada\",\"item\":\"https:\\\/\\\/www.eldiariodetucuman.com\\\/web\\\/\"},{\"@type\":\"ListItem\",\"position\":2,\"name\":\"Moyano no descart\u00f3 una reuni\u00f3n con Macri, pero desde el Gobierno desestimaron esa posibilidad\"}]},{\"@type\":\"WebSite\",\"@id\":\"https:\\\/\\\/www.eldiariodetucuman.com\\\/web\\\/#website\",\"url\":\"https:\\\/\\\/www.eldiariodetucuman.com\\\/web\\\/\",\"name\":\"El Diario de Tucuman\",\"description\":\"Diario Tucuman - Informaci\u00f3n y noticias\",\"publisher\":{\"@id\":\"https:\\\/\\\/www.eldiariodetucuman.com\\\/web\\\/#organization\"},\"potentialAction\":[{\"@type\":\"SearchAction\",\"target\":{\"@type\":\"EntryPoint\",\"urlTemplate\":\"https:\\\/\\\/www.eldiariodetucuman.com\\\/web\\\/?s={search_term_string}\"},\"query-input\":{\"@type\":\"PropertyValueSpecification\",\"valueRequired\":true,\"valueName\":\"search_term_string\"}}],\"inLanguage\":\"es\"},{\"@type\":\"Organization\",\"@id\":\"https:\\\/\\\/www.eldiariodetucuman.com\\\/web\\\/#organization\",\"name\":\"El Diario de Tucuman\",\"url\":\"https:\\\/\\\/www.eldiariodetucuman.com\\\/web\\\/\",\"logo\":{\"@type\":\"ImageObject\",\"inLanguage\":\"es\",\"@id\":\"https:\\\/\\\/www.eldiariodetucuman.com\\\/web\\\/#\\\/schema\\\/logo\\\/image\\\/\",\"url\":\"http:\\\/\\\/www.eldiariodetucuman.com\\\/web\\\/wp-content\\\/uploads\\\/2017\\\/12\\\/el-diario-de-tucuman.jpg\",\"contentUrl\":\"http:\\\/\\\/www.eldiariodetucuman.com\\\/web\\\/wp-content\\\/uploads\\\/2017\\\/12\\\/el-diario-de-tucuman.jpg\",\"width\":272,\"height\":92,\"caption\":\"El Diario de Tucuman\"},\"image\":{\"@id\":\"https:\\\/\\\/www.eldiariodetucuman.com\\\/web\\\/#\\\/schema\\\/logo\\\/image\\\/\"}},{\"@type\":\"Person\",\"@id\":\"https:\\\/\\\/www.eldiariodetucuman.com\\\/web\\\/#\\\/schema\\\/person\\\/9250197d75ab5483412e19678b121caa\",\"name\":\"admin\",\"image\":{\"@type\":\"ImageObject\",\"inLanguage\":\"es\",\"@id\":\"https:\\\/\\\/secure.gravatar.com\\\/avatar\\\/c44d117c2be811212c22cb481f6b8384b6873de103fbc49e7a03cc58d7dea4ac?s=96&d=mm&r=g\",\"url\":\"https:\\\/\\\/secure.gravatar.com\\\/avatar\\\/c44d117c2be811212c22cb481f6b8384b6873de103fbc49e7a03cc58d7dea4ac?s=96&d=mm&r=g\",\"contentUrl\":\"https:\\\/\\\/secure.gravatar.com\\\/avatar\\\/c44d117c2be811212c22cb481f6b8384b6873de103fbc49e7a03cc58d7dea4ac?s=96&d=mm&r=g\",\"caption\":\"admin\"},\"url\":\"https:\\\/\\\/www.eldiariodetucuman.com\\\/web\\\/author\\\/admin\\\/\"}]}<\/script>\n<!-- \/ Yoast SEO plugin. -->","yoast_head_json":{"title":"Moyano no descart\u00f3 una reuni\u00f3n con Macri, pero desde el Gobierno desestimaron esa posibilidad - El Diario de Tucuman","robots":{"index":"index","follow":"follow","max-snippet":"max-snippet:-1","max-image-preview":"max-image-preview:large","max-video-preview":"max-video-preview:-1"},"canonical":"https:\/\/www.eldiariodetucuman.com\/web\/moyano-no-descarto-una-reunion-con-macri-pero-desde-el-gobierno-desestimaron-esa-posibilidad\/","og_locale":"es_ES","og_type":"article","og_title":"Moyano no descart\u00f3 una reuni\u00f3n con Macri, pero desde el Gobierno desestimaron esa posibilidad - El Diario de Tucuman","og_description":"El d\u00eda despu\u00e9s de la masiva movilizaci\u00f3n que encabez\u00f3 Hugo Moyano en la avenida 9 de Julio comenz\u00f3 con un cruce entre el l\u00edder del gremio de los camioneros y el jefe de Gabinete, Marcos Pe\u00f1a. Moyano fue consultado esta ma\u00f1ana en radio La Red si aceptar\u00eda reunirse con el presidente Mauricio Macri en caso [&hellip;]","og_url":"https:\/\/www.eldiariodetucuman.com\/web\/moyano-no-descarto-una-reunion-con-macri-pero-desde-el-gobierno-desestimaron-esa-posibilidad\/","og_site_name":"El Diario de Tucuman","article_published_time":"2018-02-22T15:02:23+00:00","article_modified_time":"2018-02-22T15:02:27+00:00","og_image":[{"width":1500,"height":850,"url":"https:\/\/www.eldiariodetucuman.com\/web\/wp-content\/uploads\/2018\/02\/472e59f448faf7b979ba0e8fdb4657dc.jpeg","type":"image\/jpeg"}],"author":"admin","twitter_card":"summary_large_image","twitter_misc":{"Escrito por":"admin","Tiempo de lectura":"2 minutos"},"schema":{"@context":"https:\/\/schema.org","@graph":[{"@type":"Article","@id":"https:\/\/www.eldiariodetucuman.com\/web\/moyano-no-descarto-una-reunion-con-macri-pero-desde-el-gobierno-desestimaron-esa-posibilidad\/#article","isPartOf":{"@id":"https:\/\/www.eldiariodetucuman.com\/web\/moyano-no-descarto-una-reunion-con-macri-pero-desde-el-gobierno-desestimaron-esa-posibilidad\/"},"author":{"name":"admin","@id":"https:\/\/www.eldiariodetucuman.com\/web\/#\/schema\/person\/9250197d75ab5483412e19678b121caa"},"headline":"Moyano no descart\u00f3 una reuni\u00f3n con Macri, pero desde el Gobierno desestimaron esa posibilidad","datePublished":"2018-02-22T15:02:23+00:00","dateModified":"2018-02-22T15:02:27+00:00","mainEntityOfPage":{"@id":"https:\/\/www.eldiariodetucuman.com\/web\/moyano-no-descarto-una-reunion-con-macri-pero-desde-el-gobierno-desestimaron-esa-posibilidad\/"},"wordCount":511,"commentCount":0,"publisher":{"@id":"https:\/\/www.eldiariodetucuman.com\/web\/#organization"},"image":{"@id":"https:\/\/www.eldiariodetucuman.com\/web\/moyano-no-descarto-una-reunion-con-macri-pero-desde-el-gobierno-desestimaron-esa-posibilidad\/#primaryimage"},"thumbnailUrl":"https:\/\/www.eldiariodetucuman.com\/web\/wp-content\/uploads\/2018\/02\/472e59f448faf7b979ba0e8fdb4657dc.jpeg","articleSection":["Portada"],"inLanguage":"es","potentialAction":[{"@type":"CommentAction","name":"Comment","target":["https:\/\/www.eldiariodetucuman.com\/web\/moyano-no-descarto-una-reunion-con-macri-pero-desde-el-gobierno-desestimaron-esa-posibilidad\/#respond"]}]},{"@type":"WebPage","@id":"https:\/\/www.eldiariodetucuman.com\/web\/moyano-no-descarto-una-reunion-con-macri-pero-desde-el-gobierno-desestimaron-esa-posibilidad\/","url":"https:\/\/www.eldiariodetucuman.com\/web\/moyano-no-descarto-una-reunion-con-macri-pero-desde-el-gobierno-desestimaron-esa-posibilidad\/","name":"Moyano no descart\u00f3 una reuni\u00f3n con Macri, pero desde el Gobierno desestimaron esa posibilidad - El Diario de Tucuman","isPartOf":{"@id":"https:\/\/www.eldiariodetucuman.com\/web\/#website"},"primaryImageOfPage":{"@id":"https:\/\/www.eldiariodetucuman.com\/web\/moyano-no-descarto-una-reunion-con-macri-pero-desde-el-gobierno-desestimaron-esa-posibilidad\/#primaryimage"},"image":{"@id":"https:\/\/www.eldiariodetucuman.com\/web\/moyano-no-descarto-una-reunion-con-macri-pero-desde-el-gobierno-desestimaron-esa-posibilidad\/#primaryimage"},"thumbnailUrl":"https:\/\/www.eldiariodetucuman.com\/web\/wp-content\/uploads\/2018\/02\/472e59f448faf7b979ba0e8fdb4657dc.jpeg","datePublished":"2018-02-22T15:02:23+00:00","dateModified":"2018-02-22T15:02:27+00:00","breadcrumb":{"@id":"https:\/\/www.eldiariodetucuman.com\/web\/moyano-no-descarto-una-reunion-con-macri-pero-desde-el-gobierno-desestimaron-esa-posibilidad\/#breadcrumb"},"inLanguage":"es","potentialAction":[{"@type":"ReadAction","target":["https:\/\/www.eldiariodetucuman.com\/web\/moyano-no-descarto-una-reunion-con-macri-pero-desde-el-gobierno-desestimaron-esa-posibilidad\/"]}]},{"@type":"ImageObject","inLanguage":"es","@id":"https:\/\/www.eldiariodetucuman.com\/web\/moyano-no-descarto-una-reunion-con-macri-pero-desde-el-gobierno-desestimaron-esa-posibilidad\/#primaryimage","url":"https:\/\/www.eldiariodetucuman.com\/web\/wp-content\/uploads\/2018\/02\/472e59f448faf7b979ba0e8fdb4657dc.jpeg","contentUrl":"https:\/\/www.eldiariodetucuman.com\/web\/wp-content\/uploads\/2018\/02\/472e59f448faf7b979ba0e8fdb4657dc.jpeg","width":1500,"height":850},{"@type":"BreadcrumbList","@id":"https:\/\/www.eldiariodetucuman.com\/web\/moyano-no-descarto-una-reunion-con-macri-pero-desde-el-gobierno-desestimaron-esa-posibilidad\/#breadcrumb","itemListElement":[{"@type":"ListItem","position":1,"name":"Portada","item":"https:\/\/www.eldiariodetucuman.com\/web\/"},{"@type":"ListItem","position":2,"name":"Moyano no descart\u00f3 una reuni\u00f3n con Macri, pero desde el Gobierno desestimaron esa posibilidad"}]},{"@type":"WebSite","@id":"https:\/\/www.eldiariodetucuman.com\/web\/#website","url":"https:\/\/www.eldiariodetucuman.com\/web\/","name":"El Diario de Tucuman","description":"Diario Tucuman - Informaci\u00f3n y noticias","publisher":{"@id":"https:\/\/www.eldiariodetucuman.com\/web\/#organization"},"potentialAction":[{"@type":"SearchAction","target":{"@type":"EntryPoint","urlTemplate":"https:\/\/www.eldiariodetucuman.com\/web\/?s={search_term_string}"},"query-input":{"@type":"PropertyValueSpecification","valueRequired":true,"valueName":"search_term_string"}}],"inLanguage":"es"},{"@type":"Organization","@id":"https:\/\/www.eldiariodetucuman.com\/web\/#organization","name":"El Diario de Tucuman","url":"https:\/\/www.eldiariodetucuman.com\/web\/","logo":{"@type":"ImageObject","inLanguage":"es","@id":"https:\/\/www.eldiariodetucuman.com\/web\/#\/schema\/logo\/image\/","url":"http:\/\/www.eldiariodetucuman.com\/web\/wp-content\/uploads\/2017\/12\/el-diario-de-tucuman.jpg","contentUrl":"http:\/\/www.eldiariodetucuman.com\/web\/wp-content\/uploads\/2017\/12\/el-diario-de-tucuman.jpg","width":272,"height":92,"caption":"El Diario de Tucuman"},"image":{"@id":"https:\/\/www.eldiariodetucuman.com\/web\/#\/schema\/logo\/image\/"}},{"@type":"Person","@id":"https:\/\/www.eldiariodetucuman.com\/web\/#\/schema\/person\/9250197d75ab5483412e19678b121caa","name":"admin","image":{"@type":"ImageObject","inLanguage":"es","@id":"https:\/\/secure.gravatar.com\/avatar\/c44d117c2be811212c22cb481f6b8384b6873de103fbc49e7a03cc58d7dea4ac?s=96&d=mm&r=g","url":"https:\/\/secure.gravatar.com\/avatar\/c44d117c2be811212c22cb481f6b8384b6873de103fbc49e7a03cc58d7dea4ac?s=96&d=mm&r=g","contentUrl":"https:\/\/secure.gravatar.com\/avatar\/c44d117c2be811212c22cb481f6b8384b6873de103fbc49e7a03cc58d7dea4ac?s=96&d=mm&r=g","caption":"admin"},"url":"https:\/\/www.eldiariodetucuman.com\/web\/author\/admin\/"}]}},"_links":{"self":[{"href":"https:\/\/www.eldiariodetucuman.com\/web\/wp-json\/wp\/v2\/posts\/5705","targetHints":{"allow":["GET"]}}],"collection":[{"href":"https:\/\/www.eldiariodetucuman.com\/web\/wp-json\/wp\/v2\/posts"}],"about":[{"href":"https:\/\/www.eldiariodetucuman.com\/web\/wp-json\/wp\/v2\/types\/post"}],"author":[{"embeddable":true,"href":"https:\/\/www.eldiariodetucuman.com\/web\/wp-json\/wp\/v2\/users\/1"}],"replies":[{"embeddable":true,"href":"https:\/\/www.eldiariodetucuman.com\/web\/wp-json\/wp\/v2\/comments?post=5705"}],"version-history":[{"count":1,"href":"https:\/\/www.eldiariodetucuman.com\/web\/wp-json\/wp\/v2\/posts\/5705\/revisions"}],"predecessor-version":[{"id":5707,"href":"https:\/\/www.eldiariodetucuman.com\/web\/wp-json\/wp\/v2\/posts\/5705\/revisions\/5707"}],"wp:featuredmedia":[{"embeddable":true,"href":"https:\/\/www.eldiariodetucuman.com\/web\/wp-json\/wp\/v2\/media\/5706"}],"wp:attachment":[{"href":"https:\/\/www.eldiariodetucuman.com\/web\/wp-json\/wp\/v2\/media?parent=5705"}],"wp:term":[{"taxonomy":"category","embeddable":true,"href":"https:\/\/www.eldiariodetucuman.com\/web\/wp-json\/wp\/v2\/categories?post=5705"},{"taxonomy":"post_tag","embeddable":true,"href":"https:\/\/www.eldiariodetucuman.com\/web\/wp-json\/wp\/v2\/tags?post=5705"}],"curies":[{"name":"wp","href":"https:\/\/api.w.org\/{rel}","templated":true}]}}