{"id":5702,"date":"2018-02-22T11:42:49","date_gmt":"2018-02-22T14:42:49","guid":{"rendered":"http:\/\/www.eldiariodetucuman.com\/web\/se-cumple-el-sexto-aniversario-de-la-tragedia-de-once\/"},"modified":"2018-02-22T11:42:53","modified_gmt":"2018-02-22T14:42:53","slug":"se-cumple-el-sexto-aniversario-de-la-tragedia-de-once","status":"publish","type":"post","link":"https:\/\/www.eldiariodetucuman.com\/web\/se-cumple-el-sexto-aniversario-de-la-tragedia-de-once\/","title":{"rendered":"Se cumple el sexto aniversario de la Tragedia de Once"},"content":{"rendered":"<div>\n<div readability=\"49.08480780964\">\n<p>Hoy se cumple un nuevo aniversario de la <strong><a href=\"https:\/\/www.elintransigente.com\/sociedad\/2017\/9\/27\/tragedia-once-tras-primer-juicio-hablo-madre-lucas-menghini-457936.html\">Tragedia en Once<\/a><\/strong>. Los <strong>familiares de las v\u00edctimas <\/strong>piden que se confirmen las condenas y que los responsables cumplan la prisi\u00f3n. Se reunir\u00e1n hoy con el presidente <strong><a href=\"https:\/\/www.elintransigente.com\/politica\/2018\/2\/22\/macri-recibe-hoy-familiares-de-fallecidos-en-la-tragedia-de-once-479618.html\">Mauricio Macri<\/a><\/strong>. Existe una condena contra los responsables, en la C\u00e1mara de Casaci\u00f3n Penal, que no est\u00e1 firme.<\/p>\n<p>Al iniciarse el Acto, se leyeron algunas de las adhesiones: Madres del Dolor, Madre de Luciano Arruga, Corriente Clasista y Combativa, Red Solidaria, Vilma Ripoll y Alejandro Bodart, AMIA, Libres del Sur, Juan Jos\u00e9 Campanella, entre otros. Se hicieron presentes <strong>Claudio Avruj<\/strong>, secretario de Derechos Humanos, <strong>F\u00e9lix D\u00edaz<\/strong>, l\u00edder de Pueblos Originarios, y el economista de la Central de Trabajadores de Argentina, Claudio Lozano.<\/p>\n<p><strong>M\u00f3nica Bottega<\/strong>, madre de Tatiana Pontiroli, quien muri\u00f3 en el accidente, dijo que \u201chace seis a\u00f1os que este grupo de familiares es preso del dolor\u201d. <strong>Paolo Menghini<\/strong>, padre de Lucas Menghini Rey, dijo que \u00abqueremos que la C\u00e1mara de Casaci\u00f3n confirme las condenas que fij\u00f3 el tribunal en diciembre de 2015 y que los responsables vayan a cumplir su pena a la c\u00e1rcel como corresponde\u00bb.<\/p>\n<aside class=\"htmlinline \"><ins class=\"adsbygoogle\" data-ad-format=\"fluid\" data-ad-layout=\"in-article\" data-ad-client=\"ca-pub-7781556717282971\" data-ad-slot=\"9383133609\"><\/ins><br \/>\n<\/aside>\n<p>Por su parte, <strong>Nora Corti\u00f1as<\/strong>, titular de Madres de Plaza de Mayo L\u00ednea Fundadora, compar\u00f3 la Tragedia de Once con la dictadura al afirmar que \u201cseguimos sintiendo la ausencia que es presencia cuando nos encontramos todos y podemos compartir el dolor y las alegr\u00edas cuando los recordamos, porque cada hijo deja en su familia el c\u00famulo de alegr\u00edas\u201d. Corti\u00f1as asever\u00f3 que en el caso de la Tragedia de Once se trat\u00f3 de la \u201cinexperiencia del Gobierno\u201d y tal vez \u201calgo m\u00e1s all\u00e1\u201d.<\/p>\n<p>\u00a0<\/p>\n<\/div>\n<\/div>\n<p>Fuente: https:\/\/www.elintransigente.com\/politica\/2018\/2\/22\/se-cumple-el-sexto-aniversario-de-la-tragedia-de-once-479637.html<\/p>\n","protected":false},"excerpt":{"rendered":"<p>Hoy se cumple un nuevo aniversario de la Tragedia en Once. Los familiares de las v\u00edctimas piden que se confirmen las condenas y que los responsables cumplan la prisi\u00f3n. Se reunir\u00e1n hoy con el presidente Mauricio Macri. Existe una condena contra los responsables, en la C\u00e1mara de Casaci\u00f3n Penal, que no est\u00e1 firme. Al iniciarse [&hellip;]<\/p>\n","protected":false},"author":1,"featured_media":5703,"comment_status":"open","ping_status":"closed","sticky":false,"template":"","format":"standard","meta":{"footnotes":""},"categories":[1],"tags":[],"class_list":{"0":"post-5702","1":"post","2":"type-post","3":"status-publish","4":"format-standard","5":"has-post-thumbnail","7":"category-portada"},"yoast_head":"<!-- This site is optimized with the Yoast SEO plugin v27.5 - https:\/\/yoast.com\/product\/yoast-seo-wordpress\/ -->\n<title>Se cumple el sexto aniversario de la Tragedia de Once - El Diario de Tucuman<\/title>\n<meta name=\"robots\" content=\"index, follow, max-snippet:-1, max-image-preview:large, max-video-preview:-1\" \/>\n<link rel=\"canonical\" href=\"https:\/\/www.eldiariodetucuman.com\/web\/se-cumple-el-sexto-aniversario-de-la-tragedia-de-once\/\" \/>\n<meta property=\"og:locale\" content=\"es_ES\" \/>\n<meta property=\"og:type\" content=\"article\" \/>\n<meta property=\"og:title\" content=\"Se cumple el sexto aniversario de la Tragedia de Once - El Diario de Tucuman\" \/>\n<meta property=\"og:description\" content=\"Hoy se cumple un nuevo aniversario de la Tragedia en Once. Los familiares de las v\u00edctimas piden que se confirmen las condenas y que los responsables cumplan la prisi\u00f3n. Se reunir\u00e1n hoy con el presidente Mauricio Macri. Existe una condena contra los responsables, en la C\u00e1mara de Casaci\u00f3n Penal, que no est\u00e1 firme. Al iniciarse [&hellip;]\" \/>\n<meta property=\"og:url\" content=\"https:\/\/www.eldiariodetucuman.com\/web\/se-cumple-el-sexto-aniversario-de-la-tragedia-de-once\/\" \/>\n<meta property=\"og:site_name\" content=\"El Diario de Tucuman\" \/>\n<meta property=\"article:published_time\" content=\"2018-02-22T14:42:49+00:00\" \/>\n<meta property=\"article:modified_time\" content=\"2018-02-22T14:42:53+00:00\" \/>\n<meta property=\"og:image\" content=\"https:\/\/www.eldiariodetucuman.com\/web\/wp-content\/uploads\/2018\/02\/c37406533894c60ba23ce093193dc9dc.jpeg\" \/>\n\t<meta property=\"og:image:width\" content=\"960\" \/>\n\t<meta property=\"og:image:height\" content=\"640\" \/>\n\t<meta property=\"og:image:type\" content=\"image\/jpeg\" \/>\n<meta name=\"author\" content=\"admin\" \/>\n<meta name=\"twitter:card\" content=\"summary_large_image\" \/>\n<meta name=\"twitter:label1\" content=\"Escrito por\" \/>\n\t<meta name=\"twitter:data1\" content=\"admin\" \/>\n\t<meta name=\"twitter:label2\" content=\"Tiempo de lectura\" \/>\n\t<meta name=\"twitter:data2\" content=\"1 minuto\" \/>\n<script type=\"application\/ld+json\" class=\"yoast-schema-graph\">{\"@context\":\"https:\\\/\\\/schema.org\",\"@graph\":[{\"@type\":\"Article\",\"@id\":\"https:\\\/\\\/www.eldiariodetucuman.com\\\/web\\\/se-cumple-el-sexto-aniversario-de-la-tragedia-de-once\\\/#article\",\"isPartOf\":{\"@id\":\"https:\\\/\\\/www.eldiariodetucuman.com\\\/web\\\/se-cumple-el-sexto-aniversario-de-la-tragedia-de-once\\\/\"},\"author\":{\"name\":\"admin\",\"@id\":\"https:\\\/\\\/www.eldiariodetucuman.com\\\/web\\\/#\\\/schema\\\/person\\\/9250197d75ab5483412e19678b121caa\"},\"headline\":\"Se cumple el sexto aniversario de la Tragedia de Once\",\"datePublished\":\"2018-02-22T14:42:49+00:00\",\"dateModified\":\"2018-02-22T14:42:53+00:00\",\"mainEntityOfPage\":{\"@id\":\"https:\\\/\\\/www.eldiariodetucuman.com\\\/web\\\/se-cumple-el-sexto-aniversario-de-la-tragedia-de-once\\\/\"},\"wordCount\":301,\"commentCount\":0,\"publisher\":{\"@id\":\"https:\\\/\\\/www.eldiariodetucuman.com\\\/web\\\/#organization\"},\"image\":{\"@id\":\"https:\\\/\\\/www.eldiariodetucuman.com\\\/web\\\/se-cumple-el-sexto-aniversario-de-la-tragedia-de-once\\\/#primaryimage\"},\"thumbnailUrl\":\"https:\\\/\\\/www.eldiariodetucuman.com\\\/web\\\/wp-content\\\/uploads\\\/2018\\\/02\\\/c37406533894c60ba23ce093193dc9dc.jpeg\",\"articleSection\":[\"Portada\"],\"inLanguage\":\"es\",\"potentialAction\":[{\"@type\":\"CommentAction\",\"name\":\"Comment\",\"target\":[\"https:\\\/\\\/www.eldiariodetucuman.com\\\/web\\\/se-cumple-el-sexto-aniversario-de-la-tragedia-de-once\\\/#respond\"]}]},{\"@type\":\"WebPage\",\"@id\":\"https:\\\/\\\/www.eldiariodetucuman.com\\\/web\\\/se-cumple-el-sexto-aniversario-de-la-tragedia-de-once\\\/\",\"url\":\"https:\\\/\\\/www.eldiariodetucuman.com\\\/web\\\/se-cumple-el-sexto-aniversario-de-la-tragedia-de-once\\\/\",\"name\":\"Se cumple el sexto aniversario de la Tragedia de Once - El Diario de Tucuman\",\"isPartOf\":{\"@id\":\"https:\\\/\\\/www.eldiariodetucuman.com\\\/web\\\/#website\"},\"primaryImageOfPage\":{\"@id\":\"https:\\\/\\\/www.eldiariodetucuman.com\\\/web\\\/se-cumple-el-sexto-aniversario-de-la-tragedia-de-once\\\/#primaryimage\"},\"image\":{\"@id\":\"https:\\\/\\\/www.eldiariodetucuman.com\\\/web\\\/se-cumple-el-sexto-aniversario-de-la-tragedia-de-once\\\/#primaryimage\"},\"thumbnailUrl\":\"https:\\\/\\\/www.eldiariodetucuman.com\\\/web\\\/wp-content\\\/uploads\\\/2018\\\/02\\\/c37406533894c60ba23ce093193dc9dc.jpeg\",\"datePublished\":\"2018-02-22T14:42:49+00:00\",\"dateModified\":\"2018-02-22T14:42:53+00:00\",\"breadcrumb\":{\"@id\":\"https:\\\/\\\/www.eldiariodetucuman.com\\\/web\\\/se-cumple-el-sexto-aniversario-de-la-tragedia-de-once\\\/#breadcrumb\"},\"inLanguage\":\"es\",\"potentialAction\":[{\"@type\":\"ReadAction\",\"target\":[\"https:\\\/\\\/www.eldiariodetucuman.com\\\/web\\\/se-cumple-el-sexto-aniversario-de-la-tragedia-de-once\\\/\"]}]},{\"@type\":\"ImageObject\",\"inLanguage\":\"es\",\"@id\":\"https:\\\/\\\/www.eldiariodetucuman.com\\\/web\\\/se-cumple-el-sexto-aniversario-de-la-tragedia-de-once\\\/#primaryimage\",\"url\":\"https:\\\/\\\/www.eldiariodetucuman.com\\\/web\\\/wp-content\\\/uploads\\\/2018\\\/02\\\/c37406533894c60ba23ce093193dc9dc.jpeg\",\"contentUrl\":\"https:\\\/\\\/www.eldiariodetucuman.com\\\/web\\\/wp-content\\\/uploads\\\/2018\\\/02\\\/c37406533894c60ba23ce093193dc9dc.jpeg\",\"width\":960,\"height\":640},{\"@type\":\"BreadcrumbList\",\"@id\":\"https:\\\/\\\/www.eldiariodetucuman.com\\\/web\\\/se-cumple-el-sexto-aniversario-de-la-tragedia-de-once\\\/#breadcrumb\",\"itemListElement\":[{\"@type\":\"ListItem\",\"position\":1,\"name\":\"Portada\",\"item\":\"https:\\\/\\\/www.eldiariodetucuman.com\\\/web\\\/\"},{\"@type\":\"ListItem\",\"position\":2,\"name\":\"Se cumple el sexto aniversario de la Tragedia de Once\"}]},{\"@type\":\"WebSite\",\"@id\":\"https:\\\/\\\/www.eldiariodetucuman.com\\\/web\\\/#website\",\"url\":\"https:\\\/\\\/www.eldiariodetucuman.com\\\/web\\\/\",\"name\":\"El Diario de Tucuman\",\"description\":\"Diario Tucuman - Informaci\u00f3n y noticias\",\"publisher\":{\"@id\":\"https:\\\/\\\/www.eldiariodetucuman.com\\\/web\\\/#organization\"},\"potentialAction\":[{\"@type\":\"SearchAction\",\"target\":{\"@type\":\"EntryPoint\",\"urlTemplate\":\"https:\\\/\\\/www.eldiariodetucuman.com\\\/web\\\/?s={search_term_string}\"},\"query-input\":{\"@type\":\"PropertyValueSpecification\",\"valueRequired\":true,\"valueName\":\"search_term_string\"}}],\"inLanguage\":\"es\"},{\"@type\":\"Organization\",\"@id\":\"https:\\\/\\\/www.eldiariodetucuman.com\\\/web\\\/#organization\",\"name\":\"El Diario de Tucuman\",\"url\":\"https:\\\/\\\/www.eldiariodetucuman.com\\\/web\\\/\",\"logo\":{\"@type\":\"ImageObject\",\"inLanguage\":\"es\",\"@id\":\"https:\\\/\\\/www.eldiariodetucuman.com\\\/web\\\/#\\\/schema\\\/logo\\\/image\\\/\",\"url\":\"http:\\\/\\\/www.eldiariodetucuman.com\\\/web\\\/wp-content\\\/uploads\\\/2017\\\/12\\\/el-diario-de-tucuman.jpg\",\"contentUrl\":\"http:\\\/\\\/www.eldiariodetucuman.com\\\/web\\\/wp-content\\\/uploads\\\/2017\\\/12\\\/el-diario-de-tucuman.jpg\",\"width\":272,\"height\":92,\"caption\":\"El Diario de Tucuman\"},\"image\":{\"@id\":\"https:\\\/\\\/www.eldiariodetucuman.com\\\/web\\\/#\\\/schema\\\/logo\\\/image\\\/\"}},{\"@type\":\"Person\",\"@id\":\"https:\\\/\\\/www.eldiariodetucuman.com\\\/web\\\/#\\\/schema\\\/person\\\/9250197d75ab5483412e19678b121caa\",\"name\":\"admin\",\"image\":{\"@type\":\"ImageObject\",\"inLanguage\":\"es\",\"@id\":\"https:\\\/\\\/secure.gravatar.com\\\/avatar\\\/c44d117c2be811212c22cb481f6b8384b6873de103fbc49e7a03cc58d7dea4ac?s=96&d=mm&r=g\",\"url\":\"https:\\\/\\\/secure.gravatar.com\\\/avatar\\\/c44d117c2be811212c22cb481f6b8384b6873de103fbc49e7a03cc58d7dea4ac?s=96&d=mm&r=g\",\"contentUrl\":\"https:\\\/\\\/secure.gravatar.com\\\/avatar\\\/c44d117c2be811212c22cb481f6b8384b6873de103fbc49e7a03cc58d7dea4ac?s=96&d=mm&r=g\",\"caption\":\"admin\"},\"url\":\"https:\\\/\\\/www.eldiariodetucuman.com\\\/web\\\/author\\\/admin\\\/\"}]}<\/script>\n<!-- \/ Yoast SEO plugin. -->","yoast_head_json":{"title":"Se cumple el sexto aniversario de la Tragedia de Once - El Diario de Tucuman","robots":{"index":"index","follow":"follow","max-snippet":"max-snippet:-1","max-image-preview":"max-image-preview:large","max-video-preview":"max-video-preview:-1"},"canonical":"https:\/\/www.eldiariodetucuman.com\/web\/se-cumple-el-sexto-aniversario-de-la-tragedia-de-once\/","og_locale":"es_ES","og_type":"article","og_title":"Se cumple el sexto aniversario de la Tragedia de Once - El Diario de Tucuman","og_description":"Hoy se cumple un nuevo aniversario de la Tragedia en Once. Los familiares de las v\u00edctimas piden que se confirmen las condenas y que los responsables cumplan la prisi\u00f3n. Se reunir\u00e1n hoy con el presidente Mauricio Macri. Existe una condena contra los responsables, en la C\u00e1mara de Casaci\u00f3n Penal, que no est\u00e1 firme. Al iniciarse [&hellip;]","og_url":"https:\/\/www.eldiariodetucuman.com\/web\/se-cumple-el-sexto-aniversario-de-la-tragedia-de-once\/","og_site_name":"El Diario de Tucuman","article_published_time":"2018-02-22T14:42:49+00:00","article_modified_time":"2018-02-22T14:42:53+00:00","og_image":[{"width":960,"height":640,"url":"https:\/\/www.eldiariodetucuman.com\/web\/wp-content\/uploads\/2018\/02\/c37406533894c60ba23ce093193dc9dc.jpeg","type":"image\/jpeg"}],"author":"admin","twitter_card":"summary_large_image","twitter_misc":{"Escrito por":"admin","Tiempo de lectura":"1 minuto"},"schema":{"@context":"https:\/\/schema.org","@graph":[{"@type":"Article","@id":"https:\/\/www.eldiariodetucuman.com\/web\/se-cumple-el-sexto-aniversario-de-la-tragedia-de-once\/#article","isPartOf":{"@id":"https:\/\/www.eldiariodetucuman.com\/web\/se-cumple-el-sexto-aniversario-de-la-tragedia-de-once\/"},"author":{"name":"admin","@id":"https:\/\/www.eldiariodetucuman.com\/web\/#\/schema\/person\/9250197d75ab5483412e19678b121caa"},"headline":"Se cumple el sexto aniversario de la Tragedia de Once","datePublished":"2018-02-22T14:42:49+00:00","dateModified":"2018-02-22T14:42:53+00:00","mainEntityOfPage":{"@id":"https:\/\/www.eldiariodetucuman.com\/web\/se-cumple-el-sexto-aniversario-de-la-tragedia-de-once\/"},"wordCount":301,"commentCount":0,"publisher":{"@id":"https:\/\/www.eldiariodetucuman.com\/web\/#organization"},"image":{"@id":"https:\/\/www.eldiariodetucuman.com\/web\/se-cumple-el-sexto-aniversario-de-la-tragedia-de-once\/#primaryimage"},"thumbnailUrl":"https:\/\/www.eldiariodetucuman.com\/web\/wp-content\/uploads\/2018\/02\/c37406533894c60ba23ce093193dc9dc.jpeg","articleSection":["Portada"],"inLanguage":"es","potentialAction":[{"@type":"CommentAction","name":"Comment","target":["https:\/\/www.eldiariodetucuman.com\/web\/se-cumple-el-sexto-aniversario-de-la-tragedia-de-once\/#respond"]}]},{"@type":"WebPage","@id":"https:\/\/www.eldiariodetucuman.com\/web\/se-cumple-el-sexto-aniversario-de-la-tragedia-de-once\/","url":"https:\/\/www.eldiariodetucuman.com\/web\/se-cumple-el-sexto-aniversario-de-la-tragedia-de-once\/","name":"Se cumple el sexto aniversario de la Tragedia de Once - El Diario de Tucuman","isPartOf":{"@id":"https:\/\/www.eldiariodetucuman.com\/web\/#website"},"primaryImageOfPage":{"@id":"https:\/\/www.eldiariodetucuman.com\/web\/se-cumple-el-sexto-aniversario-de-la-tragedia-de-once\/#primaryimage"},"image":{"@id":"https:\/\/www.eldiariodetucuman.com\/web\/se-cumple-el-sexto-aniversario-de-la-tragedia-de-once\/#primaryimage"},"thumbnailUrl":"https:\/\/www.eldiariodetucuman.com\/web\/wp-content\/uploads\/2018\/02\/c37406533894c60ba23ce093193dc9dc.jpeg","datePublished":"2018-02-22T14:42:49+00:00","dateModified":"2018-02-22T14:42:53+00:00","breadcrumb":{"@id":"https:\/\/www.eldiariodetucuman.com\/web\/se-cumple-el-sexto-aniversario-de-la-tragedia-de-once\/#breadcrumb"},"inLanguage":"es","potentialAction":[{"@type":"ReadAction","target":["https:\/\/www.eldiariodetucuman.com\/web\/se-cumple-el-sexto-aniversario-de-la-tragedia-de-once\/"]}]},{"@type":"ImageObject","inLanguage":"es","@id":"https:\/\/www.eldiariodetucuman.com\/web\/se-cumple-el-sexto-aniversario-de-la-tragedia-de-once\/#primaryimage","url":"https:\/\/www.eldiariodetucuman.com\/web\/wp-content\/uploads\/2018\/02\/c37406533894c60ba23ce093193dc9dc.jpeg","contentUrl":"https:\/\/www.eldiariodetucuman.com\/web\/wp-content\/uploads\/2018\/02\/c37406533894c60ba23ce093193dc9dc.jpeg","width":960,"height":640},{"@type":"BreadcrumbList","@id":"https:\/\/www.eldiariodetucuman.com\/web\/se-cumple-el-sexto-aniversario-de-la-tragedia-de-once\/#breadcrumb","itemListElement":[{"@type":"ListItem","position":1,"name":"Portada","item":"https:\/\/www.eldiariodetucuman.com\/web\/"},{"@type":"ListItem","position":2,"name":"Se cumple el sexto aniversario de la Tragedia de Once"}]},{"@type":"WebSite","@id":"https:\/\/www.eldiariodetucuman.com\/web\/#website","url":"https:\/\/www.eldiariodetucuman.com\/web\/","name":"El Diario de Tucuman","description":"Diario Tucuman - Informaci\u00f3n y noticias","publisher":{"@id":"https:\/\/www.eldiariodetucuman.com\/web\/#organization"},"potentialAction":[{"@type":"SearchAction","target":{"@type":"EntryPoint","urlTemplate":"https:\/\/www.eldiariodetucuman.com\/web\/?s={search_term_string}"},"query-input":{"@type":"PropertyValueSpecification","valueRequired":true,"valueName":"search_term_string"}}],"inLanguage":"es"},{"@type":"Organization","@id":"https:\/\/www.eldiariodetucuman.com\/web\/#organization","name":"El Diario de Tucuman","url":"https:\/\/www.eldiariodetucuman.com\/web\/","logo":{"@type":"ImageObject","inLanguage":"es","@id":"https:\/\/www.eldiariodetucuman.com\/web\/#\/schema\/logo\/image\/","url":"http:\/\/www.eldiariodetucuman.com\/web\/wp-content\/uploads\/2017\/12\/el-diario-de-tucuman.jpg","contentUrl":"http:\/\/www.eldiariodetucuman.com\/web\/wp-content\/uploads\/2017\/12\/el-diario-de-tucuman.jpg","width":272,"height":92,"caption":"El Diario de Tucuman"},"image":{"@id":"https:\/\/www.eldiariodetucuman.com\/web\/#\/schema\/logo\/image\/"}},{"@type":"Person","@id":"https:\/\/www.eldiariodetucuman.com\/web\/#\/schema\/person\/9250197d75ab5483412e19678b121caa","name":"admin","image":{"@type":"ImageObject","inLanguage":"es","@id":"https:\/\/secure.gravatar.com\/avatar\/c44d117c2be811212c22cb481f6b8384b6873de103fbc49e7a03cc58d7dea4ac?s=96&d=mm&r=g","url":"https:\/\/secure.gravatar.com\/avatar\/c44d117c2be811212c22cb481f6b8384b6873de103fbc49e7a03cc58d7dea4ac?s=96&d=mm&r=g","contentUrl":"https:\/\/secure.gravatar.com\/avatar\/c44d117c2be811212c22cb481f6b8384b6873de103fbc49e7a03cc58d7dea4ac?s=96&d=mm&r=g","caption":"admin"},"url":"https:\/\/www.eldiariodetucuman.com\/web\/author\/admin\/"}]}},"_links":{"self":[{"href":"https:\/\/www.eldiariodetucuman.com\/web\/wp-json\/wp\/v2\/posts\/5702","targetHints":{"allow":["GET"]}}],"collection":[{"href":"https:\/\/www.eldiariodetucuman.com\/web\/wp-json\/wp\/v2\/posts"}],"about":[{"href":"https:\/\/www.eldiariodetucuman.com\/web\/wp-json\/wp\/v2\/types\/post"}],"author":[{"embeddable":true,"href":"https:\/\/www.eldiariodetucuman.com\/web\/wp-json\/wp\/v2\/users\/1"}],"replies":[{"embeddable":true,"href":"https:\/\/www.eldiariodetucuman.com\/web\/wp-json\/wp\/v2\/comments?post=5702"}],"version-history":[{"count":1,"href":"https:\/\/www.eldiariodetucuman.com\/web\/wp-json\/wp\/v2\/posts\/5702\/revisions"}],"predecessor-version":[{"id":5704,"href":"https:\/\/www.eldiariodetucuman.com\/web\/wp-json\/wp\/v2\/posts\/5702\/revisions\/5704"}],"wp:featuredmedia":[{"embeddable":true,"href":"https:\/\/www.eldiariodetucuman.com\/web\/wp-json\/wp\/v2\/media\/5703"}],"wp:attachment":[{"href":"https:\/\/www.eldiariodetucuman.com\/web\/wp-json\/wp\/v2\/media?parent=5702"}],"wp:term":[{"taxonomy":"category","embeddable":true,"href":"https:\/\/www.eldiariodetucuman.com\/web\/wp-json\/wp\/v2\/categories?post=5702"},{"taxonomy":"post_tag","embeddable":true,"href":"https:\/\/www.eldiariodetucuman.com\/web\/wp-json\/wp\/v2\/tags?post=5702"}],"curies":[{"name":"wp","href":"https:\/\/api.w.org\/{rel}","templated":true}]}}