{"id":5699,"date":"2018-02-22T11:42:41","date_gmt":"2018-02-22T14:42:41","guid":{"rendered":"http:\/\/www.eldiariodetucuman.com\/web\/senadores-opositores-se-reunen-con-farmaceuticos\/"},"modified":"2018-02-22T11:42:43","modified_gmt":"2018-02-22T14:42:43","slug":"senadores-opositores-se-reunen-con-farmaceuticos","status":"publish","type":"post","link":"https:\/\/www.eldiariodetucuman.com\/web\/senadores-opositores-se-reunen-con-farmaceuticos\/","title":{"rendered":"Senadores opositores se re\u00fanen con farmac\u00e9uticos"},"content":{"rendered":"<div>\n<div readability=\"59.329319129226\">\n<p>La intenci\u00f3n de la cadena <a href=\"https:\/\/www.elintransigente.com\/politica\/2018\/2\/8\/crece-la-preocupacion-ante-un-posible-desembarco-de-farmacity-en-la-provincia-478224.html\">Farmacity de arribar a la provincia de Buenos Aires<\/a> despert\u00f3 la alarma de los farmac\u00e9uticos bonaerenses, que ven con temor a su competencia y denuncian que, de concretarse la iniciativa, se pondr\u00edan en riesgo cientos de puestos de trabajo en m\u00e1s de 4500 comercios.\u00a0<\/p>\n<p>En ese sentido, los integrantes del Colegio de Farmac\u00e9uticos de la Provincia denunciaron ante la Justicia que con la llegada de Farmacity se violar\u00eda la Ley 10.606 sobre habilitaciones y, por su parte, los representantes de la cadena llevaron la disputa a la Corte Suprema y a\u00fan esperan una resoluci\u00f3n.\u00a0<\/p>\n<p>Frente a esta incertidumbre, los <strong>profesionales bonaerenses<\/strong> volvieron a pedir ayuda a los senadores opositores y <strong>se reunir\u00e1n hoy con los integrantes del bloque Unidad Ciudadana-FpV<\/strong>. En ese sentido, el encuentro se llevar\u00e1 a cabo <strong>el mediod\u00eda de hoy en el sal\u00f3n del Bloque FPV<\/strong>, en el Senado.\u00a0<\/p>\n<p>Asimismo, es importante destacar que si bien Farmacity todav\u00eda no pudo instalarse en la Provincia, s\u00ed logr\u00f3 la autorizaci\u00f3n para que lo hagan las dos tiendas que posee la empresa para venta de productos cosm\u00e9ticos y maquillajes: Look y Simplicity.<\/p>\n<p>Como ninguna de las dos compa\u00f1\u00edas, que hasta utilizan las bolsas con los logos de su firma insignia, vende remedios, no se registraron mayores inconvenientes para que llegaran al conurbano sur y en zona norte, donde se instalaron la gran mayor\u00eda de los comercios. \u00a0<\/p>\n<p>Asimismo hace diez d\u00edas,<strong> la Presidente del Colegio<\/strong>, Mar\u00eda Isabel Reinoso, junto a otros integrantes del <strong>Comit\u00e9 directiv<\/strong>o, <strong>se reunieron con el senador provincial del FPV, Gustavo Traverso<\/strong>, de quien lograron obtener su apoyo.\u00a0<\/p>\n<p>\u201cDetr\u00e1s de las intenciones de esta cadena est\u00e1n los intereses de este grupo econ\u00f3mico, <a href=\"https:\/\/www.elintransigente.com\/politica\/2017\/10\/17\/bonaerenses-rechazan-empresa-ministro-macri-461518.html\">vinculado fuertemente al Gobierno nacional<\/a> en la figura de su vicejefe de gabinete Mario Quintana\u201d, sostuvo por su parte el senador Traverso.<\/p>\n<p>Mientras tanto, desde Farmacity apuestan a que la m\u00e1xima autoridad judicial \u201chaga una reinterpretaci\u00f3n\u201d de la normativa vigente y se defienden argumentando que en la actualidad ya existen otros comercios del rubro que se manejan con un sistema similar al de ellos.\u00a0<br \/>\n\u00a0<\/p>\n<\/div>\n<\/div>\n<p>Fuente: https:\/\/www.elintransigente.com\/politica\/2018\/2\/22\/senadores-opositores-se-reunen-con-farmaceuticos-479641.html<\/p>\n","protected":false},"excerpt":{"rendered":"<p>La intenci\u00f3n de la cadena Farmacity de arribar a la provincia de Buenos Aires despert\u00f3 la alarma de los farmac\u00e9uticos bonaerenses, que ven con temor a su competencia y denuncian que, de concretarse la iniciativa, se pondr\u00edan en riesgo cientos de puestos de trabajo en m\u00e1s de 4500 comercios.\u00a0 En ese sentido, los integrantes del [&hellip;]<\/p>\n","protected":false},"author":1,"featured_media":5700,"comment_status":"open","ping_status":"closed","sticky":false,"template":"","format":"standard","meta":{"footnotes":""},"categories":[1],"tags":[],"class_list":{"0":"post-5699","1":"post","2":"type-post","3":"status-publish","4":"format-standard","5":"has-post-thumbnail","7":"category-portada"},"yoast_head":"<!-- This site is optimized with the Yoast SEO plugin v27.5 - https:\/\/yoast.com\/product\/yoast-seo-wordpress\/ -->\n<title>Senadores opositores se re\u00fanen con farmac\u00e9uticos - El Diario de Tucuman<\/title>\n<meta name=\"robots\" content=\"index, follow, max-snippet:-1, max-image-preview:large, max-video-preview:-1\" \/>\n<link rel=\"canonical\" href=\"https:\/\/www.eldiariodetucuman.com\/web\/senadores-opositores-se-reunen-con-farmaceuticos\/\" \/>\n<meta property=\"og:locale\" content=\"es_ES\" \/>\n<meta property=\"og:type\" content=\"article\" \/>\n<meta property=\"og:title\" content=\"Senadores opositores se re\u00fanen con farmac\u00e9uticos - El Diario de Tucuman\" \/>\n<meta property=\"og:description\" content=\"La intenci\u00f3n de la cadena Farmacity de arribar a la provincia de Buenos Aires despert\u00f3 la alarma de los farmac\u00e9uticos bonaerenses, que ven con temor a su competencia y denuncian que, de concretarse la iniciativa, se pondr\u00edan en riesgo cientos de puestos de trabajo en m\u00e1s de 4500 comercios.\u00a0 En ese sentido, los integrantes del [&hellip;]\" \/>\n<meta property=\"og:url\" content=\"https:\/\/www.eldiariodetucuman.com\/web\/senadores-opositores-se-reunen-con-farmaceuticos\/\" \/>\n<meta property=\"og:site_name\" content=\"El Diario de Tucuman\" \/>\n<meta property=\"article:published_time\" content=\"2018-02-22T14:42:41+00:00\" \/>\n<meta property=\"article:modified_time\" content=\"2018-02-22T14:42:43+00:00\" \/>\n<meta property=\"og:image\" content=\"https:\/\/www.eldiariodetucuman.com\/web\/wp-content\/uploads\/2018\/02\/2e418bc7f302173b5236f38ec94938ba.jpeg\" \/>\n\t<meta property=\"og:image:width\" content=\"960\" \/>\n\t<meta property=\"og:image:height\" content=\"576\" \/>\n\t<meta property=\"og:image:type\" content=\"image\/jpeg\" \/>\n<meta name=\"author\" content=\"admin\" \/>\n<meta name=\"twitter:card\" content=\"summary_large_image\" \/>\n<meta name=\"twitter:label1\" content=\"Escrito por\" \/>\n\t<meta name=\"twitter:data1\" content=\"admin\" \/>\n\t<meta name=\"twitter:label2\" content=\"Tiempo de lectura\" \/>\n\t<meta name=\"twitter:data2\" content=\"2 minutos\" \/>\n<script type=\"application\/ld+json\" class=\"yoast-schema-graph\">{\"@context\":\"https:\\\/\\\/schema.org\",\"@graph\":[{\"@type\":\"Article\",\"@id\":\"https:\\\/\\\/www.eldiariodetucuman.com\\\/web\\\/senadores-opositores-se-reunen-con-farmaceuticos\\\/#article\",\"isPartOf\":{\"@id\":\"https:\\\/\\\/www.eldiariodetucuman.com\\\/web\\\/senadores-opositores-se-reunen-con-farmaceuticos\\\/\"},\"author\":{\"name\":\"admin\",\"@id\":\"https:\\\/\\\/www.eldiariodetucuman.com\\\/web\\\/#\\\/schema\\\/person\\\/9250197d75ab5483412e19678b121caa\"},\"headline\":\"Senadores opositores se re\u00fanen con farmac\u00e9uticos\",\"datePublished\":\"2018-02-22T14:42:41+00:00\",\"dateModified\":\"2018-02-22T14:42:43+00:00\",\"mainEntityOfPage\":{\"@id\":\"https:\\\/\\\/www.eldiariodetucuman.com\\\/web\\\/senadores-opositores-se-reunen-con-farmaceuticos\\\/\"},\"wordCount\":380,\"commentCount\":0,\"publisher\":{\"@id\":\"https:\\\/\\\/www.eldiariodetucuman.com\\\/web\\\/#organization\"},\"image\":{\"@id\":\"https:\\\/\\\/www.eldiariodetucuman.com\\\/web\\\/senadores-opositores-se-reunen-con-farmaceuticos\\\/#primaryimage\"},\"thumbnailUrl\":\"https:\\\/\\\/www.eldiariodetucuman.com\\\/web\\\/wp-content\\\/uploads\\\/2018\\\/02\\\/2e418bc7f302173b5236f38ec94938ba.jpeg\",\"articleSection\":[\"Portada\"],\"inLanguage\":\"es\",\"potentialAction\":[{\"@type\":\"CommentAction\",\"name\":\"Comment\",\"target\":[\"https:\\\/\\\/www.eldiariodetucuman.com\\\/web\\\/senadores-opositores-se-reunen-con-farmaceuticos\\\/#respond\"]}]},{\"@type\":\"WebPage\",\"@id\":\"https:\\\/\\\/www.eldiariodetucuman.com\\\/web\\\/senadores-opositores-se-reunen-con-farmaceuticos\\\/\",\"url\":\"https:\\\/\\\/www.eldiariodetucuman.com\\\/web\\\/senadores-opositores-se-reunen-con-farmaceuticos\\\/\",\"name\":\"Senadores opositores se re\u00fanen con farmac\u00e9uticos - El Diario de Tucuman\",\"isPartOf\":{\"@id\":\"https:\\\/\\\/www.eldiariodetucuman.com\\\/web\\\/#website\"},\"primaryImageOfPage\":{\"@id\":\"https:\\\/\\\/www.eldiariodetucuman.com\\\/web\\\/senadores-opositores-se-reunen-con-farmaceuticos\\\/#primaryimage\"},\"image\":{\"@id\":\"https:\\\/\\\/www.eldiariodetucuman.com\\\/web\\\/senadores-opositores-se-reunen-con-farmaceuticos\\\/#primaryimage\"},\"thumbnailUrl\":\"https:\\\/\\\/www.eldiariodetucuman.com\\\/web\\\/wp-content\\\/uploads\\\/2018\\\/02\\\/2e418bc7f302173b5236f38ec94938ba.jpeg\",\"datePublished\":\"2018-02-22T14:42:41+00:00\",\"dateModified\":\"2018-02-22T14:42:43+00:00\",\"breadcrumb\":{\"@id\":\"https:\\\/\\\/www.eldiariodetucuman.com\\\/web\\\/senadores-opositores-se-reunen-con-farmaceuticos\\\/#breadcrumb\"},\"inLanguage\":\"es\",\"potentialAction\":[{\"@type\":\"ReadAction\",\"target\":[\"https:\\\/\\\/www.eldiariodetucuman.com\\\/web\\\/senadores-opositores-se-reunen-con-farmaceuticos\\\/\"]}]},{\"@type\":\"ImageObject\",\"inLanguage\":\"es\",\"@id\":\"https:\\\/\\\/www.eldiariodetucuman.com\\\/web\\\/senadores-opositores-se-reunen-con-farmaceuticos\\\/#primaryimage\",\"url\":\"https:\\\/\\\/www.eldiariodetucuman.com\\\/web\\\/wp-content\\\/uploads\\\/2018\\\/02\\\/2e418bc7f302173b5236f38ec94938ba.jpeg\",\"contentUrl\":\"https:\\\/\\\/www.eldiariodetucuman.com\\\/web\\\/wp-content\\\/uploads\\\/2018\\\/02\\\/2e418bc7f302173b5236f38ec94938ba.jpeg\",\"width\":960,\"height\":576},{\"@type\":\"BreadcrumbList\",\"@id\":\"https:\\\/\\\/www.eldiariodetucuman.com\\\/web\\\/senadores-opositores-se-reunen-con-farmaceuticos\\\/#breadcrumb\",\"itemListElement\":[{\"@type\":\"ListItem\",\"position\":1,\"name\":\"Portada\",\"item\":\"https:\\\/\\\/www.eldiariodetucuman.com\\\/web\\\/\"},{\"@type\":\"ListItem\",\"position\":2,\"name\":\"Senadores opositores se re\u00fanen con farmac\u00e9uticos\"}]},{\"@type\":\"WebSite\",\"@id\":\"https:\\\/\\\/www.eldiariodetucuman.com\\\/web\\\/#website\",\"url\":\"https:\\\/\\\/www.eldiariodetucuman.com\\\/web\\\/\",\"name\":\"El Diario de Tucuman\",\"description\":\"Diario Tucuman - Informaci\u00f3n y noticias\",\"publisher\":{\"@id\":\"https:\\\/\\\/www.eldiariodetucuman.com\\\/web\\\/#organization\"},\"potentialAction\":[{\"@type\":\"SearchAction\",\"target\":{\"@type\":\"EntryPoint\",\"urlTemplate\":\"https:\\\/\\\/www.eldiariodetucuman.com\\\/web\\\/?s={search_term_string}\"},\"query-input\":{\"@type\":\"PropertyValueSpecification\",\"valueRequired\":true,\"valueName\":\"search_term_string\"}}],\"inLanguage\":\"es\"},{\"@type\":\"Organization\",\"@id\":\"https:\\\/\\\/www.eldiariodetucuman.com\\\/web\\\/#organization\",\"name\":\"El Diario de Tucuman\",\"url\":\"https:\\\/\\\/www.eldiariodetucuman.com\\\/web\\\/\",\"logo\":{\"@type\":\"ImageObject\",\"inLanguage\":\"es\",\"@id\":\"https:\\\/\\\/www.eldiariodetucuman.com\\\/web\\\/#\\\/schema\\\/logo\\\/image\\\/\",\"url\":\"http:\\\/\\\/www.eldiariodetucuman.com\\\/web\\\/wp-content\\\/uploads\\\/2017\\\/12\\\/el-diario-de-tucuman.jpg\",\"contentUrl\":\"http:\\\/\\\/www.eldiariodetucuman.com\\\/web\\\/wp-content\\\/uploads\\\/2017\\\/12\\\/el-diario-de-tucuman.jpg\",\"width\":272,\"height\":92,\"caption\":\"El Diario de Tucuman\"},\"image\":{\"@id\":\"https:\\\/\\\/www.eldiariodetucuman.com\\\/web\\\/#\\\/schema\\\/logo\\\/image\\\/\"}},{\"@type\":\"Person\",\"@id\":\"https:\\\/\\\/www.eldiariodetucuman.com\\\/web\\\/#\\\/schema\\\/person\\\/9250197d75ab5483412e19678b121caa\",\"name\":\"admin\",\"image\":{\"@type\":\"ImageObject\",\"inLanguage\":\"es\",\"@id\":\"https:\\\/\\\/secure.gravatar.com\\\/avatar\\\/c44d117c2be811212c22cb481f6b8384b6873de103fbc49e7a03cc58d7dea4ac?s=96&d=mm&r=g\",\"url\":\"https:\\\/\\\/secure.gravatar.com\\\/avatar\\\/c44d117c2be811212c22cb481f6b8384b6873de103fbc49e7a03cc58d7dea4ac?s=96&d=mm&r=g\",\"contentUrl\":\"https:\\\/\\\/secure.gravatar.com\\\/avatar\\\/c44d117c2be811212c22cb481f6b8384b6873de103fbc49e7a03cc58d7dea4ac?s=96&d=mm&r=g\",\"caption\":\"admin\"},\"url\":\"https:\\\/\\\/www.eldiariodetucuman.com\\\/web\\\/author\\\/admin\\\/\"}]}<\/script>\n<!-- \/ Yoast SEO plugin. -->","yoast_head_json":{"title":"Senadores opositores se re\u00fanen con farmac\u00e9uticos - El Diario de Tucuman","robots":{"index":"index","follow":"follow","max-snippet":"max-snippet:-1","max-image-preview":"max-image-preview:large","max-video-preview":"max-video-preview:-1"},"canonical":"https:\/\/www.eldiariodetucuman.com\/web\/senadores-opositores-se-reunen-con-farmaceuticos\/","og_locale":"es_ES","og_type":"article","og_title":"Senadores opositores se re\u00fanen con farmac\u00e9uticos - El Diario de Tucuman","og_description":"La intenci\u00f3n de la cadena Farmacity de arribar a la provincia de Buenos Aires despert\u00f3 la alarma de los farmac\u00e9uticos bonaerenses, que ven con temor a su competencia y denuncian que, de concretarse la iniciativa, se pondr\u00edan en riesgo cientos de puestos de trabajo en m\u00e1s de 4500 comercios.\u00a0 En ese sentido, los integrantes del [&hellip;]","og_url":"https:\/\/www.eldiariodetucuman.com\/web\/senadores-opositores-se-reunen-con-farmaceuticos\/","og_site_name":"El Diario de Tucuman","article_published_time":"2018-02-22T14:42:41+00:00","article_modified_time":"2018-02-22T14:42:43+00:00","og_image":[{"width":960,"height":576,"url":"https:\/\/www.eldiariodetucuman.com\/web\/wp-content\/uploads\/2018\/02\/2e418bc7f302173b5236f38ec94938ba.jpeg","type":"image\/jpeg"}],"author":"admin","twitter_card":"summary_large_image","twitter_misc":{"Escrito por":"admin","Tiempo de lectura":"2 minutos"},"schema":{"@context":"https:\/\/schema.org","@graph":[{"@type":"Article","@id":"https:\/\/www.eldiariodetucuman.com\/web\/senadores-opositores-se-reunen-con-farmaceuticos\/#article","isPartOf":{"@id":"https:\/\/www.eldiariodetucuman.com\/web\/senadores-opositores-se-reunen-con-farmaceuticos\/"},"author":{"name":"admin","@id":"https:\/\/www.eldiariodetucuman.com\/web\/#\/schema\/person\/9250197d75ab5483412e19678b121caa"},"headline":"Senadores opositores se re\u00fanen con farmac\u00e9uticos","datePublished":"2018-02-22T14:42:41+00:00","dateModified":"2018-02-22T14:42:43+00:00","mainEntityOfPage":{"@id":"https:\/\/www.eldiariodetucuman.com\/web\/senadores-opositores-se-reunen-con-farmaceuticos\/"},"wordCount":380,"commentCount":0,"publisher":{"@id":"https:\/\/www.eldiariodetucuman.com\/web\/#organization"},"image":{"@id":"https:\/\/www.eldiariodetucuman.com\/web\/senadores-opositores-se-reunen-con-farmaceuticos\/#primaryimage"},"thumbnailUrl":"https:\/\/www.eldiariodetucuman.com\/web\/wp-content\/uploads\/2018\/02\/2e418bc7f302173b5236f38ec94938ba.jpeg","articleSection":["Portada"],"inLanguage":"es","potentialAction":[{"@type":"CommentAction","name":"Comment","target":["https:\/\/www.eldiariodetucuman.com\/web\/senadores-opositores-se-reunen-con-farmaceuticos\/#respond"]}]},{"@type":"WebPage","@id":"https:\/\/www.eldiariodetucuman.com\/web\/senadores-opositores-se-reunen-con-farmaceuticos\/","url":"https:\/\/www.eldiariodetucuman.com\/web\/senadores-opositores-se-reunen-con-farmaceuticos\/","name":"Senadores opositores se re\u00fanen con farmac\u00e9uticos - El Diario de Tucuman","isPartOf":{"@id":"https:\/\/www.eldiariodetucuman.com\/web\/#website"},"primaryImageOfPage":{"@id":"https:\/\/www.eldiariodetucuman.com\/web\/senadores-opositores-se-reunen-con-farmaceuticos\/#primaryimage"},"image":{"@id":"https:\/\/www.eldiariodetucuman.com\/web\/senadores-opositores-se-reunen-con-farmaceuticos\/#primaryimage"},"thumbnailUrl":"https:\/\/www.eldiariodetucuman.com\/web\/wp-content\/uploads\/2018\/02\/2e418bc7f302173b5236f38ec94938ba.jpeg","datePublished":"2018-02-22T14:42:41+00:00","dateModified":"2018-02-22T14:42:43+00:00","breadcrumb":{"@id":"https:\/\/www.eldiariodetucuman.com\/web\/senadores-opositores-se-reunen-con-farmaceuticos\/#breadcrumb"},"inLanguage":"es","potentialAction":[{"@type":"ReadAction","target":["https:\/\/www.eldiariodetucuman.com\/web\/senadores-opositores-se-reunen-con-farmaceuticos\/"]}]},{"@type":"ImageObject","inLanguage":"es","@id":"https:\/\/www.eldiariodetucuman.com\/web\/senadores-opositores-se-reunen-con-farmaceuticos\/#primaryimage","url":"https:\/\/www.eldiariodetucuman.com\/web\/wp-content\/uploads\/2018\/02\/2e418bc7f302173b5236f38ec94938ba.jpeg","contentUrl":"https:\/\/www.eldiariodetucuman.com\/web\/wp-content\/uploads\/2018\/02\/2e418bc7f302173b5236f38ec94938ba.jpeg","width":960,"height":576},{"@type":"BreadcrumbList","@id":"https:\/\/www.eldiariodetucuman.com\/web\/senadores-opositores-se-reunen-con-farmaceuticos\/#breadcrumb","itemListElement":[{"@type":"ListItem","position":1,"name":"Portada","item":"https:\/\/www.eldiariodetucuman.com\/web\/"},{"@type":"ListItem","position":2,"name":"Senadores opositores se re\u00fanen con farmac\u00e9uticos"}]},{"@type":"WebSite","@id":"https:\/\/www.eldiariodetucuman.com\/web\/#website","url":"https:\/\/www.eldiariodetucuman.com\/web\/","name":"El Diario de Tucuman","description":"Diario Tucuman - Informaci\u00f3n y noticias","publisher":{"@id":"https:\/\/www.eldiariodetucuman.com\/web\/#organization"},"potentialAction":[{"@type":"SearchAction","target":{"@type":"EntryPoint","urlTemplate":"https:\/\/www.eldiariodetucuman.com\/web\/?s={search_term_string}"},"query-input":{"@type":"PropertyValueSpecification","valueRequired":true,"valueName":"search_term_string"}}],"inLanguage":"es"},{"@type":"Organization","@id":"https:\/\/www.eldiariodetucuman.com\/web\/#organization","name":"El Diario de Tucuman","url":"https:\/\/www.eldiariodetucuman.com\/web\/","logo":{"@type":"ImageObject","inLanguage":"es","@id":"https:\/\/www.eldiariodetucuman.com\/web\/#\/schema\/logo\/image\/","url":"http:\/\/www.eldiariodetucuman.com\/web\/wp-content\/uploads\/2017\/12\/el-diario-de-tucuman.jpg","contentUrl":"http:\/\/www.eldiariodetucuman.com\/web\/wp-content\/uploads\/2017\/12\/el-diario-de-tucuman.jpg","width":272,"height":92,"caption":"El Diario de Tucuman"},"image":{"@id":"https:\/\/www.eldiariodetucuman.com\/web\/#\/schema\/logo\/image\/"}},{"@type":"Person","@id":"https:\/\/www.eldiariodetucuman.com\/web\/#\/schema\/person\/9250197d75ab5483412e19678b121caa","name":"admin","image":{"@type":"ImageObject","inLanguage":"es","@id":"https:\/\/secure.gravatar.com\/avatar\/c44d117c2be811212c22cb481f6b8384b6873de103fbc49e7a03cc58d7dea4ac?s=96&d=mm&r=g","url":"https:\/\/secure.gravatar.com\/avatar\/c44d117c2be811212c22cb481f6b8384b6873de103fbc49e7a03cc58d7dea4ac?s=96&d=mm&r=g","contentUrl":"https:\/\/secure.gravatar.com\/avatar\/c44d117c2be811212c22cb481f6b8384b6873de103fbc49e7a03cc58d7dea4ac?s=96&d=mm&r=g","caption":"admin"},"url":"https:\/\/www.eldiariodetucuman.com\/web\/author\/admin\/"}]}},"_links":{"self":[{"href":"https:\/\/www.eldiariodetucuman.com\/web\/wp-json\/wp\/v2\/posts\/5699","targetHints":{"allow":["GET"]}}],"collection":[{"href":"https:\/\/www.eldiariodetucuman.com\/web\/wp-json\/wp\/v2\/posts"}],"about":[{"href":"https:\/\/www.eldiariodetucuman.com\/web\/wp-json\/wp\/v2\/types\/post"}],"author":[{"embeddable":true,"href":"https:\/\/www.eldiariodetucuman.com\/web\/wp-json\/wp\/v2\/users\/1"}],"replies":[{"embeddable":true,"href":"https:\/\/www.eldiariodetucuman.com\/web\/wp-json\/wp\/v2\/comments?post=5699"}],"version-history":[{"count":1,"href":"https:\/\/www.eldiariodetucuman.com\/web\/wp-json\/wp\/v2\/posts\/5699\/revisions"}],"predecessor-version":[{"id":5701,"href":"https:\/\/www.eldiariodetucuman.com\/web\/wp-json\/wp\/v2\/posts\/5699\/revisions\/5701"}],"wp:featuredmedia":[{"embeddable":true,"href":"https:\/\/www.eldiariodetucuman.com\/web\/wp-json\/wp\/v2\/media\/5700"}],"wp:attachment":[{"href":"https:\/\/www.eldiariodetucuman.com\/web\/wp-json\/wp\/v2\/media?parent=5699"}],"wp:term":[{"taxonomy":"category","embeddable":true,"href":"https:\/\/www.eldiariodetucuman.com\/web\/wp-json\/wp\/v2\/categories?post=5699"},{"taxonomy":"post_tag","embeddable":true,"href":"https:\/\/www.eldiariodetucuman.com\/web\/wp-json\/wp\/v2\/tags?post=5699"}],"curies":[{"name":"wp","href":"https:\/\/api.w.org\/{rel}","templated":true}]}}