{"id":5696,"date":"2018-02-22T11:42:31","date_gmt":"2018-02-22T14:42:31","guid":{"rendered":"http:\/\/www.eldiariodetucuman.com\/web\/vidal-impulsa-proyecto-para-reubicar-alumnos-de-escuelas-rurales-a-otros-establecimientos\/"},"modified":"2018-02-22T11:42:33","modified_gmt":"2018-02-22T14:42:33","slug":"vidal-impulsa-proyecto-para-reubicar-alumnos-de-escuelas-rurales-a-otros-establecimientos","status":"publish","type":"post","link":"https:\/\/www.eldiariodetucuman.com\/web\/vidal-impulsa-proyecto-para-reubicar-alumnos-de-escuelas-rurales-a-otros-establecimientos\/","title":{"rendered":"Vidal impulsa proyecto para reubicar alumnos de escuelas rurales a otros establecimientos"},"content":{"rendered":"<div>\n<div readability=\"67.748770336739\">\n<p>A pocos d\u00edas del inicio de clases, <a href=\"https:\/\/www.elintransigente.com\/politica\/2018\/2\/22\/el-gobierno-bonaerense-gremios-docentes-retoman-la-paritaria-479616.html\">la Gobernadora de la Provincia de Buenos Aires, Mar\u00eda Eugenia Vidal<\/a>, impulsar\u00e1 un proyecto conocido: <strong>la reubicaci\u00f3n de varios alumnos de escuelas rurales hacia otros establecimientos <\/strong>que estar\u00e1n destinados a \u201cgarantizar el aprendizaje de estos menores\u201d, seg\u00fan se\u00f1alaron desde la gobernaci\u00f3n. \u00a0<\/p>\n<p>Esta iniciativa, que ubicar\u00e1 aproximadamente 50 ni\u00f1os y adolescentes que hoy concurren a escuelitas precarias, prev\u00e9 por un lado enviar a los menores a otros establecimientos educativos, mientras que <strong>las 39 escuelas rurales que estar\u00e1n disponibles, ser\u00e1n destinadas a construir centros de formaci\u00f3n de oficio y capacitaci\u00f3n tanto para adultos como para que sean utilizados por los municipios para alguna finalidad gubernamental<\/strong>.\u00a0<\/p>\n<p><strong>Este proyecto ya se hab\u00eda implementado durante la gesti\u00f3n de Vidal <\/strong>y, pese a la denuncia de algunos docentes que en aquella oportunidad alertaban por el cierre inminente de edificios escolares, tiene como \u00fanico objetivo mejorar el aprendizaje de los alumnos, seg\u00fan destacan.<\/p>\n<aside class=\"htmlinline \"><ins class=\"adsbygoogle\" data-ad-format=\"fluid\" data-ad-layout=\"in-article\" data-ad-client=\"ca-pub-7781556717282971\" data-ad-slot=\"9383133609\"><\/ins><br \/>\n<\/aside>\n<p>\u201cMuchos no tienen contacto con sus pares. S\u00f3lo conviven con adultos. Y as\u00ed no se pueden socializar ni compartir un proyecto pedag\u00f3gico\u201d, detallan la problem\u00e1tica desde Provincia.\u00a0<br \/>\nEn ese caso, en un momento varios chicos de peque\u00f1os colegios ubicados en las islas de San Fernando -alumnos de bajos recursos econ\u00f3micos-, fueron reubicados y, seg\u00fan resaltan, mejoraron su nivel educativo.\u00a0<\/p>\n<p>En tanto, el \u00a0director General de Escuelas, Gabriel Sanchez Zinny, manifest\u00f3 que siempre se realiza \u201cun estudio puntual de cada caso para que puedan ir a una escuela de similares caracter\u00edsticas\u201d y se conversa con los padres para decidir la mejor escolaridad para su hijo.\u00a0<\/p>\n<p>Por su parte, a modo de resumen, el sistema de escuelas rurales bonaerenses tiene 3.051 servicios educativos, entre los que se destacan jardines, primarias y secundarias. Muchas est\u00e1n instaladas en lugares alejados de los centros urbanos, anegados y donde se dificulta su llegada. A esos centros, en cifras, seg\u00fan el \u00faltimo censo, asisten 109.001 chicos y, al hacer un repaso por cada escuela, muchas veces se observa que, de todos los establecimientos,\u00a0la asistencia en total es de 5 a 10 alumnos. \u00a0Mientras que el docente es de uno o dos educadores, es decir que un director oficia de maestro al mismo tiempo.<\/p>\n<p>Con el fin de mejorar la <a href=\"https:\/\/www.elintransigente.com\/politica\/2018\/2\/22\/los-gremios-santacrucenos-negocian-salarios-479629.html\">calidad educativa <\/a>de estos j\u00f3venes e impulsar la curva de aprendizaje de forma ascendente, es que desde el Gobierno bonaerense se busca impulsar y mantener estos proyectos que muestra un doble fin tanto educativo como de aprovechamiento de nuevos espacios.\u00a0<\/p>\n<\/div>\n<\/div>\n<p>Fuente: https:\/\/www.elintransigente.com\/politica\/2018\/2\/22\/vidal-impulsa-proyecto-para-reubicar-alumnos-de-escuelas-rurales-otros-establecimientos-479643.html<\/p>\n","protected":false},"excerpt":{"rendered":"<p>A pocos d\u00edas del inicio de clases, la Gobernadora de la Provincia de Buenos Aires, Mar\u00eda Eugenia Vidal, impulsar\u00e1 un proyecto conocido: la reubicaci\u00f3n de varios alumnos de escuelas rurales hacia otros establecimientos que estar\u00e1n destinados a \u201cgarantizar el aprendizaje de estos menores\u201d, seg\u00fan se\u00f1alaron desde la gobernaci\u00f3n. \u00a0 Esta iniciativa, que ubicar\u00e1 aproximadamente 50 [&hellip;]<\/p>\n","protected":false},"author":1,"featured_media":5697,"comment_status":"open","ping_status":"closed","sticky":false,"template":"","format":"standard","meta":{"footnotes":""},"categories":[1],"tags":[],"class_list":{"0":"post-5696","1":"post","2":"type-post","3":"status-publish","4":"format-standard","5":"has-post-thumbnail","7":"category-portada"},"yoast_head":"<!-- This site is optimized with the Yoast SEO plugin v27.5 - https:\/\/yoast.com\/product\/yoast-seo-wordpress\/ -->\n<title>Vidal impulsa proyecto para reubicar alumnos de escuelas rurales a otros establecimientos - El Diario de Tucuman<\/title>\n<meta name=\"robots\" content=\"index, follow, max-snippet:-1, max-image-preview:large, max-video-preview:-1\" \/>\n<link rel=\"canonical\" href=\"https:\/\/www.eldiariodetucuman.com\/web\/vidal-impulsa-proyecto-para-reubicar-alumnos-de-escuelas-rurales-a-otros-establecimientos\/\" \/>\n<meta property=\"og:locale\" content=\"es_ES\" \/>\n<meta property=\"og:type\" content=\"article\" \/>\n<meta property=\"og:title\" content=\"Vidal impulsa proyecto para reubicar alumnos de escuelas rurales a otros establecimientos - El Diario de Tucuman\" \/>\n<meta property=\"og:description\" content=\"A pocos d\u00edas del inicio de clases, la Gobernadora de la Provincia de Buenos Aires, Mar\u00eda Eugenia Vidal, impulsar\u00e1 un proyecto conocido: la reubicaci\u00f3n de varios alumnos de escuelas rurales hacia otros establecimientos que estar\u00e1n destinados a \u201cgarantizar el aprendizaje de estos menores\u201d, seg\u00fan se\u00f1alaron desde la gobernaci\u00f3n. \u00a0 Esta iniciativa, que ubicar\u00e1 aproximadamente 50 [&hellip;]\" \/>\n<meta property=\"og:url\" content=\"https:\/\/www.eldiariodetucuman.com\/web\/vidal-impulsa-proyecto-para-reubicar-alumnos-de-escuelas-rurales-a-otros-establecimientos\/\" \/>\n<meta property=\"og:site_name\" content=\"El Diario de Tucuman\" \/>\n<meta property=\"article:published_time\" content=\"2018-02-22T14:42:31+00:00\" \/>\n<meta property=\"article:modified_time\" content=\"2018-02-22T14:42:33+00:00\" \/>\n<meta property=\"og:image\" content=\"https:\/\/www.eldiariodetucuman.com\/web\/wp-content\/uploads\/2018\/02\/01ae3c57179334ac0f830a2ced54cbe8.jpeg\" \/>\n\t<meta property=\"og:image:width\" content=\"960\" \/>\n\t<meta property=\"og:image:height\" content=\"639\" \/>\n\t<meta property=\"og:image:type\" content=\"image\/jpeg\" \/>\n<meta name=\"author\" content=\"admin\" \/>\n<meta name=\"twitter:card\" content=\"summary_large_image\" \/>\n<meta name=\"twitter:label1\" content=\"Escrito por\" \/>\n\t<meta name=\"twitter:data1\" content=\"admin\" \/>\n\t<meta name=\"twitter:label2\" content=\"Tiempo de lectura\" \/>\n\t<meta name=\"twitter:data2\" content=\"2 minutos\" \/>\n<script type=\"application\/ld+json\" class=\"yoast-schema-graph\">{\"@context\":\"https:\\\/\\\/schema.org\",\"@graph\":[{\"@type\":\"Article\",\"@id\":\"https:\\\/\\\/www.eldiariodetucuman.com\\\/web\\\/vidal-impulsa-proyecto-para-reubicar-alumnos-de-escuelas-rurales-a-otros-establecimientos\\\/#article\",\"isPartOf\":{\"@id\":\"https:\\\/\\\/www.eldiariodetucuman.com\\\/web\\\/vidal-impulsa-proyecto-para-reubicar-alumnos-de-escuelas-rurales-a-otros-establecimientos\\\/\"},\"author\":{\"name\":\"admin\",\"@id\":\"https:\\\/\\\/www.eldiariodetucuman.com\\\/web\\\/#\\\/schema\\\/person\\\/9250197d75ab5483412e19678b121caa\"},\"headline\":\"Vidal impulsa proyecto para reubicar alumnos de escuelas rurales a otros establecimientos\",\"datePublished\":\"2018-02-22T14:42:31+00:00\",\"dateModified\":\"2018-02-22T14:42:33+00:00\",\"mainEntityOfPage\":{\"@id\":\"https:\\\/\\\/www.eldiariodetucuman.com\\\/web\\\/vidal-impulsa-proyecto-para-reubicar-alumnos-de-escuelas-rurales-a-otros-establecimientos\\\/\"},\"wordCount\":445,\"commentCount\":0,\"publisher\":{\"@id\":\"https:\\\/\\\/www.eldiariodetucuman.com\\\/web\\\/#organization\"},\"image\":{\"@id\":\"https:\\\/\\\/www.eldiariodetucuman.com\\\/web\\\/vidal-impulsa-proyecto-para-reubicar-alumnos-de-escuelas-rurales-a-otros-establecimientos\\\/#primaryimage\"},\"thumbnailUrl\":\"https:\\\/\\\/www.eldiariodetucuman.com\\\/web\\\/wp-content\\\/uploads\\\/2018\\\/02\\\/01ae3c57179334ac0f830a2ced54cbe8.jpeg\",\"articleSection\":[\"Portada\"],\"inLanguage\":\"es\",\"potentialAction\":[{\"@type\":\"CommentAction\",\"name\":\"Comment\",\"target\":[\"https:\\\/\\\/www.eldiariodetucuman.com\\\/web\\\/vidal-impulsa-proyecto-para-reubicar-alumnos-de-escuelas-rurales-a-otros-establecimientos\\\/#respond\"]}]},{\"@type\":\"WebPage\",\"@id\":\"https:\\\/\\\/www.eldiariodetucuman.com\\\/web\\\/vidal-impulsa-proyecto-para-reubicar-alumnos-de-escuelas-rurales-a-otros-establecimientos\\\/\",\"url\":\"https:\\\/\\\/www.eldiariodetucuman.com\\\/web\\\/vidal-impulsa-proyecto-para-reubicar-alumnos-de-escuelas-rurales-a-otros-establecimientos\\\/\",\"name\":\"Vidal impulsa proyecto para reubicar alumnos de escuelas rurales a otros establecimientos - El Diario de Tucuman\",\"isPartOf\":{\"@id\":\"https:\\\/\\\/www.eldiariodetucuman.com\\\/web\\\/#website\"},\"primaryImageOfPage\":{\"@id\":\"https:\\\/\\\/www.eldiariodetucuman.com\\\/web\\\/vidal-impulsa-proyecto-para-reubicar-alumnos-de-escuelas-rurales-a-otros-establecimientos\\\/#primaryimage\"},\"image\":{\"@id\":\"https:\\\/\\\/www.eldiariodetucuman.com\\\/web\\\/vidal-impulsa-proyecto-para-reubicar-alumnos-de-escuelas-rurales-a-otros-establecimientos\\\/#primaryimage\"},\"thumbnailUrl\":\"https:\\\/\\\/www.eldiariodetucuman.com\\\/web\\\/wp-content\\\/uploads\\\/2018\\\/02\\\/01ae3c57179334ac0f830a2ced54cbe8.jpeg\",\"datePublished\":\"2018-02-22T14:42:31+00:00\",\"dateModified\":\"2018-02-22T14:42:33+00:00\",\"breadcrumb\":{\"@id\":\"https:\\\/\\\/www.eldiariodetucuman.com\\\/web\\\/vidal-impulsa-proyecto-para-reubicar-alumnos-de-escuelas-rurales-a-otros-establecimientos\\\/#breadcrumb\"},\"inLanguage\":\"es\",\"potentialAction\":[{\"@type\":\"ReadAction\",\"target\":[\"https:\\\/\\\/www.eldiariodetucuman.com\\\/web\\\/vidal-impulsa-proyecto-para-reubicar-alumnos-de-escuelas-rurales-a-otros-establecimientos\\\/\"]}]},{\"@type\":\"ImageObject\",\"inLanguage\":\"es\",\"@id\":\"https:\\\/\\\/www.eldiariodetucuman.com\\\/web\\\/vidal-impulsa-proyecto-para-reubicar-alumnos-de-escuelas-rurales-a-otros-establecimientos\\\/#primaryimage\",\"url\":\"https:\\\/\\\/www.eldiariodetucuman.com\\\/web\\\/wp-content\\\/uploads\\\/2018\\\/02\\\/01ae3c57179334ac0f830a2ced54cbe8.jpeg\",\"contentUrl\":\"https:\\\/\\\/www.eldiariodetucuman.com\\\/web\\\/wp-content\\\/uploads\\\/2018\\\/02\\\/01ae3c57179334ac0f830a2ced54cbe8.jpeg\",\"width\":960,\"height\":639},{\"@type\":\"BreadcrumbList\",\"@id\":\"https:\\\/\\\/www.eldiariodetucuman.com\\\/web\\\/vidal-impulsa-proyecto-para-reubicar-alumnos-de-escuelas-rurales-a-otros-establecimientos\\\/#breadcrumb\",\"itemListElement\":[{\"@type\":\"ListItem\",\"position\":1,\"name\":\"Portada\",\"item\":\"https:\\\/\\\/www.eldiariodetucuman.com\\\/web\\\/\"},{\"@type\":\"ListItem\",\"position\":2,\"name\":\"Vidal impulsa proyecto para reubicar alumnos de escuelas rurales a otros establecimientos\"}]},{\"@type\":\"WebSite\",\"@id\":\"https:\\\/\\\/www.eldiariodetucuman.com\\\/web\\\/#website\",\"url\":\"https:\\\/\\\/www.eldiariodetucuman.com\\\/web\\\/\",\"name\":\"El Diario de Tucuman\",\"description\":\"Diario Tucuman - Informaci\u00f3n y noticias\",\"publisher\":{\"@id\":\"https:\\\/\\\/www.eldiariodetucuman.com\\\/web\\\/#organization\"},\"potentialAction\":[{\"@type\":\"SearchAction\",\"target\":{\"@type\":\"EntryPoint\",\"urlTemplate\":\"https:\\\/\\\/www.eldiariodetucuman.com\\\/web\\\/?s={search_term_string}\"},\"query-input\":{\"@type\":\"PropertyValueSpecification\",\"valueRequired\":true,\"valueName\":\"search_term_string\"}}],\"inLanguage\":\"es\"},{\"@type\":\"Organization\",\"@id\":\"https:\\\/\\\/www.eldiariodetucuman.com\\\/web\\\/#organization\",\"name\":\"El Diario de Tucuman\",\"url\":\"https:\\\/\\\/www.eldiariodetucuman.com\\\/web\\\/\",\"logo\":{\"@type\":\"ImageObject\",\"inLanguage\":\"es\",\"@id\":\"https:\\\/\\\/www.eldiariodetucuman.com\\\/web\\\/#\\\/schema\\\/logo\\\/image\\\/\",\"url\":\"http:\\\/\\\/www.eldiariodetucuman.com\\\/web\\\/wp-content\\\/uploads\\\/2017\\\/12\\\/el-diario-de-tucuman.jpg\",\"contentUrl\":\"http:\\\/\\\/www.eldiariodetucuman.com\\\/web\\\/wp-content\\\/uploads\\\/2017\\\/12\\\/el-diario-de-tucuman.jpg\",\"width\":272,\"height\":92,\"caption\":\"El Diario de Tucuman\"},\"image\":{\"@id\":\"https:\\\/\\\/www.eldiariodetucuman.com\\\/web\\\/#\\\/schema\\\/logo\\\/image\\\/\"}},{\"@type\":\"Person\",\"@id\":\"https:\\\/\\\/www.eldiariodetucuman.com\\\/web\\\/#\\\/schema\\\/person\\\/9250197d75ab5483412e19678b121caa\",\"name\":\"admin\",\"image\":{\"@type\":\"ImageObject\",\"inLanguage\":\"es\",\"@id\":\"https:\\\/\\\/secure.gravatar.com\\\/avatar\\\/c44d117c2be811212c22cb481f6b8384b6873de103fbc49e7a03cc58d7dea4ac?s=96&d=mm&r=g\",\"url\":\"https:\\\/\\\/secure.gravatar.com\\\/avatar\\\/c44d117c2be811212c22cb481f6b8384b6873de103fbc49e7a03cc58d7dea4ac?s=96&d=mm&r=g\",\"contentUrl\":\"https:\\\/\\\/secure.gravatar.com\\\/avatar\\\/c44d117c2be811212c22cb481f6b8384b6873de103fbc49e7a03cc58d7dea4ac?s=96&d=mm&r=g\",\"caption\":\"admin\"},\"url\":\"https:\\\/\\\/www.eldiariodetucuman.com\\\/web\\\/author\\\/admin\\\/\"}]}<\/script>\n<!-- \/ Yoast SEO plugin. -->","yoast_head_json":{"title":"Vidal impulsa proyecto para reubicar alumnos de escuelas rurales a otros establecimientos - El Diario de Tucuman","robots":{"index":"index","follow":"follow","max-snippet":"max-snippet:-1","max-image-preview":"max-image-preview:large","max-video-preview":"max-video-preview:-1"},"canonical":"https:\/\/www.eldiariodetucuman.com\/web\/vidal-impulsa-proyecto-para-reubicar-alumnos-de-escuelas-rurales-a-otros-establecimientos\/","og_locale":"es_ES","og_type":"article","og_title":"Vidal impulsa proyecto para reubicar alumnos de escuelas rurales a otros establecimientos - El Diario de Tucuman","og_description":"A pocos d\u00edas del inicio de clases, la Gobernadora de la Provincia de Buenos Aires, Mar\u00eda Eugenia Vidal, impulsar\u00e1 un proyecto conocido: la reubicaci\u00f3n de varios alumnos de escuelas rurales hacia otros establecimientos que estar\u00e1n destinados a \u201cgarantizar el aprendizaje de estos menores\u201d, seg\u00fan se\u00f1alaron desde la gobernaci\u00f3n. \u00a0 Esta iniciativa, que ubicar\u00e1 aproximadamente 50 [&hellip;]","og_url":"https:\/\/www.eldiariodetucuman.com\/web\/vidal-impulsa-proyecto-para-reubicar-alumnos-de-escuelas-rurales-a-otros-establecimientos\/","og_site_name":"El Diario de Tucuman","article_published_time":"2018-02-22T14:42:31+00:00","article_modified_time":"2018-02-22T14:42:33+00:00","og_image":[{"width":960,"height":639,"url":"https:\/\/www.eldiariodetucuman.com\/web\/wp-content\/uploads\/2018\/02\/01ae3c57179334ac0f830a2ced54cbe8.jpeg","type":"image\/jpeg"}],"author":"admin","twitter_card":"summary_large_image","twitter_misc":{"Escrito por":"admin","Tiempo de lectura":"2 minutos"},"schema":{"@context":"https:\/\/schema.org","@graph":[{"@type":"Article","@id":"https:\/\/www.eldiariodetucuman.com\/web\/vidal-impulsa-proyecto-para-reubicar-alumnos-de-escuelas-rurales-a-otros-establecimientos\/#article","isPartOf":{"@id":"https:\/\/www.eldiariodetucuman.com\/web\/vidal-impulsa-proyecto-para-reubicar-alumnos-de-escuelas-rurales-a-otros-establecimientos\/"},"author":{"name":"admin","@id":"https:\/\/www.eldiariodetucuman.com\/web\/#\/schema\/person\/9250197d75ab5483412e19678b121caa"},"headline":"Vidal impulsa proyecto para reubicar alumnos de escuelas rurales a otros establecimientos","datePublished":"2018-02-22T14:42:31+00:00","dateModified":"2018-02-22T14:42:33+00:00","mainEntityOfPage":{"@id":"https:\/\/www.eldiariodetucuman.com\/web\/vidal-impulsa-proyecto-para-reubicar-alumnos-de-escuelas-rurales-a-otros-establecimientos\/"},"wordCount":445,"commentCount":0,"publisher":{"@id":"https:\/\/www.eldiariodetucuman.com\/web\/#organization"},"image":{"@id":"https:\/\/www.eldiariodetucuman.com\/web\/vidal-impulsa-proyecto-para-reubicar-alumnos-de-escuelas-rurales-a-otros-establecimientos\/#primaryimage"},"thumbnailUrl":"https:\/\/www.eldiariodetucuman.com\/web\/wp-content\/uploads\/2018\/02\/01ae3c57179334ac0f830a2ced54cbe8.jpeg","articleSection":["Portada"],"inLanguage":"es","potentialAction":[{"@type":"CommentAction","name":"Comment","target":["https:\/\/www.eldiariodetucuman.com\/web\/vidal-impulsa-proyecto-para-reubicar-alumnos-de-escuelas-rurales-a-otros-establecimientos\/#respond"]}]},{"@type":"WebPage","@id":"https:\/\/www.eldiariodetucuman.com\/web\/vidal-impulsa-proyecto-para-reubicar-alumnos-de-escuelas-rurales-a-otros-establecimientos\/","url":"https:\/\/www.eldiariodetucuman.com\/web\/vidal-impulsa-proyecto-para-reubicar-alumnos-de-escuelas-rurales-a-otros-establecimientos\/","name":"Vidal impulsa proyecto para reubicar alumnos de escuelas rurales a otros establecimientos - El Diario de Tucuman","isPartOf":{"@id":"https:\/\/www.eldiariodetucuman.com\/web\/#website"},"primaryImageOfPage":{"@id":"https:\/\/www.eldiariodetucuman.com\/web\/vidal-impulsa-proyecto-para-reubicar-alumnos-de-escuelas-rurales-a-otros-establecimientos\/#primaryimage"},"image":{"@id":"https:\/\/www.eldiariodetucuman.com\/web\/vidal-impulsa-proyecto-para-reubicar-alumnos-de-escuelas-rurales-a-otros-establecimientos\/#primaryimage"},"thumbnailUrl":"https:\/\/www.eldiariodetucuman.com\/web\/wp-content\/uploads\/2018\/02\/01ae3c57179334ac0f830a2ced54cbe8.jpeg","datePublished":"2018-02-22T14:42:31+00:00","dateModified":"2018-02-22T14:42:33+00:00","breadcrumb":{"@id":"https:\/\/www.eldiariodetucuman.com\/web\/vidal-impulsa-proyecto-para-reubicar-alumnos-de-escuelas-rurales-a-otros-establecimientos\/#breadcrumb"},"inLanguage":"es","potentialAction":[{"@type":"ReadAction","target":["https:\/\/www.eldiariodetucuman.com\/web\/vidal-impulsa-proyecto-para-reubicar-alumnos-de-escuelas-rurales-a-otros-establecimientos\/"]}]},{"@type":"ImageObject","inLanguage":"es","@id":"https:\/\/www.eldiariodetucuman.com\/web\/vidal-impulsa-proyecto-para-reubicar-alumnos-de-escuelas-rurales-a-otros-establecimientos\/#primaryimage","url":"https:\/\/www.eldiariodetucuman.com\/web\/wp-content\/uploads\/2018\/02\/01ae3c57179334ac0f830a2ced54cbe8.jpeg","contentUrl":"https:\/\/www.eldiariodetucuman.com\/web\/wp-content\/uploads\/2018\/02\/01ae3c57179334ac0f830a2ced54cbe8.jpeg","width":960,"height":639},{"@type":"BreadcrumbList","@id":"https:\/\/www.eldiariodetucuman.com\/web\/vidal-impulsa-proyecto-para-reubicar-alumnos-de-escuelas-rurales-a-otros-establecimientos\/#breadcrumb","itemListElement":[{"@type":"ListItem","position":1,"name":"Portada","item":"https:\/\/www.eldiariodetucuman.com\/web\/"},{"@type":"ListItem","position":2,"name":"Vidal impulsa proyecto para reubicar alumnos de escuelas rurales a otros establecimientos"}]},{"@type":"WebSite","@id":"https:\/\/www.eldiariodetucuman.com\/web\/#website","url":"https:\/\/www.eldiariodetucuman.com\/web\/","name":"El Diario de Tucuman","description":"Diario Tucuman - Informaci\u00f3n y noticias","publisher":{"@id":"https:\/\/www.eldiariodetucuman.com\/web\/#organization"},"potentialAction":[{"@type":"SearchAction","target":{"@type":"EntryPoint","urlTemplate":"https:\/\/www.eldiariodetucuman.com\/web\/?s={search_term_string}"},"query-input":{"@type":"PropertyValueSpecification","valueRequired":true,"valueName":"search_term_string"}}],"inLanguage":"es"},{"@type":"Organization","@id":"https:\/\/www.eldiariodetucuman.com\/web\/#organization","name":"El Diario de Tucuman","url":"https:\/\/www.eldiariodetucuman.com\/web\/","logo":{"@type":"ImageObject","inLanguage":"es","@id":"https:\/\/www.eldiariodetucuman.com\/web\/#\/schema\/logo\/image\/","url":"http:\/\/www.eldiariodetucuman.com\/web\/wp-content\/uploads\/2017\/12\/el-diario-de-tucuman.jpg","contentUrl":"http:\/\/www.eldiariodetucuman.com\/web\/wp-content\/uploads\/2017\/12\/el-diario-de-tucuman.jpg","width":272,"height":92,"caption":"El Diario de Tucuman"},"image":{"@id":"https:\/\/www.eldiariodetucuman.com\/web\/#\/schema\/logo\/image\/"}},{"@type":"Person","@id":"https:\/\/www.eldiariodetucuman.com\/web\/#\/schema\/person\/9250197d75ab5483412e19678b121caa","name":"admin","image":{"@type":"ImageObject","inLanguage":"es","@id":"https:\/\/secure.gravatar.com\/avatar\/c44d117c2be811212c22cb481f6b8384b6873de103fbc49e7a03cc58d7dea4ac?s=96&d=mm&r=g","url":"https:\/\/secure.gravatar.com\/avatar\/c44d117c2be811212c22cb481f6b8384b6873de103fbc49e7a03cc58d7dea4ac?s=96&d=mm&r=g","contentUrl":"https:\/\/secure.gravatar.com\/avatar\/c44d117c2be811212c22cb481f6b8384b6873de103fbc49e7a03cc58d7dea4ac?s=96&d=mm&r=g","caption":"admin"},"url":"https:\/\/www.eldiariodetucuman.com\/web\/author\/admin\/"}]}},"_links":{"self":[{"href":"https:\/\/www.eldiariodetucuman.com\/web\/wp-json\/wp\/v2\/posts\/5696","targetHints":{"allow":["GET"]}}],"collection":[{"href":"https:\/\/www.eldiariodetucuman.com\/web\/wp-json\/wp\/v2\/posts"}],"about":[{"href":"https:\/\/www.eldiariodetucuman.com\/web\/wp-json\/wp\/v2\/types\/post"}],"author":[{"embeddable":true,"href":"https:\/\/www.eldiariodetucuman.com\/web\/wp-json\/wp\/v2\/users\/1"}],"replies":[{"embeddable":true,"href":"https:\/\/www.eldiariodetucuman.com\/web\/wp-json\/wp\/v2\/comments?post=5696"}],"version-history":[{"count":1,"href":"https:\/\/www.eldiariodetucuman.com\/web\/wp-json\/wp\/v2\/posts\/5696\/revisions"}],"predecessor-version":[{"id":5698,"href":"https:\/\/www.eldiariodetucuman.com\/web\/wp-json\/wp\/v2\/posts\/5696\/revisions\/5698"}],"wp:featuredmedia":[{"embeddable":true,"href":"https:\/\/www.eldiariodetucuman.com\/web\/wp-json\/wp\/v2\/media\/5697"}],"wp:attachment":[{"href":"https:\/\/www.eldiariodetucuman.com\/web\/wp-json\/wp\/v2\/media?parent=5696"}],"wp:term":[{"taxonomy":"category","embeddable":true,"href":"https:\/\/www.eldiariodetucuman.com\/web\/wp-json\/wp\/v2\/categories?post=5696"},{"taxonomy":"post_tag","embeddable":true,"href":"https:\/\/www.eldiariodetucuman.com\/web\/wp-json\/wp\/v2\/tags?post=5696"}],"curies":[{"name":"wp","href":"https:\/\/api.w.org\/{rel}","templated":true}]}}