{"id":5680,"date":"2018-02-21T12:56:20","date_gmt":"2018-02-21T15:56:20","guid":{"rendered":"http:\/\/www.eldiariodetucuman.com\/web\/uber-cree-que-los-taxis-voladores-estaran-listos-en-5-a-10-anos\/"},"modified":"2018-02-21T12:56:20","modified_gmt":"2018-02-21T15:56:20","slug":"uber-cree-que-los-taxis-voladores-estaran-listos-en-5-a-10-anos","status":"publish","type":"post","link":"https:\/\/www.eldiariodetucuman.com\/web\/uber-cree-que-los-taxis-voladores-estaran-listos-en-5-a-10-anos\/","title":{"rendered":"Uber cree que los taxis voladores estar\u00e1n listos en 5 a 10 a\u00f1os"},"content":{"rendered":"<div>\n<div id=\"cuerpo\">\n<figure class=\"XL caja-destacada epigrafe\" id=\"figure_2635119\" data-is=\"imagen\"><span title=\"Ampliar imagen\" class=\"icon-ampliar\"><\/span><br \/>\n                        <span title=\"Cerrar modal\" class=\"icon-cerrar\"><\/span><figcaption><epigrafe>As\u00ed podr\u00eda verse uno de los taxis a\u00e9reos que la compa\u00f1\u00eda comenzar\u00e1 a probar en 2020, seg\u00fan dijo su CEO<\/epigrafe><\/figcaption><\/figure>\n<p class=\"capital\">Uber sigue teniendo problemas en las calles, pero mira con optimismo a un futuro pr\u00f3ximo en el cual ser\u00e1 posible trasladarse en las ciudades por v\u00eda a\u00e9rea, a lo Blade Runner.<\/p>\n<p><!-- middle1 --><\/p>\n<p><!-- middle1 --><\/p>\n<p>La tecnolog\u00eda que lo hace posible est\u00e1 progresando a r\u00e1pido ritmo, de modo que en unos cinco a\u00f1os los taxis del cielo podr\u00edan iniciar la revoluci\u00f3n de la movilidad urbana. Al menos as\u00ed lo cree el director ejecutivo de<br \/>\n<!-- TODO : Revisar HTML LN9 --><br \/>\n<a href=\"http:\/\/www.lanacion.com.ar\/uber-t54200\" data-event=\"contentLinkClick\"><br \/>\nUber<br \/>\n<\/a> , Dara Khosrowshahi.<\/p>\n<p>En un evento en Tokio, Khosrowshahi explic\u00f3 que los progresos tecnol\u00f3gicos son m\u00e1s veloces de lo esperado.<br \/>\n<a class=\"link\" href=\"https:\/\/www.lanacion.com.ar\/2080445-uber-planea-un-taxi-aereo-en-los-angeles-para-2020\">Uber Air, el servicio de taxis voladores cuyos primeros vuelos experimentales est\u00e1n programados en Estados Unidos en 2020<\/a>, \u00abser\u00e1 comercializado en cinco-diez a\u00f1os\u00bb, dijo. Los taxis con alas, as\u00ed como aquellos de conducci\u00f3n aut\u00f3noma, \u00abllegar\u00e1n antes de lo que la gente espera\u00bb.<\/p>\n<p><!-- middle1 --><\/p>\n<section class=\"listado ademas floatFix\" id=\"listadoAdemas\" data-is-block=\"true\" data-block-name=\"n_relacionadas-cuerpo\" data-diagramacion-id=\"0\"><\/section>\n<p>Las palabras de<br \/>\n<a class=\"link\" href=\"https:\/\/www.lanacion.com.ar\/2057317-el-director-de-expedia-y-trivago-es-el-nuevo-jefe-de-uber\">Khosrowshahi, a la cabeza de Uber desde el pasado agosto,<\/a>  confirman los programas empresariales. La idea es acelerar los traslados en las ciudades a trav\u00e9s de aparatos voladores el\u00e9ctricos aut\u00f3nomos, capaces de despegar y aterrizar en vertical de un techo al otro como los helic\u00f3pteros.<\/p>\n<p><!-- middle1 --><\/p>\n<p><!-- middle1 --><\/p>\n<p>Todo se reservar\u00eda mediante una app, a un precio semejante al de un viaje en auto. Las primeras pruebas ser\u00e1n en 2020 en Los Angeles, donde la compa\u00f1\u00eda espera tener un servicio de aerotaxis difundido ya antes de los Juegos Ol\u00edmpicos de 2028.<\/p>\n<p>Uber no es la \u00fanica empresa que apuesta a la movilidad a\u00e9rea urbana. En los \u00faltimos d\u00edas<br \/>\n<a class=\"link\" href=\"https:\/\/www.lanacion.com.ar\/2107336-asi-fue-el-primer-viaje-con-pasajeros-del-taxi-drone-chino-ehang-184\">Airbus tambi\u00e9n inform\u00f3 que su prototipo de drone-taxi<\/a>, el Vahana Alpha One, complet\u00f3 el primer test de vuelo. Tambi\u00e9n Boeing es de la partida, y entre las start-up est\u00e1n<br \/>\n<a class=\"link\" href=\"https:\/\/www.lanacion.com.ar\/2016431-kitty-hawk-flyer-asi-es-el-vehiculo-volador-del-fundador-de-google\">Kitty Hawk -del fundador de Google Larry Page-<\/a>  y la<br \/>\n<a class=\"link\" href=\"https:\/\/www.lanacion.com.ar\/2014001-la-compania-alemana-lilium-probo-con-exito-su-taxi-aereo-electrico\">b\u00e1vara Lilium, financiada por el cofundador de Skype<\/a>  Niklas Zennstroem.<\/p>\n<p><!-- middle1 --><\/p>\n<div class=\"L video\">\n<aside id=\"videoContainerVideo-98202\" class=\"videoAside\" data-video_id=\"98202\" data-multimediofile_id=\"112738\" data-jwkey=\"7dnroAvo\" data-multimediojwkey=\"7dnroAvo\" data-destacado=\"0\" data-showads=\"1\" data-property=\"0\" data-videotag_home=\"\" data-arraytags=\"\" data-titulo=\"La compa\u00f1\u00eda alemana Lilium prob\u00f3 con \u00e9xito su taxi a\u00e9reo el\u00e9ctrico\" data-contenedor=\"nota\"><\/aside>\n<h2>La compa\u00f1\u00eda alemana Lilium prob\u00f3 con \u00e9xito su taxi a\u00e9reo el\u00e9ctrico<\/h2>\n<p>                        <span>1:53<\/span>\n            <\/div>\n<p><!-- middle1 --><\/p>\n<p>Entretanto Vodafone anunci\u00f3 la experimentaci\u00f3n del primer sistema del mundo para el control del tr\u00e1fico de drones, que usa una tecnolog\u00eda especial para proteger a los aerom\u00f3viles del riesgo de colisiones.<\/p>\n<p>En espera de despegar, Uber busca abrirse camino en tierra.<\/p>\n<p><!-- middle1 --><\/p>\n<p>Khosrowshahi dijo que en Jap\u00f3n apunta a una alianza con un operador local. El mercado japon\u00e9s del taxi, que equivale a unos 16.000 millones de d\u00f3lares, gusta tambi\u00e9n a Sony, que anunci\u00f3 una alianza con seis compa\u00f1\u00edas de taxi a las que proporcionar\u00e1 una app de reservas basada en inteligencia artificial.<\/p>\n<p>Sin embargo, entretanto no le faltan problemas a Uber, que encuentra resistencias en todos los continentes, en relaci\u00f3n con la seguridad de loa pasajeros y sobre todo el ostracismo de los taxis. El \u00faltimo caso es en Marruecos, donde la empresa suspendi\u00f3 las actividades por falta de reglas ciertas.<\/p>\n<p>                <!-- firma autor --><\/p>\n<p>                <!-- temas --><\/p>\n<div class=\"temas\">\n<h4>temas <b>en esta nota<\/b><\/h4>\n<p> <!-- ***NUEVO*** - caja like --><\/p>\n<p>\n    <span class=\"texto-like\"> \u00bfTe gust\u00f3 <b>esta nota?<\/b><\/span><br \/>\n    <span class=\"icon-me-gusta\"> <\/span>\n<\/p>\n<\/p><\/div>\n<\/p><\/div>\n<\/div>\n","protected":false},"excerpt":{"rendered":"<p>As\u00ed podr\u00eda verse uno de los taxis a\u00e9reos que la compa\u00f1\u00eda comenzar\u00e1 a probar en 2020, seg\u00fan dijo su CEO Uber sigue teniendo problemas en las calles, pero mira con optimismo a un futuro pr\u00f3ximo en el cual ser\u00e1 posible trasladarse en las ciudades por v\u00eda a\u00e9rea, a lo Blade Runner. La tecnolog\u00eda que lo [&hellip;]<\/p>\n","protected":false},"author":4,"featured_media":5681,"comment_status":"open","ping_status":"closed","sticky":false,"template":"","format":"standard","meta":{"footnotes":""},"categories":[154],"tags":[],"class_list":{"0":"post-5680","1":"post","2":"type-post","3":"status-publish","4":"format-standard","5":"has-post-thumbnail","7":"category-ciencia-y-tecnologia"},"yoast_head":"<!-- This site is optimized with the Yoast SEO plugin v27.5 - https:\/\/yoast.com\/product\/yoast-seo-wordpress\/ -->\n<title>Uber cree que los taxis voladores estar\u00e1n listos en 5 a 10 a\u00f1os - El Diario de Tucuman<\/title>\n<meta name=\"robots\" content=\"index, follow, max-snippet:-1, max-image-preview:large, max-video-preview:-1\" \/>\n<link rel=\"canonical\" href=\"https:\/\/www.eldiariodetucuman.com\/web\/uber-cree-que-los-taxis-voladores-estaran-listos-en-5-a-10-anos\/\" \/>\n<meta property=\"og:locale\" content=\"es_ES\" \/>\n<meta property=\"og:type\" content=\"article\" \/>\n<meta property=\"og:title\" content=\"Uber cree que los taxis voladores estar\u00e1n listos en 5 a 10 a\u00f1os - El Diario de Tucuman\" \/>\n<meta property=\"og:description\" content=\"As\u00ed podr\u00eda verse uno de los taxis a\u00e9reos que la compa\u00f1\u00eda comenzar\u00e1 a probar en 2020, seg\u00fan dijo su CEO Uber sigue teniendo problemas en las calles, pero mira con optimismo a un futuro pr\u00f3ximo en el cual ser\u00e1 posible trasladarse en las ciudades por v\u00eda a\u00e9rea, a lo Blade Runner. La tecnolog\u00eda que lo [&hellip;]\" \/>\n<meta property=\"og:url\" content=\"https:\/\/www.eldiariodetucuman.com\/web\/uber-cree-que-los-taxis-voladores-estaran-listos-en-5-a-10-anos\/\" \/>\n<meta property=\"og:site_name\" content=\"El Diario de Tucuman\" \/>\n<meta property=\"article:published_time\" content=\"2018-02-21T15:56:20+00:00\" \/>\n<meta property=\"og:image\" content=\"https:\/\/www.eldiariodetucuman.com\/web\/wp-content\/uploads\/2018\/02\/894e1392fb01fdf093d9d2074e3a8403.jpeg\" \/>\n\t<meta property=\"og:image:width\" content=\"1032\" \/>\n\t<meta property=\"og:image:height\" content=\"688\" \/>\n\t<meta property=\"og:image:type\" content=\"image\/jpeg\" \/>\n<meta name=\"author\" content=\"eldiario detucuman\" \/>\n<meta name=\"twitter:card\" content=\"summary_large_image\" \/>\n<meta name=\"twitter:label1\" content=\"Escrito por\" \/>\n\t<meta name=\"twitter:data1\" content=\"eldiario detucuman\" \/>\n\t<meta name=\"twitter:label2\" content=\"Tiempo de lectura\" \/>\n\t<meta name=\"twitter:data2\" content=\"3 minutos\" \/>\n<script type=\"application\/ld+json\" class=\"yoast-schema-graph\">{\"@context\":\"https:\\\/\\\/schema.org\",\"@graph\":[{\"@type\":\"Article\",\"@id\":\"https:\\\/\\\/www.eldiariodetucuman.com\\\/web\\\/uber-cree-que-los-taxis-voladores-estaran-listos-en-5-a-10-anos\\\/#article\",\"isPartOf\":{\"@id\":\"https:\\\/\\\/www.eldiariodetucuman.com\\\/web\\\/uber-cree-que-los-taxis-voladores-estaran-listos-en-5-a-10-anos\\\/\"},\"author\":{\"name\":\"eldiario detucuman\",\"@id\":\"https:\\\/\\\/www.eldiariodetucuman.com\\\/web\\\/#\\\/schema\\\/person\\\/6f95946e54fde848b878ffa4928071d5\"},\"headline\":\"Uber cree que los taxis voladores estar\u00e1n listos en 5 a 10 a\u00f1os\",\"datePublished\":\"2018-02-21T15:56:20+00:00\",\"mainEntityOfPage\":{\"@id\":\"https:\\\/\\\/www.eldiariodetucuman.com\\\/web\\\/uber-cree-que-los-taxis-voladores-estaran-listos-en-5-a-10-anos\\\/\"},\"wordCount\":523,\"commentCount\":0,\"publisher\":{\"@id\":\"https:\\\/\\\/www.eldiariodetucuman.com\\\/web\\\/#organization\"},\"image\":{\"@id\":\"https:\\\/\\\/www.eldiariodetucuman.com\\\/web\\\/uber-cree-que-los-taxis-voladores-estaran-listos-en-5-a-10-anos\\\/#primaryimage\"},\"thumbnailUrl\":\"https:\\\/\\\/www.eldiariodetucuman.com\\\/web\\\/wp-content\\\/uploads\\\/2018\\\/02\\\/894e1392fb01fdf093d9d2074e3a8403.jpeg\",\"articleSection\":[\"ciencia y tecnologia\"],\"inLanguage\":\"es\",\"potentialAction\":[{\"@type\":\"CommentAction\",\"name\":\"Comment\",\"target\":[\"https:\\\/\\\/www.eldiariodetucuman.com\\\/web\\\/uber-cree-que-los-taxis-voladores-estaran-listos-en-5-a-10-anos\\\/#respond\"]}]},{\"@type\":\"WebPage\",\"@id\":\"https:\\\/\\\/www.eldiariodetucuman.com\\\/web\\\/uber-cree-que-los-taxis-voladores-estaran-listos-en-5-a-10-anos\\\/\",\"url\":\"https:\\\/\\\/www.eldiariodetucuman.com\\\/web\\\/uber-cree-que-los-taxis-voladores-estaran-listos-en-5-a-10-anos\\\/\",\"name\":\"Uber cree que los taxis voladores estar\u00e1n listos en 5 a 10 a\u00f1os - El Diario de Tucuman\",\"isPartOf\":{\"@id\":\"https:\\\/\\\/www.eldiariodetucuman.com\\\/web\\\/#website\"},\"primaryImageOfPage\":{\"@id\":\"https:\\\/\\\/www.eldiariodetucuman.com\\\/web\\\/uber-cree-que-los-taxis-voladores-estaran-listos-en-5-a-10-anos\\\/#primaryimage\"},\"image\":{\"@id\":\"https:\\\/\\\/www.eldiariodetucuman.com\\\/web\\\/uber-cree-que-los-taxis-voladores-estaran-listos-en-5-a-10-anos\\\/#primaryimage\"},\"thumbnailUrl\":\"https:\\\/\\\/www.eldiariodetucuman.com\\\/web\\\/wp-content\\\/uploads\\\/2018\\\/02\\\/894e1392fb01fdf093d9d2074e3a8403.jpeg\",\"datePublished\":\"2018-02-21T15:56:20+00:00\",\"breadcrumb\":{\"@id\":\"https:\\\/\\\/www.eldiariodetucuman.com\\\/web\\\/uber-cree-que-los-taxis-voladores-estaran-listos-en-5-a-10-anos\\\/#breadcrumb\"},\"inLanguage\":\"es\",\"potentialAction\":[{\"@type\":\"ReadAction\",\"target\":[\"https:\\\/\\\/www.eldiariodetucuman.com\\\/web\\\/uber-cree-que-los-taxis-voladores-estaran-listos-en-5-a-10-anos\\\/\"]}]},{\"@type\":\"ImageObject\",\"inLanguage\":\"es\",\"@id\":\"https:\\\/\\\/www.eldiariodetucuman.com\\\/web\\\/uber-cree-que-los-taxis-voladores-estaran-listos-en-5-a-10-anos\\\/#primaryimage\",\"url\":\"https:\\\/\\\/www.eldiariodetucuman.com\\\/web\\\/wp-content\\\/uploads\\\/2018\\\/02\\\/894e1392fb01fdf093d9d2074e3a8403.jpeg\",\"contentUrl\":\"https:\\\/\\\/www.eldiariodetucuman.com\\\/web\\\/wp-content\\\/uploads\\\/2018\\\/02\\\/894e1392fb01fdf093d9d2074e3a8403.jpeg\",\"width\":1032,\"height\":688},{\"@type\":\"BreadcrumbList\",\"@id\":\"https:\\\/\\\/www.eldiariodetucuman.com\\\/web\\\/uber-cree-que-los-taxis-voladores-estaran-listos-en-5-a-10-anos\\\/#breadcrumb\",\"itemListElement\":[{\"@type\":\"ListItem\",\"position\":1,\"name\":\"Portada\",\"item\":\"https:\\\/\\\/www.eldiariodetucuman.com\\\/web\\\/\"},{\"@type\":\"ListItem\",\"position\":2,\"name\":\"Uber cree que los taxis voladores estar\u00e1n listos en 5 a 10 a\u00f1os\"}]},{\"@type\":\"WebSite\",\"@id\":\"https:\\\/\\\/www.eldiariodetucuman.com\\\/web\\\/#website\",\"url\":\"https:\\\/\\\/www.eldiariodetucuman.com\\\/web\\\/\",\"name\":\"El Diario de Tucuman\",\"description\":\"Diario Tucuman - Informaci\u00f3n y noticias\",\"publisher\":{\"@id\":\"https:\\\/\\\/www.eldiariodetucuman.com\\\/web\\\/#organization\"},\"potentialAction\":[{\"@type\":\"SearchAction\",\"target\":{\"@type\":\"EntryPoint\",\"urlTemplate\":\"https:\\\/\\\/www.eldiariodetucuman.com\\\/web\\\/?s={search_term_string}\"},\"query-input\":{\"@type\":\"PropertyValueSpecification\",\"valueRequired\":true,\"valueName\":\"search_term_string\"}}],\"inLanguage\":\"es\"},{\"@type\":\"Organization\",\"@id\":\"https:\\\/\\\/www.eldiariodetucuman.com\\\/web\\\/#organization\",\"name\":\"El Diario de Tucuman\",\"url\":\"https:\\\/\\\/www.eldiariodetucuman.com\\\/web\\\/\",\"logo\":{\"@type\":\"ImageObject\",\"inLanguage\":\"es\",\"@id\":\"https:\\\/\\\/www.eldiariodetucuman.com\\\/web\\\/#\\\/schema\\\/logo\\\/image\\\/\",\"url\":\"http:\\\/\\\/www.eldiariodetucuman.com\\\/web\\\/wp-content\\\/uploads\\\/2017\\\/12\\\/el-diario-de-tucuman.jpg\",\"contentUrl\":\"http:\\\/\\\/www.eldiariodetucuman.com\\\/web\\\/wp-content\\\/uploads\\\/2017\\\/12\\\/el-diario-de-tucuman.jpg\",\"width\":272,\"height\":92,\"caption\":\"El Diario de Tucuman\"},\"image\":{\"@id\":\"https:\\\/\\\/www.eldiariodetucuman.com\\\/web\\\/#\\\/schema\\\/logo\\\/image\\\/\"}},{\"@type\":\"Person\",\"@id\":\"https:\\\/\\\/www.eldiariodetucuman.com\\\/web\\\/#\\\/schema\\\/person\\\/6f95946e54fde848b878ffa4928071d5\",\"name\":\"eldiario detucuman\",\"image\":{\"@type\":\"ImageObject\",\"inLanguage\":\"es\",\"@id\":\"https:\\\/\\\/secure.gravatar.com\\\/avatar\\\/b6e1f89c5c4044c4962c8e6c20b1ca2cc99f549c965908afd4ec5308b3f51bfe?s=96&d=mm&r=g\",\"url\":\"https:\\\/\\\/secure.gravatar.com\\\/avatar\\\/b6e1f89c5c4044c4962c8e6c20b1ca2cc99f549c965908afd4ec5308b3f51bfe?s=96&d=mm&r=g\",\"contentUrl\":\"https:\\\/\\\/secure.gravatar.com\\\/avatar\\\/b6e1f89c5c4044c4962c8e6c20b1ca2cc99f549c965908afd4ec5308b3f51bfe?s=96&d=mm&r=g\",\"caption\":\"eldiario detucuman\"},\"url\":\"https:\\\/\\\/www.eldiariodetucuman.com\\\/web\\\/author\\\/eldiariodetucuman\\\/\"}]}<\/script>\n<!-- \/ Yoast SEO plugin. -->","yoast_head_json":{"title":"Uber cree que los taxis voladores estar\u00e1n listos en 5 a 10 a\u00f1os - El Diario de Tucuman","robots":{"index":"index","follow":"follow","max-snippet":"max-snippet:-1","max-image-preview":"max-image-preview:large","max-video-preview":"max-video-preview:-1"},"canonical":"https:\/\/www.eldiariodetucuman.com\/web\/uber-cree-que-los-taxis-voladores-estaran-listos-en-5-a-10-anos\/","og_locale":"es_ES","og_type":"article","og_title":"Uber cree que los taxis voladores estar\u00e1n listos en 5 a 10 a\u00f1os - El Diario de Tucuman","og_description":"As\u00ed podr\u00eda verse uno de los taxis a\u00e9reos que la compa\u00f1\u00eda comenzar\u00e1 a probar en 2020, seg\u00fan dijo su CEO Uber sigue teniendo problemas en las calles, pero mira con optimismo a un futuro pr\u00f3ximo en el cual ser\u00e1 posible trasladarse en las ciudades por v\u00eda a\u00e9rea, a lo Blade Runner. La tecnolog\u00eda que lo [&hellip;]","og_url":"https:\/\/www.eldiariodetucuman.com\/web\/uber-cree-que-los-taxis-voladores-estaran-listos-en-5-a-10-anos\/","og_site_name":"El Diario de Tucuman","article_published_time":"2018-02-21T15:56:20+00:00","og_image":[{"width":1032,"height":688,"url":"https:\/\/www.eldiariodetucuman.com\/web\/wp-content\/uploads\/2018\/02\/894e1392fb01fdf093d9d2074e3a8403.jpeg","type":"image\/jpeg"}],"author":"eldiario detucuman","twitter_card":"summary_large_image","twitter_misc":{"Escrito por":"eldiario detucuman","Tiempo de lectura":"3 minutos"},"schema":{"@context":"https:\/\/schema.org","@graph":[{"@type":"Article","@id":"https:\/\/www.eldiariodetucuman.com\/web\/uber-cree-que-los-taxis-voladores-estaran-listos-en-5-a-10-anos\/#article","isPartOf":{"@id":"https:\/\/www.eldiariodetucuman.com\/web\/uber-cree-que-los-taxis-voladores-estaran-listos-en-5-a-10-anos\/"},"author":{"name":"eldiario detucuman","@id":"https:\/\/www.eldiariodetucuman.com\/web\/#\/schema\/person\/6f95946e54fde848b878ffa4928071d5"},"headline":"Uber cree que los taxis voladores estar\u00e1n listos en 5 a 10 a\u00f1os","datePublished":"2018-02-21T15:56:20+00:00","mainEntityOfPage":{"@id":"https:\/\/www.eldiariodetucuman.com\/web\/uber-cree-que-los-taxis-voladores-estaran-listos-en-5-a-10-anos\/"},"wordCount":523,"commentCount":0,"publisher":{"@id":"https:\/\/www.eldiariodetucuman.com\/web\/#organization"},"image":{"@id":"https:\/\/www.eldiariodetucuman.com\/web\/uber-cree-que-los-taxis-voladores-estaran-listos-en-5-a-10-anos\/#primaryimage"},"thumbnailUrl":"https:\/\/www.eldiariodetucuman.com\/web\/wp-content\/uploads\/2018\/02\/894e1392fb01fdf093d9d2074e3a8403.jpeg","articleSection":["ciencia y tecnologia"],"inLanguage":"es","potentialAction":[{"@type":"CommentAction","name":"Comment","target":["https:\/\/www.eldiariodetucuman.com\/web\/uber-cree-que-los-taxis-voladores-estaran-listos-en-5-a-10-anos\/#respond"]}]},{"@type":"WebPage","@id":"https:\/\/www.eldiariodetucuman.com\/web\/uber-cree-que-los-taxis-voladores-estaran-listos-en-5-a-10-anos\/","url":"https:\/\/www.eldiariodetucuman.com\/web\/uber-cree-que-los-taxis-voladores-estaran-listos-en-5-a-10-anos\/","name":"Uber cree que los taxis voladores estar\u00e1n listos en 5 a 10 a\u00f1os - El Diario de Tucuman","isPartOf":{"@id":"https:\/\/www.eldiariodetucuman.com\/web\/#website"},"primaryImageOfPage":{"@id":"https:\/\/www.eldiariodetucuman.com\/web\/uber-cree-que-los-taxis-voladores-estaran-listos-en-5-a-10-anos\/#primaryimage"},"image":{"@id":"https:\/\/www.eldiariodetucuman.com\/web\/uber-cree-que-los-taxis-voladores-estaran-listos-en-5-a-10-anos\/#primaryimage"},"thumbnailUrl":"https:\/\/www.eldiariodetucuman.com\/web\/wp-content\/uploads\/2018\/02\/894e1392fb01fdf093d9d2074e3a8403.jpeg","datePublished":"2018-02-21T15:56:20+00:00","breadcrumb":{"@id":"https:\/\/www.eldiariodetucuman.com\/web\/uber-cree-que-los-taxis-voladores-estaran-listos-en-5-a-10-anos\/#breadcrumb"},"inLanguage":"es","potentialAction":[{"@type":"ReadAction","target":["https:\/\/www.eldiariodetucuman.com\/web\/uber-cree-que-los-taxis-voladores-estaran-listos-en-5-a-10-anos\/"]}]},{"@type":"ImageObject","inLanguage":"es","@id":"https:\/\/www.eldiariodetucuman.com\/web\/uber-cree-que-los-taxis-voladores-estaran-listos-en-5-a-10-anos\/#primaryimage","url":"https:\/\/www.eldiariodetucuman.com\/web\/wp-content\/uploads\/2018\/02\/894e1392fb01fdf093d9d2074e3a8403.jpeg","contentUrl":"https:\/\/www.eldiariodetucuman.com\/web\/wp-content\/uploads\/2018\/02\/894e1392fb01fdf093d9d2074e3a8403.jpeg","width":1032,"height":688},{"@type":"BreadcrumbList","@id":"https:\/\/www.eldiariodetucuman.com\/web\/uber-cree-que-los-taxis-voladores-estaran-listos-en-5-a-10-anos\/#breadcrumb","itemListElement":[{"@type":"ListItem","position":1,"name":"Portada","item":"https:\/\/www.eldiariodetucuman.com\/web\/"},{"@type":"ListItem","position":2,"name":"Uber cree que los taxis voladores estar\u00e1n listos en 5 a 10 a\u00f1os"}]},{"@type":"WebSite","@id":"https:\/\/www.eldiariodetucuman.com\/web\/#website","url":"https:\/\/www.eldiariodetucuman.com\/web\/","name":"El Diario de Tucuman","description":"Diario Tucuman - Informaci\u00f3n y noticias","publisher":{"@id":"https:\/\/www.eldiariodetucuman.com\/web\/#organization"},"potentialAction":[{"@type":"SearchAction","target":{"@type":"EntryPoint","urlTemplate":"https:\/\/www.eldiariodetucuman.com\/web\/?s={search_term_string}"},"query-input":{"@type":"PropertyValueSpecification","valueRequired":true,"valueName":"search_term_string"}}],"inLanguage":"es"},{"@type":"Organization","@id":"https:\/\/www.eldiariodetucuman.com\/web\/#organization","name":"El Diario de Tucuman","url":"https:\/\/www.eldiariodetucuman.com\/web\/","logo":{"@type":"ImageObject","inLanguage":"es","@id":"https:\/\/www.eldiariodetucuman.com\/web\/#\/schema\/logo\/image\/","url":"http:\/\/www.eldiariodetucuman.com\/web\/wp-content\/uploads\/2017\/12\/el-diario-de-tucuman.jpg","contentUrl":"http:\/\/www.eldiariodetucuman.com\/web\/wp-content\/uploads\/2017\/12\/el-diario-de-tucuman.jpg","width":272,"height":92,"caption":"El Diario de Tucuman"},"image":{"@id":"https:\/\/www.eldiariodetucuman.com\/web\/#\/schema\/logo\/image\/"}},{"@type":"Person","@id":"https:\/\/www.eldiariodetucuman.com\/web\/#\/schema\/person\/6f95946e54fde848b878ffa4928071d5","name":"eldiario detucuman","image":{"@type":"ImageObject","inLanguage":"es","@id":"https:\/\/secure.gravatar.com\/avatar\/b6e1f89c5c4044c4962c8e6c20b1ca2cc99f549c965908afd4ec5308b3f51bfe?s=96&d=mm&r=g","url":"https:\/\/secure.gravatar.com\/avatar\/b6e1f89c5c4044c4962c8e6c20b1ca2cc99f549c965908afd4ec5308b3f51bfe?s=96&d=mm&r=g","contentUrl":"https:\/\/secure.gravatar.com\/avatar\/b6e1f89c5c4044c4962c8e6c20b1ca2cc99f549c965908afd4ec5308b3f51bfe?s=96&d=mm&r=g","caption":"eldiario detucuman"},"url":"https:\/\/www.eldiariodetucuman.com\/web\/author\/eldiariodetucuman\/"}]}},"_links":{"self":[{"href":"https:\/\/www.eldiariodetucuman.com\/web\/wp-json\/wp\/v2\/posts\/5680","targetHints":{"allow":["GET"]}}],"collection":[{"href":"https:\/\/www.eldiariodetucuman.com\/web\/wp-json\/wp\/v2\/posts"}],"about":[{"href":"https:\/\/www.eldiariodetucuman.com\/web\/wp-json\/wp\/v2\/types\/post"}],"author":[{"embeddable":true,"href":"https:\/\/www.eldiariodetucuman.com\/web\/wp-json\/wp\/v2\/users\/4"}],"replies":[{"embeddable":true,"href":"https:\/\/www.eldiariodetucuman.com\/web\/wp-json\/wp\/v2\/comments?post=5680"}],"version-history":[{"count":0,"href":"https:\/\/www.eldiariodetucuman.com\/web\/wp-json\/wp\/v2\/posts\/5680\/revisions"}],"wp:featuredmedia":[{"embeddable":true,"href":"https:\/\/www.eldiariodetucuman.com\/web\/wp-json\/wp\/v2\/media\/5681"}],"wp:attachment":[{"href":"https:\/\/www.eldiariodetucuman.com\/web\/wp-json\/wp\/v2\/media?parent=5680"}],"wp:term":[{"taxonomy":"category","embeddable":true,"href":"https:\/\/www.eldiariodetucuman.com\/web\/wp-json\/wp\/v2\/categories?post=5680"},{"taxonomy":"post_tag","embeddable":true,"href":"https:\/\/www.eldiariodetucuman.com\/web\/wp-json\/wp\/v2\/tags?post=5680"}],"curies":[{"name":"wp","href":"https:\/\/api.w.org\/{rel}","templated":true}]}}