{"id":5678,"date":"2018-02-21T12:52:27","date_gmt":"2018-02-21T15:52:27","guid":{"rendered":"http:\/\/www.eldiariodetucuman.com\/web\/bombardeos-indiscriminados-en-siria-dejan-250-muertos\/"},"modified":"2018-02-21T12:52:27","modified_gmt":"2018-02-21T15:52:27","slug":"bombardeos-indiscriminados-en-siria-dejan-250-muertos","status":"publish","type":"post","link":"https:\/\/www.eldiariodetucuman.com\/web\/bombardeos-indiscriminados-en-siria-dejan-250-muertos\/","title":{"rendered":"Bombardeos indiscriminados en Siria dejan 250 muertos"},"content":{"rendered":"<div>\n<div itemprop=\"articleBody\" readability=\"70.82276119403\">\n<p>Intensos ataques a\u00e9reos y de artiller\u00eda del Ej\u00e9rcito sirio mataron a 250 personas en los \u00faltimos tres d\u00edas en el principal basti\u00f3n rebelde a las afueras de Damasco, informaron este martes activistas, en medio de una creciente frustraci\u00f3n y alarma en la   <a href=\"https:\/\/www.cronica.com.ar\/tags\/ONU\">ONU<\/a>, la   <a href=\"https:\/\/www.cronica.com.ar\/tags\/Cruz%20Roja\">Cruz Roja<\/a> y otras organizaciones por la campa\u00f1a de bombardeos considerada despiadada.<\/p>\n<p>El Observatorio Sirio de Derechos Humanos inform\u00f3 que al menos 106 personas, entre ellos 19 menores y cinco mujeres, murieron este martes en los ataques a varias de las localidades que forman Ghouta Oriental, una de las zonas m\u00e1s afectadas por la violencia desde el inicio del conflicto, en marzo de 2011.<\/p>\n<p>El organismo de la   <a href=\"https:\/\/www.cronica.com.ar\/tags\/ONU\">ONU<\/a> para la infancia, Unicef, emiti\u00f3 un comunicado de una p\u00e1gina para protestar contra las matanzas, en el que dice: \u00abNinguna palabra har\u00e1 justicia a los ni\u00f1os asesinados, sus madres, sus padres y sus seres queridos\u00bb.<\/p>\n<p>El Comit\u00e9 Internacional de la   <a href=\"https:\/\/www.cronica.com.ar\/tags\/Cruz%20Roja\">Cruz Roja<\/a> (CICR) tambi\u00e9n difundi\u00f3 un comunicado en el que dijo que \u201cesto no puede continuar\u201d.<\/p>\n<div>\n<div class=\"ck-twitter\" id=\"twitter-76\" readability=\"7.5779661016949\">\n<blockquote class=\"twitter-tweet\" data-lang=\"es\" readability=\"8.9152542372881\">\n<p dir=\"ltr\" lang=\"es\">Esto no puede continuar.<\/p>\n<p>Nos llegan inquietantes informes sobre decenas de heridos y muertos todos los d\u00edas en <a href=\"https:\/\/twitter.com\/hashtag\/Guta?src=hash&#038;ref_src=twsrc%5Etfw\">#Guta<\/a> Oriental, <a href=\"https:\/\/twitter.com\/hashtag\/Siria?src=hash&#038;ref_src=twsrc%5Etfw\">#Siria<\/a>. Familias atrapadas, sin un lugar seguro donde protegerse de los bombardeos.<\/p>\n<p>No podemos dejar que la historia se repita.<\/p>\n<p>\u2014 CICR (@CICR_es) <a href=\"https:\/\/twitter.com\/CICR_es\/status\/966027197353021441?ref_src=twsrc%5Etfw\">20 de febrero de 2018<\/a><\/p><\/blockquote>\n<p><span class=\"item first\"><\/span><span class=\"item second\"><\/span><span class=\"item third\"><\/span><\/div>\n<\/div>\n<p>Agreg\u00f3 que ha recibido <em>\u201cinformes perturbadores\u201d<\/em> de decenas de personas muertas y heridas cada d\u00eda en Ghouta y de <em>\u201cfamilias atrapadas, sin lugar seguro donde ocultarse de los bombardeos. Decenas de ataques con mortero contra Damasco han causado v\u00edctimas civiles y extendido temor. No podemos dejar que la historia se repita\u201d<\/em>.<\/p>\n<p><strong>Ant\u00f3nio Guterres<\/strong>, secretario general de la Naciones Unidas, habl\u00f3 sobre la triste realidad que se vive en   <a href=\"https:\/\/www.cronica.com.ar\/tags\/Siria\">Siria<\/a>, y se compromete a luchar para encontrar una soluci\u00f3n.<\/p>\n<div>\n<div class=\"ck-twitter\" id=\"twitter-70\" readability=\"6.9737609329446\">\n<blockquote class=\"twitter-tweet\" data-lang=\"es\" readability=\"7.8454810495627\">\n<p dir=\"ltr\" lang=\"en\">We must face today\u2019s sad reality: the global consensus for a 2-State solution could be eroding. I reiterate my full commitment to a solution of two democratic States, Israel and Palestine, living side by side in peace within secure and recognized borders. <a href=\"https:\/\/t.co\/kbgvHHa3Vk\">https:\/\/t.co\/kbgvHHa3Vk<\/a><\/p>\n<p>\u2014 Ant\u00f3nio Guterres (@antonioguterres) <a href=\"https:\/\/twitter.com\/antonioguterres\/status\/966037861731635201?ref_src=twsrc%5Etfw\">20 de febrero de 2018<\/a><\/p><\/blockquote>\n<p><span class=\"item first\"><\/span><span class=\"item second\"><\/span><span class=\"item third\"><\/span><\/div>\n<\/div>\n<p><em>\u00abEs imperativo terminar ya con este sufrimiento humano sin sentido. Tales ataques contra civiles inocentes y contra la infraestructura deben parar ahora\u201d<\/em>, alert\u00f3 <strong>Panos Moumtzis<\/strong>, el coordinador humanitario regional de la ONU para la crisis en Siria.<\/p>\n<\/div>\n<\/div>\n","protected":false},"excerpt":{"rendered":"<p>Intensos ataques a\u00e9reos y de artiller\u00eda del Ej\u00e9rcito sirio mataron a 250 personas en los \u00faltimos tres d\u00edas en el principal basti\u00f3n rebelde a las afueras de Damasco, informaron este martes activistas, en medio de una creciente frustraci\u00f3n y alarma en la ONU, la Cruz Roja y otras organizaciones por la campa\u00f1a de bombardeos considerada [&hellip;]<\/p>\n","protected":false},"author":4,"featured_media":5679,"comment_status":"open","ping_status":"closed","sticky":false,"template":"","format":"standard","meta":{"footnotes":""},"categories":[194],"tags":[],"class_list":{"0":"post-5678","1":"post","2":"type-post","3":"status-publish","4":"format-standard","5":"has-post-thumbnail","7":"category-internacionales"},"yoast_head":"<!-- This site is optimized with the Yoast SEO plugin v27.5 - https:\/\/yoast.com\/product\/yoast-seo-wordpress\/ -->\n<title>Bombardeos indiscriminados en Siria dejan 250 muertos - El Diario de Tucuman<\/title>\n<meta name=\"robots\" content=\"index, follow, max-snippet:-1, max-image-preview:large, max-video-preview:-1\" \/>\n<link rel=\"canonical\" href=\"https:\/\/www.eldiariodetucuman.com\/web\/bombardeos-indiscriminados-en-siria-dejan-250-muertos\/\" \/>\n<meta property=\"og:locale\" content=\"es_ES\" \/>\n<meta property=\"og:type\" content=\"article\" \/>\n<meta property=\"og:title\" content=\"Bombardeos indiscriminados en Siria dejan 250 muertos - El Diario de Tucuman\" \/>\n<meta property=\"og:description\" content=\"Intensos ataques a\u00e9reos y de artiller\u00eda del Ej\u00e9rcito sirio mataron a 250 personas en los \u00faltimos tres d\u00edas en el principal basti\u00f3n rebelde a las afueras de Damasco, informaron este martes activistas, en medio de una creciente frustraci\u00f3n y alarma en la ONU, la Cruz Roja y otras organizaciones por la campa\u00f1a de bombardeos considerada [&hellip;]\" \/>\n<meta property=\"og:url\" content=\"https:\/\/www.eldiariodetucuman.com\/web\/bombardeos-indiscriminados-en-siria-dejan-250-muertos\/\" \/>\n<meta property=\"og:site_name\" content=\"El Diario de Tucuman\" \/>\n<meta property=\"article:published_time\" content=\"2018-02-21T15:52:27+00:00\" \/>\n<meta property=\"og:image\" content=\"https:\/\/www.eldiariodetucuman.com\/web\/wp-content\/uploads\/2018\/02\/0a48177542962d91f675954746df3d61.jpeg\" \/>\n\t<meta property=\"og:image:width\" content=\"970\" \/>\n\t<meta property=\"og:image:height\" content=\"546\" \/>\n\t<meta property=\"og:image:type\" content=\"image\/jpeg\" \/>\n<meta name=\"author\" content=\"eldiario detucuman\" \/>\n<meta name=\"twitter:card\" content=\"summary_large_image\" \/>\n<meta name=\"twitter:label1\" content=\"Escrito por\" \/>\n\t<meta name=\"twitter:data1\" content=\"eldiario detucuman\" \/>\n\t<meta name=\"twitter:label2\" content=\"Tiempo de lectura\" \/>\n\t<meta name=\"twitter:data2\" content=\"2 minutos\" \/>\n<script type=\"application\/ld+json\" class=\"yoast-schema-graph\">{\"@context\":\"https:\\\/\\\/schema.org\",\"@graph\":[{\"@type\":\"Article\",\"@id\":\"https:\\\/\\\/www.eldiariodetucuman.com\\\/web\\\/bombardeos-indiscriminados-en-siria-dejan-250-muertos\\\/#article\",\"isPartOf\":{\"@id\":\"https:\\\/\\\/www.eldiariodetucuman.com\\\/web\\\/bombardeos-indiscriminados-en-siria-dejan-250-muertos\\\/\"},\"author\":{\"name\":\"eldiario detucuman\",\"@id\":\"https:\\\/\\\/www.eldiariodetucuman.com\\\/web\\\/#\\\/schema\\\/person\\\/6f95946e54fde848b878ffa4928071d5\"},\"headline\":\"Bombardeos indiscriminados en Siria dejan 250 muertos\",\"datePublished\":\"2018-02-21T15:52:27+00:00\",\"mainEntityOfPage\":{\"@id\":\"https:\\\/\\\/www.eldiariodetucuman.com\\\/web\\\/bombardeos-indiscriminados-en-siria-dejan-250-muertos\\\/\"},\"wordCount\":403,\"commentCount\":0,\"publisher\":{\"@id\":\"https:\\\/\\\/www.eldiariodetucuman.com\\\/web\\\/#organization\"},\"image\":{\"@id\":\"https:\\\/\\\/www.eldiariodetucuman.com\\\/web\\\/bombardeos-indiscriminados-en-siria-dejan-250-muertos\\\/#primaryimage\"},\"thumbnailUrl\":\"https:\\\/\\\/www.eldiariodetucuman.com\\\/web\\\/wp-content\\\/uploads\\\/2018\\\/02\\\/0a48177542962d91f675954746df3d61.jpeg\",\"articleSection\":[\"Internacionales\"],\"inLanguage\":\"es\",\"potentialAction\":[{\"@type\":\"CommentAction\",\"name\":\"Comment\",\"target\":[\"https:\\\/\\\/www.eldiariodetucuman.com\\\/web\\\/bombardeos-indiscriminados-en-siria-dejan-250-muertos\\\/#respond\"]}]},{\"@type\":\"WebPage\",\"@id\":\"https:\\\/\\\/www.eldiariodetucuman.com\\\/web\\\/bombardeos-indiscriminados-en-siria-dejan-250-muertos\\\/\",\"url\":\"https:\\\/\\\/www.eldiariodetucuman.com\\\/web\\\/bombardeos-indiscriminados-en-siria-dejan-250-muertos\\\/\",\"name\":\"Bombardeos indiscriminados en Siria dejan 250 muertos - El Diario de Tucuman\",\"isPartOf\":{\"@id\":\"https:\\\/\\\/www.eldiariodetucuman.com\\\/web\\\/#website\"},\"primaryImageOfPage\":{\"@id\":\"https:\\\/\\\/www.eldiariodetucuman.com\\\/web\\\/bombardeos-indiscriminados-en-siria-dejan-250-muertos\\\/#primaryimage\"},\"image\":{\"@id\":\"https:\\\/\\\/www.eldiariodetucuman.com\\\/web\\\/bombardeos-indiscriminados-en-siria-dejan-250-muertos\\\/#primaryimage\"},\"thumbnailUrl\":\"https:\\\/\\\/www.eldiariodetucuman.com\\\/web\\\/wp-content\\\/uploads\\\/2018\\\/02\\\/0a48177542962d91f675954746df3d61.jpeg\",\"datePublished\":\"2018-02-21T15:52:27+00:00\",\"breadcrumb\":{\"@id\":\"https:\\\/\\\/www.eldiariodetucuman.com\\\/web\\\/bombardeos-indiscriminados-en-siria-dejan-250-muertos\\\/#breadcrumb\"},\"inLanguage\":\"es\",\"potentialAction\":[{\"@type\":\"ReadAction\",\"target\":[\"https:\\\/\\\/www.eldiariodetucuman.com\\\/web\\\/bombardeos-indiscriminados-en-siria-dejan-250-muertos\\\/\"]}]},{\"@type\":\"ImageObject\",\"inLanguage\":\"es\",\"@id\":\"https:\\\/\\\/www.eldiariodetucuman.com\\\/web\\\/bombardeos-indiscriminados-en-siria-dejan-250-muertos\\\/#primaryimage\",\"url\":\"https:\\\/\\\/www.eldiariodetucuman.com\\\/web\\\/wp-content\\\/uploads\\\/2018\\\/02\\\/0a48177542962d91f675954746df3d61.jpeg\",\"contentUrl\":\"https:\\\/\\\/www.eldiariodetucuman.com\\\/web\\\/wp-content\\\/uploads\\\/2018\\\/02\\\/0a48177542962d91f675954746df3d61.jpeg\",\"width\":970,\"height\":546},{\"@type\":\"BreadcrumbList\",\"@id\":\"https:\\\/\\\/www.eldiariodetucuman.com\\\/web\\\/bombardeos-indiscriminados-en-siria-dejan-250-muertos\\\/#breadcrumb\",\"itemListElement\":[{\"@type\":\"ListItem\",\"position\":1,\"name\":\"Portada\",\"item\":\"https:\\\/\\\/www.eldiariodetucuman.com\\\/web\\\/\"},{\"@type\":\"ListItem\",\"position\":2,\"name\":\"Bombardeos indiscriminados en Siria dejan 250 muertos\"}]},{\"@type\":\"WebSite\",\"@id\":\"https:\\\/\\\/www.eldiariodetucuman.com\\\/web\\\/#website\",\"url\":\"https:\\\/\\\/www.eldiariodetucuman.com\\\/web\\\/\",\"name\":\"El Diario de Tucuman\",\"description\":\"Diario Tucuman - Informaci\u00f3n y noticias\",\"publisher\":{\"@id\":\"https:\\\/\\\/www.eldiariodetucuman.com\\\/web\\\/#organization\"},\"potentialAction\":[{\"@type\":\"SearchAction\",\"target\":{\"@type\":\"EntryPoint\",\"urlTemplate\":\"https:\\\/\\\/www.eldiariodetucuman.com\\\/web\\\/?s={search_term_string}\"},\"query-input\":{\"@type\":\"PropertyValueSpecification\",\"valueRequired\":true,\"valueName\":\"search_term_string\"}}],\"inLanguage\":\"es\"},{\"@type\":\"Organization\",\"@id\":\"https:\\\/\\\/www.eldiariodetucuman.com\\\/web\\\/#organization\",\"name\":\"El Diario de Tucuman\",\"url\":\"https:\\\/\\\/www.eldiariodetucuman.com\\\/web\\\/\",\"logo\":{\"@type\":\"ImageObject\",\"inLanguage\":\"es\",\"@id\":\"https:\\\/\\\/www.eldiariodetucuman.com\\\/web\\\/#\\\/schema\\\/logo\\\/image\\\/\",\"url\":\"http:\\\/\\\/www.eldiariodetucuman.com\\\/web\\\/wp-content\\\/uploads\\\/2017\\\/12\\\/el-diario-de-tucuman.jpg\",\"contentUrl\":\"http:\\\/\\\/www.eldiariodetucuman.com\\\/web\\\/wp-content\\\/uploads\\\/2017\\\/12\\\/el-diario-de-tucuman.jpg\",\"width\":272,\"height\":92,\"caption\":\"El Diario de Tucuman\"},\"image\":{\"@id\":\"https:\\\/\\\/www.eldiariodetucuman.com\\\/web\\\/#\\\/schema\\\/logo\\\/image\\\/\"}},{\"@type\":\"Person\",\"@id\":\"https:\\\/\\\/www.eldiariodetucuman.com\\\/web\\\/#\\\/schema\\\/person\\\/6f95946e54fde848b878ffa4928071d5\",\"name\":\"eldiario detucuman\",\"image\":{\"@type\":\"ImageObject\",\"inLanguage\":\"es\",\"@id\":\"https:\\\/\\\/secure.gravatar.com\\\/avatar\\\/b6e1f89c5c4044c4962c8e6c20b1ca2cc99f549c965908afd4ec5308b3f51bfe?s=96&d=mm&r=g\",\"url\":\"https:\\\/\\\/secure.gravatar.com\\\/avatar\\\/b6e1f89c5c4044c4962c8e6c20b1ca2cc99f549c965908afd4ec5308b3f51bfe?s=96&d=mm&r=g\",\"contentUrl\":\"https:\\\/\\\/secure.gravatar.com\\\/avatar\\\/b6e1f89c5c4044c4962c8e6c20b1ca2cc99f549c965908afd4ec5308b3f51bfe?s=96&d=mm&r=g\",\"caption\":\"eldiario detucuman\"},\"url\":\"https:\\\/\\\/www.eldiariodetucuman.com\\\/web\\\/author\\\/eldiariodetucuman\\\/\"}]}<\/script>\n<!-- \/ Yoast SEO plugin. -->","yoast_head_json":{"title":"Bombardeos indiscriminados en Siria dejan 250 muertos - El Diario de Tucuman","robots":{"index":"index","follow":"follow","max-snippet":"max-snippet:-1","max-image-preview":"max-image-preview:large","max-video-preview":"max-video-preview:-1"},"canonical":"https:\/\/www.eldiariodetucuman.com\/web\/bombardeos-indiscriminados-en-siria-dejan-250-muertos\/","og_locale":"es_ES","og_type":"article","og_title":"Bombardeos indiscriminados en Siria dejan 250 muertos - El Diario de Tucuman","og_description":"Intensos ataques a\u00e9reos y de artiller\u00eda del Ej\u00e9rcito sirio mataron a 250 personas en los \u00faltimos tres d\u00edas en el principal basti\u00f3n rebelde a las afueras de Damasco, informaron este martes activistas, en medio de una creciente frustraci\u00f3n y alarma en la ONU, la Cruz Roja y otras organizaciones por la campa\u00f1a de bombardeos considerada [&hellip;]","og_url":"https:\/\/www.eldiariodetucuman.com\/web\/bombardeos-indiscriminados-en-siria-dejan-250-muertos\/","og_site_name":"El Diario de Tucuman","article_published_time":"2018-02-21T15:52:27+00:00","og_image":[{"width":970,"height":546,"url":"https:\/\/www.eldiariodetucuman.com\/web\/wp-content\/uploads\/2018\/02\/0a48177542962d91f675954746df3d61.jpeg","type":"image\/jpeg"}],"author":"eldiario detucuman","twitter_card":"summary_large_image","twitter_misc":{"Escrito por":"eldiario detucuman","Tiempo de lectura":"2 minutos"},"schema":{"@context":"https:\/\/schema.org","@graph":[{"@type":"Article","@id":"https:\/\/www.eldiariodetucuman.com\/web\/bombardeos-indiscriminados-en-siria-dejan-250-muertos\/#article","isPartOf":{"@id":"https:\/\/www.eldiariodetucuman.com\/web\/bombardeos-indiscriminados-en-siria-dejan-250-muertos\/"},"author":{"name":"eldiario detucuman","@id":"https:\/\/www.eldiariodetucuman.com\/web\/#\/schema\/person\/6f95946e54fde848b878ffa4928071d5"},"headline":"Bombardeos indiscriminados en Siria dejan 250 muertos","datePublished":"2018-02-21T15:52:27+00:00","mainEntityOfPage":{"@id":"https:\/\/www.eldiariodetucuman.com\/web\/bombardeos-indiscriminados-en-siria-dejan-250-muertos\/"},"wordCount":403,"commentCount":0,"publisher":{"@id":"https:\/\/www.eldiariodetucuman.com\/web\/#organization"},"image":{"@id":"https:\/\/www.eldiariodetucuman.com\/web\/bombardeos-indiscriminados-en-siria-dejan-250-muertos\/#primaryimage"},"thumbnailUrl":"https:\/\/www.eldiariodetucuman.com\/web\/wp-content\/uploads\/2018\/02\/0a48177542962d91f675954746df3d61.jpeg","articleSection":["Internacionales"],"inLanguage":"es","potentialAction":[{"@type":"CommentAction","name":"Comment","target":["https:\/\/www.eldiariodetucuman.com\/web\/bombardeos-indiscriminados-en-siria-dejan-250-muertos\/#respond"]}]},{"@type":"WebPage","@id":"https:\/\/www.eldiariodetucuman.com\/web\/bombardeos-indiscriminados-en-siria-dejan-250-muertos\/","url":"https:\/\/www.eldiariodetucuman.com\/web\/bombardeos-indiscriminados-en-siria-dejan-250-muertos\/","name":"Bombardeos indiscriminados en Siria dejan 250 muertos - El Diario de Tucuman","isPartOf":{"@id":"https:\/\/www.eldiariodetucuman.com\/web\/#website"},"primaryImageOfPage":{"@id":"https:\/\/www.eldiariodetucuman.com\/web\/bombardeos-indiscriminados-en-siria-dejan-250-muertos\/#primaryimage"},"image":{"@id":"https:\/\/www.eldiariodetucuman.com\/web\/bombardeos-indiscriminados-en-siria-dejan-250-muertos\/#primaryimage"},"thumbnailUrl":"https:\/\/www.eldiariodetucuman.com\/web\/wp-content\/uploads\/2018\/02\/0a48177542962d91f675954746df3d61.jpeg","datePublished":"2018-02-21T15:52:27+00:00","breadcrumb":{"@id":"https:\/\/www.eldiariodetucuman.com\/web\/bombardeos-indiscriminados-en-siria-dejan-250-muertos\/#breadcrumb"},"inLanguage":"es","potentialAction":[{"@type":"ReadAction","target":["https:\/\/www.eldiariodetucuman.com\/web\/bombardeos-indiscriminados-en-siria-dejan-250-muertos\/"]}]},{"@type":"ImageObject","inLanguage":"es","@id":"https:\/\/www.eldiariodetucuman.com\/web\/bombardeos-indiscriminados-en-siria-dejan-250-muertos\/#primaryimage","url":"https:\/\/www.eldiariodetucuman.com\/web\/wp-content\/uploads\/2018\/02\/0a48177542962d91f675954746df3d61.jpeg","contentUrl":"https:\/\/www.eldiariodetucuman.com\/web\/wp-content\/uploads\/2018\/02\/0a48177542962d91f675954746df3d61.jpeg","width":970,"height":546},{"@type":"BreadcrumbList","@id":"https:\/\/www.eldiariodetucuman.com\/web\/bombardeos-indiscriminados-en-siria-dejan-250-muertos\/#breadcrumb","itemListElement":[{"@type":"ListItem","position":1,"name":"Portada","item":"https:\/\/www.eldiariodetucuman.com\/web\/"},{"@type":"ListItem","position":2,"name":"Bombardeos indiscriminados en Siria dejan 250 muertos"}]},{"@type":"WebSite","@id":"https:\/\/www.eldiariodetucuman.com\/web\/#website","url":"https:\/\/www.eldiariodetucuman.com\/web\/","name":"El Diario de Tucuman","description":"Diario Tucuman - Informaci\u00f3n y noticias","publisher":{"@id":"https:\/\/www.eldiariodetucuman.com\/web\/#organization"},"potentialAction":[{"@type":"SearchAction","target":{"@type":"EntryPoint","urlTemplate":"https:\/\/www.eldiariodetucuman.com\/web\/?s={search_term_string}"},"query-input":{"@type":"PropertyValueSpecification","valueRequired":true,"valueName":"search_term_string"}}],"inLanguage":"es"},{"@type":"Organization","@id":"https:\/\/www.eldiariodetucuman.com\/web\/#organization","name":"El Diario de Tucuman","url":"https:\/\/www.eldiariodetucuman.com\/web\/","logo":{"@type":"ImageObject","inLanguage":"es","@id":"https:\/\/www.eldiariodetucuman.com\/web\/#\/schema\/logo\/image\/","url":"http:\/\/www.eldiariodetucuman.com\/web\/wp-content\/uploads\/2017\/12\/el-diario-de-tucuman.jpg","contentUrl":"http:\/\/www.eldiariodetucuman.com\/web\/wp-content\/uploads\/2017\/12\/el-diario-de-tucuman.jpg","width":272,"height":92,"caption":"El Diario de Tucuman"},"image":{"@id":"https:\/\/www.eldiariodetucuman.com\/web\/#\/schema\/logo\/image\/"}},{"@type":"Person","@id":"https:\/\/www.eldiariodetucuman.com\/web\/#\/schema\/person\/6f95946e54fde848b878ffa4928071d5","name":"eldiario detucuman","image":{"@type":"ImageObject","inLanguage":"es","@id":"https:\/\/secure.gravatar.com\/avatar\/b6e1f89c5c4044c4962c8e6c20b1ca2cc99f549c965908afd4ec5308b3f51bfe?s=96&d=mm&r=g","url":"https:\/\/secure.gravatar.com\/avatar\/b6e1f89c5c4044c4962c8e6c20b1ca2cc99f549c965908afd4ec5308b3f51bfe?s=96&d=mm&r=g","contentUrl":"https:\/\/secure.gravatar.com\/avatar\/b6e1f89c5c4044c4962c8e6c20b1ca2cc99f549c965908afd4ec5308b3f51bfe?s=96&d=mm&r=g","caption":"eldiario detucuman"},"url":"https:\/\/www.eldiariodetucuman.com\/web\/author\/eldiariodetucuman\/"}]}},"_links":{"self":[{"href":"https:\/\/www.eldiariodetucuman.com\/web\/wp-json\/wp\/v2\/posts\/5678","targetHints":{"allow":["GET"]}}],"collection":[{"href":"https:\/\/www.eldiariodetucuman.com\/web\/wp-json\/wp\/v2\/posts"}],"about":[{"href":"https:\/\/www.eldiariodetucuman.com\/web\/wp-json\/wp\/v2\/types\/post"}],"author":[{"embeddable":true,"href":"https:\/\/www.eldiariodetucuman.com\/web\/wp-json\/wp\/v2\/users\/4"}],"replies":[{"embeddable":true,"href":"https:\/\/www.eldiariodetucuman.com\/web\/wp-json\/wp\/v2\/comments?post=5678"}],"version-history":[{"count":0,"href":"https:\/\/www.eldiariodetucuman.com\/web\/wp-json\/wp\/v2\/posts\/5678\/revisions"}],"wp:featuredmedia":[{"embeddable":true,"href":"https:\/\/www.eldiariodetucuman.com\/web\/wp-json\/wp\/v2\/media\/5679"}],"wp:attachment":[{"href":"https:\/\/www.eldiariodetucuman.com\/web\/wp-json\/wp\/v2\/media?parent=5678"}],"wp:term":[{"taxonomy":"category","embeddable":true,"href":"https:\/\/www.eldiariodetucuman.com\/web\/wp-json\/wp\/v2\/categories?post=5678"},{"taxonomy":"post_tag","embeddable":true,"href":"https:\/\/www.eldiariodetucuman.com\/web\/wp-json\/wp\/v2\/tags?post=5678"}],"curies":[{"name":"wp","href":"https:\/\/api.w.org\/{rel}","templated":true}]}}