{"id":5676,"date":"2018-02-21T12:52:19","date_gmt":"2018-02-21T15:52:19","guid":{"rendered":"http:\/\/www.eldiariodetucuman.com\/web\/se-suicido-el-kiki-el-asesino-mas-buscado-de-uruguay\/"},"modified":"2018-02-21T12:52:19","modified_gmt":"2018-02-21T15:52:19","slug":"se-suicido-el-kiki-el-asesino-mas-buscado-de-uruguay","status":"publish","type":"post","link":"https:\/\/www.eldiariodetucuman.com\/web\/se-suicido-el-kiki-el-asesino-mas-buscado-de-uruguay\/","title":{"rendered":"Se suicid\u00f3 \u00abel Kiki\u00bb, el asesino m\u00e1s buscado de Uruguay"},"content":{"rendered":"<div>\n<div itemprop=\"articleBody\" readability=\"56.98275862069\">\n<p><strong>Cristian Dami\u00e1n Pastorino Pimentel,<\/strong> apodado <em>\u00abel Kiki\u201d<\/em>, se suicid\u00f3 este martes por la tarde, cuando fue\u00a0 acorralado por la Polic\u00eda, se dispar\u00f3 en la cabeza en el barrio El Monarca.<\/p>\n<p>\u00a0<\/p>\n<p>Seg\u00fan confirmaron fuentes policiales, el delincuente fue atendido con<em> \u201csignos vitales\u201d<\/em> pero falleci\u00f3 segundos despu\u00e9s. Pastorino fue encontrado en una casa, debajo de una cama, y cuando escuch\u00f3 que\u00a0los efectivos policiales ingresaban al lugar se suicid\u00f3. En el lugar se encontraron dos armas.<\/p>\n<p>El delincuente era intensamente buscado por ser el protagonista del asesinato de<strong> Florencia Cabrera,<\/strong> la cajera que muri\u00f3 el pasado fin de semana durante una rapi\u00f1a a un supermercado. <em>El Kiki<\/em> ten\u00eda un profuso historial criminal, y ten\u00eda amenazados a varios integrantes de su propia\u00a0familia.<\/p>\n<div>\n<figure class=\"image\"><img decoding=\"async\" alt=\"El Kiki luego de dispararse en la cabeza. (Twitter)\" data-height=\"1200\" data-size=\"w:675,h:1200\" data-width=\"675\" hspace=\"5\" src=\"https:\/\/www.cronica.com.ar\/export\/sites\/cronica\/img\/2018\/02\/20\/kikimuerto2.jpg_853316690.jpg\" title=\"El Kiki luego de dispararse en la cabeza. (Twitter)\" vspace=\"5\"><figcaption>El Kiki luego de dispararse en la cabeza. (Twitter)<\/figcaption><\/figure>\n<\/div>\n<p>El malviviente\u00a0era buscado tambi\u00e9n por el femicidio de su pareja, hecho ocurrido en diciembre del a\u00f1o pasado. La Polic\u00eda lo buscaba intensamente desde el s\u00e1bado por la noche, luego de que asaltara el supermercado y asesinara a la joven cajera.<\/p>\n<p>La propia madre hab\u00eda dicho\u00a0en una declaraci\u00f3n\u00a0que su hijo <em>\u201cprefiere que lo maten a ir a la c\u00e1rcel\u201d<\/em>.<\/p>\n<\/div>\n<\/div>\n","protected":false},"excerpt":{"rendered":"<p>Cristian Dami\u00e1n Pastorino Pimentel, apodado \u00abel Kiki\u201d, se suicid\u00f3 este martes por la tarde, cuando fue\u00a0 acorralado por la Polic\u00eda, se dispar\u00f3 en la cabeza en el barrio El Monarca. \u00a0 Seg\u00fan confirmaron fuentes policiales, el delincuente fue atendido con \u201csignos vitales\u201d pero falleci\u00f3 segundos despu\u00e9s. Pastorino fue encontrado en una casa, debajo de una [&hellip;]<\/p>\n","protected":false},"author":4,"featured_media":5677,"comment_status":"open","ping_status":"closed","sticky":false,"template":"","format":"standard","meta":{"footnotes":""},"categories":[194],"tags":[],"class_list":{"0":"post-5676","1":"post","2":"type-post","3":"status-publish","4":"format-standard","5":"has-post-thumbnail","7":"category-internacionales"},"yoast_head":"<!-- This site is optimized with the Yoast SEO plugin v27.5 - https:\/\/yoast.com\/product\/yoast-seo-wordpress\/ -->\n<title>Se suicid\u00f3 &quot;el Kiki&quot;, el asesino m\u00e1s buscado de Uruguay - El Diario de Tucuman<\/title>\n<meta name=\"robots\" content=\"index, follow, max-snippet:-1, max-image-preview:large, max-video-preview:-1\" \/>\n<link rel=\"canonical\" href=\"https:\/\/www.eldiariodetucuman.com\/web\/se-suicido-el-kiki-el-asesino-mas-buscado-de-uruguay\/\" \/>\n<meta property=\"og:locale\" content=\"es_ES\" \/>\n<meta property=\"og:type\" content=\"article\" \/>\n<meta property=\"og:title\" content=\"Se suicid\u00f3 &quot;el Kiki&quot;, el asesino m\u00e1s buscado de Uruguay - El Diario de Tucuman\" \/>\n<meta property=\"og:description\" content=\"Cristian Dami\u00e1n Pastorino Pimentel, apodado \u00abel Kiki\u201d, se suicid\u00f3 este martes por la tarde, cuando fue\u00a0 acorralado por la Polic\u00eda, se dispar\u00f3 en la cabeza en el barrio El Monarca. \u00a0 Seg\u00fan confirmaron fuentes policiales, el delincuente fue atendido con \u201csignos vitales\u201d pero falleci\u00f3 segundos despu\u00e9s. Pastorino fue encontrado en una casa, debajo de una [&hellip;]\" \/>\n<meta property=\"og:url\" content=\"https:\/\/www.eldiariodetucuman.com\/web\/se-suicido-el-kiki-el-asesino-mas-buscado-de-uruguay\/\" \/>\n<meta property=\"og:site_name\" content=\"El Diario de Tucuman\" \/>\n<meta property=\"article:published_time\" content=\"2018-02-21T15:52:19+00:00\" \/>\n<meta property=\"og:image\" content=\"https:\/\/www.eldiariodetucuman.com\/web\/wp-content\/uploads\/2018\/02\/ad57d7013b961c96840a1112f667f773.jpeg\" \/>\n\t<meta property=\"og:image:width\" content=\"970\" \/>\n\t<meta property=\"og:image:height\" content=\"546\" \/>\n\t<meta property=\"og:image:type\" content=\"image\/jpeg\" \/>\n<meta name=\"author\" content=\"eldiario detucuman\" \/>\n<meta name=\"twitter:card\" content=\"summary_large_image\" \/>\n<meta name=\"twitter:label1\" content=\"Escrito por\" \/>\n\t<meta name=\"twitter:data1\" content=\"eldiario detucuman\" \/>\n\t<meta name=\"twitter:label2\" content=\"Tiempo de lectura\" \/>\n\t<meta name=\"twitter:data2\" content=\"1 minuto\" \/>\n<script type=\"application\/ld+json\" class=\"yoast-schema-graph\">{\"@context\":\"https:\\\/\\\/schema.org\",\"@graph\":[{\"@type\":\"Article\",\"@id\":\"https:\\\/\\\/www.eldiariodetucuman.com\\\/web\\\/se-suicido-el-kiki-el-asesino-mas-buscado-de-uruguay\\\/#article\",\"isPartOf\":{\"@id\":\"https:\\\/\\\/www.eldiariodetucuman.com\\\/web\\\/se-suicido-el-kiki-el-asesino-mas-buscado-de-uruguay\\\/\"},\"author\":{\"name\":\"eldiario detucuman\",\"@id\":\"https:\\\/\\\/www.eldiariodetucuman.com\\\/web\\\/#\\\/schema\\\/person\\\/6f95946e54fde848b878ffa4928071d5\"},\"headline\":\"Se suicid\u00f3 \u00abel Kiki\u00bb, el asesino m\u00e1s buscado de Uruguay\",\"datePublished\":\"2018-02-21T15:52:19+00:00\",\"mainEntityOfPage\":{\"@id\":\"https:\\\/\\\/www.eldiariodetucuman.com\\\/web\\\/se-suicido-el-kiki-el-asesino-mas-buscado-de-uruguay\\\/\"},\"wordCount\":215,\"commentCount\":0,\"publisher\":{\"@id\":\"https:\\\/\\\/www.eldiariodetucuman.com\\\/web\\\/#organization\"},\"image\":{\"@id\":\"https:\\\/\\\/www.eldiariodetucuman.com\\\/web\\\/se-suicido-el-kiki-el-asesino-mas-buscado-de-uruguay\\\/#primaryimage\"},\"thumbnailUrl\":\"https:\\\/\\\/www.eldiariodetucuman.com\\\/web\\\/wp-content\\\/uploads\\\/2018\\\/02\\\/ad57d7013b961c96840a1112f667f773.jpeg\",\"articleSection\":[\"Internacionales\"],\"inLanguage\":\"es\",\"potentialAction\":[{\"@type\":\"CommentAction\",\"name\":\"Comment\",\"target\":[\"https:\\\/\\\/www.eldiariodetucuman.com\\\/web\\\/se-suicido-el-kiki-el-asesino-mas-buscado-de-uruguay\\\/#respond\"]}]},{\"@type\":\"WebPage\",\"@id\":\"https:\\\/\\\/www.eldiariodetucuman.com\\\/web\\\/se-suicido-el-kiki-el-asesino-mas-buscado-de-uruguay\\\/\",\"url\":\"https:\\\/\\\/www.eldiariodetucuman.com\\\/web\\\/se-suicido-el-kiki-el-asesino-mas-buscado-de-uruguay\\\/\",\"name\":\"Se suicid\u00f3 \\\"el Kiki\\\", el asesino m\u00e1s buscado de Uruguay - El Diario de Tucuman\",\"isPartOf\":{\"@id\":\"https:\\\/\\\/www.eldiariodetucuman.com\\\/web\\\/#website\"},\"primaryImageOfPage\":{\"@id\":\"https:\\\/\\\/www.eldiariodetucuman.com\\\/web\\\/se-suicido-el-kiki-el-asesino-mas-buscado-de-uruguay\\\/#primaryimage\"},\"image\":{\"@id\":\"https:\\\/\\\/www.eldiariodetucuman.com\\\/web\\\/se-suicido-el-kiki-el-asesino-mas-buscado-de-uruguay\\\/#primaryimage\"},\"thumbnailUrl\":\"https:\\\/\\\/www.eldiariodetucuman.com\\\/web\\\/wp-content\\\/uploads\\\/2018\\\/02\\\/ad57d7013b961c96840a1112f667f773.jpeg\",\"datePublished\":\"2018-02-21T15:52:19+00:00\",\"breadcrumb\":{\"@id\":\"https:\\\/\\\/www.eldiariodetucuman.com\\\/web\\\/se-suicido-el-kiki-el-asesino-mas-buscado-de-uruguay\\\/#breadcrumb\"},\"inLanguage\":\"es\",\"potentialAction\":[{\"@type\":\"ReadAction\",\"target\":[\"https:\\\/\\\/www.eldiariodetucuman.com\\\/web\\\/se-suicido-el-kiki-el-asesino-mas-buscado-de-uruguay\\\/\"]}]},{\"@type\":\"ImageObject\",\"inLanguage\":\"es\",\"@id\":\"https:\\\/\\\/www.eldiariodetucuman.com\\\/web\\\/se-suicido-el-kiki-el-asesino-mas-buscado-de-uruguay\\\/#primaryimage\",\"url\":\"https:\\\/\\\/www.eldiariodetucuman.com\\\/web\\\/wp-content\\\/uploads\\\/2018\\\/02\\\/ad57d7013b961c96840a1112f667f773.jpeg\",\"contentUrl\":\"https:\\\/\\\/www.eldiariodetucuman.com\\\/web\\\/wp-content\\\/uploads\\\/2018\\\/02\\\/ad57d7013b961c96840a1112f667f773.jpeg\",\"width\":970,\"height\":546},{\"@type\":\"BreadcrumbList\",\"@id\":\"https:\\\/\\\/www.eldiariodetucuman.com\\\/web\\\/se-suicido-el-kiki-el-asesino-mas-buscado-de-uruguay\\\/#breadcrumb\",\"itemListElement\":[{\"@type\":\"ListItem\",\"position\":1,\"name\":\"Portada\",\"item\":\"https:\\\/\\\/www.eldiariodetucuman.com\\\/web\\\/\"},{\"@type\":\"ListItem\",\"position\":2,\"name\":\"Se suicid\u00f3 \u00abel Kiki\u00bb, el asesino m\u00e1s buscado de Uruguay\"}]},{\"@type\":\"WebSite\",\"@id\":\"https:\\\/\\\/www.eldiariodetucuman.com\\\/web\\\/#website\",\"url\":\"https:\\\/\\\/www.eldiariodetucuman.com\\\/web\\\/\",\"name\":\"El Diario de Tucuman\",\"description\":\"Diario Tucuman - Informaci\u00f3n y noticias\",\"publisher\":{\"@id\":\"https:\\\/\\\/www.eldiariodetucuman.com\\\/web\\\/#organization\"},\"potentialAction\":[{\"@type\":\"SearchAction\",\"target\":{\"@type\":\"EntryPoint\",\"urlTemplate\":\"https:\\\/\\\/www.eldiariodetucuman.com\\\/web\\\/?s={search_term_string}\"},\"query-input\":{\"@type\":\"PropertyValueSpecification\",\"valueRequired\":true,\"valueName\":\"search_term_string\"}}],\"inLanguage\":\"es\"},{\"@type\":\"Organization\",\"@id\":\"https:\\\/\\\/www.eldiariodetucuman.com\\\/web\\\/#organization\",\"name\":\"El Diario de Tucuman\",\"url\":\"https:\\\/\\\/www.eldiariodetucuman.com\\\/web\\\/\",\"logo\":{\"@type\":\"ImageObject\",\"inLanguage\":\"es\",\"@id\":\"https:\\\/\\\/www.eldiariodetucuman.com\\\/web\\\/#\\\/schema\\\/logo\\\/image\\\/\",\"url\":\"http:\\\/\\\/www.eldiariodetucuman.com\\\/web\\\/wp-content\\\/uploads\\\/2017\\\/12\\\/el-diario-de-tucuman.jpg\",\"contentUrl\":\"http:\\\/\\\/www.eldiariodetucuman.com\\\/web\\\/wp-content\\\/uploads\\\/2017\\\/12\\\/el-diario-de-tucuman.jpg\",\"width\":272,\"height\":92,\"caption\":\"El Diario de Tucuman\"},\"image\":{\"@id\":\"https:\\\/\\\/www.eldiariodetucuman.com\\\/web\\\/#\\\/schema\\\/logo\\\/image\\\/\"}},{\"@type\":\"Person\",\"@id\":\"https:\\\/\\\/www.eldiariodetucuman.com\\\/web\\\/#\\\/schema\\\/person\\\/6f95946e54fde848b878ffa4928071d5\",\"name\":\"eldiario detucuman\",\"image\":{\"@type\":\"ImageObject\",\"inLanguage\":\"es\",\"@id\":\"https:\\\/\\\/secure.gravatar.com\\\/avatar\\\/b6e1f89c5c4044c4962c8e6c20b1ca2cc99f549c965908afd4ec5308b3f51bfe?s=96&d=mm&r=g\",\"url\":\"https:\\\/\\\/secure.gravatar.com\\\/avatar\\\/b6e1f89c5c4044c4962c8e6c20b1ca2cc99f549c965908afd4ec5308b3f51bfe?s=96&d=mm&r=g\",\"contentUrl\":\"https:\\\/\\\/secure.gravatar.com\\\/avatar\\\/b6e1f89c5c4044c4962c8e6c20b1ca2cc99f549c965908afd4ec5308b3f51bfe?s=96&d=mm&r=g\",\"caption\":\"eldiario detucuman\"},\"url\":\"https:\\\/\\\/www.eldiariodetucuman.com\\\/web\\\/author\\\/eldiariodetucuman\\\/\"}]}<\/script>\n<!-- \/ Yoast SEO plugin. -->","yoast_head_json":{"title":"Se suicid\u00f3 \"el Kiki\", el asesino m\u00e1s buscado de Uruguay - El Diario de Tucuman","robots":{"index":"index","follow":"follow","max-snippet":"max-snippet:-1","max-image-preview":"max-image-preview:large","max-video-preview":"max-video-preview:-1"},"canonical":"https:\/\/www.eldiariodetucuman.com\/web\/se-suicido-el-kiki-el-asesino-mas-buscado-de-uruguay\/","og_locale":"es_ES","og_type":"article","og_title":"Se suicid\u00f3 \"el Kiki\", el asesino m\u00e1s buscado de Uruguay - El Diario de Tucuman","og_description":"Cristian Dami\u00e1n Pastorino Pimentel, apodado \u00abel Kiki\u201d, se suicid\u00f3 este martes por la tarde, cuando fue\u00a0 acorralado por la Polic\u00eda, se dispar\u00f3 en la cabeza en el barrio El Monarca. \u00a0 Seg\u00fan confirmaron fuentes policiales, el delincuente fue atendido con \u201csignos vitales\u201d pero falleci\u00f3 segundos despu\u00e9s. Pastorino fue encontrado en una casa, debajo de una [&hellip;]","og_url":"https:\/\/www.eldiariodetucuman.com\/web\/se-suicido-el-kiki-el-asesino-mas-buscado-de-uruguay\/","og_site_name":"El Diario de Tucuman","article_published_time":"2018-02-21T15:52:19+00:00","og_image":[{"width":970,"height":546,"url":"https:\/\/www.eldiariodetucuman.com\/web\/wp-content\/uploads\/2018\/02\/ad57d7013b961c96840a1112f667f773.jpeg","type":"image\/jpeg"}],"author":"eldiario detucuman","twitter_card":"summary_large_image","twitter_misc":{"Escrito por":"eldiario detucuman","Tiempo de lectura":"1 minuto"},"schema":{"@context":"https:\/\/schema.org","@graph":[{"@type":"Article","@id":"https:\/\/www.eldiariodetucuman.com\/web\/se-suicido-el-kiki-el-asesino-mas-buscado-de-uruguay\/#article","isPartOf":{"@id":"https:\/\/www.eldiariodetucuman.com\/web\/se-suicido-el-kiki-el-asesino-mas-buscado-de-uruguay\/"},"author":{"name":"eldiario detucuman","@id":"https:\/\/www.eldiariodetucuman.com\/web\/#\/schema\/person\/6f95946e54fde848b878ffa4928071d5"},"headline":"Se suicid\u00f3 \u00abel Kiki\u00bb, el asesino m\u00e1s buscado de Uruguay","datePublished":"2018-02-21T15:52:19+00:00","mainEntityOfPage":{"@id":"https:\/\/www.eldiariodetucuman.com\/web\/se-suicido-el-kiki-el-asesino-mas-buscado-de-uruguay\/"},"wordCount":215,"commentCount":0,"publisher":{"@id":"https:\/\/www.eldiariodetucuman.com\/web\/#organization"},"image":{"@id":"https:\/\/www.eldiariodetucuman.com\/web\/se-suicido-el-kiki-el-asesino-mas-buscado-de-uruguay\/#primaryimage"},"thumbnailUrl":"https:\/\/www.eldiariodetucuman.com\/web\/wp-content\/uploads\/2018\/02\/ad57d7013b961c96840a1112f667f773.jpeg","articleSection":["Internacionales"],"inLanguage":"es","potentialAction":[{"@type":"CommentAction","name":"Comment","target":["https:\/\/www.eldiariodetucuman.com\/web\/se-suicido-el-kiki-el-asesino-mas-buscado-de-uruguay\/#respond"]}]},{"@type":"WebPage","@id":"https:\/\/www.eldiariodetucuman.com\/web\/se-suicido-el-kiki-el-asesino-mas-buscado-de-uruguay\/","url":"https:\/\/www.eldiariodetucuman.com\/web\/se-suicido-el-kiki-el-asesino-mas-buscado-de-uruguay\/","name":"Se suicid\u00f3 \"el Kiki\", el asesino m\u00e1s buscado de Uruguay - El Diario de Tucuman","isPartOf":{"@id":"https:\/\/www.eldiariodetucuman.com\/web\/#website"},"primaryImageOfPage":{"@id":"https:\/\/www.eldiariodetucuman.com\/web\/se-suicido-el-kiki-el-asesino-mas-buscado-de-uruguay\/#primaryimage"},"image":{"@id":"https:\/\/www.eldiariodetucuman.com\/web\/se-suicido-el-kiki-el-asesino-mas-buscado-de-uruguay\/#primaryimage"},"thumbnailUrl":"https:\/\/www.eldiariodetucuman.com\/web\/wp-content\/uploads\/2018\/02\/ad57d7013b961c96840a1112f667f773.jpeg","datePublished":"2018-02-21T15:52:19+00:00","breadcrumb":{"@id":"https:\/\/www.eldiariodetucuman.com\/web\/se-suicido-el-kiki-el-asesino-mas-buscado-de-uruguay\/#breadcrumb"},"inLanguage":"es","potentialAction":[{"@type":"ReadAction","target":["https:\/\/www.eldiariodetucuman.com\/web\/se-suicido-el-kiki-el-asesino-mas-buscado-de-uruguay\/"]}]},{"@type":"ImageObject","inLanguage":"es","@id":"https:\/\/www.eldiariodetucuman.com\/web\/se-suicido-el-kiki-el-asesino-mas-buscado-de-uruguay\/#primaryimage","url":"https:\/\/www.eldiariodetucuman.com\/web\/wp-content\/uploads\/2018\/02\/ad57d7013b961c96840a1112f667f773.jpeg","contentUrl":"https:\/\/www.eldiariodetucuman.com\/web\/wp-content\/uploads\/2018\/02\/ad57d7013b961c96840a1112f667f773.jpeg","width":970,"height":546},{"@type":"BreadcrumbList","@id":"https:\/\/www.eldiariodetucuman.com\/web\/se-suicido-el-kiki-el-asesino-mas-buscado-de-uruguay\/#breadcrumb","itemListElement":[{"@type":"ListItem","position":1,"name":"Portada","item":"https:\/\/www.eldiariodetucuman.com\/web\/"},{"@type":"ListItem","position":2,"name":"Se suicid\u00f3 \u00abel Kiki\u00bb, el asesino m\u00e1s buscado de Uruguay"}]},{"@type":"WebSite","@id":"https:\/\/www.eldiariodetucuman.com\/web\/#website","url":"https:\/\/www.eldiariodetucuman.com\/web\/","name":"El Diario de Tucuman","description":"Diario Tucuman - Informaci\u00f3n y noticias","publisher":{"@id":"https:\/\/www.eldiariodetucuman.com\/web\/#organization"},"potentialAction":[{"@type":"SearchAction","target":{"@type":"EntryPoint","urlTemplate":"https:\/\/www.eldiariodetucuman.com\/web\/?s={search_term_string}"},"query-input":{"@type":"PropertyValueSpecification","valueRequired":true,"valueName":"search_term_string"}}],"inLanguage":"es"},{"@type":"Organization","@id":"https:\/\/www.eldiariodetucuman.com\/web\/#organization","name":"El Diario de Tucuman","url":"https:\/\/www.eldiariodetucuman.com\/web\/","logo":{"@type":"ImageObject","inLanguage":"es","@id":"https:\/\/www.eldiariodetucuman.com\/web\/#\/schema\/logo\/image\/","url":"http:\/\/www.eldiariodetucuman.com\/web\/wp-content\/uploads\/2017\/12\/el-diario-de-tucuman.jpg","contentUrl":"http:\/\/www.eldiariodetucuman.com\/web\/wp-content\/uploads\/2017\/12\/el-diario-de-tucuman.jpg","width":272,"height":92,"caption":"El Diario de Tucuman"},"image":{"@id":"https:\/\/www.eldiariodetucuman.com\/web\/#\/schema\/logo\/image\/"}},{"@type":"Person","@id":"https:\/\/www.eldiariodetucuman.com\/web\/#\/schema\/person\/6f95946e54fde848b878ffa4928071d5","name":"eldiario detucuman","image":{"@type":"ImageObject","inLanguage":"es","@id":"https:\/\/secure.gravatar.com\/avatar\/b6e1f89c5c4044c4962c8e6c20b1ca2cc99f549c965908afd4ec5308b3f51bfe?s=96&d=mm&r=g","url":"https:\/\/secure.gravatar.com\/avatar\/b6e1f89c5c4044c4962c8e6c20b1ca2cc99f549c965908afd4ec5308b3f51bfe?s=96&d=mm&r=g","contentUrl":"https:\/\/secure.gravatar.com\/avatar\/b6e1f89c5c4044c4962c8e6c20b1ca2cc99f549c965908afd4ec5308b3f51bfe?s=96&d=mm&r=g","caption":"eldiario detucuman"},"url":"https:\/\/www.eldiariodetucuman.com\/web\/author\/eldiariodetucuman\/"}]}},"_links":{"self":[{"href":"https:\/\/www.eldiariodetucuman.com\/web\/wp-json\/wp\/v2\/posts\/5676","targetHints":{"allow":["GET"]}}],"collection":[{"href":"https:\/\/www.eldiariodetucuman.com\/web\/wp-json\/wp\/v2\/posts"}],"about":[{"href":"https:\/\/www.eldiariodetucuman.com\/web\/wp-json\/wp\/v2\/types\/post"}],"author":[{"embeddable":true,"href":"https:\/\/www.eldiariodetucuman.com\/web\/wp-json\/wp\/v2\/users\/4"}],"replies":[{"embeddable":true,"href":"https:\/\/www.eldiariodetucuman.com\/web\/wp-json\/wp\/v2\/comments?post=5676"}],"version-history":[{"count":0,"href":"https:\/\/www.eldiariodetucuman.com\/web\/wp-json\/wp\/v2\/posts\/5676\/revisions"}],"wp:featuredmedia":[{"embeddable":true,"href":"https:\/\/www.eldiariodetucuman.com\/web\/wp-json\/wp\/v2\/media\/5677"}],"wp:attachment":[{"href":"https:\/\/www.eldiariodetucuman.com\/web\/wp-json\/wp\/v2\/media?parent=5676"}],"wp:term":[{"taxonomy":"category","embeddable":true,"href":"https:\/\/www.eldiariodetucuman.com\/web\/wp-json\/wp\/v2\/categories?post=5676"},{"taxonomy":"post_tag","embeddable":true,"href":"https:\/\/www.eldiariodetucuman.com\/web\/wp-json\/wp\/v2\/tags?post=5676"}],"curies":[{"name":"wp","href":"https:\/\/api.w.org\/{rel}","templated":true}]}}