{"id":5671,"date":"2018-02-21T12:38:11","date_gmt":"2018-02-21T15:38:11","guid":{"rendered":"http:\/\/www.eldiariodetucuman.com\/web\/pablo-moyano-la-cgt-practicamente-no-existe\/"},"modified":"2018-02-21T12:38:13","modified_gmt":"2018-02-21T15:38:13","slug":"pablo-moyano-la-cgt-practicamente-no-existe","status":"publish","type":"post","link":"https:\/\/www.eldiariodetucuman.com\/web\/pablo-moyano-la-cgt-practicamente-no-existe\/","title":{"rendered":"Pablo Moyano: \u201cLa CGT pr\u00e1cticamente no existe\u201d"},"content":{"rendered":"<div>\n<div readability=\"62.269490761604\">\n<p>El secretario adjunto de Camioneros y secretario gremial de la CGT, <a href=\"https:\/\/www.elintransigente.com\/noticias\/buscar\/?buscar=pablo+moyano\">Pablo Moyano<\/a>, opin\u00f3 sobre la profunda crisis que atraviesa la central obrera, teniendo en cuenta que muchos de los referentes gremiales decidieron darle la espalda a <a href=\"https:\/\/www.elintransigente.com\/politica\/2018\/2\/21\/moyano-el-trabajador-no-produce-incidentes-479498.html\">Hugo Moyano <\/a>y no asistir a la convocatoria de hoy.\u00a0<\/p>\n<p>En ese sentido, el tambi\u00e9n vicepresidente de Independiente, advirti\u00f3: \u201c<strong>La CGT hoy esta partida pr\u00e1cticamente, no existe<\/strong>. M\u00e1s que nunca pienso que <strong>son unos cagones quienes no van<\/strong> <strong>a la marcha<\/strong>\u201d.\u00a0<\/p>\n<p>Asimismo, insisti\u00f3 en que la marcha de hoy, que tendr\u00e1 su momento c\u00falmine cuando a las 15 se realice un acto central en la intersecci\u00f3n de Belgrano y 9 de Julio, ser\u00e1 \u201cmultitudinaria\u201d.\u00a0<\/p>\n<p>\u201cHoy va a ser una marcha impresionante, un antes y un despu\u00e9s en este Gobierno que no escucha\u00a0el reclamo de los trabajadores.\u00a0<strong>Ojala el gobierno deje de lado la soberbia y escuche<\/strong>\u00ab, lanz\u00f3 el m\u00e1s controversial de los hermanos Moyano, en una entrevista concedida esta ma\u00f1ana a Radio Rivadavia.\u00a0<\/p>\n<p>Adem\u00e1s, confirm\u00f3 la presencia del diputado por el Frente Renovador e hijo del l\u00edder de Camioneros, Facundo Moyano. \u201cPor supuesto que va a movilizar, van a venir cerca de 3000 trabajadores de peajes\u00bb, adelant\u00f3.\u00a0<\/p>\n<p>En tanto, desminti\u00f3 haber cometido alg\u00fan il\u00edcito durante su gesti\u00f3n al frente del club de Avellaneda y rechaz\u00f3 las denuncias por \u201clavado de dinero\u201d que se le imputan a \u00e9l y a su padre. \u201cCuando agarramos el club hace tres a\u00f1os estaba quebrado pr\u00e1cticamente, la cancha sin terminar, predios abandonados. Llenos de juicios y embargos. Hab\u00eda que administrarla y equilibrar las cuentas, se hizo un trabajo muy importante.\u00a0<strong>En Independiente lo \u00fanico que lav\u00e1bamos eran los ba\u00f1os que los dejaron todos sucios<\/strong>\u00ab, ironiz\u00f3 Pablo.\u00a0<\/p>\n<p>Las calles del centro porte\u00f1o hoy se ver\u00e1n copadas por los integrantes del sindicato de Camioneros y por sus aliados: los gremios mar\u00edtimos y portuarios, los de la Corriente Federal de Trabajadores (CFT), Suteba, junto a ambas CTA y organizaciones sociales y pol\u00edticas.\u00a0<\/p>\n<p>Seg\u00fan indicaron los organizadores, y a pesar de las ruidosas bajas que debieron sortear, esperan que se <a href=\"https:\/\/www.elintransigente.com\/politica\/2018\/2\/21\/moyano-sus-aliados-se-preparan-para-la-marcha-479483.html\">convoque entre 300 y 500 mil personas<\/a> en las calles de los principales accesos de Capital Federal.\u00a0<\/p>\n<\/div>\n<\/div>\n<p>Fuente: https:\/\/www.elintransigente.com\/politica\/2018\/2\/21\/pablo-moyano-la-cgt-practicamente-no-existe-479504.html<\/p>\n","protected":false},"excerpt":{"rendered":"<p>El secretario adjunto de Camioneros y secretario gremial de la CGT, Pablo Moyano, opin\u00f3 sobre la profunda crisis que atraviesa la central obrera, teniendo en cuenta que muchos de los referentes gremiales decidieron darle la espalda a Hugo Moyano y no asistir a la convocatoria de hoy.\u00a0 En ese sentido, el tambi\u00e9n vicepresidente de Independiente, [&hellip;]<\/p>\n","protected":false},"author":1,"featured_media":5672,"comment_status":"open","ping_status":"closed","sticky":false,"template":"","format":"standard","meta":{"footnotes":""},"categories":[1],"tags":[],"class_list":{"0":"post-5671","1":"post","2":"type-post","3":"status-publish","4":"format-standard","5":"has-post-thumbnail","7":"category-portada"},"yoast_head":"<!-- This site is optimized with the Yoast SEO plugin v27.5 - https:\/\/yoast.com\/product\/yoast-seo-wordpress\/ -->\n<title>Pablo Moyano: \u201cLa CGT pr\u00e1cticamente no existe\u201d - El Diario de Tucuman<\/title>\n<meta name=\"robots\" content=\"index, follow, max-snippet:-1, max-image-preview:large, max-video-preview:-1\" \/>\n<link rel=\"canonical\" href=\"https:\/\/www.eldiariodetucuman.com\/web\/pablo-moyano-la-cgt-practicamente-no-existe\/\" \/>\n<meta property=\"og:locale\" content=\"es_ES\" \/>\n<meta property=\"og:type\" content=\"article\" \/>\n<meta property=\"og:title\" content=\"Pablo Moyano: \u201cLa CGT pr\u00e1cticamente no existe\u201d - El Diario de Tucuman\" \/>\n<meta property=\"og:description\" content=\"El secretario adjunto de Camioneros y secretario gremial de la CGT, Pablo Moyano, opin\u00f3 sobre la profunda crisis que atraviesa la central obrera, teniendo en cuenta que muchos de los referentes gremiales decidieron darle la espalda a Hugo Moyano y no asistir a la convocatoria de hoy.\u00a0 En ese sentido, el tambi\u00e9n vicepresidente de Independiente, [&hellip;]\" \/>\n<meta property=\"og:url\" content=\"https:\/\/www.eldiariodetucuman.com\/web\/pablo-moyano-la-cgt-practicamente-no-existe\/\" \/>\n<meta property=\"og:site_name\" content=\"El Diario de Tucuman\" \/>\n<meta property=\"article:published_time\" content=\"2018-02-21T15:38:11+00:00\" \/>\n<meta property=\"article:modified_time\" content=\"2018-02-21T15:38:13+00:00\" \/>\n<meta property=\"og:image\" content=\"https:\/\/www.eldiariodetucuman.com\/web\/wp-content\/uploads\/2018\/02\/962888211773c87ee0f747434967f3f6.jpeg\" \/>\n\t<meta property=\"og:image:width\" content=\"960\" \/>\n\t<meta property=\"og:image:height\" content=\"515\" \/>\n\t<meta property=\"og:image:type\" content=\"image\/jpeg\" \/>\n<meta name=\"author\" content=\"admin\" \/>\n<meta name=\"twitter:card\" content=\"summary_large_image\" \/>\n<meta name=\"twitter:label1\" content=\"Escrito por\" \/>\n\t<meta name=\"twitter:data1\" content=\"admin\" \/>\n\t<meta name=\"twitter:label2\" content=\"Tiempo de lectura\" \/>\n\t<meta name=\"twitter:data2\" content=\"2 minutos\" \/>\n<script type=\"application\/ld+json\" class=\"yoast-schema-graph\">{\"@context\":\"https:\\\/\\\/schema.org\",\"@graph\":[{\"@type\":\"Article\",\"@id\":\"https:\\\/\\\/www.eldiariodetucuman.com\\\/web\\\/pablo-moyano-la-cgt-practicamente-no-existe\\\/#article\",\"isPartOf\":{\"@id\":\"https:\\\/\\\/www.eldiariodetucuman.com\\\/web\\\/pablo-moyano-la-cgt-practicamente-no-existe\\\/\"},\"author\":{\"name\":\"admin\",\"@id\":\"https:\\\/\\\/www.eldiariodetucuman.com\\\/web\\\/#\\\/schema\\\/person\\\/9250197d75ab5483412e19678b121caa\"},\"headline\":\"Pablo Moyano: \u201cLa CGT pr\u00e1cticamente no existe\u201d\",\"datePublished\":\"2018-02-21T15:38:11+00:00\",\"dateModified\":\"2018-02-21T15:38:13+00:00\",\"mainEntityOfPage\":{\"@id\":\"https:\\\/\\\/www.eldiariodetucuman.com\\\/web\\\/pablo-moyano-la-cgt-practicamente-no-existe\\\/\"},\"wordCount\":390,\"commentCount\":0,\"publisher\":{\"@id\":\"https:\\\/\\\/www.eldiariodetucuman.com\\\/web\\\/#organization\"},\"image\":{\"@id\":\"https:\\\/\\\/www.eldiariodetucuman.com\\\/web\\\/pablo-moyano-la-cgt-practicamente-no-existe\\\/#primaryimage\"},\"thumbnailUrl\":\"https:\\\/\\\/www.eldiariodetucuman.com\\\/web\\\/wp-content\\\/uploads\\\/2018\\\/02\\\/962888211773c87ee0f747434967f3f6.jpeg\",\"articleSection\":[\"Portada\"],\"inLanguage\":\"es\",\"potentialAction\":[{\"@type\":\"CommentAction\",\"name\":\"Comment\",\"target\":[\"https:\\\/\\\/www.eldiariodetucuman.com\\\/web\\\/pablo-moyano-la-cgt-practicamente-no-existe\\\/#respond\"]}]},{\"@type\":\"WebPage\",\"@id\":\"https:\\\/\\\/www.eldiariodetucuman.com\\\/web\\\/pablo-moyano-la-cgt-practicamente-no-existe\\\/\",\"url\":\"https:\\\/\\\/www.eldiariodetucuman.com\\\/web\\\/pablo-moyano-la-cgt-practicamente-no-existe\\\/\",\"name\":\"Pablo Moyano: \u201cLa CGT pr\u00e1cticamente no existe\u201d - El Diario de Tucuman\",\"isPartOf\":{\"@id\":\"https:\\\/\\\/www.eldiariodetucuman.com\\\/web\\\/#website\"},\"primaryImageOfPage\":{\"@id\":\"https:\\\/\\\/www.eldiariodetucuman.com\\\/web\\\/pablo-moyano-la-cgt-practicamente-no-existe\\\/#primaryimage\"},\"image\":{\"@id\":\"https:\\\/\\\/www.eldiariodetucuman.com\\\/web\\\/pablo-moyano-la-cgt-practicamente-no-existe\\\/#primaryimage\"},\"thumbnailUrl\":\"https:\\\/\\\/www.eldiariodetucuman.com\\\/web\\\/wp-content\\\/uploads\\\/2018\\\/02\\\/962888211773c87ee0f747434967f3f6.jpeg\",\"datePublished\":\"2018-02-21T15:38:11+00:00\",\"dateModified\":\"2018-02-21T15:38:13+00:00\",\"breadcrumb\":{\"@id\":\"https:\\\/\\\/www.eldiariodetucuman.com\\\/web\\\/pablo-moyano-la-cgt-practicamente-no-existe\\\/#breadcrumb\"},\"inLanguage\":\"es\",\"potentialAction\":[{\"@type\":\"ReadAction\",\"target\":[\"https:\\\/\\\/www.eldiariodetucuman.com\\\/web\\\/pablo-moyano-la-cgt-practicamente-no-existe\\\/\"]}]},{\"@type\":\"ImageObject\",\"inLanguage\":\"es\",\"@id\":\"https:\\\/\\\/www.eldiariodetucuman.com\\\/web\\\/pablo-moyano-la-cgt-practicamente-no-existe\\\/#primaryimage\",\"url\":\"https:\\\/\\\/www.eldiariodetucuman.com\\\/web\\\/wp-content\\\/uploads\\\/2018\\\/02\\\/962888211773c87ee0f747434967f3f6.jpeg\",\"contentUrl\":\"https:\\\/\\\/www.eldiariodetucuman.com\\\/web\\\/wp-content\\\/uploads\\\/2018\\\/02\\\/962888211773c87ee0f747434967f3f6.jpeg\",\"width\":960,\"height\":515},{\"@type\":\"BreadcrumbList\",\"@id\":\"https:\\\/\\\/www.eldiariodetucuman.com\\\/web\\\/pablo-moyano-la-cgt-practicamente-no-existe\\\/#breadcrumb\",\"itemListElement\":[{\"@type\":\"ListItem\",\"position\":1,\"name\":\"Portada\",\"item\":\"https:\\\/\\\/www.eldiariodetucuman.com\\\/web\\\/\"},{\"@type\":\"ListItem\",\"position\":2,\"name\":\"Pablo Moyano: \u201cLa CGT pr\u00e1cticamente no existe\u201d\"}]},{\"@type\":\"WebSite\",\"@id\":\"https:\\\/\\\/www.eldiariodetucuman.com\\\/web\\\/#website\",\"url\":\"https:\\\/\\\/www.eldiariodetucuman.com\\\/web\\\/\",\"name\":\"El Diario de Tucuman\",\"description\":\"Diario Tucuman - Informaci\u00f3n y noticias\",\"publisher\":{\"@id\":\"https:\\\/\\\/www.eldiariodetucuman.com\\\/web\\\/#organization\"},\"potentialAction\":[{\"@type\":\"SearchAction\",\"target\":{\"@type\":\"EntryPoint\",\"urlTemplate\":\"https:\\\/\\\/www.eldiariodetucuman.com\\\/web\\\/?s={search_term_string}\"},\"query-input\":{\"@type\":\"PropertyValueSpecification\",\"valueRequired\":true,\"valueName\":\"search_term_string\"}}],\"inLanguage\":\"es\"},{\"@type\":\"Organization\",\"@id\":\"https:\\\/\\\/www.eldiariodetucuman.com\\\/web\\\/#organization\",\"name\":\"El Diario de Tucuman\",\"url\":\"https:\\\/\\\/www.eldiariodetucuman.com\\\/web\\\/\",\"logo\":{\"@type\":\"ImageObject\",\"inLanguage\":\"es\",\"@id\":\"https:\\\/\\\/www.eldiariodetucuman.com\\\/web\\\/#\\\/schema\\\/logo\\\/image\\\/\",\"url\":\"http:\\\/\\\/www.eldiariodetucuman.com\\\/web\\\/wp-content\\\/uploads\\\/2017\\\/12\\\/el-diario-de-tucuman.jpg\",\"contentUrl\":\"http:\\\/\\\/www.eldiariodetucuman.com\\\/web\\\/wp-content\\\/uploads\\\/2017\\\/12\\\/el-diario-de-tucuman.jpg\",\"width\":272,\"height\":92,\"caption\":\"El Diario de Tucuman\"},\"image\":{\"@id\":\"https:\\\/\\\/www.eldiariodetucuman.com\\\/web\\\/#\\\/schema\\\/logo\\\/image\\\/\"}},{\"@type\":\"Person\",\"@id\":\"https:\\\/\\\/www.eldiariodetucuman.com\\\/web\\\/#\\\/schema\\\/person\\\/9250197d75ab5483412e19678b121caa\",\"name\":\"admin\",\"image\":{\"@type\":\"ImageObject\",\"inLanguage\":\"es\",\"@id\":\"https:\\\/\\\/secure.gravatar.com\\\/avatar\\\/c44d117c2be811212c22cb481f6b8384b6873de103fbc49e7a03cc58d7dea4ac?s=96&d=mm&r=g\",\"url\":\"https:\\\/\\\/secure.gravatar.com\\\/avatar\\\/c44d117c2be811212c22cb481f6b8384b6873de103fbc49e7a03cc58d7dea4ac?s=96&d=mm&r=g\",\"contentUrl\":\"https:\\\/\\\/secure.gravatar.com\\\/avatar\\\/c44d117c2be811212c22cb481f6b8384b6873de103fbc49e7a03cc58d7dea4ac?s=96&d=mm&r=g\",\"caption\":\"admin\"},\"url\":\"https:\\\/\\\/www.eldiariodetucuman.com\\\/web\\\/author\\\/admin\\\/\"}]}<\/script>\n<!-- \/ Yoast SEO plugin. -->","yoast_head_json":{"title":"Pablo Moyano: \u201cLa CGT pr\u00e1cticamente no existe\u201d - El Diario de Tucuman","robots":{"index":"index","follow":"follow","max-snippet":"max-snippet:-1","max-image-preview":"max-image-preview:large","max-video-preview":"max-video-preview:-1"},"canonical":"https:\/\/www.eldiariodetucuman.com\/web\/pablo-moyano-la-cgt-practicamente-no-existe\/","og_locale":"es_ES","og_type":"article","og_title":"Pablo Moyano: \u201cLa CGT pr\u00e1cticamente no existe\u201d - El Diario de Tucuman","og_description":"El secretario adjunto de Camioneros y secretario gremial de la CGT, Pablo Moyano, opin\u00f3 sobre la profunda crisis que atraviesa la central obrera, teniendo en cuenta que muchos de los referentes gremiales decidieron darle la espalda a Hugo Moyano y no asistir a la convocatoria de hoy.\u00a0 En ese sentido, el tambi\u00e9n vicepresidente de Independiente, [&hellip;]","og_url":"https:\/\/www.eldiariodetucuman.com\/web\/pablo-moyano-la-cgt-practicamente-no-existe\/","og_site_name":"El Diario de Tucuman","article_published_time":"2018-02-21T15:38:11+00:00","article_modified_time":"2018-02-21T15:38:13+00:00","og_image":[{"width":960,"height":515,"url":"https:\/\/www.eldiariodetucuman.com\/web\/wp-content\/uploads\/2018\/02\/962888211773c87ee0f747434967f3f6.jpeg","type":"image\/jpeg"}],"author":"admin","twitter_card":"summary_large_image","twitter_misc":{"Escrito por":"admin","Tiempo de lectura":"2 minutos"},"schema":{"@context":"https:\/\/schema.org","@graph":[{"@type":"Article","@id":"https:\/\/www.eldiariodetucuman.com\/web\/pablo-moyano-la-cgt-practicamente-no-existe\/#article","isPartOf":{"@id":"https:\/\/www.eldiariodetucuman.com\/web\/pablo-moyano-la-cgt-practicamente-no-existe\/"},"author":{"name":"admin","@id":"https:\/\/www.eldiariodetucuman.com\/web\/#\/schema\/person\/9250197d75ab5483412e19678b121caa"},"headline":"Pablo Moyano: \u201cLa CGT pr\u00e1cticamente no existe\u201d","datePublished":"2018-02-21T15:38:11+00:00","dateModified":"2018-02-21T15:38:13+00:00","mainEntityOfPage":{"@id":"https:\/\/www.eldiariodetucuman.com\/web\/pablo-moyano-la-cgt-practicamente-no-existe\/"},"wordCount":390,"commentCount":0,"publisher":{"@id":"https:\/\/www.eldiariodetucuman.com\/web\/#organization"},"image":{"@id":"https:\/\/www.eldiariodetucuman.com\/web\/pablo-moyano-la-cgt-practicamente-no-existe\/#primaryimage"},"thumbnailUrl":"https:\/\/www.eldiariodetucuman.com\/web\/wp-content\/uploads\/2018\/02\/962888211773c87ee0f747434967f3f6.jpeg","articleSection":["Portada"],"inLanguage":"es","potentialAction":[{"@type":"CommentAction","name":"Comment","target":["https:\/\/www.eldiariodetucuman.com\/web\/pablo-moyano-la-cgt-practicamente-no-existe\/#respond"]}]},{"@type":"WebPage","@id":"https:\/\/www.eldiariodetucuman.com\/web\/pablo-moyano-la-cgt-practicamente-no-existe\/","url":"https:\/\/www.eldiariodetucuman.com\/web\/pablo-moyano-la-cgt-practicamente-no-existe\/","name":"Pablo Moyano: \u201cLa CGT pr\u00e1cticamente no existe\u201d - El Diario de Tucuman","isPartOf":{"@id":"https:\/\/www.eldiariodetucuman.com\/web\/#website"},"primaryImageOfPage":{"@id":"https:\/\/www.eldiariodetucuman.com\/web\/pablo-moyano-la-cgt-practicamente-no-existe\/#primaryimage"},"image":{"@id":"https:\/\/www.eldiariodetucuman.com\/web\/pablo-moyano-la-cgt-practicamente-no-existe\/#primaryimage"},"thumbnailUrl":"https:\/\/www.eldiariodetucuman.com\/web\/wp-content\/uploads\/2018\/02\/962888211773c87ee0f747434967f3f6.jpeg","datePublished":"2018-02-21T15:38:11+00:00","dateModified":"2018-02-21T15:38:13+00:00","breadcrumb":{"@id":"https:\/\/www.eldiariodetucuman.com\/web\/pablo-moyano-la-cgt-practicamente-no-existe\/#breadcrumb"},"inLanguage":"es","potentialAction":[{"@type":"ReadAction","target":["https:\/\/www.eldiariodetucuman.com\/web\/pablo-moyano-la-cgt-practicamente-no-existe\/"]}]},{"@type":"ImageObject","inLanguage":"es","@id":"https:\/\/www.eldiariodetucuman.com\/web\/pablo-moyano-la-cgt-practicamente-no-existe\/#primaryimage","url":"https:\/\/www.eldiariodetucuman.com\/web\/wp-content\/uploads\/2018\/02\/962888211773c87ee0f747434967f3f6.jpeg","contentUrl":"https:\/\/www.eldiariodetucuman.com\/web\/wp-content\/uploads\/2018\/02\/962888211773c87ee0f747434967f3f6.jpeg","width":960,"height":515},{"@type":"BreadcrumbList","@id":"https:\/\/www.eldiariodetucuman.com\/web\/pablo-moyano-la-cgt-practicamente-no-existe\/#breadcrumb","itemListElement":[{"@type":"ListItem","position":1,"name":"Portada","item":"https:\/\/www.eldiariodetucuman.com\/web\/"},{"@type":"ListItem","position":2,"name":"Pablo Moyano: \u201cLa CGT pr\u00e1cticamente no existe\u201d"}]},{"@type":"WebSite","@id":"https:\/\/www.eldiariodetucuman.com\/web\/#website","url":"https:\/\/www.eldiariodetucuman.com\/web\/","name":"El Diario de Tucuman","description":"Diario Tucuman - Informaci\u00f3n y noticias","publisher":{"@id":"https:\/\/www.eldiariodetucuman.com\/web\/#organization"},"potentialAction":[{"@type":"SearchAction","target":{"@type":"EntryPoint","urlTemplate":"https:\/\/www.eldiariodetucuman.com\/web\/?s={search_term_string}"},"query-input":{"@type":"PropertyValueSpecification","valueRequired":true,"valueName":"search_term_string"}}],"inLanguage":"es"},{"@type":"Organization","@id":"https:\/\/www.eldiariodetucuman.com\/web\/#organization","name":"El Diario de Tucuman","url":"https:\/\/www.eldiariodetucuman.com\/web\/","logo":{"@type":"ImageObject","inLanguage":"es","@id":"https:\/\/www.eldiariodetucuman.com\/web\/#\/schema\/logo\/image\/","url":"http:\/\/www.eldiariodetucuman.com\/web\/wp-content\/uploads\/2017\/12\/el-diario-de-tucuman.jpg","contentUrl":"http:\/\/www.eldiariodetucuman.com\/web\/wp-content\/uploads\/2017\/12\/el-diario-de-tucuman.jpg","width":272,"height":92,"caption":"El Diario de Tucuman"},"image":{"@id":"https:\/\/www.eldiariodetucuman.com\/web\/#\/schema\/logo\/image\/"}},{"@type":"Person","@id":"https:\/\/www.eldiariodetucuman.com\/web\/#\/schema\/person\/9250197d75ab5483412e19678b121caa","name":"admin","image":{"@type":"ImageObject","inLanguage":"es","@id":"https:\/\/secure.gravatar.com\/avatar\/c44d117c2be811212c22cb481f6b8384b6873de103fbc49e7a03cc58d7dea4ac?s=96&d=mm&r=g","url":"https:\/\/secure.gravatar.com\/avatar\/c44d117c2be811212c22cb481f6b8384b6873de103fbc49e7a03cc58d7dea4ac?s=96&d=mm&r=g","contentUrl":"https:\/\/secure.gravatar.com\/avatar\/c44d117c2be811212c22cb481f6b8384b6873de103fbc49e7a03cc58d7dea4ac?s=96&d=mm&r=g","caption":"admin"},"url":"https:\/\/www.eldiariodetucuman.com\/web\/author\/admin\/"}]}},"_links":{"self":[{"href":"https:\/\/www.eldiariodetucuman.com\/web\/wp-json\/wp\/v2\/posts\/5671","targetHints":{"allow":["GET"]}}],"collection":[{"href":"https:\/\/www.eldiariodetucuman.com\/web\/wp-json\/wp\/v2\/posts"}],"about":[{"href":"https:\/\/www.eldiariodetucuman.com\/web\/wp-json\/wp\/v2\/types\/post"}],"author":[{"embeddable":true,"href":"https:\/\/www.eldiariodetucuman.com\/web\/wp-json\/wp\/v2\/users\/1"}],"replies":[{"embeddable":true,"href":"https:\/\/www.eldiariodetucuman.com\/web\/wp-json\/wp\/v2\/comments?post=5671"}],"version-history":[{"count":1,"href":"https:\/\/www.eldiariodetucuman.com\/web\/wp-json\/wp\/v2\/posts\/5671\/revisions"}],"predecessor-version":[{"id":5673,"href":"https:\/\/www.eldiariodetucuman.com\/web\/wp-json\/wp\/v2\/posts\/5671\/revisions\/5673"}],"wp:featuredmedia":[{"embeddable":true,"href":"https:\/\/www.eldiariodetucuman.com\/web\/wp-json\/wp\/v2\/media\/5672"}],"wp:attachment":[{"href":"https:\/\/www.eldiariodetucuman.com\/web\/wp-json\/wp\/v2\/media?parent=5671"}],"wp:term":[{"taxonomy":"category","embeddable":true,"href":"https:\/\/www.eldiariodetucuman.com\/web\/wp-json\/wp\/v2\/categories?post=5671"},{"taxonomy":"post_tag","embeddable":true,"href":"https:\/\/www.eldiariodetucuman.com\/web\/wp-json\/wp\/v2\/tags?post=5671"}],"curies":[{"name":"wp","href":"https:\/\/api.w.org\/{rel}","templated":true}]}}