{"id":5665,"date":"2018-02-21T12:34:44","date_gmt":"2018-02-21T15:34:44","guid":{"rendered":"http:\/\/www.eldiariodetucuman.com\/web\/no-jueguen-con-la-gente\/"},"modified":"2018-02-21T12:34:45","modified_gmt":"2018-02-21T15:34:45","slug":"no-jueguen-con-la-gente","status":"publish","type":"post","link":"https:\/\/www.eldiariodetucuman.com\/web\/no-jueguen-con-la-gente\/","title":{"rendered":"\u00abNo jueguen con la gente\u00bb"},"content":{"rendered":"<div>\n<div id=\"article-main-content\" readability=\"80.478008298755\">\n                    <!-- Relacionadas --><\/p>\n<div class=\"entry-contentrelatednews\">\n<h4>Relacionadas<\/h4>\n<article class=\"entry\"><a class=\"linkNoPhoto dax-related-item\" href=\"https:\/\/www.ole.com.ar\/union\/tratar-meterla-adentro_0_1963003695.html\" title=\"\" data-dax=\"0\"><\/p>\n<figure class=\"entry-media OleNoPhoto\"><img loading=\"lazy\" decoding=\"async\" src=\"https:\/\/images.ole.com.ar\/2018\/02\/15\/rkuJV2rvM_150x100__1.jpg\" width=\"150\" height=\"100\" alt=\"Estudiantes de la plata vs Unionfoto Nievas\"><\/figure>\n<p><\/a><\/p>\n<\/article>\n<\/div>\n<p>                    <!--End Relacionadas --><\/p>\n<p>Una serie de <mark>pintadas intimidatorias aparecieron este mi\u00e9rcoles en las inmediaciones\u00a0del predio\u00a0donde se entrena el plantel de Uni\u00f3n de Santa Fe<\/mark>, con la advertencia a la dirigencia de\u00a0que tendr\u00e1 la\u00a0<span><span>\u00a0\u00abultima oportunidad\u00bb\u00a0<\/span><\/span>en el pr\u00f3ximo cl\u00e1sico ante Col\u00f3n.<\/p>\n<p><img loading=\"lazy\" decoding=\"async\" class=\"embedImage\" src=\"https:\/\/images.ole.com.ar\/2018\/02\/19\/ryEb2xivz_660x0__2.jpg#1519222479719\" width=\"660\" height=\"497\" alt=\"El predio de Uni\u00f3n amaneci\u00f3 pintado con amenazas. (foto: @FM967Santafe)\" data-portal-copyright=\"ole.com.ar\" data-has-syndication-rights=\"1\"><\/p>\n<p>El predio de Uni\u00f3n amaneci\u00f3 pintado con amenazas. (foto: @FM967Santafe)<\/p>\n<p>Las amenazas\u00a0fueron pintadas\u00a0<mark>en una garita situada a metros del predio de Casasol<\/mark>, ubicado sobre la ruta nacional 19, a unos 10 kil\u00f3metros de la ciudad de Santo Tom\u00e9.<\/p>\n<p><mark>\u00abDirigentes, \u00faltima oportunidad\u00bb<\/mark>, <mark>\u00abDirigentes, no jueguen con la gente\u00bb<\/mark>, <mark>\u00abLos cl\u00e1sicos se ganan\u00bb<\/mark> y <mark>\u00abJugadores, dejen la vida!!! Ganar o ganar\u00bb<\/mark> son algunas de las leyendas escritas con pintura roja.<\/p>\n<p><img loading=\"lazy\" decoding=\"async\" class=\"embedImage\" src=\"https:\/\/images.ole.com.ar\/2018\/02\/20\/HJi-neiPf_660x0__2.jpg#1519222493134\" width=\"660\" height=\"655\" alt=\"El predio de Uni\u00f3n amaneci\u00f3 pintado con amenazas. (foto: @FM967Santafe)\" data-portal-copyright=\"ole.com.ar\" data-has-syndication-rights=\"1\"><\/p>\n<p>El predio de Uni\u00f3n amaneci\u00f3 pintado con amenazas. (foto: @FM967Santafe)<\/p>\n<p>El\u00a0tatengue, que marcha sexto en la Superliga con 26 puntos,\u00a0recibir\u00e1 al sabalero, que se ubica octavo con la misma cantidad de unidades,\u00a0<mark>el domingo a las 19.15, en un partido correspondiente a la fecha 17<\/mark>\u00a0de la Superliga.<\/p>\n<p><img loading=\"lazy\" decoding=\"async\" class=\"embedImage\" src=\"https:\/\/images.ole.com.ar\/2018\/02\/20\/rJAxnlivG_660x0__2.jpg#1519222505447\" width=\"660\" height=\"964\" alt=\"El predio de Uni\u00f3n amaneci\u00f3 pintado con amenazas. (foto: @FM967Santafe)\" data-portal-copyright=\"ole.com.ar\" data-has-syndication-rights=\"1\"><\/p>\n<p>El predio de Uni\u00f3n amaneci\u00f3 pintado con amenazas. (foto: @FM967Santafe)<\/p>\n<\/p><\/div>\n<\/div>\n<p>Fuente: https:\/\/www.ole.com.ar\/union\/pintadas-union-clasico-colon-santa-fe_0_1965403457.html<\/p>\n","protected":false},"excerpt":{"rendered":"<p>Relacionadas Una serie de pintadas intimidatorias aparecieron este mi\u00e9rcoles en las inmediaciones\u00a0del predio\u00a0donde se entrena el plantel de Uni\u00f3n de Santa Fe, con la advertencia a la dirigencia de\u00a0que tendr\u00e1 la\u00a0\u00a0\u00abultima oportunidad\u00bb\u00a0en el pr\u00f3ximo cl\u00e1sico ante Col\u00f3n. El predio de Uni\u00f3n amaneci\u00f3 pintado con amenazas. (foto: @FM967Santafe) Las amenazas\u00a0fueron pintadas\u00a0en una garita situada a metros [&hellip;]<\/p>\n","protected":false},"author":1,"featured_media":5666,"comment_status":"open","ping_status":"closed","sticky":false,"template":"","format":"standard","meta":{"footnotes":""},"categories":[6],"tags":[],"class_list":{"0":"post-5665","1":"post","2":"type-post","3":"status-publish","4":"format-standard","5":"has-post-thumbnail","7":"category-deporte"},"yoast_head":"<!-- This site is optimized with the Yoast SEO plugin v27.5 - https:\/\/yoast.com\/product\/yoast-seo-wordpress\/ -->\n<title>&quot;No jueguen con la gente&quot; - El Diario de Tucuman<\/title>\n<meta name=\"robots\" content=\"index, follow, max-snippet:-1, max-image-preview:large, max-video-preview:-1\" \/>\n<link rel=\"canonical\" href=\"https:\/\/www.eldiariodetucuman.com\/web\/no-jueguen-con-la-gente\/\" \/>\n<meta property=\"og:locale\" content=\"es_ES\" \/>\n<meta property=\"og:type\" content=\"article\" \/>\n<meta property=\"og:title\" content=\"&quot;No jueguen con la gente&quot; - El Diario de Tucuman\" \/>\n<meta property=\"og:description\" content=\"Relacionadas Una serie de pintadas intimidatorias aparecieron este mi\u00e9rcoles en las inmediaciones\u00a0del predio\u00a0donde se entrena el plantel de Uni\u00f3n de Santa Fe, con la advertencia a la dirigencia de\u00a0que tendr\u00e1 la\u00a0\u00a0\u00abultima oportunidad\u00bb\u00a0en el pr\u00f3ximo cl\u00e1sico ante Col\u00f3n. El predio de Uni\u00f3n amaneci\u00f3 pintado con amenazas. (foto: @FM967Santafe) Las amenazas\u00a0fueron pintadas\u00a0en una garita situada a metros [&hellip;]\" \/>\n<meta property=\"og:url\" content=\"https:\/\/www.eldiariodetucuman.com\/web\/no-jueguen-con-la-gente\/\" \/>\n<meta property=\"og:site_name\" content=\"El Diario de Tucuman\" \/>\n<meta property=\"article:published_time\" content=\"2018-02-21T15:34:44+00:00\" \/>\n<meta property=\"article:modified_time\" content=\"2018-02-21T15:34:45+00:00\" \/>\n<meta property=\"og:image\" content=\"https:\/\/www.eldiariodetucuman.com\/web\/wp-content\/uploads\/2018\/02\/465f308db8b9c69c41b6f7d5e5b399ce.jpeg\" \/>\n\t<meta property=\"og:image:width\" content=\"660\" \/>\n\t<meta property=\"og:image:height\" content=\"385\" \/>\n\t<meta property=\"og:image:type\" content=\"image\/jpeg\" \/>\n<meta name=\"author\" content=\"admin\" \/>\n<meta name=\"twitter:card\" content=\"summary_large_image\" \/>\n<meta name=\"twitter:label1\" content=\"Escrito por\" \/>\n\t<meta name=\"twitter:data1\" content=\"admin\" \/>\n\t<meta name=\"twitter:label2\" content=\"Tiempo de lectura\" \/>\n\t<meta name=\"twitter:data2\" content=\"1 minuto\" \/>\n<script type=\"application\/ld+json\" class=\"yoast-schema-graph\">{\"@context\":\"https:\\\/\\\/schema.org\",\"@graph\":[{\"@type\":\"Article\",\"@id\":\"https:\\\/\\\/www.eldiariodetucuman.com\\\/web\\\/no-jueguen-con-la-gente\\\/#article\",\"isPartOf\":{\"@id\":\"https:\\\/\\\/www.eldiariodetucuman.com\\\/web\\\/no-jueguen-con-la-gente\\\/\"},\"author\":{\"name\":\"admin\",\"@id\":\"https:\\\/\\\/www.eldiariodetucuman.com\\\/web\\\/#\\\/schema\\\/person\\\/9250197d75ab5483412e19678b121caa\"},\"headline\":\"\u00abNo jueguen con la gente\u00bb\",\"datePublished\":\"2018-02-21T15:34:44+00:00\",\"dateModified\":\"2018-02-21T15:34:45+00:00\",\"mainEntityOfPage\":{\"@id\":\"https:\\\/\\\/www.eldiariodetucuman.com\\\/web\\\/no-jueguen-con-la-gente\\\/\"},\"wordCount\":194,\"commentCount\":0,\"publisher\":{\"@id\":\"https:\\\/\\\/www.eldiariodetucuman.com\\\/web\\\/#organization\"},\"image\":{\"@id\":\"https:\\\/\\\/www.eldiariodetucuman.com\\\/web\\\/no-jueguen-con-la-gente\\\/#primaryimage\"},\"thumbnailUrl\":\"https:\\\/\\\/www.eldiariodetucuman.com\\\/web\\\/wp-content\\\/uploads\\\/2018\\\/02\\\/465f308db8b9c69c41b6f7d5e5b399ce.jpeg\",\"articleSection\":[\"Deporte\"],\"inLanguage\":\"es\",\"potentialAction\":[{\"@type\":\"CommentAction\",\"name\":\"Comment\",\"target\":[\"https:\\\/\\\/www.eldiariodetucuman.com\\\/web\\\/no-jueguen-con-la-gente\\\/#respond\"]}]},{\"@type\":\"WebPage\",\"@id\":\"https:\\\/\\\/www.eldiariodetucuman.com\\\/web\\\/no-jueguen-con-la-gente\\\/\",\"url\":\"https:\\\/\\\/www.eldiariodetucuman.com\\\/web\\\/no-jueguen-con-la-gente\\\/\",\"name\":\"\\\"No jueguen con la gente\\\" - El Diario de Tucuman\",\"isPartOf\":{\"@id\":\"https:\\\/\\\/www.eldiariodetucuman.com\\\/web\\\/#website\"},\"primaryImageOfPage\":{\"@id\":\"https:\\\/\\\/www.eldiariodetucuman.com\\\/web\\\/no-jueguen-con-la-gente\\\/#primaryimage\"},\"image\":{\"@id\":\"https:\\\/\\\/www.eldiariodetucuman.com\\\/web\\\/no-jueguen-con-la-gente\\\/#primaryimage\"},\"thumbnailUrl\":\"https:\\\/\\\/www.eldiariodetucuman.com\\\/web\\\/wp-content\\\/uploads\\\/2018\\\/02\\\/465f308db8b9c69c41b6f7d5e5b399ce.jpeg\",\"datePublished\":\"2018-02-21T15:34:44+00:00\",\"dateModified\":\"2018-02-21T15:34:45+00:00\",\"breadcrumb\":{\"@id\":\"https:\\\/\\\/www.eldiariodetucuman.com\\\/web\\\/no-jueguen-con-la-gente\\\/#breadcrumb\"},\"inLanguage\":\"es\",\"potentialAction\":[{\"@type\":\"ReadAction\",\"target\":[\"https:\\\/\\\/www.eldiariodetucuman.com\\\/web\\\/no-jueguen-con-la-gente\\\/\"]}]},{\"@type\":\"ImageObject\",\"inLanguage\":\"es\",\"@id\":\"https:\\\/\\\/www.eldiariodetucuman.com\\\/web\\\/no-jueguen-con-la-gente\\\/#primaryimage\",\"url\":\"https:\\\/\\\/www.eldiariodetucuman.com\\\/web\\\/wp-content\\\/uploads\\\/2018\\\/02\\\/465f308db8b9c69c41b6f7d5e5b399ce.jpeg\",\"contentUrl\":\"https:\\\/\\\/www.eldiariodetucuman.com\\\/web\\\/wp-content\\\/uploads\\\/2018\\\/02\\\/465f308db8b9c69c41b6f7d5e5b399ce.jpeg\",\"width\":660,\"height\":385},{\"@type\":\"BreadcrumbList\",\"@id\":\"https:\\\/\\\/www.eldiariodetucuman.com\\\/web\\\/no-jueguen-con-la-gente\\\/#breadcrumb\",\"itemListElement\":[{\"@type\":\"ListItem\",\"position\":1,\"name\":\"Portada\",\"item\":\"https:\\\/\\\/www.eldiariodetucuman.com\\\/web\\\/\"},{\"@type\":\"ListItem\",\"position\":2,\"name\":\"\u00abNo jueguen con la gente\u00bb\"}]},{\"@type\":\"WebSite\",\"@id\":\"https:\\\/\\\/www.eldiariodetucuman.com\\\/web\\\/#website\",\"url\":\"https:\\\/\\\/www.eldiariodetucuman.com\\\/web\\\/\",\"name\":\"El Diario de Tucuman\",\"description\":\"Diario Tucuman - Informaci\u00f3n y noticias\",\"publisher\":{\"@id\":\"https:\\\/\\\/www.eldiariodetucuman.com\\\/web\\\/#organization\"},\"potentialAction\":[{\"@type\":\"SearchAction\",\"target\":{\"@type\":\"EntryPoint\",\"urlTemplate\":\"https:\\\/\\\/www.eldiariodetucuman.com\\\/web\\\/?s={search_term_string}\"},\"query-input\":{\"@type\":\"PropertyValueSpecification\",\"valueRequired\":true,\"valueName\":\"search_term_string\"}}],\"inLanguage\":\"es\"},{\"@type\":\"Organization\",\"@id\":\"https:\\\/\\\/www.eldiariodetucuman.com\\\/web\\\/#organization\",\"name\":\"El Diario de Tucuman\",\"url\":\"https:\\\/\\\/www.eldiariodetucuman.com\\\/web\\\/\",\"logo\":{\"@type\":\"ImageObject\",\"inLanguage\":\"es\",\"@id\":\"https:\\\/\\\/www.eldiariodetucuman.com\\\/web\\\/#\\\/schema\\\/logo\\\/image\\\/\",\"url\":\"http:\\\/\\\/www.eldiariodetucuman.com\\\/web\\\/wp-content\\\/uploads\\\/2017\\\/12\\\/el-diario-de-tucuman.jpg\",\"contentUrl\":\"http:\\\/\\\/www.eldiariodetucuman.com\\\/web\\\/wp-content\\\/uploads\\\/2017\\\/12\\\/el-diario-de-tucuman.jpg\",\"width\":272,\"height\":92,\"caption\":\"El Diario de Tucuman\"},\"image\":{\"@id\":\"https:\\\/\\\/www.eldiariodetucuman.com\\\/web\\\/#\\\/schema\\\/logo\\\/image\\\/\"}},{\"@type\":\"Person\",\"@id\":\"https:\\\/\\\/www.eldiariodetucuman.com\\\/web\\\/#\\\/schema\\\/person\\\/9250197d75ab5483412e19678b121caa\",\"name\":\"admin\",\"image\":{\"@type\":\"ImageObject\",\"inLanguage\":\"es\",\"@id\":\"https:\\\/\\\/secure.gravatar.com\\\/avatar\\\/c44d117c2be811212c22cb481f6b8384b6873de103fbc49e7a03cc58d7dea4ac?s=96&d=mm&r=g\",\"url\":\"https:\\\/\\\/secure.gravatar.com\\\/avatar\\\/c44d117c2be811212c22cb481f6b8384b6873de103fbc49e7a03cc58d7dea4ac?s=96&d=mm&r=g\",\"contentUrl\":\"https:\\\/\\\/secure.gravatar.com\\\/avatar\\\/c44d117c2be811212c22cb481f6b8384b6873de103fbc49e7a03cc58d7dea4ac?s=96&d=mm&r=g\",\"caption\":\"admin\"},\"url\":\"https:\\\/\\\/www.eldiariodetucuman.com\\\/web\\\/author\\\/admin\\\/\"}]}<\/script>\n<!-- \/ Yoast SEO plugin. -->","yoast_head_json":{"title":"\"No jueguen con la gente\" - El Diario de Tucuman","robots":{"index":"index","follow":"follow","max-snippet":"max-snippet:-1","max-image-preview":"max-image-preview:large","max-video-preview":"max-video-preview:-1"},"canonical":"https:\/\/www.eldiariodetucuman.com\/web\/no-jueguen-con-la-gente\/","og_locale":"es_ES","og_type":"article","og_title":"\"No jueguen con la gente\" - El Diario de Tucuman","og_description":"Relacionadas Una serie de pintadas intimidatorias aparecieron este mi\u00e9rcoles en las inmediaciones\u00a0del predio\u00a0donde se entrena el plantel de Uni\u00f3n de Santa Fe, con la advertencia a la dirigencia de\u00a0que tendr\u00e1 la\u00a0\u00a0\u00abultima oportunidad\u00bb\u00a0en el pr\u00f3ximo cl\u00e1sico ante Col\u00f3n. El predio de Uni\u00f3n amaneci\u00f3 pintado con amenazas. (foto: @FM967Santafe) Las amenazas\u00a0fueron pintadas\u00a0en una garita situada a metros [&hellip;]","og_url":"https:\/\/www.eldiariodetucuman.com\/web\/no-jueguen-con-la-gente\/","og_site_name":"El Diario de Tucuman","article_published_time":"2018-02-21T15:34:44+00:00","article_modified_time":"2018-02-21T15:34:45+00:00","og_image":[{"width":660,"height":385,"url":"https:\/\/www.eldiariodetucuman.com\/web\/wp-content\/uploads\/2018\/02\/465f308db8b9c69c41b6f7d5e5b399ce.jpeg","type":"image\/jpeg"}],"author":"admin","twitter_card":"summary_large_image","twitter_misc":{"Escrito por":"admin","Tiempo de lectura":"1 minuto"},"schema":{"@context":"https:\/\/schema.org","@graph":[{"@type":"Article","@id":"https:\/\/www.eldiariodetucuman.com\/web\/no-jueguen-con-la-gente\/#article","isPartOf":{"@id":"https:\/\/www.eldiariodetucuman.com\/web\/no-jueguen-con-la-gente\/"},"author":{"name":"admin","@id":"https:\/\/www.eldiariodetucuman.com\/web\/#\/schema\/person\/9250197d75ab5483412e19678b121caa"},"headline":"\u00abNo jueguen con la gente\u00bb","datePublished":"2018-02-21T15:34:44+00:00","dateModified":"2018-02-21T15:34:45+00:00","mainEntityOfPage":{"@id":"https:\/\/www.eldiariodetucuman.com\/web\/no-jueguen-con-la-gente\/"},"wordCount":194,"commentCount":0,"publisher":{"@id":"https:\/\/www.eldiariodetucuman.com\/web\/#organization"},"image":{"@id":"https:\/\/www.eldiariodetucuman.com\/web\/no-jueguen-con-la-gente\/#primaryimage"},"thumbnailUrl":"https:\/\/www.eldiariodetucuman.com\/web\/wp-content\/uploads\/2018\/02\/465f308db8b9c69c41b6f7d5e5b399ce.jpeg","articleSection":["Deporte"],"inLanguage":"es","potentialAction":[{"@type":"CommentAction","name":"Comment","target":["https:\/\/www.eldiariodetucuman.com\/web\/no-jueguen-con-la-gente\/#respond"]}]},{"@type":"WebPage","@id":"https:\/\/www.eldiariodetucuman.com\/web\/no-jueguen-con-la-gente\/","url":"https:\/\/www.eldiariodetucuman.com\/web\/no-jueguen-con-la-gente\/","name":"\"No jueguen con la gente\" - El Diario de Tucuman","isPartOf":{"@id":"https:\/\/www.eldiariodetucuman.com\/web\/#website"},"primaryImageOfPage":{"@id":"https:\/\/www.eldiariodetucuman.com\/web\/no-jueguen-con-la-gente\/#primaryimage"},"image":{"@id":"https:\/\/www.eldiariodetucuman.com\/web\/no-jueguen-con-la-gente\/#primaryimage"},"thumbnailUrl":"https:\/\/www.eldiariodetucuman.com\/web\/wp-content\/uploads\/2018\/02\/465f308db8b9c69c41b6f7d5e5b399ce.jpeg","datePublished":"2018-02-21T15:34:44+00:00","dateModified":"2018-02-21T15:34:45+00:00","breadcrumb":{"@id":"https:\/\/www.eldiariodetucuman.com\/web\/no-jueguen-con-la-gente\/#breadcrumb"},"inLanguage":"es","potentialAction":[{"@type":"ReadAction","target":["https:\/\/www.eldiariodetucuman.com\/web\/no-jueguen-con-la-gente\/"]}]},{"@type":"ImageObject","inLanguage":"es","@id":"https:\/\/www.eldiariodetucuman.com\/web\/no-jueguen-con-la-gente\/#primaryimage","url":"https:\/\/www.eldiariodetucuman.com\/web\/wp-content\/uploads\/2018\/02\/465f308db8b9c69c41b6f7d5e5b399ce.jpeg","contentUrl":"https:\/\/www.eldiariodetucuman.com\/web\/wp-content\/uploads\/2018\/02\/465f308db8b9c69c41b6f7d5e5b399ce.jpeg","width":660,"height":385},{"@type":"BreadcrumbList","@id":"https:\/\/www.eldiariodetucuman.com\/web\/no-jueguen-con-la-gente\/#breadcrumb","itemListElement":[{"@type":"ListItem","position":1,"name":"Portada","item":"https:\/\/www.eldiariodetucuman.com\/web\/"},{"@type":"ListItem","position":2,"name":"\u00abNo jueguen con la gente\u00bb"}]},{"@type":"WebSite","@id":"https:\/\/www.eldiariodetucuman.com\/web\/#website","url":"https:\/\/www.eldiariodetucuman.com\/web\/","name":"El Diario de Tucuman","description":"Diario Tucuman - Informaci\u00f3n y noticias","publisher":{"@id":"https:\/\/www.eldiariodetucuman.com\/web\/#organization"},"potentialAction":[{"@type":"SearchAction","target":{"@type":"EntryPoint","urlTemplate":"https:\/\/www.eldiariodetucuman.com\/web\/?s={search_term_string}"},"query-input":{"@type":"PropertyValueSpecification","valueRequired":true,"valueName":"search_term_string"}}],"inLanguage":"es"},{"@type":"Organization","@id":"https:\/\/www.eldiariodetucuman.com\/web\/#organization","name":"El Diario de Tucuman","url":"https:\/\/www.eldiariodetucuman.com\/web\/","logo":{"@type":"ImageObject","inLanguage":"es","@id":"https:\/\/www.eldiariodetucuman.com\/web\/#\/schema\/logo\/image\/","url":"http:\/\/www.eldiariodetucuman.com\/web\/wp-content\/uploads\/2017\/12\/el-diario-de-tucuman.jpg","contentUrl":"http:\/\/www.eldiariodetucuman.com\/web\/wp-content\/uploads\/2017\/12\/el-diario-de-tucuman.jpg","width":272,"height":92,"caption":"El Diario de Tucuman"},"image":{"@id":"https:\/\/www.eldiariodetucuman.com\/web\/#\/schema\/logo\/image\/"}},{"@type":"Person","@id":"https:\/\/www.eldiariodetucuman.com\/web\/#\/schema\/person\/9250197d75ab5483412e19678b121caa","name":"admin","image":{"@type":"ImageObject","inLanguage":"es","@id":"https:\/\/secure.gravatar.com\/avatar\/c44d117c2be811212c22cb481f6b8384b6873de103fbc49e7a03cc58d7dea4ac?s=96&d=mm&r=g","url":"https:\/\/secure.gravatar.com\/avatar\/c44d117c2be811212c22cb481f6b8384b6873de103fbc49e7a03cc58d7dea4ac?s=96&d=mm&r=g","contentUrl":"https:\/\/secure.gravatar.com\/avatar\/c44d117c2be811212c22cb481f6b8384b6873de103fbc49e7a03cc58d7dea4ac?s=96&d=mm&r=g","caption":"admin"},"url":"https:\/\/www.eldiariodetucuman.com\/web\/author\/admin\/"}]}},"_links":{"self":[{"href":"https:\/\/www.eldiariodetucuman.com\/web\/wp-json\/wp\/v2\/posts\/5665","targetHints":{"allow":["GET"]}}],"collection":[{"href":"https:\/\/www.eldiariodetucuman.com\/web\/wp-json\/wp\/v2\/posts"}],"about":[{"href":"https:\/\/www.eldiariodetucuman.com\/web\/wp-json\/wp\/v2\/types\/post"}],"author":[{"embeddable":true,"href":"https:\/\/www.eldiariodetucuman.com\/web\/wp-json\/wp\/v2\/users\/1"}],"replies":[{"embeddable":true,"href":"https:\/\/www.eldiariodetucuman.com\/web\/wp-json\/wp\/v2\/comments?post=5665"}],"version-history":[{"count":1,"href":"https:\/\/www.eldiariodetucuman.com\/web\/wp-json\/wp\/v2\/posts\/5665\/revisions"}],"predecessor-version":[{"id":5667,"href":"https:\/\/www.eldiariodetucuman.com\/web\/wp-json\/wp\/v2\/posts\/5665\/revisions\/5667"}],"wp:featuredmedia":[{"embeddable":true,"href":"https:\/\/www.eldiariodetucuman.com\/web\/wp-json\/wp\/v2\/media\/5666"}],"wp:attachment":[{"href":"https:\/\/www.eldiariodetucuman.com\/web\/wp-json\/wp\/v2\/media?parent=5665"}],"wp:term":[{"taxonomy":"category","embeddable":true,"href":"https:\/\/www.eldiariodetucuman.com\/web\/wp-json\/wp\/v2\/categories?post=5665"},{"taxonomy":"post_tag","embeddable":true,"href":"https:\/\/www.eldiariodetucuman.com\/web\/wp-json\/wp\/v2\/tags?post=5665"}],"curies":[{"name":"wp","href":"https:\/\/api.w.org\/{rel}","templated":true}]}}