{"id":5659,"date":"2018-02-21T12:15:49","date_gmt":"2018-02-21T15:15:49","guid":{"rendered":"http:\/\/www.eldiariodetucuman.com\/web\/increible-un-alud-de-basura-mato-a-17-personas-en-mozambique\/"},"modified":"2018-02-21T12:15:52","modified_gmt":"2018-02-21T15:15:52","slug":"increible-un-alud-de-basura-mato-a-17-personas-en-mozambique","status":"publish","type":"post","link":"https:\/\/www.eldiariodetucuman.com\/web\/increible-un-alud-de-basura-mato-a-17-personas-en-mozambique\/","title":{"rendered":"Incre\u00edble: un alud de basura mat\u00f3 a 17 personas en Mozambique"},"content":{"rendered":"<div>\n<div readability=\"64\">\n<p>Al menos 17 personas murieron en la capital de Mozambique tras una avalancha de basura producida por fuertes lluvias sobre el mayor basural de la naci\u00f3n africana, inform\u00f3 el Servicio Nacional de Salvamento P\u00fablico.<\/p>\n<p>Las v\u00edctimas resid\u00edan al lado del vertedero de Hulene, en la capital, Maputo, cuando fueron sorprendidas ayer por el alud de toneladas de residuos s\u00f3lidos, inform\u00f3 la agencia de noticias T\u00e9lam.<\/p>\n<p><img decoding=\"async\" src=\"https:\/\/img.lagaceta.com.ar\/fotos\/notas\/2018\/02\/21\/tmb1_762044_20180221115901.jpg\" border=\"0\"><\/p>\n<p>Las autoridades de Mozambique informaron que segu\u00edan en curso las tareas de b\u00fasqueda de m\u00e1s v\u00edctimas, en medio de indicios de que m\u00e1s personas viv\u00edan en la zona donde se produjo el corrimiento.<\/p>\n<p>En los \u00faltimos a\u00f1os se han erigido miles de viviendas informales en los alrededores del dep\u00f3sito, el mayor de la ex colonia portuguesa y que no cuenta con un muro de contenci\u00f3n que lo separe del \u00e1rea residencial.<\/p>\n<p><img decoding=\"async\" src=\"https:\/\/img.lagaceta.com.ar\/fotos\/notas\/2018\/02\/21\/tmb1_762044_20180221115847.jpg\" border=\"0\"><\/p>\n<p>El vertedero de Hulene, abierto hace menos de 40 a\u00f1os y que almacena los desechos dom\u00e9sticos, industriales y sanitarios de Maputo, cubre unas 12 hect\u00e1reas y los residuos acumulados alcanzan una altura equivalente a la de un edificio de dos pisos.<\/p>\n<p>En 2009, la municipalidad de la capital mozambique\u00f1a decidi\u00f3 cerrarlo y trasladar la basura a otro vertedero a las afueras del \u00e1rea urbana, pero la falta de fondos lo ha impedido hasta el momento.\u00a0<\/p>\n<p><img decoding=\"async\" src=\"https:\/\/img.lagaceta.com.ar\/fotos\/notas\/2018\/02\/21\/tmb1_762044_20180221115836.jpg\" border=\"0\"><\/p>\n<\/p><\/div>\n<\/div>\n<p>Fuente: http:\/\/www.lagaceta.com.ar\/nota\/762044\/actualidad\/increible-alud-basura-mato-17-personas-mozambique.html<\/p>\n","protected":false},"excerpt":{"rendered":"<p>Al menos 17 personas murieron en la capital de Mozambique tras una avalancha de basura producida por fuertes lluvias sobre el mayor basural de la naci\u00f3n africana, inform\u00f3 el Servicio Nacional de Salvamento P\u00fablico. Las v\u00edctimas resid\u00edan al lado del vertedero de Hulene, en la capital, Maputo, cuando fueron sorprendidas ayer por el alud de [&hellip;]<\/p>\n","protected":false},"author":1,"featured_media":5660,"comment_status":"open","ping_status":"closed","sticky":false,"template":"","format":"standard","meta":{"footnotes":""},"categories":[1],"tags":[],"class_list":{"0":"post-5659","1":"post","2":"type-post","3":"status-publish","4":"format-standard","5":"has-post-thumbnail","7":"category-portada"},"yoast_head":"<!-- This site is optimized with the Yoast SEO plugin v27.5 - https:\/\/yoast.com\/product\/yoast-seo-wordpress\/ -->\n<title>Incre\u00edble: un alud de basura mat\u00f3 a 17 personas en Mozambique - El Diario de Tucuman<\/title>\n<meta name=\"robots\" content=\"index, follow, max-snippet:-1, max-image-preview:large, max-video-preview:-1\" \/>\n<link rel=\"canonical\" href=\"https:\/\/www.eldiariodetucuman.com\/web\/increible-un-alud-de-basura-mato-a-17-personas-en-mozambique\/\" \/>\n<meta property=\"og:locale\" content=\"es_ES\" \/>\n<meta property=\"og:type\" content=\"article\" \/>\n<meta property=\"og:title\" content=\"Incre\u00edble: un alud de basura mat\u00f3 a 17 personas en Mozambique - El Diario de Tucuman\" \/>\n<meta property=\"og:description\" content=\"Al menos 17 personas murieron en la capital de Mozambique tras una avalancha de basura producida por fuertes lluvias sobre el mayor basural de la naci\u00f3n africana, inform\u00f3 el Servicio Nacional de Salvamento P\u00fablico. Las v\u00edctimas resid\u00edan al lado del vertedero de Hulene, en la capital, Maputo, cuando fueron sorprendidas ayer por el alud de [&hellip;]\" \/>\n<meta property=\"og:url\" content=\"https:\/\/www.eldiariodetucuman.com\/web\/increible-un-alud-de-basura-mato-a-17-personas-en-mozambique\/\" \/>\n<meta property=\"og:site_name\" content=\"El Diario de Tucuman\" \/>\n<meta property=\"article:published_time\" content=\"2018-02-21T15:15:49+00:00\" \/>\n<meta property=\"article:modified_time\" content=\"2018-02-21T15:15:52+00:00\" \/>\n<meta property=\"og:image\" content=\"https:\/\/www.eldiariodetucuman.com\/web\/wp-content\/uploads\/2018\/02\/1fcd19abf5009bf122535f5fe62f895b.jpeg\" \/>\n\t<meta property=\"og:image:width\" content=\"1500\" \/>\n\t<meta property=\"og:image:height\" content=\"850\" \/>\n\t<meta property=\"og:image:type\" content=\"image\/jpeg\" \/>\n<meta name=\"author\" content=\"admin\" \/>\n<meta name=\"twitter:card\" content=\"summary_large_image\" \/>\n<meta name=\"twitter:label1\" content=\"Escrito por\" \/>\n\t<meta name=\"twitter:data1\" content=\"admin\" \/>\n\t<meta name=\"twitter:label2\" content=\"Tiempo de lectura\" \/>\n\t<meta name=\"twitter:data2\" content=\"1 minuto\" \/>\n<script type=\"application\/ld+json\" class=\"yoast-schema-graph\">{\"@context\":\"https:\\\/\\\/schema.org\",\"@graph\":[{\"@type\":\"Article\",\"@id\":\"https:\\\/\\\/www.eldiariodetucuman.com\\\/web\\\/increible-un-alud-de-basura-mato-a-17-personas-en-mozambique\\\/#article\",\"isPartOf\":{\"@id\":\"https:\\\/\\\/www.eldiariodetucuman.com\\\/web\\\/increible-un-alud-de-basura-mato-a-17-personas-en-mozambique\\\/\"},\"author\":{\"name\":\"admin\",\"@id\":\"https:\\\/\\\/www.eldiariodetucuman.com\\\/web\\\/#\\\/schema\\\/person\\\/9250197d75ab5483412e19678b121caa\"},\"headline\":\"Incre\u00edble: un alud de basura mat\u00f3 a 17 personas en Mozambique\",\"datePublished\":\"2018-02-21T15:15:49+00:00\",\"dateModified\":\"2018-02-21T15:15:52+00:00\",\"mainEntityOfPage\":{\"@id\":\"https:\\\/\\\/www.eldiariodetucuman.com\\\/web\\\/increible-un-alud-de-basura-mato-a-17-personas-en-mozambique\\\/\"},\"wordCount\":248,\"commentCount\":0,\"publisher\":{\"@id\":\"https:\\\/\\\/www.eldiariodetucuman.com\\\/web\\\/#organization\"},\"image\":{\"@id\":\"https:\\\/\\\/www.eldiariodetucuman.com\\\/web\\\/increible-un-alud-de-basura-mato-a-17-personas-en-mozambique\\\/#primaryimage\"},\"thumbnailUrl\":\"https:\\\/\\\/www.eldiariodetucuman.com\\\/web\\\/wp-content\\\/uploads\\\/2018\\\/02\\\/1fcd19abf5009bf122535f5fe62f895b.jpeg\",\"articleSection\":[\"Portada\"],\"inLanguage\":\"es\",\"potentialAction\":[{\"@type\":\"CommentAction\",\"name\":\"Comment\",\"target\":[\"https:\\\/\\\/www.eldiariodetucuman.com\\\/web\\\/increible-un-alud-de-basura-mato-a-17-personas-en-mozambique\\\/#respond\"]}]},{\"@type\":\"WebPage\",\"@id\":\"https:\\\/\\\/www.eldiariodetucuman.com\\\/web\\\/increible-un-alud-de-basura-mato-a-17-personas-en-mozambique\\\/\",\"url\":\"https:\\\/\\\/www.eldiariodetucuman.com\\\/web\\\/increible-un-alud-de-basura-mato-a-17-personas-en-mozambique\\\/\",\"name\":\"Incre\u00edble: un alud de basura mat\u00f3 a 17 personas en Mozambique - El Diario de Tucuman\",\"isPartOf\":{\"@id\":\"https:\\\/\\\/www.eldiariodetucuman.com\\\/web\\\/#website\"},\"primaryImageOfPage\":{\"@id\":\"https:\\\/\\\/www.eldiariodetucuman.com\\\/web\\\/increible-un-alud-de-basura-mato-a-17-personas-en-mozambique\\\/#primaryimage\"},\"image\":{\"@id\":\"https:\\\/\\\/www.eldiariodetucuman.com\\\/web\\\/increible-un-alud-de-basura-mato-a-17-personas-en-mozambique\\\/#primaryimage\"},\"thumbnailUrl\":\"https:\\\/\\\/www.eldiariodetucuman.com\\\/web\\\/wp-content\\\/uploads\\\/2018\\\/02\\\/1fcd19abf5009bf122535f5fe62f895b.jpeg\",\"datePublished\":\"2018-02-21T15:15:49+00:00\",\"dateModified\":\"2018-02-21T15:15:52+00:00\",\"breadcrumb\":{\"@id\":\"https:\\\/\\\/www.eldiariodetucuman.com\\\/web\\\/increible-un-alud-de-basura-mato-a-17-personas-en-mozambique\\\/#breadcrumb\"},\"inLanguage\":\"es\",\"potentialAction\":[{\"@type\":\"ReadAction\",\"target\":[\"https:\\\/\\\/www.eldiariodetucuman.com\\\/web\\\/increible-un-alud-de-basura-mato-a-17-personas-en-mozambique\\\/\"]}]},{\"@type\":\"ImageObject\",\"inLanguage\":\"es\",\"@id\":\"https:\\\/\\\/www.eldiariodetucuman.com\\\/web\\\/increible-un-alud-de-basura-mato-a-17-personas-en-mozambique\\\/#primaryimage\",\"url\":\"https:\\\/\\\/www.eldiariodetucuman.com\\\/web\\\/wp-content\\\/uploads\\\/2018\\\/02\\\/1fcd19abf5009bf122535f5fe62f895b.jpeg\",\"contentUrl\":\"https:\\\/\\\/www.eldiariodetucuman.com\\\/web\\\/wp-content\\\/uploads\\\/2018\\\/02\\\/1fcd19abf5009bf122535f5fe62f895b.jpeg\",\"width\":1500,\"height\":850},{\"@type\":\"BreadcrumbList\",\"@id\":\"https:\\\/\\\/www.eldiariodetucuman.com\\\/web\\\/increible-un-alud-de-basura-mato-a-17-personas-en-mozambique\\\/#breadcrumb\",\"itemListElement\":[{\"@type\":\"ListItem\",\"position\":1,\"name\":\"Portada\",\"item\":\"https:\\\/\\\/www.eldiariodetucuman.com\\\/web\\\/\"},{\"@type\":\"ListItem\",\"position\":2,\"name\":\"Incre\u00edble: un alud de basura mat\u00f3 a 17 personas en Mozambique\"}]},{\"@type\":\"WebSite\",\"@id\":\"https:\\\/\\\/www.eldiariodetucuman.com\\\/web\\\/#website\",\"url\":\"https:\\\/\\\/www.eldiariodetucuman.com\\\/web\\\/\",\"name\":\"El Diario de Tucuman\",\"description\":\"Diario Tucuman - Informaci\u00f3n y noticias\",\"publisher\":{\"@id\":\"https:\\\/\\\/www.eldiariodetucuman.com\\\/web\\\/#organization\"},\"potentialAction\":[{\"@type\":\"SearchAction\",\"target\":{\"@type\":\"EntryPoint\",\"urlTemplate\":\"https:\\\/\\\/www.eldiariodetucuman.com\\\/web\\\/?s={search_term_string}\"},\"query-input\":{\"@type\":\"PropertyValueSpecification\",\"valueRequired\":true,\"valueName\":\"search_term_string\"}}],\"inLanguage\":\"es\"},{\"@type\":\"Organization\",\"@id\":\"https:\\\/\\\/www.eldiariodetucuman.com\\\/web\\\/#organization\",\"name\":\"El Diario de Tucuman\",\"url\":\"https:\\\/\\\/www.eldiariodetucuman.com\\\/web\\\/\",\"logo\":{\"@type\":\"ImageObject\",\"inLanguage\":\"es\",\"@id\":\"https:\\\/\\\/www.eldiariodetucuman.com\\\/web\\\/#\\\/schema\\\/logo\\\/image\\\/\",\"url\":\"http:\\\/\\\/www.eldiariodetucuman.com\\\/web\\\/wp-content\\\/uploads\\\/2017\\\/12\\\/el-diario-de-tucuman.jpg\",\"contentUrl\":\"http:\\\/\\\/www.eldiariodetucuman.com\\\/web\\\/wp-content\\\/uploads\\\/2017\\\/12\\\/el-diario-de-tucuman.jpg\",\"width\":272,\"height\":92,\"caption\":\"El Diario de Tucuman\"},\"image\":{\"@id\":\"https:\\\/\\\/www.eldiariodetucuman.com\\\/web\\\/#\\\/schema\\\/logo\\\/image\\\/\"}},{\"@type\":\"Person\",\"@id\":\"https:\\\/\\\/www.eldiariodetucuman.com\\\/web\\\/#\\\/schema\\\/person\\\/9250197d75ab5483412e19678b121caa\",\"name\":\"admin\",\"image\":{\"@type\":\"ImageObject\",\"inLanguage\":\"es\",\"@id\":\"https:\\\/\\\/secure.gravatar.com\\\/avatar\\\/c44d117c2be811212c22cb481f6b8384b6873de103fbc49e7a03cc58d7dea4ac?s=96&d=mm&r=g\",\"url\":\"https:\\\/\\\/secure.gravatar.com\\\/avatar\\\/c44d117c2be811212c22cb481f6b8384b6873de103fbc49e7a03cc58d7dea4ac?s=96&d=mm&r=g\",\"contentUrl\":\"https:\\\/\\\/secure.gravatar.com\\\/avatar\\\/c44d117c2be811212c22cb481f6b8384b6873de103fbc49e7a03cc58d7dea4ac?s=96&d=mm&r=g\",\"caption\":\"admin\"},\"url\":\"https:\\\/\\\/www.eldiariodetucuman.com\\\/web\\\/author\\\/admin\\\/\"}]}<\/script>\n<!-- \/ Yoast SEO plugin. -->","yoast_head_json":{"title":"Incre\u00edble: un alud de basura mat\u00f3 a 17 personas en Mozambique - El Diario de Tucuman","robots":{"index":"index","follow":"follow","max-snippet":"max-snippet:-1","max-image-preview":"max-image-preview:large","max-video-preview":"max-video-preview:-1"},"canonical":"https:\/\/www.eldiariodetucuman.com\/web\/increible-un-alud-de-basura-mato-a-17-personas-en-mozambique\/","og_locale":"es_ES","og_type":"article","og_title":"Incre\u00edble: un alud de basura mat\u00f3 a 17 personas en Mozambique - El Diario de Tucuman","og_description":"Al menos 17 personas murieron en la capital de Mozambique tras una avalancha de basura producida por fuertes lluvias sobre el mayor basural de la naci\u00f3n africana, inform\u00f3 el Servicio Nacional de Salvamento P\u00fablico. Las v\u00edctimas resid\u00edan al lado del vertedero de Hulene, en la capital, Maputo, cuando fueron sorprendidas ayer por el alud de [&hellip;]","og_url":"https:\/\/www.eldiariodetucuman.com\/web\/increible-un-alud-de-basura-mato-a-17-personas-en-mozambique\/","og_site_name":"El Diario de Tucuman","article_published_time":"2018-02-21T15:15:49+00:00","article_modified_time":"2018-02-21T15:15:52+00:00","og_image":[{"width":1500,"height":850,"url":"https:\/\/www.eldiariodetucuman.com\/web\/wp-content\/uploads\/2018\/02\/1fcd19abf5009bf122535f5fe62f895b.jpeg","type":"image\/jpeg"}],"author":"admin","twitter_card":"summary_large_image","twitter_misc":{"Escrito por":"admin","Tiempo de lectura":"1 minuto"},"schema":{"@context":"https:\/\/schema.org","@graph":[{"@type":"Article","@id":"https:\/\/www.eldiariodetucuman.com\/web\/increible-un-alud-de-basura-mato-a-17-personas-en-mozambique\/#article","isPartOf":{"@id":"https:\/\/www.eldiariodetucuman.com\/web\/increible-un-alud-de-basura-mato-a-17-personas-en-mozambique\/"},"author":{"name":"admin","@id":"https:\/\/www.eldiariodetucuman.com\/web\/#\/schema\/person\/9250197d75ab5483412e19678b121caa"},"headline":"Incre\u00edble: un alud de basura mat\u00f3 a 17 personas en Mozambique","datePublished":"2018-02-21T15:15:49+00:00","dateModified":"2018-02-21T15:15:52+00:00","mainEntityOfPage":{"@id":"https:\/\/www.eldiariodetucuman.com\/web\/increible-un-alud-de-basura-mato-a-17-personas-en-mozambique\/"},"wordCount":248,"commentCount":0,"publisher":{"@id":"https:\/\/www.eldiariodetucuman.com\/web\/#organization"},"image":{"@id":"https:\/\/www.eldiariodetucuman.com\/web\/increible-un-alud-de-basura-mato-a-17-personas-en-mozambique\/#primaryimage"},"thumbnailUrl":"https:\/\/www.eldiariodetucuman.com\/web\/wp-content\/uploads\/2018\/02\/1fcd19abf5009bf122535f5fe62f895b.jpeg","articleSection":["Portada"],"inLanguage":"es","potentialAction":[{"@type":"CommentAction","name":"Comment","target":["https:\/\/www.eldiariodetucuman.com\/web\/increible-un-alud-de-basura-mato-a-17-personas-en-mozambique\/#respond"]}]},{"@type":"WebPage","@id":"https:\/\/www.eldiariodetucuman.com\/web\/increible-un-alud-de-basura-mato-a-17-personas-en-mozambique\/","url":"https:\/\/www.eldiariodetucuman.com\/web\/increible-un-alud-de-basura-mato-a-17-personas-en-mozambique\/","name":"Incre\u00edble: un alud de basura mat\u00f3 a 17 personas en Mozambique - El Diario de Tucuman","isPartOf":{"@id":"https:\/\/www.eldiariodetucuman.com\/web\/#website"},"primaryImageOfPage":{"@id":"https:\/\/www.eldiariodetucuman.com\/web\/increible-un-alud-de-basura-mato-a-17-personas-en-mozambique\/#primaryimage"},"image":{"@id":"https:\/\/www.eldiariodetucuman.com\/web\/increible-un-alud-de-basura-mato-a-17-personas-en-mozambique\/#primaryimage"},"thumbnailUrl":"https:\/\/www.eldiariodetucuman.com\/web\/wp-content\/uploads\/2018\/02\/1fcd19abf5009bf122535f5fe62f895b.jpeg","datePublished":"2018-02-21T15:15:49+00:00","dateModified":"2018-02-21T15:15:52+00:00","breadcrumb":{"@id":"https:\/\/www.eldiariodetucuman.com\/web\/increible-un-alud-de-basura-mato-a-17-personas-en-mozambique\/#breadcrumb"},"inLanguage":"es","potentialAction":[{"@type":"ReadAction","target":["https:\/\/www.eldiariodetucuman.com\/web\/increible-un-alud-de-basura-mato-a-17-personas-en-mozambique\/"]}]},{"@type":"ImageObject","inLanguage":"es","@id":"https:\/\/www.eldiariodetucuman.com\/web\/increible-un-alud-de-basura-mato-a-17-personas-en-mozambique\/#primaryimage","url":"https:\/\/www.eldiariodetucuman.com\/web\/wp-content\/uploads\/2018\/02\/1fcd19abf5009bf122535f5fe62f895b.jpeg","contentUrl":"https:\/\/www.eldiariodetucuman.com\/web\/wp-content\/uploads\/2018\/02\/1fcd19abf5009bf122535f5fe62f895b.jpeg","width":1500,"height":850},{"@type":"BreadcrumbList","@id":"https:\/\/www.eldiariodetucuman.com\/web\/increible-un-alud-de-basura-mato-a-17-personas-en-mozambique\/#breadcrumb","itemListElement":[{"@type":"ListItem","position":1,"name":"Portada","item":"https:\/\/www.eldiariodetucuman.com\/web\/"},{"@type":"ListItem","position":2,"name":"Incre\u00edble: un alud de basura mat\u00f3 a 17 personas en Mozambique"}]},{"@type":"WebSite","@id":"https:\/\/www.eldiariodetucuman.com\/web\/#website","url":"https:\/\/www.eldiariodetucuman.com\/web\/","name":"El Diario de Tucuman","description":"Diario Tucuman - Informaci\u00f3n y noticias","publisher":{"@id":"https:\/\/www.eldiariodetucuman.com\/web\/#organization"},"potentialAction":[{"@type":"SearchAction","target":{"@type":"EntryPoint","urlTemplate":"https:\/\/www.eldiariodetucuman.com\/web\/?s={search_term_string}"},"query-input":{"@type":"PropertyValueSpecification","valueRequired":true,"valueName":"search_term_string"}}],"inLanguage":"es"},{"@type":"Organization","@id":"https:\/\/www.eldiariodetucuman.com\/web\/#organization","name":"El Diario de Tucuman","url":"https:\/\/www.eldiariodetucuman.com\/web\/","logo":{"@type":"ImageObject","inLanguage":"es","@id":"https:\/\/www.eldiariodetucuman.com\/web\/#\/schema\/logo\/image\/","url":"http:\/\/www.eldiariodetucuman.com\/web\/wp-content\/uploads\/2017\/12\/el-diario-de-tucuman.jpg","contentUrl":"http:\/\/www.eldiariodetucuman.com\/web\/wp-content\/uploads\/2017\/12\/el-diario-de-tucuman.jpg","width":272,"height":92,"caption":"El Diario de Tucuman"},"image":{"@id":"https:\/\/www.eldiariodetucuman.com\/web\/#\/schema\/logo\/image\/"}},{"@type":"Person","@id":"https:\/\/www.eldiariodetucuman.com\/web\/#\/schema\/person\/9250197d75ab5483412e19678b121caa","name":"admin","image":{"@type":"ImageObject","inLanguage":"es","@id":"https:\/\/secure.gravatar.com\/avatar\/c44d117c2be811212c22cb481f6b8384b6873de103fbc49e7a03cc58d7dea4ac?s=96&d=mm&r=g","url":"https:\/\/secure.gravatar.com\/avatar\/c44d117c2be811212c22cb481f6b8384b6873de103fbc49e7a03cc58d7dea4ac?s=96&d=mm&r=g","contentUrl":"https:\/\/secure.gravatar.com\/avatar\/c44d117c2be811212c22cb481f6b8384b6873de103fbc49e7a03cc58d7dea4ac?s=96&d=mm&r=g","caption":"admin"},"url":"https:\/\/www.eldiariodetucuman.com\/web\/author\/admin\/"}]}},"_links":{"self":[{"href":"https:\/\/www.eldiariodetucuman.com\/web\/wp-json\/wp\/v2\/posts\/5659","targetHints":{"allow":["GET"]}}],"collection":[{"href":"https:\/\/www.eldiariodetucuman.com\/web\/wp-json\/wp\/v2\/posts"}],"about":[{"href":"https:\/\/www.eldiariodetucuman.com\/web\/wp-json\/wp\/v2\/types\/post"}],"author":[{"embeddable":true,"href":"https:\/\/www.eldiariodetucuman.com\/web\/wp-json\/wp\/v2\/users\/1"}],"replies":[{"embeddable":true,"href":"https:\/\/www.eldiariodetucuman.com\/web\/wp-json\/wp\/v2\/comments?post=5659"}],"version-history":[{"count":1,"href":"https:\/\/www.eldiariodetucuman.com\/web\/wp-json\/wp\/v2\/posts\/5659\/revisions"}],"predecessor-version":[{"id":5661,"href":"https:\/\/www.eldiariodetucuman.com\/web\/wp-json\/wp\/v2\/posts\/5659\/revisions\/5661"}],"wp:featuredmedia":[{"embeddable":true,"href":"https:\/\/www.eldiariodetucuman.com\/web\/wp-json\/wp\/v2\/media\/5660"}],"wp:attachment":[{"href":"https:\/\/www.eldiariodetucuman.com\/web\/wp-json\/wp\/v2\/media?parent=5659"}],"wp:term":[{"taxonomy":"category","embeddable":true,"href":"https:\/\/www.eldiariodetucuman.com\/web\/wp-json\/wp\/v2\/categories?post=5659"},{"taxonomy":"post_tag","embeddable":true,"href":"https:\/\/www.eldiariodetucuman.com\/web\/wp-json\/wp\/v2\/tags?post=5659"}],"curies":[{"name":"wp","href":"https:\/\/api.w.org\/{rel}","templated":true}]}}