{"id":5653,"date":"2018-02-21T12:07:59","date_gmt":"2018-02-21T15:07:59","guid":{"rendered":"http:\/\/www.eldiariodetucuman.com\/web\/el-vicegobernador-encabezo-una-reunion-de-gabinete\/"},"modified":"2018-02-21T12:08:00","modified_gmt":"2018-02-21T15:08:00","slug":"el-vicegobernador-encabezo-una-reunion-de-gabinete","status":"publish","type":"post","link":"https:\/\/www.eldiariodetucuman.com\/web\/el-vicegobernador-encabezo-una-reunion-de-gabinete\/","title":{"rendered":"El\u00a0 Vicegobernador encabez\u00f3 una reuni\u00f3n de Gabinete"},"content":{"rendered":"<div>\n<div readability=\"79.5\">\n<p>El vicegobernador a cargo del Poder Ejecutivo, <strong>Osvaldo Jaldo<\/strong>, presidi\u00f3 una reuni\u00f3n informativa con funcionarios del Gabinete provincial donde hablaron de la apertura de sesiones ordinarias en la Legislatura de Tucum\u00e1n que tendr\u00e1 lugar el 1 de marzo, entre otros temas.<\/p>\n<p>Del encuentro participaron el ministro de Educaci\u00f3n, <strong>Juan Pablo Lichtmajer<\/strong>; el ministro del Interior, <strong>Miguel Acevedo<\/strong>; el ministro de Seguridad, <strong>Claudio Maley<\/strong>; el ministro de Desarrollo Social, <strong>Gabriel Yedlin<\/strong>; la ministra de Salud, <strong>Rossana Chahla<\/strong>; la secretaria general de la Gobernaci\u00f3n, <strong>Silvia P\u00e9rez<\/strong>; y el fiscal de Estado, <strong>Daniel Leiva<\/strong>.<\/p>\n<p><a href=\"http:\/\/comunicaciontucuman.gob.ar\/wp-content\/uploads\/2018\/02\/ministro-acevedo.jpg\"><img loading=\"lazy\" decoding=\"async\" class=\"size-medium wp-image-154719 alignright\" src=\"http:\/\/comunicaciontucuman.gob.ar\/wp-content\/uploads\/2018\/02\/ministro-acevedo-300x166.jpg\" alt=\"ministro acevedo\" width=\"300\" height=\"166\"><\/a>Acevedo cont\u00f3 que durante el encuentro se hizo una evaluaci\u00f3n de las lluvias registradas en las \u00faltimas horas, donde no se registraron inconvenientes en La Cocha y Lamadrid, salvo algunos anegamientos en Benjam\u00edn Ar\u00e1oz y Alderetes.<\/p>\n<p>\u201cTodas las autoridades locales est\u00e1n brindando servicios y prestos a solucionar inconvenientes. Advertimos adem\u00e1s, que los servicios oficiales declararon la emergencia meteorol\u00f3gica hasta el 26 de febrero\u201d, dijo el Ministro, al tiempo que valor\u00f3 la importancia del trabajo conjunto entre todas las \u00e1reas del Poder Ejecutivo.<\/p>\n<p><strong>Actividad legislativa\u00a0<\/strong><\/p>\n<p>En cuanto a la apertura de sesiones de la Legislatura de Tucum\u00e1n, expres\u00f3 que el Poder Ejecutivo eval\u00faa el encuentro del 1 de marzo, en el que cada ministerio reporta lo que viene haciendo en sus gestiones y programando sus proyecciones para el 2018, con los recursos existentes y optimizando sus gastos.<\/p>\n<p>\u201cNo tenemos las grandes obras que tuvimos en su momento, pero s\u00ed trabajamos en conjunto para estar a la par de los tucumanos\u201d, declar\u00f3 Acevedo.<\/p>\n<blockquote class=\"mom_quote \" readability=\"10\">\n<p><strong>Seguridad<\/strong><\/p>\n<p>El Ministro dijo que la Provincia trabaja para proveer equipamiento a la Polic\u00eda y brindar asesoramiento a las guardias municipales del interior y c\u00f3mo se complementa con las fuerzas de seguridad que tienen poder de polic\u00eda. Explic\u00f3, adem\u00e1s, que se trabaja en el dise\u00f1o de un corredor seguro para proteger a los escolares durante el ciclo lectivo 2018.<\/p>\n<\/blockquote>\n<\/div>\n<\/div>\n<p>Fuente: http:\/\/comunicaciontucuman.gob.ar\/2018\/02\/el-vicegobernador-encabezo-una-reunion-de-gabinete\/<\/p>\n","protected":false},"excerpt":{"rendered":"<p>El vicegobernador a cargo del Poder Ejecutivo, Osvaldo Jaldo, presidi\u00f3 una reuni\u00f3n informativa con funcionarios del Gabinete provincial donde hablaron de la apertura de sesiones ordinarias en la Legislatura de Tucum\u00e1n que tendr\u00e1 lugar el 1 de marzo, entre otros temas. Del encuentro participaron el ministro de Educaci\u00f3n, Juan Pablo Lichtmajer; el ministro del Interior, [&hellip;]<\/p>\n","protected":false},"author":1,"featured_media":5654,"comment_status":"open","ping_status":"closed","sticky":false,"template":"","format":"standard","meta":{"footnotes":""},"categories":[3],"tags":[],"class_list":{"0":"post-5653","1":"post","2":"type-post","3":"status-publish","4":"format-standard","5":"has-post-thumbnail","7":"category-politica"},"yoast_head":"<!-- This site is optimized with the Yoast SEO plugin v27.5 - https:\/\/yoast.com\/product\/yoast-seo-wordpress\/ -->\n<title>El\u00a0 Vicegobernador encabez\u00f3 una reuni\u00f3n de Gabinete - El Diario de Tucuman<\/title>\n<meta name=\"robots\" content=\"index, follow, max-snippet:-1, max-image-preview:large, max-video-preview:-1\" \/>\n<link rel=\"canonical\" href=\"https:\/\/www.eldiariodetucuman.com\/web\/el-vicegobernador-encabezo-una-reunion-de-gabinete\/\" \/>\n<meta property=\"og:locale\" content=\"es_ES\" \/>\n<meta property=\"og:type\" content=\"article\" \/>\n<meta property=\"og:title\" content=\"El\u00a0 Vicegobernador encabez\u00f3 una reuni\u00f3n de Gabinete - El Diario de Tucuman\" \/>\n<meta property=\"og:description\" content=\"El vicegobernador a cargo del Poder Ejecutivo, Osvaldo Jaldo, presidi\u00f3 una reuni\u00f3n informativa con funcionarios del Gabinete provincial donde hablaron de la apertura de sesiones ordinarias en la Legislatura de Tucum\u00e1n que tendr\u00e1 lugar el 1 de marzo, entre otros temas. Del encuentro participaron el ministro de Educaci\u00f3n, Juan Pablo Lichtmajer; el ministro del Interior, [&hellip;]\" \/>\n<meta property=\"og:url\" content=\"https:\/\/www.eldiariodetucuman.com\/web\/el-vicegobernador-encabezo-una-reunion-de-gabinete\/\" \/>\n<meta property=\"og:site_name\" content=\"El Diario de Tucuman\" \/>\n<meta property=\"article:published_time\" content=\"2018-02-21T15:07:59+00:00\" \/>\n<meta property=\"article:modified_time\" content=\"2018-02-21T15:08:00+00:00\" \/>\n<meta property=\"og:image\" content=\"https:\/\/www.eldiariodetucuman.com\/web\/wp-content\/uploads\/2018\/02\/dadcd8f4c35f84a04ecae7742be354f9.jpeg\" \/>\n\t<meta property=\"og:image:width\" content=\"300\" \/>\n\t<meta property=\"og:image:height\" content=\"166\" \/>\n\t<meta property=\"og:image:type\" content=\"image\/jpeg\" \/>\n<meta name=\"author\" content=\"admin\" \/>\n<meta name=\"twitter:card\" content=\"summary_large_image\" \/>\n<meta name=\"twitter:label1\" content=\"Escrito por\" \/>\n\t<meta name=\"twitter:data1\" content=\"admin\" \/>\n\t<meta name=\"twitter:label2\" content=\"Tiempo de lectura\" \/>\n\t<meta name=\"twitter:data2\" content=\"2 minutos\" \/>\n<script type=\"application\/ld+json\" class=\"yoast-schema-graph\">{\"@context\":\"https:\\\/\\\/schema.org\",\"@graph\":[{\"@type\":\"Article\",\"@id\":\"https:\\\/\\\/www.eldiariodetucuman.com\\\/web\\\/el-vicegobernador-encabezo-una-reunion-de-gabinete\\\/#article\",\"isPartOf\":{\"@id\":\"https:\\\/\\\/www.eldiariodetucuman.com\\\/web\\\/el-vicegobernador-encabezo-una-reunion-de-gabinete\\\/\"},\"author\":{\"name\":\"admin\",\"@id\":\"https:\\\/\\\/www.eldiariodetucuman.com\\\/web\\\/#\\\/schema\\\/person\\\/9250197d75ab5483412e19678b121caa\"},\"headline\":\"El\u00a0 Vicegobernador encabez\u00f3 una reuni\u00f3n de Gabinete\",\"datePublished\":\"2018-02-21T15:07:59+00:00\",\"dateModified\":\"2018-02-21T15:08:00+00:00\",\"mainEntityOfPage\":{\"@id\":\"https:\\\/\\\/www.eldiariodetucuman.com\\\/web\\\/el-vicegobernador-encabezo-una-reunion-de-gabinete\\\/\"},\"wordCount\":338,\"commentCount\":0,\"publisher\":{\"@id\":\"https:\\\/\\\/www.eldiariodetucuman.com\\\/web\\\/#organization\"},\"image\":{\"@id\":\"https:\\\/\\\/www.eldiariodetucuman.com\\\/web\\\/el-vicegobernador-encabezo-una-reunion-de-gabinete\\\/#primaryimage\"},\"thumbnailUrl\":\"https:\\\/\\\/www.eldiariodetucuman.com\\\/web\\\/wp-content\\\/uploads\\\/2018\\\/02\\\/dadcd8f4c35f84a04ecae7742be354f9.jpeg\",\"articleSection\":[\"Politica\"],\"inLanguage\":\"es\",\"potentialAction\":[{\"@type\":\"CommentAction\",\"name\":\"Comment\",\"target\":[\"https:\\\/\\\/www.eldiariodetucuman.com\\\/web\\\/el-vicegobernador-encabezo-una-reunion-de-gabinete\\\/#respond\"]}]},{\"@type\":\"WebPage\",\"@id\":\"https:\\\/\\\/www.eldiariodetucuman.com\\\/web\\\/el-vicegobernador-encabezo-una-reunion-de-gabinete\\\/\",\"url\":\"https:\\\/\\\/www.eldiariodetucuman.com\\\/web\\\/el-vicegobernador-encabezo-una-reunion-de-gabinete\\\/\",\"name\":\"El\u00a0 Vicegobernador encabez\u00f3 una reuni\u00f3n de Gabinete - El Diario de Tucuman\",\"isPartOf\":{\"@id\":\"https:\\\/\\\/www.eldiariodetucuman.com\\\/web\\\/#website\"},\"primaryImageOfPage\":{\"@id\":\"https:\\\/\\\/www.eldiariodetucuman.com\\\/web\\\/el-vicegobernador-encabezo-una-reunion-de-gabinete\\\/#primaryimage\"},\"image\":{\"@id\":\"https:\\\/\\\/www.eldiariodetucuman.com\\\/web\\\/el-vicegobernador-encabezo-una-reunion-de-gabinete\\\/#primaryimage\"},\"thumbnailUrl\":\"https:\\\/\\\/www.eldiariodetucuman.com\\\/web\\\/wp-content\\\/uploads\\\/2018\\\/02\\\/dadcd8f4c35f84a04ecae7742be354f9.jpeg\",\"datePublished\":\"2018-02-21T15:07:59+00:00\",\"dateModified\":\"2018-02-21T15:08:00+00:00\",\"breadcrumb\":{\"@id\":\"https:\\\/\\\/www.eldiariodetucuman.com\\\/web\\\/el-vicegobernador-encabezo-una-reunion-de-gabinete\\\/#breadcrumb\"},\"inLanguage\":\"es\",\"potentialAction\":[{\"@type\":\"ReadAction\",\"target\":[\"https:\\\/\\\/www.eldiariodetucuman.com\\\/web\\\/el-vicegobernador-encabezo-una-reunion-de-gabinete\\\/\"]}]},{\"@type\":\"ImageObject\",\"inLanguage\":\"es\",\"@id\":\"https:\\\/\\\/www.eldiariodetucuman.com\\\/web\\\/el-vicegobernador-encabezo-una-reunion-de-gabinete\\\/#primaryimage\",\"url\":\"https:\\\/\\\/www.eldiariodetucuman.com\\\/web\\\/wp-content\\\/uploads\\\/2018\\\/02\\\/dadcd8f4c35f84a04ecae7742be354f9.jpeg\",\"contentUrl\":\"https:\\\/\\\/www.eldiariodetucuman.com\\\/web\\\/wp-content\\\/uploads\\\/2018\\\/02\\\/dadcd8f4c35f84a04ecae7742be354f9.jpeg\",\"width\":300,\"height\":166},{\"@type\":\"BreadcrumbList\",\"@id\":\"https:\\\/\\\/www.eldiariodetucuman.com\\\/web\\\/el-vicegobernador-encabezo-una-reunion-de-gabinete\\\/#breadcrumb\",\"itemListElement\":[{\"@type\":\"ListItem\",\"position\":1,\"name\":\"Portada\",\"item\":\"https:\\\/\\\/www.eldiariodetucuman.com\\\/web\\\/\"},{\"@type\":\"ListItem\",\"position\":2,\"name\":\"El\u00a0 Vicegobernador encabez\u00f3 una reuni\u00f3n de Gabinete\"}]},{\"@type\":\"WebSite\",\"@id\":\"https:\\\/\\\/www.eldiariodetucuman.com\\\/web\\\/#website\",\"url\":\"https:\\\/\\\/www.eldiariodetucuman.com\\\/web\\\/\",\"name\":\"El Diario de Tucuman\",\"description\":\"Diario Tucuman - Informaci\u00f3n y noticias\",\"publisher\":{\"@id\":\"https:\\\/\\\/www.eldiariodetucuman.com\\\/web\\\/#organization\"},\"potentialAction\":[{\"@type\":\"SearchAction\",\"target\":{\"@type\":\"EntryPoint\",\"urlTemplate\":\"https:\\\/\\\/www.eldiariodetucuman.com\\\/web\\\/?s={search_term_string}\"},\"query-input\":{\"@type\":\"PropertyValueSpecification\",\"valueRequired\":true,\"valueName\":\"search_term_string\"}}],\"inLanguage\":\"es\"},{\"@type\":\"Organization\",\"@id\":\"https:\\\/\\\/www.eldiariodetucuman.com\\\/web\\\/#organization\",\"name\":\"El Diario de Tucuman\",\"url\":\"https:\\\/\\\/www.eldiariodetucuman.com\\\/web\\\/\",\"logo\":{\"@type\":\"ImageObject\",\"inLanguage\":\"es\",\"@id\":\"https:\\\/\\\/www.eldiariodetucuman.com\\\/web\\\/#\\\/schema\\\/logo\\\/image\\\/\",\"url\":\"http:\\\/\\\/www.eldiariodetucuman.com\\\/web\\\/wp-content\\\/uploads\\\/2017\\\/12\\\/el-diario-de-tucuman.jpg\",\"contentUrl\":\"http:\\\/\\\/www.eldiariodetucuman.com\\\/web\\\/wp-content\\\/uploads\\\/2017\\\/12\\\/el-diario-de-tucuman.jpg\",\"width\":272,\"height\":92,\"caption\":\"El Diario de Tucuman\"},\"image\":{\"@id\":\"https:\\\/\\\/www.eldiariodetucuman.com\\\/web\\\/#\\\/schema\\\/logo\\\/image\\\/\"}},{\"@type\":\"Person\",\"@id\":\"https:\\\/\\\/www.eldiariodetucuman.com\\\/web\\\/#\\\/schema\\\/person\\\/9250197d75ab5483412e19678b121caa\",\"name\":\"admin\",\"image\":{\"@type\":\"ImageObject\",\"inLanguage\":\"es\",\"@id\":\"https:\\\/\\\/secure.gravatar.com\\\/avatar\\\/c44d117c2be811212c22cb481f6b8384b6873de103fbc49e7a03cc58d7dea4ac?s=96&d=mm&r=g\",\"url\":\"https:\\\/\\\/secure.gravatar.com\\\/avatar\\\/c44d117c2be811212c22cb481f6b8384b6873de103fbc49e7a03cc58d7dea4ac?s=96&d=mm&r=g\",\"contentUrl\":\"https:\\\/\\\/secure.gravatar.com\\\/avatar\\\/c44d117c2be811212c22cb481f6b8384b6873de103fbc49e7a03cc58d7dea4ac?s=96&d=mm&r=g\",\"caption\":\"admin\"},\"url\":\"https:\\\/\\\/www.eldiariodetucuman.com\\\/web\\\/author\\\/admin\\\/\"}]}<\/script>\n<!-- \/ Yoast SEO plugin. -->","yoast_head_json":{"title":"El\u00a0 Vicegobernador encabez\u00f3 una reuni\u00f3n de Gabinete - El Diario de Tucuman","robots":{"index":"index","follow":"follow","max-snippet":"max-snippet:-1","max-image-preview":"max-image-preview:large","max-video-preview":"max-video-preview:-1"},"canonical":"https:\/\/www.eldiariodetucuman.com\/web\/el-vicegobernador-encabezo-una-reunion-de-gabinete\/","og_locale":"es_ES","og_type":"article","og_title":"El\u00a0 Vicegobernador encabez\u00f3 una reuni\u00f3n de Gabinete - El Diario de Tucuman","og_description":"El vicegobernador a cargo del Poder Ejecutivo, Osvaldo Jaldo, presidi\u00f3 una reuni\u00f3n informativa con funcionarios del Gabinete provincial donde hablaron de la apertura de sesiones ordinarias en la Legislatura de Tucum\u00e1n que tendr\u00e1 lugar el 1 de marzo, entre otros temas. Del encuentro participaron el ministro de Educaci\u00f3n, Juan Pablo Lichtmajer; el ministro del Interior, [&hellip;]","og_url":"https:\/\/www.eldiariodetucuman.com\/web\/el-vicegobernador-encabezo-una-reunion-de-gabinete\/","og_site_name":"El Diario de Tucuman","article_published_time":"2018-02-21T15:07:59+00:00","article_modified_time":"2018-02-21T15:08:00+00:00","og_image":[{"width":300,"height":166,"url":"https:\/\/www.eldiariodetucuman.com\/web\/wp-content\/uploads\/2018\/02\/dadcd8f4c35f84a04ecae7742be354f9.jpeg","type":"image\/jpeg"}],"author":"admin","twitter_card":"summary_large_image","twitter_misc":{"Escrito por":"admin","Tiempo de lectura":"2 minutos"},"schema":{"@context":"https:\/\/schema.org","@graph":[{"@type":"Article","@id":"https:\/\/www.eldiariodetucuman.com\/web\/el-vicegobernador-encabezo-una-reunion-de-gabinete\/#article","isPartOf":{"@id":"https:\/\/www.eldiariodetucuman.com\/web\/el-vicegobernador-encabezo-una-reunion-de-gabinete\/"},"author":{"name":"admin","@id":"https:\/\/www.eldiariodetucuman.com\/web\/#\/schema\/person\/9250197d75ab5483412e19678b121caa"},"headline":"El\u00a0 Vicegobernador encabez\u00f3 una reuni\u00f3n de Gabinete","datePublished":"2018-02-21T15:07:59+00:00","dateModified":"2018-02-21T15:08:00+00:00","mainEntityOfPage":{"@id":"https:\/\/www.eldiariodetucuman.com\/web\/el-vicegobernador-encabezo-una-reunion-de-gabinete\/"},"wordCount":338,"commentCount":0,"publisher":{"@id":"https:\/\/www.eldiariodetucuman.com\/web\/#organization"},"image":{"@id":"https:\/\/www.eldiariodetucuman.com\/web\/el-vicegobernador-encabezo-una-reunion-de-gabinete\/#primaryimage"},"thumbnailUrl":"https:\/\/www.eldiariodetucuman.com\/web\/wp-content\/uploads\/2018\/02\/dadcd8f4c35f84a04ecae7742be354f9.jpeg","articleSection":["Politica"],"inLanguage":"es","potentialAction":[{"@type":"CommentAction","name":"Comment","target":["https:\/\/www.eldiariodetucuman.com\/web\/el-vicegobernador-encabezo-una-reunion-de-gabinete\/#respond"]}]},{"@type":"WebPage","@id":"https:\/\/www.eldiariodetucuman.com\/web\/el-vicegobernador-encabezo-una-reunion-de-gabinete\/","url":"https:\/\/www.eldiariodetucuman.com\/web\/el-vicegobernador-encabezo-una-reunion-de-gabinete\/","name":"El\u00a0 Vicegobernador encabez\u00f3 una reuni\u00f3n de Gabinete - El Diario de Tucuman","isPartOf":{"@id":"https:\/\/www.eldiariodetucuman.com\/web\/#website"},"primaryImageOfPage":{"@id":"https:\/\/www.eldiariodetucuman.com\/web\/el-vicegobernador-encabezo-una-reunion-de-gabinete\/#primaryimage"},"image":{"@id":"https:\/\/www.eldiariodetucuman.com\/web\/el-vicegobernador-encabezo-una-reunion-de-gabinete\/#primaryimage"},"thumbnailUrl":"https:\/\/www.eldiariodetucuman.com\/web\/wp-content\/uploads\/2018\/02\/dadcd8f4c35f84a04ecae7742be354f9.jpeg","datePublished":"2018-02-21T15:07:59+00:00","dateModified":"2018-02-21T15:08:00+00:00","breadcrumb":{"@id":"https:\/\/www.eldiariodetucuman.com\/web\/el-vicegobernador-encabezo-una-reunion-de-gabinete\/#breadcrumb"},"inLanguage":"es","potentialAction":[{"@type":"ReadAction","target":["https:\/\/www.eldiariodetucuman.com\/web\/el-vicegobernador-encabezo-una-reunion-de-gabinete\/"]}]},{"@type":"ImageObject","inLanguage":"es","@id":"https:\/\/www.eldiariodetucuman.com\/web\/el-vicegobernador-encabezo-una-reunion-de-gabinete\/#primaryimage","url":"https:\/\/www.eldiariodetucuman.com\/web\/wp-content\/uploads\/2018\/02\/dadcd8f4c35f84a04ecae7742be354f9.jpeg","contentUrl":"https:\/\/www.eldiariodetucuman.com\/web\/wp-content\/uploads\/2018\/02\/dadcd8f4c35f84a04ecae7742be354f9.jpeg","width":300,"height":166},{"@type":"BreadcrumbList","@id":"https:\/\/www.eldiariodetucuman.com\/web\/el-vicegobernador-encabezo-una-reunion-de-gabinete\/#breadcrumb","itemListElement":[{"@type":"ListItem","position":1,"name":"Portada","item":"https:\/\/www.eldiariodetucuman.com\/web\/"},{"@type":"ListItem","position":2,"name":"El\u00a0 Vicegobernador encabez\u00f3 una reuni\u00f3n de Gabinete"}]},{"@type":"WebSite","@id":"https:\/\/www.eldiariodetucuman.com\/web\/#website","url":"https:\/\/www.eldiariodetucuman.com\/web\/","name":"El Diario de Tucuman","description":"Diario Tucuman - Informaci\u00f3n y noticias","publisher":{"@id":"https:\/\/www.eldiariodetucuman.com\/web\/#organization"},"potentialAction":[{"@type":"SearchAction","target":{"@type":"EntryPoint","urlTemplate":"https:\/\/www.eldiariodetucuman.com\/web\/?s={search_term_string}"},"query-input":{"@type":"PropertyValueSpecification","valueRequired":true,"valueName":"search_term_string"}}],"inLanguage":"es"},{"@type":"Organization","@id":"https:\/\/www.eldiariodetucuman.com\/web\/#organization","name":"El Diario de Tucuman","url":"https:\/\/www.eldiariodetucuman.com\/web\/","logo":{"@type":"ImageObject","inLanguage":"es","@id":"https:\/\/www.eldiariodetucuman.com\/web\/#\/schema\/logo\/image\/","url":"http:\/\/www.eldiariodetucuman.com\/web\/wp-content\/uploads\/2017\/12\/el-diario-de-tucuman.jpg","contentUrl":"http:\/\/www.eldiariodetucuman.com\/web\/wp-content\/uploads\/2017\/12\/el-diario-de-tucuman.jpg","width":272,"height":92,"caption":"El Diario de Tucuman"},"image":{"@id":"https:\/\/www.eldiariodetucuman.com\/web\/#\/schema\/logo\/image\/"}},{"@type":"Person","@id":"https:\/\/www.eldiariodetucuman.com\/web\/#\/schema\/person\/9250197d75ab5483412e19678b121caa","name":"admin","image":{"@type":"ImageObject","inLanguage":"es","@id":"https:\/\/secure.gravatar.com\/avatar\/c44d117c2be811212c22cb481f6b8384b6873de103fbc49e7a03cc58d7dea4ac?s=96&d=mm&r=g","url":"https:\/\/secure.gravatar.com\/avatar\/c44d117c2be811212c22cb481f6b8384b6873de103fbc49e7a03cc58d7dea4ac?s=96&d=mm&r=g","contentUrl":"https:\/\/secure.gravatar.com\/avatar\/c44d117c2be811212c22cb481f6b8384b6873de103fbc49e7a03cc58d7dea4ac?s=96&d=mm&r=g","caption":"admin"},"url":"https:\/\/www.eldiariodetucuman.com\/web\/author\/admin\/"}]}},"_links":{"self":[{"href":"https:\/\/www.eldiariodetucuman.com\/web\/wp-json\/wp\/v2\/posts\/5653","targetHints":{"allow":["GET"]}}],"collection":[{"href":"https:\/\/www.eldiariodetucuman.com\/web\/wp-json\/wp\/v2\/posts"}],"about":[{"href":"https:\/\/www.eldiariodetucuman.com\/web\/wp-json\/wp\/v2\/types\/post"}],"author":[{"embeddable":true,"href":"https:\/\/www.eldiariodetucuman.com\/web\/wp-json\/wp\/v2\/users\/1"}],"replies":[{"embeddable":true,"href":"https:\/\/www.eldiariodetucuman.com\/web\/wp-json\/wp\/v2\/comments?post=5653"}],"version-history":[{"count":1,"href":"https:\/\/www.eldiariodetucuman.com\/web\/wp-json\/wp\/v2\/posts\/5653\/revisions"}],"predecessor-version":[{"id":5655,"href":"https:\/\/www.eldiariodetucuman.com\/web\/wp-json\/wp\/v2\/posts\/5653\/revisions\/5655"}],"wp:featuredmedia":[{"embeddable":true,"href":"https:\/\/www.eldiariodetucuman.com\/web\/wp-json\/wp\/v2\/media\/5654"}],"wp:attachment":[{"href":"https:\/\/www.eldiariodetucuman.com\/web\/wp-json\/wp\/v2\/media?parent=5653"}],"wp:term":[{"taxonomy":"category","embeddable":true,"href":"https:\/\/www.eldiariodetucuman.com\/web\/wp-json\/wp\/v2\/categories?post=5653"},{"taxonomy":"post_tag","embeddable":true,"href":"https:\/\/www.eldiariodetucuman.com\/web\/wp-json\/wp\/v2\/tags?post=5653"}],"curies":[{"name":"wp","href":"https:\/\/api.w.org\/{rel}","templated":true}]}}