{"id":5650,"date":"2018-02-21T12:07:51","date_gmt":"2018-02-21T15:07:51","guid":{"rendered":"http:\/\/www.eldiariodetucuman.com\/web\/incorporan-un-camion-desobstructor-en-la-sat-de-aguilares\/"},"modified":"2018-02-21T12:07:51","modified_gmt":"2018-02-21T15:07:51","slug":"incorporan-un-camion-desobstructor-en-la-sat-de-aguilares","status":"publish","type":"post","link":"https:\/\/www.eldiariodetucuman.com\/web\/incorporan-un-camion-desobstructor-en-la-sat-de-aguilares\/","title":{"rendered":"Incorporan un cami\u00f3n desobstructor en la SAT de Aguilares"},"content":{"rendered":"<div>\n<div readability=\"66\">\n<p>En un acto realizado en la plaza principal de Aguilares, el vicegobernador, a cargo del Poder Ejecutivo, <strong>Osvaldo Jaldo<\/strong>, particip\u00f3 el martes de la entrega de un cami\u00f3n desobstructor para la Sociedad Aguas del Tucum\u00e1n (SAT), filial de esa localidad.<\/p>\n<p>\u00a0<\/p>\n<p><a href=\"http:\/\/comunicaciontucuman.gob.ar\/wp-content\/uploads\/2018\/02\/jaldo-aguilares-3.jpg\"><img loading=\"lazy\" decoding=\"async\" class=\"size-medium wp-image-154636 alignleft\" src=\"http:\/\/comunicaciontucuman.gob.ar\/wp-content\/uploads\/2018\/02\/jaldo-aguilares-3-300x166.jpg\" alt=\"jaldo-aguilares (3)\" width=\"300\" height=\"166\"><\/a><\/p>\n<p>La unidad otorgada por el municipio a la instituci\u00f3n se suma al servicio de mantenimiento de la red cloacal de la ciudad. \u201cHay intendentes que sabiendo que hay problemas y dificultades est\u00e1n dispuestos a colaborar. Porque cuando uno incorpora un equipo de estas caracter\u00edsticas y se pone a la par de la SAT a trabajar, son los vecinos los que se benefician\u201d, celebr\u00f3 Jaldo.<\/p>\n<p>Previo a la entrega del cami\u00f3n, el vicegobernador recorri\u00f3 las obras de la nueva terminal de \u00f3mnibus de Aguilares. \u201cEsto tiene que ver con mejorar la calidad del servicio del transporte. Que le de la comodidad y el confort a los vecinos que necesitan ese servicio\u201d, cerr\u00f3.<\/p>\n<blockquote class=\"mom_quote \"><p>El flamante cami\u00f3n Ford adquirido con fondos municipales y ayuda del Gobierno de la Provincia,\u00a0tiene cajas sincronizadas de 15 marchas,\u00a0equipado con un equipo desobstructor combinado. \u201cEste cami\u00f3n tiene una alt\u00edsima tecnolog\u00eda que brinda varios servicios\u00a0en beneficio a la comunidad\u201d, destac\u00f3 el ministro del Interior,<strong> Miguel Acevedo.<\/strong><\/p><\/blockquote>\n<p>\u00a0<\/p>\n<p><strong><a href=\"http:\/\/comunicaciontucuman.gob.ar\/wp-content\/uploads\/2018\/02\/jaldo-aguilares-7.jpg\"><img loading=\"lazy\" decoding=\"async\" class=\"size-medium wp-image-154640 alignright\" src=\"http:\/\/comunicaciontucuman.gob.ar\/wp-content\/uploads\/2018\/02\/jaldo-aguilares-7-300x166.jpg\" alt=\"jaldo-aguilares (7)\" width=\"300\" height=\"166\"><\/a><\/strong><\/p>\n<p>Por su parte, \u00a0la Intendente de la localidad,<strong> Elia Fern\u00e1ndez de Mansilla, <\/strong>destac\u00f3: \u201cVimos que era una necesidad fundamental para la problem\u00e1tica de las cloacas de nuestra ciudad. Los intendentes tenemos que brindar soluciones y por eso,\u00a0se hizo entrega de esta herramienta a la instituci\u00f3n y ahora estamos viendo como trabajamos en equipo con los empleados del \u00e1rea\u201d.<\/p>\n<p>En la actividad tambi\u00e9n estuvieron presente el ministro de Educaci\u00f3n,<strong> Juan Pablo Lichtmajer<\/strong> y el ministro de Gobierno y Justicia, <strong>Regino Amado.<\/strong><\/p>\n<p>\u00a0<\/p>\n<p>\u00a0<\/p>\n<\/div>\n<\/div>\n<p>Fuente: http:\/\/comunicaciontucuman.gob.ar\/2018\/02\/incorporan-un-camion-desobstructor-en-la-sat-en-aguilares\/<\/p>\n","protected":false},"excerpt":{"rendered":"<p>En un acto realizado en la plaza principal de Aguilares, el vicegobernador, a cargo del Poder Ejecutivo, Osvaldo Jaldo, particip\u00f3 el martes de la entrega de un cami\u00f3n desobstructor para la Sociedad Aguas del Tucum\u00e1n (SAT), filial de esa localidad. \u00a0 La unidad otorgada por el municipio a la instituci\u00f3n se suma al servicio de [&hellip;]<\/p>\n","protected":false},"author":1,"featured_media":5651,"comment_status":"open","ping_status":"closed","sticky":false,"template":"","format":"standard","meta":{"footnotes":""},"categories":[3],"tags":[],"class_list":{"0":"post-5650","1":"post","2":"type-post","3":"status-publish","4":"format-standard","5":"has-post-thumbnail","7":"category-politica"},"yoast_head":"<!-- This site is optimized with the Yoast SEO plugin v27.5 - https:\/\/yoast.com\/product\/yoast-seo-wordpress\/ -->\n<title>Incorporan un cami\u00f3n desobstructor en la SAT de Aguilares - El Diario de Tucuman<\/title>\n<meta name=\"robots\" content=\"index, follow, max-snippet:-1, max-image-preview:large, max-video-preview:-1\" \/>\n<link rel=\"canonical\" href=\"https:\/\/www.eldiariodetucuman.com\/web\/incorporan-un-camion-desobstructor-en-la-sat-de-aguilares\/\" \/>\n<meta property=\"og:locale\" content=\"es_ES\" \/>\n<meta property=\"og:type\" content=\"article\" \/>\n<meta property=\"og:title\" content=\"Incorporan un cami\u00f3n desobstructor en la SAT de Aguilares - El Diario de Tucuman\" \/>\n<meta property=\"og:description\" content=\"En un acto realizado en la plaza principal de Aguilares, el vicegobernador, a cargo del Poder Ejecutivo, Osvaldo Jaldo, particip\u00f3 el martes de la entrega de un cami\u00f3n desobstructor para la Sociedad Aguas del Tucum\u00e1n (SAT), filial de esa localidad. \u00a0 La unidad otorgada por el municipio a la instituci\u00f3n se suma al servicio de [&hellip;]\" \/>\n<meta property=\"og:url\" content=\"https:\/\/www.eldiariodetucuman.com\/web\/incorporan-un-camion-desobstructor-en-la-sat-de-aguilares\/\" \/>\n<meta property=\"og:site_name\" content=\"El Diario de Tucuman\" \/>\n<meta property=\"article:published_time\" content=\"2018-02-21T15:07:51+00:00\" \/>\n<meta property=\"og:image\" content=\"https:\/\/www.eldiariodetucuman.com\/web\/wp-content\/uploads\/2018\/02\/87dc7ccf452e0a28abe63b71cec97a8a.jpeg\" \/>\n\t<meta property=\"og:image:width\" content=\"300\" \/>\n\t<meta property=\"og:image:height\" content=\"166\" \/>\n\t<meta property=\"og:image:type\" content=\"image\/jpeg\" \/>\n<meta name=\"author\" content=\"admin\" \/>\n<meta name=\"twitter:card\" content=\"summary_large_image\" \/>\n<meta name=\"twitter:label1\" content=\"Escrito por\" \/>\n\t<meta name=\"twitter:data1\" content=\"admin\" \/>\n\t<meta name=\"twitter:label2\" content=\"Tiempo de lectura\" \/>\n\t<meta name=\"twitter:data2\" content=\"2 minutos\" \/>\n<script type=\"application\/ld+json\" class=\"yoast-schema-graph\">{\"@context\":\"https:\\\/\\\/schema.org\",\"@graph\":[{\"@type\":\"Article\",\"@id\":\"https:\\\/\\\/www.eldiariodetucuman.com\\\/web\\\/incorporan-un-camion-desobstructor-en-la-sat-de-aguilares\\\/#article\",\"isPartOf\":{\"@id\":\"https:\\\/\\\/www.eldiariodetucuman.com\\\/web\\\/incorporan-un-camion-desobstructor-en-la-sat-de-aguilares\\\/\"},\"author\":{\"name\":\"admin\",\"@id\":\"https:\\\/\\\/www.eldiariodetucuman.com\\\/web\\\/#\\\/schema\\\/person\\\/9250197d75ab5483412e19678b121caa\"},\"headline\":\"Incorporan un cami\u00f3n desobstructor en la SAT de Aguilares\",\"datePublished\":\"2018-02-21T15:07:51+00:00\",\"mainEntityOfPage\":{\"@id\":\"https:\\\/\\\/www.eldiariodetucuman.com\\\/web\\\/incorporan-un-camion-desobstructor-en-la-sat-de-aguilares\\\/\"},\"wordCount\":311,\"commentCount\":0,\"publisher\":{\"@id\":\"https:\\\/\\\/www.eldiariodetucuman.com\\\/web\\\/#organization\"},\"image\":{\"@id\":\"https:\\\/\\\/www.eldiariodetucuman.com\\\/web\\\/incorporan-un-camion-desobstructor-en-la-sat-de-aguilares\\\/#primaryimage\"},\"thumbnailUrl\":\"https:\\\/\\\/www.eldiariodetucuman.com\\\/web\\\/wp-content\\\/uploads\\\/2018\\\/02\\\/87dc7ccf452e0a28abe63b71cec97a8a.jpeg\",\"articleSection\":[\"Politica\"],\"inLanguage\":\"es\",\"potentialAction\":[{\"@type\":\"CommentAction\",\"name\":\"Comment\",\"target\":[\"https:\\\/\\\/www.eldiariodetucuman.com\\\/web\\\/incorporan-un-camion-desobstructor-en-la-sat-de-aguilares\\\/#respond\"]}]},{\"@type\":\"WebPage\",\"@id\":\"https:\\\/\\\/www.eldiariodetucuman.com\\\/web\\\/incorporan-un-camion-desobstructor-en-la-sat-de-aguilares\\\/\",\"url\":\"https:\\\/\\\/www.eldiariodetucuman.com\\\/web\\\/incorporan-un-camion-desobstructor-en-la-sat-de-aguilares\\\/\",\"name\":\"Incorporan un cami\u00f3n desobstructor en la SAT de Aguilares - El Diario de Tucuman\",\"isPartOf\":{\"@id\":\"https:\\\/\\\/www.eldiariodetucuman.com\\\/web\\\/#website\"},\"primaryImageOfPage\":{\"@id\":\"https:\\\/\\\/www.eldiariodetucuman.com\\\/web\\\/incorporan-un-camion-desobstructor-en-la-sat-de-aguilares\\\/#primaryimage\"},\"image\":{\"@id\":\"https:\\\/\\\/www.eldiariodetucuman.com\\\/web\\\/incorporan-un-camion-desobstructor-en-la-sat-de-aguilares\\\/#primaryimage\"},\"thumbnailUrl\":\"https:\\\/\\\/www.eldiariodetucuman.com\\\/web\\\/wp-content\\\/uploads\\\/2018\\\/02\\\/87dc7ccf452e0a28abe63b71cec97a8a.jpeg\",\"datePublished\":\"2018-02-21T15:07:51+00:00\",\"breadcrumb\":{\"@id\":\"https:\\\/\\\/www.eldiariodetucuman.com\\\/web\\\/incorporan-un-camion-desobstructor-en-la-sat-de-aguilares\\\/#breadcrumb\"},\"inLanguage\":\"es\",\"potentialAction\":[{\"@type\":\"ReadAction\",\"target\":[\"https:\\\/\\\/www.eldiariodetucuman.com\\\/web\\\/incorporan-un-camion-desobstructor-en-la-sat-de-aguilares\\\/\"]}]},{\"@type\":\"ImageObject\",\"inLanguage\":\"es\",\"@id\":\"https:\\\/\\\/www.eldiariodetucuman.com\\\/web\\\/incorporan-un-camion-desobstructor-en-la-sat-de-aguilares\\\/#primaryimage\",\"url\":\"https:\\\/\\\/www.eldiariodetucuman.com\\\/web\\\/wp-content\\\/uploads\\\/2018\\\/02\\\/87dc7ccf452e0a28abe63b71cec97a8a.jpeg\",\"contentUrl\":\"https:\\\/\\\/www.eldiariodetucuman.com\\\/web\\\/wp-content\\\/uploads\\\/2018\\\/02\\\/87dc7ccf452e0a28abe63b71cec97a8a.jpeg\",\"width\":300,\"height\":166},{\"@type\":\"BreadcrumbList\",\"@id\":\"https:\\\/\\\/www.eldiariodetucuman.com\\\/web\\\/incorporan-un-camion-desobstructor-en-la-sat-de-aguilares\\\/#breadcrumb\",\"itemListElement\":[{\"@type\":\"ListItem\",\"position\":1,\"name\":\"Portada\",\"item\":\"https:\\\/\\\/www.eldiariodetucuman.com\\\/web\\\/\"},{\"@type\":\"ListItem\",\"position\":2,\"name\":\"Incorporan un cami\u00f3n desobstructor en la SAT de Aguilares\"}]},{\"@type\":\"WebSite\",\"@id\":\"https:\\\/\\\/www.eldiariodetucuman.com\\\/web\\\/#website\",\"url\":\"https:\\\/\\\/www.eldiariodetucuman.com\\\/web\\\/\",\"name\":\"El Diario de Tucuman\",\"description\":\"Diario Tucuman - Informaci\u00f3n y noticias\",\"publisher\":{\"@id\":\"https:\\\/\\\/www.eldiariodetucuman.com\\\/web\\\/#organization\"},\"potentialAction\":[{\"@type\":\"SearchAction\",\"target\":{\"@type\":\"EntryPoint\",\"urlTemplate\":\"https:\\\/\\\/www.eldiariodetucuman.com\\\/web\\\/?s={search_term_string}\"},\"query-input\":{\"@type\":\"PropertyValueSpecification\",\"valueRequired\":true,\"valueName\":\"search_term_string\"}}],\"inLanguage\":\"es\"},{\"@type\":\"Organization\",\"@id\":\"https:\\\/\\\/www.eldiariodetucuman.com\\\/web\\\/#organization\",\"name\":\"El Diario de Tucuman\",\"url\":\"https:\\\/\\\/www.eldiariodetucuman.com\\\/web\\\/\",\"logo\":{\"@type\":\"ImageObject\",\"inLanguage\":\"es\",\"@id\":\"https:\\\/\\\/www.eldiariodetucuman.com\\\/web\\\/#\\\/schema\\\/logo\\\/image\\\/\",\"url\":\"http:\\\/\\\/www.eldiariodetucuman.com\\\/web\\\/wp-content\\\/uploads\\\/2017\\\/12\\\/el-diario-de-tucuman.jpg\",\"contentUrl\":\"http:\\\/\\\/www.eldiariodetucuman.com\\\/web\\\/wp-content\\\/uploads\\\/2017\\\/12\\\/el-diario-de-tucuman.jpg\",\"width\":272,\"height\":92,\"caption\":\"El Diario de Tucuman\"},\"image\":{\"@id\":\"https:\\\/\\\/www.eldiariodetucuman.com\\\/web\\\/#\\\/schema\\\/logo\\\/image\\\/\"}},{\"@type\":\"Person\",\"@id\":\"https:\\\/\\\/www.eldiariodetucuman.com\\\/web\\\/#\\\/schema\\\/person\\\/9250197d75ab5483412e19678b121caa\",\"name\":\"admin\",\"image\":{\"@type\":\"ImageObject\",\"inLanguage\":\"es\",\"@id\":\"https:\\\/\\\/secure.gravatar.com\\\/avatar\\\/c44d117c2be811212c22cb481f6b8384b6873de103fbc49e7a03cc58d7dea4ac?s=96&d=mm&r=g\",\"url\":\"https:\\\/\\\/secure.gravatar.com\\\/avatar\\\/c44d117c2be811212c22cb481f6b8384b6873de103fbc49e7a03cc58d7dea4ac?s=96&d=mm&r=g\",\"contentUrl\":\"https:\\\/\\\/secure.gravatar.com\\\/avatar\\\/c44d117c2be811212c22cb481f6b8384b6873de103fbc49e7a03cc58d7dea4ac?s=96&d=mm&r=g\",\"caption\":\"admin\"},\"url\":\"https:\\\/\\\/www.eldiariodetucuman.com\\\/web\\\/author\\\/admin\\\/\"}]}<\/script>\n<!-- \/ Yoast SEO plugin. -->","yoast_head_json":{"title":"Incorporan un cami\u00f3n desobstructor en la SAT de Aguilares - El Diario de Tucuman","robots":{"index":"index","follow":"follow","max-snippet":"max-snippet:-1","max-image-preview":"max-image-preview:large","max-video-preview":"max-video-preview:-1"},"canonical":"https:\/\/www.eldiariodetucuman.com\/web\/incorporan-un-camion-desobstructor-en-la-sat-de-aguilares\/","og_locale":"es_ES","og_type":"article","og_title":"Incorporan un cami\u00f3n desobstructor en la SAT de Aguilares - El Diario de Tucuman","og_description":"En un acto realizado en la plaza principal de Aguilares, el vicegobernador, a cargo del Poder Ejecutivo, Osvaldo Jaldo, particip\u00f3 el martes de la entrega de un cami\u00f3n desobstructor para la Sociedad Aguas del Tucum\u00e1n (SAT), filial de esa localidad. \u00a0 La unidad otorgada por el municipio a la instituci\u00f3n se suma al servicio de [&hellip;]","og_url":"https:\/\/www.eldiariodetucuman.com\/web\/incorporan-un-camion-desobstructor-en-la-sat-de-aguilares\/","og_site_name":"El Diario de Tucuman","article_published_time":"2018-02-21T15:07:51+00:00","og_image":[{"width":300,"height":166,"url":"https:\/\/www.eldiariodetucuman.com\/web\/wp-content\/uploads\/2018\/02\/87dc7ccf452e0a28abe63b71cec97a8a.jpeg","type":"image\/jpeg"}],"author":"admin","twitter_card":"summary_large_image","twitter_misc":{"Escrito por":"admin","Tiempo de lectura":"2 minutos"},"schema":{"@context":"https:\/\/schema.org","@graph":[{"@type":"Article","@id":"https:\/\/www.eldiariodetucuman.com\/web\/incorporan-un-camion-desobstructor-en-la-sat-de-aguilares\/#article","isPartOf":{"@id":"https:\/\/www.eldiariodetucuman.com\/web\/incorporan-un-camion-desobstructor-en-la-sat-de-aguilares\/"},"author":{"name":"admin","@id":"https:\/\/www.eldiariodetucuman.com\/web\/#\/schema\/person\/9250197d75ab5483412e19678b121caa"},"headline":"Incorporan un cami\u00f3n desobstructor en la SAT de Aguilares","datePublished":"2018-02-21T15:07:51+00:00","mainEntityOfPage":{"@id":"https:\/\/www.eldiariodetucuman.com\/web\/incorporan-un-camion-desobstructor-en-la-sat-de-aguilares\/"},"wordCount":311,"commentCount":0,"publisher":{"@id":"https:\/\/www.eldiariodetucuman.com\/web\/#organization"},"image":{"@id":"https:\/\/www.eldiariodetucuman.com\/web\/incorporan-un-camion-desobstructor-en-la-sat-de-aguilares\/#primaryimage"},"thumbnailUrl":"https:\/\/www.eldiariodetucuman.com\/web\/wp-content\/uploads\/2018\/02\/87dc7ccf452e0a28abe63b71cec97a8a.jpeg","articleSection":["Politica"],"inLanguage":"es","potentialAction":[{"@type":"CommentAction","name":"Comment","target":["https:\/\/www.eldiariodetucuman.com\/web\/incorporan-un-camion-desobstructor-en-la-sat-de-aguilares\/#respond"]}]},{"@type":"WebPage","@id":"https:\/\/www.eldiariodetucuman.com\/web\/incorporan-un-camion-desobstructor-en-la-sat-de-aguilares\/","url":"https:\/\/www.eldiariodetucuman.com\/web\/incorporan-un-camion-desobstructor-en-la-sat-de-aguilares\/","name":"Incorporan un cami\u00f3n desobstructor en la SAT de Aguilares - El Diario de Tucuman","isPartOf":{"@id":"https:\/\/www.eldiariodetucuman.com\/web\/#website"},"primaryImageOfPage":{"@id":"https:\/\/www.eldiariodetucuman.com\/web\/incorporan-un-camion-desobstructor-en-la-sat-de-aguilares\/#primaryimage"},"image":{"@id":"https:\/\/www.eldiariodetucuman.com\/web\/incorporan-un-camion-desobstructor-en-la-sat-de-aguilares\/#primaryimage"},"thumbnailUrl":"https:\/\/www.eldiariodetucuman.com\/web\/wp-content\/uploads\/2018\/02\/87dc7ccf452e0a28abe63b71cec97a8a.jpeg","datePublished":"2018-02-21T15:07:51+00:00","breadcrumb":{"@id":"https:\/\/www.eldiariodetucuman.com\/web\/incorporan-un-camion-desobstructor-en-la-sat-de-aguilares\/#breadcrumb"},"inLanguage":"es","potentialAction":[{"@type":"ReadAction","target":["https:\/\/www.eldiariodetucuman.com\/web\/incorporan-un-camion-desobstructor-en-la-sat-de-aguilares\/"]}]},{"@type":"ImageObject","inLanguage":"es","@id":"https:\/\/www.eldiariodetucuman.com\/web\/incorporan-un-camion-desobstructor-en-la-sat-de-aguilares\/#primaryimage","url":"https:\/\/www.eldiariodetucuman.com\/web\/wp-content\/uploads\/2018\/02\/87dc7ccf452e0a28abe63b71cec97a8a.jpeg","contentUrl":"https:\/\/www.eldiariodetucuman.com\/web\/wp-content\/uploads\/2018\/02\/87dc7ccf452e0a28abe63b71cec97a8a.jpeg","width":300,"height":166},{"@type":"BreadcrumbList","@id":"https:\/\/www.eldiariodetucuman.com\/web\/incorporan-un-camion-desobstructor-en-la-sat-de-aguilares\/#breadcrumb","itemListElement":[{"@type":"ListItem","position":1,"name":"Portada","item":"https:\/\/www.eldiariodetucuman.com\/web\/"},{"@type":"ListItem","position":2,"name":"Incorporan un cami\u00f3n desobstructor en la SAT de Aguilares"}]},{"@type":"WebSite","@id":"https:\/\/www.eldiariodetucuman.com\/web\/#website","url":"https:\/\/www.eldiariodetucuman.com\/web\/","name":"El Diario de Tucuman","description":"Diario Tucuman - Informaci\u00f3n y noticias","publisher":{"@id":"https:\/\/www.eldiariodetucuman.com\/web\/#organization"},"potentialAction":[{"@type":"SearchAction","target":{"@type":"EntryPoint","urlTemplate":"https:\/\/www.eldiariodetucuman.com\/web\/?s={search_term_string}"},"query-input":{"@type":"PropertyValueSpecification","valueRequired":true,"valueName":"search_term_string"}}],"inLanguage":"es"},{"@type":"Organization","@id":"https:\/\/www.eldiariodetucuman.com\/web\/#organization","name":"El Diario de Tucuman","url":"https:\/\/www.eldiariodetucuman.com\/web\/","logo":{"@type":"ImageObject","inLanguage":"es","@id":"https:\/\/www.eldiariodetucuman.com\/web\/#\/schema\/logo\/image\/","url":"http:\/\/www.eldiariodetucuman.com\/web\/wp-content\/uploads\/2017\/12\/el-diario-de-tucuman.jpg","contentUrl":"http:\/\/www.eldiariodetucuman.com\/web\/wp-content\/uploads\/2017\/12\/el-diario-de-tucuman.jpg","width":272,"height":92,"caption":"El Diario de Tucuman"},"image":{"@id":"https:\/\/www.eldiariodetucuman.com\/web\/#\/schema\/logo\/image\/"}},{"@type":"Person","@id":"https:\/\/www.eldiariodetucuman.com\/web\/#\/schema\/person\/9250197d75ab5483412e19678b121caa","name":"admin","image":{"@type":"ImageObject","inLanguage":"es","@id":"https:\/\/secure.gravatar.com\/avatar\/c44d117c2be811212c22cb481f6b8384b6873de103fbc49e7a03cc58d7dea4ac?s=96&d=mm&r=g","url":"https:\/\/secure.gravatar.com\/avatar\/c44d117c2be811212c22cb481f6b8384b6873de103fbc49e7a03cc58d7dea4ac?s=96&d=mm&r=g","contentUrl":"https:\/\/secure.gravatar.com\/avatar\/c44d117c2be811212c22cb481f6b8384b6873de103fbc49e7a03cc58d7dea4ac?s=96&d=mm&r=g","caption":"admin"},"url":"https:\/\/www.eldiariodetucuman.com\/web\/author\/admin\/"}]}},"_links":{"self":[{"href":"https:\/\/www.eldiariodetucuman.com\/web\/wp-json\/wp\/v2\/posts\/5650","targetHints":{"allow":["GET"]}}],"collection":[{"href":"https:\/\/www.eldiariodetucuman.com\/web\/wp-json\/wp\/v2\/posts"}],"about":[{"href":"https:\/\/www.eldiariodetucuman.com\/web\/wp-json\/wp\/v2\/types\/post"}],"author":[{"embeddable":true,"href":"https:\/\/www.eldiariodetucuman.com\/web\/wp-json\/wp\/v2\/users\/1"}],"replies":[{"embeddable":true,"href":"https:\/\/www.eldiariodetucuman.com\/web\/wp-json\/wp\/v2\/comments?post=5650"}],"version-history":[{"count":1,"href":"https:\/\/www.eldiariodetucuman.com\/web\/wp-json\/wp\/v2\/posts\/5650\/revisions"}],"predecessor-version":[{"id":5652,"href":"https:\/\/www.eldiariodetucuman.com\/web\/wp-json\/wp\/v2\/posts\/5650\/revisions\/5652"}],"wp:featuredmedia":[{"embeddable":true,"href":"https:\/\/www.eldiariodetucuman.com\/web\/wp-json\/wp\/v2\/media\/5651"}],"wp:attachment":[{"href":"https:\/\/www.eldiariodetucuman.com\/web\/wp-json\/wp\/v2\/media?parent=5650"}],"wp:term":[{"taxonomy":"category","embeddable":true,"href":"https:\/\/www.eldiariodetucuman.com\/web\/wp-json\/wp\/v2\/categories?post=5650"},{"taxonomy":"post_tag","embeddable":true,"href":"https:\/\/www.eldiariodetucuman.com\/web\/wp-json\/wp\/v2\/tags?post=5650"}],"curies":[{"name":"wp","href":"https:\/\/api.w.org\/{rel}","templated":true}]}}