{"id":5647,"date":"2018-02-21T12:01:03","date_gmt":"2018-02-21T15:01:03","guid":{"rendered":"http:\/\/www.eldiariodetucuman.com\/web\/maley-no-fue-a-la-legislatura-pero-se-reunio-con-los-taxistas-y-los-gremialistas-de-uta\/"},"modified":"2018-02-21T12:01:21","modified_gmt":"2018-02-21T15:01:21","slug":"maley-no-fue-a-la-legislatura-pero-se-reunio-con-los-taxistas-y-los-gremialistas-de-uta","status":"publish","type":"post","link":"https:\/\/www.eldiariodetucuman.com\/web\/maley-no-fue-a-la-legislatura-pero-se-reunio-con-los-taxistas-y-los-gremialistas-de-uta\/","title":{"rendered":"Maley no fue a la Legislatura, pero se reuni\u00f3 con los taxistas y los gremialistas de UTA"},"content":{"rendered":"<div>\n<div readability=\"64.780042918455\">\n<p>Por problemas de agenda, el ministro de Seguridad, <b>Claudio Maley<\/b>, no concurri\u00f3 esta ma\u00f1ana a la Legislatura, donde hoy ten\u00eda prevista una reuni\u00f3n de la Comisi\u00f3n de Seguimiento de la Ley de Emergencia de Seguridad.<\/p>\n<p>Seg\u00fan se inform\u00f3, su ausencia del funcionario provincial se debi\u00f3 a un encuentro que mantuvo con el Sindicato de Peones de Taxis y los gremialistas de la Uni\u00f3n Tranviarios Automotor (UTA), por los constantes hechos de inseguridad que sufren los trabajadores de esos sectores, que toc\u00f3 fondo con <a href=\"https:\/\/www.lagaceta.com.ar\/nota\/761662\/actualidad\/remiseros-atrapan-golpean-presunto-homicida.html\" mce_href=\"https:\/\/www.lagaceta.com.ar\/nota\/761662\/actualidad\/remiseros-atrapan-golpean-presunto-homicida.html\" target=\"_blank\">el asesinato<\/a> de <b>V\u00edctor Graneros<\/b> en Alderetes.<\/p>\n<p>Taxistas reclaman respuestas luego de otro violento asalto<\/p>\n<p><a href=\"https:\/\/www.lagaceta.com.ar\/nota\/761991\/actualidad\/inseguridad-cuatro-avenidas-rompen-vidrios-autos-para-robar-mientras-esperan-semaforo.html?utm_source=facebook&#038;utm_medium=social&#038;utm_campaign=fanpagetucuman\" mce_href=\"https:\/\/www.lagaceta.com.ar\/nota\/761991\/actualidad\/inseguridad-cuatro-avenidas-rompen-vidrios-autos-para-robar-mientras-esperan-semaforo.html?utm_source=facebook&#038;utm_medium=social&#038;utm_campaign=fanpagetucuman\" target=\"_blank\" class=\"style link\"><br \/>\nTaxistas reclaman respuestas luego de otro violento asalto<\/a><\/p>\n<p>El supuesto desplante de Maley, quien entr\u00f3 en funciones en diciembre pasado, gener\u00f3 malestar entre los legisladores que quer\u00edan tener explicaciones por los casos delictivos que se vienen registrando en la provincia y sobre las medidas que se tomar\u00e1n por el crimen de los polic\u00edas <b>Sergio P\u00e1ez Gonz\u00e1lez <\/b>y<b> Cristian Peralta<\/b>, <a href=\"https:\/\/www.lagaceta.com.ar\/nota\/761291\/actualidad\/reconstruccion-crimen-policias-como-actuo-homicida.html\" mce_href=\"https:\/\/www.lagaceta.com.ar\/nota\/761291\/actualidad\/reconstruccion-crimen-policias-como-actuo-homicida.html\" target=\"_blank\">ocurrido hace ocho d\u00edas en el parque 9 de Julio<\/a>.<\/p>\n<p><img decoding=\"async\" src=\"https:\/\/img.lagaceta.com.ar\/fotos\/notas\/2018\/02\/21\/tmb1_762036_20180221092737.jpg\"><\/p>\n<p><i>Maley asumi\u00f3 como ministro en diciembre del a\u00f1o pasado. LA GACETA\/FOTO DE IN\u00c9S QUINTEROS ORIO<\/i><\/p>\n<p>El legislador <b>Jos\u00e9 Mar\u00eda Canelada<\/b> fue el primero en realizar una cr\u00edtica ante el cambio de planes de Maley. \u00abAnte los hechos tan graves de inseguridad que estamos sufriendo los tucumanos, lamentar\u00edamos que el ministro de Seguridad no acuda a la comisi\u00f3n por problemas de agenda\u00bb, escribi\u00f3 en las redes sociales.<\/p>\n<blockquote class=\"twitter-tweet\" data-lang=\"es\" readability=\"6.3744680851064\">\n<p lang=\"es\" dir=\"ltr\">Ante los hechos tan graves de inseguridad que estamos sufriendo los tucumanos, lamentar\u00edamos que el ministro de Seguridad no acuda a la comisi\u00f3n por problemas de agenda.<\/p>\n<p>\u2014 Jos\u00e9 Mar\u00eda Canelada (@Jota_Canelada) <a href=\"https:\/\/twitter.com\/Jota_Canelada\/status\/966276661883875329?ref_src=twsrc%5Etfw\">21 de febrero de 2018<\/a><\/p><\/blockquote>\n<p>Los legisladores se reunieron sin el ministro y podr\u00edan emitir un comunicado sobre lo que est\u00e1 sucediendo y la falta de respuestas del Poder Ejecutivo.<\/p>\n<\/p><\/div>\n<\/div>\n<p>Fuente: http:\/\/www.lagaceta.com.ar\/nota\/762036\/actualidad\/maley-no-fue-legislatura-pero-se-reunio-taxistas-gremialistas-uta.html<\/p>\n","protected":false},"excerpt":{"rendered":"<p>Por problemas de agenda, el ministro de Seguridad, Claudio Maley, no concurri\u00f3 esta ma\u00f1ana a la Legislatura, donde hoy ten\u00eda prevista una reuni\u00f3n de la Comisi\u00f3n de Seguimiento de la Ley de Emergencia de Seguridad. Seg\u00fan se inform\u00f3, su ausencia del funcionario provincial se debi\u00f3 a un encuentro que mantuvo con el Sindicato de Peones [&hellip;]<\/p>\n","protected":false},"author":1,"featured_media":5648,"comment_status":"open","ping_status":"closed","sticky":false,"template":"","format":"standard","meta":{"footnotes":""},"categories":[1],"tags":[],"class_list":{"0":"post-5647","1":"post","2":"type-post","3":"status-publish","4":"format-standard","5":"has-post-thumbnail","7":"category-portada"},"yoast_head":"<!-- This site is optimized with the Yoast SEO plugin v27.5 - https:\/\/yoast.com\/product\/yoast-seo-wordpress\/ -->\n<title>Maley no fue a la Legislatura, pero se reuni\u00f3 con los taxistas y los gremialistas de UTA - El Diario de Tucuman<\/title>\n<meta name=\"robots\" content=\"index, follow, max-snippet:-1, max-image-preview:large, max-video-preview:-1\" \/>\n<link rel=\"canonical\" href=\"https:\/\/www.eldiariodetucuman.com\/web\/maley-no-fue-a-la-legislatura-pero-se-reunio-con-los-taxistas-y-los-gremialistas-de-uta\/\" \/>\n<meta property=\"og:locale\" content=\"es_ES\" \/>\n<meta property=\"og:type\" content=\"article\" \/>\n<meta property=\"og:title\" content=\"Maley no fue a la Legislatura, pero se reuni\u00f3 con los taxistas y los gremialistas de UTA - El Diario de Tucuman\" \/>\n<meta property=\"og:description\" content=\"Por problemas de agenda, el ministro de Seguridad, Claudio Maley, no concurri\u00f3 esta ma\u00f1ana a la Legislatura, donde hoy ten\u00eda prevista una reuni\u00f3n de la Comisi\u00f3n de Seguimiento de la Ley de Emergencia de Seguridad. Seg\u00fan se inform\u00f3, su ausencia del funcionario provincial se debi\u00f3 a un encuentro que mantuvo con el Sindicato de Peones [&hellip;]\" \/>\n<meta property=\"og:url\" content=\"https:\/\/www.eldiariodetucuman.com\/web\/maley-no-fue-a-la-legislatura-pero-se-reunio-con-los-taxistas-y-los-gremialistas-de-uta\/\" \/>\n<meta property=\"og:site_name\" content=\"El Diario de Tucuman\" \/>\n<meta property=\"article:published_time\" content=\"2018-02-21T15:01:03+00:00\" \/>\n<meta property=\"article:modified_time\" content=\"2018-02-21T15:01:21+00:00\" \/>\n<meta property=\"og:image\" content=\"https:\/\/www.eldiariodetucuman.com\/web\/wp-content\/uploads\/2018\/02\/ed22823a36057970b6704964f3624b80.jpeg\" \/>\n\t<meta property=\"og:image:width\" content=\"1500\" \/>\n\t<meta property=\"og:image:height\" content=\"850\" \/>\n\t<meta property=\"og:image:type\" content=\"image\/jpeg\" \/>\n<meta name=\"author\" content=\"admin\" \/>\n<meta name=\"twitter:card\" content=\"summary_large_image\" \/>\n<meta name=\"twitter:label1\" content=\"Escrito por\" \/>\n\t<meta name=\"twitter:data1\" content=\"admin\" \/>\n\t<meta name=\"twitter:label2\" content=\"Tiempo de lectura\" \/>\n\t<meta name=\"twitter:data2\" content=\"2 minutos\" \/>\n<script type=\"application\/ld+json\" class=\"yoast-schema-graph\">{\"@context\":\"https:\\\/\\\/schema.org\",\"@graph\":[{\"@type\":\"Article\",\"@id\":\"https:\\\/\\\/www.eldiariodetucuman.com\\\/web\\\/maley-no-fue-a-la-legislatura-pero-se-reunio-con-los-taxistas-y-los-gremialistas-de-uta\\\/#article\",\"isPartOf\":{\"@id\":\"https:\\\/\\\/www.eldiariodetucuman.com\\\/web\\\/maley-no-fue-a-la-legislatura-pero-se-reunio-con-los-taxistas-y-los-gremialistas-de-uta\\\/\"},\"author\":{\"name\":\"admin\",\"@id\":\"https:\\\/\\\/www.eldiariodetucuman.com\\\/web\\\/#\\\/schema\\\/person\\\/9250197d75ab5483412e19678b121caa\"},\"headline\":\"Maley no fue a la Legislatura, pero se reuni\u00f3 con los taxistas y los gremialistas de UTA\",\"datePublished\":\"2018-02-21T15:01:03+00:00\",\"dateModified\":\"2018-02-21T15:01:21+00:00\",\"mainEntityOfPage\":{\"@id\":\"https:\\\/\\\/www.eldiariodetucuman.com\\\/web\\\/maley-no-fue-a-la-legislatura-pero-se-reunio-con-los-taxistas-y-los-gremialistas-de-uta\\\/\"},\"wordCount\":343,\"commentCount\":0,\"publisher\":{\"@id\":\"https:\\\/\\\/www.eldiariodetucuman.com\\\/web\\\/#organization\"},\"image\":{\"@id\":\"https:\\\/\\\/www.eldiariodetucuman.com\\\/web\\\/maley-no-fue-a-la-legislatura-pero-se-reunio-con-los-taxistas-y-los-gremialistas-de-uta\\\/#primaryimage\"},\"thumbnailUrl\":\"https:\\\/\\\/www.eldiariodetucuman.com\\\/web\\\/wp-content\\\/uploads\\\/2018\\\/02\\\/ed22823a36057970b6704964f3624b80.jpeg\",\"articleSection\":[\"Portada\"],\"inLanguage\":\"es\",\"potentialAction\":[{\"@type\":\"CommentAction\",\"name\":\"Comment\",\"target\":[\"https:\\\/\\\/www.eldiariodetucuman.com\\\/web\\\/maley-no-fue-a-la-legislatura-pero-se-reunio-con-los-taxistas-y-los-gremialistas-de-uta\\\/#respond\"]}]},{\"@type\":\"WebPage\",\"@id\":\"https:\\\/\\\/www.eldiariodetucuman.com\\\/web\\\/maley-no-fue-a-la-legislatura-pero-se-reunio-con-los-taxistas-y-los-gremialistas-de-uta\\\/\",\"url\":\"https:\\\/\\\/www.eldiariodetucuman.com\\\/web\\\/maley-no-fue-a-la-legislatura-pero-se-reunio-con-los-taxistas-y-los-gremialistas-de-uta\\\/\",\"name\":\"Maley no fue a la Legislatura, pero se reuni\u00f3 con los taxistas y los gremialistas de UTA - El Diario de Tucuman\",\"isPartOf\":{\"@id\":\"https:\\\/\\\/www.eldiariodetucuman.com\\\/web\\\/#website\"},\"primaryImageOfPage\":{\"@id\":\"https:\\\/\\\/www.eldiariodetucuman.com\\\/web\\\/maley-no-fue-a-la-legislatura-pero-se-reunio-con-los-taxistas-y-los-gremialistas-de-uta\\\/#primaryimage\"},\"image\":{\"@id\":\"https:\\\/\\\/www.eldiariodetucuman.com\\\/web\\\/maley-no-fue-a-la-legislatura-pero-se-reunio-con-los-taxistas-y-los-gremialistas-de-uta\\\/#primaryimage\"},\"thumbnailUrl\":\"https:\\\/\\\/www.eldiariodetucuman.com\\\/web\\\/wp-content\\\/uploads\\\/2018\\\/02\\\/ed22823a36057970b6704964f3624b80.jpeg\",\"datePublished\":\"2018-02-21T15:01:03+00:00\",\"dateModified\":\"2018-02-21T15:01:21+00:00\",\"breadcrumb\":{\"@id\":\"https:\\\/\\\/www.eldiariodetucuman.com\\\/web\\\/maley-no-fue-a-la-legislatura-pero-se-reunio-con-los-taxistas-y-los-gremialistas-de-uta\\\/#breadcrumb\"},\"inLanguage\":\"es\",\"potentialAction\":[{\"@type\":\"ReadAction\",\"target\":[\"https:\\\/\\\/www.eldiariodetucuman.com\\\/web\\\/maley-no-fue-a-la-legislatura-pero-se-reunio-con-los-taxistas-y-los-gremialistas-de-uta\\\/\"]}]},{\"@type\":\"ImageObject\",\"inLanguage\":\"es\",\"@id\":\"https:\\\/\\\/www.eldiariodetucuman.com\\\/web\\\/maley-no-fue-a-la-legislatura-pero-se-reunio-con-los-taxistas-y-los-gremialistas-de-uta\\\/#primaryimage\",\"url\":\"https:\\\/\\\/www.eldiariodetucuman.com\\\/web\\\/wp-content\\\/uploads\\\/2018\\\/02\\\/ed22823a36057970b6704964f3624b80.jpeg\",\"contentUrl\":\"https:\\\/\\\/www.eldiariodetucuman.com\\\/web\\\/wp-content\\\/uploads\\\/2018\\\/02\\\/ed22823a36057970b6704964f3624b80.jpeg\",\"width\":1500,\"height\":850},{\"@type\":\"BreadcrumbList\",\"@id\":\"https:\\\/\\\/www.eldiariodetucuman.com\\\/web\\\/maley-no-fue-a-la-legislatura-pero-se-reunio-con-los-taxistas-y-los-gremialistas-de-uta\\\/#breadcrumb\",\"itemListElement\":[{\"@type\":\"ListItem\",\"position\":1,\"name\":\"Portada\",\"item\":\"https:\\\/\\\/www.eldiariodetucuman.com\\\/web\\\/\"},{\"@type\":\"ListItem\",\"position\":2,\"name\":\"Maley no fue a la Legislatura, pero se reuni\u00f3 con los taxistas y los gremialistas de UTA\"}]},{\"@type\":\"WebSite\",\"@id\":\"https:\\\/\\\/www.eldiariodetucuman.com\\\/web\\\/#website\",\"url\":\"https:\\\/\\\/www.eldiariodetucuman.com\\\/web\\\/\",\"name\":\"El Diario de Tucuman\",\"description\":\"Diario Tucuman - Informaci\u00f3n y noticias\",\"publisher\":{\"@id\":\"https:\\\/\\\/www.eldiariodetucuman.com\\\/web\\\/#organization\"},\"potentialAction\":[{\"@type\":\"SearchAction\",\"target\":{\"@type\":\"EntryPoint\",\"urlTemplate\":\"https:\\\/\\\/www.eldiariodetucuman.com\\\/web\\\/?s={search_term_string}\"},\"query-input\":{\"@type\":\"PropertyValueSpecification\",\"valueRequired\":true,\"valueName\":\"search_term_string\"}}],\"inLanguage\":\"es\"},{\"@type\":\"Organization\",\"@id\":\"https:\\\/\\\/www.eldiariodetucuman.com\\\/web\\\/#organization\",\"name\":\"El Diario de Tucuman\",\"url\":\"https:\\\/\\\/www.eldiariodetucuman.com\\\/web\\\/\",\"logo\":{\"@type\":\"ImageObject\",\"inLanguage\":\"es\",\"@id\":\"https:\\\/\\\/www.eldiariodetucuman.com\\\/web\\\/#\\\/schema\\\/logo\\\/image\\\/\",\"url\":\"http:\\\/\\\/www.eldiariodetucuman.com\\\/web\\\/wp-content\\\/uploads\\\/2017\\\/12\\\/el-diario-de-tucuman.jpg\",\"contentUrl\":\"http:\\\/\\\/www.eldiariodetucuman.com\\\/web\\\/wp-content\\\/uploads\\\/2017\\\/12\\\/el-diario-de-tucuman.jpg\",\"width\":272,\"height\":92,\"caption\":\"El Diario de Tucuman\"},\"image\":{\"@id\":\"https:\\\/\\\/www.eldiariodetucuman.com\\\/web\\\/#\\\/schema\\\/logo\\\/image\\\/\"}},{\"@type\":\"Person\",\"@id\":\"https:\\\/\\\/www.eldiariodetucuman.com\\\/web\\\/#\\\/schema\\\/person\\\/9250197d75ab5483412e19678b121caa\",\"name\":\"admin\",\"image\":{\"@type\":\"ImageObject\",\"inLanguage\":\"es\",\"@id\":\"https:\\\/\\\/secure.gravatar.com\\\/avatar\\\/c44d117c2be811212c22cb481f6b8384b6873de103fbc49e7a03cc58d7dea4ac?s=96&d=mm&r=g\",\"url\":\"https:\\\/\\\/secure.gravatar.com\\\/avatar\\\/c44d117c2be811212c22cb481f6b8384b6873de103fbc49e7a03cc58d7dea4ac?s=96&d=mm&r=g\",\"contentUrl\":\"https:\\\/\\\/secure.gravatar.com\\\/avatar\\\/c44d117c2be811212c22cb481f6b8384b6873de103fbc49e7a03cc58d7dea4ac?s=96&d=mm&r=g\",\"caption\":\"admin\"},\"url\":\"https:\\\/\\\/www.eldiariodetucuman.com\\\/web\\\/author\\\/admin\\\/\"}]}<\/script>\n<!-- \/ Yoast SEO plugin. -->","yoast_head_json":{"title":"Maley no fue a la Legislatura, pero se reuni\u00f3 con los taxistas y los gremialistas de UTA - El Diario de Tucuman","robots":{"index":"index","follow":"follow","max-snippet":"max-snippet:-1","max-image-preview":"max-image-preview:large","max-video-preview":"max-video-preview:-1"},"canonical":"https:\/\/www.eldiariodetucuman.com\/web\/maley-no-fue-a-la-legislatura-pero-se-reunio-con-los-taxistas-y-los-gremialistas-de-uta\/","og_locale":"es_ES","og_type":"article","og_title":"Maley no fue a la Legislatura, pero se reuni\u00f3 con los taxistas y los gremialistas de UTA - El Diario de Tucuman","og_description":"Por problemas de agenda, el ministro de Seguridad, Claudio Maley, no concurri\u00f3 esta ma\u00f1ana a la Legislatura, donde hoy ten\u00eda prevista una reuni\u00f3n de la Comisi\u00f3n de Seguimiento de la Ley de Emergencia de Seguridad. Seg\u00fan se inform\u00f3, su ausencia del funcionario provincial se debi\u00f3 a un encuentro que mantuvo con el Sindicato de Peones [&hellip;]","og_url":"https:\/\/www.eldiariodetucuman.com\/web\/maley-no-fue-a-la-legislatura-pero-se-reunio-con-los-taxistas-y-los-gremialistas-de-uta\/","og_site_name":"El Diario de Tucuman","article_published_time":"2018-02-21T15:01:03+00:00","article_modified_time":"2018-02-21T15:01:21+00:00","og_image":[{"width":1500,"height":850,"url":"https:\/\/www.eldiariodetucuman.com\/web\/wp-content\/uploads\/2018\/02\/ed22823a36057970b6704964f3624b80.jpeg","type":"image\/jpeg"}],"author":"admin","twitter_card":"summary_large_image","twitter_misc":{"Escrito por":"admin","Tiempo de lectura":"2 minutos"},"schema":{"@context":"https:\/\/schema.org","@graph":[{"@type":"Article","@id":"https:\/\/www.eldiariodetucuman.com\/web\/maley-no-fue-a-la-legislatura-pero-se-reunio-con-los-taxistas-y-los-gremialistas-de-uta\/#article","isPartOf":{"@id":"https:\/\/www.eldiariodetucuman.com\/web\/maley-no-fue-a-la-legislatura-pero-se-reunio-con-los-taxistas-y-los-gremialistas-de-uta\/"},"author":{"name":"admin","@id":"https:\/\/www.eldiariodetucuman.com\/web\/#\/schema\/person\/9250197d75ab5483412e19678b121caa"},"headline":"Maley no fue a la Legislatura, pero se reuni\u00f3 con los taxistas y los gremialistas de UTA","datePublished":"2018-02-21T15:01:03+00:00","dateModified":"2018-02-21T15:01:21+00:00","mainEntityOfPage":{"@id":"https:\/\/www.eldiariodetucuman.com\/web\/maley-no-fue-a-la-legislatura-pero-se-reunio-con-los-taxistas-y-los-gremialistas-de-uta\/"},"wordCount":343,"commentCount":0,"publisher":{"@id":"https:\/\/www.eldiariodetucuman.com\/web\/#organization"},"image":{"@id":"https:\/\/www.eldiariodetucuman.com\/web\/maley-no-fue-a-la-legislatura-pero-se-reunio-con-los-taxistas-y-los-gremialistas-de-uta\/#primaryimage"},"thumbnailUrl":"https:\/\/www.eldiariodetucuman.com\/web\/wp-content\/uploads\/2018\/02\/ed22823a36057970b6704964f3624b80.jpeg","articleSection":["Portada"],"inLanguage":"es","potentialAction":[{"@type":"CommentAction","name":"Comment","target":["https:\/\/www.eldiariodetucuman.com\/web\/maley-no-fue-a-la-legislatura-pero-se-reunio-con-los-taxistas-y-los-gremialistas-de-uta\/#respond"]}]},{"@type":"WebPage","@id":"https:\/\/www.eldiariodetucuman.com\/web\/maley-no-fue-a-la-legislatura-pero-se-reunio-con-los-taxistas-y-los-gremialistas-de-uta\/","url":"https:\/\/www.eldiariodetucuman.com\/web\/maley-no-fue-a-la-legislatura-pero-se-reunio-con-los-taxistas-y-los-gremialistas-de-uta\/","name":"Maley no fue a la Legislatura, pero se reuni\u00f3 con los taxistas y los gremialistas de UTA - El Diario de Tucuman","isPartOf":{"@id":"https:\/\/www.eldiariodetucuman.com\/web\/#website"},"primaryImageOfPage":{"@id":"https:\/\/www.eldiariodetucuman.com\/web\/maley-no-fue-a-la-legislatura-pero-se-reunio-con-los-taxistas-y-los-gremialistas-de-uta\/#primaryimage"},"image":{"@id":"https:\/\/www.eldiariodetucuman.com\/web\/maley-no-fue-a-la-legislatura-pero-se-reunio-con-los-taxistas-y-los-gremialistas-de-uta\/#primaryimage"},"thumbnailUrl":"https:\/\/www.eldiariodetucuman.com\/web\/wp-content\/uploads\/2018\/02\/ed22823a36057970b6704964f3624b80.jpeg","datePublished":"2018-02-21T15:01:03+00:00","dateModified":"2018-02-21T15:01:21+00:00","breadcrumb":{"@id":"https:\/\/www.eldiariodetucuman.com\/web\/maley-no-fue-a-la-legislatura-pero-se-reunio-con-los-taxistas-y-los-gremialistas-de-uta\/#breadcrumb"},"inLanguage":"es","potentialAction":[{"@type":"ReadAction","target":["https:\/\/www.eldiariodetucuman.com\/web\/maley-no-fue-a-la-legislatura-pero-se-reunio-con-los-taxistas-y-los-gremialistas-de-uta\/"]}]},{"@type":"ImageObject","inLanguage":"es","@id":"https:\/\/www.eldiariodetucuman.com\/web\/maley-no-fue-a-la-legislatura-pero-se-reunio-con-los-taxistas-y-los-gremialistas-de-uta\/#primaryimage","url":"https:\/\/www.eldiariodetucuman.com\/web\/wp-content\/uploads\/2018\/02\/ed22823a36057970b6704964f3624b80.jpeg","contentUrl":"https:\/\/www.eldiariodetucuman.com\/web\/wp-content\/uploads\/2018\/02\/ed22823a36057970b6704964f3624b80.jpeg","width":1500,"height":850},{"@type":"BreadcrumbList","@id":"https:\/\/www.eldiariodetucuman.com\/web\/maley-no-fue-a-la-legislatura-pero-se-reunio-con-los-taxistas-y-los-gremialistas-de-uta\/#breadcrumb","itemListElement":[{"@type":"ListItem","position":1,"name":"Portada","item":"https:\/\/www.eldiariodetucuman.com\/web\/"},{"@type":"ListItem","position":2,"name":"Maley no fue a la Legislatura, pero se reuni\u00f3 con los taxistas y los gremialistas de UTA"}]},{"@type":"WebSite","@id":"https:\/\/www.eldiariodetucuman.com\/web\/#website","url":"https:\/\/www.eldiariodetucuman.com\/web\/","name":"El Diario de Tucuman","description":"Diario Tucuman - Informaci\u00f3n y noticias","publisher":{"@id":"https:\/\/www.eldiariodetucuman.com\/web\/#organization"},"potentialAction":[{"@type":"SearchAction","target":{"@type":"EntryPoint","urlTemplate":"https:\/\/www.eldiariodetucuman.com\/web\/?s={search_term_string}"},"query-input":{"@type":"PropertyValueSpecification","valueRequired":true,"valueName":"search_term_string"}}],"inLanguage":"es"},{"@type":"Organization","@id":"https:\/\/www.eldiariodetucuman.com\/web\/#organization","name":"El Diario de Tucuman","url":"https:\/\/www.eldiariodetucuman.com\/web\/","logo":{"@type":"ImageObject","inLanguage":"es","@id":"https:\/\/www.eldiariodetucuman.com\/web\/#\/schema\/logo\/image\/","url":"http:\/\/www.eldiariodetucuman.com\/web\/wp-content\/uploads\/2017\/12\/el-diario-de-tucuman.jpg","contentUrl":"http:\/\/www.eldiariodetucuman.com\/web\/wp-content\/uploads\/2017\/12\/el-diario-de-tucuman.jpg","width":272,"height":92,"caption":"El Diario de Tucuman"},"image":{"@id":"https:\/\/www.eldiariodetucuman.com\/web\/#\/schema\/logo\/image\/"}},{"@type":"Person","@id":"https:\/\/www.eldiariodetucuman.com\/web\/#\/schema\/person\/9250197d75ab5483412e19678b121caa","name":"admin","image":{"@type":"ImageObject","inLanguage":"es","@id":"https:\/\/secure.gravatar.com\/avatar\/c44d117c2be811212c22cb481f6b8384b6873de103fbc49e7a03cc58d7dea4ac?s=96&d=mm&r=g","url":"https:\/\/secure.gravatar.com\/avatar\/c44d117c2be811212c22cb481f6b8384b6873de103fbc49e7a03cc58d7dea4ac?s=96&d=mm&r=g","contentUrl":"https:\/\/secure.gravatar.com\/avatar\/c44d117c2be811212c22cb481f6b8384b6873de103fbc49e7a03cc58d7dea4ac?s=96&d=mm&r=g","caption":"admin"},"url":"https:\/\/www.eldiariodetucuman.com\/web\/author\/admin\/"}]}},"_links":{"self":[{"href":"https:\/\/www.eldiariodetucuman.com\/web\/wp-json\/wp\/v2\/posts\/5647","targetHints":{"allow":["GET"]}}],"collection":[{"href":"https:\/\/www.eldiariodetucuman.com\/web\/wp-json\/wp\/v2\/posts"}],"about":[{"href":"https:\/\/www.eldiariodetucuman.com\/web\/wp-json\/wp\/v2\/types\/post"}],"author":[{"embeddable":true,"href":"https:\/\/www.eldiariodetucuman.com\/web\/wp-json\/wp\/v2\/users\/1"}],"replies":[{"embeddable":true,"href":"https:\/\/www.eldiariodetucuman.com\/web\/wp-json\/wp\/v2\/comments?post=5647"}],"version-history":[{"count":1,"href":"https:\/\/www.eldiariodetucuman.com\/web\/wp-json\/wp\/v2\/posts\/5647\/revisions"}],"predecessor-version":[{"id":5649,"href":"https:\/\/www.eldiariodetucuman.com\/web\/wp-json\/wp\/v2\/posts\/5647\/revisions\/5649"}],"wp:featuredmedia":[{"embeddable":true,"href":"https:\/\/www.eldiariodetucuman.com\/web\/wp-json\/wp\/v2\/media\/5648"}],"wp:attachment":[{"href":"https:\/\/www.eldiariodetucuman.com\/web\/wp-json\/wp\/v2\/media?parent=5647"}],"wp:term":[{"taxonomy":"category","embeddable":true,"href":"https:\/\/www.eldiariodetucuman.com\/web\/wp-json\/wp\/v2\/categories?post=5647"},{"taxonomy":"post_tag","embeddable":true,"href":"https:\/\/www.eldiariodetucuman.com\/web\/wp-json\/wp\/v2\/tags?post=5647"}],"curies":[{"name":"wp","href":"https:\/\/api.w.org\/{rel}","templated":true}]}}