{"id":5641,"date":"2018-02-21T11:42:30","date_gmt":"2018-02-21T14:42:30","guid":{"rendered":"http:\/\/www.eldiariodetucuman.com\/web\/la-crisis-en-la-cgt-y-los-gremios-que-no-marchan-con-moyano\/"},"modified":"2018-02-21T11:42:37","modified_gmt":"2018-02-21T14:42:37","slug":"la-crisis-en-la-cgt-y-los-gremios-que-no-marchan-con-moyano","status":"publish","type":"post","link":"https:\/\/www.eldiariodetucuman.com\/web\/la-crisis-en-la-cgt-y-los-gremios-que-no-marchan-con-moyano\/","title":{"rendered":"La crisis en la CGT y los gremios que no marchan con Moyano"},"content":{"rendered":"<div>\n<div readability=\"64.965493443754\">\n<p>La <strong><a href=\"https:\/\/www.elintransigente.com\/politica\/2018\/2\/21\/moyano-sus-aliados-se-preparan-para-la-marcha-479483.html\">movilizaci\u00f3n que llevan a cabo hoy<\/a><\/strong> los dirigentes y organizaciones sociales, pol\u00edticos y sindicales, afines al dirigente gremial <strong><a href=\"https:\/\/www.elintransigente.com\/noticias\/buscar\/?buscar=hugo+moyano\">Hugo Moyano<\/a><\/strong>, se da en el marco de una crisis de representaci\u00f3n en la Confederaci\u00f3n General del Trabajo (CGT). En las \u00faltimas semanas, distintos dirigentes que integran la CGT, manifestaron su negativa a formar parte de la movilizaci\u00f3n. El argumento principal fue un pronunciamiento a favor del \u201cdi\u00e1logo\u201d con el Gobierno.<\/p>\n<p>Una de las voces principales que reivindic\u00f3 ese di\u00e1logo por estos d\u00edas fue <strong><a href=\"https:\/\/www.elintransigente.com\/politica\/2018\/2\/15\/lingieri-le-hizo-un-nuevo-guino-macri-tras-acordar-por-el-15-478809.html\">Jos\u00e9 Luis Lingeri<\/a><\/strong>, dirigente de Obras Sanitarias. Su gremio paut\u00f3 un 15% de aumento. Y hace menos de una semana, cuando comenzaba a organizarse la marcha, Lingeri dio su apoyo al Gobierno: \u201cPara m\u00ed el Gobierno de Mauricio Macri est\u00e1 7 puntos, tiene tiempo para mejorar las cosas, pero se debe escuchar. Hay que ajustar el tema econ\u00f3mico, el d\u00e9ficit fiscal, la deuda y la inflaci\u00f3n. Con el verso que el d\u00f3lar no es competitivo se sigue remarcando y afectan al consumidor\u201d. Adem\u00e1s, Lingeri asever\u00f3 que, seg\u00fan su perspectiva, Moyano convoc\u00f3 a la marcha m\u00e1s por motivos personales que sociales.<\/p>\n<p>Entre quienes <strong>siguieron la l\u00ednea discursiva y de acci\u00f3n de Lingeri <\/strong>se encuentran Luis Barrionuevo (Gastron\u00f3micos), H\u00e9ctor Daer (Sanidad). Tambi\u00e9n rechazaron marchar Sergio Sasia (Uni\u00f3n Ferroviaria), Rodolfo Daer (Alimentaci\u00f3n), Armando Cavalieri (Comercio), Gerardo Mart\u00ednez (Construcci\u00f3n), Andr\u00e9s Rodr\u00edguez (Estatales), Ram\u00f3n Ayala (Trabajadores Rurales y Estibadores), entre otros. La UTA y La Fraternidad tambi\u00e9n se negaron a participar. Es decir, la mayor parte de la dirigencia tradicional de la Confederaci\u00f3n.<\/p>\n<aside class=\"htmlinline \"><ins class=\"adsbygoogle\" data-ad-format=\"fluid\" data-ad-layout=\"in-article\" data-ad-client=\"ca-pub-7781556717282971\" data-ad-slot=\"9383133609\"><\/ins><br \/>\n<\/aside>\n<p>En el marco de esta manifestaci\u00f3n de las diferencias internas, otras interpretaciones sobre la significaci\u00f3n de la marcha en el contexto en que se desarrolla se hicieron o\u00edr. Fue el caso de <a href=\"https:\/\/www.elintransigente.com\/politica\/2018\/2\/16\/para-schmid-se-agoto-el-ciclo-del-triunvirato-478943.html\">Juan <strong>Carlos Schmid<\/strong><\/a> (Dragado y Balizamiento) quien atribuy\u00f3 la crisis de la Confederaci\u00f3n a las diferencias respecto a la interpretaci\u00f3n de la realidad, de la situaci\u00f3n pol\u00edtica-econ\u00f3mica. Schmid dijo que desde diciembre, la dirigencia de la CGT ya no se mueve org\u00e1nicamente: \u201cTenemos miradas diferentes de la realidad\u201d.<\/p>\n<p>Ayer <a href=\"https:\/\/www.elintransigente.com\/sociedad\/2018\/2\/21\/mira-por-donde-va-pasar-la-marcha-evita-demoras-479490.html\"><strong>Schmid<\/strong> <\/a>volvi\u00f3 a hablar p\u00fablicamente. Fue para contestarle a Lingeri y a parte del Gobierno: \u00abLa marcha de ma\u00f1ana no es de los Camioneros; es una marcha donde hay un documento con reclamos\u00bb. Y, otra vez, apel\u00f3 al di\u00e1logo interno, al aseverar que la c\u00fapula de la CGT \u00abtiene \u00a0la obligaci\u00f3n de instrumentar la salida de la crisis\u00bb.<\/p>\n<p>La marcha de hoy es posiblemente una forma de visibilizar esa crisis, de hacerla manifiesta. Y la forma en que Hugo Moyano y su grupo de pertenencia se comunican con sus colegas. Y, tambi\u00e9n, el modo en que ese sector de la CGT encontr\u00f3 para rechazar la incidencia directa del Gobierno en la definici\u00f3n de la situaci\u00f3n que atraviesa la organizaci\u00f3n.<\/p>\n<\/div>\n<\/div>\n<p>Fuente: https:\/\/www.elintransigente.com\/politica\/2018\/2\/21\/la-crisis-en-la-cgt-los-gremios-que-no-marchan-con-moyano-479493.html<\/p>\n","protected":false},"excerpt":{"rendered":"<p>La movilizaci\u00f3n que llevan a cabo hoy los dirigentes y organizaciones sociales, pol\u00edticos y sindicales, afines al dirigente gremial Hugo Moyano, se da en el marco de una crisis de representaci\u00f3n en la Confederaci\u00f3n General del Trabajo (CGT). En las \u00faltimas semanas, distintos dirigentes que integran la CGT, manifestaron su negativa a formar parte de [&hellip;]<\/p>\n","protected":false},"author":1,"featured_media":5642,"comment_status":"open","ping_status":"closed","sticky":false,"template":"","format":"standard","meta":{"footnotes":""},"categories":[1],"tags":[],"class_list":{"0":"post-5641","1":"post","2":"type-post","3":"status-publish","4":"format-standard","5":"has-post-thumbnail","7":"category-portada"},"yoast_head":"<!-- This site is optimized with the Yoast SEO plugin v27.5 - https:\/\/yoast.com\/product\/yoast-seo-wordpress\/ -->\n<title>La crisis en la CGT y los gremios que no marchan con Moyano - El Diario de Tucuman<\/title>\n<meta name=\"robots\" content=\"index, follow, max-snippet:-1, max-image-preview:large, max-video-preview:-1\" \/>\n<link rel=\"canonical\" href=\"https:\/\/www.eldiariodetucuman.com\/web\/la-crisis-en-la-cgt-y-los-gremios-que-no-marchan-con-moyano\/\" \/>\n<meta property=\"og:locale\" content=\"es_ES\" \/>\n<meta property=\"og:type\" content=\"article\" \/>\n<meta property=\"og:title\" content=\"La crisis en la CGT y los gremios que no marchan con Moyano - El Diario de Tucuman\" \/>\n<meta property=\"og:description\" content=\"La movilizaci\u00f3n que llevan a cabo hoy los dirigentes y organizaciones sociales, pol\u00edticos y sindicales, afines al dirigente gremial Hugo Moyano, se da en el marco de una crisis de representaci\u00f3n en la Confederaci\u00f3n General del Trabajo (CGT). En las \u00faltimas semanas, distintos dirigentes que integran la CGT, manifestaron su negativa a formar parte de [&hellip;]\" \/>\n<meta property=\"og:url\" content=\"https:\/\/www.eldiariodetucuman.com\/web\/la-crisis-en-la-cgt-y-los-gremios-que-no-marchan-con-moyano\/\" \/>\n<meta property=\"og:site_name\" content=\"El Diario de Tucuman\" \/>\n<meta property=\"article:published_time\" content=\"2018-02-21T14:42:30+00:00\" \/>\n<meta property=\"article:modified_time\" content=\"2018-02-21T14:42:37+00:00\" \/>\n<meta property=\"og:image\" content=\"https:\/\/www.eldiariodetucuman.com\/web\/wp-content\/uploads\/2018\/02\/003e276663797b9118a64af65ceef84f.jpeg\" \/>\n\t<meta property=\"og:image:width\" content=\"960\" \/>\n\t<meta property=\"og:image:height\" content=\"640\" \/>\n\t<meta property=\"og:image:type\" content=\"image\/jpeg\" \/>\n<meta name=\"author\" content=\"admin\" \/>\n<meta name=\"twitter:card\" content=\"summary_large_image\" \/>\n<meta name=\"twitter:label1\" content=\"Escrito por\" \/>\n\t<meta name=\"twitter:data1\" content=\"admin\" \/>\n\t<meta name=\"twitter:label2\" content=\"Tiempo de lectura\" \/>\n\t<meta name=\"twitter:data2\" content=\"3 minutos\" \/>\n<script type=\"application\/ld+json\" class=\"yoast-schema-graph\">{\"@context\":\"https:\\\/\\\/schema.org\",\"@graph\":[{\"@type\":\"Article\",\"@id\":\"https:\\\/\\\/www.eldiariodetucuman.com\\\/web\\\/la-crisis-en-la-cgt-y-los-gremios-que-no-marchan-con-moyano\\\/#article\",\"isPartOf\":{\"@id\":\"https:\\\/\\\/www.eldiariodetucuman.com\\\/web\\\/la-crisis-en-la-cgt-y-los-gremios-que-no-marchan-con-moyano\\\/\"},\"author\":{\"name\":\"admin\",\"@id\":\"https:\\\/\\\/www.eldiariodetucuman.com\\\/web\\\/#\\\/schema\\\/person\\\/9250197d75ab5483412e19678b121caa\"},\"headline\":\"La crisis en la CGT y los gremios que no marchan con Moyano\",\"datePublished\":\"2018-02-21T14:42:30+00:00\",\"dateModified\":\"2018-02-21T14:42:37+00:00\",\"mainEntityOfPage\":{\"@id\":\"https:\\\/\\\/www.eldiariodetucuman.com\\\/web\\\/la-crisis-en-la-cgt-y-los-gremios-que-no-marchan-con-moyano\\\/\"},\"wordCount\":517,\"commentCount\":0,\"publisher\":{\"@id\":\"https:\\\/\\\/www.eldiariodetucuman.com\\\/web\\\/#organization\"},\"image\":{\"@id\":\"https:\\\/\\\/www.eldiariodetucuman.com\\\/web\\\/la-crisis-en-la-cgt-y-los-gremios-que-no-marchan-con-moyano\\\/#primaryimage\"},\"thumbnailUrl\":\"https:\\\/\\\/www.eldiariodetucuman.com\\\/web\\\/wp-content\\\/uploads\\\/2018\\\/02\\\/003e276663797b9118a64af65ceef84f.jpeg\",\"articleSection\":[\"Portada\"],\"inLanguage\":\"es\",\"potentialAction\":[{\"@type\":\"CommentAction\",\"name\":\"Comment\",\"target\":[\"https:\\\/\\\/www.eldiariodetucuman.com\\\/web\\\/la-crisis-en-la-cgt-y-los-gremios-que-no-marchan-con-moyano\\\/#respond\"]}]},{\"@type\":\"WebPage\",\"@id\":\"https:\\\/\\\/www.eldiariodetucuman.com\\\/web\\\/la-crisis-en-la-cgt-y-los-gremios-que-no-marchan-con-moyano\\\/\",\"url\":\"https:\\\/\\\/www.eldiariodetucuman.com\\\/web\\\/la-crisis-en-la-cgt-y-los-gremios-que-no-marchan-con-moyano\\\/\",\"name\":\"La crisis en la CGT y los gremios que no marchan con Moyano - El Diario de Tucuman\",\"isPartOf\":{\"@id\":\"https:\\\/\\\/www.eldiariodetucuman.com\\\/web\\\/#website\"},\"primaryImageOfPage\":{\"@id\":\"https:\\\/\\\/www.eldiariodetucuman.com\\\/web\\\/la-crisis-en-la-cgt-y-los-gremios-que-no-marchan-con-moyano\\\/#primaryimage\"},\"image\":{\"@id\":\"https:\\\/\\\/www.eldiariodetucuman.com\\\/web\\\/la-crisis-en-la-cgt-y-los-gremios-que-no-marchan-con-moyano\\\/#primaryimage\"},\"thumbnailUrl\":\"https:\\\/\\\/www.eldiariodetucuman.com\\\/web\\\/wp-content\\\/uploads\\\/2018\\\/02\\\/003e276663797b9118a64af65ceef84f.jpeg\",\"datePublished\":\"2018-02-21T14:42:30+00:00\",\"dateModified\":\"2018-02-21T14:42:37+00:00\",\"breadcrumb\":{\"@id\":\"https:\\\/\\\/www.eldiariodetucuman.com\\\/web\\\/la-crisis-en-la-cgt-y-los-gremios-que-no-marchan-con-moyano\\\/#breadcrumb\"},\"inLanguage\":\"es\",\"potentialAction\":[{\"@type\":\"ReadAction\",\"target\":[\"https:\\\/\\\/www.eldiariodetucuman.com\\\/web\\\/la-crisis-en-la-cgt-y-los-gremios-que-no-marchan-con-moyano\\\/\"]}]},{\"@type\":\"ImageObject\",\"inLanguage\":\"es\",\"@id\":\"https:\\\/\\\/www.eldiariodetucuman.com\\\/web\\\/la-crisis-en-la-cgt-y-los-gremios-que-no-marchan-con-moyano\\\/#primaryimage\",\"url\":\"https:\\\/\\\/www.eldiariodetucuman.com\\\/web\\\/wp-content\\\/uploads\\\/2018\\\/02\\\/003e276663797b9118a64af65ceef84f.jpeg\",\"contentUrl\":\"https:\\\/\\\/www.eldiariodetucuman.com\\\/web\\\/wp-content\\\/uploads\\\/2018\\\/02\\\/003e276663797b9118a64af65ceef84f.jpeg\",\"width\":960,\"height\":640},{\"@type\":\"BreadcrumbList\",\"@id\":\"https:\\\/\\\/www.eldiariodetucuman.com\\\/web\\\/la-crisis-en-la-cgt-y-los-gremios-que-no-marchan-con-moyano\\\/#breadcrumb\",\"itemListElement\":[{\"@type\":\"ListItem\",\"position\":1,\"name\":\"Portada\",\"item\":\"https:\\\/\\\/www.eldiariodetucuman.com\\\/web\\\/\"},{\"@type\":\"ListItem\",\"position\":2,\"name\":\"La crisis en la CGT y los gremios que no marchan con Moyano\"}]},{\"@type\":\"WebSite\",\"@id\":\"https:\\\/\\\/www.eldiariodetucuman.com\\\/web\\\/#website\",\"url\":\"https:\\\/\\\/www.eldiariodetucuman.com\\\/web\\\/\",\"name\":\"El Diario de Tucuman\",\"description\":\"Diario Tucuman - Informaci\u00f3n y noticias\",\"publisher\":{\"@id\":\"https:\\\/\\\/www.eldiariodetucuman.com\\\/web\\\/#organization\"},\"potentialAction\":[{\"@type\":\"SearchAction\",\"target\":{\"@type\":\"EntryPoint\",\"urlTemplate\":\"https:\\\/\\\/www.eldiariodetucuman.com\\\/web\\\/?s={search_term_string}\"},\"query-input\":{\"@type\":\"PropertyValueSpecification\",\"valueRequired\":true,\"valueName\":\"search_term_string\"}}],\"inLanguage\":\"es\"},{\"@type\":\"Organization\",\"@id\":\"https:\\\/\\\/www.eldiariodetucuman.com\\\/web\\\/#organization\",\"name\":\"El Diario de Tucuman\",\"url\":\"https:\\\/\\\/www.eldiariodetucuman.com\\\/web\\\/\",\"logo\":{\"@type\":\"ImageObject\",\"inLanguage\":\"es\",\"@id\":\"https:\\\/\\\/www.eldiariodetucuman.com\\\/web\\\/#\\\/schema\\\/logo\\\/image\\\/\",\"url\":\"http:\\\/\\\/www.eldiariodetucuman.com\\\/web\\\/wp-content\\\/uploads\\\/2017\\\/12\\\/el-diario-de-tucuman.jpg\",\"contentUrl\":\"http:\\\/\\\/www.eldiariodetucuman.com\\\/web\\\/wp-content\\\/uploads\\\/2017\\\/12\\\/el-diario-de-tucuman.jpg\",\"width\":272,\"height\":92,\"caption\":\"El Diario de Tucuman\"},\"image\":{\"@id\":\"https:\\\/\\\/www.eldiariodetucuman.com\\\/web\\\/#\\\/schema\\\/logo\\\/image\\\/\"}},{\"@type\":\"Person\",\"@id\":\"https:\\\/\\\/www.eldiariodetucuman.com\\\/web\\\/#\\\/schema\\\/person\\\/9250197d75ab5483412e19678b121caa\",\"name\":\"admin\",\"image\":{\"@type\":\"ImageObject\",\"inLanguage\":\"es\",\"@id\":\"https:\\\/\\\/secure.gravatar.com\\\/avatar\\\/c44d117c2be811212c22cb481f6b8384b6873de103fbc49e7a03cc58d7dea4ac?s=96&d=mm&r=g\",\"url\":\"https:\\\/\\\/secure.gravatar.com\\\/avatar\\\/c44d117c2be811212c22cb481f6b8384b6873de103fbc49e7a03cc58d7dea4ac?s=96&d=mm&r=g\",\"contentUrl\":\"https:\\\/\\\/secure.gravatar.com\\\/avatar\\\/c44d117c2be811212c22cb481f6b8384b6873de103fbc49e7a03cc58d7dea4ac?s=96&d=mm&r=g\",\"caption\":\"admin\"},\"url\":\"https:\\\/\\\/www.eldiariodetucuman.com\\\/web\\\/author\\\/admin\\\/\"}]}<\/script>\n<!-- \/ Yoast SEO plugin. -->","yoast_head_json":{"title":"La crisis en la CGT y los gremios que no marchan con Moyano - El Diario de Tucuman","robots":{"index":"index","follow":"follow","max-snippet":"max-snippet:-1","max-image-preview":"max-image-preview:large","max-video-preview":"max-video-preview:-1"},"canonical":"https:\/\/www.eldiariodetucuman.com\/web\/la-crisis-en-la-cgt-y-los-gremios-que-no-marchan-con-moyano\/","og_locale":"es_ES","og_type":"article","og_title":"La crisis en la CGT y los gremios que no marchan con Moyano - El Diario de Tucuman","og_description":"La movilizaci\u00f3n que llevan a cabo hoy los dirigentes y organizaciones sociales, pol\u00edticos y sindicales, afines al dirigente gremial Hugo Moyano, se da en el marco de una crisis de representaci\u00f3n en la Confederaci\u00f3n General del Trabajo (CGT). En las \u00faltimas semanas, distintos dirigentes que integran la CGT, manifestaron su negativa a formar parte de [&hellip;]","og_url":"https:\/\/www.eldiariodetucuman.com\/web\/la-crisis-en-la-cgt-y-los-gremios-que-no-marchan-con-moyano\/","og_site_name":"El Diario de Tucuman","article_published_time":"2018-02-21T14:42:30+00:00","article_modified_time":"2018-02-21T14:42:37+00:00","og_image":[{"width":960,"height":640,"url":"https:\/\/www.eldiariodetucuman.com\/web\/wp-content\/uploads\/2018\/02\/003e276663797b9118a64af65ceef84f.jpeg","type":"image\/jpeg"}],"author":"admin","twitter_card":"summary_large_image","twitter_misc":{"Escrito por":"admin","Tiempo de lectura":"3 minutos"},"schema":{"@context":"https:\/\/schema.org","@graph":[{"@type":"Article","@id":"https:\/\/www.eldiariodetucuman.com\/web\/la-crisis-en-la-cgt-y-los-gremios-que-no-marchan-con-moyano\/#article","isPartOf":{"@id":"https:\/\/www.eldiariodetucuman.com\/web\/la-crisis-en-la-cgt-y-los-gremios-que-no-marchan-con-moyano\/"},"author":{"name":"admin","@id":"https:\/\/www.eldiariodetucuman.com\/web\/#\/schema\/person\/9250197d75ab5483412e19678b121caa"},"headline":"La crisis en la CGT y los gremios que no marchan con Moyano","datePublished":"2018-02-21T14:42:30+00:00","dateModified":"2018-02-21T14:42:37+00:00","mainEntityOfPage":{"@id":"https:\/\/www.eldiariodetucuman.com\/web\/la-crisis-en-la-cgt-y-los-gremios-que-no-marchan-con-moyano\/"},"wordCount":517,"commentCount":0,"publisher":{"@id":"https:\/\/www.eldiariodetucuman.com\/web\/#organization"},"image":{"@id":"https:\/\/www.eldiariodetucuman.com\/web\/la-crisis-en-la-cgt-y-los-gremios-que-no-marchan-con-moyano\/#primaryimage"},"thumbnailUrl":"https:\/\/www.eldiariodetucuman.com\/web\/wp-content\/uploads\/2018\/02\/003e276663797b9118a64af65ceef84f.jpeg","articleSection":["Portada"],"inLanguage":"es","potentialAction":[{"@type":"CommentAction","name":"Comment","target":["https:\/\/www.eldiariodetucuman.com\/web\/la-crisis-en-la-cgt-y-los-gremios-que-no-marchan-con-moyano\/#respond"]}]},{"@type":"WebPage","@id":"https:\/\/www.eldiariodetucuman.com\/web\/la-crisis-en-la-cgt-y-los-gremios-que-no-marchan-con-moyano\/","url":"https:\/\/www.eldiariodetucuman.com\/web\/la-crisis-en-la-cgt-y-los-gremios-que-no-marchan-con-moyano\/","name":"La crisis en la CGT y los gremios que no marchan con Moyano - El Diario de Tucuman","isPartOf":{"@id":"https:\/\/www.eldiariodetucuman.com\/web\/#website"},"primaryImageOfPage":{"@id":"https:\/\/www.eldiariodetucuman.com\/web\/la-crisis-en-la-cgt-y-los-gremios-que-no-marchan-con-moyano\/#primaryimage"},"image":{"@id":"https:\/\/www.eldiariodetucuman.com\/web\/la-crisis-en-la-cgt-y-los-gremios-que-no-marchan-con-moyano\/#primaryimage"},"thumbnailUrl":"https:\/\/www.eldiariodetucuman.com\/web\/wp-content\/uploads\/2018\/02\/003e276663797b9118a64af65ceef84f.jpeg","datePublished":"2018-02-21T14:42:30+00:00","dateModified":"2018-02-21T14:42:37+00:00","breadcrumb":{"@id":"https:\/\/www.eldiariodetucuman.com\/web\/la-crisis-en-la-cgt-y-los-gremios-que-no-marchan-con-moyano\/#breadcrumb"},"inLanguage":"es","potentialAction":[{"@type":"ReadAction","target":["https:\/\/www.eldiariodetucuman.com\/web\/la-crisis-en-la-cgt-y-los-gremios-que-no-marchan-con-moyano\/"]}]},{"@type":"ImageObject","inLanguage":"es","@id":"https:\/\/www.eldiariodetucuman.com\/web\/la-crisis-en-la-cgt-y-los-gremios-que-no-marchan-con-moyano\/#primaryimage","url":"https:\/\/www.eldiariodetucuman.com\/web\/wp-content\/uploads\/2018\/02\/003e276663797b9118a64af65ceef84f.jpeg","contentUrl":"https:\/\/www.eldiariodetucuman.com\/web\/wp-content\/uploads\/2018\/02\/003e276663797b9118a64af65ceef84f.jpeg","width":960,"height":640},{"@type":"BreadcrumbList","@id":"https:\/\/www.eldiariodetucuman.com\/web\/la-crisis-en-la-cgt-y-los-gremios-que-no-marchan-con-moyano\/#breadcrumb","itemListElement":[{"@type":"ListItem","position":1,"name":"Portada","item":"https:\/\/www.eldiariodetucuman.com\/web\/"},{"@type":"ListItem","position":2,"name":"La crisis en la CGT y los gremios que no marchan con Moyano"}]},{"@type":"WebSite","@id":"https:\/\/www.eldiariodetucuman.com\/web\/#website","url":"https:\/\/www.eldiariodetucuman.com\/web\/","name":"El Diario de Tucuman","description":"Diario Tucuman - Informaci\u00f3n y noticias","publisher":{"@id":"https:\/\/www.eldiariodetucuman.com\/web\/#organization"},"potentialAction":[{"@type":"SearchAction","target":{"@type":"EntryPoint","urlTemplate":"https:\/\/www.eldiariodetucuman.com\/web\/?s={search_term_string}"},"query-input":{"@type":"PropertyValueSpecification","valueRequired":true,"valueName":"search_term_string"}}],"inLanguage":"es"},{"@type":"Organization","@id":"https:\/\/www.eldiariodetucuman.com\/web\/#organization","name":"El Diario de Tucuman","url":"https:\/\/www.eldiariodetucuman.com\/web\/","logo":{"@type":"ImageObject","inLanguage":"es","@id":"https:\/\/www.eldiariodetucuman.com\/web\/#\/schema\/logo\/image\/","url":"http:\/\/www.eldiariodetucuman.com\/web\/wp-content\/uploads\/2017\/12\/el-diario-de-tucuman.jpg","contentUrl":"http:\/\/www.eldiariodetucuman.com\/web\/wp-content\/uploads\/2017\/12\/el-diario-de-tucuman.jpg","width":272,"height":92,"caption":"El Diario de Tucuman"},"image":{"@id":"https:\/\/www.eldiariodetucuman.com\/web\/#\/schema\/logo\/image\/"}},{"@type":"Person","@id":"https:\/\/www.eldiariodetucuman.com\/web\/#\/schema\/person\/9250197d75ab5483412e19678b121caa","name":"admin","image":{"@type":"ImageObject","inLanguage":"es","@id":"https:\/\/secure.gravatar.com\/avatar\/c44d117c2be811212c22cb481f6b8384b6873de103fbc49e7a03cc58d7dea4ac?s=96&d=mm&r=g","url":"https:\/\/secure.gravatar.com\/avatar\/c44d117c2be811212c22cb481f6b8384b6873de103fbc49e7a03cc58d7dea4ac?s=96&d=mm&r=g","contentUrl":"https:\/\/secure.gravatar.com\/avatar\/c44d117c2be811212c22cb481f6b8384b6873de103fbc49e7a03cc58d7dea4ac?s=96&d=mm&r=g","caption":"admin"},"url":"https:\/\/www.eldiariodetucuman.com\/web\/author\/admin\/"}]}},"_links":{"self":[{"href":"https:\/\/www.eldiariodetucuman.com\/web\/wp-json\/wp\/v2\/posts\/5641","targetHints":{"allow":["GET"]}}],"collection":[{"href":"https:\/\/www.eldiariodetucuman.com\/web\/wp-json\/wp\/v2\/posts"}],"about":[{"href":"https:\/\/www.eldiariodetucuman.com\/web\/wp-json\/wp\/v2\/types\/post"}],"author":[{"embeddable":true,"href":"https:\/\/www.eldiariodetucuman.com\/web\/wp-json\/wp\/v2\/users\/1"}],"replies":[{"embeddable":true,"href":"https:\/\/www.eldiariodetucuman.com\/web\/wp-json\/wp\/v2\/comments?post=5641"}],"version-history":[{"count":1,"href":"https:\/\/www.eldiariodetucuman.com\/web\/wp-json\/wp\/v2\/posts\/5641\/revisions"}],"predecessor-version":[{"id":5643,"href":"https:\/\/www.eldiariodetucuman.com\/web\/wp-json\/wp\/v2\/posts\/5641\/revisions\/5643"}],"wp:featuredmedia":[{"embeddable":true,"href":"https:\/\/www.eldiariodetucuman.com\/web\/wp-json\/wp\/v2\/media\/5642"}],"wp:attachment":[{"href":"https:\/\/www.eldiariodetucuman.com\/web\/wp-json\/wp\/v2\/media?parent=5641"}],"wp:term":[{"taxonomy":"category","embeddable":true,"href":"https:\/\/www.eldiariodetucuman.com\/web\/wp-json\/wp\/v2\/categories?post=5641"},{"taxonomy":"post_tag","embeddable":true,"href":"https:\/\/www.eldiariodetucuman.com\/web\/wp-json\/wp\/v2\/tags?post=5641"}],"curies":[{"name":"wp","href":"https:\/\/api.w.org\/{rel}","templated":true}]}}