{"id":5638,"date":"2018-02-21T11:42:17","date_gmt":"2018-02-21T14:42:17","guid":{"rendered":"http:\/\/www.eldiariodetucuman.com\/web\/jorge-triaca-no-es-a-traves-de-la-violencia-que-uno-puede-encontrar-soluciones\/"},"modified":"2018-02-21T11:42:21","modified_gmt":"2018-02-21T14:42:21","slug":"jorge-triaca-no-es-a-traves-de-la-violencia-que-uno-puede-encontrar-soluciones","status":"publish","type":"post","link":"https:\/\/www.eldiariodetucuman.com\/web\/jorge-triaca-no-es-a-traves-de-la-violencia-que-uno-puede-encontrar-soluciones\/","title":{"rendered":"Jorge Triaca: \u201cNo es a trav\u00e9s de la violencia que uno puede encontrar soluciones\u201d"},"content":{"rendered":"<div>\n<div readability=\"59.019874130507\">\n<p>El ministro de Trabajo de la Naci\u00f3n, <strong><a href=\"https:\/\/www.elintransigente.com\/politica\/2018\/2\/18\/para-triaca-moyano-no-cuenta-con-la-adhesion-ni-la-solidaridad-de-muchos-gremios-479181.html\">Jorge Triaca<\/a><\/strong>, se refiri\u00f3 a la <strong><a href=\"https:\/\/www.elintransigente.com\/politica\/2018\/2\/21\/moyano-sus-aliados-se-preparan-para-la-marcha-479483.html\">movilizaci\u00f3n que se desarrolla hoy en la Ciudad de Buenos Aires<\/a><\/strong> bajo la consigna \u00aben defensa de los puestos de trabajo\u00bb y contra la pol\u00edtica econ\u00f3mica del Gobierno. Dijo que la marcha \u00abclaramente tiene una intencionalidad m\u00e1s pol\u00edtica que en defensa de los derechos de los trabajadores\u00bb. Y agreg\u00f3: \u00abHay dirigentes que quieren sostenerse en beneficio de sus privilegios\u00bb.<\/p>\n<p>El funcionario expres\u00f3 que \u201cno hay argumentos que puedan sostener\u201d la movilizaci\u00f3n porque \u201cen los \u00faltimos diecisiete meses ha crecido sostenidamente el empleo\u201d y, agreg\u00f3 que, pese a ello, en el Gobierno tienen \u201cvoluntad de di\u00e1logo\u201d. Y se refiri\u00f3 a los motivos de la movilizaci\u00f3n: \u00abEse mosaico que vamos a ver hoy claramente tiene una intencionalidad m\u00e1s pol\u00edtica que en defensa de los derechos de los trabajadores\u00bb. Respecto al reclamo de los <strong><a href=\"https:\/\/www.elintransigente.com\/politica\/2018\/2\/19\/paro-nacional-hoy-manana-no-habra-bancos-479221.html\">trabajadores bancarios<\/a><\/strong>, quienes integran la protesta de hoy, luego de dos jornadas de paro consecutivas, dijo: \u00abNosotros hemos puesto el Ministerio a disposici\u00f3n para que las partes puedan encontrar su acuerdo\u00bb.<\/p>\n<p>Triaca tambi\u00e9n dijo que el Gobierno negoci\u00f3 entre las partes en el marco de la discusi\u00f3n por los aranceles de los fletes en el transporte de granos: \u00abHemos avanzado con criterio sentando a la mesa trabajadores y empresarios para encontrar el camino del crecimiento y la producci\u00f3n\u201d. Y, en el mismo sentido, agreg\u00f3 que \u201cse ha planteado as\u00ed en el sector de transporte y log\u00edstica\u00bb.<\/p>\n<aside class=\"htmlinline \"><ins class=\"adsbygoogle\" data-ad-format=\"fluid\" data-ad-layout=\"in-article\" data-ad-client=\"ca-pub-7781556717282971\" data-ad-slot=\"9383133609\"><\/ins><br \/>\n<\/aside>\n<p>\nPor otra parte, afirm\u00f3, respecto a la protesta de hoy, que espera se desarrolle en forma pac\u00edfica: \u00abEsperemos que sea una movilizaci\u00f3n madura, en paz. Que hayamos aprendido todos de lo que pas\u00f3 en diciembre, no es a trav\u00e9s de la violencia que uno puede encontrar soluciones en la Argentina\u00bb.<\/p>\n<p><strong>OCA<\/strong><\/p>\n<p>Jorge Triaca dio una entrevista radial a Marcelo Longobardi. En el marco del desarrollo de la misma, dedic\u00f3 gran parte del tiempo a exponer la disputa entre la Administraci\u00f3n Federal de\u00a0 Ingresos P\u00fablicos (AFIP), los empleados de la empresa de correos OCA y el Ente Nacional de Comunicaciones. La disputa original es porque desde la AFIP reclaman una deuda a los trabajadores de dicha empresa en concepto de \u201caportes\u201d (Ganancias, Impuesto al Valor Agregado, aportes de trabajadores en relaci\u00f3n de dependencia).<\/p>\n<p>En tal sentido, dijo que est\u00e1 juego la licencia y, por ello, el ENACOM, que \u201cotorga la licencia postal\u201d, intim\u00f3 a la empresa a que \u201cen los pr\u00f3ximos cinco d\u00edas demuestre la voluntad de pago de la deuda pendiente\u00bb con la AFIP. La empresa de correos estuvo primero a nombre de Patricio Farcuh, pero luego tambi\u00e9n a cargo del Sindicato de Camioneros, organizaci\u00f3n que luego fue desplazada por aqu\u00e9l mediante un fallo judicial. Indic\u00f3 que OCA tiene alrededor de 7 mil empleados y que a \u00e9l le llama la atenci\u00f3n el tratamiento del sindicato con la empresa. A ra\u00edz de esa deuda se inici\u00f3 una causa judicial, raz\u00f3n por la cual la empresa entr\u00f3 en concurso de acreedores.<\/p>\n<p>\u00a0<\/p>\n<\/div>\n<\/div>\n<p>Fuente: https:\/\/www.elintransigente.com\/politica\/2018\/2\/21\/jorge-triaca-no-es-traves-de-la-violencia-que-uno-puede-encontrar-soluciones-479497.html<\/p>\n","protected":false},"excerpt":{"rendered":"<p>El ministro de Trabajo de la Naci\u00f3n, Jorge Triaca, se refiri\u00f3 a la movilizaci\u00f3n que se desarrolla hoy en la Ciudad de Buenos Aires bajo la consigna \u00aben defensa de los puestos de trabajo\u00bb y contra la pol\u00edtica econ\u00f3mica del Gobierno. Dijo que la marcha \u00abclaramente tiene una intencionalidad m\u00e1s pol\u00edtica que en defensa de [&hellip;]<\/p>\n","protected":false},"author":1,"featured_media":5639,"comment_status":"open","ping_status":"closed","sticky":false,"template":"","format":"standard","meta":{"footnotes":""},"categories":[1],"tags":[],"class_list":{"0":"post-5638","1":"post","2":"type-post","3":"status-publish","4":"format-standard","5":"has-post-thumbnail","7":"category-portada"},"yoast_head":"<!-- This site is optimized with the Yoast SEO plugin v27.5 - https:\/\/yoast.com\/product\/yoast-seo-wordpress\/ -->\n<title>Jorge Triaca: \u201cNo es a trav\u00e9s de la violencia que uno puede encontrar soluciones\u201d - El Diario de Tucuman<\/title>\n<meta name=\"robots\" content=\"index, follow, max-snippet:-1, max-image-preview:large, max-video-preview:-1\" \/>\n<link rel=\"canonical\" href=\"https:\/\/www.eldiariodetucuman.com\/web\/jorge-triaca-no-es-a-traves-de-la-violencia-que-uno-puede-encontrar-soluciones\/\" \/>\n<meta property=\"og:locale\" content=\"es_ES\" \/>\n<meta property=\"og:type\" content=\"article\" \/>\n<meta property=\"og:title\" content=\"Jorge Triaca: \u201cNo es a trav\u00e9s de la violencia que uno puede encontrar soluciones\u201d - El Diario de Tucuman\" \/>\n<meta property=\"og:description\" content=\"El ministro de Trabajo de la Naci\u00f3n, Jorge Triaca, se refiri\u00f3 a la movilizaci\u00f3n que se desarrolla hoy en la Ciudad de Buenos Aires bajo la consigna \u00aben defensa de los puestos de trabajo\u00bb y contra la pol\u00edtica econ\u00f3mica del Gobierno. Dijo que la marcha \u00abclaramente tiene una intencionalidad m\u00e1s pol\u00edtica que en defensa de [&hellip;]\" \/>\n<meta property=\"og:url\" content=\"https:\/\/www.eldiariodetucuman.com\/web\/jorge-triaca-no-es-a-traves-de-la-violencia-que-uno-puede-encontrar-soluciones\/\" \/>\n<meta property=\"og:site_name\" content=\"El Diario de Tucuman\" \/>\n<meta property=\"article:published_time\" content=\"2018-02-21T14:42:17+00:00\" \/>\n<meta property=\"article:modified_time\" content=\"2018-02-21T14:42:21+00:00\" \/>\n<meta property=\"og:image\" content=\"https:\/\/www.eldiariodetucuman.com\/web\/wp-content\/uploads\/2018\/02\/6c71b9596f6c07e693f562969a572332.jpeg\" \/>\n\t<meta property=\"og:image:width\" content=\"960\" \/>\n\t<meta property=\"og:image:height\" content=\"386\" \/>\n\t<meta property=\"og:image:type\" content=\"image\/jpeg\" \/>\n<meta name=\"author\" content=\"admin\" \/>\n<meta name=\"twitter:card\" content=\"summary_large_image\" \/>\n<meta name=\"twitter:label1\" content=\"Escrito por\" \/>\n\t<meta name=\"twitter:data1\" content=\"admin\" \/>\n\t<meta name=\"twitter:label2\" content=\"Tiempo de lectura\" \/>\n\t<meta name=\"twitter:data2\" content=\"3 minutos\" \/>\n<script type=\"application\/ld+json\" class=\"yoast-schema-graph\">{\"@context\":\"https:\\\/\\\/schema.org\",\"@graph\":[{\"@type\":\"Article\",\"@id\":\"https:\\\/\\\/www.eldiariodetucuman.com\\\/web\\\/jorge-triaca-no-es-a-traves-de-la-violencia-que-uno-puede-encontrar-soluciones\\\/#article\",\"isPartOf\":{\"@id\":\"https:\\\/\\\/www.eldiariodetucuman.com\\\/web\\\/jorge-triaca-no-es-a-traves-de-la-violencia-que-uno-puede-encontrar-soluciones\\\/\"},\"author\":{\"name\":\"admin\",\"@id\":\"https:\\\/\\\/www.eldiariodetucuman.com\\\/web\\\/#\\\/schema\\\/person\\\/9250197d75ab5483412e19678b121caa\"},\"headline\":\"Jorge Triaca: \u201cNo es a trav\u00e9s de la violencia que uno puede encontrar soluciones\u201d\",\"datePublished\":\"2018-02-21T14:42:17+00:00\",\"dateModified\":\"2018-02-21T14:42:21+00:00\",\"mainEntityOfPage\":{\"@id\":\"https:\\\/\\\/www.eldiariodetucuman.com\\\/web\\\/jorge-triaca-no-es-a-traves-de-la-violencia-que-uno-puede-encontrar-soluciones\\\/\"},\"wordCount\":542,\"commentCount\":0,\"publisher\":{\"@id\":\"https:\\\/\\\/www.eldiariodetucuman.com\\\/web\\\/#organization\"},\"image\":{\"@id\":\"https:\\\/\\\/www.eldiariodetucuman.com\\\/web\\\/jorge-triaca-no-es-a-traves-de-la-violencia-que-uno-puede-encontrar-soluciones\\\/#primaryimage\"},\"thumbnailUrl\":\"https:\\\/\\\/www.eldiariodetucuman.com\\\/web\\\/wp-content\\\/uploads\\\/2018\\\/02\\\/6c71b9596f6c07e693f562969a572332.jpeg\",\"articleSection\":[\"Portada\"],\"inLanguage\":\"es\",\"potentialAction\":[{\"@type\":\"CommentAction\",\"name\":\"Comment\",\"target\":[\"https:\\\/\\\/www.eldiariodetucuman.com\\\/web\\\/jorge-triaca-no-es-a-traves-de-la-violencia-que-uno-puede-encontrar-soluciones\\\/#respond\"]}]},{\"@type\":\"WebPage\",\"@id\":\"https:\\\/\\\/www.eldiariodetucuman.com\\\/web\\\/jorge-triaca-no-es-a-traves-de-la-violencia-que-uno-puede-encontrar-soluciones\\\/\",\"url\":\"https:\\\/\\\/www.eldiariodetucuman.com\\\/web\\\/jorge-triaca-no-es-a-traves-de-la-violencia-que-uno-puede-encontrar-soluciones\\\/\",\"name\":\"Jorge Triaca: \u201cNo es a trav\u00e9s de la violencia que uno puede encontrar soluciones\u201d - El Diario de Tucuman\",\"isPartOf\":{\"@id\":\"https:\\\/\\\/www.eldiariodetucuman.com\\\/web\\\/#website\"},\"primaryImageOfPage\":{\"@id\":\"https:\\\/\\\/www.eldiariodetucuman.com\\\/web\\\/jorge-triaca-no-es-a-traves-de-la-violencia-que-uno-puede-encontrar-soluciones\\\/#primaryimage\"},\"image\":{\"@id\":\"https:\\\/\\\/www.eldiariodetucuman.com\\\/web\\\/jorge-triaca-no-es-a-traves-de-la-violencia-que-uno-puede-encontrar-soluciones\\\/#primaryimage\"},\"thumbnailUrl\":\"https:\\\/\\\/www.eldiariodetucuman.com\\\/web\\\/wp-content\\\/uploads\\\/2018\\\/02\\\/6c71b9596f6c07e693f562969a572332.jpeg\",\"datePublished\":\"2018-02-21T14:42:17+00:00\",\"dateModified\":\"2018-02-21T14:42:21+00:00\",\"breadcrumb\":{\"@id\":\"https:\\\/\\\/www.eldiariodetucuman.com\\\/web\\\/jorge-triaca-no-es-a-traves-de-la-violencia-que-uno-puede-encontrar-soluciones\\\/#breadcrumb\"},\"inLanguage\":\"es\",\"potentialAction\":[{\"@type\":\"ReadAction\",\"target\":[\"https:\\\/\\\/www.eldiariodetucuman.com\\\/web\\\/jorge-triaca-no-es-a-traves-de-la-violencia-que-uno-puede-encontrar-soluciones\\\/\"]}]},{\"@type\":\"ImageObject\",\"inLanguage\":\"es\",\"@id\":\"https:\\\/\\\/www.eldiariodetucuman.com\\\/web\\\/jorge-triaca-no-es-a-traves-de-la-violencia-que-uno-puede-encontrar-soluciones\\\/#primaryimage\",\"url\":\"https:\\\/\\\/www.eldiariodetucuman.com\\\/web\\\/wp-content\\\/uploads\\\/2018\\\/02\\\/6c71b9596f6c07e693f562969a572332.jpeg\",\"contentUrl\":\"https:\\\/\\\/www.eldiariodetucuman.com\\\/web\\\/wp-content\\\/uploads\\\/2018\\\/02\\\/6c71b9596f6c07e693f562969a572332.jpeg\",\"width\":960,\"height\":386},{\"@type\":\"BreadcrumbList\",\"@id\":\"https:\\\/\\\/www.eldiariodetucuman.com\\\/web\\\/jorge-triaca-no-es-a-traves-de-la-violencia-que-uno-puede-encontrar-soluciones\\\/#breadcrumb\",\"itemListElement\":[{\"@type\":\"ListItem\",\"position\":1,\"name\":\"Portada\",\"item\":\"https:\\\/\\\/www.eldiariodetucuman.com\\\/web\\\/\"},{\"@type\":\"ListItem\",\"position\":2,\"name\":\"Jorge Triaca: \u201cNo es a trav\u00e9s de la violencia que uno puede encontrar soluciones\u201d\"}]},{\"@type\":\"WebSite\",\"@id\":\"https:\\\/\\\/www.eldiariodetucuman.com\\\/web\\\/#website\",\"url\":\"https:\\\/\\\/www.eldiariodetucuman.com\\\/web\\\/\",\"name\":\"El Diario de Tucuman\",\"description\":\"Diario Tucuman - Informaci\u00f3n y noticias\",\"publisher\":{\"@id\":\"https:\\\/\\\/www.eldiariodetucuman.com\\\/web\\\/#organization\"},\"potentialAction\":[{\"@type\":\"SearchAction\",\"target\":{\"@type\":\"EntryPoint\",\"urlTemplate\":\"https:\\\/\\\/www.eldiariodetucuman.com\\\/web\\\/?s={search_term_string}\"},\"query-input\":{\"@type\":\"PropertyValueSpecification\",\"valueRequired\":true,\"valueName\":\"search_term_string\"}}],\"inLanguage\":\"es\"},{\"@type\":\"Organization\",\"@id\":\"https:\\\/\\\/www.eldiariodetucuman.com\\\/web\\\/#organization\",\"name\":\"El Diario de Tucuman\",\"url\":\"https:\\\/\\\/www.eldiariodetucuman.com\\\/web\\\/\",\"logo\":{\"@type\":\"ImageObject\",\"inLanguage\":\"es\",\"@id\":\"https:\\\/\\\/www.eldiariodetucuman.com\\\/web\\\/#\\\/schema\\\/logo\\\/image\\\/\",\"url\":\"http:\\\/\\\/www.eldiariodetucuman.com\\\/web\\\/wp-content\\\/uploads\\\/2017\\\/12\\\/el-diario-de-tucuman.jpg\",\"contentUrl\":\"http:\\\/\\\/www.eldiariodetucuman.com\\\/web\\\/wp-content\\\/uploads\\\/2017\\\/12\\\/el-diario-de-tucuman.jpg\",\"width\":272,\"height\":92,\"caption\":\"El Diario de Tucuman\"},\"image\":{\"@id\":\"https:\\\/\\\/www.eldiariodetucuman.com\\\/web\\\/#\\\/schema\\\/logo\\\/image\\\/\"}},{\"@type\":\"Person\",\"@id\":\"https:\\\/\\\/www.eldiariodetucuman.com\\\/web\\\/#\\\/schema\\\/person\\\/9250197d75ab5483412e19678b121caa\",\"name\":\"admin\",\"image\":{\"@type\":\"ImageObject\",\"inLanguage\":\"es\",\"@id\":\"https:\\\/\\\/secure.gravatar.com\\\/avatar\\\/c44d117c2be811212c22cb481f6b8384b6873de103fbc49e7a03cc58d7dea4ac?s=96&d=mm&r=g\",\"url\":\"https:\\\/\\\/secure.gravatar.com\\\/avatar\\\/c44d117c2be811212c22cb481f6b8384b6873de103fbc49e7a03cc58d7dea4ac?s=96&d=mm&r=g\",\"contentUrl\":\"https:\\\/\\\/secure.gravatar.com\\\/avatar\\\/c44d117c2be811212c22cb481f6b8384b6873de103fbc49e7a03cc58d7dea4ac?s=96&d=mm&r=g\",\"caption\":\"admin\"},\"url\":\"https:\\\/\\\/www.eldiariodetucuman.com\\\/web\\\/author\\\/admin\\\/\"}]}<\/script>\n<!-- \/ Yoast SEO plugin. -->","yoast_head_json":{"title":"Jorge Triaca: \u201cNo es a trav\u00e9s de la violencia que uno puede encontrar soluciones\u201d - El Diario de Tucuman","robots":{"index":"index","follow":"follow","max-snippet":"max-snippet:-1","max-image-preview":"max-image-preview:large","max-video-preview":"max-video-preview:-1"},"canonical":"https:\/\/www.eldiariodetucuman.com\/web\/jorge-triaca-no-es-a-traves-de-la-violencia-que-uno-puede-encontrar-soluciones\/","og_locale":"es_ES","og_type":"article","og_title":"Jorge Triaca: \u201cNo es a trav\u00e9s de la violencia que uno puede encontrar soluciones\u201d - El Diario de Tucuman","og_description":"El ministro de Trabajo de la Naci\u00f3n, Jorge Triaca, se refiri\u00f3 a la movilizaci\u00f3n que se desarrolla hoy en la Ciudad de Buenos Aires bajo la consigna \u00aben defensa de los puestos de trabajo\u00bb y contra la pol\u00edtica econ\u00f3mica del Gobierno. Dijo que la marcha \u00abclaramente tiene una intencionalidad m\u00e1s pol\u00edtica que en defensa de [&hellip;]","og_url":"https:\/\/www.eldiariodetucuman.com\/web\/jorge-triaca-no-es-a-traves-de-la-violencia-que-uno-puede-encontrar-soluciones\/","og_site_name":"El Diario de Tucuman","article_published_time":"2018-02-21T14:42:17+00:00","article_modified_time":"2018-02-21T14:42:21+00:00","og_image":[{"width":960,"height":386,"url":"https:\/\/www.eldiariodetucuman.com\/web\/wp-content\/uploads\/2018\/02\/6c71b9596f6c07e693f562969a572332.jpeg","type":"image\/jpeg"}],"author":"admin","twitter_card":"summary_large_image","twitter_misc":{"Escrito por":"admin","Tiempo de lectura":"3 minutos"},"schema":{"@context":"https:\/\/schema.org","@graph":[{"@type":"Article","@id":"https:\/\/www.eldiariodetucuman.com\/web\/jorge-triaca-no-es-a-traves-de-la-violencia-que-uno-puede-encontrar-soluciones\/#article","isPartOf":{"@id":"https:\/\/www.eldiariodetucuman.com\/web\/jorge-triaca-no-es-a-traves-de-la-violencia-que-uno-puede-encontrar-soluciones\/"},"author":{"name":"admin","@id":"https:\/\/www.eldiariodetucuman.com\/web\/#\/schema\/person\/9250197d75ab5483412e19678b121caa"},"headline":"Jorge Triaca: \u201cNo es a trav\u00e9s de la violencia que uno puede encontrar soluciones\u201d","datePublished":"2018-02-21T14:42:17+00:00","dateModified":"2018-02-21T14:42:21+00:00","mainEntityOfPage":{"@id":"https:\/\/www.eldiariodetucuman.com\/web\/jorge-triaca-no-es-a-traves-de-la-violencia-que-uno-puede-encontrar-soluciones\/"},"wordCount":542,"commentCount":0,"publisher":{"@id":"https:\/\/www.eldiariodetucuman.com\/web\/#organization"},"image":{"@id":"https:\/\/www.eldiariodetucuman.com\/web\/jorge-triaca-no-es-a-traves-de-la-violencia-que-uno-puede-encontrar-soluciones\/#primaryimage"},"thumbnailUrl":"https:\/\/www.eldiariodetucuman.com\/web\/wp-content\/uploads\/2018\/02\/6c71b9596f6c07e693f562969a572332.jpeg","articleSection":["Portada"],"inLanguage":"es","potentialAction":[{"@type":"CommentAction","name":"Comment","target":["https:\/\/www.eldiariodetucuman.com\/web\/jorge-triaca-no-es-a-traves-de-la-violencia-que-uno-puede-encontrar-soluciones\/#respond"]}]},{"@type":"WebPage","@id":"https:\/\/www.eldiariodetucuman.com\/web\/jorge-triaca-no-es-a-traves-de-la-violencia-que-uno-puede-encontrar-soluciones\/","url":"https:\/\/www.eldiariodetucuman.com\/web\/jorge-triaca-no-es-a-traves-de-la-violencia-que-uno-puede-encontrar-soluciones\/","name":"Jorge Triaca: \u201cNo es a trav\u00e9s de la violencia que uno puede encontrar soluciones\u201d - El Diario de Tucuman","isPartOf":{"@id":"https:\/\/www.eldiariodetucuman.com\/web\/#website"},"primaryImageOfPage":{"@id":"https:\/\/www.eldiariodetucuman.com\/web\/jorge-triaca-no-es-a-traves-de-la-violencia-que-uno-puede-encontrar-soluciones\/#primaryimage"},"image":{"@id":"https:\/\/www.eldiariodetucuman.com\/web\/jorge-triaca-no-es-a-traves-de-la-violencia-que-uno-puede-encontrar-soluciones\/#primaryimage"},"thumbnailUrl":"https:\/\/www.eldiariodetucuman.com\/web\/wp-content\/uploads\/2018\/02\/6c71b9596f6c07e693f562969a572332.jpeg","datePublished":"2018-02-21T14:42:17+00:00","dateModified":"2018-02-21T14:42:21+00:00","breadcrumb":{"@id":"https:\/\/www.eldiariodetucuman.com\/web\/jorge-triaca-no-es-a-traves-de-la-violencia-que-uno-puede-encontrar-soluciones\/#breadcrumb"},"inLanguage":"es","potentialAction":[{"@type":"ReadAction","target":["https:\/\/www.eldiariodetucuman.com\/web\/jorge-triaca-no-es-a-traves-de-la-violencia-que-uno-puede-encontrar-soluciones\/"]}]},{"@type":"ImageObject","inLanguage":"es","@id":"https:\/\/www.eldiariodetucuman.com\/web\/jorge-triaca-no-es-a-traves-de-la-violencia-que-uno-puede-encontrar-soluciones\/#primaryimage","url":"https:\/\/www.eldiariodetucuman.com\/web\/wp-content\/uploads\/2018\/02\/6c71b9596f6c07e693f562969a572332.jpeg","contentUrl":"https:\/\/www.eldiariodetucuman.com\/web\/wp-content\/uploads\/2018\/02\/6c71b9596f6c07e693f562969a572332.jpeg","width":960,"height":386},{"@type":"BreadcrumbList","@id":"https:\/\/www.eldiariodetucuman.com\/web\/jorge-triaca-no-es-a-traves-de-la-violencia-que-uno-puede-encontrar-soluciones\/#breadcrumb","itemListElement":[{"@type":"ListItem","position":1,"name":"Portada","item":"https:\/\/www.eldiariodetucuman.com\/web\/"},{"@type":"ListItem","position":2,"name":"Jorge Triaca: \u201cNo es a trav\u00e9s de la violencia que uno puede encontrar soluciones\u201d"}]},{"@type":"WebSite","@id":"https:\/\/www.eldiariodetucuman.com\/web\/#website","url":"https:\/\/www.eldiariodetucuman.com\/web\/","name":"El Diario de Tucuman","description":"Diario Tucuman - Informaci\u00f3n y noticias","publisher":{"@id":"https:\/\/www.eldiariodetucuman.com\/web\/#organization"},"potentialAction":[{"@type":"SearchAction","target":{"@type":"EntryPoint","urlTemplate":"https:\/\/www.eldiariodetucuman.com\/web\/?s={search_term_string}"},"query-input":{"@type":"PropertyValueSpecification","valueRequired":true,"valueName":"search_term_string"}}],"inLanguage":"es"},{"@type":"Organization","@id":"https:\/\/www.eldiariodetucuman.com\/web\/#organization","name":"El Diario de Tucuman","url":"https:\/\/www.eldiariodetucuman.com\/web\/","logo":{"@type":"ImageObject","inLanguage":"es","@id":"https:\/\/www.eldiariodetucuman.com\/web\/#\/schema\/logo\/image\/","url":"http:\/\/www.eldiariodetucuman.com\/web\/wp-content\/uploads\/2017\/12\/el-diario-de-tucuman.jpg","contentUrl":"http:\/\/www.eldiariodetucuman.com\/web\/wp-content\/uploads\/2017\/12\/el-diario-de-tucuman.jpg","width":272,"height":92,"caption":"El Diario de Tucuman"},"image":{"@id":"https:\/\/www.eldiariodetucuman.com\/web\/#\/schema\/logo\/image\/"}},{"@type":"Person","@id":"https:\/\/www.eldiariodetucuman.com\/web\/#\/schema\/person\/9250197d75ab5483412e19678b121caa","name":"admin","image":{"@type":"ImageObject","inLanguage":"es","@id":"https:\/\/secure.gravatar.com\/avatar\/c44d117c2be811212c22cb481f6b8384b6873de103fbc49e7a03cc58d7dea4ac?s=96&d=mm&r=g","url":"https:\/\/secure.gravatar.com\/avatar\/c44d117c2be811212c22cb481f6b8384b6873de103fbc49e7a03cc58d7dea4ac?s=96&d=mm&r=g","contentUrl":"https:\/\/secure.gravatar.com\/avatar\/c44d117c2be811212c22cb481f6b8384b6873de103fbc49e7a03cc58d7dea4ac?s=96&d=mm&r=g","caption":"admin"},"url":"https:\/\/www.eldiariodetucuman.com\/web\/author\/admin\/"}]}},"_links":{"self":[{"href":"https:\/\/www.eldiariodetucuman.com\/web\/wp-json\/wp\/v2\/posts\/5638","targetHints":{"allow":["GET"]}}],"collection":[{"href":"https:\/\/www.eldiariodetucuman.com\/web\/wp-json\/wp\/v2\/posts"}],"about":[{"href":"https:\/\/www.eldiariodetucuman.com\/web\/wp-json\/wp\/v2\/types\/post"}],"author":[{"embeddable":true,"href":"https:\/\/www.eldiariodetucuman.com\/web\/wp-json\/wp\/v2\/users\/1"}],"replies":[{"embeddable":true,"href":"https:\/\/www.eldiariodetucuman.com\/web\/wp-json\/wp\/v2\/comments?post=5638"}],"version-history":[{"count":1,"href":"https:\/\/www.eldiariodetucuman.com\/web\/wp-json\/wp\/v2\/posts\/5638\/revisions"}],"predecessor-version":[{"id":5640,"href":"https:\/\/www.eldiariodetucuman.com\/web\/wp-json\/wp\/v2\/posts\/5638\/revisions\/5640"}],"wp:featuredmedia":[{"embeddable":true,"href":"https:\/\/www.eldiariodetucuman.com\/web\/wp-json\/wp\/v2\/media\/5639"}],"wp:attachment":[{"href":"https:\/\/www.eldiariodetucuman.com\/web\/wp-json\/wp\/v2\/media?parent=5638"}],"wp:term":[{"taxonomy":"category","embeddable":true,"href":"https:\/\/www.eldiariodetucuman.com\/web\/wp-json\/wp\/v2\/categories?post=5638"},{"taxonomy":"post_tag","embeddable":true,"href":"https:\/\/www.eldiariodetucuman.com\/web\/wp-json\/wp\/v2\/tags?post=5638"}],"curies":[{"name":"wp","href":"https:\/\/api.w.org\/{rel}","templated":true}]}}