{"id":5635,"date":"2018-02-21T11:42:08","date_gmt":"2018-02-21T14:42:08","guid":{"rendered":"http:\/\/www.eldiariodetucuman.com\/web\/moyano-el-trabajador-no-produce-incidentes\/"},"modified":"2018-02-21T11:42:11","modified_gmt":"2018-02-21T14:42:11","slug":"moyano-el-trabajador-no-produce-incidentes","status":"publish","type":"post","link":"https:\/\/www.eldiariodetucuman.com\/web\/moyano-el-trabajador-no-produce-incidentes\/","title":{"rendered":"Moyano: \u201cEl trabajador no produce incidentes\u201d"},"content":{"rendered":"<div>\n<div readability=\"60.732574031891\">\n<p>El secretario general del sindicato de Camioneros, Hugo Moyano, se refiri\u00f3 a uno de los puntos que m\u00e1s preocupaci\u00f3n gener\u00f3 entre los que manifestar\u00e1n hoy por las calles porte\u00f1as: la <a href=\"https:\/\/www.elintransigente.com\/politica\/2018\/2\/20\/movilizacion-del-21f-quien-estara-cargo-del-operativo-de-seguridad-479376.html\">seguridad durante la movilizaci\u00f3n<\/a>.\u00a0<\/p>\n<p>En ese sentido, el l\u00edder camionero lanz\u00f3 una frase que, contextualizada en la f<a href=\"https:\/\/www.elintransigente.com\/politica\/2018\/2\/21\/rodriguez-larreta-sobre-el-21f-si-pasa-algo-la-orden-es-actuar-479492.html\">uerte disputa que mantiene con el oficialismo<\/a>, son\u00f3 a advertencia: \u201c<strong>Si algo llega a pasar, va a ser culpa del Gobierno<\/strong>\u201d.\u00a0<\/p>\n<p>\u00abTengo muchas marchas y nunca hubo incidentes si no han sido provocados por los Gobierno. Cuando marchamos por la Banelco, lo hirieron a (Julio) Piumato y fue la Polic\u00eda. <strong>El trabajador no produce incidentes<\/strong>. Lo hacen desde los Gobiernos a trav\u00e9s de los servicios (de inteligencia) para provocar y que las protestas sean desprestigiadas\u00bb, se\u00f1al\u00f3 el referente sindical, en declaraciones a la cadena CNN Argentina.\u00a0<\/p>\n<p>A pesar de haber responsabilizado de antemano al Gobierno de los posibles incidentes, si llegasen a producirse, Moyano consider\u00f3: \u201cEstoy convencido que va a ser una jornada tranquila. <strong>El trabajador no produce incidentes<\/strong>\u201d.\u00a0<\/p>\n<p>Por otro lado, no intent\u00f3 evitar referirse a su complicada situaci\u00f3n judicial y expres\u00f3: \u201cSi la Justicia me llama, voy a ir igual, por m\u00e1s cantidad de gente que haya en la marcha. Esa es una de las tantas cosas que quieren instalar para desprestigiarme\u00bb.<\/p>\n<p>Adem\u00e1s, record\u00f3 el tiempo en el que manten\u00eda una buena relaci\u00f3n con el presidente argentino, Mauricio Macri, algo que parece muy lejano tomando en cuenta los dardos que se lanzaron en los \u00faltimos tiempos.\u00a0<\/p>\n<p>\u00abCon el Gobierno de la Ciudad, en que estuvo ocho a\u00f1os Mauricio Macri, siempre tuve buena relaci\u00f3n. Yo no la cort\u00e9. <strong>La relaci\u00f3n dura cuando encuentra respuestas a los reclamos<\/strong> de lo que uno representa y yo represento a los trabajadores. Si el Gobierno no da respuestas a los trabajadores, no se puede tener una relaci\u00f3n\u00bb, manifest\u00f3, durante la entrevista televisiva.\u00a0<\/p>\n<p>Y no perdi\u00f3 oportunidad en criticar a sus pares gremiales, muchos de los cuales decidieron darle la espalda ante la convocatoria. \u201c<strong>Hay muchachos o dirigentes que prefieren andar bien con el gobierno de turno. <\/strong>Yo prefiero andar bien con los trabajadores\u00bb, dispar\u00f3.\u00a0<br \/>\n\u00a0<\/p>\n<\/div>\n<\/div>\n<p>Fuente: https:\/\/www.elintransigente.com\/politica\/2018\/2\/21\/moyano-el-trabajador-no-produce-incidentes-479498.html<\/p>\n","protected":false},"excerpt":{"rendered":"<p>El secretario general del sindicato de Camioneros, Hugo Moyano, se refiri\u00f3 a uno de los puntos que m\u00e1s preocupaci\u00f3n gener\u00f3 entre los que manifestar\u00e1n hoy por las calles porte\u00f1as: la seguridad durante la movilizaci\u00f3n.\u00a0 En ese sentido, el l\u00edder camionero lanz\u00f3 una frase que, contextualizada en la fuerte disputa que mantiene con el oficialismo, son\u00f3 [&hellip;]<\/p>\n","protected":false},"author":1,"featured_media":5636,"comment_status":"open","ping_status":"closed","sticky":false,"template":"","format":"standard","meta":{"footnotes":""},"categories":[1],"tags":[],"class_list":{"0":"post-5635","1":"post","2":"type-post","3":"status-publish","4":"format-standard","5":"has-post-thumbnail","7":"category-portada"},"yoast_head":"<!-- This site is optimized with the Yoast SEO plugin v27.5 - https:\/\/yoast.com\/product\/yoast-seo-wordpress\/ -->\n<title>Moyano: \u201cEl trabajador no produce incidentes\u201d - El Diario de Tucuman<\/title>\n<meta name=\"robots\" content=\"index, follow, max-snippet:-1, max-image-preview:large, max-video-preview:-1\" \/>\n<link rel=\"canonical\" href=\"https:\/\/www.eldiariodetucuman.com\/web\/moyano-el-trabajador-no-produce-incidentes\/\" \/>\n<meta property=\"og:locale\" content=\"es_ES\" \/>\n<meta property=\"og:type\" content=\"article\" \/>\n<meta property=\"og:title\" content=\"Moyano: \u201cEl trabajador no produce incidentes\u201d - El Diario de Tucuman\" \/>\n<meta property=\"og:description\" content=\"El secretario general del sindicato de Camioneros, Hugo Moyano, se refiri\u00f3 a uno de los puntos que m\u00e1s preocupaci\u00f3n gener\u00f3 entre los que manifestar\u00e1n hoy por las calles porte\u00f1as: la seguridad durante la movilizaci\u00f3n.\u00a0 En ese sentido, el l\u00edder camionero lanz\u00f3 una frase que, contextualizada en la fuerte disputa que mantiene con el oficialismo, son\u00f3 [&hellip;]\" \/>\n<meta property=\"og:url\" content=\"https:\/\/www.eldiariodetucuman.com\/web\/moyano-el-trabajador-no-produce-incidentes\/\" \/>\n<meta property=\"og:site_name\" content=\"El Diario de Tucuman\" \/>\n<meta property=\"article:published_time\" content=\"2018-02-21T14:42:08+00:00\" \/>\n<meta property=\"article:modified_time\" content=\"2018-02-21T14:42:11+00:00\" \/>\n<meta property=\"og:image\" content=\"https:\/\/www.eldiariodetucuman.com\/web\/wp-content\/uploads\/2018\/02\/73b8ef5c4dd7f40066f9a3fe17b9c859.jpeg\" \/>\n\t<meta property=\"og:image:width\" content=\"960\" \/>\n\t<meta property=\"og:image:height\" content=\"639\" \/>\n\t<meta property=\"og:image:type\" content=\"image\/jpeg\" \/>\n<meta name=\"author\" content=\"admin\" \/>\n<meta name=\"twitter:card\" content=\"summary_large_image\" \/>\n<meta name=\"twitter:label1\" content=\"Escrito por\" \/>\n\t<meta name=\"twitter:data1\" content=\"admin\" \/>\n\t<meta name=\"twitter:label2\" content=\"Tiempo de lectura\" \/>\n\t<meta name=\"twitter:data2\" content=\"2 minutos\" \/>\n<script type=\"application\/ld+json\" class=\"yoast-schema-graph\">{\"@context\":\"https:\\\/\\\/schema.org\",\"@graph\":[{\"@type\":\"Article\",\"@id\":\"https:\\\/\\\/www.eldiariodetucuman.com\\\/web\\\/moyano-el-trabajador-no-produce-incidentes\\\/#article\",\"isPartOf\":{\"@id\":\"https:\\\/\\\/www.eldiariodetucuman.com\\\/web\\\/moyano-el-trabajador-no-produce-incidentes\\\/\"},\"author\":{\"name\":\"admin\",\"@id\":\"https:\\\/\\\/www.eldiariodetucuman.com\\\/web\\\/#\\\/schema\\\/person\\\/9250197d75ab5483412e19678b121caa\"},\"headline\":\"Moyano: \u201cEl trabajador no produce incidentes\u201d\",\"datePublished\":\"2018-02-21T14:42:08+00:00\",\"dateModified\":\"2018-02-21T14:42:11+00:00\",\"mainEntityOfPage\":{\"@id\":\"https:\\\/\\\/www.eldiariodetucuman.com\\\/web\\\/moyano-el-trabajador-no-produce-incidentes\\\/\"},\"wordCount\":380,\"commentCount\":0,\"publisher\":{\"@id\":\"https:\\\/\\\/www.eldiariodetucuman.com\\\/web\\\/#organization\"},\"image\":{\"@id\":\"https:\\\/\\\/www.eldiariodetucuman.com\\\/web\\\/moyano-el-trabajador-no-produce-incidentes\\\/#primaryimage\"},\"thumbnailUrl\":\"https:\\\/\\\/www.eldiariodetucuman.com\\\/web\\\/wp-content\\\/uploads\\\/2018\\\/02\\\/73b8ef5c4dd7f40066f9a3fe17b9c859.jpeg\",\"articleSection\":[\"Portada\"],\"inLanguage\":\"es\",\"potentialAction\":[{\"@type\":\"CommentAction\",\"name\":\"Comment\",\"target\":[\"https:\\\/\\\/www.eldiariodetucuman.com\\\/web\\\/moyano-el-trabajador-no-produce-incidentes\\\/#respond\"]}]},{\"@type\":\"WebPage\",\"@id\":\"https:\\\/\\\/www.eldiariodetucuman.com\\\/web\\\/moyano-el-trabajador-no-produce-incidentes\\\/\",\"url\":\"https:\\\/\\\/www.eldiariodetucuman.com\\\/web\\\/moyano-el-trabajador-no-produce-incidentes\\\/\",\"name\":\"Moyano: \u201cEl trabajador no produce incidentes\u201d - El Diario de Tucuman\",\"isPartOf\":{\"@id\":\"https:\\\/\\\/www.eldiariodetucuman.com\\\/web\\\/#website\"},\"primaryImageOfPage\":{\"@id\":\"https:\\\/\\\/www.eldiariodetucuman.com\\\/web\\\/moyano-el-trabajador-no-produce-incidentes\\\/#primaryimage\"},\"image\":{\"@id\":\"https:\\\/\\\/www.eldiariodetucuman.com\\\/web\\\/moyano-el-trabajador-no-produce-incidentes\\\/#primaryimage\"},\"thumbnailUrl\":\"https:\\\/\\\/www.eldiariodetucuman.com\\\/web\\\/wp-content\\\/uploads\\\/2018\\\/02\\\/73b8ef5c4dd7f40066f9a3fe17b9c859.jpeg\",\"datePublished\":\"2018-02-21T14:42:08+00:00\",\"dateModified\":\"2018-02-21T14:42:11+00:00\",\"breadcrumb\":{\"@id\":\"https:\\\/\\\/www.eldiariodetucuman.com\\\/web\\\/moyano-el-trabajador-no-produce-incidentes\\\/#breadcrumb\"},\"inLanguage\":\"es\",\"potentialAction\":[{\"@type\":\"ReadAction\",\"target\":[\"https:\\\/\\\/www.eldiariodetucuman.com\\\/web\\\/moyano-el-trabajador-no-produce-incidentes\\\/\"]}]},{\"@type\":\"ImageObject\",\"inLanguage\":\"es\",\"@id\":\"https:\\\/\\\/www.eldiariodetucuman.com\\\/web\\\/moyano-el-trabajador-no-produce-incidentes\\\/#primaryimage\",\"url\":\"https:\\\/\\\/www.eldiariodetucuman.com\\\/web\\\/wp-content\\\/uploads\\\/2018\\\/02\\\/73b8ef5c4dd7f40066f9a3fe17b9c859.jpeg\",\"contentUrl\":\"https:\\\/\\\/www.eldiariodetucuman.com\\\/web\\\/wp-content\\\/uploads\\\/2018\\\/02\\\/73b8ef5c4dd7f40066f9a3fe17b9c859.jpeg\",\"width\":960,\"height\":639},{\"@type\":\"BreadcrumbList\",\"@id\":\"https:\\\/\\\/www.eldiariodetucuman.com\\\/web\\\/moyano-el-trabajador-no-produce-incidentes\\\/#breadcrumb\",\"itemListElement\":[{\"@type\":\"ListItem\",\"position\":1,\"name\":\"Portada\",\"item\":\"https:\\\/\\\/www.eldiariodetucuman.com\\\/web\\\/\"},{\"@type\":\"ListItem\",\"position\":2,\"name\":\"Moyano: \u201cEl trabajador no produce incidentes\u201d\"}]},{\"@type\":\"WebSite\",\"@id\":\"https:\\\/\\\/www.eldiariodetucuman.com\\\/web\\\/#website\",\"url\":\"https:\\\/\\\/www.eldiariodetucuman.com\\\/web\\\/\",\"name\":\"El Diario de Tucuman\",\"description\":\"Diario Tucuman - Informaci\u00f3n y noticias\",\"publisher\":{\"@id\":\"https:\\\/\\\/www.eldiariodetucuman.com\\\/web\\\/#organization\"},\"potentialAction\":[{\"@type\":\"SearchAction\",\"target\":{\"@type\":\"EntryPoint\",\"urlTemplate\":\"https:\\\/\\\/www.eldiariodetucuman.com\\\/web\\\/?s={search_term_string}\"},\"query-input\":{\"@type\":\"PropertyValueSpecification\",\"valueRequired\":true,\"valueName\":\"search_term_string\"}}],\"inLanguage\":\"es\"},{\"@type\":\"Organization\",\"@id\":\"https:\\\/\\\/www.eldiariodetucuman.com\\\/web\\\/#organization\",\"name\":\"El Diario de Tucuman\",\"url\":\"https:\\\/\\\/www.eldiariodetucuman.com\\\/web\\\/\",\"logo\":{\"@type\":\"ImageObject\",\"inLanguage\":\"es\",\"@id\":\"https:\\\/\\\/www.eldiariodetucuman.com\\\/web\\\/#\\\/schema\\\/logo\\\/image\\\/\",\"url\":\"http:\\\/\\\/www.eldiariodetucuman.com\\\/web\\\/wp-content\\\/uploads\\\/2017\\\/12\\\/el-diario-de-tucuman.jpg\",\"contentUrl\":\"http:\\\/\\\/www.eldiariodetucuman.com\\\/web\\\/wp-content\\\/uploads\\\/2017\\\/12\\\/el-diario-de-tucuman.jpg\",\"width\":272,\"height\":92,\"caption\":\"El Diario de Tucuman\"},\"image\":{\"@id\":\"https:\\\/\\\/www.eldiariodetucuman.com\\\/web\\\/#\\\/schema\\\/logo\\\/image\\\/\"}},{\"@type\":\"Person\",\"@id\":\"https:\\\/\\\/www.eldiariodetucuman.com\\\/web\\\/#\\\/schema\\\/person\\\/9250197d75ab5483412e19678b121caa\",\"name\":\"admin\",\"image\":{\"@type\":\"ImageObject\",\"inLanguage\":\"es\",\"@id\":\"https:\\\/\\\/secure.gravatar.com\\\/avatar\\\/c44d117c2be811212c22cb481f6b8384b6873de103fbc49e7a03cc58d7dea4ac?s=96&d=mm&r=g\",\"url\":\"https:\\\/\\\/secure.gravatar.com\\\/avatar\\\/c44d117c2be811212c22cb481f6b8384b6873de103fbc49e7a03cc58d7dea4ac?s=96&d=mm&r=g\",\"contentUrl\":\"https:\\\/\\\/secure.gravatar.com\\\/avatar\\\/c44d117c2be811212c22cb481f6b8384b6873de103fbc49e7a03cc58d7dea4ac?s=96&d=mm&r=g\",\"caption\":\"admin\"},\"url\":\"https:\\\/\\\/www.eldiariodetucuman.com\\\/web\\\/author\\\/admin\\\/\"}]}<\/script>\n<!-- \/ Yoast SEO plugin. -->","yoast_head_json":{"title":"Moyano: \u201cEl trabajador no produce incidentes\u201d - El Diario de Tucuman","robots":{"index":"index","follow":"follow","max-snippet":"max-snippet:-1","max-image-preview":"max-image-preview:large","max-video-preview":"max-video-preview:-1"},"canonical":"https:\/\/www.eldiariodetucuman.com\/web\/moyano-el-trabajador-no-produce-incidentes\/","og_locale":"es_ES","og_type":"article","og_title":"Moyano: \u201cEl trabajador no produce incidentes\u201d - El Diario de Tucuman","og_description":"El secretario general del sindicato de Camioneros, Hugo Moyano, se refiri\u00f3 a uno de los puntos que m\u00e1s preocupaci\u00f3n gener\u00f3 entre los que manifestar\u00e1n hoy por las calles porte\u00f1as: la seguridad durante la movilizaci\u00f3n.\u00a0 En ese sentido, el l\u00edder camionero lanz\u00f3 una frase que, contextualizada en la fuerte disputa que mantiene con el oficialismo, son\u00f3 [&hellip;]","og_url":"https:\/\/www.eldiariodetucuman.com\/web\/moyano-el-trabajador-no-produce-incidentes\/","og_site_name":"El Diario de Tucuman","article_published_time":"2018-02-21T14:42:08+00:00","article_modified_time":"2018-02-21T14:42:11+00:00","og_image":[{"width":960,"height":639,"url":"https:\/\/www.eldiariodetucuman.com\/web\/wp-content\/uploads\/2018\/02\/73b8ef5c4dd7f40066f9a3fe17b9c859.jpeg","type":"image\/jpeg"}],"author":"admin","twitter_card":"summary_large_image","twitter_misc":{"Escrito por":"admin","Tiempo de lectura":"2 minutos"},"schema":{"@context":"https:\/\/schema.org","@graph":[{"@type":"Article","@id":"https:\/\/www.eldiariodetucuman.com\/web\/moyano-el-trabajador-no-produce-incidentes\/#article","isPartOf":{"@id":"https:\/\/www.eldiariodetucuman.com\/web\/moyano-el-trabajador-no-produce-incidentes\/"},"author":{"name":"admin","@id":"https:\/\/www.eldiariodetucuman.com\/web\/#\/schema\/person\/9250197d75ab5483412e19678b121caa"},"headline":"Moyano: \u201cEl trabajador no produce incidentes\u201d","datePublished":"2018-02-21T14:42:08+00:00","dateModified":"2018-02-21T14:42:11+00:00","mainEntityOfPage":{"@id":"https:\/\/www.eldiariodetucuman.com\/web\/moyano-el-trabajador-no-produce-incidentes\/"},"wordCount":380,"commentCount":0,"publisher":{"@id":"https:\/\/www.eldiariodetucuman.com\/web\/#organization"},"image":{"@id":"https:\/\/www.eldiariodetucuman.com\/web\/moyano-el-trabajador-no-produce-incidentes\/#primaryimage"},"thumbnailUrl":"https:\/\/www.eldiariodetucuman.com\/web\/wp-content\/uploads\/2018\/02\/73b8ef5c4dd7f40066f9a3fe17b9c859.jpeg","articleSection":["Portada"],"inLanguage":"es","potentialAction":[{"@type":"CommentAction","name":"Comment","target":["https:\/\/www.eldiariodetucuman.com\/web\/moyano-el-trabajador-no-produce-incidentes\/#respond"]}]},{"@type":"WebPage","@id":"https:\/\/www.eldiariodetucuman.com\/web\/moyano-el-trabajador-no-produce-incidentes\/","url":"https:\/\/www.eldiariodetucuman.com\/web\/moyano-el-trabajador-no-produce-incidentes\/","name":"Moyano: \u201cEl trabajador no produce incidentes\u201d - El Diario de Tucuman","isPartOf":{"@id":"https:\/\/www.eldiariodetucuman.com\/web\/#website"},"primaryImageOfPage":{"@id":"https:\/\/www.eldiariodetucuman.com\/web\/moyano-el-trabajador-no-produce-incidentes\/#primaryimage"},"image":{"@id":"https:\/\/www.eldiariodetucuman.com\/web\/moyano-el-trabajador-no-produce-incidentes\/#primaryimage"},"thumbnailUrl":"https:\/\/www.eldiariodetucuman.com\/web\/wp-content\/uploads\/2018\/02\/73b8ef5c4dd7f40066f9a3fe17b9c859.jpeg","datePublished":"2018-02-21T14:42:08+00:00","dateModified":"2018-02-21T14:42:11+00:00","breadcrumb":{"@id":"https:\/\/www.eldiariodetucuman.com\/web\/moyano-el-trabajador-no-produce-incidentes\/#breadcrumb"},"inLanguage":"es","potentialAction":[{"@type":"ReadAction","target":["https:\/\/www.eldiariodetucuman.com\/web\/moyano-el-trabajador-no-produce-incidentes\/"]}]},{"@type":"ImageObject","inLanguage":"es","@id":"https:\/\/www.eldiariodetucuman.com\/web\/moyano-el-trabajador-no-produce-incidentes\/#primaryimage","url":"https:\/\/www.eldiariodetucuman.com\/web\/wp-content\/uploads\/2018\/02\/73b8ef5c4dd7f40066f9a3fe17b9c859.jpeg","contentUrl":"https:\/\/www.eldiariodetucuman.com\/web\/wp-content\/uploads\/2018\/02\/73b8ef5c4dd7f40066f9a3fe17b9c859.jpeg","width":960,"height":639},{"@type":"BreadcrumbList","@id":"https:\/\/www.eldiariodetucuman.com\/web\/moyano-el-trabajador-no-produce-incidentes\/#breadcrumb","itemListElement":[{"@type":"ListItem","position":1,"name":"Portada","item":"https:\/\/www.eldiariodetucuman.com\/web\/"},{"@type":"ListItem","position":2,"name":"Moyano: \u201cEl trabajador no produce incidentes\u201d"}]},{"@type":"WebSite","@id":"https:\/\/www.eldiariodetucuman.com\/web\/#website","url":"https:\/\/www.eldiariodetucuman.com\/web\/","name":"El Diario de Tucuman","description":"Diario Tucuman - Informaci\u00f3n y noticias","publisher":{"@id":"https:\/\/www.eldiariodetucuman.com\/web\/#organization"},"potentialAction":[{"@type":"SearchAction","target":{"@type":"EntryPoint","urlTemplate":"https:\/\/www.eldiariodetucuman.com\/web\/?s={search_term_string}"},"query-input":{"@type":"PropertyValueSpecification","valueRequired":true,"valueName":"search_term_string"}}],"inLanguage":"es"},{"@type":"Organization","@id":"https:\/\/www.eldiariodetucuman.com\/web\/#organization","name":"El Diario de Tucuman","url":"https:\/\/www.eldiariodetucuman.com\/web\/","logo":{"@type":"ImageObject","inLanguage":"es","@id":"https:\/\/www.eldiariodetucuman.com\/web\/#\/schema\/logo\/image\/","url":"http:\/\/www.eldiariodetucuman.com\/web\/wp-content\/uploads\/2017\/12\/el-diario-de-tucuman.jpg","contentUrl":"http:\/\/www.eldiariodetucuman.com\/web\/wp-content\/uploads\/2017\/12\/el-diario-de-tucuman.jpg","width":272,"height":92,"caption":"El Diario de Tucuman"},"image":{"@id":"https:\/\/www.eldiariodetucuman.com\/web\/#\/schema\/logo\/image\/"}},{"@type":"Person","@id":"https:\/\/www.eldiariodetucuman.com\/web\/#\/schema\/person\/9250197d75ab5483412e19678b121caa","name":"admin","image":{"@type":"ImageObject","inLanguage":"es","@id":"https:\/\/secure.gravatar.com\/avatar\/c44d117c2be811212c22cb481f6b8384b6873de103fbc49e7a03cc58d7dea4ac?s=96&d=mm&r=g","url":"https:\/\/secure.gravatar.com\/avatar\/c44d117c2be811212c22cb481f6b8384b6873de103fbc49e7a03cc58d7dea4ac?s=96&d=mm&r=g","contentUrl":"https:\/\/secure.gravatar.com\/avatar\/c44d117c2be811212c22cb481f6b8384b6873de103fbc49e7a03cc58d7dea4ac?s=96&d=mm&r=g","caption":"admin"},"url":"https:\/\/www.eldiariodetucuman.com\/web\/author\/admin\/"}]}},"_links":{"self":[{"href":"https:\/\/www.eldiariodetucuman.com\/web\/wp-json\/wp\/v2\/posts\/5635","targetHints":{"allow":["GET"]}}],"collection":[{"href":"https:\/\/www.eldiariodetucuman.com\/web\/wp-json\/wp\/v2\/posts"}],"about":[{"href":"https:\/\/www.eldiariodetucuman.com\/web\/wp-json\/wp\/v2\/types\/post"}],"author":[{"embeddable":true,"href":"https:\/\/www.eldiariodetucuman.com\/web\/wp-json\/wp\/v2\/users\/1"}],"replies":[{"embeddable":true,"href":"https:\/\/www.eldiariodetucuman.com\/web\/wp-json\/wp\/v2\/comments?post=5635"}],"version-history":[{"count":1,"href":"https:\/\/www.eldiariodetucuman.com\/web\/wp-json\/wp\/v2\/posts\/5635\/revisions"}],"predecessor-version":[{"id":5637,"href":"https:\/\/www.eldiariodetucuman.com\/web\/wp-json\/wp\/v2\/posts\/5635\/revisions\/5637"}],"wp:featuredmedia":[{"embeddable":true,"href":"https:\/\/www.eldiariodetucuman.com\/web\/wp-json\/wp\/v2\/media\/5636"}],"wp:attachment":[{"href":"https:\/\/www.eldiariodetucuman.com\/web\/wp-json\/wp\/v2\/media?parent=5635"}],"wp:term":[{"taxonomy":"category","embeddable":true,"href":"https:\/\/www.eldiariodetucuman.com\/web\/wp-json\/wp\/v2\/categories?post=5635"},{"taxonomy":"post_tag","embeddable":true,"href":"https:\/\/www.eldiariodetucuman.com\/web\/wp-json\/wp\/v2\/tags?post=5635"}],"curies":[{"name":"wp","href":"https:\/\/api.w.org\/{rel}","templated":true}]}}