{"id":5632,"date":"2018-02-21T00:34:56","date_gmt":"2018-02-21T03:34:56","guid":{"rendered":"http:\/\/www.eldiariodetucuman.com\/web\/la-oposicion-no-quiere-a-diaz-gilligan\/"},"modified":"2018-02-21T00:34:57","modified_gmt":"2018-02-21T03:34:57","slug":"la-oposicion-no-quiere-a-diaz-gilligan","status":"publish","type":"post","link":"https:\/\/www.eldiariodetucuman.com\/web\/la-oposicion-no-quiere-a-diaz-gilligan\/","title":{"rendered":"La oposici\u00f3n no quiere a D\u00edaz Gilligan"},"content":{"rendered":"<div>\n<div id=\"article-main-content\" readability=\"68.123393316195\">\n                    <!-- Relacionadas --><\/p>\n<div class=\"entry-contentrelatednews\">\n<h4>Relacionadas<\/h4>\n<article class=\"entry\"><a class=\"linkNoPhoto dax-related-item\" href=\"https:\/\/www.ole.com.ar\/river-plate\/santilli-diego-arbitrajes-villa-olimpica-river_0_1964803576.html\" title=\"\" data-dax=\"0\"><\/p>\n<figure class=\"entry-media OleNoPhoto\"><img loading=\"lazy\" decoding=\"async\" src=\"https:\/\/images.ole.com.ar\/2018\/02\/15\/B1Zndfcvz_150x100__1.jpg\" width=\"150\" height=\"100\" alt=\"Santilli, fana de River, en un acto en el lugar donde se construy\u00f3 el primer estadio.\"><\/figure>\n<p><\/a><\/p>\n<\/article>\n<\/div>\n<p>                    <!--End Relacionadas --><\/p>\n<p>Valent\u00edn D\u00edaz Gilligan fue subsecretario general de la Presidencia de la Naci\u00f3n hasta este lunes, cuando debi\u00f3 renunciar por pedido de dirigentes oficialistas y opositores tras revelarse de que no declar\u00f3 una cuenta bancaria de 1.200.000 d\u00f3lares en Andorra, que compartir\u00eda con el empresario del f\u00fatbol uruguayo Paco Casal.\u00a0<\/p>\n<p>D\u00edaz Gilligan tambi\u00e9n es vocal de la Comisi\u00f3n Directiva de River y la difusi\u00f3n de su situaci\u00f3n en la pol\u00edtica nacional llev\u00f3 a la Comisi\u00f3n Fiscalizadora del club a pedir su salida. Seis dirigentes que responden a Antonio Caselli, entre los que se encuentra Horacio Roncagliolo, le reclamaron por carta al presidente Rodolfo D&#8217;Onofrio la separaci\u00f3n del dirigente. \u00bfEl argumento? \u00abConsideramos que es absolutamente incompatible su cargo en la Comisi\u00f3n Directiva con sus funciones en sociedades dedicadas a la intermediaci\u00f3n deportiva\u00bb.\u00a0<\/p>\n<p>La CD de River debe resolver si D\u00edaz Gilligan es apartado de su cargo, aunque es dif\u00edcil que eso ocurra en lo inmediato.\u00a0<\/p>\n<p><img loading=\"lazy\" decoding=\"async\" class=\"embedImage\" src=\"https:\/\/images.ole.com.ar\/2018\/02\/18\/HJ0pf7qDG_660x0__1.jpg\" width=\"660\" height=\"1173\" alt=\"La carta enviada a Rodolfo D'Onofrio.\" data-portal-copyright=\"ole.com.ar\" data-has-syndication-rights=\"1\"><\/p>\n<p>La carta enviada a Rodolfo D&#8217;Onofrio.<\/p>\n<\/p><\/div>\n<\/div>\n<p>Fuente: https:\/\/www.ole.com.ar\/river-plate\/diaz-gilligan-onofrio_0_1964803581.html<\/p>\n","protected":false},"excerpt":{"rendered":"<p>Relacionadas Valent\u00edn D\u00edaz Gilligan fue subsecretario general de la Presidencia de la Naci\u00f3n hasta este lunes, cuando debi\u00f3 renunciar por pedido de dirigentes oficialistas y opositores tras revelarse de que no declar\u00f3 una cuenta bancaria de 1.200.000 d\u00f3lares en Andorra, que compartir\u00eda con el empresario del f\u00fatbol uruguayo Paco Casal.\u00a0 D\u00edaz Gilligan tambi\u00e9n es vocal [&hellip;]<\/p>\n","protected":false},"author":1,"featured_media":5633,"comment_status":"open","ping_status":"closed","sticky":false,"template":"","format":"standard","meta":{"footnotes":""},"categories":[6],"tags":[],"class_list":{"0":"post-5632","1":"post","2":"type-post","3":"status-publish","4":"format-standard","5":"has-post-thumbnail","7":"category-deporte"},"yoast_head":"<!-- This site is optimized with the Yoast SEO plugin v27.5 - https:\/\/yoast.com\/product\/yoast-seo-wordpress\/ -->\n<title>La oposici\u00f3n no quiere a D\u00edaz Gilligan - El Diario de Tucuman<\/title>\n<meta name=\"robots\" content=\"index, follow, max-snippet:-1, max-image-preview:large, max-video-preview:-1\" \/>\n<link rel=\"canonical\" href=\"https:\/\/www.eldiariodetucuman.com\/web\/la-oposicion-no-quiere-a-diaz-gilligan\/\" \/>\n<meta property=\"og:locale\" content=\"es_ES\" \/>\n<meta property=\"og:type\" content=\"article\" \/>\n<meta property=\"og:title\" content=\"La oposici\u00f3n no quiere a D\u00edaz Gilligan - El Diario de Tucuman\" \/>\n<meta property=\"og:description\" content=\"Relacionadas Valent\u00edn D\u00edaz Gilligan fue subsecretario general de la Presidencia de la Naci\u00f3n hasta este lunes, cuando debi\u00f3 renunciar por pedido de dirigentes oficialistas y opositores tras revelarse de que no declar\u00f3 una cuenta bancaria de 1.200.000 d\u00f3lares en Andorra, que compartir\u00eda con el empresario del f\u00fatbol uruguayo Paco Casal.\u00a0 D\u00edaz Gilligan tambi\u00e9n es vocal [&hellip;]\" \/>\n<meta property=\"og:url\" content=\"https:\/\/www.eldiariodetucuman.com\/web\/la-oposicion-no-quiere-a-diaz-gilligan\/\" \/>\n<meta property=\"og:site_name\" content=\"El Diario de Tucuman\" \/>\n<meta property=\"article:published_time\" content=\"2018-02-21T03:34:56+00:00\" \/>\n<meta property=\"article:modified_time\" content=\"2018-02-21T03:34:57+00:00\" \/>\n<meta property=\"og:image\" content=\"https:\/\/www.eldiariodetucuman.com\/web\/wp-content\/uploads\/2018\/02\/2bd4fbabaa057e6c7eb5fd703d9eae31.jpeg\" \/>\n\t<meta property=\"og:image:width\" content=\"660\" \/>\n\t<meta property=\"og:image:height\" content=\"385\" \/>\n\t<meta property=\"og:image:type\" content=\"image\/jpeg\" \/>\n<meta name=\"author\" content=\"admin\" \/>\n<meta name=\"twitter:card\" content=\"summary_large_image\" \/>\n<meta name=\"twitter:label1\" content=\"Escrito por\" \/>\n\t<meta name=\"twitter:data1\" content=\"admin\" \/>\n\t<meta name=\"twitter:label2\" content=\"Tiempo de lectura\" \/>\n\t<meta name=\"twitter:data2\" content=\"1 minuto\" \/>\n<script type=\"application\/ld+json\" class=\"yoast-schema-graph\">{\"@context\":\"https:\\\/\\\/schema.org\",\"@graph\":[{\"@type\":\"Article\",\"@id\":\"https:\\\/\\\/www.eldiariodetucuman.com\\\/web\\\/la-oposicion-no-quiere-a-diaz-gilligan\\\/#article\",\"isPartOf\":{\"@id\":\"https:\\\/\\\/www.eldiariodetucuman.com\\\/web\\\/la-oposicion-no-quiere-a-diaz-gilligan\\\/\"},\"author\":{\"name\":\"admin\",\"@id\":\"https:\\\/\\\/www.eldiariodetucuman.com\\\/web\\\/#\\\/schema\\\/person\\\/9250197d75ab5483412e19678b121caa\"},\"headline\":\"La oposici\u00f3n no quiere a D\u00edaz Gilligan\",\"datePublished\":\"2018-02-21T03:34:56+00:00\",\"dateModified\":\"2018-02-21T03:34:57+00:00\",\"mainEntityOfPage\":{\"@id\":\"https:\\\/\\\/www.eldiariodetucuman.com\\\/web\\\/la-oposicion-no-quiere-a-diaz-gilligan\\\/\"},\"wordCount\":195,\"commentCount\":0,\"publisher\":{\"@id\":\"https:\\\/\\\/www.eldiariodetucuman.com\\\/web\\\/#organization\"},\"image\":{\"@id\":\"https:\\\/\\\/www.eldiariodetucuman.com\\\/web\\\/la-oposicion-no-quiere-a-diaz-gilligan\\\/#primaryimage\"},\"thumbnailUrl\":\"https:\\\/\\\/www.eldiariodetucuman.com\\\/web\\\/wp-content\\\/uploads\\\/2018\\\/02\\\/2bd4fbabaa057e6c7eb5fd703d9eae31.jpeg\",\"articleSection\":[\"Deporte\"],\"inLanguage\":\"es\",\"potentialAction\":[{\"@type\":\"CommentAction\",\"name\":\"Comment\",\"target\":[\"https:\\\/\\\/www.eldiariodetucuman.com\\\/web\\\/la-oposicion-no-quiere-a-diaz-gilligan\\\/#respond\"]}]},{\"@type\":\"WebPage\",\"@id\":\"https:\\\/\\\/www.eldiariodetucuman.com\\\/web\\\/la-oposicion-no-quiere-a-diaz-gilligan\\\/\",\"url\":\"https:\\\/\\\/www.eldiariodetucuman.com\\\/web\\\/la-oposicion-no-quiere-a-diaz-gilligan\\\/\",\"name\":\"La oposici\u00f3n no quiere a D\u00edaz Gilligan - El Diario de Tucuman\",\"isPartOf\":{\"@id\":\"https:\\\/\\\/www.eldiariodetucuman.com\\\/web\\\/#website\"},\"primaryImageOfPage\":{\"@id\":\"https:\\\/\\\/www.eldiariodetucuman.com\\\/web\\\/la-oposicion-no-quiere-a-diaz-gilligan\\\/#primaryimage\"},\"image\":{\"@id\":\"https:\\\/\\\/www.eldiariodetucuman.com\\\/web\\\/la-oposicion-no-quiere-a-diaz-gilligan\\\/#primaryimage\"},\"thumbnailUrl\":\"https:\\\/\\\/www.eldiariodetucuman.com\\\/web\\\/wp-content\\\/uploads\\\/2018\\\/02\\\/2bd4fbabaa057e6c7eb5fd703d9eae31.jpeg\",\"datePublished\":\"2018-02-21T03:34:56+00:00\",\"dateModified\":\"2018-02-21T03:34:57+00:00\",\"breadcrumb\":{\"@id\":\"https:\\\/\\\/www.eldiariodetucuman.com\\\/web\\\/la-oposicion-no-quiere-a-diaz-gilligan\\\/#breadcrumb\"},\"inLanguage\":\"es\",\"potentialAction\":[{\"@type\":\"ReadAction\",\"target\":[\"https:\\\/\\\/www.eldiariodetucuman.com\\\/web\\\/la-oposicion-no-quiere-a-diaz-gilligan\\\/\"]}]},{\"@type\":\"ImageObject\",\"inLanguage\":\"es\",\"@id\":\"https:\\\/\\\/www.eldiariodetucuman.com\\\/web\\\/la-oposicion-no-quiere-a-diaz-gilligan\\\/#primaryimage\",\"url\":\"https:\\\/\\\/www.eldiariodetucuman.com\\\/web\\\/wp-content\\\/uploads\\\/2018\\\/02\\\/2bd4fbabaa057e6c7eb5fd703d9eae31.jpeg\",\"contentUrl\":\"https:\\\/\\\/www.eldiariodetucuman.com\\\/web\\\/wp-content\\\/uploads\\\/2018\\\/02\\\/2bd4fbabaa057e6c7eb5fd703d9eae31.jpeg\",\"width\":660,\"height\":385},{\"@type\":\"BreadcrumbList\",\"@id\":\"https:\\\/\\\/www.eldiariodetucuman.com\\\/web\\\/la-oposicion-no-quiere-a-diaz-gilligan\\\/#breadcrumb\",\"itemListElement\":[{\"@type\":\"ListItem\",\"position\":1,\"name\":\"Portada\",\"item\":\"https:\\\/\\\/www.eldiariodetucuman.com\\\/web\\\/\"},{\"@type\":\"ListItem\",\"position\":2,\"name\":\"La oposici\u00f3n no quiere a D\u00edaz Gilligan\"}]},{\"@type\":\"WebSite\",\"@id\":\"https:\\\/\\\/www.eldiariodetucuman.com\\\/web\\\/#website\",\"url\":\"https:\\\/\\\/www.eldiariodetucuman.com\\\/web\\\/\",\"name\":\"El Diario de Tucuman\",\"description\":\"Diario Tucuman - Informaci\u00f3n y noticias\",\"publisher\":{\"@id\":\"https:\\\/\\\/www.eldiariodetucuman.com\\\/web\\\/#organization\"},\"potentialAction\":[{\"@type\":\"SearchAction\",\"target\":{\"@type\":\"EntryPoint\",\"urlTemplate\":\"https:\\\/\\\/www.eldiariodetucuman.com\\\/web\\\/?s={search_term_string}\"},\"query-input\":{\"@type\":\"PropertyValueSpecification\",\"valueRequired\":true,\"valueName\":\"search_term_string\"}}],\"inLanguage\":\"es\"},{\"@type\":\"Organization\",\"@id\":\"https:\\\/\\\/www.eldiariodetucuman.com\\\/web\\\/#organization\",\"name\":\"El Diario de Tucuman\",\"url\":\"https:\\\/\\\/www.eldiariodetucuman.com\\\/web\\\/\",\"logo\":{\"@type\":\"ImageObject\",\"inLanguage\":\"es\",\"@id\":\"https:\\\/\\\/www.eldiariodetucuman.com\\\/web\\\/#\\\/schema\\\/logo\\\/image\\\/\",\"url\":\"http:\\\/\\\/www.eldiariodetucuman.com\\\/web\\\/wp-content\\\/uploads\\\/2017\\\/12\\\/el-diario-de-tucuman.jpg\",\"contentUrl\":\"http:\\\/\\\/www.eldiariodetucuman.com\\\/web\\\/wp-content\\\/uploads\\\/2017\\\/12\\\/el-diario-de-tucuman.jpg\",\"width\":272,\"height\":92,\"caption\":\"El Diario de Tucuman\"},\"image\":{\"@id\":\"https:\\\/\\\/www.eldiariodetucuman.com\\\/web\\\/#\\\/schema\\\/logo\\\/image\\\/\"}},{\"@type\":\"Person\",\"@id\":\"https:\\\/\\\/www.eldiariodetucuman.com\\\/web\\\/#\\\/schema\\\/person\\\/9250197d75ab5483412e19678b121caa\",\"name\":\"admin\",\"image\":{\"@type\":\"ImageObject\",\"inLanguage\":\"es\",\"@id\":\"https:\\\/\\\/secure.gravatar.com\\\/avatar\\\/c44d117c2be811212c22cb481f6b8384b6873de103fbc49e7a03cc58d7dea4ac?s=96&d=mm&r=g\",\"url\":\"https:\\\/\\\/secure.gravatar.com\\\/avatar\\\/c44d117c2be811212c22cb481f6b8384b6873de103fbc49e7a03cc58d7dea4ac?s=96&d=mm&r=g\",\"contentUrl\":\"https:\\\/\\\/secure.gravatar.com\\\/avatar\\\/c44d117c2be811212c22cb481f6b8384b6873de103fbc49e7a03cc58d7dea4ac?s=96&d=mm&r=g\",\"caption\":\"admin\"},\"url\":\"https:\\\/\\\/www.eldiariodetucuman.com\\\/web\\\/author\\\/admin\\\/\"}]}<\/script>\n<!-- \/ Yoast SEO plugin. -->","yoast_head_json":{"title":"La oposici\u00f3n no quiere a D\u00edaz Gilligan - El Diario de Tucuman","robots":{"index":"index","follow":"follow","max-snippet":"max-snippet:-1","max-image-preview":"max-image-preview:large","max-video-preview":"max-video-preview:-1"},"canonical":"https:\/\/www.eldiariodetucuman.com\/web\/la-oposicion-no-quiere-a-diaz-gilligan\/","og_locale":"es_ES","og_type":"article","og_title":"La oposici\u00f3n no quiere a D\u00edaz Gilligan - El Diario de Tucuman","og_description":"Relacionadas Valent\u00edn D\u00edaz Gilligan fue subsecretario general de la Presidencia de la Naci\u00f3n hasta este lunes, cuando debi\u00f3 renunciar por pedido de dirigentes oficialistas y opositores tras revelarse de que no declar\u00f3 una cuenta bancaria de 1.200.000 d\u00f3lares en Andorra, que compartir\u00eda con el empresario del f\u00fatbol uruguayo Paco Casal.\u00a0 D\u00edaz Gilligan tambi\u00e9n es vocal [&hellip;]","og_url":"https:\/\/www.eldiariodetucuman.com\/web\/la-oposicion-no-quiere-a-diaz-gilligan\/","og_site_name":"El Diario de Tucuman","article_published_time":"2018-02-21T03:34:56+00:00","article_modified_time":"2018-02-21T03:34:57+00:00","og_image":[{"width":660,"height":385,"url":"https:\/\/www.eldiariodetucuman.com\/web\/wp-content\/uploads\/2018\/02\/2bd4fbabaa057e6c7eb5fd703d9eae31.jpeg","type":"image\/jpeg"}],"author":"admin","twitter_card":"summary_large_image","twitter_misc":{"Escrito por":"admin","Tiempo de lectura":"1 minuto"},"schema":{"@context":"https:\/\/schema.org","@graph":[{"@type":"Article","@id":"https:\/\/www.eldiariodetucuman.com\/web\/la-oposicion-no-quiere-a-diaz-gilligan\/#article","isPartOf":{"@id":"https:\/\/www.eldiariodetucuman.com\/web\/la-oposicion-no-quiere-a-diaz-gilligan\/"},"author":{"name":"admin","@id":"https:\/\/www.eldiariodetucuman.com\/web\/#\/schema\/person\/9250197d75ab5483412e19678b121caa"},"headline":"La oposici\u00f3n no quiere a D\u00edaz Gilligan","datePublished":"2018-02-21T03:34:56+00:00","dateModified":"2018-02-21T03:34:57+00:00","mainEntityOfPage":{"@id":"https:\/\/www.eldiariodetucuman.com\/web\/la-oposicion-no-quiere-a-diaz-gilligan\/"},"wordCount":195,"commentCount":0,"publisher":{"@id":"https:\/\/www.eldiariodetucuman.com\/web\/#organization"},"image":{"@id":"https:\/\/www.eldiariodetucuman.com\/web\/la-oposicion-no-quiere-a-diaz-gilligan\/#primaryimage"},"thumbnailUrl":"https:\/\/www.eldiariodetucuman.com\/web\/wp-content\/uploads\/2018\/02\/2bd4fbabaa057e6c7eb5fd703d9eae31.jpeg","articleSection":["Deporte"],"inLanguage":"es","potentialAction":[{"@type":"CommentAction","name":"Comment","target":["https:\/\/www.eldiariodetucuman.com\/web\/la-oposicion-no-quiere-a-diaz-gilligan\/#respond"]}]},{"@type":"WebPage","@id":"https:\/\/www.eldiariodetucuman.com\/web\/la-oposicion-no-quiere-a-diaz-gilligan\/","url":"https:\/\/www.eldiariodetucuman.com\/web\/la-oposicion-no-quiere-a-diaz-gilligan\/","name":"La oposici\u00f3n no quiere a D\u00edaz Gilligan - El Diario de Tucuman","isPartOf":{"@id":"https:\/\/www.eldiariodetucuman.com\/web\/#website"},"primaryImageOfPage":{"@id":"https:\/\/www.eldiariodetucuman.com\/web\/la-oposicion-no-quiere-a-diaz-gilligan\/#primaryimage"},"image":{"@id":"https:\/\/www.eldiariodetucuman.com\/web\/la-oposicion-no-quiere-a-diaz-gilligan\/#primaryimage"},"thumbnailUrl":"https:\/\/www.eldiariodetucuman.com\/web\/wp-content\/uploads\/2018\/02\/2bd4fbabaa057e6c7eb5fd703d9eae31.jpeg","datePublished":"2018-02-21T03:34:56+00:00","dateModified":"2018-02-21T03:34:57+00:00","breadcrumb":{"@id":"https:\/\/www.eldiariodetucuman.com\/web\/la-oposicion-no-quiere-a-diaz-gilligan\/#breadcrumb"},"inLanguage":"es","potentialAction":[{"@type":"ReadAction","target":["https:\/\/www.eldiariodetucuman.com\/web\/la-oposicion-no-quiere-a-diaz-gilligan\/"]}]},{"@type":"ImageObject","inLanguage":"es","@id":"https:\/\/www.eldiariodetucuman.com\/web\/la-oposicion-no-quiere-a-diaz-gilligan\/#primaryimage","url":"https:\/\/www.eldiariodetucuman.com\/web\/wp-content\/uploads\/2018\/02\/2bd4fbabaa057e6c7eb5fd703d9eae31.jpeg","contentUrl":"https:\/\/www.eldiariodetucuman.com\/web\/wp-content\/uploads\/2018\/02\/2bd4fbabaa057e6c7eb5fd703d9eae31.jpeg","width":660,"height":385},{"@type":"BreadcrumbList","@id":"https:\/\/www.eldiariodetucuman.com\/web\/la-oposicion-no-quiere-a-diaz-gilligan\/#breadcrumb","itemListElement":[{"@type":"ListItem","position":1,"name":"Portada","item":"https:\/\/www.eldiariodetucuman.com\/web\/"},{"@type":"ListItem","position":2,"name":"La oposici\u00f3n no quiere a D\u00edaz Gilligan"}]},{"@type":"WebSite","@id":"https:\/\/www.eldiariodetucuman.com\/web\/#website","url":"https:\/\/www.eldiariodetucuman.com\/web\/","name":"El Diario de Tucuman","description":"Diario Tucuman - Informaci\u00f3n y noticias","publisher":{"@id":"https:\/\/www.eldiariodetucuman.com\/web\/#organization"},"potentialAction":[{"@type":"SearchAction","target":{"@type":"EntryPoint","urlTemplate":"https:\/\/www.eldiariodetucuman.com\/web\/?s={search_term_string}"},"query-input":{"@type":"PropertyValueSpecification","valueRequired":true,"valueName":"search_term_string"}}],"inLanguage":"es"},{"@type":"Organization","@id":"https:\/\/www.eldiariodetucuman.com\/web\/#organization","name":"El Diario de Tucuman","url":"https:\/\/www.eldiariodetucuman.com\/web\/","logo":{"@type":"ImageObject","inLanguage":"es","@id":"https:\/\/www.eldiariodetucuman.com\/web\/#\/schema\/logo\/image\/","url":"http:\/\/www.eldiariodetucuman.com\/web\/wp-content\/uploads\/2017\/12\/el-diario-de-tucuman.jpg","contentUrl":"http:\/\/www.eldiariodetucuman.com\/web\/wp-content\/uploads\/2017\/12\/el-diario-de-tucuman.jpg","width":272,"height":92,"caption":"El Diario de Tucuman"},"image":{"@id":"https:\/\/www.eldiariodetucuman.com\/web\/#\/schema\/logo\/image\/"}},{"@type":"Person","@id":"https:\/\/www.eldiariodetucuman.com\/web\/#\/schema\/person\/9250197d75ab5483412e19678b121caa","name":"admin","image":{"@type":"ImageObject","inLanguage":"es","@id":"https:\/\/secure.gravatar.com\/avatar\/c44d117c2be811212c22cb481f6b8384b6873de103fbc49e7a03cc58d7dea4ac?s=96&d=mm&r=g","url":"https:\/\/secure.gravatar.com\/avatar\/c44d117c2be811212c22cb481f6b8384b6873de103fbc49e7a03cc58d7dea4ac?s=96&d=mm&r=g","contentUrl":"https:\/\/secure.gravatar.com\/avatar\/c44d117c2be811212c22cb481f6b8384b6873de103fbc49e7a03cc58d7dea4ac?s=96&d=mm&r=g","caption":"admin"},"url":"https:\/\/www.eldiariodetucuman.com\/web\/author\/admin\/"}]}},"_links":{"self":[{"href":"https:\/\/www.eldiariodetucuman.com\/web\/wp-json\/wp\/v2\/posts\/5632","targetHints":{"allow":["GET"]}}],"collection":[{"href":"https:\/\/www.eldiariodetucuman.com\/web\/wp-json\/wp\/v2\/posts"}],"about":[{"href":"https:\/\/www.eldiariodetucuman.com\/web\/wp-json\/wp\/v2\/types\/post"}],"author":[{"embeddable":true,"href":"https:\/\/www.eldiariodetucuman.com\/web\/wp-json\/wp\/v2\/users\/1"}],"replies":[{"embeddable":true,"href":"https:\/\/www.eldiariodetucuman.com\/web\/wp-json\/wp\/v2\/comments?post=5632"}],"version-history":[{"count":1,"href":"https:\/\/www.eldiariodetucuman.com\/web\/wp-json\/wp\/v2\/posts\/5632\/revisions"}],"predecessor-version":[{"id":5634,"href":"https:\/\/www.eldiariodetucuman.com\/web\/wp-json\/wp\/v2\/posts\/5632\/revisions\/5634"}],"wp:featuredmedia":[{"embeddable":true,"href":"https:\/\/www.eldiariodetucuman.com\/web\/wp-json\/wp\/v2\/media\/5633"}],"wp:attachment":[{"href":"https:\/\/www.eldiariodetucuman.com\/web\/wp-json\/wp\/v2\/media?parent=5632"}],"wp:term":[{"taxonomy":"category","embeddable":true,"href":"https:\/\/www.eldiariodetucuman.com\/web\/wp-json\/wp\/v2\/categories?post=5632"},{"taxonomy":"post_tag","embeddable":true,"href":"https:\/\/www.eldiariodetucuman.com\/web\/wp-json\/wp\/v2\/tags?post=5632"}],"curies":[{"name":"wp","href":"https:\/\/api.w.org\/{rel}","templated":true}]}}