{"id":5629,"date":"2018-02-21T00:34:49","date_gmt":"2018-02-21T03:34:49","guid":{"rendered":"http:\/\/www.eldiariodetucuman.com\/web\/se-quedan-hasta-el-final\/"},"modified":"2018-02-21T00:34:49","modified_gmt":"2018-02-21T03:34:49","slug":"se-quedan-hasta-el-final","status":"publish","type":"post","link":"https:\/\/www.eldiariodetucuman.com\/web\/se-quedan-hasta-el-final\/","title":{"rendered":"Se quedan hasta el final"},"content":{"rendered":"<div>\n<div id=\"article-main-content\" readability=\"71.12513601741\">\n                    <!-- Relacionadas --><\/p>\n<div class=\"entry-contentrelatednews\">\n<h4>Relacionadas<\/h4>\n<article class=\"entry\"><a class=\"linkNoPhoto dax-related-item\" href=\"https:\/\/www.ole.com.ar\/futbol-primera\/datos-superliga-boca-pases-pasador_0_1964803554.html\" title=\"\" data-dax=\"0\"><\/p>\n<figure class=\"entry-media OleNoPhoto\"><img loading=\"lazy\" decoding=\"async\" src=\"https:\/\/images.ole.com.ar\/2018\/02\/17\/HJiv1x5wz_150x100__1.jpg\" width=\"150\" height=\"100\" alt=\"5 datos de la Superliga.\"><\/figure>\n<p><\/a><\/p>\n<\/article>\n<\/div>\n<p>                    <!--End Relacionadas --><\/p>\n<p>El 14 de marzo se ver\u00e1 la primera final oficial entre Boca y River desde el Nacional 76, cuando fue campe\u00f3n el Xeneize en cancha de Racing. Mucha tensi\u00f3n y una organizaci\u00f3n programada que incluye una premiaci\u00f3n al campe\u00f3n y al subcampe\u00f3n.<\/p>\n<p>Leonardo Gallego, vocero de la organizaci\u00f3n, le asegur\u00f3 a Ol\u00e9 que el perdedor se quedar\u00e1 en la cancha del Malvinas Argentinas de Mendoza a presenciar la premiaci\u00f3n. \u00abEs el esp\u00edritu de la competencia y en todas las ediciones sucedi\u00f3 lo mismo\u00bb. dijo.<\/p>\n<p>Esto, pese a que no hay nada firmado en ese aspecto, como pas\u00f3 en otras competencias.\u00a0<\/p>\n<p>En Espa\u00f1a, el Barcelona le hizo el tradicional pasillo al Real Madrid: aplaudir a los jugadores campeones cuando salen a la cancha. O\u00a0<\/p>\n<p><img loading=\"lazy\" decoding=\"async\" class=\"embedImage\" src=\"https:\/\/images.ole.com.ar\/2018\/02\/15\/SyVn9bqPf_660x385__1.jpg\" width=\"660\" height=\"385\" alt=\"Un pasillo del Barcelona al Real Madrid, ya campe\u00f3n. Messi y Ra\u00fal de protagonistas.\"><\/p>\n<p>Un pasillo del Barcelona al Real Madrid, ya campe\u00f3n. Messi y Ra\u00fal de protagonistas, en 2008.<\/p>\n<\/p><\/div>\n<\/div>\n<p>Fuente: https:\/\/www.ole.com.ar\/futbol-primera\/supercopa-vas-perdes-boca-river_0_1964803569.html<\/p>\n","protected":false},"excerpt":{"rendered":"<p>Relacionadas El 14 de marzo se ver\u00e1 la primera final oficial entre Boca y River desde el Nacional 76, cuando fue campe\u00f3n el Xeneize en cancha de Racing. Mucha tensi\u00f3n y una organizaci\u00f3n programada que incluye una premiaci\u00f3n al campe\u00f3n y al subcampe\u00f3n. Leonardo Gallego, vocero de la organizaci\u00f3n, le asegur\u00f3 a Ol\u00e9 que el [&hellip;]<\/p>\n","protected":false},"author":1,"featured_media":5630,"comment_status":"open","ping_status":"closed","sticky":false,"template":"","format":"standard","meta":{"footnotes":""},"categories":[6],"tags":[],"class_list":{"0":"post-5629","1":"post","2":"type-post","3":"status-publish","4":"format-standard","5":"has-post-thumbnail","7":"category-deporte"},"yoast_head":"<!-- This site is optimized with the Yoast SEO plugin v27.5 - https:\/\/yoast.com\/product\/yoast-seo-wordpress\/ -->\n<title>Se quedan hasta el final - El Diario de Tucuman<\/title>\n<meta name=\"robots\" content=\"index, follow, max-snippet:-1, max-image-preview:large, max-video-preview:-1\" \/>\n<link rel=\"canonical\" href=\"https:\/\/www.eldiariodetucuman.com\/web\/se-quedan-hasta-el-final\/\" \/>\n<meta property=\"og:locale\" content=\"es_ES\" \/>\n<meta property=\"og:type\" content=\"article\" \/>\n<meta property=\"og:title\" content=\"Se quedan hasta el final - El Diario de Tucuman\" \/>\n<meta property=\"og:description\" content=\"Relacionadas El 14 de marzo se ver\u00e1 la primera final oficial entre Boca y River desde el Nacional 76, cuando fue campe\u00f3n el Xeneize en cancha de Racing. Mucha tensi\u00f3n y una organizaci\u00f3n programada que incluye una premiaci\u00f3n al campe\u00f3n y al subcampe\u00f3n. Leonardo Gallego, vocero de la organizaci\u00f3n, le asegur\u00f3 a Ol\u00e9 que el [&hellip;]\" \/>\n<meta property=\"og:url\" content=\"https:\/\/www.eldiariodetucuman.com\/web\/se-quedan-hasta-el-final\/\" \/>\n<meta property=\"og:site_name\" content=\"El Diario de Tucuman\" \/>\n<meta property=\"article:published_time\" content=\"2018-02-21T03:34:49+00:00\" \/>\n<meta property=\"og:image\" content=\"https:\/\/www.eldiariodetucuman.com\/web\/wp-content\/uploads\/2018\/02\/9669ba9ac30cb339bf1a3abe149dde3e.jpeg\" \/>\n\t<meta property=\"og:image:width\" content=\"660\" \/>\n\t<meta property=\"og:image:height\" content=\"385\" \/>\n\t<meta property=\"og:image:type\" content=\"image\/jpeg\" \/>\n<meta name=\"author\" content=\"admin\" \/>\n<meta name=\"twitter:card\" content=\"summary_large_image\" \/>\n<meta name=\"twitter:label1\" content=\"Escrito por\" \/>\n\t<meta name=\"twitter:data1\" content=\"admin\" \/>\n\t<meta name=\"twitter:label2\" content=\"Tiempo de lectura\" \/>\n\t<meta name=\"twitter:data2\" content=\"1 minuto\" \/>\n<script type=\"application\/ld+json\" class=\"yoast-schema-graph\">{\"@context\":\"https:\\\/\\\/schema.org\",\"@graph\":[{\"@type\":\"Article\",\"@id\":\"https:\\\/\\\/www.eldiariodetucuman.com\\\/web\\\/se-quedan-hasta-el-final\\\/#article\",\"isPartOf\":{\"@id\":\"https:\\\/\\\/www.eldiariodetucuman.com\\\/web\\\/se-quedan-hasta-el-final\\\/\"},\"author\":{\"name\":\"admin\",\"@id\":\"https:\\\/\\\/www.eldiariodetucuman.com\\\/web\\\/#\\\/schema\\\/person\\\/9250197d75ab5483412e19678b121caa\"},\"headline\":\"Se quedan hasta el final\",\"datePublished\":\"2018-02-21T03:34:49+00:00\",\"mainEntityOfPage\":{\"@id\":\"https:\\\/\\\/www.eldiariodetucuman.com\\\/web\\\/se-quedan-hasta-el-final\\\/\"},\"wordCount\":163,\"commentCount\":0,\"publisher\":{\"@id\":\"https:\\\/\\\/www.eldiariodetucuman.com\\\/web\\\/#organization\"},\"image\":{\"@id\":\"https:\\\/\\\/www.eldiariodetucuman.com\\\/web\\\/se-quedan-hasta-el-final\\\/#primaryimage\"},\"thumbnailUrl\":\"https:\\\/\\\/www.eldiariodetucuman.com\\\/web\\\/wp-content\\\/uploads\\\/2018\\\/02\\\/9669ba9ac30cb339bf1a3abe149dde3e.jpeg\",\"articleSection\":[\"Deporte\"],\"inLanguage\":\"es\",\"potentialAction\":[{\"@type\":\"CommentAction\",\"name\":\"Comment\",\"target\":[\"https:\\\/\\\/www.eldiariodetucuman.com\\\/web\\\/se-quedan-hasta-el-final\\\/#respond\"]}]},{\"@type\":\"WebPage\",\"@id\":\"https:\\\/\\\/www.eldiariodetucuman.com\\\/web\\\/se-quedan-hasta-el-final\\\/\",\"url\":\"https:\\\/\\\/www.eldiariodetucuman.com\\\/web\\\/se-quedan-hasta-el-final\\\/\",\"name\":\"Se quedan hasta el final - El Diario de Tucuman\",\"isPartOf\":{\"@id\":\"https:\\\/\\\/www.eldiariodetucuman.com\\\/web\\\/#website\"},\"primaryImageOfPage\":{\"@id\":\"https:\\\/\\\/www.eldiariodetucuman.com\\\/web\\\/se-quedan-hasta-el-final\\\/#primaryimage\"},\"image\":{\"@id\":\"https:\\\/\\\/www.eldiariodetucuman.com\\\/web\\\/se-quedan-hasta-el-final\\\/#primaryimage\"},\"thumbnailUrl\":\"https:\\\/\\\/www.eldiariodetucuman.com\\\/web\\\/wp-content\\\/uploads\\\/2018\\\/02\\\/9669ba9ac30cb339bf1a3abe149dde3e.jpeg\",\"datePublished\":\"2018-02-21T03:34:49+00:00\",\"breadcrumb\":{\"@id\":\"https:\\\/\\\/www.eldiariodetucuman.com\\\/web\\\/se-quedan-hasta-el-final\\\/#breadcrumb\"},\"inLanguage\":\"es\",\"potentialAction\":[{\"@type\":\"ReadAction\",\"target\":[\"https:\\\/\\\/www.eldiariodetucuman.com\\\/web\\\/se-quedan-hasta-el-final\\\/\"]}]},{\"@type\":\"ImageObject\",\"inLanguage\":\"es\",\"@id\":\"https:\\\/\\\/www.eldiariodetucuman.com\\\/web\\\/se-quedan-hasta-el-final\\\/#primaryimage\",\"url\":\"https:\\\/\\\/www.eldiariodetucuman.com\\\/web\\\/wp-content\\\/uploads\\\/2018\\\/02\\\/9669ba9ac30cb339bf1a3abe149dde3e.jpeg\",\"contentUrl\":\"https:\\\/\\\/www.eldiariodetucuman.com\\\/web\\\/wp-content\\\/uploads\\\/2018\\\/02\\\/9669ba9ac30cb339bf1a3abe149dde3e.jpeg\",\"width\":660,\"height\":385},{\"@type\":\"BreadcrumbList\",\"@id\":\"https:\\\/\\\/www.eldiariodetucuman.com\\\/web\\\/se-quedan-hasta-el-final\\\/#breadcrumb\",\"itemListElement\":[{\"@type\":\"ListItem\",\"position\":1,\"name\":\"Portada\",\"item\":\"https:\\\/\\\/www.eldiariodetucuman.com\\\/web\\\/\"},{\"@type\":\"ListItem\",\"position\":2,\"name\":\"Se quedan hasta el final\"}]},{\"@type\":\"WebSite\",\"@id\":\"https:\\\/\\\/www.eldiariodetucuman.com\\\/web\\\/#website\",\"url\":\"https:\\\/\\\/www.eldiariodetucuman.com\\\/web\\\/\",\"name\":\"El Diario de Tucuman\",\"description\":\"Diario Tucuman - Informaci\u00f3n y noticias\",\"publisher\":{\"@id\":\"https:\\\/\\\/www.eldiariodetucuman.com\\\/web\\\/#organization\"},\"potentialAction\":[{\"@type\":\"SearchAction\",\"target\":{\"@type\":\"EntryPoint\",\"urlTemplate\":\"https:\\\/\\\/www.eldiariodetucuman.com\\\/web\\\/?s={search_term_string}\"},\"query-input\":{\"@type\":\"PropertyValueSpecification\",\"valueRequired\":true,\"valueName\":\"search_term_string\"}}],\"inLanguage\":\"es\"},{\"@type\":\"Organization\",\"@id\":\"https:\\\/\\\/www.eldiariodetucuman.com\\\/web\\\/#organization\",\"name\":\"El Diario de Tucuman\",\"url\":\"https:\\\/\\\/www.eldiariodetucuman.com\\\/web\\\/\",\"logo\":{\"@type\":\"ImageObject\",\"inLanguage\":\"es\",\"@id\":\"https:\\\/\\\/www.eldiariodetucuman.com\\\/web\\\/#\\\/schema\\\/logo\\\/image\\\/\",\"url\":\"http:\\\/\\\/www.eldiariodetucuman.com\\\/web\\\/wp-content\\\/uploads\\\/2017\\\/12\\\/el-diario-de-tucuman.jpg\",\"contentUrl\":\"http:\\\/\\\/www.eldiariodetucuman.com\\\/web\\\/wp-content\\\/uploads\\\/2017\\\/12\\\/el-diario-de-tucuman.jpg\",\"width\":272,\"height\":92,\"caption\":\"El Diario de Tucuman\"},\"image\":{\"@id\":\"https:\\\/\\\/www.eldiariodetucuman.com\\\/web\\\/#\\\/schema\\\/logo\\\/image\\\/\"}},{\"@type\":\"Person\",\"@id\":\"https:\\\/\\\/www.eldiariodetucuman.com\\\/web\\\/#\\\/schema\\\/person\\\/9250197d75ab5483412e19678b121caa\",\"name\":\"admin\",\"image\":{\"@type\":\"ImageObject\",\"inLanguage\":\"es\",\"@id\":\"https:\\\/\\\/secure.gravatar.com\\\/avatar\\\/c44d117c2be811212c22cb481f6b8384b6873de103fbc49e7a03cc58d7dea4ac?s=96&d=mm&r=g\",\"url\":\"https:\\\/\\\/secure.gravatar.com\\\/avatar\\\/c44d117c2be811212c22cb481f6b8384b6873de103fbc49e7a03cc58d7dea4ac?s=96&d=mm&r=g\",\"contentUrl\":\"https:\\\/\\\/secure.gravatar.com\\\/avatar\\\/c44d117c2be811212c22cb481f6b8384b6873de103fbc49e7a03cc58d7dea4ac?s=96&d=mm&r=g\",\"caption\":\"admin\"},\"url\":\"https:\\\/\\\/www.eldiariodetucuman.com\\\/web\\\/author\\\/admin\\\/\"}]}<\/script>\n<!-- \/ Yoast SEO plugin. -->","yoast_head_json":{"title":"Se quedan hasta el final - El Diario de Tucuman","robots":{"index":"index","follow":"follow","max-snippet":"max-snippet:-1","max-image-preview":"max-image-preview:large","max-video-preview":"max-video-preview:-1"},"canonical":"https:\/\/www.eldiariodetucuman.com\/web\/se-quedan-hasta-el-final\/","og_locale":"es_ES","og_type":"article","og_title":"Se quedan hasta el final - El Diario de Tucuman","og_description":"Relacionadas El 14 de marzo se ver\u00e1 la primera final oficial entre Boca y River desde el Nacional 76, cuando fue campe\u00f3n el Xeneize en cancha de Racing. Mucha tensi\u00f3n y una organizaci\u00f3n programada que incluye una premiaci\u00f3n al campe\u00f3n y al subcampe\u00f3n. Leonardo Gallego, vocero de la organizaci\u00f3n, le asegur\u00f3 a Ol\u00e9 que el [&hellip;]","og_url":"https:\/\/www.eldiariodetucuman.com\/web\/se-quedan-hasta-el-final\/","og_site_name":"El Diario de Tucuman","article_published_time":"2018-02-21T03:34:49+00:00","og_image":[{"width":660,"height":385,"url":"https:\/\/www.eldiariodetucuman.com\/web\/wp-content\/uploads\/2018\/02\/9669ba9ac30cb339bf1a3abe149dde3e.jpeg","type":"image\/jpeg"}],"author":"admin","twitter_card":"summary_large_image","twitter_misc":{"Escrito por":"admin","Tiempo de lectura":"1 minuto"},"schema":{"@context":"https:\/\/schema.org","@graph":[{"@type":"Article","@id":"https:\/\/www.eldiariodetucuman.com\/web\/se-quedan-hasta-el-final\/#article","isPartOf":{"@id":"https:\/\/www.eldiariodetucuman.com\/web\/se-quedan-hasta-el-final\/"},"author":{"name":"admin","@id":"https:\/\/www.eldiariodetucuman.com\/web\/#\/schema\/person\/9250197d75ab5483412e19678b121caa"},"headline":"Se quedan hasta el final","datePublished":"2018-02-21T03:34:49+00:00","mainEntityOfPage":{"@id":"https:\/\/www.eldiariodetucuman.com\/web\/se-quedan-hasta-el-final\/"},"wordCount":163,"commentCount":0,"publisher":{"@id":"https:\/\/www.eldiariodetucuman.com\/web\/#organization"},"image":{"@id":"https:\/\/www.eldiariodetucuman.com\/web\/se-quedan-hasta-el-final\/#primaryimage"},"thumbnailUrl":"https:\/\/www.eldiariodetucuman.com\/web\/wp-content\/uploads\/2018\/02\/9669ba9ac30cb339bf1a3abe149dde3e.jpeg","articleSection":["Deporte"],"inLanguage":"es","potentialAction":[{"@type":"CommentAction","name":"Comment","target":["https:\/\/www.eldiariodetucuman.com\/web\/se-quedan-hasta-el-final\/#respond"]}]},{"@type":"WebPage","@id":"https:\/\/www.eldiariodetucuman.com\/web\/se-quedan-hasta-el-final\/","url":"https:\/\/www.eldiariodetucuman.com\/web\/se-quedan-hasta-el-final\/","name":"Se quedan hasta el final - El Diario de Tucuman","isPartOf":{"@id":"https:\/\/www.eldiariodetucuman.com\/web\/#website"},"primaryImageOfPage":{"@id":"https:\/\/www.eldiariodetucuman.com\/web\/se-quedan-hasta-el-final\/#primaryimage"},"image":{"@id":"https:\/\/www.eldiariodetucuman.com\/web\/se-quedan-hasta-el-final\/#primaryimage"},"thumbnailUrl":"https:\/\/www.eldiariodetucuman.com\/web\/wp-content\/uploads\/2018\/02\/9669ba9ac30cb339bf1a3abe149dde3e.jpeg","datePublished":"2018-02-21T03:34:49+00:00","breadcrumb":{"@id":"https:\/\/www.eldiariodetucuman.com\/web\/se-quedan-hasta-el-final\/#breadcrumb"},"inLanguage":"es","potentialAction":[{"@type":"ReadAction","target":["https:\/\/www.eldiariodetucuman.com\/web\/se-quedan-hasta-el-final\/"]}]},{"@type":"ImageObject","inLanguage":"es","@id":"https:\/\/www.eldiariodetucuman.com\/web\/se-quedan-hasta-el-final\/#primaryimage","url":"https:\/\/www.eldiariodetucuman.com\/web\/wp-content\/uploads\/2018\/02\/9669ba9ac30cb339bf1a3abe149dde3e.jpeg","contentUrl":"https:\/\/www.eldiariodetucuman.com\/web\/wp-content\/uploads\/2018\/02\/9669ba9ac30cb339bf1a3abe149dde3e.jpeg","width":660,"height":385},{"@type":"BreadcrumbList","@id":"https:\/\/www.eldiariodetucuman.com\/web\/se-quedan-hasta-el-final\/#breadcrumb","itemListElement":[{"@type":"ListItem","position":1,"name":"Portada","item":"https:\/\/www.eldiariodetucuman.com\/web\/"},{"@type":"ListItem","position":2,"name":"Se quedan hasta el final"}]},{"@type":"WebSite","@id":"https:\/\/www.eldiariodetucuman.com\/web\/#website","url":"https:\/\/www.eldiariodetucuman.com\/web\/","name":"El Diario de Tucuman","description":"Diario Tucuman - Informaci\u00f3n y noticias","publisher":{"@id":"https:\/\/www.eldiariodetucuman.com\/web\/#organization"},"potentialAction":[{"@type":"SearchAction","target":{"@type":"EntryPoint","urlTemplate":"https:\/\/www.eldiariodetucuman.com\/web\/?s={search_term_string}"},"query-input":{"@type":"PropertyValueSpecification","valueRequired":true,"valueName":"search_term_string"}}],"inLanguage":"es"},{"@type":"Organization","@id":"https:\/\/www.eldiariodetucuman.com\/web\/#organization","name":"El Diario de Tucuman","url":"https:\/\/www.eldiariodetucuman.com\/web\/","logo":{"@type":"ImageObject","inLanguage":"es","@id":"https:\/\/www.eldiariodetucuman.com\/web\/#\/schema\/logo\/image\/","url":"http:\/\/www.eldiariodetucuman.com\/web\/wp-content\/uploads\/2017\/12\/el-diario-de-tucuman.jpg","contentUrl":"http:\/\/www.eldiariodetucuman.com\/web\/wp-content\/uploads\/2017\/12\/el-diario-de-tucuman.jpg","width":272,"height":92,"caption":"El Diario de Tucuman"},"image":{"@id":"https:\/\/www.eldiariodetucuman.com\/web\/#\/schema\/logo\/image\/"}},{"@type":"Person","@id":"https:\/\/www.eldiariodetucuman.com\/web\/#\/schema\/person\/9250197d75ab5483412e19678b121caa","name":"admin","image":{"@type":"ImageObject","inLanguage":"es","@id":"https:\/\/secure.gravatar.com\/avatar\/c44d117c2be811212c22cb481f6b8384b6873de103fbc49e7a03cc58d7dea4ac?s=96&d=mm&r=g","url":"https:\/\/secure.gravatar.com\/avatar\/c44d117c2be811212c22cb481f6b8384b6873de103fbc49e7a03cc58d7dea4ac?s=96&d=mm&r=g","contentUrl":"https:\/\/secure.gravatar.com\/avatar\/c44d117c2be811212c22cb481f6b8384b6873de103fbc49e7a03cc58d7dea4ac?s=96&d=mm&r=g","caption":"admin"},"url":"https:\/\/www.eldiariodetucuman.com\/web\/author\/admin\/"}]}},"_links":{"self":[{"href":"https:\/\/www.eldiariodetucuman.com\/web\/wp-json\/wp\/v2\/posts\/5629","targetHints":{"allow":["GET"]}}],"collection":[{"href":"https:\/\/www.eldiariodetucuman.com\/web\/wp-json\/wp\/v2\/posts"}],"about":[{"href":"https:\/\/www.eldiariodetucuman.com\/web\/wp-json\/wp\/v2\/types\/post"}],"author":[{"embeddable":true,"href":"https:\/\/www.eldiariodetucuman.com\/web\/wp-json\/wp\/v2\/users\/1"}],"replies":[{"embeddable":true,"href":"https:\/\/www.eldiariodetucuman.com\/web\/wp-json\/wp\/v2\/comments?post=5629"}],"version-history":[{"count":1,"href":"https:\/\/www.eldiariodetucuman.com\/web\/wp-json\/wp\/v2\/posts\/5629\/revisions"}],"predecessor-version":[{"id":5631,"href":"https:\/\/www.eldiariodetucuman.com\/web\/wp-json\/wp\/v2\/posts\/5629\/revisions\/5631"}],"wp:featuredmedia":[{"embeddable":true,"href":"https:\/\/www.eldiariodetucuman.com\/web\/wp-json\/wp\/v2\/media\/5630"}],"wp:attachment":[{"href":"https:\/\/www.eldiariodetucuman.com\/web\/wp-json\/wp\/v2\/media?parent=5629"}],"wp:term":[{"taxonomy":"category","embeddable":true,"href":"https:\/\/www.eldiariodetucuman.com\/web\/wp-json\/wp\/v2\/categories?post=5629"},{"taxonomy":"post_tag","embeddable":true,"href":"https:\/\/www.eldiariodetucuman.com\/web\/wp-json\/wp\/v2\/tags?post=5629"}],"curies":[{"name":"wp","href":"https:\/\/api.w.org\/{rel}","templated":true}]}}