{"id":5626,"date":"2018-02-21T00:07:36","date_gmt":"2018-02-21T03:07:36","guid":{"rendered":"http:\/\/www.eldiariodetucuman.com\/web\/inauguraron-la-primera-pileta-publica-climatizada-de-tafi-viejo\/"},"modified":"2018-02-21T00:07:37","modified_gmt":"2018-02-21T03:07:37","slug":"inauguraron-la-primera-pileta-publica-climatizada-de-tafi-viejo","status":"publish","type":"post","link":"https:\/\/www.eldiariodetucuman.com\/web\/inauguraron-la-primera-pileta-publica-climatizada-de-tafi-viejo\/","title":{"rendered":"Inauguraron la primera pileta p\u00fablica climatizada de Taf\u00ed Viejo"},"content":{"rendered":"<div>\n<div readability=\"84.5\">\n<p>El Club Atl\u00e9tico Talleres vuelve a abrir su natatorio despu\u00e9s de una profunda reconstrucci\u00f3n, que convirti\u00f3 la antigua pileta, en la que aprendieron a nadar generaciones de personas de Taf\u00ed Viejo, en un nuevo espacio para la diversi\u00f3n y el deporte, aprovechable todo el a\u00f1o.<\/p>\n<p>De la vieja pileta, solo se conserv\u00f3 el pozo y se realizaron instalaciones para que sea climatizada, con luces y cuenta con un sol\u00e1rium. Hoy, tras 15 a\u00f1os de estar inhabilitada, qued\u00f3 oficialmente inaugurada por el vicegobernador, a cargo del Poder Ejecutivo, <strong>Osvaldo Jaldo<\/strong>, quien estuvo acompa\u00f1ado por el diputado nacional <strong>Pablo Yedlin<\/strong>.<\/p>\n<blockquote readability=\"10\">\n<p>Visitamos el club en septiembre, cuando estaban ejecutando la construcci\u00f3n de la cancha de b\u00e1squet e iniciaban con la pileta. Hoy podemos ver que en cinco meses el Club Talleres creci\u00f3 trabajando en forma conjunta con el municipio\u00a0y el Gobierno provincial; pudimos recuperar una instituci\u00f3n que el punto de encuentro para los ni\u00f1os\u201d, destac\u00f3 Jaldo.<\/p>\n<\/blockquote>\n<p>La pileta de Talleres es el \u00fanico natatorio p\u00fablico del Taf\u00ed Viejo al que podr\u00e1n acceder no solo los socios del club, quienes tendr\u00e1n otros beneficios en el uso de las instalaciones, sino que ser\u00e1 para todo p\u00fablico.<\/p>\n<p><a href=\"http:\/\/comunicaciontucuman.gob.ar\/wp-content\/uploads\/2018\/02\/pileta-tafi-viejo2.jpg\"><img loading=\"lazy\" decoding=\"async\" class=\"size-medium wp-image-154561 alignleft\" src=\"http:\/\/comunicaciontucuman.gob.ar\/wp-content\/uploads\/2018\/02\/pileta-tafi-viejo2-300x166.jpg\" alt=\"pileta-tafi-viejo2\" width=\"300\" height=\"166\"><\/a><\/p>\n<p>La obra se realiz\u00f3 con fondos de la municipalidad de Taf\u00ed Viejo con respaldo del Gobierno de la Provincia. \u201cEste club, que tiene 103 a\u00f1os de historia, nos llena de emoci\u00f3n inaugurar esta obra por la trascendencia que tiene para la pr\u00e1ctica de la nataci\u00f3n\u201d, destac\u00f3 el intendente de la ciudad, <strong>Javier Noguera<\/strong>.<\/p>\n<p>Por su parte, <strong>Rub\u00e9n Sol\u00f3rzano<\/strong>, presidente del club, cont\u00f3 que \u201cla pileta era un sue\u00f1o que despu\u00e9s de tanto a\u00f1os que hoy se hace realidad. Enorme cantidades de ni\u00f1o vendr\u00e1n aqu\u00ed, donde aprendimos a nadar todo el pueblo y muchas generaciones vieron trunca esa posibilidad por estar inhabilitada\u201d.<\/p>\n<p>Adem\u00e1s de la obras para reconstruir la pileta semiol\u00edmpica, se construy\u00f3 un vestuario nuevo, se reestructur\u00f3 la pileta chica, se instalaron nuevos tanques de agua y se hizo una oficina para la secretar\u00eda del club.<\/p>\n<p><strong>Galer\u00eda de fotos<\/strong><\/p>\n<p>\u00a0<\/p>\n<\/div>\n<\/div>\n<p>Fuente: http:\/\/comunicaciontucuman.gob.ar\/2018\/02\/inauguraron-le-primera-pileta-publica-climatizada-de-tafi-viejo\/<\/p>\n","protected":false},"excerpt":{"rendered":"<p>El Club Atl\u00e9tico Talleres vuelve a abrir su natatorio despu\u00e9s de una profunda reconstrucci\u00f3n, que convirti\u00f3 la antigua pileta, en la que aprendieron a nadar generaciones de personas de Taf\u00ed Viejo, en un nuevo espacio para la diversi\u00f3n y el deporte, aprovechable todo el a\u00f1o. De la vieja pileta, solo se conserv\u00f3 el pozo y [&hellip;]<\/p>\n","protected":false},"author":1,"featured_media":5627,"comment_status":"open","ping_status":"closed","sticky":false,"template":"","format":"standard","meta":{"footnotes":""},"categories":[3],"tags":[],"class_list":{"0":"post-5626","1":"post","2":"type-post","3":"status-publish","4":"format-standard","5":"has-post-thumbnail","7":"category-politica"},"yoast_head":"<!-- This site is optimized with the Yoast SEO plugin v27.5 - https:\/\/yoast.com\/product\/yoast-seo-wordpress\/ -->\n<title>Inauguraron la primera pileta p\u00fablica climatizada de Taf\u00ed Viejo - El Diario de Tucuman<\/title>\n<meta name=\"robots\" content=\"index, follow, max-snippet:-1, max-image-preview:large, max-video-preview:-1\" \/>\n<link rel=\"canonical\" href=\"https:\/\/www.eldiariodetucuman.com\/web\/inauguraron-la-primera-pileta-publica-climatizada-de-tafi-viejo\/\" \/>\n<meta property=\"og:locale\" content=\"es_ES\" \/>\n<meta property=\"og:type\" content=\"article\" \/>\n<meta property=\"og:title\" content=\"Inauguraron la primera pileta p\u00fablica climatizada de Taf\u00ed Viejo - El Diario de Tucuman\" \/>\n<meta property=\"og:description\" content=\"El Club Atl\u00e9tico Talleres vuelve a abrir su natatorio despu\u00e9s de una profunda reconstrucci\u00f3n, que convirti\u00f3 la antigua pileta, en la que aprendieron a nadar generaciones de personas de Taf\u00ed Viejo, en un nuevo espacio para la diversi\u00f3n y el deporte, aprovechable todo el a\u00f1o. De la vieja pileta, solo se conserv\u00f3 el pozo y [&hellip;]\" \/>\n<meta property=\"og:url\" content=\"https:\/\/www.eldiariodetucuman.com\/web\/inauguraron-la-primera-pileta-publica-climatizada-de-tafi-viejo\/\" \/>\n<meta property=\"og:site_name\" content=\"El Diario de Tucuman\" \/>\n<meta property=\"article:published_time\" content=\"2018-02-21T03:07:36+00:00\" \/>\n<meta property=\"article:modified_time\" content=\"2018-02-21T03:07:37+00:00\" \/>\n<meta property=\"og:image\" content=\"https:\/\/www.eldiariodetucuman.com\/web\/wp-content\/uploads\/2018\/02\/8edc76a247b3ab069adabd7177d78444.jpeg\" \/>\n\t<meta property=\"og:image:width\" content=\"300\" \/>\n\t<meta property=\"og:image:height\" content=\"166\" \/>\n\t<meta property=\"og:image:type\" content=\"image\/jpeg\" \/>\n<meta name=\"author\" content=\"admin\" \/>\n<meta name=\"twitter:card\" content=\"summary_large_image\" \/>\n<meta name=\"twitter:label1\" content=\"Escrito por\" \/>\n\t<meta name=\"twitter:data1\" content=\"admin\" \/>\n\t<meta name=\"twitter:label2\" content=\"Tiempo de lectura\" \/>\n\t<meta name=\"twitter:data2\" content=\"2 minutos\" \/>\n<script type=\"application\/ld+json\" class=\"yoast-schema-graph\">{\"@context\":\"https:\\\/\\\/schema.org\",\"@graph\":[{\"@type\":\"Article\",\"@id\":\"https:\\\/\\\/www.eldiariodetucuman.com\\\/web\\\/inauguraron-la-primera-pileta-publica-climatizada-de-tafi-viejo\\\/#article\",\"isPartOf\":{\"@id\":\"https:\\\/\\\/www.eldiariodetucuman.com\\\/web\\\/inauguraron-la-primera-pileta-publica-climatizada-de-tafi-viejo\\\/\"},\"author\":{\"name\":\"admin\",\"@id\":\"https:\\\/\\\/www.eldiariodetucuman.com\\\/web\\\/#\\\/schema\\\/person\\\/9250197d75ab5483412e19678b121caa\"},\"headline\":\"Inauguraron la primera pileta p\u00fablica climatizada de Taf\u00ed Viejo\",\"datePublished\":\"2018-02-21T03:07:36+00:00\",\"dateModified\":\"2018-02-21T03:07:37+00:00\",\"mainEntityOfPage\":{\"@id\":\"https:\\\/\\\/www.eldiariodetucuman.com\\\/web\\\/inauguraron-la-primera-pileta-publica-climatizada-de-tafi-viejo\\\/\"},\"wordCount\":376,\"commentCount\":0,\"publisher\":{\"@id\":\"https:\\\/\\\/www.eldiariodetucuman.com\\\/web\\\/#organization\"},\"image\":{\"@id\":\"https:\\\/\\\/www.eldiariodetucuman.com\\\/web\\\/inauguraron-la-primera-pileta-publica-climatizada-de-tafi-viejo\\\/#primaryimage\"},\"thumbnailUrl\":\"https:\\\/\\\/www.eldiariodetucuman.com\\\/web\\\/wp-content\\\/uploads\\\/2018\\\/02\\\/8edc76a247b3ab069adabd7177d78444.jpeg\",\"articleSection\":[\"Politica\"],\"inLanguage\":\"es\",\"potentialAction\":[{\"@type\":\"CommentAction\",\"name\":\"Comment\",\"target\":[\"https:\\\/\\\/www.eldiariodetucuman.com\\\/web\\\/inauguraron-la-primera-pileta-publica-climatizada-de-tafi-viejo\\\/#respond\"]}]},{\"@type\":\"WebPage\",\"@id\":\"https:\\\/\\\/www.eldiariodetucuman.com\\\/web\\\/inauguraron-la-primera-pileta-publica-climatizada-de-tafi-viejo\\\/\",\"url\":\"https:\\\/\\\/www.eldiariodetucuman.com\\\/web\\\/inauguraron-la-primera-pileta-publica-climatizada-de-tafi-viejo\\\/\",\"name\":\"Inauguraron la primera pileta p\u00fablica climatizada de Taf\u00ed Viejo - El Diario de Tucuman\",\"isPartOf\":{\"@id\":\"https:\\\/\\\/www.eldiariodetucuman.com\\\/web\\\/#website\"},\"primaryImageOfPage\":{\"@id\":\"https:\\\/\\\/www.eldiariodetucuman.com\\\/web\\\/inauguraron-la-primera-pileta-publica-climatizada-de-tafi-viejo\\\/#primaryimage\"},\"image\":{\"@id\":\"https:\\\/\\\/www.eldiariodetucuman.com\\\/web\\\/inauguraron-la-primera-pileta-publica-climatizada-de-tafi-viejo\\\/#primaryimage\"},\"thumbnailUrl\":\"https:\\\/\\\/www.eldiariodetucuman.com\\\/web\\\/wp-content\\\/uploads\\\/2018\\\/02\\\/8edc76a247b3ab069adabd7177d78444.jpeg\",\"datePublished\":\"2018-02-21T03:07:36+00:00\",\"dateModified\":\"2018-02-21T03:07:37+00:00\",\"breadcrumb\":{\"@id\":\"https:\\\/\\\/www.eldiariodetucuman.com\\\/web\\\/inauguraron-la-primera-pileta-publica-climatizada-de-tafi-viejo\\\/#breadcrumb\"},\"inLanguage\":\"es\",\"potentialAction\":[{\"@type\":\"ReadAction\",\"target\":[\"https:\\\/\\\/www.eldiariodetucuman.com\\\/web\\\/inauguraron-la-primera-pileta-publica-climatizada-de-tafi-viejo\\\/\"]}]},{\"@type\":\"ImageObject\",\"inLanguage\":\"es\",\"@id\":\"https:\\\/\\\/www.eldiariodetucuman.com\\\/web\\\/inauguraron-la-primera-pileta-publica-climatizada-de-tafi-viejo\\\/#primaryimage\",\"url\":\"https:\\\/\\\/www.eldiariodetucuman.com\\\/web\\\/wp-content\\\/uploads\\\/2018\\\/02\\\/8edc76a247b3ab069adabd7177d78444.jpeg\",\"contentUrl\":\"https:\\\/\\\/www.eldiariodetucuman.com\\\/web\\\/wp-content\\\/uploads\\\/2018\\\/02\\\/8edc76a247b3ab069adabd7177d78444.jpeg\",\"width\":300,\"height\":166},{\"@type\":\"BreadcrumbList\",\"@id\":\"https:\\\/\\\/www.eldiariodetucuman.com\\\/web\\\/inauguraron-la-primera-pileta-publica-climatizada-de-tafi-viejo\\\/#breadcrumb\",\"itemListElement\":[{\"@type\":\"ListItem\",\"position\":1,\"name\":\"Portada\",\"item\":\"https:\\\/\\\/www.eldiariodetucuman.com\\\/web\\\/\"},{\"@type\":\"ListItem\",\"position\":2,\"name\":\"Inauguraron la primera pileta p\u00fablica climatizada de Taf\u00ed Viejo\"}]},{\"@type\":\"WebSite\",\"@id\":\"https:\\\/\\\/www.eldiariodetucuman.com\\\/web\\\/#website\",\"url\":\"https:\\\/\\\/www.eldiariodetucuman.com\\\/web\\\/\",\"name\":\"El Diario de Tucuman\",\"description\":\"Diario Tucuman - Informaci\u00f3n y noticias\",\"publisher\":{\"@id\":\"https:\\\/\\\/www.eldiariodetucuman.com\\\/web\\\/#organization\"},\"potentialAction\":[{\"@type\":\"SearchAction\",\"target\":{\"@type\":\"EntryPoint\",\"urlTemplate\":\"https:\\\/\\\/www.eldiariodetucuman.com\\\/web\\\/?s={search_term_string}\"},\"query-input\":{\"@type\":\"PropertyValueSpecification\",\"valueRequired\":true,\"valueName\":\"search_term_string\"}}],\"inLanguage\":\"es\"},{\"@type\":\"Organization\",\"@id\":\"https:\\\/\\\/www.eldiariodetucuman.com\\\/web\\\/#organization\",\"name\":\"El Diario de Tucuman\",\"url\":\"https:\\\/\\\/www.eldiariodetucuman.com\\\/web\\\/\",\"logo\":{\"@type\":\"ImageObject\",\"inLanguage\":\"es\",\"@id\":\"https:\\\/\\\/www.eldiariodetucuman.com\\\/web\\\/#\\\/schema\\\/logo\\\/image\\\/\",\"url\":\"http:\\\/\\\/www.eldiariodetucuman.com\\\/web\\\/wp-content\\\/uploads\\\/2017\\\/12\\\/el-diario-de-tucuman.jpg\",\"contentUrl\":\"http:\\\/\\\/www.eldiariodetucuman.com\\\/web\\\/wp-content\\\/uploads\\\/2017\\\/12\\\/el-diario-de-tucuman.jpg\",\"width\":272,\"height\":92,\"caption\":\"El Diario de Tucuman\"},\"image\":{\"@id\":\"https:\\\/\\\/www.eldiariodetucuman.com\\\/web\\\/#\\\/schema\\\/logo\\\/image\\\/\"}},{\"@type\":\"Person\",\"@id\":\"https:\\\/\\\/www.eldiariodetucuman.com\\\/web\\\/#\\\/schema\\\/person\\\/9250197d75ab5483412e19678b121caa\",\"name\":\"admin\",\"image\":{\"@type\":\"ImageObject\",\"inLanguage\":\"es\",\"@id\":\"https:\\\/\\\/secure.gravatar.com\\\/avatar\\\/c44d117c2be811212c22cb481f6b8384b6873de103fbc49e7a03cc58d7dea4ac?s=96&d=mm&r=g\",\"url\":\"https:\\\/\\\/secure.gravatar.com\\\/avatar\\\/c44d117c2be811212c22cb481f6b8384b6873de103fbc49e7a03cc58d7dea4ac?s=96&d=mm&r=g\",\"contentUrl\":\"https:\\\/\\\/secure.gravatar.com\\\/avatar\\\/c44d117c2be811212c22cb481f6b8384b6873de103fbc49e7a03cc58d7dea4ac?s=96&d=mm&r=g\",\"caption\":\"admin\"},\"url\":\"https:\\\/\\\/www.eldiariodetucuman.com\\\/web\\\/author\\\/admin\\\/\"}]}<\/script>\n<!-- \/ Yoast SEO plugin. -->","yoast_head_json":{"title":"Inauguraron la primera pileta p\u00fablica climatizada de Taf\u00ed Viejo - El Diario de Tucuman","robots":{"index":"index","follow":"follow","max-snippet":"max-snippet:-1","max-image-preview":"max-image-preview:large","max-video-preview":"max-video-preview:-1"},"canonical":"https:\/\/www.eldiariodetucuman.com\/web\/inauguraron-la-primera-pileta-publica-climatizada-de-tafi-viejo\/","og_locale":"es_ES","og_type":"article","og_title":"Inauguraron la primera pileta p\u00fablica climatizada de Taf\u00ed Viejo - El Diario de Tucuman","og_description":"El Club Atl\u00e9tico Talleres vuelve a abrir su natatorio despu\u00e9s de una profunda reconstrucci\u00f3n, que convirti\u00f3 la antigua pileta, en la que aprendieron a nadar generaciones de personas de Taf\u00ed Viejo, en un nuevo espacio para la diversi\u00f3n y el deporte, aprovechable todo el a\u00f1o. De la vieja pileta, solo se conserv\u00f3 el pozo y [&hellip;]","og_url":"https:\/\/www.eldiariodetucuman.com\/web\/inauguraron-la-primera-pileta-publica-climatizada-de-tafi-viejo\/","og_site_name":"El Diario de Tucuman","article_published_time":"2018-02-21T03:07:36+00:00","article_modified_time":"2018-02-21T03:07:37+00:00","og_image":[{"width":300,"height":166,"url":"https:\/\/www.eldiariodetucuman.com\/web\/wp-content\/uploads\/2018\/02\/8edc76a247b3ab069adabd7177d78444.jpeg","type":"image\/jpeg"}],"author":"admin","twitter_card":"summary_large_image","twitter_misc":{"Escrito por":"admin","Tiempo de lectura":"2 minutos"},"schema":{"@context":"https:\/\/schema.org","@graph":[{"@type":"Article","@id":"https:\/\/www.eldiariodetucuman.com\/web\/inauguraron-la-primera-pileta-publica-climatizada-de-tafi-viejo\/#article","isPartOf":{"@id":"https:\/\/www.eldiariodetucuman.com\/web\/inauguraron-la-primera-pileta-publica-climatizada-de-tafi-viejo\/"},"author":{"name":"admin","@id":"https:\/\/www.eldiariodetucuman.com\/web\/#\/schema\/person\/9250197d75ab5483412e19678b121caa"},"headline":"Inauguraron la primera pileta p\u00fablica climatizada de Taf\u00ed Viejo","datePublished":"2018-02-21T03:07:36+00:00","dateModified":"2018-02-21T03:07:37+00:00","mainEntityOfPage":{"@id":"https:\/\/www.eldiariodetucuman.com\/web\/inauguraron-la-primera-pileta-publica-climatizada-de-tafi-viejo\/"},"wordCount":376,"commentCount":0,"publisher":{"@id":"https:\/\/www.eldiariodetucuman.com\/web\/#organization"},"image":{"@id":"https:\/\/www.eldiariodetucuman.com\/web\/inauguraron-la-primera-pileta-publica-climatizada-de-tafi-viejo\/#primaryimage"},"thumbnailUrl":"https:\/\/www.eldiariodetucuman.com\/web\/wp-content\/uploads\/2018\/02\/8edc76a247b3ab069adabd7177d78444.jpeg","articleSection":["Politica"],"inLanguage":"es","potentialAction":[{"@type":"CommentAction","name":"Comment","target":["https:\/\/www.eldiariodetucuman.com\/web\/inauguraron-la-primera-pileta-publica-climatizada-de-tafi-viejo\/#respond"]}]},{"@type":"WebPage","@id":"https:\/\/www.eldiariodetucuman.com\/web\/inauguraron-la-primera-pileta-publica-climatizada-de-tafi-viejo\/","url":"https:\/\/www.eldiariodetucuman.com\/web\/inauguraron-la-primera-pileta-publica-climatizada-de-tafi-viejo\/","name":"Inauguraron la primera pileta p\u00fablica climatizada de Taf\u00ed Viejo - El Diario de Tucuman","isPartOf":{"@id":"https:\/\/www.eldiariodetucuman.com\/web\/#website"},"primaryImageOfPage":{"@id":"https:\/\/www.eldiariodetucuman.com\/web\/inauguraron-la-primera-pileta-publica-climatizada-de-tafi-viejo\/#primaryimage"},"image":{"@id":"https:\/\/www.eldiariodetucuman.com\/web\/inauguraron-la-primera-pileta-publica-climatizada-de-tafi-viejo\/#primaryimage"},"thumbnailUrl":"https:\/\/www.eldiariodetucuman.com\/web\/wp-content\/uploads\/2018\/02\/8edc76a247b3ab069adabd7177d78444.jpeg","datePublished":"2018-02-21T03:07:36+00:00","dateModified":"2018-02-21T03:07:37+00:00","breadcrumb":{"@id":"https:\/\/www.eldiariodetucuman.com\/web\/inauguraron-la-primera-pileta-publica-climatizada-de-tafi-viejo\/#breadcrumb"},"inLanguage":"es","potentialAction":[{"@type":"ReadAction","target":["https:\/\/www.eldiariodetucuman.com\/web\/inauguraron-la-primera-pileta-publica-climatizada-de-tafi-viejo\/"]}]},{"@type":"ImageObject","inLanguage":"es","@id":"https:\/\/www.eldiariodetucuman.com\/web\/inauguraron-la-primera-pileta-publica-climatizada-de-tafi-viejo\/#primaryimage","url":"https:\/\/www.eldiariodetucuman.com\/web\/wp-content\/uploads\/2018\/02\/8edc76a247b3ab069adabd7177d78444.jpeg","contentUrl":"https:\/\/www.eldiariodetucuman.com\/web\/wp-content\/uploads\/2018\/02\/8edc76a247b3ab069adabd7177d78444.jpeg","width":300,"height":166},{"@type":"BreadcrumbList","@id":"https:\/\/www.eldiariodetucuman.com\/web\/inauguraron-la-primera-pileta-publica-climatizada-de-tafi-viejo\/#breadcrumb","itemListElement":[{"@type":"ListItem","position":1,"name":"Portada","item":"https:\/\/www.eldiariodetucuman.com\/web\/"},{"@type":"ListItem","position":2,"name":"Inauguraron la primera pileta p\u00fablica climatizada de Taf\u00ed Viejo"}]},{"@type":"WebSite","@id":"https:\/\/www.eldiariodetucuman.com\/web\/#website","url":"https:\/\/www.eldiariodetucuman.com\/web\/","name":"El Diario de Tucuman","description":"Diario Tucuman - Informaci\u00f3n y noticias","publisher":{"@id":"https:\/\/www.eldiariodetucuman.com\/web\/#organization"},"potentialAction":[{"@type":"SearchAction","target":{"@type":"EntryPoint","urlTemplate":"https:\/\/www.eldiariodetucuman.com\/web\/?s={search_term_string}"},"query-input":{"@type":"PropertyValueSpecification","valueRequired":true,"valueName":"search_term_string"}}],"inLanguage":"es"},{"@type":"Organization","@id":"https:\/\/www.eldiariodetucuman.com\/web\/#organization","name":"El Diario de Tucuman","url":"https:\/\/www.eldiariodetucuman.com\/web\/","logo":{"@type":"ImageObject","inLanguage":"es","@id":"https:\/\/www.eldiariodetucuman.com\/web\/#\/schema\/logo\/image\/","url":"http:\/\/www.eldiariodetucuman.com\/web\/wp-content\/uploads\/2017\/12\/el-diario-de-tucuman.jpg","contentUrl":"http:\/\/www.eldiariodetucuman.com\/web\/wp-content\/uploads\/2017\/12\/el-diario-de-tucuman.jpg","width":272,"height":92,"caption":"El Diario de Tucuman"},"image":{"@id":"https:\/\/www.eldiariodetucuman.com\/web\/#\/schema\/logo\/image\/"}},{"@type":"Person","@id":"https:\/\/www.eldiariodetucuman.com\/web\/#\/schema\/person\/9250197d75ab5483412e19678b121caa","name":"admin","image":{"@type":"ImageObject","inLanguage":"es","@id":"https:\/\/secure.gravatar.com\/avatar\/c44d117c2be811212c22cb481f6b8384b6873de103fbc49e7a03cc58d7dea4ac?s=96&d=mm&r=g","url":"https:\/\/secure.gravatar.com\/avatar\/c44d117c2be811212c22cb481f6b8384b6873de103fbc49e7a03cc58d7dea4ac?s=96&d=mm&r=g","contentUrl":"https:\/\/secure.gravatar.com\/avatar\/c44d117c2be811212c22cb481f6b8384b6873de103fbc49e7a03cc58d7dea4ac?s=96&d=mm&r=g","caption":"admin"},"url":"https:\/\/www.eldiariodetucuman.com\/web\/author\/admin\/"}]}},"_links":{"self":[{"href":"https:\/\/www.eldiariodetucuman.com\/web\/wp-json\/wp\/v2\/posts\/5626","targetHints":{"allow":["GET"]}}],"collection":[{"href":"https:\/\/www.eldiariodetucuman.com\/web\/wp-json\/wp\/v2\/posts"}],"about":[{"href":"https:\/\/www.eldiariodetucuman.com\/web\/wp-json\/wp\/v2\/types\/post"}],"author":[{"embeddable":true,"href":"https:\/\/www.eldiariodetucuman.com\/web\/wp-json\/wp\/v2\/users\/1"}],"replies":[{"embeddable":true,"href":"https:\/\/www.eldiariodetucuman.com\/web\/wp-json\/wp\/v2\/comments?post=5626"}],"version-history":[{"count":1,"href":"https:\/\/www.eldiariodetucuman.com\/web\/wp-json\/wp\/v2\/posts\/5626\/revisions"}],"predecessor-version":[{"id":5628,"href":"https:\/\/www.eldiariodetucuman.com\/web\/wp-json\/wp\/v2\/posts\/5626\/revisions\/5628"}],"wp:featuredmedia":[{"embeddable":true,"href":"https:\/\/www.eldiariodetucuman.com\/web\/wp-json\/wp\/v2\/media\/5627"}],"wp:attachment":[{"href":"https:\/\/www.eldiariodetucuman.com\/web\/wp-json\/wp\/v2\/media?parent=5626"}],"wp:term":[{"taxonomy":"category","embeddable":true,"href":"https:\/\/www.eldiariodetucuman.com\/web\/wp-json\/wp\/v2\/categories?post=5626"},{"taxonomy":"post_tag","embeddable":true,"href":"https:\/\/www.eldiariodetucuman.com\/web\/wp-json\/wp\/v2\/tags?post=5626"}],"curies":[{"name":"wp","href":"https:\/\/api.w.org\/{rel}","templated":true}]}}