{"id":5622,"date":"2018-02-20T12:59:18","date_gmt":"2018-02-20T15:59:18","guid":{"rendered":"http:\/\/www.eldiariodetucuman.com\/web\/guillermo-del-toro-se-posiciona-como-mejor-director\/"},"modified":"2018-02-20T12:59:25","modified_gmt":"2018-02-20T15:59:25","slug":"guillermo-del-toro-se-posiciona-como-mejor-director","status":"publish","type":"post","link":"https:\/\/www.eldiariodetucuman.com\/web\/guillermo-del-toro-se-posiciona-como-mejor-director\/","title":{"rendered":"Guillermo del Toro se posiciona como mejor director"},"content":{"rendered":"<div>\n<div readability=\"87\">\n<p>La entrega de los premios Bafta confirm\u00f3 los nombres de los que ya aparecen como favoritos para el Oscar, al menos en las principales categor\u00edas. <\/p>\n<p>La pel\u00edcula \u201cTres anuncios en las afueras\u201d, que fue la gran ganadora, aventaj\u00f3 a \u201cLa forma del agua\u201d, pero, el director de esta \u00faltima, <b>Guillermo del Toro<\/b>, se llev\u00f3 la principal distinci\u00f3n. <\/p>\n<p>Cuando faltan tres semanas para la gran fiesta de Hollywood, casi nadie duda que <b>Frances McDormand <\/b>y <b>Gary Oldman<\/b> se llevar\u00e1n las estatuillas de mejor actriz y mejor actor. Durante la entrega de los Bafta el domingo por la noche en Londres, fueron ovacionados y celebrados. <\/p>\n<p>En una ceremonia en el Royal Albert Hall de Londres marcada por el movimiento \u201cTime\u2019s Up\u201d y la mayor\u00eda de las actrices vestidas de negro, la coproducci\u00f3n brit\u00e1nico-estadounidense dirigida por <b>Martin McDonagh<\/b> se impuso el domingo a la noche en los rubros mejor pel\u00edcula, mejor pel\u00edcula brit\u00e1nica y mejor gui\u00f3n original.  <\/p>\n<p>Adem\u00e1s <b>Sam Rockwell<\/b>, fue elegido como mejor actor secundario. El filme llegaba a la gala en la capital brit\u00e1nica con nueve nominaciones. <\/p>\n<p>\u201cTres anuncios en las afueras\u201d narra la lucha de una madre (McDormand) por lograr castigo para los responsables de la violaci\u00f3n y asesinato de su hija. En tanto, Rockwell encarna a un polic\u00eda racista. La pel\u00edcula arras\u00f3 ya en los Globo de Oro y se perfila como fuerte favorita para el Oscar. <\/p>\n<p>La rom\u00e1ntica f\u00e1bula \u201cLa forma del agua\u201d dirigida por Del Toro, parti\u00f3 como favorita a los premios Bafta con 12 nominaciones, pero debi\u00f3 conformarse con su triunfo en solamente tres rubros: mejor director, dise\u00f1o de producci\u00f3n y m\u00fasica original (<b>Alexandre Desplat<\/b>). <\/p>\n<p><b>De negro<\/b><\/p>\n<p>La 71\u00aa edici\u00f3n de los galardones se vivi\u00f3 bajo el signo de \u201cTime\u2019s Up\u201d: La mayor\u00eda de las actrices, entre ellas, <b>Angelina Jolie<\/b>, <b>Lupita Nyong\u2019o <\/b>y <b>Jennifer Lawrence<\/b>, se mostraron con atuendos negros como protesta contra los ataques sexuales y desigualdad salarial en la industria cinematogr\u00e1fica. <\/p>\n<p>No fue el caso de McDormand, quien se puso un vestido estampado rojo. \u201cTengo un peque\u00f1o problema con seguir las reglas\u201d, brome\u00f3 la actriz de 60 a\u00f1os en su discurso de agradecimiento.<\/p>\n<\/p><\/div>\n<\/div>\n<p>Fuente: http:\/\/www.lagaceta.com.ar\/nota\/761874\/espectaculos\/guillermo-toro-se-posiciona-como-mejor-director.html<\/p>\n","protected":false},"excerpt":{"rendered":"<p>La entrega de los premios Bafta confirm\u00f3 los nombres de los que ya aparecen como favoritos para el Oscar, al menos en las principales categor\u00edas. La pel\u00edcula \u201cTres anuncios en las afueras\u201d, que fue la gran ganadora, aventaj\u00f3 a \u201cLa forma del agua\u201d, pero, el director de esta \u00faltima, Guillermo del Toro, se llev\u00f3 la [&hellip;]<\/p>\n","protected":false},"author":1,"featured_media":5623,"comment_status":"open","ping_status":"closed","sticky":false,"template":"","format":"standard","meta":{"footnotes":""},"categories":[152],"tags":[],"class_list":{"0":"post-5622","1":"post","2":"type-post","3":"status-publish","4":"format-standard","5":"has-post-thumbnail","7":"category-argentina"},"yoast_head":"<!-- This site is optimized with the Yoast SEO plugin v27.5 - https:\/\/yoast.com\/product\/yoast-seo-wordpress\/ -->\n<title>Guillermo del Toro se posiciona como mejor director - El Diario de Tucuman<\/title>\n<meta name=\"robots\" content=\"index, follow, max-snippet:-1, max-image-preview:large, max-video-preview:-1\" \/>\n<link rel=\"canonical\" href=\"https:\/\/www.eldiariodetucuman.com\/web\/guillermo-del-toro-se-posiciona-como-mejor-director\/\" \/>\n<meta property=\"og:locale\" content=\"es_ES\" \/>\n<meta property=\"og:type\" content=\"article\" \/>\n<meta property=\"og:title\" content=\"Guillermo del Toro se posiciona como mejor director - El Diario de Tucuman\" \/>\n<meta property=\"og:description\" content=\"La entrega de los premios Bafta confirm\u00f3 los nombres de los que ya aparecen como favoritos para el Oscar, al menos en las principales categor\u00edas. La pel\u00edcula \u201cTres anuncios en las afueras\u201d, que fue la gran ganadora, aventaj\u00f3 a \u201cLa forma del agua\u201d, pero, el director de esta \u00faltima, Guillermo del Toro, se llev\u00f3 la [&hellip;]\" \/>\n<meta property=\"og:url\" content=\"https:\/\/www.eldiariodetucuman.com\/web\/guillermo-del-toro-se-posiciona-como-mejor-director\/\" \/>\n<meta property=\"og:site_name\" content=\"El Diario de Tucuman\" \/>\n<meta property=\"article:published_time\" content=\"2018-02-20T15:59:18+00:00\" \/>\n<meta property=\"article:modified_time\" content=\"2018-02-20T15:59:25+00:00\" \/>\n<meta property=\"og:image\" content=\"https:\/\/www.eldiariodetucuman.com\/web\/wp-content\/uploads\/2018\/02\/5e25d4b1b891251871f2deb36e59d569.jpeg\" \/>\n\t<meta property=\"og:image:width\" content=\"1500\" \/>\n\t<meta property=\"og:image:height\" content=\"849\" \/>\n\t<meta property=\"og:image:type\" content=\"image\/jpeg\" \/>\n<meta name=\"author\" content=\"admin\" \/>\n<meta name=\"twitter:card\" content=\"summary_large_image\" \/>\n<meta name=\"twitter:label1\" content=\"Escrito por\" \/>\n\t<meta name=\"twitter:data1\" content=\"admin\" \/>\n\t<meta name=\"twitter:label2\" content=\"Tiempo de lectura\" \/>\n\t<meta name=\"twitter:data2\" content=\"2 minutos\" \/>\n<script type=\"application\/ld+json\" class=\"yoast-schema-graph\">{\"@context\":\"https:\\\/\\\/schema.org\",\"@graph\":[{\"@type\":\"Article\",\"@id\":\"https:\\\/\\\/www.eldiariodetucuman.com\\\/web\\\/guillermo-del-toro-se-posiciona-como-mejor-director\\\/#article\",\"isPartOf\":{\"@id\":\"https:\\\/\\\/www.eldiariodetucuman.com\\\/web\\\/guillermo-del-toro-se-posiciona-como-mejor-director\\\/\"},\"author\":{\"name\":\"admin\",\"@id\":\"https:\\\/\\\/www.eldiariodetucuman.com\\\/web\\\/#\\\/schema\\\/person\\\/9250197d75ab5483412e19678b121caa\"},\"headline\":\"Guillermo del Toro se posiciona como mejor director\",\"datePublished\":\"2018-02-20T15:59:18+00:00\",\"dateModified\":\"2018-02-20T15:59:25+00:00\",\"mainEntityOfPage\":{\"@id\":\"https:\\\/\\\/www.eldiariodetucuman.com\\\/web\\\/guillermo-del-toro-se-posiciona-como-mejor-director\\\/\"},\"wordCount\":393,\"commentCount\":0,\"publisher\":{\"@id\":\"https:\\\/\\\/www.eldiariodetucuman.com\\\/web\\\/#organization\"},\"image\":{\"@id\":\"https:\\\/\\\/www.eldiariodetucuman.com\\\/web\\\/guillermo-del-toro-se-posiciona-como-mejor-director\\\/#primaryimage\"},\"thumbnailUrl\":\"https:\\\/\\\/www.eldiariodetucuman.com\\\/web\\\/wp-content\\\/uploads\\\/2018\\\/02\\\/5e25d4b1b891251871f2deb36e59d569.jpeg\",\"articleSection\":[\"Argentina\"],\"inLanguage\":\"es\",\"potentialAction\":[{\"@type\":\"CommentAction\",\"name\":\"Comment\",\"target\":[\"https:\\\/\\\/www.eldiariodetucuman.com\\\/web\\\/guillermo-del-toro-se-posiciona-como-mejor-director\\\/#respond\"]}]},{\"@type\":\"WebPage\",\"@id\":\"https:\\\/\\\/www.eldiariodetucuman.com\\\/web\\\/guillermo-del-toro-se-posiciona-como-mejor-director\\\/\",\"url\":\"https:\\\/\\\/www.eldiariodetucuman.com\\\/web\\\/guillermo-del-toro-se-posiciona-como-mejor-director\\\/\",\"name\":\"Guillermo del Toro se posiciona como mejor director - El Diario de Tucuman\",\"isPartOf\":{\"@id\":\"https:\\\/\\\/www.eldiariodetucuman.com\\\/web\\\/#website\"},\"primaryImageOfPage\":{\"@id\":\"https:\\\/\\\/www.eldiariodetucuman.com\\\/web\\\/guillermo-del-toro-se-posiciona-como-mejor-director\\\/#primaryimage\"},\"image\":{\"@id\":\"https:\\\/\\\/www.eldiariodetucuman.com\\\/web\\\/guillermo-del-toro-se-posiciona-como-mejor-director\\\/#primaryimage\"},\"thumbnailUrl\":\"https:\\\/\\\/www.eldiariodetucuman.com\\\/web\\\/wp-content\\\/uploads\\\/2018\\\/02\\\/5e25d4b1b891251871f2deb36e59d569.jpeg\",\"datePublished\":\"2018-02-20T15:59:18+00:00\",\"dateModified\":\"2018-02-20T15:59:25+00:00\",\"breadcrumb\":{\"@id\":\"https:\\\/\\\/www.eldiariodetucuman.com\\\/web\\\/guillermo-del-toro-se-posiciona-como-mejor-director\\\/#breadcrumb\"},\"inLanguage\":\"es\",\"potentialAction\":[{\"@type\":\"ReadAction\",\"target\":[\"https:\\\/\\\/www.eldiariodetucuman.com\\\/web\\\/guillermo-del-toro-se-posiciona-como-mejor-director\\\/\"]}]},{\"@type\":\"ImageObject\",\"inLanguage\":\"es\",\"@id\":\"https:\\\/\\\/www.eldiariodetucuman.com\\\/web\\\/guillermo-del-toro-se-posiciona-como-mejor-director\\\/#primaryimage\",\"url\":\"https:\\\/\\\/www.eldiariodetucuman.com\\\/web\\\/wp-content\\\/uploads\\\/2018\\\/02\\\/5e25d4b1b891251871f2deb36e59d569.jpeg\",\"contentUrl\":\"https:\\\/\\\/www.eldiariodetucuman.com\\\/web\\\/wp-content\\\/uploads\\\/2018\\\/02\\\/5e25d4b1b891251871f2deb36e59d569.jpeg\",\"width\":1500,\"height\":849},{\"@type\":\"BreadcrumbList\",\"@id\":\"https:\\\/\\\/www.eldiariodetucuman.com\\\/web\\\/guillermo-del-toro-se-posiciona-como-mejor-director\\\/#breadcrumb\",\"itemListElement\":[{\"@type\":\"ListItem\",\"position\":1,\"name\":\"Portada\",\"item\":\"https:\\\/\\\/www.eldiariodetucuman.com\\\/web\\\/\"},{\"@type\":\"ListItem\",\"position\":2,\"name\":\"Guillermo del Toro se posiciona como mejor director\"}]},{\"@type\":\"WebSite\",\"@id\":\"https:\\\/\\\/www.eldiariodetucuman.com\\\/web\\\/#website\",\"url\":\"https:\\\/\\\/www.eldiariodetucuman.com\\\/web\\\/\",\"name\":\"El Diario de Tucuman\",\"description\":\"Diario Tucuman - Informaci\u00f3n y noticias\",\"publisher\":{\"@id\":\"https:\\\/\\\/www.eldiariodetucuman.com\\\/web\\\/#organization\"},\"potentialAction\":[{\"@type\":\"SearchAction\",\"target\":{\"@type\":\"EntryPoint\",\"urlTemplate\":\"https:\\\/\\\/www.eldiariodetucuman.com\\\/web\\\/?s={search_term_string}\"},\"query-input\":{\"@type\":\"PropertyValueSpecification\",\"valueRequired\":true,\"valueName\":\"search_term_string\"}}],\"inLanguage\":\"es\"},{\"@type\":\"Organization\",\"@id\":\"https:\\\/\\\/www.eldiariodetucuman.com\\\/web\\\/#organization\",\"name\":\"El Diario de Tucuman\",\"url\":\"https:\\\/\\\/www.eldiariodetucuman.com\\\/web\\\/\",\"logo\":{\"@type\":\"ImageObject\",\"inLanguage\":\"es\",\"@id\":\"https:\\\/\\\/www.eldiariodetucuman.com\\\/web\\\/#\\\/schema\\\/logo\\\/image\\\/\",\"url\":\"http:\\\/\\\/www.eldiariodetucuman.com\\\/web\\\/wp-content\\\/uploads\\\/2017\\\/12\\\/el-diario-de-tucuman.jpg\",\"contentUrl\":\"http:\\\/\\\/www.eldiariodetucuman.com\\\/web\\\/wp-content\\\/uploads\\\/2017\\\/12\\\/el-diario-de-tucuman.jpg\",\"width\":272,\"height\":92,\"caption\":\"El Diario de Tucuman\"},\"image\":{\"@id\":\"https:\\\/\\\/www.eldiariodetucuman.com\\\/web\\\/#\\\/schema\\\/logo\\\/image\\\/\"}},{\"@type\":\"Person\",\"@id\":\"https:\\\/\\\/www.eldiariodetucuman.com\\\/web\\\/#\\\/schema\\\/person\\\/9250197d75ab5483412e19678b121caa\",\"name\":\"admin\",\"image\":{\"@type\":\"ImageObject\",\"inLanguage\":\"es\",\"@id\":\"https:\\\/\\\/secure.gravatar.com\\\/avatar\\\/c44d117c2be811212c22cb481f6b8384b6873de103fbc49e7a03cc58d7dea4ac?s=96&d=mm&r=g\",\"url\":\"https:\\\/\\\/secure.gravatar.com\\\/avatar\\\/c44d117c2be811212c22cb481f6b8384b6873de103fbc49e7a03cc58d7dea4ac?s=96&d=mm&r=g\",\"contentUrl\":\"https:\\\/\\\/secure.gravatar.com\\\/avatar\\\/c44d117c2be811212c22cb481f6b8384b6873de103fbc49e7a03cc58d7dea4ac?s=96&d=mm&r=g\",\"caption\":\"admin\"},\"url\":\"https:\\\/\\\/www.eldiariodetucuman.com\\\/web\\\/author\\\/admin\\\/\"}]}<\/script>\n<!-- \/ Yoast SEO plugin. -->","yoast_head_json":{"title":"Guillermo del Toro se posiciona como mejor director - El Diario de Tucuman","robots":{"index":"index","follow":"follow","max-snippet":"max-snippet:-1","max-image-preview":"max-image-preview:large","max-video-preview":"max-video-preview:-1"},"canonical":"https:\/\/www.eldiariodetucuman.com\/web\/guillermo-del-toro-se-posiciona-como-mejor-director\/","og_locale":"es_ES","og_type":"article","og_title":"Guillermo del Toro se posiciona como mejor director - El Diario de Tucuman","og_description":"La entrega de los premios Bafta confirm\u00f3 los nombres de los que ya aparecen como favoritos para el Oscar, al menos en las principales categor\u00edas. La pel\u00edcula \u201cTres anuncios en las afueras\u201d, que fue la gran ganadora, aventaj\u00f3 a \u201cLa forma del agua\u201d, pero, el director de esta \u00faltima, Guillermo del Toro, se llev\u00f3 la [&hellip;]","og_url":"https:\/\/www.eldiariodetucuman.com\/web\/guillermo-del-toro-se-posiciona-como-mejor-director\/","og_site_name":"El Diario de Tucuman","article_published_time":"2018-02-20T15:59:18+00:00","article_modified_time":"2018-02-20T15:59:25+00:00","og_image":[{"width":1500,"height":849,"url":"https:\/\/www.eldiariodetucuman.com\/web\/wp-content\/uploads\/2018\/02\/5e25d4b1b891251871f2deb36e59d569.jpeg","type":"image\/jpeg"}],"author":"admin","twitter_card":"summary_large_image","twitter_misc":{"Escrito por":"admin","Tiempo de lectura":"2 minutos"},"schema":{"@context":"https:\/\/schema.org","@graph":[{"@type":"Article","@id":"https:\/\/www.eldiariodetucuman.com\/web\/guillermo-del-toro-se-posiciona-como-mejor-director\/#article","isPartOf":{"@id":"https:\/\/www.eldiariodetucuman.com\/web\/guillermo-del-toro-se-posiciona-como-mejor-director\/"},"author":{"name":"admin","@id":"https:\/\/www.eldiariodetucuman.com\/web\/#\/schema\/person\/9250197d75ab5483412e19678b121caa"},"headline":"Guillermo del Toro se posiciona como mejor director","datePublished":"2018-02-20T15:59:18+00:00","dateModified":"2018-02-20T15:59:25+00:00","mainEntityOfPage":{"@id":"https:\/\/www.eldiariodetucuman.com\/web\/guillermo-del-toro-se-posiciona-como-mejor-director\/"},"wordCount":393,"commentCount":0,"publisher":{"@id":"https:\/\/www.eldiariodetucuman.com\/web\/#organization"},"image":{"@id":"https:\/\/www.eldiariodetucuman.com\/web\/guillermo-del-toro-se-posiciona-como-mejor-director\/#primaryimage"},"thumbnailUrl":"https:\/\/www.eldiariodetucuman.com\/web\/wp-content\/uploads\/2018\/02\/5e25d4b1b891251871f2deb36e59d569.jpeg","articleSection":["Argentina"],"inLanguage":"es","potentialAction":[{"@type":"CommentAction","name":"Comment","target":["https:\/\/www.eldiariodetucuman.com\/web\/guillermo-del-toro-se-posiciona-como-mejor-director\/#respond"]}]},{"@type":"WebPage","@id":"https:\/\/www.eldiariodetucuman.com\/web\/guillermo-del-toro-se-posiciona-como-mejor-director\/","url":"https:\/\/www.eldiariodetucuman.com\/web\/guillermo-del-toro-se-posiciona-como-mejor-director\/","name":"Guillermo del Toro se posiciona como mejor director - El Diario de Tucuman","isPartOf":{"@id":"https:\/\/www.eldiariodetucuman.com\/web\/#website"},"primaryImageOfPage":{"@id":"https:\/\/www.eldiariodetucuman.com\/web\/guillermo-del-toro-se-posiciona-como-mejor-director\/#primaryimage"},"image":{"@id":"https:\/\/www.eldiariodetucuman.com\/web\/guillermo-del-toro-se-posiciona-como-mejor-director\/#primaryimage"},"thumbnailUrl":"https:\/\/www.eldiariodetucuman.com\/web\/wp-content\/uploads\/2018\/02\/5e25d4b1b891251871f2deb36e59d569.jpeg","datePublished":"2018-02-20T15:59:18+00:00","dateModified":"2018-02-20T15:59:25+00:00","breadcrumb":{"@id":"https:\/\/www.eldiariodetucuman.com\/web\/guillermo-del-toro-se-posiciona-como-mejor-director\/#breadcrumb"},"inLanguage":"es","potentialAction":[{"@type":"ReadAction","target":["https:\/\/www.eldiariodetucuman.com\/web\/guillermo-del-toro-se-posiciona-como-mejor-director\/"]}]},{"@type":"ImageObject","inLanguage":"es","@id":"https:\/\/www.eldiariodetucuman.com\/web\/guillermo-del-toro-se-posiciona-como-mejor-director\/#primaryimage","url":"https:\/\/www.eldiariodetucuman.com\/web\/wp-content\/uploads\/2018\/02\/5e25d4b1b891251871f2deb36e59d569.jpeg","contentUrl":"https:\/\/www.eldiariodetucuman.com\/web\/wp-content\/uploads\/2018\/02\/5e25d4b1b891251871f2deb36e59d569.jpeg","width":1500,"height":849},{"@type":"BreadcrumbList","@id":"https:\/\/www.eldiariodetucuman.com\/web\/guillermo-del-toro-se-posiciona-como-mejor-director\/#breadcrumb","itemListElement":[{"@type":"ListItem","position":1,"name":"Portada","item":"https:\/\/www.eldiariodetucuman.com\/web\/"},{"@type":"ListItem","position":2,"name":"Guillermo del Toro se posiciona como mejor director"}]},{"@type":"WebSite","@id":"https:\/\/www.eldiariodetucuman.com\/web\/#website","url":"https:\/\/www.eldiariodetucuman.com\/web\/","name":"El Diario de Tucuman","description":"Diario Tucuman - Informaci\u00f3n y noticias","publisher":{"@id":"https:\/\/www.eldiariodetucuman.com\/web\/#organization"},"potentialAction":[{"@type":"SearchAction","target":{"@type":"EntryPoint","urlTemplate":"https:\/\/www.eldiariodetucuman.com\/web\/?s={search_term_string}"},"query-input":{"@type":"PropertyValueSpecification","valueRequired":true,"valueName":"search_term_string"}}],"inLanguage":"es"},{"@type":"Organization","@id":"https:\/\/www.eldiariodetucuman.com\/web\/#organization","name":"El Diario de Tucuman","url":"https:\/\/www.eldiariodetucuman.com\/web\/","logo":{"@type":"ImageObject","inLanguage":"es","@id":"https:\/\/www.eldiariodetucuman.com\/web\/#\/schema\/logo\/image\/","url":"http:\/\/www.eldiariodetucuman.com\/web\/wp-content\/uploads\/2017\/12\/el-diario-de-tucuman.jpg","contentUrl":"http:\/\/www.eldiariodetucuman.com\/web\/wp-content\/uploads\/2017\/12\/el-diario-de-tucuman.jpg","width":272,"height":92,"caption":"El Diario de Tucuman"},"image":{"@id":"https:\/\/www.eldiariodetucuman.com\/web\/#\/schema\/logo\/image\/"}},{"@type":"Person","@id":"https:\/\/www.eldiariodetucuman.com\/web\/#\/schema\/person\/9250197d75ab5483412e19678b121caa","name":"admin","image":{"@type":"ImageObject","inLanguage":"es","@id":"https:\/\/secure.gravatar.com\/avatar\/c44d117c2be811212c22cb481f6b8384b6873de103fbc49e7a03cc58d7dea4ac?s=96&d=mm&r=g","url":"https:\/\/secure.gravatar.com\/avatar\/c44d117c2be811212c22cb481f6b8384b6873de103fbc49e7a03cc58d7dea4ac?s=96&d=mm&r=g","contentUrl":"https:\/\/secure.gravatar.com\/avatar\/c44d117c2be811212c22cb481f6b8384b6873de103fbc49e7a03cc58d7dea4ac?s=96&d=mm&r=g","caption":"admin"},"url":"https:\/\/www.eldiariodetucuman.com\/web\/author\/admin\/"}]}},"_links":{"self":[{"href":"https:\/\/www.eldiariodetucuman.com\/web\/wp-json\/wp\/v2\/posts\/5622","targetHints":{"allow":["GET"]}}],"collection":[{"href":"https:\/\/www.eldiariodetucuman.com\/web\/wp-json\/wp\/v2\/posts"}],"about":[{"href":"https:\/\/www.eldiariodetucuman.com\/web\/wp-json\/wp\/v2\/types\/post"}],"author":[{"embeddable":true,"href":"https:\/\/www.eldiariodetucuman.com\/web\/wp-json\/wp\/v2\/users\/1"}],"replies":[{"embeddable":true,"href":"https:\/\/www.eldiariodetucuman.com\/web\/wp-json\/wp\/v2\/comments?post=5622"}],"version-history":[{"count":1,"href":"https:\/\/www.eldiariodetucuman.com\/web\/wp-json\/wp\/v2\/posts\/5622\/revisions"}],"predecessor-version":[{"id":5624,"href":"https:\/\/www.eldiariodetucuman.com\/web\/wp-json\/wp\/v2\/posts\/5622\/revisions\/5624"}],"wp:featuredmedia":[{"embeddable":true,"href":"https:\/\/www.eldiariodetucuman.com\/web\/wp-json\/wp\/v2\/media\/5623"}],"wp:attachment":[{"href":"https:\/\/www.eldiariodetucuman.com\/web\/wp-json\/wp\/v2\/media?parent=5622"}],"wp:term":[{"taxonomy":"category","embeddable":true,"href":"https:\/\/www.eldiariodetucuman.com\/web\/wp-json\/wp\/v2\/categories?post=5622"},{"taxonomy":"post_tag","embeddable":true,"href":"https:\/\/www.eldiariodetucuman.com\/web\/wp-json\/wp\/v2\/tags?post=5622"}],"curies":[{"name":"wp","href":"https:\/\/api.w.org\/{rel}","templated":true}]}}