{"id":5619,"date":"2018-02-20T12:59:07","date_gmt":"2018-02-20T15:59:07","guid":{"rendered":"http:\/\/www.eldiariodetucuman.com\/web\/pino-solanas-fue-ovacionado-por-su-nuevo-documental\/"},"modified":"2018-02-20T12:59:09","modified_gmt":"2018-02-20T15:59:09","slug":"pino-solanas-fue-ovacionado-por-su-nuevo-documental","status":"publish","type":"post","link":"https:\/\/www.eldiariodetucuman.com\/web\/pino-solanas-fue-ovacionado-por-su-nuevo-documental\/","title":{"rendered":"Pino Solanas fue ovacionado por su nuevo documental"},"content":{"rendered":"<div>\n<div readability=\"155\">\n<p>El cineasta y senador <b>Fernando<\/b> <b>\u201cPino\u201d Solanas<\/b> fue recibido el domingo con fuertes aplausos antes y despu\u00e9s de la proyecci\u00f3n de su documental \u201cViaje a los pueblos fumigados\u201d en el Festival de Cine de Berl\u00edn, donde la cinta tuvo su estreno mundial a sala llena en la prestigiosa secci\u00f3n \u201cBerlinale Special\u201d. <\/p>\n<p>Solanas regres\u00f3 a la Berlinale 14 a\u00f1os despu\u00e9s de recibir el Oso de Oro honorario en 2004, y lo hizo con su nuevo documental, en el que denuncia la sojizaci\u00f3n de Argentina y el uso intensivo de agroqu\u00edmicos como el glifosato. El cineasta fue acompa\u00f1ado durante el estreno, en el teatro Haus der Berliner Festspiele de la capital alemana, por el director del festival, <b>Dieter Kosslick<\/b>, curador de la secci\u00f3n y tambi\u00e9n de la competici\u00f3n oficial. <\/p>\n<p>\u201cNo hay ninguna conciencia (sobre esta problem\u00e1tica), esa es una de las razones por las que he elegido hacer esta pel\u00edcula\u201d, dijo Solanas, uno de los fundadores del Grupo de Cine Liberaci\u00f3n en los a\u00f1os 60 junto a<b> Octavio Getino<\/b> y que actualmente preside la Comisi\u00f3n de Ambiente Sustentable del Senado, durante una entrevista con la agencia DPA.<\/p>\n<p>A lo largo de \u201cViaje a los pueblos fumigados\u201d -la \u00fanica representante latinoamericana en \u201cBerlinale Special\u201d-, Solanas emprende un recorrido por siete provincias, entre ellas Buenos Aires, C\u00f3rdoba, Santa Fe y Salta, donde recoge los testimonios no s\u00f3lo de numerosos expertos en agricultura y salud, sino tambi\u00e9n de las v\u00edctimas directas de este modelo agropecuario intensivo asociado al uso de lo que llama agrot\u00f3xicos. <\/p>\n<p>Entre esas v\u00edctimas figuran los ind\u00edgenas wichis del noroeste salte\u00f1o, que se quedaron sin sustento por el desmonte de sus bosques nativos -dedicados ahora a la siembra de soja-, las maestras de escuelas rurales que denuncian la intoxicaci\u00f3n de sus alumnos debido a las fumigaciones a\u00e9reas con glifosato o las propias madres de ni\u00f1os afectados por malformaciones o hepatitis fulminantes, que son atribuidas a los pesticidas y herbicidas. <\/p>\n<p>En tanto, la agencia DPA informa que, por ahora, las pel\u00edculas que mejor acogida han tenido por parte de la cr\u00edtica -lo cual no quiere decir que su opini\u00f3n coincida con la del jurado que entrega los premios- han sido la de apertura, \u201cIsle of Dogs\u201d, de <b>Wes Anderson<\/b> y \u201cTransit\u201d, del alem\u00e1n <b>Christian Petzold<\/b>. La paraguaya \u201cLas herederas\u201d, de <b>Marcelo Martinessi<\/b>, tambi\u00e9n ha sido tenida en buena consideraci\u00f3n. <\/p>\n<p>Salvo excepciones, a\u00fan no genera gran entusiasmo el festival.<\/p>\n<p><b>Argentinas<\/b><\/p>\n<p>La cineasta argentina <b>Alessia Chiesa<\/b> present\u00f3 en competencia el fin de semana \u201cEl d\u00eda que resist\u00eda\u201d, con su peculiar mirada de la infancia.<\/p>\n<p>\u00bfQu\u00e9 sucede cuando tres ni\u00f1os se quedan solos durante d\u00edas en una casa de campo aislada sin la presencia de ning\u00fan adulto? A lo largo de 98 minutos, Chiesa intenta dar respuesta a esta pregunta a trav\u00e9s de Fan, Tino y Clara, de ocho, siete y cinco a\u00f1os respectivamente.  <\/p>\n<p>El espectador asiste a los juegos de los ni\u00f1os y a c\u00f3mo la hermana mayor se ve atrapada entre la imaginaci\u00f3n y estos juegos y la realidad y responsabilidad de tener que cuidar de sus hermanos peque\u00f1os en ausencia de un adulto. Para la cineasta, el hecho de dejar abierta la inc\u00f3gnita de qu\u00e9 es lo que les ha sucedido a los padres es lo \u201clindo de la historia\u201d, afirma en una entrevista con DPA.<\/p>\n<p>En la pel\u00edcula \u201cLa omisi\u00f3n\u201d, del argentino <b>Sebasti\u00e1n Schjaer<\/b>, se pregunta \u00bfqu\u00e9 sucede cuando una mujer se convierte en madre? \u00bfDebe anteponer todo a su persona? \u00bfD\u00f3nde quedan sus deseos? El largometraje busca generar un debate sobre el papel de la mujer en la sociedad. <\/p>\n<p>Ambas realizaciones recibieron solamente tibios aplausos, sin provocar mucha adhesi\u00f3n ni  entre la cr\u00edtica ni entre los espectadores.<\/p>\n<p>ficci\u00f3n\u00a0<\/p>\n<p>conmovi\u00f3 Un filme sobre Romy Schneider<\/p>\n<p>La actriz alemana Romy Schneider, que se hizo mundialmente famosa con la trilog\u00eda \u201cSissi\u201d, tuvo una vida tr\u00e1gica signada por la muerte y las adicciones.<\/p>\n<p>En 1981, un a\u00f1o antes de morir a los 43 en Par\u00eds, dio una entrevista al semanario alem\u00e1n \u201cStern\u201d, y es en ella en que se basa la pel\u00edcula \u201c3 Tage in Quiberon\u201d (Tres d\u00edas en Quiberon), que conmovi\u00f3 ayer en el Festival de Cine de Berl\u00edn. \u201cNo se trata de un documental ni de un reportaje. Es una ficci\u00f3n que se basa en hechos y personas reales, en una de las m\u00e1s grandes actrices que tuvo Europa\u201d, dijo Emily Atef, la directora de esta coproducci\u00f3n germano-francesa rodada en blanco y negro. \u201c3 Tage in Quiberon\u201d est\u00e1 protagonizada por la actriz alemana Marie B\u00e4umer y no intenta ser un biopic sobre la actriz.<\/p>\n<p><b><br \/>\nFicci\u00f3n\u00a0<br \/>Conmovi\u00f3 un filme sobre Romy Schneider<\/b><\/p>\n<p>La actriz alemana Romy Schneider, que se hizo mundialmente famosa con la trilog\u00eda \u201cSissi\u201d, tuvo una vida tr\u00e1gica signada por la muerte y las adicciones.<br \/>En 1981, un a\u00f1o antes de morir a los 43 en Par\u00eds, dio una entrevista al semanario alem\u00e1n \u201cStern\u201d, y es en ella en que se basa la pel\u00edcula \u201c3 Tage in Quiberon\u201d (Tres d\u00edas en Quiberon), que conmovi\u00f3 ayer en el Festival de Cine de Berl\u00edn. \u201cNo se trata de un documental ni de un reportaje. Es una ficci\u00f3n que se basa en hechos y personas reales, en una de las m\u00e1s grandes actrices que tuvo Europa\u201d, dijo Emily Atef, la directora de esta coproducci\u00f3n germano-francesa rodada en blanco y negro. \u201c3 Tage in Quiberon\u201d est\u00e1 protagonizada por la actriz alemana Marie B\u00e4umer y no intenta ser un biopic sobre la actriz.<\/p>\n<\/p><\/div>\n<\/div>\n<p>Fuente: http:\/\/www.lagaceta.com.ar\/nota\/761879\/espectaculos\/pino-solanas-fue-ovacionado-nuevo-documental.html<\/p>\n","protected":false},"excerpt":{"rendered":"<p>El cineasta y senador Fernando \u201cPino\u201d Solanas fue recibido el domingo con fuertes aplausos antes y despu\u00e9s de la proyecci\u00f3n de su documental \u201cViaje a los pueblos fumigados\u201d en el Festival de Cine de Berl\u00edn, donde la cinta tuvo su estreno mundial a sala llena en la prestigiosa secci\u00f3n \u201cBerlinale Special\u201d. Solanas regres\u00f3 a la [&hellip;]<\/p>\n","protected":false},"author":1,"featured_media":5620,"comment_status":"open","ping_status":"closed","sticky":false,"template":"","format":"standard","meta":{"footnotes":""},"categories":[152],"tags":[],"class_list":{"0":"post-5619","1":"post","2":"type-post","3":"status-publish","4":"format-standard","5":"has-post-thumbnail","7":"category-argentina"},"yoast_head":"<!-- This site is optimized with the Yoast SEO plugin v27.5 - https:\/\/yoast.com\/product\/yoast-seo-wordpress\/ -->\n<title>Pino Solanas fue ovacionado por su nuevo documental - El Diario de Tucuman<\/title>\n<meta name=\"robots\" content=\"index, follow, max-snippet:-1, max-image-preview:large, max-video-preview:-1\" \/>\n<link rel=\"canonical\" href=\"https:\/\/www.eldiariodetucuman.com\/web\/pino-solanas-fue-ovacionado-por-su-nuevo-documental\/\" \/>\n<meta property=\"og:locale\" content=\"es_ES\" \/>\n<meta property=\"og:type\" content=\"article\" \/>\n<meta property=\"og:title\" content=\"Pino Solanas fue ovacionado por su nuevo documental - El Diario de Tucuman\" \/>\n<meta property=\"og:description\" content=\"El cineasta y senador Fernando \u201cPino\u201d Solanas fue recibido el domingo con fuertes aplausos antes y despu\u00e9s de la proyecci\u00f3n de su documental \u201cViaje a los pueblos fumigados\u201d en el Festival de Cine de Berl\u00edn, donde la cinta tuvo su estreno mundial a sala llena en la prestigiosa secci\u00f3n \u201cBerlinale Special\u201d. Solanas regres\u00f3 a la [&hellip;]\" \/>\n<meta property=\"og:url\" content=\"https:\/\/www.eldiariodetucuman.com\/web\/pino-solanas-fue-ovacionado-por-su-nuevo-documental\/\" \/>\n<meta property=\"og:site_name\" content=\"El Diario de Tucuman\" \/>\n<meta property=\"article:published_time\" content=\"2018-02-20T15:59:07+00:00\" \/>\n<meta property=\"article:modified_time\" content=\"2018-02-20T15:59:09+00:00\" \/>\n<meta property=\"og:image\" content=\"https:\/\/www.eldiariodetucuman.com\/web\/wp-content\/uploads\/2018\/02\/c438aabaeae234a0eb6dc0b38d942a1b.jpeg\" \/>\n\t<meta property=\"og:image:width\" content=\"970\" \/>\n\t<meta property=\"og:image:height\" content=\"424\" \/>\n\t<meta property=\"og:image:type\" content=\"image\/jpeg\" \/>\n<meta name=\"author\" content=\"admin\" \/>\n<meta name=\"twitter:card\" content=\"summary_large_image\" \/>\n<meta name=\"twitter:label1\" content=\"Escrito por\" \/>\n\t<meta name=\"twitter:data1\" content=\"admin\" \/>\n\t<meta name=\"twitter:label2\" content=\"Tiempo de lectura\" \/>\n\t<meta name=\"twitter:data2\" content=\"5 minutos\" \/>\n<script type=\"application\/ld+json\" class=\"yoast-schema-graph\">{\"@context\":\"https:\\\/\\\/schema.org\",\"@graph\":[{\"@type\":\"Article\",\"@id\":\"https:\\\/\\\/www.eldiariodetucuman.com\\\/web\\\/pino-solanas-fue-ovacionado-por-su-nuevo-documental\\\/#article\",\"isPartOf\":{\"@id\":\"https:\\\/\\\/www.eldiariodetucuman.com\\\/web\\\/pino-solanas-fue-ovacionado-por-su-nuevo-documental\\\/\"},\"author\":{\"name\":\"admin\",\"@id\":\"https:\\\/\\\/www.eldiariodetucuman.com\\\/web\\\/#\\\/schema\\\/person\\\/9250197d75ab5483412e19678b121caa\"},\"headline\":\"Pino Solanas fue ovacionado por su nuevo documental\",\"datePublished\":\"2018-02-20T15:59:07+00:00\",\"dateModified\":\"2018-02-20T15:59:09+00:00\",\"mainEntityOfPage\":{\"@id\":\"https:\\\/\\\/www.eldiariodetucuman.com\\\/web\\\/pino-solanas-fue-ovacionado-por-su-nuevo-documental\\\/\"},\"wordCount\":982,\"commentCount\":0,\"publisher\":{\"@id\":\"https:\\\/\\\/www.eldiariodetucuman.com\\\/web\\\/#organization\"},\"image\":{\"@id\":\"https:\\\/\\\/www.eldiariodetucuman.com\\\/web\\\/pino-solanas-fue-ovacionado-por-su-nuevo-documental\\\/#primaryimage\"},\"thumbnailUrl\":\"https:\\\/\\\/www.eldiariodetucuman.com\\\/web\\\/wp-content\\\/uploads\\\/2018\\\/02\\\/c438aabaeae234a0eb6dc0b38d942a1b.jpeg\",\"articleSection\":[\"Argentina\"],\"inLanguage\":\"es\",\"potentialAction\":[{\"@type\":\"CommentAction\",\"name\":\"Comment\",\"target\":[\"https:\\\/\\\/www.eldiariodetucuman.com\\\/web\\\/pino-solanas-fue-ovacionado-por-su-nuevo-documental\\\/#respond\"]}]},{\"@type\":\"WebPage\",\"@id\":\"https:\\\/\\\/www.eldiariodetucuman.com\\\/web\\\/pino-solanas-fue-ovacionado-por-su-nuevo-documental\\\/\",\"url\":\"https:\\\/\\\/www.eldiariodetucuman.com\\\/web\\\/pino-solanas-fue-ovacionado-por-su-nuevo-documental\\\/\",\"name\":\"Pino Solanas fue ovacionado por su nuevo documental - El Diario de Tucuman\",\"isPartOf\":{\"@id\":\"https:\\\/\\\/www.eldiariodetucuman.com\\\/web\\\/#website\"},\"primaryImageOfPage\":{\"@id\":\"https:\\\/\\\/www.eldiariodetucuman.com\\\/web\\\/pino-solanas-fue-ovacionado-por-su-nuevo-documental\\\/#primaryimage\"},\"image\":{\"@id\":\"https:\\\/\\\/www.eldiariodetucuman.com\\\/web\\\/pino-solanas-fue-ovacionado-por-su-nuevo-documental\\\/#primaryimage\"},\"thumbnailUrl\":\"https:\\\/\\\/www.eldiariodetucuman.com\\\/web\\\/wp-content\\\/uploads\\\/2018\\\/02\\\/c438aabaeae234a0eb6dc0b38d942a1b.jpeg\",\"datePublished\":\"2018-02-20T15:59:07+00:00\",\"dateModified\":\"2018-02-20T15:59:09+00:00\",\"breadcrumb\":{\"@id\":\"https:\\\/\\\/www.eldiariodetucuman.com\\\/web\\\/pino-solanas-fue-ovacionado-por-su-nuevo-documental\\\/#breadcrumb\"},\"inLanguage\":\"es\",\"potentialAction\":[{\"@type\":\"ReadAction\",\"target\":[\"https:\\\/\\\/www.eldiariodetucuman.com\\\/web\\\/pino-solanas-fue-ovacionado-por-su-nuevo-documental\\\/\"]}]},{\"@type\":\"ImageObject\",\"inLanguage\":\"es\",\"@id\":\"https:\\\/\\\/www.eldiariodetucuman.com\\\/web\\\/pino-solanas-fue-ovacionado-por-su-nuevo-documental\\\/#primaryimage\",\"url\":\"https:\\\/\\\/www.eldiariodetucuman.com\\\/web\\\/wp-content\\\/uploads\\\/2018\\\/02\\\/c438aabaeae234a0eb6dc0b38d942a1b.jpeg\",\"contentUrl\":\"https:\\\/\\\/www.eldiariodetucuman.com\\\/web\\\/wp-content\\\/uploads\\\/2018\\\/02\\\/c438aabaeae234a0eb6dc0b38d942a1b.jpeg\",\"width\":970,\"height\":424},{\"@type\":\"BreadcrumbList\",\"@id\":\"https:\\\/\\\/www.eldiariodetucuman.com\\\/web\\\/pino-solanas-fue-ovacionado-por-su-nuevo-documental\\\/#breadcrumb\",\"itemListElement\":[{\"@type\":\"ListItem\",\"position\":1,\"name\":\"Portada\",\"item\":\"https:\\\/\\\/www.eldiariodetucuman.com\\\/web\\\/\"},{\"@type\":\"ListItem\",\"position\":2,\"name\":\"Pino Solanas fue ovacionado por su nuevo documental\"}]},{\"@type\":\"WebSite\",\"@id\":\"https:\\\/\\\/www.eldiariodetucuman.com\\\/web\\\/#website\",\"url\":\"https:\\\/\\\/www.eldiariodetucuman.com\\\/web\\\/\",\"name\":\"El Diario de Tucuman\",\"description\":\"Diario Tucuman - Informaci\u00f3n y noticias\",\"publisher\":{\"@id\":\"https:\\\/\\\/www.eldiariodetucuman.com\\\/web\\\/#organization\"},\"potentialAction\":[{\"@type\":\"SearchAction\",\"target\":{\"@type\":\"EntryPoint\",\"urlTemplate\":\"https:\\\/\\\/www.eldiariodetucuman.com\\\/web\\\/?s={search_term_string}\"},\"query-input\":{\"@type\":\"PropertyValueSpecification\",\"valueRequired\":true,\"valueName\":\"search_term_string\"}}],\"inLanguage\":\"es\"},{\"@type\":\"Organization\",\"@id\":\"https:\\\/\\\/www.eldiariodetucuman.com\\\/web\\\/#organization\",\"name\":\"El Diario de Tucuman\",\"url\":\"https:\\\/\\\/www.eldiariodetucuman.com\\\/web\\\/\",\"logo\":{\"@type\":\"ImageObject\",\"inLanguage\":\"es\",\"@id\":\"https:\\\/\\\/www.eldiariodetucuman.com\\\/web\\\/#\\\/schema\\\/logo\\\/image\\\/\",\"url\":\"http:\\\/\\\/www.eldiariodetucuman.com\\\/web\\\/wp-content\\\/uploads\\\/2017\\\/12\\\/el-diario-de-tucuman.jpg\",\"contentUrl\":\"http:\\\/\\\/www.eldiariodetucuman.com\\\/web\\\/wp-content\\\/uploads\\\/2017\\\/12\\\/el-diario-de-tucuman.jpg\",\"width\":272,\"height\":92,\"caption\":\"El Diario de Tucuman\"},\"image\":{\"@id\":\"https:\\\/\\\/www.eldiariodetucuman.com\\\/web\\\/#\\\/schema\\\/logo\\\/image\\\/\"}},{\"@type\":\"Person\",\"@id\":\"https:\\\/\\\/www.eldiariodetucuman.com\\\/web\\\/#\\\/schema\\\/person\\\/9250197d75ab5483412e19678b121caa\",\"name\":\"admin\",\"image\":{\"@type\":\"ImageObject\",\"inLanguage\":\"es\",\"@id\":\"https:\\\/\\\/secure.gravatar.com\\\/avatar\\\/c44d117c2be811212c22cb481f6b8384b6873de103fbc49e7a03cc58d7dea4ac?s=96&d=mm&r=g\",\"url\":\"https:\\\/\\\/secure.gravatar.com\\\/avatar\\\/c44d117c2be811212c22cb481f6b8384b6873de103fbc49e7a03cc58d7dea4ac?s=96&d=mm&r=g\",\"contentUrl\":\"https:\\\/\\\/secure.gravatar.com\\\/avatar\\\/c44d117c2be811212c22cb481f6b8384b6873de103fbc49e7a03cc58d7dea4ac?s=96&d=mm&r=g\",\"caption\":\"admin\"},\"url\":\"https:\\\/\\\/www.eldiariodetucuman.com\\\/web\\\/author\\\/admin\\\/\"}]}<\/script>\n<!-- \/ Yoast SEO plugin. -->","yoast_head_json":{"title":"Pino Solanas fue ovacionado por su nuevo documental - El Diario de Tucuman","robots":{"index":"index","follow":"follow","max-snippet":"max-snippet:-1","max-image-preview":"max-image-preview:large","max-video-preview":"max-video-preview:-1"},"canonical":"https:\/\/www.eldiariodetucuman.com\/web\/pino-solanas-fue-ovacionado-por-su-nuevo-documental\/","og_locale":"es_ES","og_type":"article","og_title":"Pino Solanas fue ovacionado por su nuevo documental - El Diario de Tucuman","og_description":"El cineasta y senador Fernando \u201cPino\u201d Solanas fue recibido el domingo con fuertes aplausos antes y despu\u00e9s de la proyecci\u00f3n de su documental \u201cViaje a los pueblos fumigados\u201d en el Festival de Cine de Berl\u00edn, donde la cinta tuvo su estreno mundial a sala llena en la prestigiosa secci\u00f3n \u201cBerlinale Special\u201d. Solanas regres\u00f3 a la [&hellip;]","og_url":"https:\/\/www.eldiariodetucuman.com\/web\/pino-solanas-fue-ovacionado-por-su-nuevo-documental\/","og_site_name":"El Diario de Tucuman","article_published_time":"2018-02-20T15:59:07+00:00","article_modified_time":"2018-02-20T15:59:09+00:00","og_image":[{"width":970,"height":424,"url":"https:\/\/www.eldiariodetucuman.com\/web\/wp-content\/uploads\/2018\/02\/c438aabaeae234a0eb6dc0b38d942a1b.jpeg","type":"image\/jpeg"}],"author":"admin","twitter_card":"summary_large_image","twitter_misc":{"Escrito por":"admin","Tiempo de lectura":"5 minutos"},"schema":{"@context":"https:\/\/schema.org","@graph":[{"@type":"Article","@id":"https:\/\/www.eldiariodetucuman.com\/web\/pino-solanas-fue-ovacionado-por-su-nuevo-documental\/#article","isPartOf":{"@id":"https:\/\/www.eldiariodetucuman.com\/web\/pino-solanas-fue-ovacionado-por-su-nuevo-documental\/"},"author":{"name":"admin","@id":"https:\/\/www.eldiariodetucuman.com\/web\/#\/schema\/person\/9250197d75ab5483412e19678b121caa"},"headline":"Pino Solanas fue ovacionado por su nuevo documental","datePublished":"2018-02-20T15:59:07+00:00","dateModified":"2018-02-20T15:59:09+00:00","mainEntityOfPage":{"@id":"https:\/\/www.eldiariodetucuman.com\/web\/pino-solanas-fue-ovacionado-por-su-nuevo-documental\/"},"wordCount":982,"commentCount":0,"publisher":{"@id":"https:\/\/www.eldiariodetucuman.com\/web\/#organization"},"image":{"@id":"https:\/\/www.eldiariodetucuman.com\/web\/pino-solanas-fue-ovacionado-por-su-nuevo-documental\/#primaryimage"},"thumbnailUrl":"https:\/\/www.eldiariodetucuman.com\/web\/wp-content\/uploads\/2018\/02\/c438aabaeae234a0eb6dc0b38d942a1b.jpeg","articleSection":["Argentina"],"inLanguage":"es","potentialAction":[{"@type":"CommentAction","name":"Comment","target":["https:\/\/www.eldiariodetucuman.com\/web\/pino-solanas-fue-ovacionado-por-su-nuevo-documental\/#respond"]}]},{"@type":"WebPage","@id":"https:\/\/www.eldiariodetucuman.com\/web\/pino-solanas-fue-ovacionado-por-su-nuevo-documental\/","url":"https:\/\/www.eldiariodetucuman.com\/web\/pino-solanas-fue-ovacionado-por-su-nuevo-documental\/","name":"Pino Solanas fue ovacionado por su nuevo documental - El Diario de Tucuman","isPartOf":{"@id":"https:\/\/www.eldiariodetucuman.com\/web\/#website"},"primaryImageOfPage":{"@id":"https:\/\/www.eldiariodetucuman.com\/web\/pino-solanas-fue-ovacionado-por-su-nuevo-documental\/#primaryimage"},"image":{"@id":"https:\/\/www.eldiariodetucuman.com\/web\/pino-solanas-fue-ovacionado-por-su-nuevo-documental\/#primaryimage"},"thumbnailUrl":"https:\/\/www.eldiariodetucuman.com\/web\/wp-content\/uploads\/2018\/02\/c438aabaeae234a0eb6dc0b38d942a1b.jpeg","datePublished":"2018-02-20T15:59:07+00:00","dateModified":"2018-02-20T15:59:09+00:00","breadcrumb":{"@id":"https:\/\/www.eldiariodetucuman.com\/web\/pino-solanas-fue-ovacionado-por-su-nuevo-documental\/#breadcrumb"},"inLanguage":"es","potentialAction":[{"@type":"ReadAction","target":["https:\/\/www.eldiariodetucuman.com\/web\/pino-solanas-fue-ovacionado-por-su-nuevo-documental\/"]}]},{"@type":"ImageObject","inLanguage":"es","@id":"https:\/\/www.eldiariodetucuman.com\/web\/pino-solanas-fue-ovacionado-por-su-nuevo-documental\/#primaryimage","url":"https:\/\/www.eldiariodetucuman.com\/web\/wp-content\/uploads\/2018\/02\/c438aabaeae234a0eb6dc0b38d942a1b.jpeg","contentUrl":"https:\/\/www.eldiariodetucuman.com\/web\/wp-content\/uploads\/2018\/02\/c438aabaeae234a0eb6dc0b38d942a1b.jpeg","width":970,"height":424},{"@type":"BreadcrumbList","@id":"https:\/\/www.eldiariodetucuman.com\/web\/pino-solanas-fue-ovacionado-por-su-nuevo-documental\/#breadcrumb","itemListElement":[{"@type":"ListItem","position":1,"name":"Portada","item":"https:\/\/www.eldiariodetucuman.com\/web\/"},{"@type":"ListItem","position":2,"name":"Pino Solanas fue ovacionado por su nuevo documental"}]},{"@type":"WebSite","@id":"https:\/\/www.eldiariodetucuman.com\/web\/#website","url":"https:\/\/www.eldiariodetucuman.com\/web\/","name":"El Diario de Tucuman","description":"Diario Tucuman - Informaci\u00f3n y noticias","publisher":{"@id":"https:\/\/www.eldiariodetucuman.com\/web\/#organization"},"potentialAction":[{"@type":"SearchAction","target":{"@type":"EntryPoint","urlTemplate":"https:\/\/www.eldiariodetucuman.com\/web\/?s={search_term_string}"},"query-input":{"@type":"PropertyValueSpecification","valueRequired":true,"valueName":"search_term_string"}}],"inLanguage":"es"},{"@type":"Organization","@id":"https:\/\/www.eldiariodetucuman.com\/web\/#organization","name":"El Diario de Tucuman","url":"https:\/\/www.eldiariodetucuman.com\/web\/","logo":{"@type":"ImageObject","inLanguage":"es","@id":"https:\/\/www.eldiariodetucuman.com\/web\/#\/schema\/logo\/image\/","url":"http:\/\/www.eldiariodetucuman.com\/web\/wp-content\/uploads\/2017\/12\/el-diario-de-tucuman.jpg","contentUrl":"http:\/\/www.eldiariodetucuman.com\/web\/wp-content\/uploads\/2017\/12\/el-diario-de-tucuman.jpg","width":272,"height":92,"caption":"El Diario de Tucuman"},"image":{"@id":"https:\/\/www.eldiariodetucuman.com\/web\/#\/schema\/logo\/image\/"}},{"@type":"Person","@id":"https:\/\/www.eldiariodetucuman.com\/web\/#\/schema\/person\/9250197d75ab5483412e19678b121caa","name":"admin","image":{"@type":"ImageObject","inLanguage":"es","@id":"https:\/\/secure.gravatar.com\/avatar\/c44d117c2be811212c22cb481f6b8384b6873de103fbc49e7a03cc58d7dea4ac?s=96&d=mm&r=g","url":"https:\/\/secure.gravatar.com\/avatar\/c44d117c2be811212c22cb481f6b8384b6873de103fbc49e7a03cc58d7dea4ac?s=96&d=mm&r=g","contentUrl":"https:\/\/secure.gravatar.com\/avatar\/c44d117c2be811212c22cb481f6b8384b6873de103fbc49e7a03cc58d7dea4ac?s=96&d=mm&r=g","caption":"admin"},"url":"https:\/\/www.eldiariodetucuman.com\/web\/author\/admin\/"}]}},"_links":{"self":[{"href":"https:\/\/www.eldiariodetucuman.com\/web\/wp-json\/wp\/v2\/posts\/5619","targetHints":{"allow":["GET"]}}],"collection":[{"href":"https:\/\/www.eldiariodetucuman.com\/web\/wp-json\/wp\/v2\/posts"}],"about":[{"href":"https:\/\/www.eldiariodetucuman.com\/web\/wp-json\/wp\/v2\/types\/post"}],"author":[{"embeddable":true,"href":"https:\/\/www.eldiariodetucuman.com\/web\/wp-json\/wp\/v2\/users\/1"}],"replies":[{"embeddable":true,"href":"https:\/\/www.eldiariodetucuman.com\/web\/wp-json\/wp\/v2\/comments?post=5619"}],"version-history":[{"count":1,"href":"https:\/\/www.eldiariodetucuman.com\/web\/wp-json\/wp\/v2\/posts\/5619\/revisions"}],"predecessor-version":[{"id":5621,"href":"https:\/\/www.eldiariodetucuman.com\/web\/wp-json\/wp\/v2\/posts\/5619\/revisions\/5621"}],"wp:featuredmedia":[{"embeddable":true,"href":"https:\/\/www.eldiariodetucuman.com\/web\/wp-json\/wp\/v2\/media\/5620"}],"wp:attachment":[{"href":"https:\/\/www.eldiariodetucuman.com\/web\/wp-json\/wp\/v2\/media?parent=5619"}],"wp:term":[{"taxonomy":"category","embeddable":true,"href":"https:\/\/www.eldiariodetucuman.com\/web\/wp-json\/wp\/v2\/categories?post=5619"},{"taxonomy":"post_tag","embeddable":true,"href":"https:\/\/www.eldiariodetucuman.com\/web\/wp-json\/wp\/v2\/tags?post=5619"}],"curies":[{"name":"wp","href":"https:\/\/api.w.org\/{rel}","templated":true}]}}