{"id":5599,"date":"2018-02-20T12:34:03","date_gmt":"2018-02-20T15:34:03","guid":{"rendered":"http:\/\/www.eldiariodetucuman.com\/web\/no-creo-que-a-tevez-lo-reciban-bien\/"},"modified":"2018-02-20T12:34:05","modified_gmt":"2018-02-20T15:34:05","slug":"no-creo-que-a-tevez-lo-reciban-bien","status":"publish","type":"post","link":"https:\/\/www.eldiariodetucuman.com\/web\/no-creo-que-a-tevez-lo-reciban-bien\/","title":{"rendered":"\u00abNo creo que a Tevez lo reciban bien&#8230;\u00bb"},"content":{"rendered":"<div>\n<div id=\"article-main-content\" readability=\"83.907110091743\">\n                    <!-- Relacionadas --><\/p>\n<div class=\"entry-contentrelatednews\">\n<h4>Relacionadas<\/h4>\n<article class=\"entry\"><a class=\"linkNoPhoto dax-related-item\" href=\"https:\/\/www.ole.com.ar\/futbol-primera\/guardia-alta-errores-arbitrales_0_1963603715.html\" title=\"\" data-dax=\"0\"><\/p>\n<figure class=\"entry-media OleNoPhoto\"><img loading=\"lazy\" decoding=\"async\" src=\"https:\/\/images.ole.com.ar\/2018\/02\/17\/BJD8XjvvG_150x100__1.jpg\" width=\"150\" height=\"100\" alt=\"\"><\/figure>\n<p><\/a><\/p>\n<\/article>\n<\/div>\n<p>                    <!--End Relacionadas --><\/p>\n<p>El 21 de septiembre de 2015, Carlos Tevez le produjo la fractura expuesta del tobillo derecho a Ezequiel Ham despu\u00e9s de un planchazo del ex Juventus en el partido entre Boca y Argentinos Juniors. El volante del Bicho estuvo 610 d\u00edas sin jugar de manera profesional y actualmente se encuentra en el\u00a0FC Gifu de la segunda divisi\u00f3n de Jap\u00f3n. Y dentro de dos fechas, el Xeneize deber\u00e1 visitar La Paternal para disputar la jornada 19 de la actual Superliga, un partido que en Argentinos ya est\u00e1n jugando.<\/p>\n<p>Dami\u00e1n Batallini, volante del elenco orientado t\u00e1cticamente por Alfredo Berti, se refiri\u00f3 a lo que significar\u00e1 el regreso del Apache a dicho reducto, sobre todo teniendo aquel lamentable antecedente con Ham. <mark><strong>\u00abHay que diferenciar.\u00a0Los jugadores entendemos que fue sin intenci\u00f3n ni mala leche, pero tambi\u00e9n sabemos c\u00f3mo es el hincha.\u00a0No creo que en Argentinos reciban bien a Tevez despu\u00e9s de lo de Ham. Al jugador lo quer\u00edan mucho\u00bb<\/strong><\/mark>, expres\u00f3 en di\u00e1logo con Ataque Futbolero.<\/p>\n<div class=\"mg\" readability=\"9\">\n<p>Dura lesi\u00f3n de Tevez a Ham<\/p>\n<p>Argentinos 1 &#8211; Boca 2. Fecha 25. Primera Divisi\u00f3n 2015.<\/p>\n<\/div>\n<p>\u00abAc\u00e1 no qued\u00f3 rencor porque son circunstancias del partido que pasan y est\u00e1 todo m\u00e1s que bien, no pasa nada. En ese momento, era uno de los mejores de su carrera. Estaba haciendo un gran torneo y tuvo esa mala suerte, pero ahora se fue a Jap\u00f3n para agarrar ritmo y volver de la mejor manera\u201d, cerr\u00f3 Batallini. Pese a esto, a\u00fan quedar\u00e1 por ver si efectivamente Tevez juega o no dicha partido. \u00bfPor qu\u00e9? El jueves 1, Boca visitar\u00e1 a Alianza Lima en Per\u00fa\u00a0por la primera fecha del grupo H de la Libertadores, mientras que el encuentro ante Argentinos ser\u00e1 el lunes 5 a las 21:15.<\/p>\n<\/p><\/div>\n<\/div>\n<p>Fuente: https:\/\/www.ole.com.ar\/argentinos\/tevez-ham-regreso-paternal-argentinos-creo-reciban-bien_0_1964803529.html<\/p>\n","protected":false},"excerpt":{"rendered":"<p>Relacionadas El 21 de septiembre de 2015, Carlos Tevez le produjo la fractura expuesta del tobillo derecho a Ezequiel Ham despu\u00e9s de un planchazo del ex Juventus en el partido entre Boca y Argentinos Juniors. El volante del Bicho estuvo 610 d\u00edas sin jugar de manera profesional y actualmente se encuentra en el\u00a0FC Gifu de [&hellip;]<\/p>\n","protected":false},"author":1,"featured_media":5600,"comment_status":"open","ping_status":"closed","sticky":false,"template":"","format":"standard","meta":{"footnotes":""},"categories":[6],"tags":[],"class_list":{"0":"post-5599","1":"post","2":"type-post","3":"status-publish","4":"format-standard","5":"has-post-thumbnail","7":"category-deporte"},"yoast_head":"<!-- This site is optimized with the Yoast SEO plugin v27.5 - https:\/\/yoast.com\/product\/yoast-seo-wordpress\/ -->\n<title>&quot;No creo que a Tevez lo reciban bien...&quot; - El Diario de Tucuman<\/title>\n<meta name=\"robots\" content=\"index, follow, max-snippet:-1, max-image-preview:large, max-video-preview:-1\" \/>\n<link rel=\"canonical\" href=\"https:\/\/www.eldiariodetucuman.com\/web\/no-creo-que-a-tevez-lo-reciban-bien\/\" \/>\n<meta property=\"og:locale\" content=\"es_ES\" \/>\n<meta property=\"og:type\" content=\"article\" \/>\n<meta property=\"og:title\" content=\"&quot;No creo que a Tevez lo reciban bien...&quot; - El Diario de Tucuman\" \/>\n<meta property=\"og:description\" content=\"Relacionadas El 21 de septiembre de 2015, Carlos Tevez le produjo la fractura expuesta del tobillo derecho a Ezequiel Ham despu\u00e9s de un planchazo del ex Juventus en el partido entre Boca y Argentinos Juniors. El volante del Bicho estuvo 610 d\u00edas sin jugar de manera profesional y actualmente se encuentra en el\u00a0FC Gifu de [&hellip;]\" \/>\n<meta property=\"og:url\" content=\"https:\/\/www.eldiariodetucuman.com\/web\/no-creo-que-a-tevez-lo-reciban-bien\/\" \/>\n<meta property=\"og:site_name\" content=\"El Diario de Tucuman\" \/>\n<meta property=\"article:published_time\" content=\"2018-02-20T15:34:03+00:00\" \/>\n<meta property=\"article:modified_time\" content=\"2018-02-20T15:34:05+00:00\" \/>\n<meta property=\"og:image\" content=\"https:\/\/www.eldiariodetucuman.com\/web\/wp-content\/uploads\/2018\/02\/5b91762c1f7935812774f46c4dacf9c9.jpeg\" \/>\n\t<meta property=\"og:image:width\" content=\"660\" \/>\n\t<meta property=\"og:image:height\" content=\"385\" \/>\n\t<meta property=\"og:image:type\" content=\"image\/jpeg\" \/>\n<meta name=\"author\" content=\"admin\" \/>\n<meta name=\"twitter:card\" content=\"summary_large_image\" \/>\n<meta name=\"twitter:label1\" content=\"Escrito por\" \/>\n\t<meta name=\"twitter:data1\" content=\"admin\" \/>\n\t<meta name=\"twitter:label2\" content=\"Tiempo de lectura\" \/>\n\t<meta name=\"twitter:data2\" content=\"2 minutos\" \/>\n<script type=\"application\/ld+json\" class=\"yoast-schema-graph\">{\"@context\":\"https:\\\/\\\/schema.org\",\"@graph\":[{\"@type\":\"Article\",\"@id\":\"https:\\\/\\\/www.eldiariodetucuman.com\\\/web\\\/no-creo-que-a-tevez-lo-reciban-bien\\\/#article\",\"isPartOf\":{\"@id\":\"https:\\\/\\\/www.eldiariodetucuman.com\\\/web\\\/no-creo-que-a-tevez-lo-reciban-bien\\\/\"},\"author\":{\"name\":\"admin\",\"@id\":\"https:\\\/\\\/www.eldiariodetucuman.com\\\/web\\\/#\\\/schema\\\/person\\\/9250197d75ab5483412e19678b121caa\"},\"headline\":\"\u00abNo creo que a Tevez lo reciban bien&#8230;\u00bb\",\"datePublished\":\"2018-02-20T15:34:03+00:00\",\"dateModified\":\"2018-02-20T15:34:05+00:00\",\"mainEntityOfPage\":{\"@id\":\"https:\\\/\\\/www.eldiariodetucuman.com\\\/web\\\/no-creo-que-a-tevez-lo-reciban-bien\\\/\"},\"wordCount\":313,\"commentCount\":0,\"publisher\":{\"@id\":\"https:\\\/\\\/www.eldiariodetucuman.com\\\/web\\\/#organization\"},\"image\":{\"@id\":\"https:\\\/\\\/www.eldiariodetucuman.com\\\/web\\\/no-creo-que-a-tevez-lo-reciban-bien\\\/#primaryimage\"},\"thumbnailUrl\":\"https:\\\/\\\/www.eldiariodetucuman.com\\\/web\\\/wp-content\\\/uploads\\\/2018\\\/02\\\/5b91762c1f7935812774f46c4dacf9c9.jpeg\",\"articleSection\":[\"Deporte\"],\"inLanguage\":\"es\",\"potentialAction\":[{\"@type\":\"CommentAction\",\"name\":\"Comment\",\"target\":[\"https:\\\/\\\/www.eldiariodetucuman.com\\\/web\\\/no-creo-que-a-tevez-lo-reciban-bien\\\/#respond\"]}]},{\"@type\":\"WebPage\",\"@id\":\"https:\\\/\\\/www.eldiariodetucuman.com\\\/web\\\/no-creo-que-a-tevez-lo-reciban-bien\\\/\",\"url\":\"https:\\\/\\\/www.eldiariodetucuman.com\\\/web\\\/no-creo-que-a-tevez-lo-reciban-bien\\\/\",\"name\":\"\\\"No creo que a Tevez lo reciban bien...\\\" - El Diario de Tucuman\",\"isPartOf\":{\"@id\":\"https:\\\/\\\/www.eldiariodetucuman.com\\\/web\\\/#website\"},\"primaryImageOfPage\":{\"@id\":\"https:\\\/\\\/www.eldiariodetucuman.com\\\/web\\\/no-creo-que-a-tevez-lo-reciban-bien\\\/#primaryimage\"},\"image\":{\"@id\":\"https:\\\/\\\/www.eldiariodetucuman.com\\\/web\\\/no-creo-que-a-tevez-lo-reciban-bien\\\/#primaryimage\"},\"thumbnailUrl\":\"https:\\\/\\\/www.eldiariodetucuman.com\\\/web\\\/wp-content\\\/uploads\\\/2018\\\/02\\\/5b91762c1f7935812774f46c4dacf9c9.jpeg\",\"datePublished\":\"2018-02-20T15:34:03+00:00\",\"dateModified\":\"2018-02-20T15:34:05+00:00\",\"breadcrumb\":{\"@id\":\"https:\\\/\\\/www.eldiariodetucuman.com\\\/web\\\/no-creo-que-a-tevez-lo-reciban-bien\\\/#breadcrumb\"},\"inLanguage\":\"es\",\"potentialAction\":[{\"@type\":\"ReadAction\",\"target\":[\"https:\\\/\\\/www.eldiariodetucuman.com\\\/web\\\/no-creo-que-a-tevez-lo-reciban-bien\\\/\"]}]},{\"@type\":\"ImageObject\",\"inLanguage\":\"es\",\"@id\":\"https:\\\/\\\/www.eldiariodetucuman.com\\\/web\\\/no-creo-que-a-tevez-lo-reciban-bien\\\/#primaryimage\",\"url\":\"https:\\\/\\\/www.eldiariodetucuman.com\\\/web\\\/wp-content\\\/uploads\\\/2018\\\/02\\\/5b91762c1f7935812774f46c4dacf9c9.jpeg\",\"contentUrl\":\"https:\\\/\\\/www.eldiariodetucuman.com\\\/web\\\/wp-content\\\/uploads\\\/2018\\\/02\\\/5b91762c1f7935812774f46c4dacf9c9.jpeg\",\"width\":660,\"height\":385},{\"@type\":\"BreadcrumbList\",\"@id\":\"https:\\\/\\\/www.eldiariodetucuman.com\\\/web\\\/no-creo-que-a-tevez-lo-reciban-bien\\\/#breadcrumb\",\"itemListElement\":[{\"@type\":\"ListItem\",\"position\":1,\"name\":\"Portada\",\"item\":\"https:\\\/\\\/www.eldiariodetucuman.com\\\/web\\\/\"},{\"@type\":\"ListItem\",\"position\":2,\"name\":\"\u00abNo creo que a Tevez lo reciban bien&#8230;\u00bb\"}]},{\"@type\":\"WebSite\",\"@id\":\"https:\\\/\\\/www.eldiariodetucuman.com\\\/web\\\/#website\",\"url\":\"https:\\\/\\\/www.eldiariodetucuman.com\\\/web\\\/\",\"name\":\"El Diario de Tucuman\",\"description\":\"Diario Tucuman - Informaci\u00f3n y noticias\",\"publisher\":{\"@id\":\"https:\\\/\\\/www.eldiariodetucuman.com\\\/web\\\/#organization\"},\"potentialAction\":[{\"@type\":\"SearchAction\",\"target\":{\"@type\":\"EntryPoint\",\"urlTemplate\":\"https:\\\/\\\/www.eldiariodetucuman.com\\\/web\\\/?s={search_term_string}\"},\"query-input\":{\"@type\":\"PropertyValueSpecification\",\"valueRequired\":true,\"valueName\":\"search_term_string\"}}],\"inLanguage\":\"es\"},{\"@type\":\"Organization\",\"@id\":\"https:\\\/\\\/www.eldiariodetucuman.com\\\/web\\\/#organization\",\"name\":\"El Diario de Tucuman\",\"url\":\"https:\\\/\\\/www.eldiariodetucuman.com\\\/web\\\/\",\"logo\":{\"@type\":\"ImageObject\",\"inLanguage\":\"es\",\"@id\":\"https:\\\/\\\/www.eldiariodetucuman.com\\\/web\\\/#\\\/schema\\\/logo\\\/image\\\/\",\"url\":\"http:\\\/\\\/www.eldiariodetucuman.com\\\/web\\\/wp-content\\\/uploads\\\/2017\\\/12\\\/el-diario-de-tucuman.jpg\",\"contentUrl\":\"http:\\\/\\\/www.eldiariodetucuman.com\\\/web\\\/wp-content\\\/uploads\\\/2017\\\/12\\\/el-diario-de-tucuman.jpg\",\"width\":272,\"height\":92,\"caption\":\"El Diario de Tucuman\"},\"image\":{\"@id\":\"https:\\\/\\\/www.eldiariodetucuman.com\\\/web\\\/#\\\/schema\\\/logo\\\/image\\\/\"}},{\"@type\":\"Person\",\"@id\":\"https:\\\/\\\/www.eldiariodetucuman.com\\\/web\\\/#\\\/schema\\\/person\\\/9250197d75ab5483412e19678b121caa\",\"name\":\"admin\",\"image\":{\"@type\":\"ImageObject\",\"inLanguage\":\"es\",\"@id\":\"https:\\\/\\\/secure.gravatar.com\\\/avatar\\\/c44d117c2be811212c22cb481f6b8384b6873de103fbc49e7a03cc58d7dea4ac?s=96&d=mm&r=g\",\"url\":\"https:\\\/\\\/secure.gravatar.com\\\/avatar\\\/c44d117c2be811212c22cb481f6b8384b6873de103fbc49e7a03cc58d7dea4ac?s=96&d=mm&r=g\",\"contentUrl\":\"https:\\\/\\\/secure.gravatar.com\\\/avatar\\\/c44d117c2be811212c22cb481f6b8384b6873de103fbc49e7a03cc58d7dea4ac?s=96&d=mm&r=g\",\"caption\":\"admin\"},\"url\":\"https:\\\/\\\/www.eldiariodetucuman.com\\\/web\\\/author\\\/admin\\\/\"}]}<\/script>\n<!-- \/ Yoast SEO plugin. -->","yoast_head_json":{"title":"\"No creo que a Tevez lo reciban bien...\" - El Diario de Tucuman","robots":{"index":"index","follow":"follow","max-snippet":"max-snippet:-1","max-image-preview":"max-image-preview:large","max-video-preview":"max-video-preview:-1"},"canonical":"https:\/\/www.eldiariodetucuman.com\/web\/no-creo-que-a-tevez-lo-reciban-bien\/","og_locale":"es_ES","og_type":"article","og_title":"\"No creo que a Tevez lo reciban bien...\" - El Diario de Tucuman","og_description":"Relacionadas El 21 de septiembre de 2015, Carlos Tevez le produjo la fractura expuesta del tobillo derecho a Ezequiel Ham despu\u00e9s de un planchazo del ex Juventus en el partido entre Boca y Argentinos Juniors. El volante del Bicho estuvo 610 d\u00edas sin jugar de manera profesional y actualmente se encuentra en el\u00a0FC Gifu de [&hellip;]","og_url":"https:\/\/www.eldiariodetucuman.com\/web\/no-creo-que-a-tevez-lo-reciban-bien\/","og_site_name":"El Diario de Tucuman","article_published_time":"2018-02-20T15:34:03+00:00","article_modified_time":"2018-02-20T15:34:05+00:00","og_image":[{"width":660,"height":385,"url":"https:\/\/www.eldiariodetucuman.com\/web\/wp-content\/uploads\/2018\/02\/5b91762c1f7935812774f46c4dacf9c9.jpeg","type":"image\/jpeg"}],"author":"admin","twitter_card":"summary_large_image","twitter_misc":{"Escrito por":"admin","Tiempo de lectura":"2 minutos"},"schema":{"@context":"https:\/\/schema.org","@graph":[{"@type":"Article","@id":"https:\/\/www.eldiariodetucuman.com\/web\/no-creo-que-a-tevez-lo-reciban-bien\/#article","isPartOf":{"@id":"https:\/\/www.eldiariodetucuman.com\/web\/no-creo-que-a-tevez-lo-reciban-bien\/"},"author":{"name":"admin","@id":"https:\/\/www.eldiariodetucuman.com\/web\/#\/schema\/person\/9250197d75ab5483412e19678b121caa"},"headline":"\u00abNo creo que a Tevez lo reciban bien&#8230;\u00bb","datePublished":"2018-02-20T15:34:03+00:00","dateModified":"2018-02-20T15:34:05+00:00","mainEntityOfPage":{"@id":"https:\/\/www.eldiariodetucuman.com\/web\/no-creo-que-a-tevez-lo-reciban-bien\/"},"wordCount":313,"commentCount":0,"publisher":{"@id":"https:\/\/www.eldiariodetucuman.com\/web\/#organization"},"image":{"@id":"https:\/\/www.eldiariodetucuman.com\/web\/no-creo-que-a-tevez-lo-reciban-bien\/#primaryimage"},"thumbnailUrl":"https:\/\/www.eldiariodetucuman.com\/web\/wp-content\/uploads\/2018\/02\/5b91762c1f7935812774f46c4dacf9c9.jpeg","articleSection":["Deporte"],"inLanguage":"es","potentialAction":[{"@type":"CommentAction","name":"Comment","target":["https:\/\/www.eldiariodetucuman.com\/web\/no-creo-que-a-tevez-lo-reciban-bien\/#respond"]}]},{"@type":"WebPage","@id":"https:\/\/www.eldiariodetucuman.com\/web\/no-creo-que-a-tevez-lo-reciban-bien\/","url":"https:\/\/www.eldiariodetucuman.com\/web\/no-creo-que-a-tevez-lo-reciban-bien\/","name":"\"No creo que a Tevez lo reciban bien...\" - El Diario de Tucuman","isPartOf":{"@id":"https:\/\/www.eldiariodetucuman.com\/web\/#website"},"primaryImageOfPage":{"@id":"https:\/\/www.eldiariodetucuman.com\/web\/no-creo-que-a-tevez-lo-reciban-bien\/#primaryimage"},"image":{"@id":"https:\/\/www.eldiariodetucuman.com\/web\/no-creo-que-a-tevez-lo-reciban-bien\/#primaryimage"},"thumbnailUrl":"https:\/\/www.eldiariodetucuman.com\/web\/wp-content\/uploads\/2018\/02\/5b91762c1f7935812774f46c4dacf9c9.jpeg","datePublished":"2018-02-20T15:34:03+00:00","dateModified":"2018-02-20T15:34:05+00:00","breadcrumb":{"@id":"https:\/\/www.eldiariodetucuman.com\/web\/no-creo-que-a-tevez-lo-reciban-bien\/#breadcrumb"},"inLanguage":"es","potentialAction":[{"@type":"ReadAction","target":["https:\/\/www.eldiariodetucuman.com\/web\/no-creo-que-a-tevez-lo-reciban-bien\/"]}]},{"@type":"ImageObject","inLanguage":"es","@id":"https:\/\/www.eldiariodetucuman.com\/web\/no-creo-que-a-tevez-lo-reciban-bien\/#primaryimage","url":"https:\/\/www.eldiariodetucuman.com\/web\/wp-content\/uploads\/2018\/02\/5b91762c1f7935812774f46c4dacf9c9.jpeg","contentUrl":"https:\/\/www.eldiariodetucuman.com\/web\/wp-content\/uploads\/2018\/02\/5b91762c1f7935812774f46c4dacf9c9.jpeg","width":660,"height":385},{"@type":"BreadcrumbList","@id":"https:\/\/www.eldiariodetucuman.com\/web\/no-creo-que-a-tevez-lo-reciban-bien\/#breadcrumb","itemListElement":[{"@type":"ListItem","position":1,"name":"Portada","item":"https:\/\/www.eldiariodetucuman.com\/web\/"},{"@type":"ListItem","position":2,"name":"\u00abNo creo que a Tevez lo reciban bien&#8230;\u00bb"}]},{"@type":"WebSite","@id":"https:\/\/www.eldiariodetucuman.com\/web\/#website","url":"https:\/\/www.eldiariodetucuman.com\/web\/","name":"El Diario de Tucuman","description":"Diario Tucuman - Informaci\u00f3n y noticias","publisher":{"@id":"https:\/\/www.eldiariodetucuman.com\/web\/#organization"},"potentialAction":[{"@type":"SearchAction","target":{"@type":"EntryPoint","urlTemplate":"https:\/\/www.eldiariodetucuman.com\/web\/?s={search_term_string}"},"query-input":{"@type":"PropertyValueSpecification","valueRequired":true,"valueName":"search_term_string"}}],"inLanguage":"es"},{"@type":"Organization","@id":"https:\/\/www.eldiariodetucuman.com\/web\/#organization","name":"El Diario de Tucuman","url":"https:\/\/www.eldiariodetucuman.com\/web\/","logo":{"@type":"ImageObject","inLanguage":"es","@id":"https:\/\/www.eldiariodetucuman.com\/web\/#\/schema\/logo\/image\/","url":"http:\/\/www.eldiariodetucuman.com\/web\/wp-content\/uploads\/2017\/12\/el-diario-de-tucuman.jpg","contentUrl":"http:\/\/www.eldiariodetucuman.com\/web\/wp-content\/uploads\/2017\/12\/el-diario-de-tucuman.jpg","width":272,"height":92,"caption":"El Diario de Tucuman"},"image":{"@id":"https:\/\/www.eldiariodetucuman.com\/web\/#\/schema\/logo\/image\/"}},{"@type":"Person","@id":"https:\/\/www.eldiariodetucuman.com\/web\/#\/schema\/person\/9250197d75ab5483412e19678b121caa","name":"admin","image":{"@type":"ImageObject","inLanguage":"es","@id":"https:\/\/secure.gravatar.com\/avatar\/c44d117c2be811212c22cb481f6b8384b6873de103fbc49e7a03cc58d7dea4ac?s=96&d=mm&r=g","url":"https:\/\/secure.gravatar.com\/avatar\/c44d117c2be811212c22cb481f6b8384b6873de103fbc49e7a03cc58d7dea4ac?s=96&d=mm&r=g","contentUrl":"https:\/\/secure.gravatar.com\/avatar\/c44d117c2be811212c22cb481f6b8384b6873de103fbc49e7a03cc58d7dea4ac?s=96&d=mm&r=g","caption":"admin"},"url":"https:\/\/www.eldiariodetucuman.com\/web\/author\/admin\/"}]}},"_links":{"self":[{"href":"https:\/\/www.eldiariodetucuman.com\/web\/wp-json\/wp\/v2\/posts\/5599","targetHints":{"allow":["GET"]}}],"collection":[{"href":"https:\/\/www.eldiariodetucuman.com\/web\/wp-json\/wp\/v2\/posts"}],"about":[{"href":"https:\/\/www.eldiariodetucuman.com\/web\/wp-json\/wp\/v2\/types\/post"}],"author":[{"embeddable":true,"href":"https:\/\/www.eldiariodetucuman.com\/web\/wp-json\/wp\/v2\/users\/1"}],"replies":[{"embeddable":true,"href":"https:\/\/www.eldiariodetucuman.com\/web\/wp-json\/wp\/v2\/comments?post=5599"}],"version-history":[{"count":1,"href":"https:\/\/www.eldiariodetucuman.com\/web\/wp-json\/wp\/v2\/posts\/5599\/revisions"}],"predecessor-version":[{"id":5601,"href":"https:\/\/www.eldiariodetucuman.com\/web\/wp-json\/wp\/v2\/posts\/5599\/revisions\/5601"}],"wp:featuredmedia":[{"embeddable":true,"href":"https:\/\/www.eldiariodetucuman.com\/web\/wp-json\/wp\/v2\/media\/5600"}],"wp:attachment":[{"href":"https:\/\/www.eldiariodetucuman.com\/web\/wp-json\/wp\/v2\/media?parent=5599"}],"wp:term":[{"taxonomy":"category","embeddable":true,"href":"https:\/\/www.eldiariodetucuman.com\/web\/wp-json\/wp\/v2\/categories?post=5599"},{"taxonomy":"post_tag","embeddable":true,"href":"https:\/\/www.eldiariodetucuman.com\/web\/wp-json\/wp\/v2\/tags?post=5599"}],"curies":[{"name":"wp","href":"https:\/\/api.w.org\/{rel}","templated":true}]}}