{"id":5591,"date":"2018-02-20T12:00:30","date_gmt":"2018-02-20T15:00:30","guid":{"rendered":"http:\/\/www.eldiariodetucuman.com\/web\/polemica-por-el-entierro-de-capitan-el-perro-que-paso-mas-de-10-anos-junto-a-la-tumba-de-su-amo\/"},"modified":"2018-02-20T12:00:33","modified_gmt":"2018-02-20T15:00:33","slug":"polemica-por-el-entierro-de-capitan-el-perro-que-paso-mas-de-10-anos-junto-a-la-tumba-de-su-amo","status":"publish","type":"post","link":"https:\/\/www.eldiariodetucuman.com\/web\/polemica-por-el-entierro-de-capitan-el-perro-que-paso-mas-de-10-anos-junto-a-la-tumba-de-su-amo\/","title":{"rendered":"Pol\u00e9mica por el entierro de \u00abCapit\u00e1n\u00bb, el perro que pas\u00f3 m\u00e1s de 10 a\u00f1os junto a la tumba de su amo"},"content":{"rendered":"<div>\n<div readability=\"77.648886827458\">\n<p>El lugar donde enterrar a \u00abCapit\u00e1n\u00bb, <a href=\"https:\/\/www.lagaceta.com.ar\/nota\/761852\/actualidad\/murio-capitan-perro-durante-ultimos-11-anos-visitaba-tumba-amo.html\" mce_href=\"https:\/\/www.lagaceta.com.ar\/nota\/761852\/actualidad\/murio-capitan-perro-durante-ultimos-11-anos-visitaba-tumba-amo.html\" target=\"_blank\">el perro que muri\u00f3 el domingo despu\u00e9s de pasar m\u00e1s de 10 a\u00f1os junto a la tumba de su amo en el cementerio municipal de Villa Carlos Paz<\/a>, provoc\u00f3 una inesperada controversia entre el municipio y protectores de animales. Mientras las autoridades proponen enterrar al perro en una plazoleta y hacerle un monumento, los proteccionistas quieren que los restos del animal queden en el mismo cementerio.<\/p>\n<p>La Fundaci\u00f3n Proteccionista de Animales (FUPA) pidi\u00f3 que \u00abCapit\u00e1n\u00bb sea sepultado junto a la tumba de su due\u00f1o, Miguel Guzm\u00e1n, donde el animal pas\u00f3 una m\u00e1s d\u00e9cada. Pero el municipio quiere incinerar los restos del perro y sepultarlos en una plazoleta donde construir\u00e1 un monumento en su honor, iniciativa que deber\u00e1  tratar el Concejo de Representantes por tratarse de un espacio p\u00fablico, inform\u00f3 T\u00e9lam que cit\u00f3 a El Diario de Carlos Paz.<\/p>\n<p><span class=\"style frase\">\u00abCapit\u00e1n\u00bb desapareci\u00f3 de su casa, a unas 15 cuadras del cementerio, cuando su amo muri\u00f3, en marzo de 2006 y en enero de 2007, los empleados del cementerio lo vieron entrar por primera vez y el entonces director del lugar, H\u00e9ctor Baccega, cont\u00f3 que lo encontraron un d\u00eda frente la tumba de quien hab\u00eda sido su amo. Desde entonces, cada noche estuvo all\u00ed y all\u00ed muri\u00f3 este domingo, a metros de los restos de su amo, sepultado 11 a\u00f1os antes.<\/span><\/p>\n<p>Por estas horas, los restos del perro se encuentran bajo el cuidado de las integrantes de la FUPA, que analiza los pasos a seguir. La muerte del can no pas\u00f3 inadvertida en la ciudad, que reclama que sea inmortalizado como un \u00abejemplo de fidelidad, compa\u00f1erismo y amor\u00bb.<\/p>\n<p><img decoding=\"async\" src=\"https:\/\/img.lagaceta.com.ar\/fotos\/notas\/2018\/02\/20\/tmb1_761948_20180220115722.jpg\" border=\"0\"><\/p>\n<p>Daniel Guzm\u00e1n, hijo del amo del perro, reconoci\u00f3 a la emisora Cadena 3 que muchas veces durante estos 10 a\u00f1os \u00abCapit\u00e1n\u00bb los segu\u00eda hasta su casa cuando iban a visitar a su padre al cementerio. \u00abPero que se volv\u00eda solo a la tumba y dorm\u00eda todas las noches ah\u00ed. Lo mejor ser\u00eda dejarlo enterrado en el cementerio\u201d, agreg\u00f3.<\/p>\n<p><iframe loading=\"lazy\" width=\"100%\" height=\"400\" src=\"https:\/\/www.youtube.com\/embed\/7rdiTxJ4zlA\" frameborder=\"0\" allow=\"autoplay; encrypted-media\" allowfullscreen=\"\"><\/iframe><\/p>\n<p>FUPA se encarg\u00f3 de los cuidados del animal durante los \u00faltimos a\u00f1os, cuando padec\u00eda problemas de salud, por eso es que la organizaci\u00f3n quiere tomar partido en la decisi\u00f3n sobre qu\u00e9 se har\u00e1 con los restos.<\/p>\n<\/p><\/div>\n<\/div>\n<p>Fuente: http:\/\/www.lagaceta.com.ar\/nota\/761948\/actualidad\/polemica-entierro-capitan-perro-paso-mas-10-anos-junto-tumba-amo.html<\/p>\n","protected":false},"excerpt":{"rendered":"<p>El lugar donde enterrar a \u00abCapit\u00e1n\u00bb, el perro que muri\u00f3 el domingo despu\u00e9s de pasar m\u00e1s de 10 a\u00f1os junto a la tumba de su amo en el cementerio municipal de Villa Carlos Paz, provoc\u00f3 una inesperada controversia entre el municipio y protectores de animales. Mientras las autoridades proponen enterrar al perro en una plazoleta [&hellip;]<\/p>\n","protected":false},"author":1,"featured_media":5592,"comment_status":"open","ping_status":"closed","sticky":false,"template":"","format":"standard","meta":{"footnotes":""},"categories":[1],"tags":[],"class_list":{"0":"post-5591","1":"post","2":"type-post","3":"status-publish","4":"format-standard","5":"has-post-thumbnail","7":"category-portada"},"yoast_head":"<!-- This site is optimized with the Yoast SEO plugin v27.5 - https:\/\/yoast.com\/product\/yoast-seo-wordpress\/ -->\n<title>Pol\u00e9mica por el entierro de &quot;Capit\u00e1n&quot;, el perro que pas\u00f3 m\u00e1s de 10 a\u00f1os junto a la tumba de su amo - El Diario de Tucuman<\/title>\n<meta name=\"robots\" content=\"index, follow, max-snippet:-1, max-image-preview:large, max-video-preview:-1\" \/>\n<link rel=\"canonical\" href=\"https:\/\/www.eldiariodetucuman.com\/web\/polemica-por-el-entierro-de-capitan-el-perro-que-paso-mas-de-10-anos-junto-a-la-tumba-de-su-amo\/\" \/>\n<meta property=\"og:locale\" content=\"es_ES\" \/>\n<meta property=\"og:type\" content=\"article\" \/>\n<meta property=\"og:title\" content=\"Pol\u00e9mica por el entierro de &quot;Capit\u00e1n&quot;, el perro que pas\u00f3 m\u00e1s de 10 a\u00f1os junto a la tumba de su amo - El Diario de Tucuman\" \/>\n<meta property=\"og:description\" content=\"El lugar donde enterrar a \u00abCapit\u00e1n\u00bb, el perro que muri\u00f3 el domingo despu\u00e9s de pasar m\u00e1s de 10 a\u00f1os junto a la tumba de su amo en el cementerio municipal de Villa Carlos Paz, provoc\u00f3 una inesperada controversia entre el municipio y protectores de animales. Mientras las autoridades proponen enterrar al perro en una plazoleta [&hellip;]\" \/>\n<meta property=\"og:url\" content=\"https:\/\/www.eldiariodetucuman.com\/web\/polemica-por-el-entierro-de-capitan-el-perro-que-paso-mas-de-10-anos-junto-a-la-tumba-de-su-amo\/\" \/>\n<meta property=\"og:site_name\" content=\"El Diario de Tucuman\" \/>\n<meta property=\"article:published_time\" content=\"2018-02-20T15:00:30+00:00\" \/>\n<meta property=\"article:modified_time\" content=\"2018-02-20T15:00:33+00:00\" \/>\n<meta property=\"og:image\" content=\"https:\/\/www.eldiariodetucuman.com\/web\/wp-content\/uploads\/2018\/02\/2484083548a09b6bf56a17535cd90ae8.jpeg\" \/>\n\t<meta property=\"og:image:width\" content=\"1500\" \/>\n\t<meta property=\"og:image:height\" content=\"850\" \/>\n\t<meta property=\"og:image:type\" content=\"image\/jpeg\" \/>\n<meta name=\"author\" content=\"admin\" \/>\n<meta name=\"twitter:card\" content=\"summary_large_image\" \/>\n<meta name=\"twitter:label1\" content=\"Escrito por\" \/>\n\t<meta name=\"twitter:data1\" content=\"admin\" \/>\n\t<meta name=\"twitter:label2\" content=\"Tiempo de lectura\" \/>\n\t<meta name=\"twitter:data2\" content=\"2 minutos\" \/>\n<script type=\"application\/ld+json\" class=\"yoast-schema-graph\">{\"@context\":\"https:\\\/\\\/schema.org\",\"@graph\":[{\"@type\":\"Article\",\"@id\":\"https:\\\/\\\/www.eldiariodetucuman.com\\\/web\\\/polemica-por-el-entierro-de-capitan-el-perro-que-paso-mas-de-10-anos-junto-a-la-tumba-de-su-amo\\\/#article\",\"isPartOf\":{\"@id\":\"https:\\\/\\\/www.eldiariodetucuman.com\\\/web\\\/polemica-por-el-entierro-de-capitan-el-perro-que-paso-mas-de-10-anos-junto-a-la-tumba-de-su-amo\\\/\"},\"author\":{\"name\":\"admin\",\"@id\":\"https:\\\/\\\/www.eldiariodetucuman.com\\\/web\\\/#\\\/schema\\\/person\\\/9250197d75ab5483412e19678b121caa\"},\"headline\":\"Pol\u00e9mica por el entierro de \u00abCapit\u00e1n\u00bb, el perro que pas\u00f3 m\u00e1s de 10 a\u00f1os junto a la tumba de su amo\",\"datePublished\":\"2018-02-20T15:00:30+00:00\",\"dateModified\":\"2018-02-20T15:00:33+00:00\",\"mainEntityOfPage\":{\"@id\":\"https:\\\/\\\/www.eldiariodetucuman.com\\\/web\\\/polemica-por-el-entierro-de-capitan-el-perro-que-paso-mas-de-10-anos-junto-a-la-tumba-de-su-amo\\\/\"},\"wordCount\":422,\"commentCount\":0,\"publisher\":{\"@id\":\"https:\\\/\\\/www.eldiariodetucuman.com\\\/web\\\/#organization\"},\"image\":{\"@id\":\"https:\\\/\\\/www.eldiariodetucuman.com\\\/web\\\/polemica-por-el-entierro-de-capitan-el-perro-que-paso-mas-de-10-anos-junto-a-la-tumba-de-su-amo\\\/#primaryimage\"},\"thumbnailUrl\":\"https:\\\/\\\/www.eldiariodetucuman.com\\\/web\\\/wp-content\\\/uploads\\\/2018\\\/02\\\/2484083548a09b6bf56a17535cd90ae8.jpeg\",\"articleSection\":[\"Portada\"],\"inLanguage\":\"es\",\"potentialAction\":[{\"@type\":\"CommentAction\",\"name\":\"Comment\",\"target\":[\"https:\\\/\\\/www.eldiariodetucuman.com\\\/web\\\/polemica-por-el-entierro-de-capitan-el-perro-que-paso-mas-de-10-anos-junto-a-la-tumba-de-su-amo\\\/#respond\"]}]},{\"@type\":\"WebPage\",\"@id\":\"https:\\\/\\\/www.eldiariodetucuman.com\\\/web\\\/polemica-por-el-entierro-de-capitan-el-perro-que-paso-mas-de-10-anos-junto-a-la-tumba-de-su-amo\\\/\",\"url\":\"https:\\\/\\\/www.eldiariodetucuman.com\\\/web\\\/polemica-por-el-entierro-de-capitan-el-perro-que-paso-mas-de-10-anos-junto-a-la-tumba-de-su-amo\\\/\",\"name\":\"Pol\u00e9mica por el entierro de \\\"Capit\u00e1n\\\", el perro que pas\u00f3 m\u00e1s de 10 a\u00f1os junto a la tumba de su amo - El Diario de Tucuman\",\"isPartOf\":{\"@id\":\"https:\\\/\\\/www.eldiariodetucuman.com\\\/web\\\/#website\"},\"primaryImageOfPage\":{\"@id\":\"https:\\\/\\\/www.eldiariodetucuman.com\\\/web\\\/polemica-por-el-entierro-de-capitan-el-perro-que-paso-mas-de-10-anos-junto-a-la-tumba-de-su-amo\\\/#primaryimage\"},\"image\":{\"@id\":\"https:\\\/\\\/www.eldiariodetucuman.com\\\/web\\\/polemica-por-el-entierro-de-capitan-el-perro-que-paso-mas-de-10-anos-junto-a-la-tumba-de-su-amo\\\/#primaryimage\"},\"thumbnailUrl\":\"https:\\\/\\\/www.eldiariodetucuman.com\\\/web\\\/wp-content\\\/uploads\\\/2018\\\/02\\\/2484083548a09b6bf56a17535cd90ae8.jpeg\",\"datePublished\":\"2018-02-20T15:00:30+00:00\",\"dateModified\":\"2018-02-20T15:00:33+00:00\",\"breadcrumb\":{\"@id\":\"https:\\\/\\\/www.eldiariodetucuman.com\\\/web\\\/polemica-por-el-entierro-de-capitan-el-perro-que-paso-mas-de-10-anos-junto-a-la-tumba-de-su-amo\\\/#breadcrumb\"},\"inLanguage\":\"es\",\"potentialAction\":[{\"@type\":\"ReadAction\",\"target\":[\"https:\\\/\\\/www.eldiariodetucuman.com\\\/web\\\/polemica-por-el-entierro-de-capitan-el-perro-que-paso-mas-de-10-anos-junto-a-la-tumba-de-su-amo\\\/\"]}]},{\"@type\":\"ImageObject\",\"inLanguage\":\"es\",\"@id\":\"https:\\\/\\\/www.eldiariodetucuman.com\\\/web\\\/polemica-por-el-entierro-de-capitan-el-perro-que-paso-mas-de-10-anos-junto-a-la-tumba-de-su-amo\\\/#primaryimage\",\"url\":\"https:\\\/\\\/www.eldiariodetucuman.com\\\/web\\\/wp-content\\\/uploads\\\/2018\\\/02\\\/2484083548a09b6bf56a17535cd90ae8.jpeg\",\"contentUrl\":\"https:\\\/\\\/www.eldiariodetucuman.com\\\/web\\\/wp-content\\\/uploads\\\/2018\\\/02\\\/2484083548a09b6bf56a17535cd90ae8.jpeg\",\"width\":1500,\"height\":850},{\"@type\":\"BreadcrumbList\",\"@id\":\"https:\\\/\\\/www.eldiariodetucuman.com\\\/web\\\/polemica-por-el-entierro-de-capitan-el-perro-que-paso-mas-de-10-anos-junto-a-la-tumba-de-su-amo\\\/#breadcrumb\",\"itemListElement\":[{\"@type\":\"ListItem\",\"position\":1,\"name\":\"Portada\",\"item\":\"https:\\\/\\\/www.eldiariodetucuman.com\\\/web\\\/\"},{\"@type\":\"ListItem\",\"position\":2,\"name\":\"Pol\u00e9mica por el entierro de \u00abCapit\u00e1n\u00bb, el perro que pas\u00f3 m\u00e1s de 10 a\u00f1os junto a la tumba de su amo\"}]},{\"@type\":\"WebSite\",\"@id\":\"https:\\\/\\\/www.eldiariodetucuman.com\\\/web\\\/#website\",\"url\":\"https:\\\/\\\/www.eldiariodetucuman.com\\\/web\\\/\",\"name\":\"El Diario de Tucuman\",\"description\":\"Diario Tucuman - Informaci\u00f3n y noticias\",\"publisher\":{\"@id\":\"https:\\\/\\\/www.eldiariodetucuman.com\\\/web\\\/#organization\"},\"potentialAction\":[{\"@type\":\"SearchAction\",\"target\":{\"@type\":\"EntryPoint\",\"urlTemplate\":\"https:\\\/\\\/www.eldiariodetucuman.com\\\/web\\\/?s={search_term_string}\"},\"query-input\":{\"@type\":\"PropertyValueSpecification\",\"valueRequired\":true,\"valueName\":\"search_term_string\"}}],\"inLanguage\":\"es\"},{\"@type\":\"Organization\",\"@id\":\"https:\\\/\\\/www.eldiariodetucuman.com\\\/web\\\/#organization\",\"name\":\"El Diario de Tucuman\",\"url\":\"https:\\\/\\\/www.eldiariodetucuman.com\\\/web\\\/\",\"logo\":{\"@type\":\"ImageObject\",\"inLanguage\":\"es\",\"@id\":\"https:\\\/\\\/www.eldiariodetucuman.com\\\/web\\\/#\\\/schema\\\/logo\\\/image\\\/\",\"url\":\"http:\\\/\\\/www.eldiariodetucuman.com\\\/web\\\/wp-content\\\/uploads\\\/2017\\\/12\\\/el-diario-de-tucuman.jpg\",\"contentUrl\":\"http:\\\/\\\/www.eldiariodetucuman.com\\\/web\\\/wp-content\\\/uploads\\\/2017\\\/12\\\/el-diario-de-tucuman.jpg\",\"width\":272,\"height\":92,\"caption\":\"El Diario de Tucuman\"},\"image\":{\"@id\":\"https:\\\/\\\/www.eldiariodetucuman.com\\\/web\\\/#\\\/schema\\\/logo\\\/image\\\/\"}},{\"@type\":\"Person\",\"@id\":\"https:\\\/\\\/www.eldiariodetucuman.com\\\/web\\\/#\\\/schema\\\/person\\\/9250197d75ab5483412e19678b121caa\",\"name\":\"admin\",\"image\":{\"@type\":\"ImageObject\",\"inLanguage\":\"es\",\"@id\":\"https:\\\/\\\/secure.gravatar.com\\\/avatar\\\/c44d117c2be811212c22cb481f6b8384b6873de103fbc49e7a03cc58d7dea4ac?s=96&d=mm&r=g\",\"url\":\"https:\\\/\\\/secure.gravatar.com\\\/avatar\\\/c44d117c2be811212c22cb481f6b8384b6873de103fbc49e7a03cc58d7dea4ac?s=96&d=mm&r=g\",\"contentUrl\":\"https:\\\/\\\/secure.gravatar.com\\\/avatar\\\/c44d117c2be811212c22cb481f6b8384b6873de103fbc49e7a03cc58d7dea4ac?s=96&d=mm&r=g\",\"caption\":\"admin\"},\"url\":\"https:\\\/\\\/www.eldiariodetucuman.com\\\/web\\\/author\\\/admin\\\/\"}]}<\/script>\n<!-- \/ Yoast SEO plugin. -->","yoast_head_json":{"title":"Pol\u00e9mica por el entierro de \"Capit\u00e1n\", el perro que pas\u00f3 m\u00e1s de 10 a\u00f1os junto a la tumba de su amo - El Diario de Tucuman","robots":{"index":"index","follow":"follow","max-snippet":"max-snippet:-1","max-image-preview":"max-image-preview:large","max-video-preview":"max-video-preview:-1"},"canonical":"https:\/\/www.eldiariodetucuman.com\/web\/polemica-por-el-entierro-de-capitan-el-perro-que-paso-mas-de-10-anos-junto-a-la-tumba-de-su-amo\/","og_locale":"es_ES","og_type":"article","og_title":"Pol\u00e9mica por el entierro de \"Capit\u00e1n\", el perro que pas\u00f3 m\u00e1s de 10 a\u00f1os junto a la tumba de su amo - El Diario de Tucuman","og_description":"El lugar donde enterrar a \u00abCapit\u00e1n\u00bb, el perro que muri\u00f3 el domingo despu\u00e9s de pasar m\u00e1s de 10 a\u00f1os junto a la tumba de su amo en el cementerio municipal de Villa Carlos Paz, provoc\u00f3 una inesperada controversia entre el municipio y protectores de animales. Mientras las autoridades proponen enterrar al perro en una plazoleta [&hellip;]","og_url":"https:\/\/www.eldiariodetucuman.com\/web\/polemica-por-el-entierro-de-capitan-el-perro-que-paso-mas-de-10-anos-junto-a-la-tumba-de-su-amo\/","og_site_name":"El Diario de Tucuman","article_published_time":"2018-02-20T15:00:30+00:00","article_modified_time":"2018-02-20T15:00:33+00:00","og_image":[{"width":1500,"height":850,"url":"https:\/\/www.eldiariodetucuman.com\/web\/wp-content\/uploads\/2018\/02\/2484083548a09b6bf56a17535cd90ae8.jpeg","type":"image\/jpeg"}],"author":"admin","twitter_card":"summary_large_image","twitter_misc":{"Escrito por":"admin","Tiempo de lectura":"2 minutos"},"schema":{"@context":"https:\/\/schema.org","@graph":[{"@type":"Article","@id":"https:\/\/www.eldiariodetucuman.com\/web\/polemica-por-el-entierro-de-capitan-el-perro-que-paso-mas-de-10-anos-junto-a-la-tumba-de-su-amo\/#article","isPartOf":{"@id":"https:\/\/www.eldiariodetucuman.com\/web\/polemica-por-el-entierro-de-capitan-el-perro-que-paso-mas-de-10-anos-junto-a-la-tumba-de-su-amo\/"},"author":{"name":"admin","@id":"https:\/\/www.eldiariodetucuman.com\/web\/#\/schema\/person\/9250197d75ab5483412e19678b121caa"},"headline":"Pol\u00e9mica por el entierro de \u00abCapit\u00e1n\u00bb, el perro que pas\u00f3 m\u00e1s de 10 a\u00f1os junto a la tumba de su amo","datePublished":"2018-02-20T15:00:30+00:00","dateModified":"2018-02-20T15:00:33+00:00","mainEntityOfPage":{"@id":"https:\/\/www.eldiariodetucuman.com\/web\/polemica-por-el-entierro-de-capitan-el-perro-que-paso-mas-de-10-anos-junto-a-la-tumba-de-su-amo\/"},"wordCount":422,"commentCount":0,"publisher":{"@id":"https:\/\/www.eldiariodetucuman.com\/web\/#organization"},"image":{"@id":"https:\/\/www.eldiariodetucuman.com\/web\/polemica-por-el-entierro-de-capitan-el-perro-que-paso-mas-de-10-anos-junto-a-la-tumba-de-su-amo\/#primaryimage"},"thumbnailUrl":"https:\/\/www.eldiariodetucuman.com\/web\/wp-content\/uploads\/2018\/02\/2484083548a09b6bf56a17535cd90ae8.jpeg","articleSection":["Portada"],"inLanguage":"es","potentialAction":[{"@type":"CommentAction","name":"Comment","target":["https:\/\/www.eldiariodetucuman.com\/web\/polemica-por-el-entierro-de-capitan-el-perro-que-paso-mas-de-10-anos-junto-a-la-tumba-de-su-amo\/#respond"]}]},{"@type":"WebPage","@id":"https:\/\/www.eldiariodetucuman.com\/web\/polemica-por-el-entierro-de-capitan-el-perro-que-paso-mas-de-10-anos-junto-a-la-tumba-de-su-amo\/","url":"https:\/\/www.eldiariodetucuman.com\/web\/polemica-por-el-entierro-de-capitan-el-perro-que-paso-mas-de-10-anos-junto-a-la-tumba-de-su-amo\/","name":"Pol\u00e9mica por el entierro de \"Capit\u00e1n\", el perro que pas\u00f3 m\u00e1s de 10 a\u00f1os junto a la tumba de su amo - El Diario de Tucuman","isPartOf":{"@id":"https:\/\/www.eldiariodetucuman.com\/web\/#website"},"primaryImageOfPage":{"@id":"https:\/\/www.eldiariodetucuman.com\/web\/polemica-por-el-entierro-de-capitan-el-perro-que-paso-mas-de-10-anos-junto-a-la-tumba-de-su-amo\/#primaryimage"},"image":{"@id":"https:\/\/www.eldiariodetucuman.com\/web\/polemica-por-el-entierro-de-capitan-el-perro-que-paso-mas-de-10-anos-junto-a-la-tumba-de-su-amo\/#primaryimage"},"thumbnailUrl":"https:\/\/www.eldiariodetucuman.com\/web\/wp-content\/uploads\/2018\/02\/2484083548a09b6bf56a17535cd90ae8.jpeg","datePublished":"2018-02-20T15:00:30+00:00","dateModified":"2018-02-20T15:00:33+00:00","breadcrumb":{"@id":"https:\/\/www.eldiariodetucuman.com\/web\/polemica-por-el-entierro-de-capitan-el-perro-que-paso-mas-de-10-anos-junto-a-la-tumba-de-su-amo\/#breadcrumb"},"inLanguage":"es","potentialAction":[{"@type":"ReadAction","target":["https:\/\/www.eldiariodetucuman.com\/web\/polemica-por-el-entierro-de-capitan-el-perro-que-paso-mas-de-10-anos-junto-a-la-tumba-de-su-amo\/"]}]},{"@type":"ImageObject","inLanguage":"es","@id":"https:\/\/www.eldiariodetucuman.com\/web\/polemica-por-el-entierro-de-capitan-el-perro-que-paso-mas-de-10-anos-junto-a-la-tumba-de-su-amo\/#primaryimage","url":"https:\/\/www.eldiariodetucuman.com\/web\/wp-content\/uploads\/2018\/02\/2484083548a09b6bf56a17535cd90ae8.jpeg","contentUrl":"https:\/\/www.eldiariodetucuman.com\/web\/wp-content\/uploads\/2018\/02\/2484083548a09b6bf56a17535cd90ae8.jpeg","width":1500,"height":850},{"@type":"BreadcrumbList","@id":"https:\/\/www.eldiariodetucuman.com\/web\/polemica-por-el-entierro-de-capitan-el-perro-que-paso-mas-de-10-anos-junto-a-la-tumba-de-su-amo\/#breadcrumb","itemListElement":[{"@type":"ListItem","position":1,"name":"Portada","item":"https:\/\/www.eldiariodetucuman.com\/web\/"},{"@type":"ListItem","position":2,"name":"Pol\u00e9mica por el entierro de \u00abCapit\u00e1n\u00bb, el perro que pas\u00f3 m\u00e1s de 10 a\u00f1os junto a la tumba de su amo"}]},{"@type":"WebSite","@id":"https:\/\/www.eldiariodetucuman.com\/web\/#website","url":"https:\/\/www.eldiariodetucuman.com\/web\/","name":"El Diario de Tucuman","description":"Diario Tucuman - Informaci\u00f3n y noticias","publisher":{"@id":"https:\/\/www.eldiariodetucuman.com\/web\/#organization"},"potentialAction":[{"@type":"SearchAction","target":{"@type":"EntryPoint","urlTemplate":"https:\/\/www.eldiariodetucuman.com\/web\/?s={search_term_string}"},"query-input":{"@type":"PropertyValueSpecification","valueRequired":true,"valueName":"search_term_string"}}],"inLanguage":"es"},{"@type":"Organization","@id":"https:\/\/www.eldiariodetucuman.com\/web\/#organization","name":"El Diario de Tucuman","url":"https:\/\/www.eldiariodetucuman.com\/web\/","logo":{"@type":"ImageObject","inLanguage":"es","@id":"https:\/\/www.eldiariodetucuman.com\/web\/#\/schema\/logo\/image\/","url":"http:\/\/www.eldiariodetucuman.com\/web\/wp-content\/uploads\/2017\/12\/el-diario-de-tucuman.jpg","contentUrl":"http:\/\/www.eldiariodetucuman.com\/web\/wp-content\/uploads\/2017\/12\/el-diario-de-tucuman.jpg","width":272,"height":92,"caption":"El Diario de Tucuman"},"image":{"@id":"https:\/\/www.eldiariodetucuman.com\/web\/#\/schema\/logo\/image\/"}},{"@type":"Person","@id":"https:\/\/www.eldiariodetucuman.com\/web\/#\/schema\/person\/9250197d75ab5483412e19678b121caa","name":"admin","image":{"@type":"ImageObject","inLanguage":"es","@id":"https:\/\/secure.gravatar.com\/avatar\/c44d117c2be811212c22cb481f6b8384b6873de103fbc49e7a03cc58d7dea4ac?s=96&d=mm&r=g","url":"https:\/\/secure.gravatar.com\/avatar\/c44d117c2be811212c22cb481f6b8384b6873de103fbc49e7a03cc58d7dea4ac?s=96&d=mm&r=g","contentUrl":"https:\/\/secure.gravatar.com\/avatar\/c44d117c2be811212c22cb481f6b8384b6873de103fbc49e7a03cc58d7dea4ac?s=96&d=mm&r=g","caption":"admin"},"url":"https:\/\/www.eldiariodetucuman.com\/web\/author\/admin\/"}]}},"_links":{"self":[{"href":"https:\/\/www.eldiariodetucuman.com\/web\/wp-json\/wp\/v2\/posts\/5591","targetHints":{"allow":["GET"]}}],"collection":[{"href":"https:\/\/www.eldiariodetucuman.com\/web\/wp-json\/wp\/v2\/posts"}],"about":[{"href":"https:\/\/www.eldiariodetucuman.com\/web\/wp-json\/wp\/v2\/types\/post"}],"author":[{"embeddable":true,"href":"https:\/\/www.eldiariodetucuman.com\/web\/wp-json\/wp\/v2\/users\/1"}],"replies":[{"embeddable":true,"href":"https:\/\/www.eldiariodetucuman.com\/web\/wp-json\/wp\/v2\/comments?post=5591"}],"version-history":[{"count":1,"href":"https:\/\/www.eldiariodetucuman.com\/web\/wp-json\/wp\/v2\/posts\/5591\/revisions"}],"predecessor-version":[{"id":5593,"href":"https:\/\/www.eldiariodetucuman.com\/web\/wp-json\/wp\/v2\/posts\/5591\/revisions\/5593"}],"wp:featuredmedia":[{"embeddable":true,"href":"https:\/\/www.eldiariodetucuman.com\/web\/wp-json\/wp\/v2\/media\/5592"}],"wp:attachment":[{"href":"https:\/\/www.eldiariodetucuman.com\/web\/wp-json\/wp\/v2\/media?parent=5591"}],"wp:term":[{"taxonomy":"category","embeddable":true,"href":"https:\/\/www.eldiariodetucuman.com\/web\/wp-json\/wp\/v2\/categories?post=5591"},{"taxonomy":"post_tag","embeddable":true,"href":"https:\/\/www.eldiariodetucuman.com\/web\/wp-json\/wp\/v2\/tags?post=5591"}],"curies":[{"name":"wp","href":"https:\/\/api.w.org\/{rel}","templated":true}]}}