{"id":5589,"date":"2018-02-20T11:43:46","date_gmt":"2018-02-20T14:43:46","guid":{"rendered":"http:\/\/www.eldiariodetucuman.com\/web\/buscan-facilitar-el-intercambio-comercial-a-traves-del-puerto-de-jebel-ali\/"},"modified":"2018-02-20T11:43:46","modified_gmt":"2018-02-20T14:43:46","slug":"buscan-facilitar-el-intercambio-comercial-a-traves-del-puerto-de-jebel-ali","status":"publish","type":"post","link":"https:\/\/www.eldiariodetucuman.com\/web\/buscan-facilitar-el-intercambio-comercial-a-traves-del-puerto-de-jebel-ali\/","title":{"rendered":"Buscan facilitar el intercambio comercial a trav\u00e9s del puerto de Jebel Ali"},"content":{"rendered":"<div>\n<div readability=\"58\">\n<p>En el marco de la misi\u00f3n comercial a los Emiratos \u00c1rabes que organiz\u00f3 el Consejo Federal de Inversiones (CFI), el gobernador, <strong>Juan Manzur<\/strong>, visit\u00f3 este lunes el puerto de Jebel Ali, ubicado a 35 kiml\u00f3metros al suroeste de la ciudad de Dubai.<\/p>\n<p><a href=\"http:\/\/comunicaciontucuman.gob.ar\/wp-content\/uploads\/2018\/02\/mision-dubai3.jpg\"><img loading=\"lazy\" decoding=\"async\" class=\"size-medium wp-image-154344 alignleft\" src=\"http:\/\/comunicaciontucuman.gob.ar\/wp-content\/uploads\/2018\/02\/mision-dubai3-300x166.jpg\" alt=\"mision-dubai3\" width=\"300\" height=\"166\"><\/a><\/p>\n<p>\u00a0<\/p>\n<p>El Primer Mandatario fue recibido por el\u00a0<strong>Sult\u00e1n Ahmed Bin Sulayem<\/strong>, chairman de DP World, y <strong>Essa Al Ghurair<\/strong>, presidente del grupo Al Ghurair y miembro de la C\u00e1mara de Comercio e Industria de Dubai. Tambi\u00e9n estuvieron presentes el Embajador Argentino en Emiratos, <strong>Fernando de Martini<\/strong>; el secretario general del CFI, <strong>Juan Jose Ci\u00e1cera<\/strong>; miembros del gabinete del Gobierno de Tucum\u00e1n que acompa\u00f1an al Gobernador y el ministro de Agricultura de C\u00f3rdoba, <strong>Sergio Busso<\/strong>.<\/p>\n<p>El puerto de Dubai es el principal nudo log\u00edstico para una regi\u00f3n de mas de 2.000 millones de habitantes, distribuidos en pa\u00edses como India, Pakist\u00e1n, Sri Lanka, Ir\u00e1n, Afganist\u00e1n y toda la costa oriental de \u00c1frica.<\/p>\n<\/div>\n<\/div>\n","protected":false},"excerpt":{"rendered":"<p>En el marco de la misi\u00f3n comercial a los Emiratos \u00c1rabes que organiz\u00f3 el Consejo Federal de Inversiones (CFI), el gobernador, Juan Manzur, visit\u00f3 este lunes el puerto de Jebel Ali, ubicado a 35 kiml\u00f3metros al suroeste de la ciudad de Dubai. \u00a0 El Primer Mandatario fue recibido por el\u00a0Sult\u00e1n Ahmed Bin Sulayem, chairman de [&hellip;]<\/p>\n","protected":false},"author":1,"featured_media":5590,"comment_status":"open","ping_status":"closed","sticky":false,"template":"","format":"standard","meta":{"footnotes":""},"categories":[3],"tags":[],"class_list":{"0":"post-5589","1":"post","2":"type-post","3":"status-publish","4":"format-standard","5":"has-post-thumbnail","7":"category-politica"},"yoast_head":"<!-- This site is optimized with the Yoast SEO plugin v27.5 - https:\/\/yoast.com\/product\/yoast-seo-wordpress\/ -->\n<title>Buscan facilitar el intercambio comercial a trav\u00e9s del puerto de Jebel Ali - El Diario de Tucuman<\/title>\n<meta name=\"robots\" content=\"index, follow, max-snippet:-1, max-image-preview:large, max-video-preview:-1\" \/>\n<link rel=\"canonical\" href=\"https:\/\/www.eldiariodetucuman.com\/web\/buscan-facilitar-el-intercambio-comercial-a-traves-del-puerto-de-jebel-ali\/\" \/>\n<meta property=\"og:locale\" content=\"es_ES\" \/>\n<meta property=\"og:type\" content=\"article\" \/>\n<meta property=\"og:title\" content=\"Buscan facilitar el intercambio comercial a trav\u00e9s del puerto de Jebel Ali - El Diario de Tucuman\" \/>\n<meta property=\"og:description\" content=\"En el marco de la misi\u00f3n comercial a los Emiratos \u00c1rabes que organiz\u00f3 el Consejo Federal de Inversiones (CFI), el gobernador, Juan Manzur, visit\u00f3 este lunes el puerto de Jebel Ali, ubicado a 35 kiml\u00f3metros al suroeste de la ciudad de Dubai. \u00a0 El Primer Mandatario fue recibido por el\u00a0Sult\u00e1n Ahmed Bin Sulayem, chairman de [&hellip;]\" \/>\n<meta property=\"og:url\" content=\"https:\/\/www.eldiariodetucuman.com\/web\/buscan-facilitar-el-intercambio-comercial-a-traves-del-puerto-de-jebel-ali\/\" \/>\n<meta property=\"og:site_name\" content=\"El Diario de Tucuman\" \/>\n<meta property=\"article:published_time\" content=\"2018-02-20T14:43:46+00:00\" \/>\n<meta property=\"og:image\" content=\"https:\/\/www.eldiariodetucuman.com\/web\/wp-content\/uploads\/2018\/02\/9d7595a4658f50deda1b8f8347bf138e.jpeg\" \/>\n\t<meta property=\"og:image:width\" content=\"750\" \/>\n\t<meta property=\"og:image:height\" content=\"416\" \/>\n\t<meta property=\"og:image:type\" content=\"image\/jpeg\" \/>\n<meta name=\"author\" content=\"admin\" \/>\n<meta name=\"twitter:card\" content=\"summary_large_image\" \/>\n<meta name=\"twitter:label1\" content=\"Escrito por\" \/>\n\t<meta name=\"twitter:data1\" content=\"admin\" \/>\n\t<meta name=\"twitter:label2\" content=\"Tiempo de lectura\" \/>\n\t<meta name=\"twitter:data2\" content=\"1 minuto\" \/>\n<script type=\"application\/ld+json\" class=\"yoast-schema-graph\">{\"@context\":\"https:\\\/\\\/schema.org\",\"@graph\":[{\"@type\":\"Article\",\"@id\":\"https:\\\/\\\/www.eldiariodetucuman.com\\\/web\\\/buscan-facilitar-el-intercambio-comercial-a-traves-del-puerto-de-jebel-ali\\\/#article\",\"isPartOf\":{\"@id\":\"https:\\\/\\\/www.eldiariodetucuman.com\\\/web\\\/buscan-facilitar-el-intercambio-comercial-a-traves-del-puerto-de-jebel-ali\\\/\"},\"author\":{\"name\":\"admin\",\"@id\":\"https:\\\/\\\/www.eldiariodetucuman.com\\\/web\\\/#\\\/schema\\\/person\\\/9250197d75ab5483412e19678b121caa\"},\"headline\":\"Buscan facilitar el intercambio comercial a trav\u00e9s del puerto de Jebel Ali\",\"datePublished\":\"2018-02-20T14:43:46+00:00\",\"mainEntityOfPage\":{\"@id\":\"https:\\\/\\\/www.eldiariodetucuman.com\\\/web\\\/buscan-facilitar-el-intercambio-comercial-a-traves-del-puerto-de-jebel-ali\\\/\"},\"wordCount\":178,\"commentCount\":0,\"publisher\":{\"@id\":\"https:\\\/\\\/www.eldiariodetucuman.com\\\/web\\\/#organization\"},\"image\":{\"@id\":\"https:\\\/\\\/www.eldiariodetucuman.com\\\/web\\\/buscan-facilitar-el-intercambio-comercial-a-traves-del-puerto-de-jebel-ali\\\/#primaryimage\"},\"thumbnailUrl\":\"https:\\\/\\\/www.eldiariodetucuman.com\\\/web\\\/wp-content\\\/uploads\\\/2018\\\/02\\\/9d7595a4658f50deda1b8f8347bf138e.jpeg\",\"articleSection\":[\"Politica\"],\"inLanguage\":\"es\",\"potentialAction\":[{\"@type\":\"CommentAction\",\"name\":\"Comment\",\"target\":[\"https:\\\/\\\/www.eldiariodetucuman.com\\\/web\\\/buscan-facilitar-el-intercambio-comercial-a-traves-del-puerto-de-jebel-ali\\\/#respond\"]}]},{\"@type\":\"WebPage\",\"@id\":\"https:\\\/\\\/www.eldiariodetucuman.com\\\/web\\\/buscan-facilitar-el-intercambio-comercial-a-traves-del-puerto-de-jebel-ali\\\/\",\"url\":\"https:\\\/\\\/www.eldiariodetucuman.com\\\/web\\\/buscan-facilitar-el-intercambio-comercial-a-traves-del-puerto-de-jebel-ali\\\/\",\"name\":\"Buscan facilitar el intercambio comercial a trav\u00e9s del puerto de Jebel Ali - El Diario de Tucuman\",\"isPartOf\":{\"@id\":\"https:\\\/\\\/www.eldiariodetucuman.com\\\/web\\\/#website\"},\"primaryImageOfPage\":{\"@id\":\"https:\\\/\\\/www.eldiariodetucuman.com\\\/web\\\/buscan-facilitar-el-intercambio-comercial-a-traves-del-puerto-de-jebel-ali\\\/#primaryimage\"},\"image\":{\"@id\":\"https:\\\/\\\/www.eldiariodetucuman.com\\\/web\\\/buscan-facilitar-el-intercambio-comercial-a-traves-del-puerto-de-jebel-ali\\\/#primaryimage\"},\"thumbnailUrl\":\"https:\\\/\\\/www.eldiariodetucuman.com\\\/web\\\/wp-content\\\/uploads\\\/2018\\\/02\\\/9d7595a4658f50deda1b8f8347bf138e.jpeg\",\"datePublished\":\"2018-02-20T14:43:46+00:00\",\"breadcrumb\":{\"@id\":\"https:\\\/\\\/www.eldiariodetucuman.com\\\/web\\\/buscan-facilitar-el-intercambio-comercial-a-traves-del-puerto-de-jebel-ali\\\/#breadcrumb\"},\"inLanguage\":\"es\",\"potentialAction\":[{\"@type\":\"ReadAction\",\"target\":[\"https:\\\/\\\/www.eldiariodetucuman.com\\\/web\\\/buscan-facilitar-el-intercambio-comercial-a-traves-del-puerto-de-jebel-ali\\\/\"]}]},{\"@type\":\"ImageObject\",\"inLanguage\":\"es\",\"@id\":\"https:\\\/\\\/www.eldiariodetucuman.com\\\/web\\\/buscan-facilitar-el-intercambio-comercial-a-traves-del-puerto-de-jebel-ali\\\/#primaryimage\",\"url\":\"https:\\\/\\\/www.eldiariodetucuman.com\\\/web\\\/wp-content\\\/uploads\\\/2018\\\/02\\\/9d7595a4658f50deda1b8f8347bf138e.jpeg\",\"contentUrl\":\"https:\\\/\\\/www.eldiariodetucuman.com\\\/web\\\/wp-content\\\/uploads\\\/2018\\\/02\\\/9d7595a4658f50deda1b8f8347bf138e.jpeg\",\"width\":750,\"height\":416},{\"@type\":\"BreadcrumbList\",\"@id\":\"https:\\\/\\\/www.eldiariodetucuman.com\\\/web\\\/buscan-facilitar-el-intercambio-comercial-a-traves-del-puerto-de-jebel-ali\\\/#breadcrumb\",\"itemListElement\":[{\"@type\":\"ListItem\",\"position\":1,\"name\":\"Portada\",\"item\":\"https:\\\/\\\/www.eldiariodetucuman.com\\\/web\\\/\"},{\"@type\":\"ListItem\",\"position\":2,\"name\":\"Buscan facilitar el intercambio comercial a trav\u00e9s del puerto de Jebel Ali\"}]},{\"@type\":\"WebSite\",\"@id\":\"https:\\\/\\\/www.eldiariodetucuman.com\\\/web\\\/#website\",\"url\":\"https:\\\/\\\/www.eldiariodetucuman.com\\\/web\\\/\",\"name\":\"El Diario de Tucuman\",\"description\":\"Diario Tucuman - Informaci\u00f3n y noticias\",\"publisher\":{\"@id\":\"https:\\\/\\\/www.eldiariodetucuman.com\\\/web\\\/#organization\"},\"potentialAction\":[{\"@type\":\"SearchAction\",\"target\":{\"@type\":\"EntryPoint\",\"urlTemplate\":\"https:\\\/\\\/www.eldiariodetucuman.com\\\/web\\\/?s={search_term_string}\"},\"query-input\":{\"@type\":\"PropertyValueSpecification\",\"valueRequired\":true,\"valueName\":\"search_term_string\"}}],\"inLanguage\":\"es\"},{\"@type\":\"Organization\",\"@id\":\"https:\\\/\\\/www.eldiariodetucuman.com\\\/web\\\/#organization\",\"name\":\"El Diario de Tucuman\",\"url\":\"https:\\\/\\\/www.eldiariodetucuman.com\\\/web\\\/\",\"logo\":{\"@type\":\"ImageObject\",\"inLanguage\":\"es\",\"@id\":\"https:\\\/\\\/www.eldiariodetucuman.com\\\/web\\\/#\\\/schema\\\/logo\\\/image\\\/\",\"url\":\"http:\\\/\\\/www.eldiariodetucuman.com\\\/web\\\/wp-content\\\/uploads\\\/2017\\\/12\\\/el-diario-de-tucuman.jpg\",\"contentUrl\":\"http:\\\/\\\/www.eldiariodetucuman.com\\\/web\\\/wp-content\\\/uploads\\\/2017\\\/12\\\/el-diario-de-tucuman.jpg\",\"width\":272,\"height\":92,\"caption\":\"El Diario de Tucuman\"},\"image\":{\"@id\":\"https:\\\/\\\/www.eldiariodetucuman.com\\\/web\\\/#\\\/schema\\\/logo\\\/image\\\/\"}},{\"@type\":\"Person\",\"@id\":\"https:\\\/\\\/www.eldiariodetucuman.com\\\/web\\\/#\\\/schema\\\/person\\\/9250197d75ab5483412e19678b121caa\",\"name\":\"admin\",\"image\":{\"@type\":\"ImageObject\",\"inLanguage\":\"es\",\"@id\":\"https:\\\/\\\/secure.gravatar.com\\\/avatar\\\/c44d117c2be811212c22cb481f6b8384b6873de103fbc49e7a03cc58d7dea4ac?s=96&d=mm&r=g\",\"url\":\"https:\\\/\\\/secure.gravatar.com\\\/avatar\\\/c44d117c2be811212c22cb481f6b8384b6873de103fbc49e7a03cc58d7dea4ac?s=96&d=mm&r=g\",\"contentUrl\":\"https:\\\/\\\/secure.gravatar.com\\\/avatar\\\/c44d117c2be811212c22cb481f6b8384b6873de103fbc49e7a03cc58d7dea4ac?s=96&d=mm&r=g\",\"caption\":\"admin\"},\"url\":\"https:\\\/\\\/www.eldiariodetucuman.com\\\/web\\\/author\\\/admin\\\/\"}]}<\/script>\n<!-- \/ Yoast SEO plugin. -->","yoast_head_json":{"title":"Buscan facilitar el intercambio comercial a trav\u00e9s del puerto de Jebel Ali - El Diario de Tucuman","robots":{"index":"index","follow":"follow","max-snippet":"max-snippet:-1","max-image-preview":"max-image-preview:large","max-video-preview":"max-video-preview:-1"},"canonical":"https:\/\/www.eldiariodetucuman.com\/web\/buscan-facilitar-el-intercambio-comercial-a-traves-del-puerto-de-jebel-ali\/","og_locale":"es_ES","og_type":"article","og_title":"Buscan facilitar el intercambio comercial a trav\u00e9s del puerto de Jebel Ali - El Diario de Tucuman","og_description":"En el marco de la misi\u00f3n comercial a los Emiratos \u00c1rabes que organiz\u00f3 el Consejo Federal de Inversiones (CFI), el gobernador, Juan Manzur, visit\u00f3 este lunes el puerto de Jebel Ali, ubicado a 35 kiml\u00f3metros al suroeste de la ciudad de Dubai. \u00a0 El Primer Mandatario fue recibido por el\u00a0Sult\u00e1n Ahmed Bin Sulayem, chairman de [&hellip;]","og_url":"https:\/\/www.eldiariodetucuman.com\/web\/buscan-facilitar-el-intercambio-comercial-a-traves-del-puerto-de-jebel-ali\/","og_site_name":"El Diario de Tucuman","article_published_time":"2018-02-20T14:43:46+00:00","og_image":[{"width":750,"height":416,"url":"https:\/\/www.eldiariodetucuman.com\/web\/wp-content\/uploads\/2018\/02\/9d7595a4658f50deda1b8f8347bf138e.jpeg","type":"image\/jpeg"}],"author":"admin","twitter_card":"summary_large_image","twitter_misc":{"Escrito por":"admin","Tiempo de lectura":"1 minuto"},"schema":{"@context":"https:\/\/schema.org","@graph":[{"@type":"Article","@id":"https:\/\/www.eldiariodetucuman.com\/web\/buscan-facilitar-el-intercambio-comercial-a-traves-del-puerto-de-jebel-ali\/#article","isPartOf":{"@id":"https:\/\/www.eldiariodetucuman.com\/web\/buscan-facilitar-el-intercambio-comercial-a-traves-del-puerto-de-jebel-ali\/"},"author":{"name":"admin","@id":"https:\/\/www.eldiariodetucuman.com\/web\/#\/schema\/person\/9250197d75ab5483412e19678b121caa"},"headline":"Buscan facilitar el intercambio comercial a trav\u00e9s del puerto de Jebel Ali","datePublished":"2018-02-20T14:43:46+00:00","mainEntityOfPage":{"@id":"https:\/\/www.eldiariodetucuman.com\/web\/buscan-facilitar-el-intercambio-comercial-a-traves-del-puerto-de-jebel-ali\/"},"wordCount":178,"commentCount":0,"publisher":{"@id":"https:\/\/www.eldiariodetucuman.com\/web\/#organization"},"image":{"@id":"https:\/\/www.eldiariodetucuman.com\/web\/buscan-facilitar-el-intercambio-comercial-a-traves-del-puerto-de-jebel-ali\/#primaryimage"},"thumbnailUrl":"https:\/\/www.eldiariodetucuman.com\/web\/wp-content\/uploads\/2018\/02\/9d7595a4658f50deda1b8f8347bf138e.jpeg","articleSection":["Politica"],"inLanguage":"es","potentialAction":[{"@type":"CommentAction","name":"Comment","target":["https:\/\/www.eldiariodetucuman.com\/web\/buscan-facilitar-el-intercambio-comercial-a-traves-del-puerto-de-jebel-ali\/#respond"]}]},{"@type":"WebPage","@id":"https:\/\/www.eldiariodetucuman.com\/web\/buscan-facilitar-el-intercambio-comercial-a-traves-del-puerto-de-jebel-ali\/","url":"https:\/\/www.eldiariodetucuman.com\/web\/buscan-facilitar-el-intercambio-comercial-a-traves-del-puerto-de-jebel-ali\/","name":"Buscan facilitar el intercambio comercial a trav\u00e9s del puerto de Jebel Ali - El Diario de Tucuman","isPartOf":{"@id":"https:\/\/www.eldiariodetucuman.com\/web\/#website"},"primaryImageOfPage":{"@id":"https:\/\/www.eldiariodetucuman.com\/web\/buscan-facilitar-el-intercambio-comercial-a-traves-del-puerto-de-jebel-ali\/#primaryimage"},"image":{"@id":"https:\/\/www.eldiariodetucuman.com\/web\/buscan-facilitar-el-intercambio-comercial-a-traves-del-puerto-de-jebel-ali\/#primaryimage"},"thumbnailUrl":"https:\/\/www.eldiariodetucuman.com\/web\/wp-content\/uploads\/2018\/02\/9d7595a4658f50deda1b8f8347bf138e.jpeg","datePublished":"2018-02-20T14:43:46+00:00","breadcrumb":{"@id":"https:\/\/www.eldiariodetucuman.com\/web\/buscan-facilitar-el-intercambio-comercial-a-traves-del-puerto-de-jebel-ali\/#breadcrumb"},"inLanguage":"es","potentialAction":[{"@type":"ReadAction","target":["https:\/\/www.eldiariodetucuman.com\/web\/buscan-facilitar-el-intercambio-comercial-a-traves-del-puerto-de-jebel-ali\/"]}]},{"@type":"ImageObject","inLanguage":"es","@id":"https:\/\/www.eldiariodetucuman.com\/web\/buscan-facilitar-el-intercambio-comercial-a-traves-del-puerto-de-jebel-ali\/#primaryimage","url":"https:\/\/www.eldiariodetucuman.com\/web\/wp-content\/uploads\/2018\/02\/9d7595a4658f50deda1b8f8347bf138e.jpeg","contentUrl":"https:\/\/www.eldiariodetucuman.com\/web\/wp-content\/uploads\/2018\/02\/9d7595a4658f50deda1b8f8347bf138e.jpeg","width":750,"height":416},{"@type":"BreadcrumbList","@id":"https:\/\/www.eldiariodetucuman.com\/web\/buscan-facilitar-el-intercambio-comercial-a-traves-del-puerto-de-jebel-ali\/#breadcrumb","itemListElement":[{"@type":"ListItem","position":1,"name":"Portada","item":"https:\/\/www.eldiariodetucuman.com\/web\/"},{"@type":"ListItem","position":2,"name":"Buscan facilitar el intercambio comercial a trav\u00e9s del puerto de Jebel Ali"}]},{"@type":"WebSite","@id":"https:\/\/www.eldiariodetucuman.com\/web\/#website","url":"https:\/\/www.eldiariodetucuman.com\/web\/","name":"El Diario de Tucuman","description":"Diario Tucuman - Informaci\u00f3n y noticias","publisher":{"@id":"https:\/\/www.eldiariodetucuman.com\/web\/#organization"},"potentialAction":[{"@type":"SearchAction","target":{"@type":"EntryPoint","urlTemplate":"https:\/\/www.eldiariodetucuman.com\/web\/?s={search_term_string}"},"query-input":{"@type":"PropertyValueSpecification","valueRequired":true,"valueName":"search_term_string"}}],"inLanguage":"es"},{"@type":"Organization","@id":"https:\/\/www.eldiariodetucuman.com\/web\/#organization","name":"El Diario de Tucuman","url":"https:\/\/www.eldiariodetucuman.com\/web\/","logo":{"@type":"ImageObject","inLanguage":"es","@id":"https:\/\/www.eldiariodetucuman.com\/web\/#\/schema\/logo\/image\/","url":"http:\/\/www.eldiariodetucuman.com\/web\/wp-content\/uploads\/2017\/12\/el-diario-de-tucuman.jpg","contentUrl":"http:\/\/www.eldiariodetucuman.com\/web\/wp-content\/uploads\/2017\/12\/el-diario-de-tucuman.jpg","width":272,"height":92,"caption":"El Diario de Tucuman"},"image":{"@id":"https:\/\/www.eldiariodetucuman.com\/web\/#\/schema\/logo\/image\/"}},{"@type":"Person","@id":"https:\/\/www.eldiariodetucuman.com\/web\/#\/schema\/person\/9250197d75ab5483412e19678b121caa","name":"admin","image":{"@type":"ImageObject","inLanguage":"es","@id":"https:\/\/secure.gravatar.com\/avatar\/c44d117c2be811212c22cb481f6b8384b6873de103fbc49e7a03cc58d7dea4ac?s=96&d=mm&r=g","url":"https:\/\/secure.gravatar.com\/avatar\/c44d117c2be811212c22cb481f6b8384b6873de103fbc49e7a03cc58d7dea4ac?s=96&d=mm&r=g","contentUrl":"https:\/\/secure.gravatar.com\/avatar\/c44d117c2be811212c22cb481f6b8384b6873de103fbc49e7a03cc58d7dea4ac?s=96&d=mm&r=g","caption":"admin"},"url":"https:\/\/www.eldiariodetucuman.com\/web\/author\/admin\/"}]}},"_links":{"self":[{"href":"https:\/\/www.eldiariodetucuman.com\/web\/wp-json\/wp\/v2\/posts\/5589","targetHints":{"allow":["GET"]}}],"collection":[{"href":"https:\/\/www.eldiariodetucuman.com\/web\/wp-json\/wp\/v2\/posts"}],"about":[{"href":"https:\/\/www.eldiariodetucuman.com\/web\/wp-json\/wp\/v2\/types\/post"}],"author":[{"embeddable":true,"href":"https:\/\/www.eldiariodetucuman.com\/web\/wp-json\/wp\/v2\/users\/1"}],"replies":[{"embeddable":true,"href":"https:\/\/www.eldiariodetucuman.com\/web\/wp-json\/wp\/v2\/comments?post=5589"}],"version-history":[{"count":0,"href":"https:\/\/www.eldiariodetucuman.com\/web\/wp-json\/wp\/v2\/posts\/5589\/revisions"}],"wp:featuredmedia":[{"embeddable":true,"href":"https:\/\/www.eldiariodetucuman.com\/web\/wp-json\/wp\/v2\/media\/5590"}],"wp:attachment":[{"href":"https:\/\/www.eldiariodetucuman.com\/web\/wp-json\/wp\/v2\/media?parent=5589"}],"wp:term":[{"taxonomy":"category","embeddable":true,"href":"https:\/\/www.eldiariodetucuman.com\/web\/wp-json\/wp\/v2\/categories?post=5589"},{"taxonomy":"post_tag","embeddable":true,"href":"https:\/\/www.eldiariodetucuman.com\/web\/wp-json\/wp\/v2\/tags?post=5589"}],"curies":[{"name":"wp","href":"https:\/\/api.w.org\/{rel}","templated":true}]}}