{"id":5585,"date":"2018-02-20T11:43:26","date_gmt":"2018-02-20T14:43:26","guid":{"rendered":"http:\/\/www.eldiariodetucuman.com\/web\/la-provincia-asistira-a-las-familias-de-los-policias-asesinados\/"},"modified":"2018-02-20T11:43:26","modified_gmt":"2018-02-20T14:43:26","slug":"la-provincia-asistira-a-las-familias-de-los-policias-asesinados","status":"publish","type":"post","link":"https:\/\/www.eldiariodetucuman.com\/web\/la-provincia-asistira-a-las-familias-de-los-policias-asesinados\/","title":{"rendered":"La Provincia asistir\u00e1 a las familias de los polic\u00edas asesinados"},"content":{"rendered":"<div>\n<div readability=\"54\">\n<p>El vicegobernador a cargo del Poder Ejecutivo, <strong>Osvaldo Jaldo<\/strong>, recibi\u00f3 esta ma\u00f1ana en Casa de Gobierno a familiares de <strong>Cristian Peralta<\/strong> y <strong>Sergio P\u00e1ez Gonz\u00e1lez<\/strong>, los polic\u00edas asesinados hace una semana en el parque 9 de Julio. Particip\u00f3 de la reuni\u00f3n el ministro de Seguridad, <strong>Claudio Maley<\/strong>.<\/p>\n<blockquote class=\"mom_quote \"><p>Jaldo expres\u00f3 que el Estado asistir\u00e1 a las viudas de los efectivos \u201cque han fallecido en el cumplimiento del deber\u201d. \u00a0Y dijo: \u201cSomos conscientes que hagamos lo que hagamos nunca le vamos a devolver sus esposos a esas se\u00f1oras, ni mucho menos los pap\u00e1s a esas criaturas. Pero si es responsabilidad del Gobierno, informarle a los familiares el avance de la causa y la decisi\u00f3n institucional de llegar a las ultimas consecuencias, hasta que el asesino est\u00e9 preso de por vida\u201d.<\/p><\/blockquote>\n<p><iframe loading=\"lazy\" width=\"650\" height=\"315\" src=\"http:\/\/www.youtube.com\/embed\/hjohRkCLWzg\"><\/iframe><\/p>\n<p>\u00a0<\/p>\n<p>\u00a0<\/p>\n<p>El ministro de Seguridad, Claudio Maley, expres\u00f3 que se trabaja con la asistencia de otros organismos para mejorar las im\u00e1genes del veh\u00edculo que conduc\u00eda el sospechoso que fue captado por c\u00e1maras de seguridad. Declar\u00f3 que la Polic\u00eda est\u00e1 trabajando con los lineamientos establecidos por el Poder Judicial y del Ministerio de Seguridad. Cont\u00f3 que se realizan peritajes en el veh\u00edculo secuestrado bajo la supervisi\u00f3n de la Fiscal\u00eda interviniente.<\/p>\n<p>\u00a0<\/p>\n<blockquote class=\"mom_quote \" readability=\"21\">\n<p><strong>Guardias urbanas<\/strong><\/p>\n<p>En cuanto al uso de armamento de la Guardia Urbana de Yerba Buena, Maley expres\u00f3 que mantuvo una reuni\u00f3n con el intendente, Mariano Campero, en la que se habl\u00f3 de la importancia de que los agentes municipales trabajen en la asistencia a la comunidad: \u201ces cierto que corren en desventaja, pero la Polic\u00eda de la Provincia es \u00fanica y tiene el ejercicio del poder de polic\u00eda para el uso de armamento con el fin de neutralizar a quienes infringen la ley\u201d.<\/p>\n<p>En cuanto al armamento que emplea balas de goma y gas carb\u00f3nico con el que fue dotado la Guardia Urbana de Yerba Buena, expres\u00f3 que si bien son armas no letales, no dejan de ser agresivas. \u201cEs una potestad que tiene el municipio debido a su autonom\u00eda. Si no coincidimos con algunas cuestiones, pediremos la intervenci\u00f3n de la Comisi\u00f3n de Seguridad de la Legislatura y de la Corte Suprema de Justicia para el beneficio de la comunidad\u201d, finaliz\u00f3.<\/p>\n<\/blockquote>\n<p>\u00a0<\/p>\n<\/div>\n<\/div>\n","protected":false},"excerpt":{"rendered":"<p>El vicegobernador a cargo del Poder Ejecutivo, Osvaldo Jaldo, recibi\u00f3 esta ma\u00f1ana en Casa de Gobierno a familiares de Cristian Peralta y Sergio P\u00e1ez Gonz\u00e1lez, los polic\u00edas asesinados hace una semana en el parque 9 de Julio. Particip\u00f3 de la reuni\u00f3n el ministro de Seguridad, Claudio Maley. Jaldo expres\u00f3 que el Estado asistir\u00e1 a las [&hellip;]<\/p>\n","protected":false},"author":1,"featured_media":5586,"comment_status":"open","ping_status":"closed","sticky":false,"template":"","format":"standard","meta":{"footnotes":""},"categories":[3],"tags":[],"class_list":{"0":"post-5585","1":"post","2":"type-post","3":"status-publish","4":"format-standard","5":"has-post-thumbnail","7":"category-politica"},"yoast_head":"<!-- This site is optimized with the Yoast SEO plugin v27.5 - https:\/\/yoast.com\/product\/yoast-seo-wordpress\/ -->\n<title>La Provincia asistir\u00e1 a las familias de los polic\u00edas asesinados - El Diario de Tucuman<\/title>\n<meta name=\"robots\" content=\"index, follow, max-snippet:-1, max-image-preview:large, max-video-preview:-1\" \/>\n<link rel=\"canonical\" href=\"https:\/\/www.eldiariodetucuman.com\/web\/la-provincia-asistira-a-las-familias-de-los-policias-asesinados\/\" \/>\n<meta property=\"og:locale\" content=\"es_ES\" \/>\n<meta property=\"og:type\" content=\"article\" \/>\n<meta property=\"og:title\" content=\"La Provincia asistir\u00e1 a las familias de los polic\u00edas asesinados - El Diario de Tucuman\" \/>\n<meta property=\"og:description\" content=\"El vicegobernador a cargo del Poder Ejecutivo, Osvaldo Jaldo, recibi\u00f3 esta ma\u00f1ana en Casa de Gobierno a familiares de Cristian Peralta y Sergio P\u00e1ez Gonz\u00e1lez, los polic\u00edas asesinados hace una semana en el parque 9 de Julio. Particip\u00f3 de la reuni\u00f3n el ministro de Seguridad, Claudio Maley. Jaldo expres\u00f3 que el Estado asistir\u00e1 a las [&hellip;]\" \/>\n<meta property=\"og:url\" content=\"https:\/\/www.eldiariodetucuman.com\/web\/la-provincia-asistira-a-las-familias-de-los-policias-asesinados\/\" \/>\n<meta property=\"og:site_name\" content=\"El Diario de Tucuman\" \/>\n<meta property=\"article:published_time\" content=\"2018-02-20T14:43:26+00:00\" \/>\n<meta property=\"og:image\" content=\"https:\/\/www.eldiariodetucuman.com\/web\/wp-content\/uploads\/2018\/02\/3a5ac0a7c35f9a740ef1dd90361bf9b2.jpeg\" \/>\n\t<meta property=\"og:image:width\" content=\"750\" \/>\n\t<meta property=\"og:image:height\" content=\"416\" \/>\n\t<meta property=\"og:image:type\" content=\"image\/jpeg\" \/>\n<meta name=\"author\" content=\"admin\" \/>\n<meta name=\"twitter:card\" content=\"summary_large_image\" \/>\n<meta name=\"twitter:label1\" content=\"Escrito por\" \/>\n\t<meta name=\"twitter:data1\" content=\"admin\" \/>\n\t<meta name=\"twitter:label2\" content=\"Tiempo de lectura\" \/>\n\t<meta name=\"twitter:data2\" content=\"2 minutos\" \/>\n<script type=\"application\/ld+json\" class=\"yoast-schema-graph\">{\"@context\":\"https:\\\/\\\/schema.org\",\"@graph\":[{\"@type\":\"Article\",\"@id\":\"https:\\\/\\\/www.eldiariodetucuman.com\\\/web\\\/la-provincia-asistira-a-las-familias-de-los-policias-asesinados\\\/#article\",\"isPartOf\":{\"@id\":\"https:\\\/\\\/www.eldiariodetucuman.com\\\/web\\\/la-provincia-asistira-a-las-familias-de-los-policias-asesinados\\\/\"},\"author\":{\"name\":\"admin\",\"@id\":\"https:\\\/\\\/www.eldiariodetucuman.com\\\/web\\\/#\\\/schema\\\/person\\\/9250197d75ab5483412e19678b121caa\"},\"headline\":\"La Provincia asistir\u00e1 a las familias de los polic\u00edas asesinados\",\"datePublished\":\"2018-02-20T14:43:26+00:00\",\"mainEntityOfPage\":{\"@id\":\"https:\\\/\\\/www.eldiariodetucuman.com\\\/web\\\/la-provincia-asistira-a-las-familias-de-los-policias-asesinados\\\/\"},\"wordCount\":390,\"commentCount\":0,\"publisher\":{\"@id\":\"https:\\\/\\\/www.eldiariodetucuman.com\\\/web\\\/#organization\"},\"image\":{\"@id\":\"https:\\\/\\\/www.eldiariodetucuman.com\\\/web\\\/la-provincia-asistira-a-las-familias-de-los-policias-asesinados\\\/#primaryimage\"},\"thumbnailUrl\":\"https:\\\/\\\/www.eldiariodetucuman.com\\\/web\\\/wp-content\\\/uploads\\\/2018\\\/02\\\/3a5ac0a7c35f9a740ef1dd90361bf9b2.jpeg\",\"articleSection\":[\"Politica\"],\"inLanguage\":\"es\",\"potentialAction\":[{\"@type\":\"CommentAction\",\"name\":\"Comment\",\"target\":[\"https:\\\/\\\/www.eldiariodetucuman.com\\\/web\\\/la-provincia-asistira-a-las-familias-de-los-policias-asesinados\\\/#respond\"]}]},{\"@type\":\"WebPage\",\"@id\":\"https:\\\/\\\/www.eldiariodetucuman.com\\\/web\\\/la-provincia-asistira-a-las-familias-de-los-policias-asesinados\\\/\",\"url\":\"https:\\\/\\\/www.eldiariodetucuman.com\\\/web\\\/la-provincia-asistira-a-las-familias-de-los-policias-asesinados\\\/\",\"name\":\"La Provincia asistir\u00e1 a las familias de los polic\u00edas asesinados - El Diario de Tucuman\",\"isPartOf\":{\"@id\":\"https:\\\/\\\/www.eldiariodetucuman.com\\\/web\\\/#website\"},\"primaryImageOfPage\":{\"@id\":\"https:\\\/\\\/www.eldiariodetucuman.com\\\/web\\\/la-provincia-asistira-a-las-familias-de-los-policias-asesinados\\\/#primaryimage\"},\"image\":{\"@id\":\"https:\\\/\\\/www.eldiariodetucuman.com\\\/web\\\/la-provincia-asistira-a-las-familias-de-los-policias-asesinados\\\/#primaryimage\"},\"thumbnailUrl\":\"https:\\\/\\\/www.eldiariodetucuman.com\\\/web\\\/wp-content\\\/uploads\\\/2018\\\/02\\\/3a5ac0a7c35f9a740ef1dd90361bf9b2.jpeg\",\"datePublished\":\"2018-02-20T14:43:26+00:00\",\"breadcrumb\":{\"@id\":\"https:\\\/\\\/www.eldiariodetucuman.com\\\/web\\\/la-provincia-asistira-a-las-familias-de-los-policias-asesinados\\\/#breadcrumb\"},\"inLanguage\":\"es\",\"potentialAction\":[{\"@type\":\"ReadAction\",\"target\":[\"https:\\\/\\\/www.eldiariodetucuman.com\\\/web\\\/la-provincia-asistira-a-las-familias-de-los-policias-asesinados\\\/\"]}]},{\"@type\":\"ImageObject\",\"inLanguage\":\"es\",\"@id\":\"https:\\\/\\\/www.eldiariodetucuman.com\\\/web\\\/la-provincia-asistira-a-las-familias-de-los-policias-asesinados\\\/#primaryimage\",\"url\":\"https:\\\/\\\/www.eldiariodetucuman.com\\\/web\\\/wp-content\\\/uploads\\\/2018\\\/02\\\/3a5ac0a7c35f9a740ef1dd90361bf9b2.jpeg\",\"contentUrl\":\"https:\\\/\\\/www.eldiariodetucuman.com\\\/web\\\/wp-content\\\/uploads\\\/2018\\\/02\\\/3a5ac0a7c35f9a740ef1dd90361bf9b2.jpeg\",\"width\":750,\"height\":416},{\"@type\":\"BreadcrumbList\",\"@id\":\"https:\\\/\\\/www.eldiariodetucuman.com\\\/web\\\/la-provincia-asistira-a-las-familias-de-los-policias-asesinados\\\/#breadcrumb\",\"itemListElement\":[{\"@type\":\"ListItem\",\"position\":1,\"name\":\"Portada\",\"item\":\"https:\\\/\\\/www.eldiariodetucuman.com\\\/web\\\/\"},{\"@type\":\"ListItem\",\"position\":2,\"name\":\"La Provincia asistir\u00e1 a las familias de los polic\u00edas asesinados\"}]},{\"@type\":\"WebSite\",\"@id\":\"https:\\\/\\\/www.eldiariodetucuman.com\\\/web\\\/#website\",\"url\":\"https:\\\/\\\/www.eldiariodetucuman.com\\\/web\\\/\",\"name\":\"El Diario de Tucuman\",\"description\":\"Diario Tucuman - Informaci\u00f3n y noticias\",\"publisher\":{\"@id\":\"https:\\\/\\\/www.eldiariodetucuman.com\\\/web\\\/#organization\"},\"potentialAction\":[{\"@type\":\"SearchAction\",\"target\":{\"@type\":\"EntryPoint\",\"urlTemplate\":\"https:\\\/\\\/www.eldiariodetucuman.com\\\/web\\\/?s={search_term_string}\"},\"query-input\":{\"@type\":\"PropertyValueSpecification\",\"valueRequired\":true,\"valueName\":\"search_term_string\"}}],\"inLanguage\":\"es\"},{\"@type\":\"Organization\",\"@id\":\"https:\\\/\\\/www.eldiariodetucuman.com\\\/web\\\/#organization\",\"name\":\"El Diario de Tucuman\",\"url\":\"https:\\\/\\\/www.eldiariodetucuman.com\\\/web\\\/\",\"logo\":{\"@type\":\"ImageObject\",\"inLanguage\":\"es\",\"@id\":\"https:\\\/\\\/www.eldiariodetucuman.com\\\/web\\\/#\\\/schema\\\/logo\\\/image\\\/\",\"url\":\"http:\\\/\\\/www.eldiariodetucuman.com\\\/web\\\/wp-content\\\/uploads\\\/2017\\\/12\\\/el-diario-de-tucuman.jpg\",\"contentUrl\":\"http:\\\/\\\/www.eldiariodetucuman.com\\\/web\\\/wp-content\\\/uploads\\\/2017\\\/12\\\/el-diario-de-tucuman.jpg\",\"width\":272,\"height\":92,\"caption\":\"El Diario de Tucuman\"},\"image\":{\"@id\":\"https:\\\/\\\/www.eldiariodetucuman.com\\\/web\\\/#\\\/schema\\\/logo\\\/image\\\/\"}},{\"@type\":\"Person\",\"@id\":\"https:\\\/\\\/www.eldiariodetucuman.com\\\/web\\\/#\\\/schema\\\/person\\\/9250197d75ab5483412e19678b121caa\",\"name\":\"admin\",\"image\":{\"@type\":\"ImageObject\",\"inLanguage\":\"es\",\"@id\":\"https:\\\/\\\/secure.gravatar.com\\\/avatar\\\/c44d117c2be811212c22cb481f6b8384b6873de103fbc49e7a03cc58d7dea4ac?s=96&d=mm&r=g\",\"url\":\"https:\\\/\\\/secure.gravatar.com\\\/avatar\\\/c44d117c2be811212c22cb481f6b8384b6873de103fbc49e7a03cc58d7dea4ac?s=96&d=mm&r=g\",\"contentUrl\":\"https:\\\/\\\/secure.gravatar.com\\\/avatar\\\/c44d117c2be811212c22cb481f6b8384b6873de103fbc49e7a03cc58d7dea4ac?s=96&d=mm&r=g\",\"caption\":\"admin\"},\"url\":\"https:\\\/\\\/www.eldiariodetucuman.com\\\/web\\\/author\\\/admin\\\/\"}]}<\/script>\n<!-- \/ Yoast SEO plugin. -->","yoast_head_json":{"title":"La Provincia asistir\u00e1 a las familias de los polic\u00edas asesinados - El Diario de Tucuman","robots":{"index":"index","follow":"follow","max-snippet":"max-snippet:-1","max-image-preview":"max-image-preview:large","max-video-preview":"max-video-preview:-1"},"canonical":"https:\/\/www.eldiariodetucuman.com\/web\/la-provincia-asistira-a-las-familias-de-los-policias-asesinados\/","og_locale":"es_ES","og_type":"article","og_title":"La Provincia asistir\u00e1 a las familias de los polic\u00edas asesinados - El Diario de Tucuman","og_description":"El vicegobernador a cargo del Poder Ejecutivo, Osvaldo Jaldo, recibi\u00f3 esta ma\u00f1ana en Casa de Gobierno a familiares de Cristian Peralta y Sergio P\u00e1ez Gonz\u00e1lez, los polic\u00edas asesinados hace una semana en el parque 9 de Julio. Particip\u00f3 de la reuni\u00f3n el ministro de Seguridad, Claudio Maley. Jaldo expres\u00f3 que el Estado asistir\u00e1 a las [&hellip;]","og_url":"https:\/\/www.eldiariodetucuman.com\/web\/la-provincia-asistira-a-las-familias-de-los-policias-asesinados\/","og_site_name":"El Diario de Tucuman","article_published_time":"2018-02-20T14:43:26+00:00","og_image":[{"width":750,"height":416,"url":"https:\/\/www.eldiariodetucuman.com\/web\/wp-content\/uploads\/2018\/02\/3a5ac0a7c35f9a740ef1dd90361bf9b2.jpeg","type":"image\/jpeg"}],"author":"admin","twitter_card":"summary_large_image","twitter_misc":{"Escrito por":"admin","Tiempo de lectura":"2 minutos"},"schema":{"@context":"https:\/\/schema.org","@graph":[{"@type":"Article","@id":"https:\/\/www.eldiariodetucuman.com\/web\/la-provincia-asistira-a-las-familias-de-los-policias-asesinados\/#article","isPartOf":{"@id":"https:\/\/www.eldiariodetucuman.com\/web\/la-provincia-asistira-a-las-familias-de-los-policias-asesinados\/"},"author":{"name":"admin","@id":"https:\/\/www.eldiariodetucuman.com\/web\/#\/schema\/person\/9250197d75ab5483412e19678b121caa"},"headline":"La Provincia asistir\u00e1 a las familias de los polic\u00edas asesinados","datePublished":"2018-02-20T14:43:26+00:00","mainEntityOfPage":{"@id":"https:\/\/www.eldiariodetucuman.com\/web\/la-provincia-asistira-a-las-familias-de-los-policias-asesinados\/"},"wordCount":390,"commentCount":0,"publisher":{"@id":"https:\/\/www.eldiariodetucuman.com\/web\/#organization"},"image":{"@id":"https:\/\/www.eldiariodetucuman.com\/web\/la-provincia-asistira-a-las-familias-de-los-policias-asesinados\/#primaryimage"},"thumbnailUrl":"https:\/\/www.eldiariodetucuman.com\/web\/wp-content\/uploads\/2018\/02\/3a5ac0a7c35f9a740ef1dd90361bf9b2.jpeg","articleSection":["Politica"],"inLanguage":"es","potentialAction":[{"@type":"CommentAction","name":"Comment","target":["https:\/\/www.eldiariodetucuman.com\/web\/la-provincia-asistira-a-las-familias-de-los-policias-asesinados\/#respond"]}]},{"@type":"WebPage","@id":"https:\/\/www.eldiariodetucuman.com\/web\/la-provincia-asistira-a-las-familias-de-los-policias-asesinados\/","url":"https:\/\/www.eldiariodetucuman.com\/web\/la-provincia-asistira-a-las-familias-de-los-policias-asesinados\/","name":"La Provincia asistir\u00e1 a las familias de los polic\u00edas asesinados - El Diario de Tucuman","isPartOf":{"@id":"https:\/\/www.eldiariodetucuman.com\/web\/#website"},"primaryImageOfPage":{"@id":"https:\/\/www.eldiariodetucuman.com\/web\/la-provincia-asistira-a-las-familias-de-los-policias-asesinados\/#primaryimage"},"image":{"@id":"https:\/\/www.eldiariodetucuman.com\/web\/la-provincia-asistira-a-las-familias-de-los-policias-asesinados\/#primaryimage"},"thumbnailUrl":"https:\/\/www.eldiariodetucuman.com\/web\/wp-content\/uploads\/2018\/02\/3a5ac0a7c35f9a740ef1dd90361bf9b2.jpeg","datePublished":"2018-02-20T14:43:26+00:00","breadcrumb":{"@id":"https:\/\/www.eldiariodetucuman.com\/web\/la-provincia-asistira-a-las-familias-de-los-policias-asesinados\/#breadcrumb"},"inLanguage":"es","potentialAction":[{"@type":"ReadAction","target":["https:\/\/www.eldiariodetucuman.com\/web\/la-provincia-asistira-a-las-familias-de-los-policias-asesinados\/"]}]},{"@type":"ImageObject","inLanguage":"es","@id":"https:\/\/www.eldiariodetucuman.com\/web\/la-provincia-asistira-a-las-familias-de-los-policias-asesinados\/#primaryimage","url":"https:\/\/www.eldiariodetucuman.com\/web\/wp-content\/uploads\/2018\/02\/3a5ac0a7c35f9a740ef1dd90361bf9b2.jpeg","contentUrl":"https:\/\/www.eldiariodetucuman.com\/web\/wp-content\/uploads\/2018\/02\/3a5ac0a7c35f9a740ef1dd90361bf9b2.jpeg","width":750,"height":416},{"@type":"BreadcrumbList","@id":"https:\/\/www.eldiariodetucuman.com\/web\/la-provincia-asistira-a-las-familias-de-los-policias-asesinados\/#breadcrumb","itemListElement":[{"@type":"ListItem","position":1,"name":"Portada","item":"https:\/\/www.eldiariodetucuman.com\/web\/"},{"@type":"ListItem","position":2,"name":"La Provincia asistir\u00e1 a las familias de los polic\u00edas asesinados"}]},{"@type":"WebSite","@id":"https:\/\/www.eldiariodetucuman.com\/web\/#website","url":"https:\/\/www.eldiariodetucuman.com\/web\/","name":"El Diario de Tucuman","description":"Diario Tucuman - Informaci\u00f3n y noticias","publisher":{"@id":"https:\/\/www.eldiariodetucuman.com\/web\/#organization"},"potentialAction":[{"@type":"SearchAction","target":{"@type":"EntryPoint","urlTemplate":"https:\/\/www.eldiariodetucuman.com\/web\/?s={search_term_string}"},"query-input":{"@type":"PropertyValueSpecification","valueRequired":true,"valueName":"search_term_string"}}],"inLanguage":"es"},{"@type":"Organization","@id":"https:\/\/www.eldiariodetucuman.com\/web\/#organization","name":"El Diario de Tucuman","url":"https:\/\/www.eldiariodetucuman.com\/web\/","logo":{"@type":"ImageObject","inLanguage":"es","@id":"https:\/\/www.eldiariodetucuman.com\/web\/#\/schema\/logo\/image\/","url":"http:\/\/www.eldiariodetucuman.com\/web\/wp-content\/uploads\/2017\/12\/el-diario-de-tucuman.jpg","contentUrl":"http:\/\/www.eldiariodetucuman.com\/web\/wp-content\/uploads\/2017\/12\/el-diario-de-tucuman.jpg","width":272,"height":92,"caption":"El Diario de Tucuman"},"image":{"@id":"https:\/\/www.eldiariodetucuman.com\/web\/#\/schema\/logo\/image\/"}},{"@type":"Person","@id":"https:\/\/www.eldiariodetucuman.com\/web\/#\/schema\/person\/9250197d75ab5483412e19678b121caa","name":"admin","image":{"@type":"ImageObject","inLanguage":"es","@id":"https:\/\/secure.gravatar.com\/avatar\/c44d117c2be811212c22cb481f6b8384b6873de103fbc49e7a03cc58d7dea4ac?s=96&d=mm&r=g","url":"https:\/\/secure.gravatar.com\/avatar\/c44d117c2be811212c22cb481f6b8384b6873de103fbc49e7a03cc58d7dea4ac?s=96&d=mm&r=g","contentUrl":"https:\/\/secure.gravatar.com\/avatar\/c44d117c2be811212c22cb481f6b8384b6873de103fbc49e7a03cc58d7dea4ac?s=96&d=mm&r=g","caption":"admin"},"url":"https:\/\/www.eldiariodetucuman.com\/web\/author\/admin\/"}]}},"_links":{"self":[{"href":"https:\/\/www.eldiariodetucuman.com\/web\/wp-json\/wp\/v2\/posts\/5585","targetHints":{"allow":["GET"]}}],"collection":[{"href":"https:\/\/www.eldiariodetucuman.com\/web\/wp-json\/wp\/v2\/posts"}],"about":[{"href":"https:\/\/www.eldiariodetucuman.com\/web\/wp-json\/wp\/v2\/types\/post"}],"author":[{"embeddable":true,"href":"https:\/\/www.eldiariodetucuman.com\/web\/wp-json\/wp\/v2\/users\/1"}],"replies":[{"embeddable":true,"href":"https:\/\/www.eldiariodetucuman.com\/web\/wp-json\/wp\/v2\/comments?post=5585"}],"version-history":[{"count":0,"href":"https:\/\/www.eldiariodetucuman.com\/web\/wp-json\/wp\/v2\/posts\/5585\/revisions"}],"wp:featuredmedia":[{"embeddable":true,"href":"https:\/\/www.eldiariodetucuman.com\/web\/wp-json\/wp\/v2\/media\/5586"}],"wp:attachment":[{"href":"https:\/\/www.eldiariodetucuman.com\/web\/wp-json\/wp\/v2\/media?parent=5585"}],"wp:term":[{"taxonomy":"category","embeddable":true,"href":"https:\/\/www.eldiariodetucuman.com\/web\/wp-json\/wp\/v2\/categories?post=5585"},{"taxonomy":"post_tag","embeddable":true,"href":"https:\/\/www.eldiariodetucuman.com\/web\/wp-json\/wp\/v2\/tags?post=5585"}],"curies":[{"name":"wp","href":"https:\/\/api.w.org\/{rel}","templated":true}]}}