{"id":5582,"date":"2018-02-20T11:43:03","date_gmt":"2018-02-20T14:43:03","guid":{"rendered":"http:\/\/www.eldiariodetucuman.com\/web\/video-el-kun-aguero-se-agarro-a-las-pinas-con-un-hincha\/"},"modified":"2018-02-20T11:43:07","modified_gmt":"2018-02-20T14:43:07","slug":"video-el-kun-aguero-se-agarro-a-las-pinas-con-un-hincha","status":"publish","type":"post","link":"https:\/\/www.eldiariodetucuman.com\/web\/video-el-kun-aguero-se-agarro-a-las-pinas-con-un-hincha\/","title":{"rendered":"Video: el \u00abKun\u00bb Ag\u00fcero se agarr\u00f3 a las pi\u00f1as con un hincha"},"content":{"rendered":"<div>\n<div readability=\"55\">\n<p>El Manchester City se enfrent\u00f3 contra Wigan por el torneo FA Cup de Inglaterra. Sorpresivamente los \u201cBlue\u201d, dirigidos por <b>Pep Guardiola<\/b>, cayeron 1 a 0 contra el equipo de tercera divisi\u00f3n y quedaron afuera en quinta ronda.<\/p>\n<p>Mec\u00e1nica de lo impensado dir\u00edan algunos, tal vez por eso <b>Sergio \u201cKun\u201d Ag\u00fcero<\/b> respondi\u00f3 con golpes y empujones despu\u00e9s de que un hincha del equipo rival lo provocara. Un jugador de Wigan lleg\u00f3 a tiempo para separarlo y evitar as\u00ed que la cosa pase a mayores.<\/p>\n<p><iframe loading=\"lazy\" width=\"100%\" height=\"400\" src=\"https:\/\/www.youtube.com\/embed\/ChiMih7pn3A\" frameborder=\"0\" allow=\"autoplay; encrypted-media\" allowfullscreen=\"\"><\/iframe><\/p>\n<p>Despu\u00e9s del partido, en el pasillo de acceso a los vestuarios, Guardiola fue en busca del t\u00e9cnico de Wigan. En el campo de juego y durante el partido ya hab\u00edan tenido discusiones subidas de tono. Aunque el clima se calent\u00f3, la sitaci\u00f3n no pas\u00f3 a mayores.<\/p>\n<p><iframe loading=\"lazy\" width=\"100%\" height=\"400\" src=\"https:\/\/www.youtube.com\/embed\/XUPv4ZkyRLY\" frameborder=\"0\" allow=\"autoplay; encrypted-media\" allowfullscreen=\"\"><\/iframe><\/p>\n<p>A los 34 minutos del segundo lleg\u00f3 el gol William Grigg para darle la ventaja y la victoria final a los \u201cLatics\u201d, que enfrentar\u00e1n al equipo de <b>Mauricio Pellegrino<\/b>, Southampton, en la cuarta ronda de la FA Cup.<\/p>\n<\/p><\/div>\n<\/div>\n<p>Fuente: http:\/\/www.lagaceta.com.ar\/nota\/761940\/deportes\/video-kun-aguero-se-agarro-pinas-hincha.html<\/p>\n","protected":false},"excerpt":{"rendered":"<p>El Manchester City se enfrent\u00f3 contra Wigan por el torneo FA Cup de Inglaterra. Sorpresivamente los \u201cBlue\u201d, dirigidos por Pep Guardiola, cayeron 1 a 0 contra el equipo de tercera divisi\u00f3n y quedaron afuera en quinta ronda. Mec\u00e1nica de lo impensado dir\u00edan algunos, tal vez por eso Sergio \u201cKun\u201d Ag\u00fcero respondi\u00f3 con golpes y empujones [&hellip;]<\/p>\n","protected":false},"author":1,"featured_media":5583,"comment_status":"open","ping_status":"closed","sticky":false,"template":"","format":"standard","meta":{"footnotes":""},"categories":[1],"tags":[],"class_list":{"0":"post-5582","1":"post","2":"type-post","3":"status-publish","4":"format-standard","5":"has-post-thumbnail","7":"category-portada"},"yoast_head":"<!-- This site is optimized with the Yoast SEO plugin v27.5 - https:\/\/yoast.com\/product\/yoast-seo-wordpress\/ -->\n<title>Video: el &quot;Kun&quot; Ag\u00fcero se agarr\u00f3 a las pi\u00f1as con un hincha - El Diario de Tucuman<\/title>\n<meta name=\"robots\" content=\"index, follow, max-snippet:-1, max-image-preview:large, max-video-preview:-1\" \/>\n<link rel=\"canonical\" href=\"https:\/\/www.eldiariodetucuman.com\/web\/video-el-kun-aguero-se-agarro-a-las-pinas-con-un-hincha\/\" \/>\n<meta property=\"og:locale\" content=\"es_ES\" \/>\n<meta property=\"og:type\" content=\"article\" \/>\n<meta property=\"og:title\" content=\"Video: el &quot;Kun&quot; Ag\u00fcero se agarr\u00f3 a las pi\u00f1as con un hincha - El Diario de Tucuman\" \/>\n<meta property=\"og:description\" content=\"El Manchester City se enfrent\u00f3 contra Wigan por el torneo FA Cup de Inglaterra. Sorpresivamente los \u201cBlue\u201d, dirigidos por Pep Guardiola, cayeron 1 a 0 contra el equipo de tercera divisi\u00f3n y quedaron afuera en quinta ronda. Mec\u00e1nica de lo impensado dir\u00edan algunos, tal vez por eso Sergio \u201cKun\u201d Ag\u00fcero respondi\u00f3 con golpes y empujones [&hellip;]\" \/>\n<meta property=\"og:url\" content=\"https:\/\/www.eldiariodetucuman.com\/web\/video-el-kun-aguero-se-agarro-a-las-pinas-con-un-hincha\/\" \/>\n<meta property=\"og:site_name\" content=\"El Diario de Tucuman\" \/>\n<meta property=\"article:published_time\" content=\"2018-02-20T14:43:03+00:00\" \/>\n<meta property=\"article:modified_time\" content=\"2018-02-20T14:43:07+00:00\" \/>\n<meta property=\"og:image\" content=\"https:\/\/www.eldiariodetucuman.com\/web\/wp-content\/uploads\/2018\/02\/ee3b01f7fd167c42c1f7b3ac3fb565e9.jpeg\" \/>\n\t<meta property=\"og:image:width\" content=\"1140\" \/>\n\t<meta property=\"og:image:height\" content=\"640\" \/>\n\t<meta property=\"og:image:type\" content=\"image\/jpeg\" \/>\n<meta name=\"author\" content=\"admin\" \/>\n<meta name=\"twitter:card\" content=\"summary_large_image\" \/>\n<meta name=\"twitter:label1\" content=\"Escrito por\" \/>\n\t<meta name=\"twitter:data1\" content=\"admin\" \/>\n\t<meta name=\"twitter:label2\" content=\"Tiempo de lectura\" \/>\n\t<meta name=\"twitter:data2\" content=\"1 minuto\" \/>\n<script type=\"application\/ld+json\" class=\"yoast-schema-graph\">{\"@context\":\"https:\\\/\\\/schema.org\",\"@graph\":[{\"@type\":\"Article\",\"@id\":\"https:\\\/\\\/www.eldiariodetucuman.com\\\/web\\\/video-el-kun-aguero-se-agarro-a-las-pinas-con-un-hincha\\\/#article\",\"isPartOf\":{\"@id\":\"https:\\\/\\\/www.eldiariodetucuman.com\\\/web\\\/video-el-kun-aguero-se-agarro-a-las-pinas-con-un-hincha\\\/\"},\"author\":{\"name\":\"admin\",\"@id\":\"https:\\\/\\\/www.eldiariodetucuman.com\\\/web\\\/#\\\/schema\\\/person\\\/9250197d75ab5483412e19678b121caa\"},\"headline\":\"Video: el \u00abKun\u00bb Ag\u00fcero se agarr\u00f3 a las pi\u00f1as con un hincha\",\"datePublished\":\"2018-02-20T14:43:03+00:00\",\"dateModified\":\"2018-02-20T14:43:07+00:00\",\"mainEntityOfPage\":{\"@id\":\"https:\\\/\\\/www.eldiariodetucuman.com\\\/web\\\/video-el-kun-aguero-se-agarro-a-las-pinas-con-un-hincha\\\/\"},\"wordCount\":198,\"commentCount\":0,\"publisher\":{\"@id\":\"https:\\\/\\\/www.eldiariodetucuman.com\\\/web\\\/#organization\"},\"image\":{\"@id\":\"https:\\\/\\\/www.eldiariodetucuman.com\\\/web\\\/video-el-kun-aguero-se-agarro-a-las-pinas-con-un-hincha\\\/#primaryimage\"},\"thumbnailUrl\":\"https:\\\/\\\/www.eldiariodetucuman.com\\\/web\\\/wp-content\\\/uploads\\\/2018\\\/02\\\/ee3b01f7fd167c42c1f7b3ac3fb565e9.jpeg\",\"articleSection\":[\"Portada\"],\"inLanguage\":\"es\",\"potentialAction\":[{\"@type\":\"CommentAction\",\"name\":\"Comment\",\"target\":[\"https:\\\/\\\/www.eldiariodetucuman.com\\\/web\\\/video-el-kun-aguero-se-agarro-a-las-pinas-con-un-hincha\\\/#respond\"]}]},{\"@type\":\"WebPage\",\"@id\":\"https:\\\/\\\/www.eldiariodetucuman.com\\\/web\\\/video-el-kun-aguero-se-agarro-a-las-pinas-con-un-hincha\\\/\",\"url\":\"https:\\\/\\\/www.eldiariodetucuman.com\\\/web\\\/video-el-kun-aguero-se-agarro-a-las-pinas-con-un-hincha\\\/\",\"name\":\"Video: el \\\"Kun\\\" Ag\u00fcero se agarr\u00f3 a las pi\u00f1as con un hincha - El Diario de Tucuman\",\"isPartOf\":{\"@id\":\"https:\\\/\\\/www.eldiariodetucuman.com\\\/web\\\/#website\"},\"primaryImageOfPage\":{\"@id\":\"https:\\\/\\\/www.eldiariodetucuman.com\\\/web\\\/video-el-kun-aguero-se-agarro-a-las-pinas-con-un-hincha\\\/#primaryimage\"},\"image\":{\"@id\":\"https:\\\/\\\/www.eldiariodetucuman.com\\\/web\\\/video-el-kun-aguero-se-agarro-a-las-pinas-con-un-hincha\\\/#primaryimage\"},\"thumbnailUrl\":\"https:\\\/\\\/www.eldiariodetucuman.com\\\/web\\\/wp-content\\\/uploads\\\/2018\\\/02\\\/ee3b01f7fd167c42c1f7b3ac3fb565e9.jpeg\",\"datePublished\":\"2018-02-20T14:43:03+00:00\",\"dateModified\":\"2018-02-20T14:43:07+00:00\",\"breadcrumb\":{\"@id\":\"https:\\\/\\\/www.eldiariodetucuman.com\\\/web\\\/video-el-kun-aguero-se-agarro-a-las-pinas-con-un-hincha\\\/#breadcrumb\"},\"inLanguage\":\"es\",\"potentialAction\":[{\"@type\":\"ReadAction\",\"target\":[\"https:\\\/\\\/www.eldiariodetucuman.com\\\/web\\\/video-el-kun-aguero-se-agarro-a-las-pinas-con-un-hincha\\\/\"]}]},{\"@type\":\"ImageObject\",\"inLanguage\":\"es\",\"@id\":\"https:\\\/\\\/www.eldiariodetucuman.com\\\/web\\\/video-el-kun-aguero-se-agarro-a-las-pinas-con-un-hincha\\\/#primaryimage\",\"url\":\"https:\\\/\\\/www.eldiariodetucuman.com\\\/web\\\/wp-content\\\/uploads\\\/2018\\\/02\\\/ee3b01f7fd167c42c1f7b3ac3fb565e9.jpeg\",\"contentUrl\":\"https:\\\/\\\/www.eldiariodetucuman.com\\\/web\\\/wp-content\\\/uploads\\\/2018\\\/02\\\/ee3b01f7fd167c42c1f7b3ac3fb565e9.jpeg\",\"width\":1140,\"height\":640},{\"@type\":\"BreadcrumbList\",\"@id\":\"https:\\\/\\\/www.eldiariodetucuman.com\\\/web\\\/video-el-kun-aguero-se-agarro-a-las-pinas-con-un-hincha\\\/#breadcrumb\",\"itemListElement\":[{\"@type\":\"ListItem\",\"position\":1,\"name\":\"Portada\",\"item\":\"https:\\\/\\\/www.eldiariodetucuman.com\\\/web\\\/\"},{\"@type\":\"ListItem\",\"position\":2,\"name\":\"Video: el \u00abKun\u00bb Ag\u00fcero se agarr\u00f3 a las pi\u00f1as con un hincha\"}]},{\"@type\":\"WebSite\",\"@id\":\"https:\\\/\\\/www.eldiariodetucuman.com\\\/web\\\/#website\",\"url\":\"https:\\\/\\\/www.eldiariodetucuman.com\\\/web\\\/\",\"name\":\"El Diario de Tucuman\",\"description\":\"Diario Tucuman - Informaci\u00f3n y noticias\",\"publisher\":{\"@id\":\"https:\\\/\\\/www.eldiariodetucuman.com\\\/web\\\/#organization\"},\"potentialAction\":[{\"@type\":\"SearchAction\",\"target\":{\"@type\":\"EntryPoint\",\"urlTemplate\":\"https:\\\/\\\/www.eldiariodetucuman.com\\\/web\\\/?s={search_term_string}\"},\"query-input\":{\"@type\":\"PropertyValueSpecification\",\"valueRequired\":true,\"valueName\":\"search_term_string\"}}],\"inLanguage\":\"es\"},{\"@type\":\"Organization\",\"@id\":\"https:\\\/\\\/www.eldiariodetucuman.com\\\/web\\\/#organization\",\"name\":\"El Diario de Tucuman\",\"url\":\"https:\\\/\\\/www.eldiariodetucuman.com\\\/web\\\/\",\"logo\":{\"@type\":\"ImageObject\",\"inLanguage\":\"es\",\"@id\":\"https:\\\/\\\/www.eldiariodetucuman.com\\\/web\\\/#\\\/schema\\\/logo\\\/image\\\/\",\"url\":\"http:\\\/\\\/www.eldiariodetucuman.com\\\/web\\\/wp-content\\\/uploads\\\/2017\\\/12\\\/el-diario-de-tucuman.jpg\",\"contentUrl\":\"http:\\\/\\\/www.eldiariodetucuman.com\\\/web\\\/wp-content\\\/uploads\\\/2017\\\/12\\\/el-diario-de-tucuman.jpg\",\"width\":272,\"height\":92,\"caption\":\"El Diario de Tucuman\"},\"image\":{\"@id\":\"https:\\\/\\\/www.eldiariodetucuman.com\\\/web\\\/#\\\/schema\\\/logo\\\/image\\\/\"}},{\"@type\":\"Person\",\"@id\":\"https:\\\/\\\/www.eldiariodetucuman.com\\\/web\\\/#\\\/schema\\\/person\\\/9250197d75ab5483412e19678b121caa\",\"name\":\"admin\",\"image\":{\"@type\":\"ImageObject\",\"inLanguage\":\"es\",\"@id\":\"https:\\\/\\\/secure.gravatar.com\\\/avatar\\\/c44d117c2be811212c22cb481f6b8384b6873de103fbc49e7a03cc58d7dea4ac?s=96&d=mm&r=g\",\"url\":\"https:\\\/\\\/secure.gravatar.com\\\/avatar\\\/c44d117c2be811212c22cb481f6b8384b6873de103fbc49e7a03cc58d7dea4ac?s=96&d=mm&r=g\",\"contentUrl\":\"https:\\\/\\\/secure.gravatar.com\\\/avatar\\\/c44d117c2be811212c22cb481f6b8384b6873de103fbc49e7a03cc58d7dea4ac?s=96&d=mm&r=g\",\"caption\":\"admin\"},\"url\":\"https:\\\/\\\/www.eldiariodetucuman.com\\\/web\\\/author\\\/admin\\\/\"}]}<\/script>\n<!-- \/ Yoast SEO plugin. -->","yoast_head_json":{"title":"Video: el \"Kun\" Ag\u00fcero se agarr\u00f3 a las pi\u00f1as con un hincha - El Diario de Tucuman","robots":{"index":"index","follow":"follow","max-snippet":"max-snippet:-1","max-image-preview":"max-image-preview:large","max-video-preview":"max-video-preview:-1"},"canonical":"https:\/\/www.eldiariodetucuman.com\/web\/video-el-kun-aguero-se-agarro-a-las-pinas-con-un-hincha\/","og_locale":"es_ES","og_type":"article","og_title":"Video: el \"Kun\" Ag\u00fcero se agarr\u00f3 a las pi\u00f1as con un hincha - El Diario de Tucuman","og_description":"El Manchester City se enfrent\u00f3 contra Wigan por el torneo FA Cup de Inglaterra. Sorpresivamente los \u201cBlue\u201d, dirigidos por Pep Guardiola, cayeron 1 a 0 contra el equipo de tercera divisi\u00f3n y quedaron afuera en quinta ronda. Mec\u00e1nica de lo impensado dir\u00edan algunos, tal vez por eso Sergio \u201cKun\u201d Ag\u00fcero respondi\u00f3 con golpes y empujones [&hellip;]","og_url":"https:\/\/www.eldiariodetucuman.com\/web\/video-el-kun-aguero-se-agarro-a-las-pinas-con-un-hincha\/","og_site_name":"El Diario de Tucuman","article_published_time":"2018-02-20T14:43:03+00:00","article_modified_time":"2018-02-20T14:43:07+00:00","og_image":[{"width":1140,"height":640,"url":"https:\/\/www.eldiariodetucuman.com\/web\/wp-content\/uploads\/2018\/02\/ee3b01f7fd167c42c1f7b3ac3fb565e9.jpeg","type":"image\/jpeg"}],"author":"admin","twitter_card":"summary_large_image","twitter_misc":{"Escrito por":"admin","Tiempo de lectura":"1 minuto"},"schema":{"@context":"https:\/\/schema.org","@graph":[{"@type":"Article","@id":"https:\/\/www.eldiariodetucuman.com\/web\/video-el-kun-aguero-se-agarro-a-las-pinas-con-un-hincha\/#article","isPartOf":{"@id":"https:\/\/www.eldiariodetucuman.com\/web\/video-el-kun-aguero-se-agarro-a-las-pinas-con-un-hincha\/"},"author":{"name":"admin","@id":"https:\/\/www.eldiariodetucuman.com\/web\/#\/schema\/person\/9250197d75ab5483412e19678b121caa"},"headline":"Video: el \u00abKun\u00bb Ag\u00fcero se agarr\u00f3 a las pi\u00f1as con un hincha","datePublished":"2018-02-20T14:43:03+00:00","dateModified":"2018-02-20T14:43:07+00:00","mainEntityOfPage":{"@id":"https:\/\/www.eldiariodetucuman.com\/web\/video-el-kun-aguero-se-agarro-a-las-pinas-con-un-hincha\/"},"wordCount":198,"commentCount":0,"publisher":{"@id":"https:\/\/www.eldiariodetucuman.com\/web\/#organization"},"image":{"@id":"https:\/\/www.eldiariodetucuman.com\/web\/video-el-kun-aguero-se-agarro-a-las-pinas-con-un-hincha\/#primaryimage"},"thumbnailUrl":"https:\/\/www.eldiariodetucuman.com\/web\/wp-content\/uploads\/2018\/02\/ee3b01f7fd167c42c1f7b3ac3fb565e9.jpeg","articleSection":["Portada"],"inLanguage":"es","potentialAction":[{"@type":"CommentAction","name":"Comment","target":["https:\/\/www.eldiariodetucuman.com\/web\/video-el-kun-aguero-se-agarro-a-las-pinas-con-un-hincha\/#respond"]}]},{"@type":"WebPage","@id":"https:\/\/www.eldiariodetucuman.com\/web\/video-el-kun-aguero-se-agarro-a-las-pinas-con-un-hincha\/","url":"https:\/\/www.eldiariodetucuman.com\/web\/video-el-kun-aguero-se-agarro-a-las-pinas-con-un-hincha\/","name":"Video: el \"Kun\" Ag\u00fcero se agarr\u00f3 a las pi\u00f1as con un hincha - El Diario de Tucuman","isPartOf":{"@id":"https:\/\/www.eldiariodetucuman.com\/web\/#website"},"primaryImageOfPage":{"@id":"https:\/\/www.eldiariodetucuman.com\/web\/video-el-kun-aguero-se-agarro-a-las-pinas-con-un-hincha\/#primaryimage"},"image":{"@id":"https:\/\/www.eldiariodetucuman.com\/web\/video-el-kun-aguero-se-agarro-a-las-pinas-con-un-hincha\/#primaryimage"},"thumbnailUrl":"https:\/\/www.eldiariodetucuman.com\/web\/wp-content\/uploads\/2018\/02\/ee3b01f7fd167c42c1f7b3ac3fb565e9.jpeg","datePublished":"2018-02-20T14:43:03+00:00","dateModified":"2018-02-20T14:43:07+00:00","breadcrumb":{"@id":"https:\/\/www.eldiariodetucuman.com\/web\/video-el-kun-aguero-se-agarro-a-las-pinas-con-un-hincha\/#breadcrumb"},"inLanguage":"es","potentialAction":[{"@type":"ReadAction","target":["https:\/\/www.eldiariodetucuman.com\/web\/video-el-kun-aguero-se-agarro-a-las-pinas-con-un-hincha\/"]}]},{"@type":"ImageObject","inLanguage":"es","@id":"https:\/\/www.eldiariodetucuman.com\/web\/video-el-kun-aguero-se-agarro-a-las-pinas-con-un-hincha\/#primaryimage","url":"https:\/\/www.eldiariodetucuman.com\/web\/wp-content\/uploads\/2018\/02\/ee3b01f7fd167c42c1f7b3ac3fb565e9.jpeg","contentUrl":"https:\/\/www.eldiariodetucuman.com\/web\/wp-content\/uploads\/2018\/02\/ee3b01f7fd167c42c1f7b3ac3fb565e9.jpeg","width":1140,"height":640},{"@type":"BreadcrumbList","@id":"https:\/\/www.eldiariodetucuman.com\/web\/video-el-kun-aguero-se-agarro-a-las-pinas-con-un-hincha\/#breadcrumb","itemListElement":[{"@type":"ListItem","position":1,"name":"Portada","item":"https:\/\/www.eldiariodetucuman.com\/web\/"},{"@type":"ListItem","position":2,"name":"Video: el \u00abKun\u00bb Ag\u00fcero se agarr\u00f3 a las pi\u00f1as con un hincha"}]},{"@type":"WebSite","@id":"https:\/\/www.eldiariodetucuman.com\/web\/#website","url":"https:\/\/www.eldiariodetucuman.com\/web\/","name":"El Diario de Tucuman","description":"Diario Tucuman - Informaci\u00f3n y noticias","publisher":{"@id":"https:\/\/www.eldiariodetucuman.com\/web\/#organization"},"potentialAction":[{"@type":"SearchAction","target":{"@type":"EntryPoint","urlTemplate":"https:\/\/www.eldiariodetucuman.com\/web\/?s={search_term_string}"},"query-input":{"@type":"PropertyValueSpecification","valueRequired":true,"valueName":"search_term_string"}}],"inLanguage":"es"},{"@type":"Organization","@id":"https:\/\/www.eldiariodetucuman.com\/web\/#organization","name":"El Diario de Tucuman","url":"https:\/\/www.eldiariodetucuman.com\/web\/","logo":{"@type":"ImageObject","inLanguage":"es","@id":"https:\/\/www.eldiariodetucuman.com\/web\/#\/schema\/logo\/image\/","url":"http:\/\/www.eldiariodetucuman.com\/web\/wp-content\/uploads\/2017\/12\/el-diario-de-tucuman.jpg","contentUrl":"http:\/\/www.eldiariodetucuman.com\/web\/wp-content\/uploads\/2017\/12\/el-diario-de-tucuman.jpg","width":272,"height":92,"caption":"El Diario de Tucuman"},"image":{"@id":"https:\/\/www.eldiariodetucuman.com\/web\/#\/schema\/logo\/image\/"}},{"@type":"Person","@id":"https:\/\/www.eldiariodetucuman.com\/web\/#\/schema\/person\/9250197d75ab5483412e19678b121caa","name":"admin","image":{"@type":"ImageObject","inLanguage":"es","@id":"https:\/\/secure.gravatar.com\/avatar\/c44d117c2be811212c22cb481f6b8384b6873de103fbc49e7a03cc58d7dea4ac?s=96&d=mm&r=g","url":"https:\/\/secure.gravatar.com\/avatar\/c44d117c2be811212c22cb481f6b8384b6873de103fbc49e7a03cc58d7dea4ac?s=96&d=mm&r=g","contentUrl":"https:\/\/secure.gravatar.com\/avatar\/c44d117c2be811212c22cb481f6b8384b6873de103fbc49e7a03cc58d7dea4ac?s=96&d=mm&r=g","caption":"admin"},"url":"https:\/\/www.eldiariodetucuman.com\/web\/author\/admin\/"}]}},"_links":{"self":[{"href":"https:\/\/www.eldiariodetucuman.com\/web\/wp-json\/wp\/v2\/posts\/5582","targetHints":{"allow":["GET"]}}],"collection":[{"href":"https:\/\/www.eldiariodetucuman.com\/web\/wp-json\/wp\/v2\/posts"}],"about":[{"href":"https:\/\/www.eldiariodetucuman.com\/web\/wp-json\/wp\/v2\/types\/post"}],"author":[{"embeddable":true,"href":"https:\/\/www.eldiariodetucuman.com\/web\/wp-json\/wp\/v2\/users\/1"}],"replies":[{"embeddable":true,"href":"https:\/\/www.eldiariodetucuman.com\/web\/wp-json\/wp\/v2\/comments?post=5582"}],"version-history":[{"count":1,"href":"https:\/\/www.eldiariodetucuman.com\/web\/wp-json\/wp\/v2\/posts\/5582\/revisions"}],"predecessor-version":[{"id":5584,"href":"https:\/\/www.eldiariodetucuman.com\/web\/wp-json\/wp\/v2\/posts\/5582\/revisions\/5584"}],"wp:featuredmedia":[{"embeddable":true,"href":"https:\/\/www.eldiariodetucuman.com\/web\/wp-json\/wp\/v2\/media\/5583"}],"wp:attachment":[{"href":"https:\/\/www.eldiariodetucuman.com\/web\/wp-json\/wp\/v2\/media?parent=5582"}],"wp:term":[{"taxonomy":"category","embeddable":true,"href":"https:\/\/www.eldiariodetucuman.com\/web\/wp-json\/wp\/v2\/categories?post=5582"},{"taxonomy":"post_tag","embeddable":true,"href":"https:\/\/www.eldiariodetucuman.com\/web\/wp-json\/wp\/v2\/tags?post=5582"}],"curies":[{"name":"wp","href":"https:\/\/api.w.org\/{rel}","templated":true}]}}