{"id":5571,"date":"2018-02-20T11:42:06","date_gmt":"2018-02-20T14:42:06","guid":{"rendered":"http:\/\/www.eldiariodetucuman.com\/web\/baradel-le-pidio-a-vidal-que-convoque-a-los-docentes\/"},"modified":"2018-02-20T11:42:10","modified_gmt":"2018-02-20T14:42:10","slug":"baradel-le-pidio-a-vidal-que-convoque-a-los-docentes","status":"publish","type":"post","link":"https:\/\/www.eldiariodetucuman.com\/web\/baradel-le-pidio-a-vidal-que-convoque-a-los-docentes\/","title":{"rendered":"Baradel le pidi\u00f3 a Vidal que convoque a los docentes"},"content":{"rendered":"<div>\n<div readability=\"63.684210526316\">\n<p>Con la fecha de inicio de clases cada vez m\u00e1s pr\u00f3xima, el l\u00edder de Suteba, <a href=\"https:\/\/www.elintransigente.com\/politica\/2018\/2\/19\/roberto-baradel-es-una-operacion-berreta-479236.html\">Roberto Baradel<\/a>, realiz\u00f3 esta ma\u00f1ana una conferencia de prensa en la que le pidi\u00f3 p\u00fablicamente a la gobernadora de la Provincia, Mar\u00eda Eugenia Vidal, que \u201cconvoque\u201d a los gremios docentes a un nuevo encuentro para discutir paritarias.\u00a0<\/p>\n<p>El pedido se realiza a cinco d\u00edas de la reuni\u00f3n que mantuvo Vidal con los referentes gremiales docentes, que rechazaron la propuesta de un 15 por ciento de aumento en 3 cuotas y sin cl\u00e1usula gatillo.\u00a0<\/p>\n<p>Asimismo, Baradel denunci\u00f3 esta ma\u00f1ana que las demoras en la convocatoria se produjeron porque los <a href=\"https:\/\/www.elintransigente.com\/politica\/2018\/2\/17\/roberto-baradel-insiste-la-responsable-de-todo-esto-es-maria-eugenia-vidal-479112.html\">funcionarios de Cambiemos intentan \u201cforzar\u201d las negociaciones<\/a>, \u00abespeculando\u00bb con\u00a0el inminente comienzo del nuevo ciclo lectivo.\u00a0<\/p>\n<p>\u201cLe reclamamos a la gobernadora de la Provincia que nos convoque con car\u00e1cter urgente para poder resolver la paritaria salarial. <strong>Est\u00e1n especulando con que lleguemos al inicio del ciclo lectivo sin el conflicto resuelto<\/strong>. Cuando piden que discutamos \u2018con los chicos en las aulas\u2019 es una gran puesta en escena porque tuvimos dos meses y medio donde los chicos no ten\u00edan necesidad de estar en la escuela y <strong>no nos convocaron<\/strong>\u201d, denunci\u00f3.\u00a0<\/p>\n<p>Y asegur\u00f3: \u201cLe reclamamos a la gobernadora que act\u00fae seriamente. Si hay una vocaci\u00f3n de negociaci\u00f3n y no de imposici\u00f3n,\u00a0estamos dispuestos a sentarnos para resolver el conflicto\u201d.\u00a0<\/p>\n<p>Por otro lado, desde Suteba volvieron a<a href=\"https:\/\/www.elintransigente.com\/politica\/2018\/2\/15\/los-gremios-docentes-rechazaron-la-oferta-de-vidal-478922.html\"> rechazar la cifra que les ofreci\u00f3 el Gobierno<\/a> y aseguraron que, de aceptarla, ir\u00edan \u201ca la baja\u201d. \u201cCon el aumento que nos est\u00e1 ofreciendo Vidal ni siquiera se puede pagar el aumento de la boleta de luz, ni las subas en las tarifas que se est\u00e1n aplicando en la Provincia\u201d, advirti\u00f3.\u00a0<\/p>\n<p>Por otro lado, el gremio docente volvi\u00f3 a <strong>denunciar <\/strong>el \u201c<strong>cierre de cursos<\/strong>\u201d en San Fernando y manifestaron preocupaci\u00f3n por \u201cel riesgo que corren las escuelas rurales\u201d y c\u00f3mo podr\u00eda afectar, de concretarse la medida, a la comunidad educativa.\u00a0<\/p>\n<p>\u201cAdem\u00e1s de discutir sobre paritarias queremos tener una agenda p\u00fablica de calidad. No s\u00f3lo no est\u00e1n abriendo escuelas, sino que las est\u00e1n cerrando. Hablan de optimizaci\u00f3n de recursos como si los chicos fueran un n\u00famero. <strong>La educaci\u00f3n es un derecho social, lo tienen que respetar<\/strong>\u201d, sentenci\u00f3 Baradel.\u00a0<\/p>\n<p>Adem\u00e1s, <strong>ratific\u00f3 la presencia del gremio en la movilizaci\u00f3n <\/strong>convocada para ma\u00f1ana por el l\u00edder del sindicato de Camioneros, Hugo <strong>Moyano <\/strong>y afirm\u00f3 que participar\u00e1n para manifestarse \u201cen contra de los ajustes impuestos por el Gobierno\u201d.\u00a0<\/p>\n<\/div>\n<\/div>\n<p>Fuente: https:\/\/www.elintransigente.com\/politica\/2018\/2\/20\/baradel-le-pidio-vidal-que-convoque-los-docentes-479353.html<\/p>\n","protected":false},"excerpt":{"rendered":"<p>Con la fecha de inicio de clases cada vez m\u00e1s pr\u00f3xima, el l\u00edder de Suteba, Roberto Baradel, realiz\u00f3 esta ma\u00f1ana una conferencia de prensa en la que le pidi\u00f3 p\u00fablicamente a la gobernadora de la Provincia, Mar\u00eda Eugenia Vidal, que \u201cconvoque\u201d a los gremios docentes a un nuevo encuentro para discutir paritarias.\u00a0 El pedido se [&hellip;]<\/p>\n","protected":false},"author":1,"featured_media":5572,"comment_status":"open","ping_status":"closed","sticky":false,"template":"","format":"standard","meta":{"footnotes":""},"categories":[1],"tags":[],"class_list":{"0":"post-5571","1":"post","2":"type-post","3":"status-publish","4":"format-standard","5":"has-post-thumbnail","7":"category-portada"},"yoast_head":"<!-- This site is optimized with the Yoast SEO plugin v27.5 - https:\/\/yoast.com\/product\/yoast-seo-wordpress\/ -->\n<title>Baradel le pidi\u00f3 a Vidal que convoque a los docentes - El Diario de Tucuman<\/title>\n<meta name=\"robots\" content=\"index, follow, max-snippet:-1, max-image-preview:large, max-video-preview:-1\" \/>\n<link rel=\"canonical\" href=\"https:\/\/www.eldiariodetucuman.com\/web\/baradel-le-pidio-a-vidal-que-convoque-a-los-docentes\/\" \/>\n<meta property=\"og:locale\" content=\"es_ES\" \/>\n<meta property=\"og:type\" content=\"article\" \/>\n<meta property=\"og:title\" content=\"Baradel le pidi\u00f3 a Vidal que convoque a los docentes - El Diario de Tucuman\" \/>\n<meta property=\"og:description\" content=\"Con la fecha de inicio de clases cada vez m\u00e1s pr\u00f3xima, el l\u00edder de Suteba, Roberto Baradel, realiz\u00f3 esta ma\u00f1ana una conferencia de prensa en la que le pidi\u00f3 p\u00fablicamente a la gobernadora de la Provincia, Mar\u00eda Eugenia Vidal, que \u201cconvoque\u201d a los gremios docentes a un nuevo encuentro para discutir paritarias.\u00a0 El pedido se [&hellip;]\" \/>\n<meta property=\"og:url\" content=\"https:\/\/www.eldiariodetucuman.com\/web\/baradel-le-pidio-a-vidal-que-convoque-a-los-docentes\/\" \/>\n<meta property=\"og:site_name\" content=\"El Diario de Tucuman\" \/>\n<meta property=\"article:published_time\" content=\"2018-02-20T14:42:06+00:00\" \/>\n<meta property=\"article:modified_time\" content=\"2018-02-20T14:42:10+00:00\" \/>\n<meta property=\"og:image\" content=\"https:\/\/www.eldiariodetucuman.com\/web\/wp-content\/uploads\/2018\/02\/ed8e8232db9655b7eabfc765fbae16fe.jpeg\" \/>\n\t<meta property=\"og:image:width\" content=\"960\" \/>\n\t<meta property=\"og:image:height\" content=\"540\" \/>\n\t<meta property=\"og:image:type\" content=\"image\/jpeg\" \/>\n<meta name=\"author\" content=\"admin\" \/>\n<meta name=\"twitter:card\" content=\"summary_large_image\" \/>\n<meta name=\"twitter:label1\" content=\"Escrito por\" \/>\n\t<meta name=\"twitter:data1\" content=\"admin\" \/>\n\t<meta name=\"twitter:label2\" content=\"Tiempo de lectura\" \/>\n\t<meta name=\"twitter:data2\" content=\"2 minutos\" \/>\n<script type=\"application\/ld+json\" class=\"yoast-schema-graph\">{\"@context\":\"https:\\\/\\\/schema.org\",\"@graph\":[{\"@type\":\"Article\",\"@id\":\"https:\\\/\\\/www.eldiariodetucuman.com\\\/web\\\/baradel-le-pidio-a-vidal-que-convoque-a-los-docentes\\\/#article\",\"isPartOf\":{\"@id\":\"https:\\\/\\\/www.eldiariodetucuman.com\\\/web\\\/baradel-le-pidio-a-vidal-que-convoque-a-los-docentes\\\/\"},\"author\":{\"name\":\"admin\",\"@id\":\"https:\\\/\\\/www.eldiariodetucuman.com\\\/web\\\/#\\\/schema\\\/person\\\/9250197d75ab5483412e19678b121caa\"},\"headline\":\"Baradel le pidi\u00f3 a Vidal que convoque a los docentes\",\"datePublished\":\"2018-02-20T14:42:06+00:00\",\"dateModified\":\"2018-02-20T14:42:10+00:00\",\"mainEntityOfPage\":{\"@id\":\"https:\\\/\\\/www.eldiariodetucuman.com\\\/web\\\/baradel-le-pidio-a-vidal-que-convoque-a-los-docentes\\\/\"},\"wordCount\":450,\"commentCount\":0,\"publisher\":{\"@id\":\"https:\\\/\\\/www.eldiariodetucuman.com\\\/web\\\/#organization\"},\"image\":{\"@id\":\"https:\\\/\\\/www.eldiariodetucuman.com\\\/web\\\/baradel-le-pidio-a-vidal-que-convoque-a-los-docentes\\\/#primaryimage\"},\"thumbnailUrl\":\"https:\\\/\\\/www.eldiariodetucuman.com\\\/web\\\/wp-content\\\/uploads\\\/2018\\\/02\\\/ed8e8232db9655b7eabfc765fbae16fe.jpeg\",\"articleSection\":[\"Portada\"],\"inLanguage\":\"es\",\"potentialAction\":[{\"@type\":\"CommentAction\",\"name\":\"Comment\",\"target\":[\"https:\\\/\\\/www.eldiariodetucuman.com\\\/web\\\/baradel-le-pidio-a-vidal-que-convoque-a-los-docentes\\\/#respond\"]}]},{\"@type\":\"WebPage\",\"@id\":\"https:\\\/\\\/www.eldiariodetucuman.com\\\/web\\\/baradel-le-pidio-a-vidal-que-convoque-a-los-docentes\\\/\",\"url\":\"https:\\\/\\\/www.eldiariodetucuman.com\\\/web\\\/baradel-le-pidio-a-vidal-que-convoque-a-los-docentes\\\/\",\"name\":\"Baradel le pidi\u00f3 a Vidal que convoque a los docentes - El Diario de Tucuman\",\"isPartOf\":{\"@id\":\"https:\\\/\\\/www.eldiariodetucuman.com\\\/web\\\/#website\"},\"primaryImageOfPage\":{\"@id\":\"https:\\\/\\\/www.eldiariodetucuman.com\\\/web\\\/baradel-le-pidio-a-vidal-que-convoque-a-los-docentes\\\/#primaryimage\"},\"image\":{\"@id\":\"https:\\\/\\\/www.eldiariodetucuman.com\\\/web\\\/baradel-le-pidio-a-vidal-que-convoque-a-los-docentes\\\/#primaryimage\"},\"thumbnailUrl\":\"https:\\\/\\\/www.eldiariodetucuman.com\\\/web\\\/wp-content\\\/uploads\\\/2018\\\/02\\\/ed8e8232db9655b7eabfc765fbae16fe.jpeg\",\"datePublished\":\"2018-02-20T14:42:06+00:00\",\"dateModified\":\"2018-02-20T14:42:10+00:00\",\"breadcrumb\":{\"@id\":\"https:\\\/\\\/www.eldiariodetucuman.com\\\/web\\\/baradel-le-pidio-a-vidal-que-convoque-a-los-docentes\\\/#breadcrumb\"},\"inLanguage\":\"es\",\"potentialAction\":[{\"@type\":\"ReadAction\",\"target\":[\"https:\\\/\\\/www.eldiariodetucuman.com\\\/web\\\/baradel-le-pidio-a-vidal-que-convoque-a-los-docentes\\\/\"]}]},{\"@type\":\"ImageObject\",\"inLanguage\":\"es\",\"@id\":\"https:\\\/\\\/www.eldiariodetucuman.com\\\/web\\\/baradel-le-pidio-a-vidal-que-convoque-a-los-docentes\\\/#primaryimage\",\"url\":\"https:\\\/\\\/www.eldiariodetucuman.com\\\/web\\\/wp-content\\\/uploads\\\/2018\\\/02\\\/ed8e8232db9655b7eabfc765fbae16fe.jpeg\",\"contentUrl\":\"https:\\\/\\\/www.eldiariodetucuman.com\\\/web\\\/wp-content\\\/uploads\\\/2018\\\/02\\\/ed8e8232db9655b7eabfc765fbae16fe.jpeg\",\"width\":960,\"height\":540},{\"@type\":\"BreadcrumbList\",\"@id\":\"https:\\\/\\\/www.eldiariodetucuman.com\\\/web\\\/baradel-le-pidio-a-vidal-que-convoque-a-los-docentes\\\/#breadcrumb\",\"itemListElement\":[{\"@type\":\"ListItem\",\"position\":1,\"name\":\"Portada\",\"item\":\"https:\\\/\\\/www.eldiariodetucuman.com\\\/web\\\/\"},{\"@type\":\"ListItem\",\"position\":2,\"name\":\"Baradel le pidi\u00f3 a Vidal que convoque a los docentes\"}]},{\"@type\":\"WebSite\",\"@id\":\"https:\\\/\\\/www.eldiariodetucuman.com\\\/web\\\/#website\",\"url\":\"https:\\\/\\\/www.eldiariodetucuman.com\\\/web\\\/\",\"name\":\"El Diario de Tucuman\",\"description\":\"Diario Tucuman - Informaci\u00f3n y noticias\",\"publisher\":{\"@id\":\"https:\\\/\\\/www.eldiariodetucuman.com\\\/web\\\/#organization\"},\"potentialAction\":[{\"@type\":\"SearchAction\",\"target\":{\"@type\":\"EntryPoint\",\"urlTemplate\":\"https:\\\/\\\/www.eldiariodetucuman.com\\\/web\\\/?s={search_term_string}\"},\"query-input\":{\"@type\":\"PropertyValueSpecification\",\"valueRequired\":true,\"valueName\":\"search_term_string\"}}],\"inLanguage\":\"es\"},{\"@type\":\"Organization\",\"@id\":\"https:\\\/\\\/www.eldiariodetucuman.com\\\/web\\\/#organization\",\"name\":\"El Diario de Tucuman\",\"url\":\"https:\\\/\\\/www.eldiariodetucuman.com\\\/web\\\/\",\"logo\":{\"@type\":\"ImageObject\",\"inLanguage\":\"es\",\"@id\":\"https:\\\/\\\/www.eldiariodetucuman.com\\\/web\\\/#\\\/schema\\\/logo\\\/image\\\/\",\"url\":\"http:\\\/\\\/www.eldiariodetucuman.com\\\/web\\\/wp-content\\\/uploads\\\/2017\\\/12\\\/el-diario-de-tucuman.jpg\",\"contentUrl\":\"http:\\\/\\\/www.eldiariodetucuman.com\\\/web\\\/wp-content\\\/uploads\\\/2017\\\/12\\\/el-diario-de-tucuman.jpg\",\"width\":272,\"height\":92,\"caption\":\"El Diario de Tucuman\"},\"image\":{\"@id\":\"https:\\\/\\\/www.eldiariodetucuman.com\\\/web\\\/#\\\/schema\\\/logo\\\/image\\\/\"}},{\"@type\":\"Person\",\"@id\":\"https:\\\/\\\/www.eldiariodetucuman.com\\\/web\\\/#\\\/schema\\\/person\\\/9250197d75ab5483412e19678b121caa\",\"name\":\"admin\",\"image\":{\"@type\":\"ImageObject\",\"inLanguage\":\"es\",\"@id\":\"https:\\\/\\\/secure.gravatar.com\\\/avatar\\\/c44d117c2be811212c22cb481f6b8384b6873de103fbc49e7a03cc58d7dea4ac?s=96&d=mm&r=g\",\"url\":\"https:\\\/\\\/secure.gravatar.com\\\/avatar\\\/c44d117c2be811212c22cb481f6b8384b6873de103fbc49e7a03cc58d7dea4ac?s=96&d=mm&r=g\",\"contentUrl\":\"https:\\\/\\\/secure.gravatar.com\\\/avatar\\\/c44d117c2be811212c22cb481f6b8384b6873de103fbc49e7a03cc58d7dea4ac?s=96&d=mm&r=g\",\"caption\":\"admin\"},\"url\":\"https:\\\/\\\/www.eldiariodetucuman.com\\\/web\\\/author\\\/admin\\\/\"}]}<\/script>\n<!-- \/ Yoast SEO plugin. -->","yoast_head_json":{"title":"Baradel le pidi\u00f3 a Vidal que convoque a los docentes - El Diario de Tucuman","robots":{"index":"index","follow":"follow","max-snippet":"max-snippet:-1","max-image-preview":"max-image-preview:large","max-video-preview":"max-video-preview:-1"},"canonical":"https:\/\/www.eldiariodetucuman.com\/web\/baradel-le-pidio-a-vidal-que-convoque-a-los-docentes\/","og_locale":"es_ES","og_type":"article","og_title":"Baradel le pidi\u00f3 a Vidal que convoque a los docentes - El Diario de Tucuman","og_description":"Con la fecha de inicio de clases cada vez m\u00e1s pr\u00f3xima, el l\u00edder de Suteba, Roberto Baradel, realiz\u00f3 esta ma\u00f1ana una conferencia de prensa en la que le pidi\u00f3 p\u00fablicamente a la gobernadora de la Provincia, Mar\u00eda Eugenia Vidal, que \u201cconvoque\u201d a los gremios docentes a un nuevo encuentro para discutir paritarias.\u00a0 El pedido se [&hellip;]","og_url":"https:\/\/www.eldiariodetucuman.com\/web\/baradel-le-pidio-a-vidal-que-convoque-a-los-docentes\/","og_site_name":"El Diario de Tucuman","article_published_time":"2018-02-20T14:42:06+00:00","article_modified_time":"2018-02-20T14:42:10+00:00","og_image":[{"width":960,"height":540,"url":"https:\/\/www.eldiariodetucuman.com\/web\/wp-content\/uploads\/2018\/02\/ed8e8232db9655b7eabfc765fbae16fe.jpeg","type":"image\/jpeg"}],"author":"admin","twitter_card":"summary_large_image","twitter_misc":{"Escrito por":"admin","Tiempo de lectura":"2 minutos"},"schema":{"@context":"https:\/\/schema.org","@graph":[{"@type":"Article","@id":"https:\/\/www.eldiariodetucuman.com\/web\/baradel-le-pidio-a-vidal-que-convoque-a-los-docentes\/#article","isPartOf":{"@id":"https:\/\/www.eldiariodetucuman.com\/web\/baradel-le-pidio-a-vidal-que-convoque-a-los-docentes\/"},"author":{"name":"admin","@id":"https:\/\/www.eldiariodetucuman.com\/web\/#\/schema\/person\/9250197d75ab5483412e19678b121caa"},"headline":"Baradel le pidi\u00f3 a Vidal que convoque a los docentes","datePublished":"2018-02-20T14:42:06+00:00","dateModified":"2018-02-20T14:42:10+00:00","mainEntityOfPage":{"@id":"https:\/\/www.eldiariodetucuman.com\/web\/baradel-le-pidio-a-vidal-que-convoque-a-los-docentes\/"},"wordCount":450,"commentCount":0,"publisher":{"@id":"https:\/\/www.eldiariodetucuman.com\/web\/#organization"},"image":{"@id":"https:\/\/www.eldiariodetucuman.com\/web\/baradel-le-pidio-a-vidal-que-convoque-a-los-docentes\/#primaryimage"},"thumbnailUrl":"https:\/\/www.eldiariodetucuman.com\/web\/wp-content\/uploads\/2018\/02\/ed8e8232db9655b7eabfc765fbae16fe.jpeg","articleSection":["Portada"],"inLanguage":"es","potentialAction":[{"@type":"CommentAction","name":"Comment","target":["https:\/\/www.eldiariodetucuman.com\/web\/baradel-le-pidio-a-vidal-que-convoque-a-los-docentes\/#respond"]}]},{"@type":"WebPage","@id":"https:\/\/www.eldiariodetucuman.com\/web\/baradel-le-pidio-a-vidal-que-convoque-a-los-docentes\/","url":"https:\/\/www.eldiariodetucuman.com\/web\/baradel-le-pidio-a-vidal-que-convoque-a-los-docentes\/","name":"Baradel le pidi\u00f3 a Vidal que convoque a los docentes - El Diario de Tucuman","isPartOf":{"@id":"https:\/\/www.eldiariodetucuman.com\/web\/#website"},"primaryImageOfPage":{"@id":"https:\/\/www.eldiariodetucuman.com\/web\/baradel-le-pidio-a-vidal-que-convoque-a-los-docentes\/#primaryimage"},"image":{"@id":"https:\/\/www.eldiariodetucuman.com\/web\/baradel-le-pidio-a-vidal-que-convoque-a-los-docentes\/#primaryimage"},"thumbnailUrl":"https:\/\/www.eldiariodetucuman.com\/web\/wp-content\/uploads\/2018\/02\/ed8e8232db9655b7eabfc765fbae16fe.jpeg","datePublished":"2018-02-20T14:42:06+00:00","dateModified":"2018-02-20T14:42:10+00:00","breadcrumb":{"@id":"https:\/\/www.eldiariodetucuman.com\/web\/baradel-le-pidio-a-vidal-que-convoque-a-los-docentes\/#breadcrumb"},"inLanguage":"es","potentialAction":[{"@type":"ReadAction","target":["https:\/\/www.eldiariodetucuman.com\/web\/baradel-le-pidio-a-vidal-que-convoque-a-los-docentes\/"]}]},{"@type":"ImageObject","inLanguage":"es","@id":"https:\/\/www.eldiariodetucuman.com\/web\/baradel-le-pidio-a-vidal-que-convoque-a-los-docentes\/#primaryimage","url":"https:\/\/www.eldiariodetucuman.com\/web\/wp-content\/uploads\/2018\/02\/ed8e8232db9655b7eabfc765fbae16fe.jpeg","contentUrl":"https:\/\/www.eldiariodetucuman.com\/web\/wp-content\/uploads\/2018\/02\/ed8e8232db9655b7eabfc765fbae16fe.jpeg","width":960,"height":540},{"@type":"BreadcrumbList","@id":"https:\/\/www.eldiariodetucuman.com\/web\/baradel-le-pidio-a-vidal-que-convoque-a-los-docentes\/#breadcrumb","itemListElement":[{"@type":"ListItem","position":1,"name":"Portada","item":"https:\/\/www.eldiariodetucuman.com\/web\/"},{"@type":"ListItem","position":2,"name":"Baradel le pidi\u00f3 a Vidal que convoque a los docentes"}]},{"@type":"WebSite","@id":"https:\/\/www.eldiariodetucuman.com\/web\/#website","url":"https:\/\/www.eldiariodetucuman.com\/web\/","name":"El Diario de Tucuman","description":"Diario Tucuman - Informaci\u00f3n y noticias","publisher":{"@id":"https:\/\/www.eldiariodetucuman.com\/web\/#organization"},"potentialAction":[{"@type":"SearchAction","target":{"@type":"EntryPoint","urlTemplate":"https:\/\/www.eldiariodetucuman.com\/web\/?s={search_term_string}"},"query-input":{"@type":"PropertyValueSpecification","valueRequired":true,"valueName":"search_term_string"}}],"inLanguage":"es"},{"@type":"Organization","@id":"https:\/\/www.eldiariodetucuman.com\/web\/#organization","name":"El Diario de Tucuman","url":"https:\/\/www.eldiariodetucuman.com\/web\/","logo":{"@type":"ImageObject","inLanguage":"es","@id":"https:\/\/www.eldiariodetucuman.com\/web\/#\/schema\/logo\/image\/","url":"http:\/\/www.eldiariodetucuman.com\/web\/wp-content\/uploads\/2017\/12\/el-diario-de-tucuman.jpg","contentUrl":"http:\/\/www.eldiariodetucuman.com\/web\/wp-content\/uploads\/2017\/12\/el-diario-de-tucuman.jpg","width":272,"height":92,"caption":"El Diario de Tucuman"},"image":{"@id":"https:\/\/www.eldiariodetucuman.com\/web\/#\/schema\/logo\/image\/"}},{"@type":"Person","@id":"https:\/\/www.eldiariodetucuman.com\/web\/#\/schema\/person\/9250197d75ab5483412e19678b121caa","name":"admin","image":{"@type":"ImageObject","inLanguage":"es","@id":"https:\/\/secure.gravatar.com\/avatar\/c44d117c2be811212c22cb481f6b8384b6873de103fbc49e7a03cc58d7dea4ac?s=96&d=mm&r=g","url":"https:\/\/secure.gravatar.com\/avatar\/c44d117c2be811212c22cb481f6b8384b6873de103fbc49e7a03cc58d7dea4ac?s=96&d=mm&r=g","contentUrl":"https:\/\/secure.gravatar.com\/avatar\/c44d117c2be811212c22cb481f6b8384b6873de103fbc49e7a03cc58d7dea4ac?s=96&d=mm&r=g","caption":"admin"},"url":"https:\/\/www.eldiariodetucuman.com\/web\/author\/admin\/"}]}},"_links":{"self":[{"href":"https:\/\/www.eldiariodetucuman.com\/web\/wp-json\/wp\/v2\/posts\/5571","targetHints":{"allow":["GET"]}}],"collection":[{"href":"https:\/\/www.eldiariodetucuman.com\/web\/wp-json\/wp\/v2\/posts"}],"about":[{"href":"https:\/\/www.eldiariodetucuman.com\/web\/wp-json\/wp\/v2\/types\/post"}],"author":[{"embeddable":true,"href":"https:\/\/www.eldiariodetucuman.com\/web\/wp-json\/wp\/v2\/users\/1"}],"replies":[{"embeddable":true,"href":"https:\/\/www.eldiariodetucuman.com\/web\/wp-json\/wp\/v2\/comments?post=5571"}],"version-history":[{"count":1,"href":"https:\/\/www.eldiariodetucuman.com\/web\/wp-json\/wp\/v2\/posts\/5571\/revisions"}],"predecessor-version":[{"id":5573,"href":"https:\/\/www.eldiariodetucuman.com\/web\/wp-json\/wp\/v2\/posts\/5571\/revisions\/5573"}],"wp:featuredmedia":[{"embeddable":true,"href":"https:\/\/www.eldiariodetucuman.com\/web\/wp-json\/wp\/v2\/media\/5572"}],"wp:attachment":[{"href":"https:\/\/www.eldiariodetucuman.com\/web\/wp-json\/wp\/v2\/media?parent=5571"}],"wp:term":[{"taxonomy":"category","embeddable":true,"href":"https:\/\/www.eldiariodetucuman.com\/web\/wp-json\/wp\/v2\/categories?post=5571"},{"taxonomy":"post_tag","embeddable":true,"href":"https:\/\/www.eldiariodetucuman.com\/web\/wp-json\/wp\/v2\/tags?post=5571"}],"curies":[{"name":"wp","href":"https:\/\/api.w.org\/{rel}","templated":true}]}}