{"id":5568,"date":"2018-02-20T11:41:48","date_gmt":"2018-02-20T14:41:48","guid":{"rendered":"http:\/\/www.eldiariodetucuman.com\/web\/proponen-aumento-para-las-tarifas-del-agua-del-26\/"},"modified":"2018-02-20T11:41:51","modified_gmt":"2018-02-20T14:41:51","slug":"proponen-aumento-para-las-tarifas-del-agua-del-26","status":"publish","type":"post","link":"https:\/\/www.eldiariodetucuman.com\/web\/proponen-aumento-para-las-tarifas-del-agua-del-26\/","title":{"rendered":"Proponen aumento para las tarifas del agua del 26%"},"content":{"rendered":"<div>\n<div readability=\"36.097813578826\">\n<p>La <strong>Subsecretar\u00eda de Recursos H\u00eddricos<\/strong>, dependiente del Ministerio del Interior, Obras P\u00fablicas y Vivienda, dispuso la convocatoria a una <strong>audiencia p\u00fablica <\/strong>para la presentaci\u00f3n de argumentos a favor y en contra del <strong><a href=\"https:\/\/www.elintransigente.com\/economia\/2018\/2\/3\/aguas-bonaerenses-confirmo-el-alza-del-40-477588.html\">aumento de las tarifas de agua<\/a><\/strong>. La misma se llevar\u00e1 a cabo el 15 de marzo.<\/p>\n<p>La empresa <strong><a href=\"https:\/\/www.elintransigente.com\/politica\/2018\/2\/15\/odebrecht-rechazan-aysa-como-querellante-en-la-causa-478897.html\">Agua y Saneamientos Argentinos Sociedad An\u00f3nima<\/a><\/strong> (AySA) present\u00f3 a las autoridades de la Subsecretar\u00eda de Recursos H\u00eddricos del Ministerio del Interior, Obras P\u00fablicas y Vivienda, una propuesta de adecuaci\u00f3n <strong><a href=\"https:\/\/www.elintransigente.com\/economia\/2017\/11\/20\/aumentos-el-ciento-ciento-dijo-aranguren-467374.html\">tarifaria<\/a><\/strong> cercana al <strong>26% anual a partir del 1 de mayo<\/strong> y el retiro progresivo de subsidios que ronda el 25%. Para establecer mecanismos de participaci\u00f3n por parte de la comunidad, el organismo competente dispuso la convocatoria a una audiencia p\u00fablica. La misma qued\u00f3 a cargo del Ente Regulador de Agua y Saneamiento.<\/p>\n<p>La audiencia se desarrollar\u00e1 a las 10 horas del 15 del marzo, en la Ciudad de Buenos Aires, seg\u00fan se consigna en el Bolet\u00edn Oficial. De la audiencia puede participar cualquier persona que lo requiera y se encuentre alcanzada por el asunto que la convoca, siempre que primeramente se inscriba. Las inscripciones para participar de la audiencia comenzar\u00e1n el 23 de febrero y se realizar\u00e1n hasta el 13 de marzo.<\/p>\n<aside class=\"htmlinline \"><ins class=\"adsbygoogle\" data-ad-format=\"fluid\" data-ad-layout=\"in-article\" data-ad-client=\"ca-pub-7781556717282971\" data-ad-slot=\"9383133609\"><\/ins><br \/>\n<\/aside>\n<p>La autoridad de aplicaci\u00f3n, luego de un plazo de 30 d\u00edas, analizar\u00e1 las opiniones de la ciudadan\u00eda, el informe del \u00e1rea pertinente y tomar\u00e1 una decisi\u00f3n. De concretarse el aumento propuesto por la empresa, del 26%, el monto de la tarifa promedio llegar\u00e1 a los 416 pesos mensuales totales o 208 por servicio (agua y cloacas). La tarifa m\u00ednima rondar\u00e1 los 260 pesos por mes (130 cada servicio). El 80% de los usuarios se encuentran en el primer grupo y el 50% en el segundo.<\/p>\n<p>\u00a0<\/p>\n<\/div>\n<\/div>\n<p>Fuente: https:\/\/www.elintransigente.com\/politica\/2018\/2\/20\/proponen-aumento-para-las-tarifas-del-agua-del-26-479355.html<\/p>\n","protected":false},"excerpt":{"rendered":"<p>La Subsecretar\u00eda de Recursos H\u00eddricos, dependiente del Ministerio del Interior, Obras P\u00fablicas y Vivienda, dispuso la convocatoria a una audiencia p\u00fablica para la presentaci\u00f3n de argumentos a favor y en contra del aumento de las tarifas de agua. La misma se llevar\u00e1 a cabo el 15 de marzo. La empresa Agua y Saneamientos Argentinos Sociedad [&hellip;]<\/p>\n","protected":false},"author":1,"featured_media":5569,"comment_status":"open","ping_status":"closed","sticky":false,"template":"","format":"standard","meta":{"footnotes":""},"categories":[1],"tags":[],"class_list":{"0":"post-5568","1":"post","2":"type-post","3":"status-publish","4":"format-standard","5":"has-post-thumbnail","7":"category-portada"},"yoast_head":"<!-- This site is optimized with the Yoast SEO plugin v27.5 - https:\/\/yoast.com\/product\/yoast-seo-wordpress\/ -->\n<title>Proponen aumento para las tarifas del agua del 26% - El Diario de Tucuman<\/title>\n<meta name=\"robots\" content=\"index, follow, max-snippet:-1, max-image-preview:large, max-video-preview:-1\" \/>\n<link rel=\"canonical\" href=\"https:\/\/www.eldiariodetucuman.com\/web\/proponen-aumento-para-las-tarifas-del-agua-del-26\/\" \/>\n<meta property=\"og:locale\" content=\"es_ES\" \/>\n<meta property=\"og:type\" content=\"article\" \/>\n<meta property=\"og:title\" content=\"Proponen aumento para las tarifas del agua del 26% - El Diario de Tucuman\" \/>\n<meta property=\"og:description\" content=\"La Subsecretar\u00eda de Recursos H\u00eddricos, dependiente del Ministerio del Interior, Obras P\u00fablicas y Vivienda, dispuso la convocatoria a una audiencia p\u00fablica para la presentaci\u00f3n de argumentos a favor y en contra del aumento de las tarifas de agua. La misma se llevar\u00e1 a cabo el 15 de marzo. La empresa Agua y Saneamientos Argentinos Sociedad [&hellip;]\" \/>\n<meta property=\"og:url\" content=\"https:\/\/www.eldiariodetucuman.com\/web\/proponen-aumento-para-las-tarifas-del-agua-del-26\/\" \/>\n<meta property=\"og:site_name\" content=\"El Diario de Tucuman\" \/>\n<meta property=\"article:published_time\" content=\"2018-02-20T14:41:48+00:00\" \/>\n<meta property=\"article:modified_time\" content=\"2018-02-20T14:41:51+00:00\" \/>\n<meta property=\"og:image\" content=\"https:\/\/www.eldiariodetucuman.com\/web\/wp-content\/uploads\/2018\/02\/8516bcb08c32f6f719db1f9716018136.jpeg\" \/>\n\t<meta property=\"og:image:width\" content=\"960\" \/>\n\t<meta property=\"og:image:height\" content=\"640\" \/>\n\t<meta property=\"og:image:type\" content=\"image\/jpeg\" \/>\n<meta name=\"author\" content=\"admin\" \/>\n<meta name=\"twitter:card\" content=\"summary_large_image\" \/>\n<meta name=\"twitter:label1\" content=\"Escrito por\" \/>\n\t<meta name=\"twitter:data1\" content=\"admin\" \/>\n\t<meta name=\"twitter:label2\" content=\"Tiempo de lectura\" \/>\n\t<meta name=\"twitter:data2\" content=\"2 minutos\" \/>\n<script type=\"application\/ld+json\" class=\"yoast-schema-graph\">{\"@context\":\"https:\\\/\\\/schema.org\",\"@graph\":[{\"@type\":\"Article\",\"@id\":\"https:\\\/\\\/www.eldiariodetucuman.com\\\/web\\\/proponen-aumento-para-las-tarifas-del-agua-del-26\\\/#article\",\"isPartOf\":{\"@id\":\"https:\\\/\\\/www.eldiariodetucuman.com\\\/web\\\/proponen-aumento-para-las-tarifas-del-agua-del-26\\\/\"},\"author\":{\"name\":\"admin\",\"@id\":\"https:\\\/\\\/www.eldiariodetucuman.com\\\/web\\\/#\\\/schema\\\/person\\\/9250197d75ab5483412e19678b121caa\"},\"headline\":\"Proponen aumento para las tarifas del agua del 26%\",\"datePublished\":\"2018-02-20T14:41:48+00:00\",\"dateModified\":\"2018-02-20T14:41:51+00:00\",\"mainEntityOfPage\":{\"@id\":\"https:\\\/\\\/www.eldiariodetucuman.com\\\/web\\\/proponen-aumento-para-las-tarifas-del-agua-del-26\\\/\"},\"wordCount\":309,\"commentCount\":0,\"publisher\":{\"@id\":\"https:\\\/\\\/www.eldiariodetucuman.com\\\/web\\\/#organization\"},\"image\":{\"@id\":\"https:\\\/\\\/www.eldiariodetucuman.com\\\/web\\\/proponen-aumento-para-las-tarifas-del-agua-del-26\\\/#primaryimage\"},\"thumbnailUrl\":\"https:\\\/\\\/www.eldiariodetucuman.com\\\/web\\\/wp-content\\\/uploads\\\/2018\\\/02\\\/8516bcb08c32f6f719db1f9716018136.jpeg\",\"articleSection\":[\"Portada\"],\"inLanguage\":\"es\",\"potentialAction\":[{\"@type\":\"CommentAction\",\"name\":\"Comment\",\"target\":[\"https:\\\/\\\/www.eldiariodetucuman.com\\\/web\\\/proponen-aumento-para-las-tarifas-del-agua-del-26\\\/#respond\"]}]},{\"@type\":\"WebPage\",\"@id\":\"https:\\\/\\\/www.eldiariodetucuman.com\\\/web\\\/proponen-aumento-para-las-tarifas-del-agua-del-26\\\/\",\"url\":\"https:\\\/\\\/www.eldiariodetucuman.com\\\/web\\\/proponen-aumento-para-las-tarifas-del-agua-del-26\\\/\",\"name\":\"Proponen aumento para las tarifas del agua del 26% - El Diario de Tucuman\",\"isPartOf\":{\"@id\":\"https:\\\/\\\/www.eldiariodetucuman.com\\\/web\\\/#website\"},\"primaryImageOfPage\":{\"@id\":\"https:\\\/\\\/www.eldiariodetucuman.com\\\/web\\\/proponen-aumento-para-las-tarifas-del-agua-del-26\\\/#primaryimage\"},\"image\":{\"@id\":\"https:\\\/\\\/www.eldiariodetucuman.com\\\/web\\\/proponen-aumento-para-las-tarifas-del-agua-del-26\\\/#primaryimage\"},\"thumbnailUrl\":\"https:\\\/\\\/www.eldiariodetucuman.com\\\/web\\\/wp-content\\\/uploads\\\/2018\\\/02\\\/8516bcb08c32f6f719db1f9716018136.jpeg\",\"datePublished\":\"2018-02-20T14:41:48+00:00\",\"dateModified\":\"2018-02-20T14:41:51+00:00\",\"breadcrumb\":{\"@id\":\"https:\\\/\\\/www.eldiariodetucuman.com\\\/web\\\/proponen-aumento-para-las-tarifas-del-agua-del-26\\\/#breadcrumb\"},\"inLanguage\":\"es\",\"potentialAction\":[{\"@type\":\"ReadAction\",\"target\":[\"https:\\\/\\\/www.eldiariodetucuman.com\\\/web\\\/proponen-aumento-para-las-tarifas-del-agua-del-26\\\/\"]}]},{\"@type\":\"ImageObject\",\"inLanguage\":\"es\",\"@id\":\"https:\\\/\\\/www.eldiariodetucuman.com\\\/web\\\/proponen-aumento-para-las-tarifas-del-agua-del-26\\\/#primaryimage\",\"url\":\"https:\\\/\\\/www.eldiariodetucuman.com\\\/web\\\/wp-content\\\/uploads\\\/2018\\\/02\\\/8516bcb08c32f6f719db1f9716018136.jpeg\",\"contentUrl\":\"https:\\\/\\\/www.eldiariodetucuman.com\\\/web\\\/wp-content\\\/uploads\\\/2018\\\/02\\\/8516bcb08c32f6f719db1f9716018136.jpeg\",\"width\":960,\"height\":640},{\"@type\":\"BreadcrumbList\",\"@id\":\"https:\\\/\\\/www.eldiariodetucuman.com\\\/web\\\/proponen-aumento-para-las-tarifas-del-agua-del-26\\\/#breadcrumb\",\"itemListElement\":[{\"@type\":\"ListItem\",\"position\":1,\"name\":\"Portada\",\"item\":\"https:\\\/\\\/www.eldiariodetucuman.com\\\/web\\\/\"},{\"@type\":\"ListItem\",\"position\":2,\"name\":\"Proponen aumento para las tarifas del agua del 26%\"}]},{\"@type\":\"WebSite\",\"@id\":\"https:\\\/\\\/www.eldiariodetucuman.com\\\/web\\\/#website\",\"url\":\"https:\\\/\\\/www.eldiariodetucuman.com\\\/web\\\/\",\"name\":\"El Diario de Tucuman\",\"description\":\"Diario Tucuman - Informaci\u00f3n y noticias\",\"publisher\":{\"@id\":\"https:\\\/\\\/www.eldiariodetucuman.com\\\/web\\\/#organization\"},\"potentialAction\":[{\"@type\":\"SearchAction\",\"target\":{\"@type\":\"EntryPoint\",\"urlTemplate\":\"https:\\\/\\\/www.eldiariodetucuman.com\\\/web\\\/?s={search_term_string}\"},\"query-input\":{\"@type\":\"PropertyValueSpecification\",\"valueRequired\":true,\"valueName\":\"search_term_string\"}}],\"inLanguage\":\"es\"},{\"@type\":\"Organization\",\"@id\":\"https:\\\/\\\/www.eldiariodetucuman.com\\\/web\\\/#organization\",\"name\":\"El Diario de Tucuman\",\"url\":\"https:\\\/\\\/www.eldiariodetucuman.com\\\/web\\\/\",\"logo\":{\"@type\":\"ImageObject\",\"inLanguage\":\"es\",\"@id\":\"https:\\\/\\\/www.eldiariodetucuman.com\\\/web\\\/#\\\/schema\\\/logo\\\/image\\\/\",\"url\":\"http:\\\/\\\/www.eldiariodetucuman.com\\\/web\\\/wp-content\\\/uploads\\\/2017\\\/12\\\/el-diario-de-tucuman.jpg\",\"contentUrl\":\"http:\\\/\\\/www.eldiariodetucuman.com\\\/web\\\/wp-content\\\/uploads\\\/2017\\\/12\\\/el-diario-de-tucuman.jpg\",\"width\":272,\"height\":92,\"caption\":\"El Diario de Tucuman\"},\"image\":{\"@id\":\"https:\\\/\\\/www.eldiariodetucuman.com\\\/web\\\/#\\\/schema\\\/logo\\\/image\\\/\"}},{\"@type\":\"Person\",\"@id\":\"https:\\\/\\\/www.eldiariodetucuman.com\\\/web\\\/#\\\/schema\\\/person\\\/9250197d75ab5483412e19678b121caa\",\"name\":\"admin\",\"image\":{\"@type\":\"ImageObject\",\"inLanguage\":\"es\",\"@id\":\"https:\\\/\\\/secure.gravatar.com\\\/avatar\\\/c44d117c2be811212c22cb481f6b8384b6873de103fbc49e7a03cc58d7dea4ac?s=96&d=mm&r=g\",\"url\":\"https:\\\/\\\/secure.gravatar.com\\\/avatar\\\/c44d117c2be811212c22cb481f6b8384b6873de103fbc49e7a03cc58d7dea4ac?s=96&d=mm&r=g\",\"contentUrl\":\"https:\\\/\\\/secure.gravatar.com\\\/avatar\\\/c44d117c2be811212c22cb481f6b8384b6873de103fbc49e7a03cc58d7dea4ac?s=96&d=mm&r=g\",\"caption\":\"admin\"},\"url\":\"https:\\\/\\\/www.eldiariodetucuman.com\\\/web\\\/author\\\/admin\\\/\"}]}<\/script>\n<!-- \/ Yoast SEO plugin. -->","yoast_head_json":{"title":"Proponen aumento para las tarifas del agua del 26% - El Diario de Tucuman","robots":{"index":"index","follow":"follow","max-snippet":"max-snippet:-1","max-image-preview":"max-image-preview:large","max-video-preview":"max-video-preview:-1"},"canonical":"https:\/\/www.eldiariodetucuman.com\/web\/proponen-aumento-para-las-tarifas-del-agua-del-26\/","og_locale":"es_ES","og_type":"article","og_title":"Proponen aumento para las tarifas del agua del 26% - El Diario de Tucuman","og_description":"La Subsecretar\u00eda de Recursos H\u00eddricos, dependiente del Ministerio del Interior, Obras P\u00fablicas y Vivienda, dispuso la convocatoria a una audiencia p\u00fablica para la presentaci\u00f3n de argumentos a favor y en contra del aumento de las tarifas de agua. La misma se llevar\u00e1 a cabo el 15 de marzo. La empresa Agua y Saneamientos Argentinos Sociedad [&hellip;]","og_url":"https:\/\/www.eldiariodetucuman.com\/web\/proponen-aumento-para-las-tarifas-del-agua-del-26\/","og_site_name":"El Diario de Tucuman","article_published_time":"2018-02-20T14:41:48+00:00","article_modified_time":"2018-02-20T14:41:51+00:00","og_image":[{"width":960,"height":640,"url":"https:\/\/www.eldiariodetucuman.com\/web\/wp-content\/uploads\/2018\/02\/8516bcb08c32f6f719db1f9716018136.jpeg","type":"image\/jpeg"}],"author":"admin","twitter_card":"summary_large_image","twitter_misc":{"Escrito por":"admin","Tiempo de lectura":"2 minutos"},"schema":{"@context":"https:\/\/schema.org","@graph":[{"@type":"Article","@id":"https:\/\/www.eldiariodetucuman.com\/web\/proponen-aumento-para-las-tarifas-del-agua-del-26\/#article","isPartOf":{"@id":"https:\/\/www.eldiariodetucuman.com\/web\/proponen-aumento-para-las-tarifas-del-agua-del-26\/"},"author":{"name":"admin","@id":"https:\/\/www.eldiariodetucuman.com\/web\/#\/schema\/person\/9250197d75ab5483412e19678b121caa"},"headline":"Proponen aumento para las tarifas del agua del 26%","datePublished":"2018-02-20T14:41:48+00:00","dateModified":"2018-02-20T14:41:51+00:00","mainEntityOfPage":{"@id":"https:\/\/www.eldiariodetucuman.com\/web\/proponen-aumento-para-las-tarifas-del-agua-del-26\/"},"wordCount":309,"commentCount":0,"publisher":{"@id":"https:\/\/www.eldiariodetucuman.com\/web\/#organization"},"image":{"@id":"https:\/\/www.eldiariodetucuman.com\/web\/proponen-aumento-para-las-tarifas-del-agua-del-26\/#primaryimage"},"thumbnailUrl":"https:\/\/www.eldiariodetucuman.com\/web\/wp-content\/uploads\/2018\/02\/8516bcb08c32f6f719db1f9716018136.jpeg","articleSection":["Portada"],"inLanguage":"es","potentialAction":[{"@type":"CommentAction","name":"Comment","target":["https:\/\/www.eldiariodetucuman.com\/web\/proponen-aumento-para-las-tarifas-del-agua-del-26\/#respond"]}]},{"@type":"WebPage","@id":"https:\/\/www.eldiariodetucuman.com\/web\/proponen-aumento-para-las-tarifas-del-agua-del-26\/","url":"https:\/\/www.eldiariodetucuman.com\/web\/proponen-aumento-para-las-tarifas-del-agua-del-26\/","name":"Proponen aumento para las tarifas del agua del 26% - El Diario de Tucuman","isPartOf":{"@id":"https:\/\/www.eldiariodetucuman.com\/web\/#website"},"primaryImageOfPage":{"@id":"https:\/\/www.eldiariodetucuman.com\/web\/proponen-aumento-para-las-tarifas-del-agua-del-26\/#primaryimage"},"image":{"@id":"https:\/\/www.eldiariodetucuman.com\/web\/proponen-aumento-para-las-tarifas-del-agua-del-26\/#primaryimage"},"thumbnailUrl":"https:\/\/www.eldiariodetucuman.com\/web\/wp-content\/uploads\/2018\/02\/8516bcb08c32f6f719db1f9716018136.jpeg","datePublished":"2018-02-20T14:41:48+00:00","dateModified":"2018-02-20T14:41:51+00:00","breadcrumb":{"@id":"https:\/\/www.eldiariodetucuman.com\/web\/proponen-aumento-para-las-tarifas-del-agua-del-26\/#breadcrumb"},"inLanguage":"es","potentialAction":[{"@type":"ReadAction","target":["https:\/\/www.eldiariodetucuman.com\/web\/proponen-aumento-para-las-tarifas-del-agua-del-26\/"]}]},{"@type":"ImageObject","inLanguage":"es","@id":"https:\/\/www.eldiariodetucuman.com\/web\/proponen-aumento-para-las-tarifas-del-agua-del-26\/#primaryimage","url":"https:\/\/www.eldiariodetucuman.com\/web\/wp-content\/uploads\/2018\/02\/8516bcb08c32f6f719db1f9716018136.jpeg","contentUrl":"https:\/\/www.eldiariodetucuman.com\/web\/wp-content\/uploads\/2018\/02\/8516bcb08c32f6f719db1f9716018136.jpeg","width":960,"height":640},{"@type":"BreadcrumbList","@id":"https:\/\/www.eldiariodetucuman.com\/web\/proponen-aumento-para-las-tarifas-del-agua-del-26\/#breadcrumb","itemListElement":[{"@type":"ListItem","position":1,"name":"Portada","item":"https:\/\/www.eldiariodetucuman.com\/web\/"},{"@type":"ListItem","position":2,"name":"Proponen aumento para las tarifas del agua del 26%"}]},{"@type":"WebSite","@id":"https:\/\/www.eldiariodetucuman.com\/web\/#website","url":"https:\/\/www.eldiariodetucuman.com\/web\/","name":"El Diario de Tucuman","description":"Diario Tucuman - Informaci\u00f3n y noticias","publisher":{"@id":"https:\/\/www.eldiariodetucuman.com\/web\/#organization"},"potentialAction":[{"@type":"SearchAction","target":{"@type":"EntryPoint","urlTemplate":"https:\/\/www.eldiariodetucuman.com\/web\/?s={search_term_string}"},"query-input":{"@type":"PropertyValueSpecification","valueRequired":true,"valueName":"search_term_string"}}],"inLanguage":"es"},{"@type":"Organization","@id":"https:\/\/www.eldiariodetucuman.com\/web\/#organization","name":"El Diario de Tucuman","url":"https:\/\/www.eldiariodetucuman.com\/web\/","logo":{"@type":"ImageObject","inLanguage":"es","@id":"https:\/\/www.eldiariodetucuman.com\/web\/#\/schema\/logo\/image\/","url":"http:\/\/www.eldiariodetucuman.com\/web\/wp-content\/uploads\/2017\/12\/el-diario-de-tucuman.jpg","contentUrl":"http:\/\/www.eldiariodetucuman.com\/web\/wp-content\/uploads\/2017\/12\/el-diario-de-tucuman.jpg","width":272,"height":92,"caption":"El Diario de Tucuman"},"image":{"@id":"https:\/\/www.eldiariodetucuman.com\/web\/#\/schema\/logo\/image\/"}},{"@type":"Person","@id":"https:\/\/www.eldiariodetucuman.com\/web\/#\/schema\/person\/9250197d75ab5483412e19678b121caa","name":"admin","image":{"@type":"ImageObject","inLanguage":"es","@id":"https:\/\/secure.gravatar.com\/avatar\/c44d117c2be811212c22cb481f6b8384b6873de103fbc49e7a03cc58d7dea4ac?s=96&d=mm&r=g","url":"https:\/\/secure.gravatar.com\/avatar\/c44d117c2be811212c22cb481f6b8384b6873de103fbc49e7a03cc58d7dea4ac?s=96&d=mm&r=g","contentUrl":"https:\/\/secure.gravatar.com\/avatar\/c44d117c2be811212c22cb481f6b8384b6873de103fbc49e7a03cc58d7dea4ac?s=96&d=mm&r=g","caption":"admin"},"url":"https:\/\/www.eldiariodetucuman.com\/web\/author\/admin\/"}]}},"_links":{"self":[{"href":"https:\/\/www.eldiariodetucuman.com\/web\/wp-json\/wp\/v2\/posts\/5568","targetHints":{"allow":["GET"]}}],"collection":[{"href":"https:\/\/www.eldiariodetucuman.com\/web\/wp-json\/wp\/v2\/posts"}],"about":[{"href":"https:\/\/www.eldiariodetucuman.com\/web\/wp-json\/wp\/v2\/types\/post"}],"author":[{"embeddable":true,"href":"https:\/\/www.eldiariodetucuman.com\/web\/wp-json\/wp\/v2\/users\/1"}],"replies":[{"embeddable":true,"href":"https:\/\/www.eldiariodetucuman.com\/web\/wp-json\/wp\/v2\/comments?post=5568"}],"version-history":[{"count":1,"href":"https:\/\/www.eldiariodetucuman.com\/web\/wp-json\/wp\/v2\/posts\/5568\/revisions"}],"predecessor-version":[{"id":5570,"href":"https:\/\/www.eldiariodetucuman.com\/web\/wp-json\/wp\/v2\/posts\/5568\/revisions\/5570"}],"wp:featuredmedia":[{"embeddable":true,"href":"https:\/\/www.eldiariodetucuman.com\/web\/wp-json\/wp\/v2\/media\/5569"}],"wp:attachment":[{"href":"https:\/\/www.eldiariodetucuman.com\/web\/wp-json\/wp\/v2\/media?parent=5568"}],"wp:term":[{"taxonomy":"category","embeddable":true,"href":"https:\/\/www.eldiariodetucuman.com\/web\/wp-json\/wp\/v2\/categories?post=5568"},{"taxonomy":"post_tag","embeddable":true,"href":"https:\/\/www.eldiariodetucuman.com\/web\/wp-json\/wp\/v2\/tags?post=5568"}],"curies":[{"name":"wp","href":"https:\/\/api.w.org\/{rel}","templated":true}]}}