{"id":5560,"date":"2018-02-19T13:02:11","date_gmt":"2018-02-19T16:02:11","guid":{"rendered":"http:\/\/www.eldiariodetucuman.com\/web\/liz-solari-sera-la-nueva-conductora-de-resto-del-mundo\/"},"modified":"2018-02-19T13:02:12","modified_gmt":"2018-02-19T16:02:12","slug":"liz-solari-sera-la-nueva-conductora-de-resto-del-mundo","status":"publish","type":"post","link":"https:\/\/www.eldiariodetucuman.com\/web\/liz-solari-sera-la-nueva-conductora-de-resto-del-mundo\/","title":{"rendered":"Liz Solari ser\u00e1 la nueva conductora de \u201cResto del Mundo\u201d"},"content":{"rendered":"<div>\n<div readability=\"80\">\n<p>Durante 15 a\u00f1os ininterrumpidos, \u201cResto del Mundo\u201d recorri\u00f3 650 ciudades y carg\u00f3 3.000 horas de vuelo.<\/p>\n<p>Ahora, despu\u00e9s de 10 a\u00f1os, <b>Iv\u00e1n de Pineda<\/b> dejar\u00e1 de ser su conductor, pero la producci\u00f3n del famoso programa de El Trece ya le encontr\u00f3 un reemplazo: <b>Liz Solari<\/b>.<\/p>\n<p>El debut ser\u00e1 el s\u00e1bado 24 de marzo y se sabe que el primer destino ser\u00e1 Ocean\u00eda, con visitas a  Australia y Nueva Zelanda, en particular. <\/p>\n<p>La actriz y modelo confirm\u00f3 la informaci\u00f3n a diferentes portales y medios. \u201cCuando los Hermanos Valenzuela (productores del ciclo) me ofrecieron conducir \u2018Resto del Mundo\u2019 me dio mucha felicidad. \u00a1Amo ese programa y la experiencia de viajar! Mi viaje por este mundo empez\u00f3 en la panza de mam\u00e1. Todo indicaba que iba a nacer en M\u00e9xico; mi familia se mud\u00f3 y, finalmente, nac\u00ed en Colombia. Desde ese d\u00eda hasta hoy, tuve la bendici\u00f3n de haber vivido en muchos pa\u00edses\u201d, dijo Solari. Y a\u00f1adi\u00f3: \u201cViajando entend\u00ed que, m\u00e1s all\u00e1 de las diferencias de culturas, credos y lenguajes, estamos todos unidos compartiendo una misma casa, nuestro planeta, que tenemos que cuidar y ayudar a sanar. Por eso -adem\u00e1s de seguir conociendo las bellezas del mundo-, uno de los desaf\u00edos m\u00e1s lindos que tendremos en esta nueva temporada ser\u00e1 darle visibilidad a los proyectos a favor de la protecci\u00f3n del medio ambiente y los seres que habitan en \u00e9l\u201c, adelant\u00f3 Liz. De esta forma, adelant\u00f3 una caracter\u00edstica que distinguir\u00e1 esta temporada de las anteriores.<\/p>\n<p>Iv\u00e1n de Pineda destac\u00f3 su participaci\u00f3n en el programa y dijo que se lleva momentos \u00fanicos, amigos y viajes llenos de historia. \u201c \u00a1Estoy seguro de que Liz ser\u00e1 una gran viajera!\u201d.<\/p>\n<p><b>Orientaci\u00f3n<\/b><\/p>\n<p>Por El Trece, el ciclo comenz\u00f3 en 2004 con la conducci\u00f3n de <b>Sergio Goycochea<\/b>, que en 2008 fue reemplazado por De Pineda. <\/p>\n<p>La idea inicial era mostrar argentinos exitosos en el mundo pero cada vez m\u00e1s el foco se puso en la ciudad y sus habitantes, con lo cual cambi\u00f3 el car\u00e1cter del programa, lo que tuvo una excelente recepci\u00f3n entre los espectadores y confirm\u00f3, pues, esta nueva orientaci\u00f3n que lo convirti\u00f3 en un favorito de la televisi\u00f3n. <\/p>\n<\/p><\/div>\n<\/div>\n<p>Fuente: http:\/\/www.lagaceta.com.ar\/nota\/761759\/espectaculos\/liz-solari-sera-nueva-conductora-resto-mundo.html<\/p>\n","protected":false},"excerpt":{"rendered":"<p>Durante 15 a\u00f1os ininterrumpidos, \u201cResto del Mundo\u201d recorri\u00f3 650 ciudades y carg\u00f3 3.000 horas de vuelo. Ahora, despu\u00e9s de 10 a\u00f1os, Iv\u00e1n de Pineda dejar\u00e1 de ser su conductor, pero la producci\u00f3n del famoso programa de El Trece ya le encontr\u00f3 un reemplazo: Liz Solari. El debut ser\u00e1 el s\u00e1bado 24 de marzo y se [&hellip;]<\/p>\n","protected":false},"author":1,"featured_media":5561,"comment_status":"open","ping_status":"closed","sticky":false,"template":"","format":"standard","meta":{"footnotes":""},"categories":[152],"tags":[],"class_list":{"0":"post-5560","1":"post","2":"type-post","3":"status-publish","4":"format-standard","5":"has-post-thumbnail","7":"category-argentina"},"yoast_head":"<!-- This site is optimized with the Yoast SEO plugin v27.5 - https:\/\/yoast.com\/product\/yoast-seo-wordpress\/ -->\n<title>Liz Solari ser\u00e1 la nueva conductora de \u201cResto del Mundo\u201d - El Diario de Tucuman<\/title>\n<meta name=\"robots\" content=\"index, follow, max-snippet:-1, max-image-preview:large, max-video-preview:-1\" \/>\n<link rel=\"canonical\" href=\"https:\/\/www.eldiariodetucuman.com\/web\/liz-solari-sera-la-nueva-conductora-de-resto-del-mundo\/\" \/>\n<meta property=\"og:locale\" content=\"es_ES\" \/>\n<meta property=\"og:type\" content=\"article\" \/>\n<meta property=\"og:title\" content=\"Liz Solari ser\u00e1 la nueva conductora de \u201cResto del Mundo\u201d - El Diario de Tucuman\" \/>\n<meta property=\"og:description\" content=\"Durante 15 a\u00f1os ininterrumpidos, \u201cResto del Mundo\u201d recorri\u00f3 650 ciudades y carg\u00f3 3.000 horas de vuelo. Ahora, despu\u00e9s de 10 a\u00f1os, Iv\u00e1n de Pineda dejar\u00e1 de ser su conductor, pero la producci\u00f3n del famoso programa de El Trece ya le encontr\u00f3 un reemplazo: Liz Solari. El debut ser\u00e1 el s\u00e1bado 24 de marzo y se [&hellip;]\" \/>\n<meta property=\"og:url\" content=\"https:\/\/www.eldiariodetucuman.com\/web\/liz-solari-sera-la-nueva-conductora-de-resto-del-mundo\/\" \/>\n<meta property=\"og:site_name\" content=\"El Diario de Tucuman\" \/>\n<meta property=\"article:published_time\" content=\"2018-02-19T16:02:11+00:00\" \/>\n<meta property=\"article:modified_time\" content=\"2018-02-19T16:02:12+00:00\" \/>\n<meta property=\"og:image\" content=\"https:\/\/www.eldiariodetucuman.com\/web\/wp-content\/uploads\/2018\/02\/cf24294bf0a4cd213d596288d7d93fa8.jpeg\" \/>\n\t<meta property=\"og:image:width\" content=\"970\" \/>\n\t<meta property=\"og:image:height\" content=\"970\" \/>\n\t<meta property=\"og:image:type\" content=\"image\/jpeg\" \/>\n<meta name=\"author\" content=\"admin\" \/>\n<meta name=\"twitter:card\" content=\"summary_large_image\" \/>\n<meta name=\"twitter:label1\" content=\"Escrito por\" \/>\n\t<meta name=\"twitter:data1\" content=\"admin\" \/>\n\t<meta name=\"twitter:label2\" content=\"Tiempo de lectura\" \/>\n\t<meta name=\"twitter:data2\" content=\"2 minutos\" \/>\n<script type=\"application\/ld+json\" class=\"yoast-schema-graph\">{\"@context\":\"https:\\\/\\\/schema.org\",\"@graph\":[{\"@type\":\"Article\",\"@id\":\"https:\\\/\\\/www.eldiariodetucuman.com\\\/web\\\/liz-solari-sera-la-nueva-conductora-de-resto-del-mundo\\\/#article\",\"isPartOf\":{\"@id\":\"https:\\\/\\\/www.eldiariodetucuman.com\\\/web\\\/liz-solari-sera-la-nueva-conductora-de-resto-del-mundo\\\/\"},\"author\":{\"name\":\"admin\",\"@id\":\"https:\\\/\\\/www.eldiariodetucuman.com\\\/web\\\/#\\\/schema\\\/person\\\/9250197d75ab5483412e19678b121caa\"},\"headline\":\"Liz Solari ser\u00e1 la nueva conductora de \u201cResto del Mundo\u201d\",\"datePublished\":\"2018-02-19T16:02:11+00:00\",\"dateModified\":\"2018-02-19T16:02:12+00:00\",\"mainEntityOfPage\":{\"@id\":\"https:\\\/\\\/www.eldiariodetucuman.com\\\/web\\\/liz-solari-sera-la-nueva-conductora-de-resto-del-mundo\\\/\"},\"wordCount\":393,\"commentCount\":0,\"publisher\":{\"@id\":\"https:\\\/\\\/www.eldiariodetucuman.com\\\/web\\\/#organization\"},\"image\":{\"@id\":\"https:\\\/\\\/www.eldiariodetucuman.com\\\/web\\\/liz-solari-sera-la-nueva-conductora-de-resto-del-mundo\\\/#primaryimage\"},\"thumbnailUrl\":\"https:\\\/\\\/www.eldiariodetucuman.com\\\/web\\\/wp-content\\\/uploads\\\/2018\\\/02\\\/cf24294bf0a4cd213d596288d7d93fa8.jpeg\",\"articleSection\":[\"Argentina\"],\"inLanguage\":\"es\",\"potentialAction\":[{\"@type\":\"CommentAction\",\"name\":\"Comment\",\"target\":[\"https:\\\/\\\/www.eldiariodetucuman.com\\\/web\\\/liz-solari-sera-la-nueva-conductora-de-resto-del-mundo\\\/#respond\"]}]},{\"@type\":\"WebPage\",\"@id\":\"https:\\\/\\\/www.eldiariodetucuman.com\\\/web\\\/liz-solari-sera-la-nueva-conductora-de-resto-del-mundo\\\/\",\"url\":\"https:\\\/\\\/www.eldiariodetucuman.com\\\/web\\\/liz-solari-sera-la-nueva-conductora-de-resto-del-mundo\\\/\",\"name\":\"Liz Solari ser\u00e1 la nueva conductora de \u201cResto del Mundo\u201d - El Diario de Tucuman\",\"isPartOf\":{\"@id\":\"https:\\\/\\\/www.eldiariodetucuman.com\\\/web\\\/#website\"},\"primaryImageOfPage\":{\"@id\":\"https:\\\/\\\/www.eldiariodetucuman.com\\\/web\\\/liz-solari-sera-la-nueva-conductora-de-resto-del-mundo\\\/#primaryimage\"},\"image\":{\"@id\":\"https:\\\/\\\/www.eldiariodetucuman.com\\\/web\\\/liz-solari-sera-la-nueva-conductora-de-resto-del-mundo\\\/#primaryimage\"},\"thumbnailUrl\":\"https:\\\/\\\/www.eldiariodetucuman.com\\\/web\\\/wp-content\\\/uploads\\\/2018\\\/02\\\/cf24294bf0a4cd213d596288d7d93fa8.jpeg\",\"datePublished\":\"2018-02-19T16:02:11+00:00\",\"dateModified\":\"2018-02-19T16:02:12+00:00\",\"breadcrumb\":{\"@id\":\"https:\\\/\\\/www.eldiariodetucuman.com\\\/web\\\/liz-solari-sera-la-nueva-conductora-de-resto-del-mundo\\\/#breadcrumb\"},\"inLanguage\":\"es\",\"potentialAction\":[{\"@type\":\"ReadAction\",\"target\":[\"https:\\\/\\\/www.eldiariodetucuman.com\\\/web\\\/liz-solari-sera-la-nueva-conductora-de-resto-del-mundo\\\/\"]}]},{\"@type\":\"ImageObject\",\"inLanguage\":\"es\",\"@id\":\"https:\\\/\\\/www.eldiariodetucuman.com\\\/web\\\/liz-solari-sera-la-nueva-conductora-de-resto-del-mundo\\\/#primaryimage\",\"url\":\"https:\\\/\\\/www.eldiariodetucuman.com\\\/web\\\/wp-content\\\/uploads\\\/2018\\\/02\\\/cf24294bf0a4cd213d596288d7d93fa8.jpeg\",\"contentUrl\":\"https:\\\/\\\/www.eldiariodetucuman.com\\\/web\\\/wp-content\\\/uploads\\\/2018\\\/02\\\/cf24294bf0a4cd213d596288d7d93fa8.jpeg\",\"width\":970,\"height\":970},{\"@type\":\"BreadcrumbList\",\"@id\":\"https:\\\/\\\/www.eldiariodetucuman.com\\\/web\\\/liz-solari-sera-la-nueva-conductora-de-resto-del-mundo\\\/#breadcrumb\",\"itemListElement\":[{\"@type\":\"ListItem\",\"position\":1,\"name\":\"Portada\",\"item\":\"https:\\\/\\\/www.eldiariodetucuman.com\\\/web\\\/\"},{\"@type\":\"ListItem\",\"position\":2,\"name\":\"Liz Solari ser\u00e1 la nueva conductora de \u201cResto del Mundo\u201d\"}]},{\"@type\":\"WebSite\",\"@id\":\"https:\\\/\\\/www.eldiariodetucuman.com\\\/web\\\/#website\",\"url\":\"https:\\\/\\\/www.eldiariodetucuman.com\\\/web\\\/\",\"name\":\"El Diario de Tucuman\",\"description\":\"Diario Tucuman - Informaci\u00f3n y noticias\",\"publisher\":{\"@id\":\"https:\\\/\\\/www.eldiariodetucuman.com\\\/web\\\/#organization\"},\"potentialAction\":[{\"@type\":\"SearchAction\",\"target\":{\"@type\":\"EntryPoint\",\"urlTemplate\":\"https:\\\/\\\/www.eldiariodetucuman.com\\\/web\\\/?s={search_term_string}\"},\"query-input\":{\"@type\":\"PropertyValueSpecification\",\"valueRequired\":true,\"valueName\":\"search_term_string\"}}],\"inLanguage\":\"es\"},{\"@type\":\"Organization\",\"@id\":\"https:\\\/\\\/www.eldiariodetucuman.com\\\/web\\\/#organization\",\"name\":\"El Diario de Tucuman\",\"url\":\"https:\\\/\\\/www.eldiariodetucuman.com\\\/web\\\/\",\"logo\":{\"@type\":\"ImageObject\",\"inLanguage\":\"es\",\"@id\":\"https:\\\/\\\/www.eldiariodetucuman.com\\\/web\\\/#\\\/schema\\\/logo\\\/image\\\/\",\"url\":\"http:\\\/\\\/www.eldiariodetucuman.com\\\/web\\\/wp-content\\\/uploads\\\/2017\\\/12\\\/el-diario-de-tucuman.jpg\",\"contentUrl\":\"http:\\\/\\\/www.eldiariodetucuman.com\\\/web\\\/wp-content\\\/uploads\\\/2017\\\/12\\\/el-diario-de-tucuman.jpg\",\"width\":272,\"height\":92,\"caption\":\"El Diario de Tucuman\"},\"image\":{\"@id\":\"https:\\\/\\\/www.eldiariodetucuman.com\\\/web\\\/#\\\/schema\\\/logo\\\/image\\\/\"}},{\"@type\":\"Person\",\"@id\":\"https:\\\/\\\/www.eldiariodetucuman.com\\\/web\\\/#\\\/schema\\\/person\\\/9250197d75ab5483412e19678b121caa\",\"name\":\"admin\",\"image\":{\"@type\":\"ImageObject\",\"inLanguage\":\"es\",\"@id\":\"https:\\\/\\\/secure.gravatar.com\\\/avatar\\\/c44d117c2be811212c22cb481f6b8384b6873de103fbc49e7a03cc58d7dea4ac?s=96&d=mm&r=g\",\"url\":\"https:\\\/\\\/secure.gravatar.com\\\/avatar\\\/c44d117c2be811212c22cb481f6b8384b6873de103fbc49e7a03cc58d7dea4ac?s=96&d=mm&r=g\",\"contentUrl\":\"https:\\\/\\\/secure.gravatar.com\\\/avatar\\\/c44d117c2be811212c22cb481f6b8384b6873de103fbc49e7a03cc58d7dea4ac?s=96&d=mm&r=g\",\"caption\":\"admin\"},\"url\":\"https:\\\/\\\/www.eldiariodetucuman.com\\\/web\\\/author\\\/admin\\\/\"}]}<\/script>\n<!-- \/ Yoast SEO plugin. -->","yoast_head_json":{"title":"Liz Solari ser\u00e1 la nueva conductora de \u201cResto del Mundo\u201d - El Diario de Tucuman","robots":{"index":"index","follow":"follow","max-snippet":"max-snippet:-1","max-image-preview":"max-image-preview:large","max-video-preview":"max-video-preview:-1"},"canonical":"https:\/\/www.eldiariodetucuman.com\/web\/liz-solari-sera-la-nueva-conductora-de-resto-del-mundo\/","og_locale":"es_ES","og_type":"article","og_title":"Liz Solari ser\u00e1 la nueva conductora de \u201cResto del Mundo\u201d - El Diario de Tucuman","og_description":"Durante 15 a\u00f1os ininterrumpidos, \u201cResto del Mundo\u201d recorri\u00f3 650 ciudades y carg\u00f3 3.000 horas de vuelo. Ahora, despu\u00e9s de 10 a\u00f1os, Iv\u00e1n de Pineda dejar\u00e1 de ser su conductor, pero la producci\u00f3n del famoso programa de El Trece ya le encontr\u00f3 un reemplazo: Liz Solari. El debut ser\u00e1 el s\u00e1bado 24 de marzo y se [&hellip;]","og_url":"https:\/\/www.eldiariodetucuman.com\/web\/liz-solari-sera-la-nueva-conductora-de-resto-del-mundo\/","og_site_name":"El Diario de Tucuman","article_published_time":"2018-02-19T16:02:11+00:00","article_modified_time":"2018-02-19T16:02:12+00:00","og_image":[{"width":970,"height":970,"url":"https:\/\/www.eldiariodetucuman.com\/web\/wp-content\/uploads\/2018\/02\/cf24294bf0a4cd213d596288d7d93fa8.jpeg","type":"image\/jpeg"}],"author":"admin","twitter_card":"summary_large_image","twitter_misc":{"Escrito por":"admin","Tiempo de lectura":"2 minutos"},"schema":{"@context":"https:\/\/schema.org","@graph":[{"@type":"Article","@id":"https:\/\/www.eldiariodetucuman.com\/web\/liz-solari-sera-la-nueva-conductora-de-resto-del-mundo\/#article","isPartOf":{"@id":"https:\/\/www.eldiariodetucuman.com\/web\/liz-solari-sera-la-nueva-conductora-de-resto-del-mundo\/"},"author":{"name":"admin","@id":"https:\/\/www.eldiariodetucuman.com\/web\/#\/schema\/person\/9250197d75ab5483412e19678b121caa"},"headline":"Liz Solari ser\u00e1 la nueva conductora de \u201cResto del Mundo\u201d","datePublished":"2018-02-19T16:02:11+00:00","dateModified":"2018-02-19T16:02:12+00:00","mainEntityOfPage":{"@id":"https:\/\/www.eldiariodetucuman.com\/web\/liz-solari-sera-la-nueva-conductora-de-resto-del-mundo\/"},"wordCount":393,"commentCount":0,"publisher":{"@id":"https:\/\/www.eldiariodetucuman.com\/web\/#organization"},"image":{"@id":"https:\/\/www.eldiariodetucuman.com\/web\/liz-solari-sera-la-nueva-conductora-de-resto-del-mundo\/#primaryimage"},"thumbnailUrl":"https:\/\/www.eldiariodetucuman.com\/web\/wp-content\/uploads\/2018\/02\/cf24294bf0a4cd213d596288d7d93fa8.jpeg","articleSection":["Argentina"],"inLanguage":"es","potentialAction":[{"@type":"CommentAction","name":"Comment","target":["https:\/\/www.eldiariodetucuman.com\/web\/liz-solari-sera-la-nueva-conductora-de-resto-del-mundo\/#respond"]}]},{"@type":"WebPage","@id":"https:\/\/www.eldiariodetucuman.com\/web\/liz-solari-sera-la-nueva-conductora-de-resto-del-mundo\/","url":"https:\/\/www.eldiariodetucuman.com\/web\/liz-solari-sera-la-nueva-conductora-de-resto-del-mundo\/","name":"Liz Solari ser\u00e1 la nueva conductora de \u201cResto del Mundo\u201d - El Diario de Tucuman","isPartOf":{"@id":"https:\/\/www.eldiariodetucuman.com\/web\/#website"},"primaryImageOfPage":{"@id":"https:\/\/www.eldiariodetucuman.com\/web\/liz-solari-sera-la-nueva-conductora-de-resto-del-mundo\/#primaryimage"},"image":{"@id":"https:\/\/www.eldiariodetucuman.com\/web\/liz-solari-sera-la-nueva-conductora-de-resto-del-mundo\/#primaryimage"},"thumbnailUrl":"https:\/\/www.eldiariodetucuman.com\/web\/wp-content\/uploads\/2018\/02\/cf24294bf0a4cd213d596288d7d93fa8.jpeg","datePublished":"2018-02-19T16:02:11+00:00","dateModified":"2018-02-19T16:02:12+00:00","breadcrumb":{"@id":"https:\/\/www.eldiariodetucuman.com\/web\/liz-solari-sera-la-nueva-conductora-de-resto-del-mundo\/#breadcrumb"},"inLanguage":"es","potentialAction":[{"@type":"ReadAction","target":["https:\/\/www.eldiariodetucuman.com\/web\/liz-solari-sera-la-nueva-conductora-de-resto-del-mundo\/"]}]},{"@type":"ImageObject","inLanguage":"es","@id":"https:\/\/www.eldiariodetucuman.com\/web\/liz-solari-sera-la-nueva-conductora-de-resto-del-mundo\/#primaryimage","url":"https:\/\/www.eldiariodetucuman.com\/web\/wp-content\/uploads\/2018\/02\/cf24294bf0a4cd213d596288d7d93fa8.jpeg","contentUrl":"https:\/\/www.eldiariodetucuman.com\/web\/wp-content\/uploads\/2018\/02\/cf24294bf0a4cd213d596288d7d93fa8.jpeg","width":970,"height":970},{"@type":"BreadcrumbList","@id":"https:\/\/www.eldiariodetucuman.com\/web\/liz-solari-sera-la-nueva-conductora-de-resto-del-mundo\/#breadcrumb","itemListElement":[{"@type":"ListItem","position":1,"name":"Portada","item":"https:\/\/www.eldiariodetucuman.com\/web\/"},{"@type":"ListItem","position":2,"name":"Liz Solari ser\u00e1 la nueva conductora de \u201cResto del Mundo\u201d"}]},{"@type":"WebSite","@id":"https:\/\/www.eldiariodetucuman.com\/web\/#website","url":"https:\/\/www.eldiariodetucuman.com\/web\/","name":"El Diario de Tucuman","description":"Diario Tucuman - Informaci\u00f3n y noticias","publisher":{"@id":"https:\/\/www.eldiariodetucuman.com\/web\/#organization"},"potentialAction":[{"@type":"SearchAction","target":{"@type":"EntryPoint","urlTemplate":"https:\/\/www.eldiariodetucuman.com\/web\/?s={search_term_string}"},"query-input":{"@type":"PropertyValueSpecification","valueRequired":true,"valueName":"search_term_string"}}],"inLanguage":"es"},{"@type":"Organization","@id":"https:\/\/www.eldiariodetucuman.com\/web\/#organization","name":"El Diario de Tucuman","url":"https:\/\/www.eldiariodetucuman.com\/web\/","logo":{"@type":"ImageObject","inLanguage":"es","@id":"https:\/\/www.eldiariodetucuman.com\/web\/#\/schema\/logo\/image\/","url":"http:\/\/www.eldiariodetucuman.com\/web\/wp-content\/uploads\/2017\/12\/el-diario-de-tucuman.jpg","contentUrl":"http:\/\/www.eldiariodetucuman.com\/web\/wp-content\/uploads\/2017\/12\/el-diario-de-tucuman.jpg","width":272,"height":92,"caption":"El Diario de Tucuman"},"image":{"@id":"https:\/\/www.eldiariodetucuman.com\/web\/#\/schema\/logo\/image\/"}},{"@type":"Person","@id":"https:\/\/www.eldiariodetucuman.com\/web\/#\/schema\/person\/9250197d75ab5483412e19678b121caa","name":"admin","image":{"@type":"ImageObject","inLanguage":"es","@id":"https:\/\/secure.gravatar.com\/avatar\/c44d117c2be811212c22cb481f6b8384b6873de103fbc49e7a03cc58d7dea4ac?s=96&d=mm&r=g","url":"https:\/\/secure.gravatar.com\/avatar\/c44d117c2be811212c22cb481f6b8384b6873de103fbc49e7a03cc58d7dea4ac?s=96&d=mm&r=g","contentUrl":"https:\/\/secure.gravatar.com\/avatar\/c44d117c2be811212c22cb481f6b8384b6873de103fbc49e7a03cc58d7dea4ac?s=96&d=mm&r=g","caption":"admin"},"url":"https:\/\/www.eldiariodetucuman.com\/web\/author\/admin\/"}]}},"_links":{"self":[{"href":"https:\/\/www.eldiariodetucuman.com\/web\/wp-json\/wp\/v2\/posts\/5560","targetHints":{"allow":["GET"]}}],"collection":[{"href":"https:\/\/www.eldiariodetucuman.com\/web\/wp-json\/wp\/v2\/posts"}],"about":[{"href":"https:\/\/www.eldiariodetucuman.com\/web\/wp-json\/wp\/v2\/types\/post"}],"author":[{"embeddable":true,"href":"https:\/\/www.eldiariodetucuman.com\/web\/wp-json\/wp\/v2\/users\/1"}],"replies":[{"embeddable":true,"href":"https:\/\/www.eldiariodetucuman.com\/web\/wp-json\/wp\/v2\/comments?post=5560"}],"version-history":[{"count":1,"href":"https:\/\/www.eldiariodetucuman.com\/web\/wp-json\/wp\/v2\/posts\/5560\/revisions"}],"predecessor-version":[{"id":5562,"href":"https:\/\/www.eldiariodetucuman.com\/web\/wp-json\/wp\/v2\/posts\/5560\/revisions\/5562"}],"wp:featuredmedia":[{"embeddable":true,"href":"https:\/\/www.eldiariodetucuman.com\/web\/wp-json\/wp\/v2\/media\/5561"}],"wp:attachment":[{"href":"https:\/\/www.eldiariodetucuman.com\/web\/wp-json\/wp\/v2\/media?parent=5560"}],"wp:term":[{"taxonomy":"category","embeddable":true,"href":"https:\/\/www.eldiariodetucuman.com\/web\/wp-json\/wp\/v2\/categories?post=5560"},{"taxonomy":"post_tag","embeddable":true,"href":"https:\/\/www.eldiariodetucuman.com\/web\/wp-json\/wp\/v2\/tags?post=5560"}],"curies":[{"name":"wp","href":"https:\/\/api.w.org\/{rel}","templated":true}]}}