{"id":5555,"date":"2018-02-19T12:57:04","date_gmt":"2018-02-19T15:57:04","guid":{"rendered":"http:\/\/www.eldiariodetucuman.com\/web\/europa-marcha-otra-vez-contra-twitter-y-facebook-por-no-respetar-los-derechos-de-los-consumidores\/"},"modified":"2018-02-19T12:57:04","modified_gmt":"2018-02-19T15:57:04","slug":"europa-marcha-otra-vez-contra-twitter-y-facebook-por-no-respetar-los-derechos-de-los-consumidores","status":"publish","type":"post","link":"https:\/\/www.eldiariodetucuman.com\/web\/europa-marcha-otra-vez-contra-twitter-y-facebook-por-no-respetar-los-derechos-de-los-consumidores\/","title":{"rendered":"Europa marcha otra vez contra Twitter y Facebook por no respetar los derechos de los consumidores"},"content":{"rendered":"<div>\n<div id=\"cuerpo\">\n<figure class=\"XL caja-destacada\" id=\"figure_2633796\" data-is=\"imagen\"><span title=\"Ampliar imagen\" class=\"icon-ampliar\"><\/span><br \/>\n                        <span title=\"Cerrar modal\" class=\"icon-cerrar\"><\/span><figcaption><span class=\"fuente\"> Fuente: Archivo<\/span><br \/>\n                        <\/figcaption><\/figure>\n<p class=\"capital\">Los gigantes de las<br \/>\n<!-- TODO : Revisar HTML LN9 --><br \/>\n<a href=\"http:\/\/www.lanacion.com.ar\/redes-sociales-t46770\" data-event=\"contentLinkClick\"><br \/>\nredes sociales<br \/>\n<\/a>  no han hecho lo suficiente para respetar los derechos de los consumidores, como les ha reclamado insistentemente la Uni\u00f3n Europea. Los cambios aplicados por<br \/>\n<!-- TODO : Revisar HTML LN9 --><br \/>\n<a href=\"http:\/\/www.lanacion.com.ar\/facebook-t891\" data-event=\"contentLinkClick\"><br \/>\nFacebook<br \/>\n<\/a>  y<br \/>\n<!-- TODO : Revisar HTML LN9 --><br \/>\n<a href=\"http:\/\/www.lanacion.com.ar\/twitter-t7230\" data-event=\"contentLinkClick\"><br \/>\nTwitter<br \/>\n<\/a>  en esta materia, divulgados este jueves, no resuelven dos de las principales objeciones que les presentaron las autoridades comunitarias y tambi\u00e9n las nacionales: la falta de mecanismos eficaces para retirar ofertas comerciales ilegales y la ausencia de criterios claros por parte de las dos firmas para eliminar determinados contenidos que aportan los usuarios. Google, en cambio, s\u00ed cumple ya casi todos los requerimientos.<\/p>\n<p><!-- middle1 --><\/p>\n<p><!-- middle1 --><\/p>\n<p>La Comisi\u00f3n Europea dio un ultim\u00e1tum a las redes sociales el verano pasado para que combatieran las estafas a los consumidores. Transcurridos varios meses, Bruselas cree que los cambios adoptados \u00absolo cumplen parcialmente los requisitos\u00bb. Entre las mejoras figuran la posibilidad que se ofrecer\u00e1 ahora a los usuarios europeos de presentar cualquier queja ante las autoridades de sus pa\u00edses y el reconocimiento de las normas de la UE. Hasta el momento, las empresas se escudaban en que su matriz era estadounidense para remitir a los consumidores a las reglas y a la jurisdicci\u00f3n de Estados Unidos.<\/p>\n<p>M\u00e1s all\u00e1 de esos avances, Facebook y sobre todo Twitter tienen un largo camino por recorrer. \u00abAlgunas compa\u00f1\u00edas est\u00e1n haciendo sus plataformas m\u00e1s seguras para los consumidores. Sin embargo, es inaceptable que esto a\u00fan no est\u00e9 completado y que lleve tanto tiempo. Si las compa\u00f1\u00edas no cumplen, deber\u00edan enfrentarse a sanciones\u00bb, ha recomendado la comisaria europea de Justicia, Vera Jourov\u00e1, en un comunicado.<\/p>\n<p><!-- middle1 --><\/p>\n<section class=\"listado ademas floatFix\" id=\"listadoAdemas\" data-is-block=\"true\" data-block-name=\"n_relacionadas-cuerpo\" data-diagramacion-id=\"0\"><\/section>\n<p>Uno de los elementos que m\u00e1s incomoda a Bruselas es la reticencia de las plataformas a atajar posibles fraudes electr\u00f3nicos. Las autoridades nacionales de protecci\u00f3n al consumidor, lideradas por la francesa y con el respaldo del Ejecutivo comunitario, instaron a estas firmas en noviembre de 2016 a agilizar los tr\u00e1mites para retirar servicios fraudulentos (por ejemplo, suscripciones que se realizan sin que el usuario sea consciente, productos falsificados, timos.). Hasta ahora, Google ha establecido un protocolo que fija plazos para atender estas reclamaciones cuando las presentan las autoridades nacionales. Facebook y Twitter, en cambio, solo proporcionan una direcci\u00f3n de correo electr\u00f3nico a la que los organismos de consumo pueden mandar sus quejas, \u00absin comprometerse a gestionarlas en un plazo determinado\u00bb, lamenta la Comisi\u00f3n.<\/p>\n<p><!-- middle1 --><\/p>\n<p><!-- middle1 --><\/p>\n<p>La persecuci\u00f3n de contenido ilegal en este terreno solo alude a pr\u00e1cticas comerciales enga\u00f1osas. Las autoridades europeas tienen abierta otra v\u00eda -de momento voluntaria- para que las plataformas destierren de la red mensajes tambi\u00e9n considerados ilegales pero por incitar al terrorismo o a la xenofobia. Se trata de dos procesos distintos.<\/p>\n<h2 class=\"subtitulo-1\" id=\"quitar-contenidos-sin-avisar\">\nQuitar contenidos sin avisar<br \/>\n<\/h2>\n<p>El departamento comunitario de Justicia tambi\u00e9n protesta por la arbitrariedad que emplean Facebook y Twitter para retirar contenido subido por usuarios. La Comisi\u00f3n considera que los clientes deben tener claros los criterios y que la firma no puede hacer desaparecer mensajes o fotograf\u00edas \u00absin justificaci\u00f3n y sin dar derecho a recurrir\u00bb.<\/p>\n<p><!-- middle1 --><\/p>\n<p>Bruselas no tiene potestad para imponer directamente sanciones a las empresas que incumplan las normas de consumo. Pero sus responsables dejan claro que escrutar\u00e1n el comportamiento de las plataformas respecto a la retirada de contenidos ilegales y que las autoridades nacionales s\u00ed pueden aplicar castigos cuando se produzcan incumplimientos.<\/p>\n<p><!-- middle1 --><\/p>\n<p>El Ejecutivo comunitario admite, adem\u00e1s, que hacen falta cambios normativos para atajar este fen\u00f3meno. Las reglas de consumo son, por lo general, anteriores a la generalizaci\u00f3n de las plataformas entre los ciudadanos y no recogen muchas de las deficiencias que pueden producirse en el ecosistema digital. La Comisi\u00f3n presentar\u00e1 en abril un paquete con nuevas reglas, especialmente en el \u00e1mbito de las sanciones a las empresas.<\/p>\n<p>                <!-- firma autor --><\/p>\n<p>                <!-- temas --><\/p>\n<div class=\"temas\">\n<h4>temas <b>en esta nota<\/b><\/h4>\n<p> <!-- ***NUEVO*** - caja like --><\/p>\n<p>\n    <span class=\"texto-like\"> \u00bfTe gust\u00f3 <b>esta nota?<\/b><\/span><br \/>\n    <span class=\"icon-me-gusta\"> <\/span>\n<\/p>\n<\/p><\/div>\n<\/p><\/div>\n<\/div>\n","protected":false},"excerpt":{"rendered":"<p>Fuente: Archivo Los gigantes de las redes sociales no han hecho lo suficiente para respetar los derechos de los consumidores, como les ha reclamado insistentemente la Uni\u00f3n Europea. Los cambios aplicados por Facebook y Twitter en esta materia, divulgados este jueves, no resuelven dos de las principales objeciones que les presentaron las autoridades comunitarias y [&hellip;]<\/p>\n","protected":false},"author":4,"featured_media":5556,"comment_status":"open","ping_status":"closed","sticky":false,"template":"","format":"standard","meta":{"footnotes":""},"categories":[154],"tags":[],"class_list":{"0":"post-5555","1":"post","2":"type-post","3":"status-publish","4":"format-standard","5":"has-post-thumbnail","7":"category-ciencia-y-tecnologia"},"yoast_head":"<!-- This site is optimized with the Yoast SEO plugin v27.5 - https:\/\/yoast.com\/product\/yoast-seo-wordpress\/ -->\n<title>Europa marcha otra vez contra Twitter y Facebook por no respetar los derechos de los consumidores - El Diario de Tucuman<\/title>\n<meta name=\"robots\" content=\"index, follow, max-snippet:-1, max-image-preview:large, max-video-preview:-1\" \/>\n<link rel=\"canonical\" href=\"https:\/\/www.eldiariodetucuman.com\/web\/europa-marcha-otra-vez-contra-twitter-y-facebook-por-no-respetar-los-derechos-de-los-consumidores\/\" \/>\n<meta property=\"og:locale\" content=\"es_ES\" \/>\n<meta property=\"og:type\" content=\"article\" \/>\n<meta property=\"og:title\" content=\"Europa marcha otra vez contra Twitter y Facebook por no respetar los derechos de los consumidores - El Diario de Tucuman\" \/>\n<meta property=\"og:description\" content=\"Fuente: Archivo Los gigantes de las redes sociales no han hecho lo suficiente para respetar los derechos de los consumidores, como les ha reclamado insistentemente la Uni\u00f3n Europea. Los cambios aplicados por Facebook y Twitter en esta materia, divulgados este jueves, no resuelven dos de las principales objeciones que les presentaron las autoridades comunitarias y [&hellip;]\" \/>\n<meta property=\"og:url\" content=\"https:\/\/www.eldiariodetucuman.com\/web\/europa-marcha-otra-vez-contra-twitter-y-facebook-por-no-respetar-los-derechos-de-los-consumidores\/\" \/>\n<meta property=\"og:site_name\" content=\"El Diario de Tucuman\" \/>\n<meta property=\"article:published_time\" content=\"2018-02-19T15:57:04+00:00\" \/>\n<meta property=\"og:image\" content=\"https:\/\/www.eldiariodetucuman.com\/web\/wp-content\/uploads\/2018\/02\/eb76b2a292fd40db25b9698e36574b49.jpeg\" \/>\n\t<meta property=\"og:image:width\" content=\"1032\" \/>\n\t<meta property=\"og:image:height\" content=\"688\" \/>\n\t<meta property=\"og:image:type\" content=\"image\/jpeg\" \/>\n<meta name=\"author\" content=\"eldiario detucuman\" \/>\n<meta name=\"twitter:card\" content=\"summary_large_image\" \/>\n<meta name=\"twitter:label1\" content=\"Escrito por\" \/>\n\t<meta name=\"twitter:data1\" content=\"eldiario detucuman\" \/>\n\t<meta name=\"twitter:label2\" content=\"Tiempo de lectura\" \/>\n\t<meta name=\"twitter:data2\" content=\"3 minutos\" \/>\n<script type=\"application\/ld+json\" class=\"yoast-schema-graph\">{\"@context\":\"https:\\\/\\\/schema.org\",\"@graph\":[{\"@type\":\"Article\",\"@id\":\"https:\\\/\\\/www.eldiariodetucuman.com\\\/web\\\/europa-marcha-otra-vez-contra-twitter-y-facebook-por-no-respetar-los-derechos-de-los-consumidores\\\/#article\",\"isPartOf\":{\"@id\":\"https:\\\/\\\/www.eldiariodetucuman.com\\\/web\\\/europa-marcha-otra-vez-contra-twitter-y-facebook-por-no-respetar-los-derechos-de-los-consumidores\\\/\"},\"author\":{\"name\":\"eldiario detucuman\",\"@id\":\"https:\\\/\\\/www.eldiariodetucuman.com\\\/web\\\/#\\\/schema\\\/person\\\/6f95946e54fde848b878ffa4928071d5\"},\"headline\":\"Europa marcha otra vez contra Twitter y Facebook por no respetar los derechos de los consumidores\",\"datePublished\":\"2018-02-19T15:57:04+00:00\",\"mainEntityOfPage\":{\"@id\":\"https:\\\/\\\/www.eldiariodetucuman.com\\\/web\\\/europa-marcha-otra-vez-contra-twitter-y-facebook-por-no-respetar-los-derechos-de-los-consumidores\\\/\"},\"wordCount\":658,\"commentCount\":0,\"publisher\":{\"@id\":\"https:\\\/\\\/www.eldiariodetucuman.com\\\/web\\\/#organization\"},\"image\":{\"@id\":\"https:\\\/\\\/www.eldiariodetucuman.com\\\/web\\\/europa-marcha-otra-vez-contra-twitter-y-facebook-por-no-respetar-los-derechos-de-los-consumidores\\\/#primaryimage\"},\"thumbnailUrl\":\"https:\\\/\\\/www.eldiariodetucuman.com\\\/web\\\/wp-content\\\/uploads\\\/2018\\\/02\\\/eb76b2a292fd40db25b9698e36574b49.jpeg\",\"articleSection\":[\"ciencia y tecnologia\"],\"inLanguage\":\"es\",\"potentialAction\":[{\"@type\":\"CommentAction\",\"name\":\"Comment\",\"target\":[\"https:\\\/\\\/www.eldiariodetucuman.com\\\/web\\\/europa-marcha-otra-vez-contra-twitter-y-facebook-por-no-respetar-los-derechos-de-los-consumidores\\\/#respond\"]}]},{\"@type\":\"WebPage\",\"@id\":\"https:\\\/\\\/www.eldiariodetucuman.com\\\/web\\\/europa-marcha-otra-vez-contra-twitter-y-facebook-por-no-respetar-los-derechos-de-los-consumidores\\\/\",\"url\":\"https:\\\/\\\/www.eldiariodetucuman.com\\\/web\\\/europa-marcha-otra-vez-contra-twitter-y-facebook-por-no-respetar-los-derechos-de-los-consumidores\\\/\",\"name\":\"Europa marcha otra vez contra Twitter y Facebook por no respetar los derechos de los consumidores - El Diario de Tucuman\",\"isPartOf\":{\"@id\":\"https:\\\/\\\/www.eldiariodetucuman.com\\\/web\\\/#website\"},\"primaryImageOfPage\":{\"@id\":\"https:\\\/\\\/www.eldiariodetucuman.com\\\/web\\\/europa-marcha-otra-vez-contra-twitter-y-facebook-por-no-respetar-los-derechos-de-los-consumidores\\\/#primaryimage\"},\"image\":{\"@id\":\"https:\\\/\\\/www.eldiariodetucuman.com\\\/web\\\/europa-marcha-otra-vez-contra-twitter-y-facebook-por-no-respetar-los-derechos-de-los-consumidores\\\/#primaryimage\"},\"thumbnailUrl\":\"https:\\\/\\\/www.eldiariodetucuman.com\\\/web\\\/wp-content\\\/uploads\\\/2018\\\/02\\\/eb76b2a292fd40db25b9698e36574b49.jpeg\",\"datePublished\":\"2018-02-19T15:57:04+00:00\",\"breadcrumb\":{\"@id\":\"https:\\\/\\\/www.eldiariodetucuman.com\\\/web\\\/europa-marcha-otra-vez-contra-twitter-y-facebook-por-no-respetar-los-derechos-de-los-consumidores\\\/#breadcrumb\"},\"inLanguage\":\"es\",\"potentialAction\":[{\"@type\":\"ReadAction\",\"target\":[\"https:\\\/\\\/www.eldiariodetucuman.com\\\/web\\\/europa-marcha-otra-vez-contra-twitter-y-facebook-por-no-respetar-los-derechos-de-los-consumidores\\\/\"]}]},{\"@type\":\"ImageObject\",\"inLanguage\":\"es\",\"@id\":\"https:\\\/\\\/www.eldiariodetucuman.com\\\/web\\\/europa-marcha-otra-vez-contra-twitter-y-facebook-por-no-respetar-los-derechos-de-los-consumidores\\\/#primaryimage\",\"url\":\"https:\\\/\\\/www.eldiariodetucuman.com\\\/web\\\/wp-content\\\/uploads\\\/2018\\\/02\\\/eb76b2a292fd40db25b9698e36574b49.jpeg\",\"contentUrl\":\"https:\\\/\\\/www.eldiariodetucuman.com\\\/web\\\/wp-content\\\/uploads\\\/2018\\\/02\\\/eb76b2a292fd40db25b9698e36574b49.jpeg\",\"width\":1032,\"height\":688},{\"@type\":\"BreadcrumbList\",\"@id\":\"https:\\\/\\\/www.eldiariodetucuman.com\\\/web\\\/europa-marcha-otra-vez-contra-twitter-y-facebook-por-no-respetar-los-derechos-de-los-consumidores\\\/#breadcrumb\",\"itemListElement\":[{\"@type\":\"ListItem\",\"position\":1,\"name\":\"Portada\",\"item\":\"https:\\\/\\\/www.eldiariodetucuman.com\\\/web\\\/\"},{\"@type\":\"ListItem\",\"position\":2,\"name\":\"Europa marcha otra vez contra Twitter y Facebook por no respetar los derechos de los consumidores\"}]},{\"@type\":\"WebSite\",\"@id\":\"https:\\\/\\\/www.eldiariodetucuman.com\\\/web\\\/#website\",\"url\":\"https:\\\/\\\/www.eldiariodetucuman.com\\\/web\\\/\",\"name\":\"El Diario de Tucuman\",\"description\":\"Diario Tucuman - Informaci\u00f3n y noticias\",\"publisher\":{\"@id\":\"https:\\\/\\\/www.eldiariodetucuman.com\\\/web\\\/#organization\"},\"potentialAction\":[{\"@type\":\"SearchAction\",\"target\":{\"@type\":\"EntryPoint\",\"urlTemplate\":\"https:\\\/\\\/www.eldiariodetucuman.com\\\/web\\\/?s={search_term_string}\"},\"query-input\":{\"@type\":\"PropertyValueSpecification\",\"valueRequired\":true,\"valueName\":\"search_term_string\"}}],\"inLanguage\":\"es\"},{\"@type\":\"Organization\",\"@id\":\"https:\\\/\\\/www.eldiariodetucuman.com\\\/web\\\/#organization\",\"name\":\"El Diario de Tucuman\",\"url\":\"https:\\\/\\\/www.eldiariodetucuman.com\\\/web\\\/\",\"logo\":{\"@type\":\"ImageObject\",\"inLanguage\":\"es\",\"@id\":\"https:\\\/\\\/www.eldiariodetucuman.com\\\/web\\\/#\\\/schema\\\/logo\\\/image\\\/\",\"url\":\"http:\\\/\\\/www.eldiariodetucuman.com\\\/web\\\/wp-content\\\/uploads\\\/2017\\\/12\\\/el-diario-de-tucuman.jpg\",\"contentUrl\":\"http:\\\/\\\/www.eldiariodetucuman.com\\\/web\\\/wp-content\\\/uploads\\\/2017\\\/12\\\/el-diario-de-tucuman.jpg\",\"width\":272,\"height\":92,\"caption\":\"El Diario de Tucuman\"},\"image\":{\"@id\":\"https:\\\/\\\/www.eldiariodetucuman.com\\\/web\\\/#\\\/schema\\\/logo\\\/image\\\/\"}},{\"@type\":\"Person\",\"@id\":\"https:\\\/\\\/www.eldiariodetucuman.com\\\/web\\\/#\\\/schema\\\/person\\\/6f95946e54fde848b878ffa4928071d5\",\"name\":\"eldiario detucuman\",\"image\":{\"@type\":\"ImageObject\",\"inLanguage\":\"es\",\"@id\":\"https:\\\/\\\/secure.gravatar.com\\\/avatar\\\/b6e1f89c5c4044c4962c8e6c20b1ca2cc99f549c965908afd4ec5308b3f51bfe?s=96&d=mm&r=g\",\"url\":\"https:\\\/\\\/secure.gravatar.com\\\/avatar\\\/b6e1f89c5c4044c4962c8e6c20b1ca2cc99f549c965908afd4ec5308b3f51bfe?s=96&d=mm&r=g\",\"contentUrl\":\"https:\\\/\\\/secure.gravatar.com\\\/avatar\\\/b6e1f89c5c4044c4962c8e6c20b1ca2cc99f549c965908afd4ec5308b3f51bfe?s=96&d=mm&r=g\",\"caption\":\"eldiario detucuman\"},\"url\":\"https:\\\/\\\/www.eldiariodetucuman.com\\\/web\\\/author\\\/eldiariodetucuman\\\/\"}]}<\/script>\n<!-- \/ Yoast SEO plugin. -->","yoast_head_json":{"title":"Europa marcha otra vez contra Twitter y Facebook por no respetar los derechos de los consumidores - El Diario de Tucuman","robots":{"index":"index","follow":"follow","max-snippet":"max-snippet:-1","max-image-preview":"max-image-preview:large","max-video-preview":"max-video-preview:-1"},"canonical":"https:\/\/www.eldiariodetucuman.com\/web\/europa-marcha-otra-vez-contra-twitter-y-facebook-por-no-respetar-los-derechos-de-los-consumidores\/","og_locale":"es_ES","og_type":"article","og_title":"Europa marcha otra vez contra Twitter y Facebook por no respetar los derechos de los consumidores - El Diario de Tucuman","og_description":"Fuente: Archivo Los gigantes de las redes sociales no han hecho lo suficiente para respetar los derechos de los consumidores, como les ha reclamado insistentemente la Uni\u00f3n Europea. Los cambios aplicados por Facebook y Twitter en esta materia, divulgados este jueves, no resuelven dos de las principales objeciones que les presentaron las autoridades comunitarias y [&hellip;]","og_url":"https:\/\/www.eldiariodetucuman.com\/web\/europa-marcha-otra-vez-contra-twitter-y-facebook-por-no-respetar-los-derechos-de-los-consumidores\/","og_site_name":"El Diario de Tucuman","article_published_time":"2018-02-19T15:57:04+00:00","og_image":[{"width":1032,"height":688,"url":"https:\/\/www.eldiariodetucuman.com\/web\/wp-content\/uploads\/2018\/02\/eb76b2a292fd40db25b9698e36574b49.jpeg","type":"image\/jpeg"}],"author":"eldiario detucuman","twitter_card":"summary_large_image","twitter_misc":{"Escrito por":"eldiario detucuman","Tiempo de lectura":"3 minutos"},"schema":{"@context":"https:\/\/schema.org","@graph":[{"@type":"Article","@id":"https:\/\/www.eldiariodetucuman.com\/web\/europa-marcha-otra-vez-contra-twitter-y-facebook-por-no-respetar-los-derechos-de-los-consumidores\/#article","isPartOf":{"@id":"https:\/\/www.eldiariodetucuman.com\/web\/europa-marcha-otra-vez-contra-twitter-y-facebook-por-no-respetar-los-derechos-de-los-consumidores\/"},"author":{"name":"eldiario detucuman","@id":"https:\/\/www.eldiariodetucuman.com\/web\/#\/schema\/person\/6f95946e54fde848b878ffa4928071d5"},"headline":"Europa marcha otra vez contra Twitter y Facebook por no respetar los derechos de los consumidores","datePublished":"2018-02-19T15:57:04+00:00","mainEntityOfPage":{"@id":"https:\/\/www.eldiariodetucuman.com\/web\/europa-marcha-otra-vez-contra-twitter-y-facebook-por-no-respetar-los-derechos-de-los-consumidores\/"},"wordCount":658,"commentCount":0,"publisher":{"@id":"https:\/\/www.eldiariodetucuman.com\/web\/#organization"},"image":{"@id":"https:\/\/www.eldiariodetucuman.com\/web\/europa-marcha-otra-vez-contra-twitter-y-facebook-por-no-respetar-los-derechos-de-los-consumidores\/#primaryimage"},"thumbnailUrl":"https:\/\/www.eldiariodetucuman.com\/web\/wp-content\/uploads\/2018\/02\/eb76b2a292fd40db25b9698e36574b49.jpeg","articleSection":["ciencia y tecnologia"],"inLanguage":"es","potentialAction":[{"@type":"CommentAction","name":"Comment","target":["https:\/\/www.eldiariodetucuman.com\/web\/europa-marcha-otra-vez-contra-twitter-y-facebook-por-no-respetar-los-derechos-de-los-consumidores\/#respond"]}]},{"@type":"WebPage","@id":"https:\/\/www.eldiariodetucuman.com\/web\/europa-marcha-otra-vez-contra-twitter-y-facebook-por-no-respetar-los-derechos-de-los-consumidores\/","url":"https:\/\/www.eldiariodetucuman.com\/web\/europa-marcha-otra-vez-contra-twitter-y-facebook-por-no-respetar-los-derechos-de-los-consumidores\/","name":"Europa marcha otra vez contra Twitter y Facebook por no respetar los derechos de los consumidores - El Diario de Tucuman","isPartOf":{"@id":"https:\/\/www.eldiariodetucuman.com\/web\/#website"},"primaryImageOfPage":{"@id":"https:\/\/www.eldiariodetucuman.com\/web\/europa-marcha-otra-vez-contra-twitter-y-facebook-por-no-respetar-los-derechos-de-los-consumidores\/#primaryimage"},"image":{"@id":"https:\/\/www.eldiariodetucuman.com\/web\/europa-marcha-otra-vez-contra-twitter-y-facebook-por-no-respetar-los-derechos-de-los-consumidores\/#primaryimage"},"thumbnailUrl":"https:\/\/www.eldiariodetucuman.com\/web\/wp-content\/uploads\/2018\/02\/eb76b2a292fd40db25b9698e36574b49.jpeg","datePublished":"2018-02-19T15:57:04+00:00","breadcrumb":{"@id":"https:\/\/www.eldiariodetucuman.com\/web\/europa-marcha-otra-vez-contra-twitter-y-facebook-por-no-respetar-los-derechos-de-los-consumidores\/#breadcrumb"},"inLanguage":"es","potentialAction":[{"@type":"ReadAction","target":["https:\/\/www.eldiariodetucuman.com\/web\/europa-marcha-otra-vez-contra-twitter-y-facebook-por-no-respetar-los-derechos-de-los-consumidores\/"]}]},{"@type":"ImageObject","inLanguage":"es","@id":"https:\/\/www.eldiariodetucuman.com\/web\/europa-marcha-otra-vez-contra-twitter-y-facebook-por-no-respetar-los-derechos-de-los-consumidores\/#primaryimage","url":"https:\/\/www.eldiariodetucuman.com\/web\/wp-content\/uploads\/2018\/02\/eb76b2a292fd40db25b9698e36574b49.jpeg","contentUrl":"https:\/\/www.eldiariodetucuman.com\/web\/wp-content\/uploads\/2018\/02\/eb76b2a292fd40db25b9698e36574b49.jpeg","width":1032,"height":688},{"@type":"BreadcrumbList","@id":"https:\/\/www.eldiariodetucuman.com\/web\/europa-marcha-otra-vez-contra-twitter-y-facebook-por-no-respetar-los-derechos-de-los-consumidores\/#breadcrumb","itemListElement":[{"@type":"ListItem","position":1,"name":"Portada","item":"https:\/\/www.eldiariodetucuman.com\/web\/"},{"@type":"ListItem","position":2,"name":"Europa marcha otra vez contra Twitter y Facebook por no respetar los derechos de los consumidores"}]},{"@type":"WebSite","@id":"https:\/\/www.eldiariodetucuman.com\/web\/#website","url":"https:\/\/www.eldiariodetucuman.com\/web\/","name":"El Diario de Tucuman","description":"Diario Tucuman - Informaci\u00f3n y noticias","publisher":{"@id":"https:\/\/www.eldiariodetucuman.com\/web\/#organization"},"potentialAction":[{"@type":"SearchAction","target":{"@type":"EntryPoint","urlTemplate":"https:\/\/www.eldiariodetucuman.com\/web\/?s={search_term_string}"},"query-input":{"@type":"PropertyValueSpecification","valueRequired":true,"valueName":"search_term_string"}}],"inLanguage":"es"},{"@type":"Organization","@id":"https:\/\/www.eldiariodetucuman.com\/web\/#organization","name":"El Diario de Tucuman","url":"https:\/\/www.eldiariodetucuman.com\/web\/","logo":{"@type":"ImageObject","inLanguage":"es","@id":"https:\/\/www.eldiariodetucuman.com\/web\/#\/schema\/logo\/image\/","url":"http:\/\/www.eldiariodetucuman.com\/web\/wp-content\/uploads\/2017\/12\/el-diario-de-tucuman.jpg","contentUrl":"http:\/\/www.eldiariodetucuman.com\/web\/wp-content\/uploads\/2017\/12\/el-diario-de-tucuman.jpg","width":272,"height":92,"caption":"El Diario de Tucuman"},"image":{"@id":"https:\/\/www.eldiariodetucuman.com\/web\/#\/schema\/logo\/image\/"}},{"@type":"Person","@id":"https:\/\/www.eldiariodetucuman.com\/web\/#\/schema\/person\/6f95946e54fde848b878ffa4928071d5","name":"eldiario detucuman","image":{"@type":"ImageObject","inLanguage":"es","@id":"https:\/\/secure.gravatar.com\/avatar\/b6e1f89c5c4044c4962c8e6c20b1ca2cc99f549c965908afd4ec5308b3f51bfe?s=96&d=mm&r=g","url":"https:\/\/secure.gravatar.com\/avatar\/b6e1f89c5c4044c4962c8e6c20b1ca2cc99f549c965908afd4ec5308b3f51bfe?s=96&d=mm&r=g","contentUrl":"https:\/\/secure.gravatar.com\/avatar\/b6e1f89c5c4044c4962c8e6c20b1ca2cc99f549c965908afd4ec5308b3f51bfe?s=96&d=mm&r=g","caption":"eldiario detucuman"},"url":"https:\/\/www.eldiariodetucuman.com\/web\/author\/eldiariodetucuman\/"}]}},"_links":{"self":[{"href":"https:\/\/www.eldiariodetucuman.com\/web\/wp-json\/wp\/v2\/posts\/5555","targetHints":{"allow":["GET"]}}],"collection":[{"href":"https:\/\/www.eldiariodetucuman.com\/web\/wp-json\/wp\/v2\/posts"}],"about":[{"href":"https:\/\/www.eldiariodetucuman.com\/web\/wp-json\/wp\/v2\/types\/post"}],"author":[{"embeddable":true,"href":"https:\/\/www.eldiariodetucuman.com\/web\/wp-json\/wp\/v2\/users\/4"}],"replies":[{"embeddable":true,"href":"https:\/\/www.eldiariodetucuman.com\/web\/wp-json\/wp\/v2\/comments?post=5555"}],"version-history":[{"count":0,"href":"https:\/\/www.eldiariodetucuman.com\/web\/wp-json\/wp\/v2\/posts\/5555\/revisions"}],"wp:featuredmedia":[{"embeddable":true,"href":"https:\/\/www.eldiariodetucuman.com\/web\/wp-json\/wp\/v2\/media\/5556"}],"wp:attachment":[{"href":"https:\/\/www.eldiariodetucuman.com\/web\/wp-json\/wp\/v2\/media?parent=5555"}],"wp:term":[{"taxonomy":"category","embeddable":true,"href":"https:\/\/www.eldiariodetucuman.com\/web\/wp-json\/wp\/v2\/categories?post=5555"},{"taxonomy":"post_tag","embeddable":true,"href":"https:\/\/www.eldiariodetucuman.com\/web\/wp-json\/wp\/v2\/tags?post=5555"}],"curies":[{"name":"wp","href":"https:\/\/api.w.org\/{rel}","templated":true}]}}