{"id":5551,"date":"2018-02-19T12:52:49","date_gmt":"2018-02-19T15:52:49","guid":{"rendered":"http:\/\/www.eldiariodetucuman.com\/web\/francisco-inicia-su-cuarto-retiro-espiritual-como-papa\/"},"modified":"2018-02-19T12:52:49","modified_gmt":"2018-02-19T15:52:49","slug":"francisco-inicia-su-cuarto-retiro-espiritual-como-papa","status":"publish","type":"post","link":"https:\/\/www.eldiariodetucuman.com\/web\/francisco-inicia-su-cuarto-retiro-espiritual-como-papa\/","title":{"rendered":"Francisco inicia su cuarto retiro espiritual como Papa"},"content":{"rendered":"<div>\n<div itemprop=\"articleBody\" readability=\"87.056721750782\">\n<p>Los ejercicios espirituales del Papa\u00a0junto a la curia romana en la Casa Divino Maestro de la localidad, ubicada 27 kil\u00f3metros al sudeste del   <a href=\"https:\/\/www.cronica.com.ar\/tags\/Vaticano\">Vaticano<\/a>, tendr\u00e1n como tema el <em>\u00abElogio de la sed\u00bb<\/em>.<\/p>\n<p><em>\u00abLes pido a todos un recuerdo en la oraci\u00f3n para m\u00ed y mis colaboradores de la Curia romana, que esta tarde iniciaremos la semana de ejercicios espirituales\u00bb<\/em>, dijo este mediod\u00eda al rezar el tradicional \u00c1ngelus en Plaza San Pedro.\u00a0 \u00a0<\/p>\n<p><strong>Jorge Bergoglio<\/strong> parti\u00f3 en un bus pullman desde dentro del   <a href=\"https:\/\/www.cronica.com.ar\/tags\/Vaticano\">Vaticano<\/a>, y 45 minutos despu\u00e9s lleg\u00f3 al complejo en el que las meditaciones son\u00a0guiadas por el sacerdote portugu\u00e9s <strong>Jos\u00e9 Tolentino de Mendon\u00e7a<\/strong>, vice rector de la Universidad Cat\u00f3lica de Lisboa.<\/p>\n<p>Una vez dentro de la Divino Maestro, el pont\u00edfice dormir\u00e1 solo en una habitaci\u00f3n en la que tendr\u00e1 una cama y un escritorio, y all\u00ed compartir\u00e1 con el resto de la Curia las jornadas.<\/p>\n<p>Propiedad de los padres paolinos, el lugar que hospedar\u00e1 a Bergoglio por cuarto a\u00f1o consecutivo es un complejo con 124 habitaciones distribuidas en cuatro edificios de dos y tres pisos.<\/p>\n<p>Sobre las Colinas Albani, el complejo parece a prueba de curiosos: se ubica a unos 5 kil\u00f3metros a pie desde la estaci\u00f3n de tren m\u00e1s cercana, Albano Laziale, y sobre una peque\u00f1a colina que lo hace casi inalcanzable.<\/p>\n<p>La tradici\u00f3n de los ejercicios espirituales fue iniciada en 1925 por el entonces papa P\u00edo XI, record\u00f3 el diario L\u2019Osservatore Romano, vocero oficial del   <a href=\"https:\/\/www.cronica.com.ar\/tags\/Vaticano\">Vaticano<\/a>.<\/p>\n<p><strong><u>Francisco anima a los presos a vivir la Cuaresma como per\u00edodo de \u201creconciliaci\u00f3n\u00bb<\/u><\/strong><\/p>\n<p><em>\u00abQueridos hermanos y hermanas que est\u00e1n en la c\u00e1rcel, animo a cada uno de ustedes a vivir el per\u00edodo cuaresmal como ocasi\u00f3n de reconciliaci\u00f3n y de renovaci\u00f3n de la propia vida bajo la mirada misericordiosa del Se\u00f1or, que no se cansa m\u00e1s de perdonar\u201d,<\/em> afirm\u00f3 en referencia al per\u00edodo de 40 d\u00edas de la tradici\u00f3n cat\u00f3lica inici\u00f3 el pasado mi\u00e9rcoles y que termina en Pascuas.\u00a0<\/p>\n<p>Durante su \u00faltimo viaje apost\u00f3lico a Chile y Per\u00fa, el pont\u00edfice reconoci\u00f3 que uno de los momentos que m\u00e1s le impactaron fue la visita que hizo en Santiago a un centro de reclusi\u00f3n para mujeres.<\/p>\n<p>Antes, ya hab\u00eda visitado c\u00e1rceles durante sus visitas a Paraguay y M\u00e9xico, adem\u00e1s de otras dentro de Italia.<\/p>\n<\/div>\n<\/div>\n","protected":false},"excerpt":{"rendered":"<p>Los ejercicios espirituales del Papa\u00a0junto a la curia romana en la Casa Divino Maestro de la localidad, ubicada 27 kil\u00f3metros al sudeste del Vaticano, tendr\u00e1n como tema el \u00abElogio de la sed\u00bb. \u00abLes pido a todos un recuerdo en la oraci\u00f3n para m\u00ed y mis colaboradores de la Curia romana, que esta tarde iniciaremos la [&hellip;]<\/p>\n","protected":false},"author":4,"featured_media":5552,"comment_status":"open","ping_status":"closed","sticky":false,"template":"","format":"standard","meta":{"footnotes":""},"categories":[194],"tags":[],"class_list":{"0":"post-5551","1":"post","2":"type-post","3":"status-publish","4":"format-standard","5":"has-post-thumbnail","7":"category-internacionales"},"yoast_head":"<!-- This site is optimized with the Yoast SEO plugin v27.5 - https:\/\/yoast.com\/product\/yoast-seo-wordpress\/ -->\n<title>Francisco inicia su cuarto retiro espiritual como Papa - El Diario de Tucuman<\/title>\n<meta name=\"robots\" content=\"index, follow, max-snippet:-1, max-image-preview:large, max-video-preview:-1\" \/>\n<link rel=\"canonical\" href=\"https:\/\/www.eldiariodetucuman.com\/web\/francisco-inicia-su-cuarto-retiro-espiritual-como-papa\/\" \/>\n<meta property=\"og:locale\" content=\"es_ES\" \/>\n<meta property=\"og:type\" content=\"article\" \/>\n<meta property=\"og:title\" content=\"Francisco inicia su cuarto retiro espiritual como Papa - El Diario de Tucuman\" \/>\n<meta property=\"og:description\" content=\"Los ejercicios espirituales del Papa\u00a0junto a la curia romana en la Casa Divino Maestro de la localidad, ubicada 27 kil\u00f3metros al sudeste del Vaticano, tendr\u00e1n como tema el \u00abElogio de la sed\u00bb. \u00abLes pido a todos un recuerdo en la oraci\u00f3n para m\u00ed y mis colaboradores de la Curia romana, que esta tarde iniciaremos la [&hellip;]\" \/>\n<meta property=\"og:url\" content=\"https:\/\/www.eldiariodetucuman.com\/web\/francisco-inicia-su-cuarto-retiro-espiritual-como-papa\/\" \/>\n<meta property=\"og:site_name\" content=\"El Diario de Tucuman\" \/>\n<meta property=\"article:published_time\" content=\"2018-02-19T15:52:49+00:00\" \/>\n<meta property=\"og:image\" content=\"https:\/\/www.eldiariodetucuman.com\/web\/wp-content\/uploads\/2018\/02\/89517056ea364a02ba6e3bd375370251.jpeg\" \/>\n\t<meta property=\"og:image:width\" content=\"970\" \/>\n\t<meta property=\"og:image:height\" content=\"546\" \/>\n\t<meta property=\"og:image:type\" content=\"image\/jpeg\" \/>\n<meta name=\"author\" content=\"eldiario detucuman\" \/>\n<meta name=\"twitter:card\" content=\"summary_large_image\" \/>\n<meta name=\"twitter:label1\" content=\"Escrito por\" \/>\n\t<meta name=\"twitter:data1\" content=\"eldiario detucuman\" \/>\n\t<meta name=\"twitter:label2\" content=\"Tiempo de lectura\" \/>\n\t<meta name=\"twitter:data2\" content=\"2 minutos\" \/>\n<script type=\"application\/ld+json\" class=\"yoast-schema-graph\">{\"@context\":\"https:\\\/\\\/schema.org\",\"@graph\":[{\"@type\":\"Article\",\"@id\":\"https:\\\/\\\/www.eldiariodetucuman.com\\\/web\\\/francisco-inicia-su-cuarto-retiro-espiritual-como-papa\\\/#article\",\"isPartOf\":{\"@id\":\"https:\\\/\\\/www.eldiariodetucuman.com\\\/web\\\/francisco-inicia-su-cuarto-retiro-espiritual-como-papa\\\/\"},\"author\":{\"name\":\"eldiario detucuman\",\"@id\":\"https:\\\/\\\/www.eldiariodetucuman.com\\\/web\\\/#\\\/schema\\\/person\\\/6f95946e54fde848b878ffa4928071d5\"},\"headline\":\"Francisco inicia su cuarto retiro espiritual como Papa\",\"datePublished\":\"2018-02-19T15:52:49+00:00\",\"mainEntityOfPage\":{\"@id\":\"https:\\\/\\\/www.eldiariodetucuman.com\\\/web\\\/francisco-inicia-su-cuarto-retiro-espiritual-como-papa\\\/\"},\"wordCount\":414,\"commentCount\":0,\"publisher\":{\"@id\":\"https:\\\/\\\/www.eldiariodetucuman.com\\\/web\\\/#organization\"},\"image\":{\"@id\":\"https:\\\/\\\/www.eldiariodetucuman.com\\\/web\\\/francisco-inicia-su-cuarto-retiro-espiritual-como-papa\\\/#primaryimage\"},\"thumbnailUrl\":\"https:\\\/\\\/www.eldiariodetucuman.com\\\/web\\\/wp-content\\\/uploads\\\/2018\\\/02\\\/89517056ea364a02ba6e3bd375370251.jpeg\",\"articleSection\":[\"Internacionales\"],\"inLanguage\":\"es\",\"potentialAction\":[{\"@type\":\"CommentAction\",\"name\":\"Comment\",\"target\":[\"https:\\\/\\\/www.eldiariodetucuman.com\\\/web\\\/francisco-inicia-su-cuarto-retiro-espiritual-como-papa\\\/#respond\"]}]},{\"@type\":\"WebPage\",\"@id\":\"https:\\\/\\\/www.eldiariodetucuman.com\\\/web\\\/francisco-inicia-su-cuarto-retiro-espiritual-como-papa\\\/\",\"url\":\"https:\\\/\\\/www.eldiariodetucuman.com\\\/web\\\/francisco-inicia-su-cuarto-retiro-espiritual-como-papa\\\/\",\"name\":\"Francisco inicia su cuarto retiro espiritual como Papa - El Diario de Tucuman\",\"isPartOf\":{\"@id\":\"https:\\\/\\\/www.eldiariodetucuman.com\\\/web\\\/#website\"},\"primaryImageOfPage\":{\"@id\":\"https:\\\/\\\/www.eldiariodetucuman.com\\\/web\\\/francisco-inicia-su-cuarto-retiro-espiritual-como-papa\\\/#primaryimage\"},\"image\":{\"@id\":\"https:\\\/\\\/www.eldiariodetucuman.com\\\/web\\\/francisco-inicia-su-cuarto-retiro-espiritual-como-papa\\\/#primaryimage\"},\"thumbnailUrl\":\"https:\\\/\\\/www.eldiariodetucuman.com\\\/web\\\/wp-content\\\/uploads\\\/2018\\\/02\\\/89517056ea364a02ba6e3bd375370251.jpeg\",\"datePublished\":\"2018-02-19T15:52:49+00:00\",\"breadcrumb\":{\"@id\":\"https:\\\/\\\/www.eldiariodetucuman.com\\\/web\\\/francisco-inicia-su-cuarto-retiro-espiritual-como-papa\\\/#breadcrumb\"},\"inLanguage\":\"es\",\"potentialAction\":[{\"@type\":\"ReadAction\",\"target\":[\"https:\\\/\\\/www.eldiariodetucuman.com\\\/web\\\/francisco-inicia-su-cuarto-retiro-espiritual-como-papa\\\/\"]}]},{\"@type\":\"ImageObject\",\"inLanguage\":\"es\",\"@id\":\"https:\\\/\\\/www.eldiariodetucuman.com\\\/web\\\/francisco-inicia-su-cuarto-retiro-espiritual-como-papa\\\/#primaryimage\",\"url\":\"https:\\\/\\\/www.eldiariodetucuman.com\\\/web\\\/wp-content\\\/uploads\\\/2018\\\/02\\\/89517056ea364a02ba6e3bd375370251.jpeg\",\"contentUrl\":\"https:\\\/\\\/www.eldiariodetucuman.com\\\/web\\\/wp-content\\\/uploads\\\/2018\\\/02\\\/89517056ea364a02ba6e3bd375370251.jpeg\",\"width\":970,\"height\":546},{\"@type\":\"BreadcrumbList\",\"@id\":\"https:\\\/\\\/www.eldiariodetucuman.com\\\/web\\\/francisco-inicia-su-cuarto-retiro-espiritual-como-papa\\\/#breadcrumb\",\"itemListElement\":[{\"@type\":\"ListItem\",\"position\":1,\"name\":\"Portada\",\"item\":\"https:\\\/\\\/www.eldiariodetucuman.com\\\/web\\\/\"},{\"@type\":\"ListItem\",\"position\":2,\"name\":\"Francisco inicia su cuarto retiro espiritual como Papa\"}]},{\"@type\":\"WebSite\",\"@id\":\"https:\\\/\\\/www.eldiariodetucuman.com\\\/web\\\/#website\",\"url\":\"https:\\\/\\\/www.eldiariodetucuman.com\\\/web\\\/\",\"name\":\"El Diario de Tucuman\",\"description\":\"Diario Tucuman - Informaci\u00f3n y noticias\",\"publisher\":{\"@id\":\"https:\\\/\\\/www.eldiariodetucuman.com\\\/web\\\/#organization\"},\"potentialAction\":[{\"@type\":\"SearchAction\",\"target\":{\"@type\":\"EntryPoint\",\"urlTemplate\":\"https:\\\/\\\/www.eldiariodetucuman.com\\\/web\\\/?s={search_term_string}\"},\"query-input\":{\"@type\":\"PropertyValueSpecification\",\"valueRequired\":true,\"valueName\":\"search_term_string\"}}],\"inLanguage\":\"es\"},{\"@type\":\"Organization\",\"@id\":\"https:\\\/\\\/www.eldiariodetucuman.com\\\/web\\\/#organization\",\"name\":\"El Diario de Tucuman\",\"url\":\"https:\\\/\\\/www.eldiariodetucuman.com\\\/web\\\/\",\"logo\":{\"@type\":\"ImageObject\",\"inLanguage\":\"es\",\"@id\":\"https:\\\/\\\/www.eldiariodetucuman.com\\\/web\\\/#\\\/schema\\\/logo\\\/image\\\/\",\"url\":\"http:\\\/\\\/www.eldiariodetucuman.com\\\/web\\\/wp-content\\\/uploads\\\/2017\\\/12\\\/el-diario-de-tucuman.jpg\",\"contentUrl\":\"http:\\\/\\\/www.eldiariodetucuman.com\\\/web\\\/wp-content\\\/uploads\\\/2017\\\/12\\\/el-diario-de-tucuman.jpg\",\"width\":272,\"height\":92,\"caption\":\"El Diario de Tucuman\"},\"image\":{\"@id\":\"https:\\\/\\\/www.eldiariodetucuman.com\\\/web\\\/#\\\/schema\\\/logo\\\/image\\\/\"}},{\"@type\":\"Person\",\"@id\":\"https:\\\/\\\/www.eldiariodetucuman.com\\\/web\\\/#\\\/schema\\\/person\\\/6f95946e54fde848b878ffa4928071d5\",\"name\":\"eldiario detucuman\",\"image\":{\"@type\":\"ImageObject\",\"inLanguage\":\"es\",\"@id\":\"https:\\\/\\\/secure.gravatar.com\\\/avatar\\\/b6e1f89c5c4044c4962c8e6c20b1ca2cc99f549c965908afd4ec5308b3f51bfe?s=96&d=mm&r=g\",\"url\":\"https:\\\/\\\/secure.gravatar.com\\\/avatar\\\/b6e1f89c5c4044c4962c8e6c20b1ca2cc99f549c965908afd4ec5308b3f51bfe?s=96&d=mm&r=g\",\"contentUrl\":\"https:\\\/\\\/secure.gravatar.com\\\/avatar\\\/b6e1f89c5c4044c4962c8e6c20b1ca2cc99f549c965908afd4ec5308b3f51bfe?s=96&d=mm&r=g\",\"caption\":\"eldiario detucuman\"},\"url\":\"https:\\\/\\\/www.eldiariodetucuman.com\\\/web\\\/author\\\/eldiariodetucuman\\\/\"}]}<\/script>\n<!-- \/ Yoast SEO plugin. -->","yoast_head_json":{"title":"Francisco inicia su cuarto retiro espiritual como Papa - El Diario de Tucuman","robots":{"index":"index","follow":"follow","max-snippet":"max-snippet:-1","max-image-preview":"max-image-preview:large","max-video-preview":"max-video-preview:-1"},"canonical":"https:\/\/www.eldiariodetucuman.com\/web\/francisco-inicia-su-cuarto-retiro-espiritual-como-papa\/","og_locale":"es_ES","og_type":"article","og_title":"Francisco inicia su cuarto retiro espiritual como Papa - El Diario de Tucuman","og_description":"Los ejercicios espirituales del Papa\u00a0junto a la curia romana en la Casa Divino Maestro de la localidad, ubicada 27 kil\u00f3metros al sudeste del Vaticano, tendr\u00e1n como tema el \u00abElogio de la sed\u00bb. \u00abLes pido a todos un recuerdo en la oraci\u00f3n para m\u00ed y mis colaboradores de la Curia romana, que esta tarde iniciaremos la [&hellip;]","og_url":"https:\/\/www.eldiariodetucuman.com\/web\/francisco-inicia-su-cuarto-retiro-espiritual-como-papa\/","og_site_name":"El Diario de Tucuman","article_published_time":"2018-02-19T15:52:49+00:00","og_image":[{"width":970,"height":546,"url":"https:\/\/www.eldiariodetucuman.com\/web\/wp-content\/uploads\/2018\/02\/89517056ea364a02ba6e3bd375370251.jpeg","type":"image\/jpeg"}],"author":"eldiario detucuman","twitter_card":"summary_large_image","twitter_misc":{"Escrito por":"eldiario detucuman","Tiempo de lectura":"2 minutos"},"schema":{"@context":"https:\/\/schema.org","@graph":[{"@type":"Article","@id":"https:\/\/www.eldiariodetucuman.com\/web\/francisco-inicia-su-cuarto-retiro-espiritual-como-papa\/#article","isPartOf":{"@id":"https:\/\/www.eldiariodetucuman.com\/web\/francisco-inicia-su-cuarto-retiro-espiritual-como-papa\/"},"author":{"name":"eldiario detucuman","@id":"https:\/\/www.eldiariodetucuman.com\/web\/#\/schema\/person\/6f95946e54fde848b878ffa4928071d5"},"headline":"Francisco inicia su cuarto retiro espiritual como Papa","datePublished":"2018-02-19T15:52:49+00:00","mainEntityOfPage":{"@id":"https:\/\/www.eldiariodetucuman.com\/web\/francisco-inicia-su-cuarto-retiro-espiritual-como-papa\/"},"wordCount":414,"commentCount":0,"publisher":{"@id":"https:\/\/www.eldiariodetucuman.com\/web\/#organization"},"image":{"@id":"https:\/\/www.eldiariodetucuman.com\/web\/francisco-inicia-su-cuarto-retiro-espiritual-como-papa\/#primaryimage"},"thumbnailUrl":"https:\/\/www.eldiariodetucuman.com\/web\/wp-content\/uploads\/2018\/02\/89517056ea364a02ba6e3bd375370251.jpeg","articleSection":["Internacionales"],"inLanguage":"es","potentialAction":[{"@type":"CommentAction","name":"Comment","target":["https:\/\/www.eldiariodetucuman.com\/web\/francisco-inicia-su-cuarto-retiro-espiritual-como-papa\/#respond"]}]},{"@type":"WebPage","@id":"https:\/\/www.eldiariodetucuman.com\/web\/francisco-inicia-su-cuarto-retiro-espiritual-como-papa\/","url":"https:\/\/www.eldiariodetucuman.com\/web\/francisco-inicia-su-cuarto-retiro-espiritual-como-papa\/","name":"Francisco inicia su cuarto retiro espiritual como Papa - El Diario de Tucuman","isPartOf":{"@id":"https:\/\/www.eldiariodetucuman.com\/web\/#website"},"primaryImageOfPage":{"@id":"https:\/\/www.eldiariodetucuman.com\/web\/francisco-inicia-su-cuarto-retiro-espiritual-como-papa\/#primaryimage"},"image":{"@id":"https:\/\/www.eldiariodetucuman.com\/web\/francisco-inicia-su-cuarto-retiro-espiritual-como-papa\/#primaryimage"},"thumbnailUrl":"https:\/\/www.eldiariodetucuman.com\/web\/wp-content\/uploads\/2018\/02\/89517056ea364a02ba6e3bd375370251.jpeg","datePublished":"2018-02-19T15:52:49+00:00","breadcrumb":{"@id":"https:\/\/www.eldiariodetucuman.com\/web\/francisco-inicia-su-cuarto-retiro-espiritual-como-papa\/#breadcrumb"},"inLanguage":"es","potentialAction":[{"@type":"ReadAction","target":["https:\/\/www.eldiariodetucuman.com\/web\/francisco-inicia-su-cuarto-retiro-espiritual-como-papa\/"]}]},{"@type":"ImageObject","inLanguage":"es","@id":"https:\/\/www.eldiariodetucuman.com\/web\/francisco-inicia-su-cuarto-retiro-espiritual-como-papa\/#primaryimage","url":"https:\/\/www.eldiariodetucuman.com\/web\/wp-content\/uploads\/2018\/02\/89517056ea364a02ba6e3bd375370251.jpeg","contentUrl":"https:\/\/www.eldiariodetucuman.com\/web\/wp-content\/uploads\/2018\/02\/89517056ea364a02ba6e3bd375370251.jpeg","width":970,"height":546},{"@type":"BreadcrumbList","@id":"https:\/\/www.eldiariodetucuman.com\/web\/francisco-inicia-su-cuarto-retiro-espiritual-como-papa\/#breadcrumb","itemListElement":[{"@type":"ListItem","position":1,"name":"Portada","item":"https:\/\/www.eldiariodetucuman.com\/web\/"},{"@type":"ListItem","position":2,"name":"Francisco inicia su cuarto retiro espiritual como Papa"}]},{"@type":"WebSite","@id":"https:\/\/www.eldiariodetucuman.com\/web\/#website","url":"https:\/\/www.eldiariodetucuman.com\/web\/","name":"El Diario de Tucuman","description":"Diario Tucuman - Informaci\u00f3n y noticias","publisher":{"@id":"https:\/\/www.eldiariodetucuman.com\/web\/#organization"},"potentialAction":[{"@type":"SearchAction","target":{"@type":"EntryPoint","urlTemplate":"https:\/\/www.eldiariodetucuman.com\/web\/?s={search_term_string}"},"query-input":{"@type":"PropertyValueSpecification","valueRequired":true,"valueName":"search_term_string"}}],"inLanguage":"es"},{"@type":"Organization","@id":"https:\/\/www.eldiariodetucuman.com\/web\/#organization","name":"El Diario de Tucuman","url":"https:\/\/www.eldiariodetucuman.com\/web\/","logo":{"@type":"ImageObject","inLanguage":"es","@id":"https:\/\/www.eldiariodetucuman.com\/web\/#\/schema\/logo\/image\/","url":"http:\/\/www.eldiariodetucuman.com\/web\/wp-content\/uploads\/2017\/12\/el-diario-de-tucuman.jpg","contentUrl":"http:\/\/www.eldiariodetucuman.com\/web\/wp-content\/uploads\/2017\/12\/el-diario-de-tucuman.jpg","width":272,"height":92,"caption":"El Diario de Tucuman"},"image":{"@id":"https:\/\/www.eldiariodetucuman.com\/web\/#\/schema\/logo\/image\/"}},{"@type":"Person","@id":"https:\/\/www.eldiariodetucuman.com\/web\/#\/schema\/person\/6f95946e54fde848b878ffa4928071d5","name":"eldiario detucuman","image":{"@type":"ImageObject","inLanguage":"es","@id":"https:\/\/secure.gravatar.com\/avatar\/b6e1f89c5c4044c4962c8e6c20b1ca2cc99f549c965908afd4ec5308b3f51bfe?s=96&d=mm&r=g","url":"https:\/\/secure.gravatar.com\/avatar\/b6e1f89c5c4044c4962c8e6c20b1ca2cc99f549c965908afd4ec5308b3f51bfe?s=96&d=mm&r=g","contentUrl":"https:\/\/secure.gravatar.com\/avatar\/b6e1f89c5c4044c4962c8e6c20b1ca2cc99f549c965908afd4ec5308b3f51bfe?s=96&d=mm&r=g","caption":"eldiario detucuman"},"url":"https:\/\/www.eldiariodetucuman.com\/web\/author\/eldiariodetucuman\/"}]}},"_links":{"self":[{"href":"https:\/\/www.eldiariodetucuman.com\/web\/wp-json\/wp\/v2\/posts\/5551","targetHints":{"allow":["GET"]}}],"collection":[{"href":"https:\/\/www.eldiariodetucuman.com\/web\/wp-json\/wp\/v2\/posts"}],"about":[{"href":"https:\/\/www.eldiariodetucuman.com\/web\/wp-json\/wp\/v2\/types\/post"}],"author":[{"embeddable":true,"href":"https:\/\/www.eldiariodetucuman.com\/web\/wp-json\/wp\/v2\/users\/4"}],"replies":[{"embeddable":true,"href":"https:\/\/www.eldiariodetucuman.com\/web\/wp-json\/wp\/v2\/comments?post=5551"}],"version-history":[{"count":0,"href":"https:\/\/www.eldiariodetucuman.com\/web\/wp-json\/wp\/v2\/posts\/5551\/revisions"}],"wp:featuredmedia":[{"embeddable":true,"href":"https:\/\/www.eldiariodetucuman.com\/web\/wp-json\/wp\/v2\/media\/5552"}],"wp:attachment":[{"href":"https:\/\/www.eldiariodetucuman.com\/web\/wp-json\/wp\/v2\/media?parent=5551"}],"wp:term":[{"taxonomy":"category","embeddable":true,"href":"https:\/\/www.eldiariodetucuman.com\/web\/wp-json\/wp\/v2\/categories?post=5551"},{"taxonomy":"post_tag","embeddable":true,"href":"https:\/\/www.eldiariodetucuman.com\/web\/wp-json\/wp\/v2\/tags?post=5551"}],"curies":[{"name":"wp","href":"https:\/\/api.w.org\/{rel}","templated":true}]}}