{"id":5549,"date":"2018-02-19T12:52:42","date_gmt":"2018-02-19T15:52:42","guid":{"rendered":"http:\/\/www.eldiariodetucuman.com\/web\/el-milagro-dentro-de-la-tragedia-aerea\/"},"modified":"2018-02-19T12:52:42","modified_gmt":"2018-02-19T15:52:42","slug":"el-milagro-dentro-de-la-tragedia-aerea","status":"publish","type":"post","link":"https:\/\/www.eldiariodetucuman.com\/web\/el-milagro-dentro-de-la-tragedia-aerea\/","title":{"rendered":"El milagro dentro de la tragedia a\u00e9rea"},"content":{"rendered":"<div>\n<div itemprop=\"articleBody\" readability=\"74\">\n<p>El destino le dio una nueva vida a un pasajero, cuya identidad\u00a0se mantiene reservada, tras no abordar el avi\u00f3n de Aseman Airlines\u00a0que viajaba desde la capital de la\u00a0Rep\u00fablica Isl\u00e1mica de Ir\u00e1n\u00a0hacia la ciudad suroccidental de Yasuj.\u00a0<\/p>\n<p>La aeronave, que despeg\u00f3 a las 7:55 a.m. hora local, se estrell\u00f3 en la villa de Kohangan, a 120 kil\u00f3metros de la localidad de Semirom, dijeron las autoridades iran\u00edes.<\/p>\n<div>\n<figure class=\"image\"><img decoding=\"async\" alt=\"\" data-height=\"419\" data-size=\"w:992,h:558\" data-width=\"745\" hspace=\"5\" src=\"https:\/\/www.cronica.com.ar\/export\/sites\/cronica\/img\/2018\/02\/18\/_20180218163146-kgoi-u44878161840zag-992x558xlavanguardia-web.jpg_366287663.jpg\" title=\"\" vspace=\"5\"><figcaption>El dolor de los familiares de los pasajeros fallecidos en el tr\u00e1gico vuelo<\/figcaption><\/figure>\n<\/div>\n<p><u><strong>Todo apunta a que el siniestro se produjo por las malas condiciones clim\u00e1ticas<\/strong><\/u><\/p>\n<p><em>\u201cDadas las condiciones particulares en el \u00e1rea, todav\u00eda no tenemos acceso al punto exacto del accidente y, por lo tanto, no podemos confirmar definitiva y definitivamente la muerte de todos los pasajeros en el avi\u00f3n\u201d<\/em>, declar\u00f3 un portavoz de la compa\u00f1\u00eda.<\/p>\n<p>La compa\u00f1\u00eda hab\u00eda informado tambi\u00e9n de que hab\u00eda 60 pasajeros, entre ellos un ni\u00f1o y seis tripulantes a bordo del bimotor ATR 72 que volaba de Teher\u00e1n a Yasuj, pero despu\u00e9s redujo la cifra a 65 al informar que\u00a0una persona hab\u00eda perdido el vuelo.<\/p>\n<p><strong><u>El siniestro se produjo en una zona monta\u00f1osa de dif\u00edcil acceso<\/u><\/strong><\/p>\n<p>A la zona del siniestro, las autoridades han enviado helic\u00f3pteros debido a que al tratarse de una\u00a0regi\u00f3n monta\u00f1osa\u00a0es dif\u00edcil el acceso de ambulancias. Pero los helic\u00f3pteros no pod\u00edan tocar tierra en el probable lugar del siniestro por las condiciones meteorol\u00f3gicas y los equipos de emergencia intentaban llegar a la zona por tierra, informaron los medios oficiales.<\/p>\n<p>El portavoz de Emergencias iran\u00ed,<strong> Moytaba Jaled\u00ed<\/strong>, explic\u00f3 que el aparato desapareci\u00f3 del radar unos 50 minutos despu\u00e9s de haber despegado del aeropuerto de Teher\u00e1n con destino a la ciudad de Yasuy.<\/p>\n<\/div>\n<\/div>\n","protected":false},"excerpt":{"rendered":"<p>El destino le dio una nueva vida a un pasajero, cuya identidad\u00a0se mantiene reservada, tras no abordar el avi\u00f3n de Aseman Airlines\u00a0que viajaba desde la capital de la\u00a0Rep\u00fablica Isl\u00e1mica de Ir\u00e1n\u00a0hacia la ciudad suroccidental de Yasuj.\u00a0 La aeronave, que despeg\u00f3 a las 7:55 a.m. hora local, se estrell\u00f3 en la villa de Kohangan, a 120 [&hellip;]<\/p>\n","protected":false},"author":4,"featured_media":5550,"comment_status":"open","ping_status":"closed","sticky":false,"template":"","format":"standard","meta":{"footnotes":""},"categories":[194],"tags":[],"class_list":{"0":"post-5549","1":"post","2":"type-post","3":"status-publish","4":"format-standard","5":"has-post-thumbnail","7":"category-internacionales"},"yoast_head":"<!-- This site is optimized with the Yoast SEO plugin v27.5 - https:\/\/yoast.com\/product\/yoast-seo-wordpress\/ -->\n<title>El milagro dentro de la tragedia a\u00e9rea - El Diario de Tucuman<\/title>\n<meta name=\"robots\" content=\"index, follow, max-snippet:-1, max-image-preview:large, max-video-preview:-1\" \/>\n<link rel=\"canonical\" href=\"https:\/\/www.eldiariodetucuman.com\/web\/el-milagro-dentro-de-la-tragedia-aerea\/\" \/>\n<meta property=\"og:locale\" content=\"es_ES\" \/>\n<meta property=\"og:type\" content=\"article\" \/>\n<meta property=\"og:title\" content=\"El milagro dentro de la tragedia a\u00e9rea - El Diario de Tucuman\" \/>\n<meta property=\"og:description\" content=\"El destino le dio una nueva vida a un pasajero, cuya identidad\u00a0se mantiene reservada, tras no abordar el avi\u00f3n de Aseman Airlines\u00a0que viajaba desde la capital de la\u00a0Rep\u00fablica Isl\u00e1mica de Ir\u00e1n\u00a0hacia la ciudad suroccidental de Yasuj.\u00a0 La aeronave, que despeg\u00f3 a las 7:55 a.m. hora local, se estrell\u00f3 en la villa de Kohangan, a 120 [&hellip;]\" \/>\n<meta property=\"og:url\" content=\"https:\/\/www.eldiariodetucuman.com\/web\/el-milagro-dentro-de-la-tragedia-aerea\/\" \/>\n<meta property=\"og:site_name\" content=\"El Diario de Tucuman\" \/>\n<meta property=\"article:published_time\" content=\"2018-02-19T15:52:42+00:00\" \/>\n<meta property=\"og:image\" content=\"https:\/\/www.eldiariodetucuman.com\/web\/wp-content\/uploads\/2018\/02\/a1fb8375d954b5631c8c932fd154506c.jpeg\" \/>\n\t<meta property=\"og:image:width\" content=\"970\" \/>\n\t<meta property=\"og:image:height\" content=\"546\" \/>\n\t<meta property=\"og:image:type\" content=\"image\/jpeg\" \/>\n<meta name=\"author\" content=\"eldiario detucuman\" \/>\n<meta name=\"twitter:card\" content=\"summary_large_image\" \/>\n<meta name=\"twitter:label1\" content=\"Escrito por\" \/>\n\t<meta name=\"twitter:data1\" content=\"eldiario detucuman\" \/>\n\t<meta name=\"twitter:label2\" content=\"Tiempo de lectura\" \/>\n\t<meta name=\"twitter:data2\" content=\"2 minutos\" \/>\n<script type=\"application\/ld+json\" class=\"yoast-schema-graph\">{\"@context\":\"https:\\\/\\\/schema.org\",\"@graph\":[{\"@type\":\"Article\",\"@id\":\"https:\\\/\\\/www.eldiariodetucuman.com\\\/web\\\/el-milagro-dentro-de-la-tragedia-aerea\\\/#article\",\"isPartOf\":{\"@id\":\"https:\\\/\\\/www.eldiariodetucuman.com\\\/web\\\/el-milagro-dentro-de-la-tragedia-aerea\\\/\"},\"author\":{\"name\":\"eldiario detucuman\",\"@id\":\"https:\\\/\\\/www.eldiariodetucuman.com\\\/web\\\/#\\\/schema\\\/person\\\/6f95946e54fde848b878ffa4928071d5\"},\"headline\":\"El milagro dentro de la tragedia a\u00e9rea\",\"datePublished\":\"2018-02-19T15:52:42+00:00\",\"mainEntityOfPage\":{\"@id\":\"https:\\\/\\\/www.eldiariodetucuman.com\\\/web\\\/el-milagro-dentro-de-la-tragedia-aerea\\\/\"},\"wordCount\":315,\"commentCount\":0,\"publisher\":{\"@id\":\"https:\\\/\\\/www.eldiariodetucuman.com\\\/web\\\/#organization\"},\"image\":{\"@id\":\"https:\\\/\\\/www.eldiariodetucuman.com\\\/web\\\/el-milagro-dentro-de-la-tragedia-aerea\\\/#primaryimage\"},\"thumbnailUrl\":\"https:\\\/\\\/www.eldiariodetucuman.com\\\/web\\\/wp-content\\\/uploads\\\/2018\\\/02\\\/a1fb8375d954b5631c8c932fd154506c.jpeg\",\"articleSection\":[\"Internacionales\"],\"inLanguage\":\"es\",\"potentialAction\":[{\"@type\":\"CommentAction\",\"name\":\"Comment\",\"target\":[\"https:\\\/\\\/www.eldiariodetucuman.com\\\/web\\\/el-milagro-dentro-de-la-tragedia-aerea\\\/#respond\"]}]},{\"@type\":\"WebPage\",\"@id\":\"https:\\\/\\\/www.eldiariodetucuman.com\\\/web\\\/el-milagro-dentro-de-la-tragedia-aerea\\\/\",\"url\":\"https:\\\/\\\/www.eldiariodetucuman.com\\\/web\\\/el-milagro-dentro-de-la-tragedia-aerea\\\/\",\"name\":\"El milagro dentro de la tragedia a\u00e9rea - El Diario de Tucuman\",\"isPartOf\":{\"@id\":\"https:\\\/\\\/www.eldiariodetucuman.com\\\/web\\\/#website\"},\"primaryImageOfPage\":{\"@id\":\"https:\\\/\\\/www.eldiariodetucuman.com\\\/web\\\/el-milagro-dentro-de-la-tragedia-aerea\\\/#primaryimage\"},\"image\":{\"@id\":\"https:\\\/\\\/www.eldiariodetucuman.com\\\/web\\\/el-milagro-dentro-de-la-tragedia-aerea\\\/#primaryimage\"},\"thumbnailUrl\":\"https:\\\/\\\/www.eldiariodetucuman.com\\\/web\\\/wp-content\\\/uploads\\\/2018\\\/02\\\/a1fb8375d954b5631c8c932fd154506c.jpeg\",\"datePublished\":\"2018-02-19T15:52:42+00:00\",\"breadcrumb\":{\"@id\":\"https:\\\/\\\/www.eldiariodetucuman.com\\\/web\\\/el-milagro-dentro-de-la-tragedia-aerea\\\/#breadcrumb\"},\"inLanguage\":\"es\",\"potentialAction\":[{\"@type\":\"ReadAction\",\"target\":[\"https:\\\/\\\/www.eldiariodetucuman.com\\\/web\\\/el-milagro-dentro-de-la-tragedia-aerea\\\/\"]}]},{\"@type\":\"ImageObject\",\"inLanguage\":\"es\",\"@id\":\"https:\\\/\\\/www.eldiariodetucuman.com\\\/web\\\/el-milagro-dentro-de-la-tragedia-aerea\\\/#primaryimage\",\"url\":\"https:\\\/\\\/www.eldiariodetucuman.com\\\/web\\\/wp-content\\\/uploads\\\/2018\\\/02\\\/a1fb8375d954b5631c8c932fd154506c.jpeg\",\"contentUrl\":\"https:\\\/\\\/www.eldiariodetucuman.com\\\/web\\\/wp-content\\\/uploads\\\/2018\\\/02\\\/a1fb8375d954b5631c8c932fd154506c.jpeg\",\"width\":970,\"height\":546},{\"@type\":\"BreadcrumbList\",\"@id\":\"https:\\\/\\\/www.eldiariodetucuman.com\\\/web\\\/el-milagro-dentro-de-la-tragedia-aerea\\\/#breadcrumb\",\"itemListElement\":[{\"@type\":\"ListItem\",\"position\":1,\"name\":\"Portada\",\"item\":\"https:\\\/\\\/www.eldiariodetucuman.com\\\/web\\\/\"},{\"@type\":\"ListItem\",\"position\":2,\"name\":\"El milagro dentro de la tragedia a\u00e9rea\"}]},{\"@type\":\"WebSite\",\"@id\":\"https:\\\/\\\/www.eldiariodetucuman.com\\\/web\\\/#website\",\"url\":\"https:\\\/\\\/www.eldiariodetucuman.com\\\/web\\\/\",\"name\":\"El Diario de Tucuman\",\"description\":\"Diario Tucuman - Informaci\u00f3n y noticias\",\"publisher\":{\"@id\":\"https:\\\/\\\/www.eldiariodetucuman.com\\\/web\\\/#organization\"},\"potentialAction\":[{\"@type\":\"SearchAction\",\"target\":{\"@type\":\"EntryPoint\",\"urlTemplate\":\"https:\\\/\\\/www.eldiariodetucuman.com\\\/web\\\/?s={search_term_string}\"},\"query-input\":{\"@type\":\"PropertyValueSpecification\",\"valueRequired\":true,\"valueName\":\"search_term_string\"}}],\"inLanguage\":\"es\"},{\"@type\":\"Organization\",\"@id\":\"https:\\\/\\\/www.eldiariodetucuman.com\\\/web\\\/#organization\",\"name\":\"El Diario de Tucuman\",\"url\":\"https:\\\/\\\/www.eldiariodetucuman.com\\\/web\\\/\",\"logo\":{\"@type\":\"ImageObject\",\"inLanguage\":\"es\",\"@id\":\"https:\\\/\\\/www.eldiariodetucuman.com\\\/web\\\/#\\\/schema\\\/logo\\\/image\\\/\",\"url\":\"http:\\\/\\\/www.eldiariodetucuman.com\\\/web\\\/wp-content\\\/uploads\\\/2017\\\/12\\\/el-diario-de-tucuman.jpg\",\"contentUrl\":\"http:\\\/\\\/www.eldiariodetucuman.com\\\/web\\\/wp-content\\\/uploads\\\/2017\\\/12\\\/el-diario-de-tucuman.jpg\",\"width\":272,\"height\":92,\"caption\":\"El Diario de Tucuman\"},\"image\":{\"@id\":\"https:\\\/\\\/www.eldiariodetucuman.com\\\/web\\\/#\\\/schema\\\/logo\\\/image\\\/\"}},{\"@type\":\"Person\",\"@id\":\"https:\\\/\\\/www.eldiariodetucuman.com\\\/web\\\/#\\\/schema\\\/person\\\/6f95946e54fde848b878ffa4928071d5\",\"name\":\"eldiario detucuman\",\"image\":{\"@type\":\"ImageObject\",\"inLanguage\":\"es\",\"@id\":\"https:\\\/\\\/secure.gravatar.com\\\/avatar\\\/b6e1f89c5c4044c4962c8e6c20b1ca2cc99f549c965908afd4ec5308b3f51bfe?s=96&d=mm&r=g\",\"url\":\"https:\\\/\\\/secure.gravatar.com\\\/avatar\\\/b6e1f89c5c4044c4962c8e6c20b1ca2cc99f549c965908afd4ec5308b3f51bfe?s=96&d=mm&r=g\",\"contentUrl\":\"https:\\\/\\\/secure.gravatar.com\\\/avatar\\\/b6e1f89c5c4044c4962c8e6c20b1ca2cc99f549c965908afd4ec5308b3f51bfe?s=96&d=mm&r=g\",\"caption\":\"eldiario detucuman\"},\"url\":\"https:\\\/\\\/www.eldiariodetucuman.com\\\/web\\\/author\\\/eldiariodetucuman\\\/\"}]}<\/script>\n<!-- \/ Yoast SEO plugin. -->","yoast_head_json":{"title":"El milagro dentro de la tragedia a\u00e9rea - El Diario de Tucuman","robots":{"index":"index","follow":"follow","max-snippet":"max-snippet:-1","max-image-preview":"max-image-preview:large","max-video-preview":"max-video-preview:-1"},"canonical":"https:\/\/www.eldiariodetucuman.com\/web\/el-milagro-dentro-de-la-tragedia-aerea\/","og_locale":"es_ES","og_type":"article","og_title":"El milagro dentro de la tragedia a\u00e9rea - El Diario de Tucuman","og_description":"El destino le dio una nueva vida a un pasajero, cuya identidad\u00a0se mantiene reservada, tras no abordar el avi\u00f3n de Aseman Airlines\u00a0que viajaba desde la capital de la\u00a0Rep\u00fablica Isl\u00e1mica de Ir\u00e1n\u00a0hacia la ciudad suroccidental de Yasuj.\u00a0 La aeronave, que despeg\u00f3 a las 7:55 a.m. hora local, se estrell\u00f3 en la villa de Kohangan, a 120 [&hellip;]","og_url":"https:\/\/www.eldiariodetucuman.com\/web\/el-milagro-dentro-de-la-tragedia-aerea\/","og_site_name":"El Diario de Tucuman","article_published_time":"2018-02-19T15:52:42+00:00","og_image":[{"width":970,"height":546,"url":"https:\/\/www.eldiariodetucuman.com\/web\/wp-content\/uploads\/2018\/02\/a1fb8375d954b5631c8c932fd154506c.jpeg","type":"image\/jpeg"}],"author":"eldiario detucuman","twitter_card":"summary_large_image","twitter_misc":{"Escrito por":"eldiario detucuman","Tiempo de lectura":"2 minutos"},"schema":{"@context":"https:\/\/schema.org","@graph":[{"@type":"Article","@id":"https:\/\/www.eldiariodetucuman.com\/web\/el-milagro-dentro-de-la-tragedia-aerea\/#article","isPartOf":{"@id":"https:\/\/www.eldiariodetucuman.com\/web\/el-milagro-dentro-de-la-tragedia-aerea\/"},"author":{"name":"eldiario detucuman","@id":"https:\/\/www.eldiariodetucuman.com\/web\/#\/schema\/person\/6f95946e54fde848b878ffa4928071d5"},"headline":"El milagro dentro de la tragedia a\u00e9rea","datePublished":"2018-02-19T15:52:42+00:00","mainEntityOfPage":{"@id":"https:\/\/www.eldiariodetucuman.com\/web\/el-milagro-dentro-de-la-tragedia-aerea\/"},"wordCount":315,"commentCount":0,"publisher":{"@id":"https:\/\/www.eldiariodetucuman.com\/web\/#organization"},"image":{"@id":"https:\/\/www.eldiariodetucuman.com\/web\/el-milagro-dentro-de-la-tragedia-aerea\/#primaryimage"},"thumbnailUrl":"https:\/\/www.eldiariodetucuman.com\/web\/wp-content\/uploads\/2018\/02\/a1fb8375d954b5631c8c932fd154506c.jpeg","articleSection":["Internacionales"],"inLanguage":"es","potentialAction":[{"@type":"CommentAction","name":"Comment","target":["https:\/\/www.eldiariodetucuman.com\/web\/el-milagro-dentro-de-la-tragedia-aerea\/#respond"]}]},{"@type":"WebPage","@id":"https:\/\/www.eldiariodetucuman.com\/web\/el-milagro-dentro-de-la-tragedia-aerea\/","url":"https:\/\/www.eldiariodetucuman.com\/web\/el-milagro-dentro-de-la-tragedia-aerea\/","name":"El milagro dentro de la tragedia a\u00e9rea - El Diario de Tucuman","isPartOf":{"@id":"https:\/\/www.eldiariodetucuman.com\/web\/#website"},"primaryImageOfPage":{"@id":"https:\/\/www.eldiariodetucuman.com\/web\/el-milagro-dentro-de-la-tragedia-aerea\/#primaryimage"},"image":{"@id":"https:\/\/www.eldiariodetucuman.com\/web\/el-milagro-dentro-de-la-tragedia-aerea\/#primaryimage"},"thumbnailUrl":"https:\/\/www.eldiariodetucuman.com\/web\/wp-content\/uploads\/2018\/02\/a1fb8375d954b5631c8c932fd154506c.jpeg","datePublished":"2018-02-19T15:52:42+00:00","breadcrumb":{"@id":"https:\/\/www.eldiariodetucuman.com\/web\/el-milagro-dentro-de-la-tragedia-aerea\/#breadcrumb"},"inLanguage":"es","potentialAction":[{"@type":"ReadAction","target":["https:\/\/www.eldiariodetucuman.com\/web\/el-milagro-dentro-de-la-tragedia-aerea\/"]}]},{"@type":"ImageObject","inLanguage":"es","@id":"https:\/\/www.eldiariodetucuman.com\/web\/el-milagro-dentro-de-la-tragedia-aerea\/#primaryimage","url":"https:\/\/www.eldiariodetucuman.com\/web\/wp-content\/uploads\/2018\/02\/a1fb8375d954b5631c8c932fd154506c.jpeg","contentUrl":"https:\/\/www.eldiariodetucuman.com\/web\/wp-content\/uploads\/2018\/02\/a1fb8375d954b5631c8c932fd154506c.jpeg","width":970,"height":546},{"@type":"BreadcrumbList","@id":"https:\/\/www.eldiariodetucuman.com\/web\/el-milagro-dentro-de-la-tragedia-aerea\/#breadcrumb","itemListElement":[{"@type":"ListItem","position":1,"name":"Portada","item":"https:\/\/www.eldiariodetucuman.com\/web\/"},{"@type":"ListItem","position":2,"name":"El milagro dentro de la tragedia a\u00e9rea"}]},{"@type":"WebSite","@id":"https:\/\/www.eldiariodetucuman.com\/web\/#website","url":"https:\/\/www.eldiariodetucuman.com\/web\/","name":"El Diario de Tucuman","description":"Diario Tucuman - Informaci\u00f3n y noticias","publisher":{"@id":"https:\/\/www.eldiariodetucuman.com\/web\/#organization"},"potentialAction":[{"@type":"SearchAction","target":{"@type":"EntryPoint","urlTemplate":"https:\/\/www.eldiariodetucuman.com\/web\/?s={search_term_string}"},"query-input":{"@type":"PropertyValueSpecification","valueRequired":true,"valueName":"search_term_string"}}],"inLanguage":"es"},{"@type":"Organization","@id":"https:\/\/www.eldiariodetucuman.com\/web\/#organization","name":"El Diario de Tucuman","url":"https:\/\/www.eldiariodetucuman.com\/web\/","logo":{"@type":"ImageObject","inLanguage":"es","@id":"https:\/\/www.eldiariodetucuman.com\/web\/#\/schema\/logo\/image\/","url":"http:\/\/www.eldiariodetucuman.com\/web\/wp-content\/uploads\/2017\/12\/el-diario-de-tucuman.jpg","contentUrl":"http:\/\/www.eldiariodetucuman.com\/web\/wp-content\/uploads\/2017\/12\/el-diario-de-tucuman.jpg","width":272,"height":92,"caption":"El Diario de Tucuman"},"image":{"@id":"https:\/\/www.eldiariodetucuman.com\/web\/#\/schema\/logo\/image\/"}},{"@type":"Person","@id":"https:\/\/www.eldiariodetucuman.com\/web\/#\/schema\/person\/6f95946e54fde848b878ffa4928071d5","name":"eldiario detucuman","image":{"@type":"ImageObject","inLanguage":"es","@id":"https:\/\/secure.gravatar.com\/avatar\/b6e1f89c5c4044c4962c8e6c20b1ca2cc99f549c965908afd4ec5308b3f51bfe?s=96&d=mm&r=g","url":"https:\/\/secure.gravatar.com\/avatar\/b6e1f89c5c4044c4962c8e6c20b1ca2cc99f549c965908afd4ec5308b3f51bfe?s=96&d=mm&r=g","contentUrl":"https:\/\/secure.gravatar.com\/avatar\/b6e1f89c5c4044c4962c8e6c20b1ca2cc99f549c965908afd4ec5308b3f51bfe?s=96&d=mm&r=g","caption":"eldiario detucuman"},"url":"https:\/\/www.eldiariodetucuman.com\/web\/author\/eldiariodetucuman\/"}]}},"_links":{"self":[{"href":"https:\/\/www.eldiariodetucuman.com\/web\/wp-json\/wp\/v2\/posts\/5549","targetHints":{"allow":["GET"]}}],"collection":[{"href":"https:\/\/www.eldiariodetucuman.com\/web\/wp-json\/wp\/v2\/posts"}],"about":[{"href":"https:\/\/www.eldiariodetucuman.com\/web\/wp-json\/wp\/v2\/types\/post"}],"author":[{"embeddable":true,"href":"https:\/\/www.eldiariodetucuman.com\/web\/wp-json\/wp\/v2\/users\/4"}],"replies":[{"embeddable":true,"href":"https:\/\/www.eldiariodetucuman.com\/web\/wp-json\/wp\/v2\/comments?post=5549"}],"version-history":[{"count":0,"href":"https:\/\/www.eldiariodetucuman.com\/web\/wp-json\/wp\/v2\/posts\/5549\/revisions"}],"wp:featuredmedia":[{"embeddable":true,"href":"https:\/\/www.eldiariodetucuman.com\/web\/wp-json\/wp\/v2\/media\/5550"}],"wp:attachment":[{"href":"https:\/\/www.eldiariodetucuman.com\/web\/wp-json\/wp\/v2\/media?parent=5549"}],"wp:term":[{"taxonomy":"category","embeddable":true,"href":"https:\/\/www.eldiariodetucuman.com\/web\/wp-json\/wp\/v2\/categories?post=5549"},{"taxonomy":"post_tag","embeddable":true,"href":"https:\/\/www.eldiariodetucuman.com\/web\/wp-json\/wp\/v2\/tags?post=5549"}],"curies":[{"name":"wp","href":"https:\/\/api.w.org\/{rel}","templated":true}]}}