{"id":5547,"date":"2018-02-19T12:52:34","date_gmt":"2018-02-19T15:52:34","guid":{"rendered":"http:\/\/www.eldiariodetucuman.com\/web\/trump-aprovecho-el-tiroteo-en-florida-para-criticar-al-fbi\/"},"modified":"2018-02-19T12:52:34","modified_gmt":"2018-02-19T15:52:34","slug":"trump-aprovecho-el-tiroteo-en-florida-para-criticar-al-fbi","status":"publish","type":"post","link":"https:\/\/www.eldiariodetucuman.com\/web\/trump-aprovecho-el-tiroteo-en-florida-para-criticar-al-fbi\/","title":{"rendered":"Trump aprovech\u00f3 el tiroteo en Florida para criticar al FBI"},"content":{"rendered":"<div>\n<div itemprop=\"articleBody\" readability=\"116.66875\">\n<p>El presidente de   <a href=\"https:\/\/www.cronica.com.ar\/tags\/Estados%20Unidos\">Estados Unidos<\/a>,\u00a0<strong>  <a href=\"https:\/\/www.cronica.com.ar\/tags\/Donald%20Trump\">Donald Trump<\/a><\/strong>, escribi\u00f3 en su cuenta de Twitter que el FBI perdi\u00f3 de vista a\u00a0<strong>Nikolaz Cruz<\/strong>, quien mat\u00f3 a 17 personas e hiri\u00f3 a otras 16 en la\u00a0escuela secundaria\u00a0de la ciudad de Parkland,   <a href=\"https:\/\/www.cronica.com.ar\/tags\/Florida\">Florida<\/a>, por pasar demasiado tiempo investigando la relaci\u00f3n rusa con su campa\u00f1a electoral en el 2016.<\/p>\n<p><em>\u00abMuy triste que el FBI se perdiera las muchas se\u00f1ales que envi\u00f3 el autor del tiroteo en la escuela de   <a href=\"https:\/\/www.cronica.com.ar\/tags\/Florida\">Florida<\/a>, esto no es aceptable\u201d<\/em>, twitte\u00f3 en la red social.<\/p>\n<p>El presidente de los   <a href=\"https:\/\/www.cronica.com.ar\/tags\/Estados%20Unidos\">Estados Unidos<\/a> fue contundente al declarar\u00a0<em>\u00abPasan demasiado tiempo tratando de probar que hubo conspiraci\u00f3n rusa con la campa\u00f1a de Trump, y no hubo conspiraci\u00f3n. \u00a1Vuelvan a su trabajo esencial y hagan que estemos orgullosos!\u201d.<\/em><\/p>\n<p>El viernes pasado, el FBI reconoci\u00f3 que cometi\u00f3 un error al no haber seguido los protocolos establecidos cuando el 5 de enero pasado recibi\u00f3 una alerta sobre el comportamiento agresivo de Nikolas Cruz, el joven de 19 a\u00f1os que esta semana mat\u00f3 a 17 personas en un tiroteo en una escuela secundaria de Parkland, en el sur de   <a href=\"https:\/\/www.cronica.com.ar\/tags\/Florida\">Florida<\/a>.<\/p>\n<p>Por razones que se desconocen, el FBI no sigui\u00f3 los protocolos creados para estos casos y no investig\u00f3 la llamada de aviso que recibi\u00f3 sobre Cruz y sus planes de asesinar gente.<\/p>\n<p>Trump arremeti\u00f3 en muchas ocasiones contra el Departamento de Justicia y el FBI por su investigaci\u00f3n de la trama rusa, que \u00e9l considera una<em> \u201ccaza de brujas\u201d<\/em>, y, por eso, su relaci\u00f3n con el director de esa agencia de investigaci\u00f3n, <strong>Christopher Wray<\/strong>, se torn\u00f3 tensa en las \u00faltimas semanas.<\/p>\n<p>La tensi\u00f3n escal\u00f3 hasta tal punto despu\u00e9s del tiroteo y el error declarado del FBI, que el gobernador de   <a href=\"https:\/\/www.cronica.com.ar\/tags\/Florida\">Florida<\/a> y amigo de Trump, <strong>Rick Scott<\/strong>, pidi\u00f3 la renuncia de Wray.<\/p>\n<p>El llamado Rusiagate es una trama de intrigas entre la campa\u00f1a presidencial de Trump y el gobierno ruso en 2016, que para la oposici\u00f3n dem\u00f3crata result\u00f3 en un complot para ensuciar la campa\u00f1a de la entonces candidata <strong>  <a href=\"https:\/\/www.cronica.com.ar\/tags\/Hillary%20Clinton\">Hillary Clinton<\/a><\/strong> y beneficiar las chances del magnate republicano.\u00a0<\/p>\n<p>Despu\u00e9s de meses de investigaci\u00f3n, el FBI y la Justicia acusaron formalmente el viernes pasado a 13 ciudadanos y tres entidades rusas, y ratificaron que su trabajo no termin\u00f3 all\u00ed.\u00a0<\/p>\n<p>Rusia neg\u00f3 en reiteradas ocasiones cualquier tipo de intromisi\u00f3n en las elecciones presidenciales en   <a href=\"https:\/\/www.cronica.com.ar\/tags\/Estados%20Unidos\">Estados Unidos<\/a> y calific\u00f3 de<em> \u201cgratuitas\u201d <\/em>y <em>\u201ccarentes de fundamento\u201d <\/em>las acusaciones que se est\u00e1n expresando en su contra.<\/p>\n<p>En su intento por descartar todos los avances de la investigaci\u00f3n del FBI, Trump no duda en atacar a todos, incluidos sus propios asesores.<\/p>\n<p>En otro tuit, el presidente le respondi\u00f3 a su asesor de seguridad nacional,<strong> H. R. McMaster,<\/strong> quien ayer hab\u00eda calificado de \u201cirrefutables\u201d las pruebas de la injerencia rusa en la campa\u00f1a presidencial de 2016, como resultado de las acusaciones formales anunciadas por Muller.\u00a0<\/p>\n<p><em>\u00abAl general McMaster se le olvid\u00f3 decir que los resultados de la elecci\u00f3n de 2016 no resultaron afectados ni cambiados por los rusos y que la \u00fanica conspiraci\u00f3n fue entre Rusia y la corrupta H (  <a href=\"https:\/\/www.cronica.com.ar\/tags\/Hillary%20Clinton\">Hillary Clinton<\/a>)\u201d<\/em> y los dem\u00f3cratas, aleg\u00f3 Trump.<\/p>\n<p>\u00abPuede que fuera Rusia, o China u otro pa\u00eds o grupo, o puede que fuera un genio de 180 kilos sentado en la cama y jugando con su ordenador\u2019. El \u2019fraude\u2019 ruso fue que la campa\u00f1a de Trump conspirara con Rusia. \u00a1Nunca lo hizo!\u201d, escribi\u00f3 el presidente en twitter.<\/p>\n<p>Trump\u00a0hizo \u00e9nfasis que el objetivo de Rusia era crear discordia, desestabilizaci\u00f3n y caos dentro de   <a href=\"https:\/\/www.cronica.com.ar\/tags\/Estados%20Unidos\">Estados Unidos<\/a>.<\/p>\n<p>\u00a0<\/p>\n<\/div>\n<\/div>\n","protected":false},"excerpt":{"rendered":"<p>El presidente de Estados Unidos,\u00a0 Donald Trump, escribi\u00f3 en su cuenta de Twitter que el FBI perdi\u00f3 de vista a\u00a0Nikolaz Cruz, quien mat\u00f3 a 17 personas e hiri\u00f3 a otras 16 en la\u00a0escuela secundaria\u00a0de la ciudad de Parkland, Florida, por pasar demasiado tiempo investigando la relaci\u00f3n rusa con su campa\u00f1a electoral en el 2016. \u00abMuy [&hellip;]<\/p>\n","protected":false},"author":4,"featured_media":5548,"comment_status":"open","ping_status":"closed","sticky":false,"template":"","format":"standard","meta":{"footnotes":""},"categories":[194],"tags":[],"class_list":{"0":"post-5547","1":"post","2":"type-post","3":"status-publish","4":"format-standard","5":"has-post-thumbnail","7":"category-internacionales"},"yoast_head":"<!-- This site is optimized with the Yoast SEO plugin v27.5 - https:\/\/yoast.com\/product\/yoast-seo-wordpress\/ -->\n<title>Trump aprovech\u00f3 el tiroteo en Florida para criticar al FBI - El Diario de Tucuman<\/title>\n<meta name=\"robots\" content=\"index, follow, max-snippet:-1, max-image-preview:large, max-video-preview:-1\" \/>\n<link rel=\"canonical\" href=\"https:\/\/www.eldiariodetucuman.com\/web\/trump-aprovecho-el-tiroteo-en-florida-para-criticar-al-fbi\/\" \/>\n<meta property=\"og:locale\" content=\"es_ES\" \/>\n<meta property=\"og:type\" content=\"article\" \/>\n<meta property=\"og:title\" content=\"Trump aprovech\u00f3 el tiroteo en Florida para criticar al FBI - El Diario de Tucuman\" \/>\n<meta property=\"og:description\" content=\"El presidente de Estados Unidos,\u00a0 Donald Trump, escribi\u00f3 en su cuenta de Twitter que el FBI perdi\u00f3 de vista a\u00a0Nikolaz Cruz, quien mat\u00f3 a 17 personas e hiri\u00f3 a otras 16 en la\u00a0escuela secundaria\u00a0de la ciudad de Parkland, Florida, por pasar demasiado tiempo investigando la relaci\u00f3n rusa con su campa\u00f1a electoral en el 2016. \u00abMuy [&hellip;]\" \/>\n<meta property=\"og:url\" content=\"https:\/\/www.eldiariodetucuman.com\/web\/trump-aprovecho-el-tiroteo-en-florida-para-criticar-al-fbi\/\" \/>\n<meta property=\"og:site_name\" content=\"El Diario de Tucuman\" \/>\n<meta property=\"article:published_time\" content=\"2018-02-19T15:52:34+00:00\" \/>\n<meta property=\"og:image\" content=\"https:\/\/www.eldiariodetucuman.com\/web\/wp-content\/uploads\/2018\/02\/ac46718adf78b72e261928de862ee193.jpeg\" \/>\n\t<meta property=\"og:image:width\" content=\"970\" \/>\n\t<meta property=\"og:image:height\" content=\"546\" \/>\n\t<meta property=\"og:image:type\" content=\"image\/jpeg\" \/>\n<meta name=\"author\" content=\"eldiario detucuman\" \/>\n<meta name=\"twitter:card\" content=\"summary_large_image\" \/>\n<meta name=\"twitter:label1\" content=\"Escrito por\" \/>\n\t<meta name=\"twitter:data1\" content=\"eldiario detucuman\" \/>\n\t<meta name=\"twitter:label2\" content=\"Tiempo de lectura\" \/>\n\t<meta name=\"twitter:data2\" content=\"3 minutos\" \/>\n<script type=\"application\/ld+json\" class=\"yoast-schema-graph\">{\"@context\":\"https:\\\/\\\/schema.org\",\"@graph\":[{\"@type\":\"Article\",\"@id\":\"https:\\\/\\\/www.eldiariodetucuman.com\\\/web\\\/trump-aprovecho-el-tiroteo-en-florida-para-criticar-al-fbi\\\/#article\",\"isPartOf\":{\"@id\":\"https:\\\/\\\/www.eldiariodetucuman.com\\\/web\\\/trump-aprovecho-el-tiroteo-en-florida-para-criticar-al-fbi\\\/\"},\"author\":{\"name\":\"eldiario detucuman\",\"@id\":\"https:\\\/\\\/www.eldiariodetucuman.com\\\/web\\\/#\\\/schema\\\/person\\\/6f95946e54fde848b878ffa4928071d5\"},\"headline\":\"Trump aprovech\u00f3 el tiroteo en Florida para criticar al FBI\",\"datePublished\":\"2018-02-19T15:52:34+00:00\",\"mainEntityOfPage\":{\"@id\":\"https:\\\/\\\/www.eldiariodetucuman.com\\\/web\\\/trump-aprovecho-el-tiroteo-en-florida-para-criticar-al-fbi\\\/\"},\"wordCount\":610,\"commentCount\":0,\"publisher\":{\"@id\":\"https:\\\/\\\/www.eldiariodetucuman.com\\\/web\\\/#organization\"},\"image\":{\"@id\":\"https:\\\/\\\/www.eldiariodetucuman.com\\\/web\\\/trump-aprovecho-el-tiroteo-en-florida-para-criticar-al-fbi\\\/#primaryimage\"},\"thumbnailUrl\":\"https:\\\/\\\/www.eldiariodetucuman.com\\\/web\\\/wp-content\\\/uploads\\\/2018\\\/02\\\/ac46718adf78b72e261928de862ee193.jpeg\",\"articleSection\":[\"Internacionales\"],\"inLanguage\":\"es\",\"potentialAction\":[{\"@type\":\"CommentAction\",\"name\":\"Comment\",\"target\":[\"https:\\\/\\\/www.eldiariodetucuman.com\\\/web\\\/trump-aprovecho-el-tiroteo-en-florida-para-criticar-al-fbi\\\/#respond\"]}]},{\"@type\":\"WebPage\",\"@id\":\"https:\\\/\\\/www.eldiariodetucuman.com\\\/web\\\/trump-aprovecho-el-tiroteo-en-florida-para-criticar-al-fbi\\\/\",\"url\":\"https:\\\/\\\/www.eldiariodetucuman.com\\\/web\\\/trump-aprovecho-el-tiroteo-en-florida-para-criticar-al-fbi\\\/\",\"name\":\"Trump aprovech\u00f3 el tiroteo en Florida para criticar al FBI - El Diario de Tucuman\",\"isPartOf\":{\"@id\":\"https:\\\/\\\/www.eldiariodetucuman.com\\\/web\\\/#website\"},\"primaryImageOfPage\":{\"@id\":\"https:\\\/\\\/www.eldiariodetucuman.com\\\/web\\\/trump-aprovecho-el-tiroteo-en-florida-para-criticar-al-fbi\\\/#primaryimage\"},\"image\":{\"@id\":\"https:\\\/\\\/www.eldiariodetucuman.com\\\/web\\\/trump-aprovecho-el-tiroteo-en-florida-para-criticar-al-fbi\\\/#primaryimage\"},\"thumbnailUrl\":\"https:\\\/\\\/www.eldiariodetucuman.com\\\/web\\\/wp-content\\\/uploads\\\/2018\\\/02\\\/ac46718adf78b72e261928de862ee193.jpeg\",\"datePublished\":\"2018-02-19T15:52:34+00:00\",\"breadcrumb\":{\"@id\":\"https:\\\/\\\/www.eldiariodetucuman.com\\\/web\\\/trump-aprovecho-el-tiroteo-en-florida-para-criticar-al-fbi\\\/#breadcrumb\"},\"inLanguage\":\"es\",\"potentialAction\":[{\"@type\":\"ReadAction\",\"target\":[\"https:\\\/\\\/www.eldiariodetucuman.com\\\/web\\\/trump-aprovecho-el-tiroteo-en-florida-para-criticar-al-fbi\\\/\"]}]},{\"@type\":\"ImageObject\",\"inLanguage\":\"es\",\"@id\":\"https:\\\/\\\/www.eldiariodetucuman.com\\\/web\\\/trump-aprovecho-el-tiroteo-en-florida-para-criticar-al-fbi\\\/#primaryimage\",\"url\":\"https:\\\/\\\/www.eldiariodetucuman.com\\\/web\\\/wp-content\\\/uploads\\\/2018\\\/02\\\/ac46718adf78b72e261928de862ee193.jpeg\",\"contentUrl\":\"https:\\\/\\\/www.eldiariodetucuman.com\\\/web\\\/wp-content\\\/uploads\\\/2018\\\/02\\\/ac46718adf78b72e261928de862ee193.jpeg\",\"width\":970,\"height\":546},{\"@type\":\"BreadcrumbList\",\"@id\":\"https:\\\/\\\/www.eldiariodetucuman.com\\\/web\\\/trump-aprovecho-el-tiroteo-en-florida-para-criticar-al-fbi\\\/#breadcrumb\",\"itemListElement\":[{\"@type\":\"ListItem\",\"position\":1,\"name\":\"Portada\",\"item\":\"https:\\\/\\\/www.eldiariodetucuman.com\\\/web\\\/\"},{\"@type\":\"ListItem\",\"position\":2,\"name\":\"Trump aprovech\u00f3 el tiroteo en Florida para criticar al FBI\"}]},{\"@type\":\"WebSite\",\"@id\":\"https:\\\/\\\/www.eldiariodetucuman.com\\\/web\\\/#website\",\"url\":\"https:\\\/\\\/www.eldiariodetucuman.com\\\/web\\\/\",\"name\":\"El Diario de Tucuman\",\"description\":\"Diario Tucuman - Informaci\u00f3n y noticias\",\"publisher\":{\"@id\":\"https:\\\/\\\/www.eldiariodetucuman.com\\\/web\\\/#organization\"},\"potentialAction\":[{\"@type\":\"SearchAction\",\"target\":{\"@type\":\"EntryPoint\",\"urlTemplate\":\"https:\\\/\\\/www.eldiariodetucuman.com\\\/web\\\/?s={search_term_string}\"},\"query-input\":{\"@type\":\"PropertyValueSpecification\",\"valueRequired\":true,\"valueName\":\"search_term_string\"}}],\"inLanguage\":\"es\"},{\"@type\":\"Organization\",\"@id\":\"https:\\\/\\\/www.eldiariodetucuman.com\\\/web\\\/#organization\",\"name\":\"El Diario de Tucuman\",\"url\":\"https:\\\/\\\/www.eldiariodetucuman.com\\\/web\\\/\",\"logo\":{\"@type\":\"ImageObject\",\"inLanguage\":\"es\",\"@id\":\"https:\\\/\\\/www.eldiariodetucuman.com\\\/web\\\/#\\\/schema\\\/logo\\\/image\\\/\",\"url\":\"http:\\\/\\\/www.eldiariodetucuman.com\\\/web\\\/wp-content\\\/uploads\\\/2017\\\/12\\\/el-diario-de-tucuman.jpg\",\"contentUrl\":\"http:\\\/\\\/www.eldiariodetucuman.com\\\/web\\\/wp-content\\\/uploads\\\/2017\\\/12\\\/el-diario-de-tucuman.jpg\",\"width\":272,\"height\":92,\"caption\":\"El Diario de Tucuman\"},\"image\":{\"@id\":\"https:\\\/\\\/www.eldiariodetucuman.com\\\/web\\\/#\\\/schema\\\/logo\\\/image\\\/\"}},{\"@type\":\"Person\",\"@id\":\"https:\\\/\\\/www.eldiariodetucuman.com\\\/web\\\/#\\\/schema\\\/person\\\/6f95946e54fde848b878ffa4928071d5\",\"name\":\"eldiario detucuman\",\"image\":{\"@type\":\"ImageObject\",\"inLanguage\":\"es\",\"@id\":\"https:\\\/\\\/secure.gravatar.com\\\/avatar\\\/b6e1f89c5c4044c4962c8e6c20b1ca2cc99f549c965908afd4ec5308b3f51bfe?s=96&d=mm&r=g\",\"url\":\"https:\\\/\\\/secure.gravatar.com\\\/avatar\\\/b6e1f89c5c4044c4962c8e6c20b1ca2cc99f549c965908afd4ec5308b3f51bfe?s=96&d=mm&r=g\",\"contentUrl\":\"https:\\\/\\\/secure.gravatar.com\\\/avatar\\\/b6e1f89c5c4044c4962c8e6c20b1ca2cc99f549c965908afd4ec5308b3f51bfe?s=96&d=mm&r=g\",\"caption\":\"eldiario detucuman\"},\"url\":\"https:\\\/\\\/www.eldiariodetucuman.com\\\/web\\\/author\\\/eldiariodetucuman\\\/\"}]}<\/script>\n<!-- \/ Yoast SEO plugin. -->","yoast_head_json":{"title":"Trump aprovech\u00f3 el tiroteo en Florida para criticar al FBI - El Diario de Tucuman","robots":{"index":"index","follow":"follow","max-snippet":"max-snippet:-1","max-image-preview":"max-image-preview:large","max-video-preview":"max-video-preview:-1"},"canonical":"https:\/\/www.eldiariodetucuman.com\/web\/trump-aprovecho-el-tiroteo-en-florida-para-criticar-al-fbi\/","og_locale":"es_ES","og_type":"article","og_title":"Trump aprovech\u00f3 el tiroteo en Florida para criticar al FBI - El Diario de Tucuman","og_description":"El presidente de Estados Unidos,\u00a0 Donald Trump, escribi\u00f3 en su cuenta de Twitter que el FBI perdi\u00f3 de vista a\u00a0Nikolaz Cruz, quien mat\u00f3 a 17 personas e hiri\u00f3 a otras 16 en la\u00a0escuela secundaria\u00a0de la ciudad de Parkland, Florida, por pasar demasiado tiempo investigando la relaci\u00f3n rusa con su campa\u00f1a electoral en el 2016. \u00abMuy [&hellip;]","og_url":"https:\/\/www.eldiariodetucuman.com\/web\/trump-aprovecho-el-tiroteo-en-florida-para-criticar-al-fbi\/","og_site_name":"El Diario de Tucuman","article_published_time":"2018-02-19T15:52:34+00:00","og_image":[{"width":970,"height":546,"url":"https:\/\/www.eldiariodetucuman.com\/web\/wp-content\/uploads\/2018\/02\/ac46718adf78b72e261928de862ee193.jpeg","type":"image\/jpeg"}],"author":"eldiario detucuman","twitter_card":"summary_large_image","twitter_misc":{"Escrito por":"eldiario detucuman","Tiempo de lectura":"3 minutos"},"schema":{"@context":"https:\/\/schema.org","@graph":[{"@type":"Article","@id":"https:\/\/www.eldiariodetucuman.com\/web\/trump-aprovecho-el-tiroteo-en-florida-para-criticar-al-fbi\/#article","isPartOf":{"@id":"https:\/\/www.eldiariodetucuman.com\/web\/trump-aprovecho-el-tiroteo-en-florida-para-criticar-al-fbi\/"},"author":{"name":"eldiario detucuman","@id":"https:\/\/www.eldiariodetucuman.com\/web\/#\/schema\/person\/6f95946e54fde848b878ffa4928071d5"},"headline":"Trump aprovech\u00f3 el tiroteo en Florida para criticar al FBI","datePublished":"2018-02-19T15:52:34+00:00","mainEntityOfPage":{"@id":"https:\/\/www.eldiariodetucuman.com\/web\/trump-aprovecho-el-tiroteo-en-florida-para-criticar-al-fbi\/"},"wordCount":610,"commentCount":0,"publisher":{"@id":"https:\/\/www.eldiariodetucuman.com\/web\/#organization"},"image":{"@id":"https:\/\/www.eldiariodetucuman.com\/web\/trump-aprovecho-el-tiroteo-en-florida-para-criticar-al-fbi\/#primaryimage"},"thumbnailUrl":"https:\/\/www.eldiariodetucuman.com\/web\/wp-content\/uploads\/2018\/02\/ac46718adf78b72e261928de862ee193.jpeg","articleSection":["Internacionales"],"inLanguage":"es","potentialAction":[{"@type":"CommentAction","name":"Comment","target":["https:\/\/www.eldiariodetucuman.com\/web\/trump-aprovecho-el-tiroteo-en-florida-para-criticar-al-fbi\/#respond"]}]},{"@type":"WebPage","@id":"https:\/\/www.eldiariodetucuman.com\/web\/trump-aprovecho-el-tiroteo-en-florida-para-criticar-al-fbi\/","url":"https:\/\/www.eldiariodetucuman.com\/web\/trump-aprovecho-el-tiroteo-en-florida-para-criticar-al-fbi\/","name":"Trump aprovech\u00f3 el tiroteo en Florida para criticar al FBI - El Diario de Tucuman","isPartOf":{"@id":"https:\/\/www.eldiariodetucuman.com\/web\/#website"},"primaryImageOfPage":{"@id":"https:\/\/www.eldiariodetucuman.com\/web\/trump-aprovecho-el-tiroteo-en-florida-para-criticar-al-fbi\/#primaryimage"},"image":{"@id":"https:\/\/www.eldiariodetucuman.com\/web\/trump-aprovecho-el-tiroteo-en-florida-para-criticar-al-fbi\/#primaryimage"},"thumbnailUrl":"https:\/\/www.eldiariodetucuman.com\/web\/wp-content\/uploads\/2018\/02\/ac46718adf78b72e261928de862ee193.jpeg","datePublished":"2018-02-19T15:52:34+00:00","breadcrumb":{"@id":"https:\/\/www.eldiariodetucuman.com\/web\/trump-aprovecho-el-tiroteo-en-florida-para-criticar-al-fbi\/#breadcrumb"},"inLanguage":"es","potentialAction":[{"@type":"ReadAction","target":["https:\/\/www.eldiariodetucuman.com\/web\/trump-aprovecho-el-tiroteo-en-florida-para-criticar-al-fbi\/"]}]},{"@type":"ImageObject","inLanguage":"es","@id":"https:\/\/www.eldiariodetucuman.com\/web\/trump-aprovecho-el-tiroteo-en-florida-para-criticar-al-fbi\/#primaryimage","url":"https:\/\/www.eldiariodetucuman.com\/web\/wp-content\/uploads\/2018\/02\/ac46718adf78b72e261928de862ee193.jpeg","contentUrl":"https:\/\/www.eldiariodetucuman.com\/web\/wp-content\/uploads\/2018\/02\/ac46718adf78b72e261928de862ee193.jpeg","width":970,"height":546},{"@type":"BreadcrumbList","@id":"https:\/\/www.eldiariodetucuman.com\/web\/trump-aprovecho-el-tiroteo-en-florida-para-criticar-al-fbi\/#breadcrumb","itemListElement":[{"@type":"ListItem","position":1,"name":"Portada","item":"https:\/\/www.eldiariodetucuman.com\/web\/"},{"@type":"ListItem","position":2,"name":"Trump aprovech\u00f3 el tiroteo en Florida para criticar al FBI"}]},{"@type":"WebSite","@id":"https:\/\/www.eldiariodetucuman.com\/web\/#website","url":"https:\/\/www.eldiariodetucuman.com\/web\/","name":"El Diario de Tucuman","description":"Diario Tucuman - Informaci\u00f3n y noticias","publisher":{"@id":"https:\/\/www.eldiariodetucuman.com\/web\/#organization"},"potentialAction":[{"@type":"SearchAction","target":{"@type":"EntryPoint","urlTemplate":"https:\/\/www.eldiariodetucuman.com\/web\/?s={search_term_string}"},"query-input":{"@type":"PropertyValueSpecification","valueRequired":true,"valueName":"search_term_string"}}],"inLanguage":"es"},{"@type":"Organization","@id":"https:\/\/www.eldiariodetucuman.com\/web\/#organization","name":"El Diario de Tucuman","url":"https:\/\/www.eldiariodetucuman.com\/web\/","logo":{"@type":"ImageObject","inLanguage":"es","@id":"https:\/\/www.eldiariodetucuman.com\/web\/#\/schema\/logo\/image\/","url":"http:\/\/www.eldiariodetucuman.com\/web\/wp-content\/uploads\/2017\/12\/el-diario-de-tucuman.jpg","contentUrl":"http:\/\/www.eldiariodetucuman.com\/web\/wp-content\/uploads\/2017\/12\/el-diario-de-tucuman.jpg","width":272,"height":92,"caption":"El Diario de Tucuman"},"image":{"@id":"https:\/\/www.eldiariodetucuman.com\/web\/#\/schema\/logo\/image\/"}},{"@type":"Person","@id":"https:\/\/www.eldiariodetucuman.com\/web\/#\/schema\/person\/6f95946e54fde848b878ffa4928071d5","name":"eldiario detucuman","image":{"@type":"ImageObject","inLanguage":"es","@id":"https:\/\/secure.gravatar.com\/avatar\/b6e1f89c5c4044c4962c8e6c20b1ca2cc99f549c965908afd4ec5308b3f51bfe?s=96&d=mm&r=g","url":"https:\/\/secure.gravatar.com\/avatar\/b6e1f89c5c4044c4962c8e6c20b1ca2cc99f549c965908afd4ec5308b3f51bfe?s=96&d=mm&r=g","contentUrl":"https:\/\/secure.gravatar.com\/avatar\/b6e1f89c5c4044c4962c8e6c20b1ca2cc99f549c965908afd4ec5308b3f51bfe?s=96&d=mm&r=g","caption":"eldiario detucuman"},"url":"https:\/\/www.eldiariodetucuman.com\/web\/author\/eldiariodetucuman\/"}]}},"_links":{"self":[{"href":"https:\/\/www.eldiariodetucuman.com\/web\/wp-json\/wp\/v2\/posts\/5547","targetHints":{"allow":["GET"]}}],"collection":[{"href":"https:\/\/www.eldiariodetucuman.com\/web\/wp-json\/wp\/v2\/posts"}],"about":[{"href":"https:\/\/www.eldiariodetucuman.com\/web\/wp-json\/wp\/v2\/types\/post"}],"author":[{"embeddable":true,"href":"https:\/\/www.eldiariodetucuman.com\/web\/wp-json\/wp\/v2\/users\/4"}],"replies":[{"embeddable":true,"href":"https:\/\/www.eldiariodetucuman.com\/web\/wp-json\/wp\/v2\/comments?post=5547"}],"version-history":[{"count":0,"href":"https:\/\/www.eldiariodetucuman.com\/web\/wp-json\/wp\/v2\/posts\/5547\/revisions"}],"wp:featuredmedia":[{"embeddable":true,"href":"https:\/\/www.eldiariodetucuman.com\/web\/wp-json\/wp\/v2\/media\/5548"}],"wp:attachment":[{"href":"https:\/\/www.eldiariodetucuman.com\/web\/wp-json\/wp\/v2\/media?parent=5547"}],"wp:term":[{"taxonomy":"category","embeddable":true,"href":"https:\/\/www.eldiariodetucuman.com\/web\/wp-json\/wp\/v2\/categories?post=5547"},{"taxonomy":"post_tag","embeddable":true,"href":"https:\/\/www.eldiariodetucuman.com\/web\/wp-json\/wp\/v2\/tags?post=5547"}],"curies":[{"name":"wp","href":"https:\/\/api.w.org\/{rel}","templated":true}]}}