{"id":5541,"date":"2018-02-19T12:37:36","date_gmt":"2018-02-19T15:37:36","guid":{"rendered":"http:\/\/www.eldiariodetucuman.com\/web\/sabiamos-que-la-inflacion-iba-a-ser-mas-alta\/"},"modified":"2018-02-19T12:37:39","modified_gmt":"2018-02-19T15:37:39","slug":"sabiamos-que-la-inflacion-iba-a-ser-mas-alta","status":"publish","type":"post","link":"https:\/\/www.eldiariodetucuman.com\/web\/sabiamos-que-la-inflacion-iba-a-ser-mas-alta\/","title":{"rendered":"\u201cSab\u00edamos que la inflaci\u00f3n iba a ser m\u00e1s alta\u201d"},"content":{"rendered":"<div>\n<div readability=\"50.476102941176\">\n<p>La inflaci\u00f3n es una tem\u00e1tica recurrente en la casa de todos los argentinos, ya que impacta de manera directa en la calidad de vida de la gente y genera preocupaci\u00f3n e incertidumbre cuando los precios se disparan.\u00a0<\/p>\n<p>En ese sentido, el ministro de Hacienda de la Naci\u00f3n, <a href=\"https:\/\/www.elintransigente.com\/noticias\/buscar\/?buscar=Nicol%C3%A1s+Dujovne\">Nicol\u00e1s Dujovne<\/a>, asegur\u00f3 que desde el Gobierno sab\u00edan que en los primeros meses del a\u00f1o \u201cla inflaci\u00f3n iba a ser m\u00e1s alta\u201d, pero se mostr\u00f3 optimista para el resto del 2018.\u00a0<\/p>\n<p>\u201c<strong>Sab\u00edamos que en estos primeros meses del a\u00f1o iba a ser m\u00e1s alta <\/strong>porque est\u00e1n produci\u00e9ndose los aumentos de los precios de los servicios regulados. Sabemos que a lo largo del a\u00f1o eso <strong>se va a ir reduciendo<\/strong> y la tasa de inflaci\u00f3n va a ir bajando nuevamente a niveles m\u00e1s bajos de los actuales\u201d, adelant\u00f3 el titular de la cartera durante una entrevista con Radio Mitre\u00a0y se\u00f1al\u00f3 que esperan alcanzar la meta del \u00ab15% para este a\u00f1o\u201d.\u00a0<\/p>\n<p>En tanto, Dujovne no le escap\u00f3 a opinar sobre las intensas negociaciones por <a href=\"https:\/\/www.elintransigente.com\/noticias\/buscar\/?buscar=paritarias\">paritarias <\/a>que se est\u00e1n llevando a cabo en todo el pa\u00eds detall\u00f3: \u201cEn t\u00e9rminos generales <strong>no nos metemos en las paritarias del sector privado<\/strong>. La acci\u00f3n del Ministerio de Trabajo es actuar para que la cancha est\u00e9 equilibrada En el sector p\u00fablico tenemos muchas realidades diferentes\u201d.\u00a0<\/p>\n<p>Asimismo, tambi\u00e9n opin\u00f3 sobre la <a href=\"https:\/\/www.elintransigente.com\/politica\/2018\/2\/18\/las-claves-de-la-marcha-de-hugo-moyano-479156.html\">movilizaci\u00f3n convocada por el l\u00edder del Sindicato de Camioneros<\/a>, Hugo Moyano, y dijo: \u201cMiramos con atenci\u00f3n esta movilizaci\u00f3n para preservar el orden, que se altere lo menos posible la vida de los ciudadanos. <strong>Hay un derecho constitucional a manifestarse y tambi\u00e9n hay igualdad ante la ley<\/strong>\u201d.\u00a0<\/p>\n<p>Adem\u00e1s, el funcionario cont\u00f3 c\u00f3mo fue el <a href=\"https:\/\/www.elintransigente.com\/politica\/2018\/2\/16\/macri-realiza-una-reunion-de-gabinete-en-chapadmalal-478934.html\">\u201cretiro espiritual\u201d que organiz\u00f3 el presidente<\/a> argentino, Mauricio Macri, en Chapadmalal y desminti\u00f3 que el encuentro fuese para \u201cproducir un conjunto de anuncios\u201d.\u00a0<\/p>\n<p>\u201cEran dos d\u00edas en los que nos juntamos todo el equipo de gobierno, que es muy poco habitual que podamos coincidir durante tantas horas juntos para intercambiar ideas. Fue una muy buena ocasi\u00f3n para que todos conozcamos un poquito m\u00e1s qu\u00e9 est\u00e1n haciendo los dem\u00e1s, qu\u00e9 puede hacer cada uno para colaborar con el otro\u201c, indic\u00f3.\u00a0<\/p>\n<p>\n\u00a0<\/p>\n<\/div>\n<\/div>\n<p>Fuente: https:\/\/www.elintransigente.com\/politica\/2018\/2\/19\/sabiamos-que-la-inflacion-iba-ser-mas-alta-479237.html<\/p>\n","protected":false},"excerpt":{"rendered":"<p>La inflaci\u00f3n es una tem\u00e1tica recurrente en la casa de todos los argentinos, ya que impacta de manera directa en la calidad de vida de la gente y genera preocupaci\u00f3n e incertidumbre cuando los precios se disparan.\u00a0 En ese sentido, el ministro de Hacienda de la Naci\u00f3n, Nicol\u00e1s Dujovne, asegur\u00f3 que desde el Gobierno sab\u00edan [&hellip;]<\/p>\n","protected":false},"author":1,"featured_media":5542,"comment_status":"open","ping_status":"closed","sticky":false,"template":"","format":"standard","meta":{"footnotes":""},"categories":[1],"tags":[],"class_list":{"0":"post-5541","1":"post","2":"type-post","3":"status-publish","4":"format-standard","5":"has-post-thumbnail","7":"category-portada"},"yoast_head":"<!-- This site is optimized with the Yoast SEO plugin v27.5 - https:\/\/yoast.com\/product\/yoast-seo-wordpress\/ -->\n<title>\u201cSab\u00edamos que la inflaci\u00f3n iba a ser m\u00e1s alta\u201d - El Diario de Tucuman<\/title>\n<meta name=\"robots\" content=\"index, follow, max-snippet:-1, max-image-preview:large, max-video-preview:-1\" \/>\n<link rel=\"canonical\" href=\"https:\/\/www.eldiariodetucuman.com\/web\/sabiamos-que-la-inflacion-iba-a-ser-mas-alta\/\" \/>\n<meta property=\"og:locale\" content=\"es_ES\" \/>\n<meta property=\"og:type\" content=\"article\" \/>\n<meta property=\"og:title\" content=\"\u201cSab\u00edamos que la inflaci\u00f3n iba a ser m\u00e1s alta\u201d - El Diario de Tucuman\" \/>\n<meta property=\"og:description\" content=\"La inflaci\u00f3n es una tem\u00e1tica recurrente en la casa de todos los argentinos, ya que impacta de manera directa en la calidad de vida de la gente y genera preocupaci\u00f3n e incertidumbre cuando los precios se disparan.\u00a0 En ese sentido, el ministro de Hacienda de la Naci\u00f3n, Nicol\u00e1s Dujovne, asegur\u00f3 que desde el Gobierno sab\u00edan [&hellip;]\" \/>\n<meta property=\"og:url\" content=\"https:\/\/www.eldiariodetucuman.com\/web\/sabiamos-que-la-inflacion-iba-a-ser-mas-alta\/\" \/>\n<meta property=\"og:site_name\" content=\"El Diario de Tucuman\" \/>\n<meta property=\"article:published_time\" content=\"2018-02-19T15:37:36+00:00\" \/>\n<meta property=\"article:modified_time\" content=\"2018-02-19T15:37:39+00:00\" \/>\n<meta property=\"og:image\" content=\"https:\/\/www.eldiariodetucuman.com\/web\/wp-content\/uploads\/2018\/02\/d19c6e75a93c4902e6cad7732cc28709.jpeg\" \/>\n\t<meta property=\"og:image:width\" content=\"960\" \/>\n\t<meta property=\"og:image:height\" content=\"485\" \/>\n\t<meta property=\"og:image:type\" content=\"image\/jpeg\" \/>\n<meta name=\"author\" content=\"admin\" \/>\n<meta name=\"twitter:card\" content=\"summary_large_image\" \/>\n<meta name=\"twitter:label1\" content=\"Escrito por\" \/>\n\t<meta name=\"twitter:data1\" content=\"admin\" \/>\n\t<meta name=\"twitter:label2\" content=\"Tiempo de lectura\" \/>\n\t<meta name=\"twitter:data2\" content=\"2 minutos\" \/>\n<script type=\"application\/ld+json\" class=\"yoast-schema-graph\">{\"@context\":\"https:\\\/\\\/schema.org\",\"@graph\":[{\"@type\":\"Article\",\"@id\":\"https:\\\/\\\/www.eldiariodetucuman.com\\\/web\\\/sabiamos-que-la-inflacion-iba-a-ser-mas-alta\\\/#article\",\"isPartOf\":{\"@id\":\"https:\\\/\\\/www.eldiariodetucuman.com\\\/web\\\/sabiamos-que-la-inflacion-iba-a-ser-mas-alta\\\/\"},\"author\":{\"name\":\"admin\",\"@id\":\"https:\\\/\\\/www.eldiariodetucuman.com\\\/web\\\/#\\\/schema\\\/person\\\/9250197d75ab5483412e19678b121caa\"},\"headline\":\"\u201cSab\u00edamos que la inflaci\u00f3n iba a ser m\u00e1s alta\u201d\",\"datePublished\":\"2018-02-19T15:37:36+00:00\",\"dateModified\":\"2018-02-19T15:37:39+00:00\",\"mainEntityOfPage\":{\"@id\":\"https:\\\/\\\/www.eldiariodetucuman.com\\\/web\\\/sabiamos-que-la-inflacion-iba-a-ser-mas-alta\\\/\"},\"wordCount\":408,\"commentCount\":0,\"publisher\":{\"@id\":\"https:\\\/\\\/www.eldiariodetucuman.com\\\/web\\\/#organization\"},\"image\":{\"@id\":\"https:\\\/\\\/www.eldiariodetucuman.com\\\/web\\\/sabiamos-que-la-inflacion-iba-a-ser-mas-alta\\\/#primaryimage\"},\"thumbnailUrl\":\"https:\\\/\\\/www.eldiariodetucuman.com\\\/web\\\/wp-content\\\/uploads\\\/2018\\\/02\\\/d19c6e75a93c4902e6cad7732cc28709.jpeg\",\"articleSection\":[\"Portada\"],\"inLanguage\":\"es\",\"potentialAction\":[{\"@type\":\"CommentAction\",\"name\":\"Comment\",\"target\":[\"https:\\\/\\\/www.eldiariodetucuman.com\\\/web\\\/sabiamos-que-la-inflacion-iba-a-ser-mas-alta\\\/#respond\"]}]},{\"@type\":\"WebPage\",\"@id\":\"https:\\\/\\\/www.eldiariodetucuman.com\\\/web\\\/sabiamos-que-la-inflacion-iba-a-ser-mas-alta\\\/\",\"url\":\"https:\\\/\\\/www.eldiariodetucuman.com\\\/web\\\/sabiamos-que-la-inflacion-iba-a-ser-mas-alta\\\/\",\"name\":\"\u201cSab\u00edamos que la inflaci\u00f3n iba a ser m\u00e1s alta\u201d - El Diario de Tucuman\",\"isPartOf\":{\"@id\":\"https:\\\/\\\/www.eldiariodetucuman.com\\\/web\\\/#website\"},\"primaryImageOfPage\":{\"@id\":\"https:\\\/\\\/www.eldiariodetucuman.com\\\/web\\\/sabiamos-que-la-inflacion-iba-a-ser-mas-alta\\\/#primaryimage\"},\"image\":{\"@id\":\"https:\\\/\\\/www.eldiariodetucuman.com\\\/web\\\/sabiamos-que-la-inflacion-iba-a-ser-mas-alta\\\/#primaryimage\"},\"thumbnailUrl\":\"https:\\\/\\\/www.eldiariodetucuman.com\\\/web\\\/wp-content\\\/uploads\\\/2018\\\/02\\\/d19c6e75a93c4902e6cad7732cc28709.jpeg\",\"datePublished\":\"2018-02-19T15:37:36+00:00\",\"dateModified\":\"2018-02-19T15:37:39+00:00\",\"breadcrumb\":{\"@id\":\"https:\\\/\\\/www.eldiariodetucuman.com\\\/web\\\/sabiamos-que-la-inflacion-iba-a-ser-mas-alta\\\/#breadcrumb\"},\"inLanguage\":\"es\",\"potentialAction\":[{\"@type\":\"ReadAction\",\"target\":[\"https:\\\/\\\/www.eldiariodetucuman.com\\\/web\\\/sabiamos-que-la-inflacion-iba-a-ser-mas-alta\\\/\"]}]},{\"@type\":\"ImageObject\",\"inLanguage\":\"es\",\"@id\":\"https:\\\/\\\/www.eldiariodetucuman.com\\\/web\\\/sabiamos-que-la-inflacion-iba-a-ser-mas-alta\\\/#primaryimage\",\"url\":\"https:\\\/\\\/www.eldiariodetucuman.com\\\/web\\\/wp-content\\\/uploads\\\/2018\\\/02\\\/d19c6e75a93c4902e6cad7732cc28709.jpeg\",\"contentUrl\":\"https:\\\/\\\/www.eldiariodetucuman.com\\\/web\\\/wp-content\\\/uploads\\\/2018\\\/02\\\/d19c6e75a93c4902e6cad7732cc28709.jpeg\",\"width\":960,\"height\":485},{\"@type\":\"BreadcrumbList\",\"@id\":\"https:\\\/\\\/www.eldiariodetucuman.com\\\/web\\\/sabiamos-que-la-inflacion-iba-a-ser-mas-alta\\\/#breadcrumb\",\"itemListElement\":[{\"@type\":\"ListItem\",\"position\":1,\"name\":\"Portada\",\"item\":\"https:\\\/\\\/www.eldiariodetucuman.com\\\/web\\\/\"},{\"@type\":\"ListItem\",\"position\":2,\"name\":\"\u201cSab\u00edamos que la inflaci\u00f3n iba a ser m\u00e1s alta\u201d\"}]},{\"@type\":\"WebSite\",\"@id\":\"https:\\\/\\\/www.eldiariodetucuman.com\\\/web\\\/#website\",\"url\":\"https:\\\/\\\/www.eldiariodetucuman.com\\\/web\\\/\",\"name\":\"El Diario de Tucuman\",\"description\":\"Diario Tucuman - Informaci\u00f3n y noticias\",\"publisher\":{\"@id\":\"https:\\\/\\\/www.eldiariodetucuman.com\\\/web\\\/#organization\"},\"potentialAction\":[{\"@type\":\"SearchAction\",\"target\":{\"@type\":\"EntryPoint\",\"urlTemplate\":\"https:\\\/\\\/www.eldiariodetucuman.com\\\/web\\\/?s={search_term_string}\"},\"query-input\":{\"@type\":\"PropertyValueSpecification\",\"valueRequired\":true,\"valueName\":\"search_term_string\"}}],\"inLanguage\":\"es\"},{\"@type\":\"Organization\",\"@id\":\"https:\\\/\\\/www.eldiariodetucuman.com\\\/web\\\/#organization\",\"name\":\"El Diario de Tucuman\",\"url\":\"https:\\\/\\\/www.eldiariodetucuman.com\\\/web\\\/\",\"logo\":{\"@type\":\"ImageObject\",\"inLanguage\":\"es\",\"@id\":\"https:\\\/\\\/www.eldiariodetucuman.com\\\/web\\\/#\\\/schema\\\/logo\\\/image\\\/\",\"url\":\"http:\\\/\\\/www.eldiariodetucuman.com\\\/web\\\/wp-content\\\/uploads\\\/2017\\\/12\\\/el-diario-de-tucuman.jpg\",\"contentUrl\":\"http:\\\/\\\/www.eldiariodetucuman.com\\\/web\\\/wp-content\\\/uploads\\\/2017\\\/12\\\/el-diario-de-tucuman.jpg\",\"width\":272,\"height\":92,\"caption\":\"El Diario de Tucuman\"},\"image\":{\"@id\":\"https:\\\/\\\/www.eldiariodetucuman.com\\\/web\\\/#\\\/schema\\\/logo\\\/image\\\/\"}},{\"@type\":\"Person\",\"@id\":\"https:\\\/\\\/www.eldiariodetucuman.com\\\/web\\\/#\\\/schema\\\/person\\\/9250197d75ab5483412e19678b121caa\",\"name\":\"admin\",\"image\":{\"@type\":\"ImageObject\",\"inLanguage\":\"es\",\"@id\":\"https:\\\/\\\/secure.gravatar.com\\\/avatar\\\/c44d117c2be811212c22cb481f6b8384b6873de103fbc49e7a03cc58d7dea4ac?s=96&d=mm&r=g\",\"url\":\"https:\\\/\\\/secure.gravatar.com\\\/avatar\\\/c44d117c2be811212c22cb481f6b8384b6873de103fbc49e7a03cc58d7dea4ac?s=96&d=mm&r=g\",\"contentUrl\":\"https:\\\/\\\/secure.gravatar.com\\\/avatar\\\/c44d117c2be811212c22cb481f6b8384b6873de103fbc49e7a03cc58d7dea4ac?s=96&d=mm&r=g\",\"caption\":\"admin\"},\"url\":\"https:\\\/\\\/www.eldiariodetucuman.com\\\/web\\\/author\\\/admin\\\/\"}]}<\/script>\n<!-- \/ Yoast SEO plugin. -->","yoast_head_json":{"title":"\u201cSab\u00edamos que la inflaci\u00f3n iba a ser m\u00e1s alta\u201d - El Diario de Tucuman","robots":{"index":"index","follow":"follow","max-snippet":"max-snippet:-1","max-image-preview":"max-image-preview:large","max-video-preview":"max-video-preview:-1"},"canonical":"https:\/\/www.eldiariodetucuman.com\/web\/sabiamos-que-la-inflacion-iba-a-ser-mas-alta\/","og_locale":"es_ES","og_type":"article","og_title":"\u201cSab\u00edamos que la inflaci\u00f3n iba a ser m\u00e1s alta\u201d - El Diario de Tucuman","og_description":"La inflaci\u00f3n es una tem\u00e1tica recurrente en la casa de todos los argentinos, ya que impacta de manera directa en la calidad de vida de la gente y genera preocupaci\u00f3n e incertidumbre cuando los precios se disparan.\u00a0 En ese sentido, el ministro de Hacienda de la Naci\u00f3n, Nicol\u00e1s Dujovne, asegur\u00f3 que desde el Gobierno sab\u00edan [&hellip;]","og_url":"https:\/\/www.eldiariodetucuman.com\/web\/sabiamos-que-la-inflacion-iba-a-ser-mas-alta\/","og_site_name":"El Diario de Tucuman","article_published_time":"2018-02-19T15:37:36+00:00","article_modified_time":"2018-02-19T15:37:39+00:00","og_image":[{"width":960,"height":485,"url":"https:\/\/www.eldiariodetucuman.com\/web\/wp-content\/uploads\/2018\/02\/d19c6e75a93c4902e6cad7732cc28709.jpeg","type":"image\/jpeg"}],"author":"admin","twitter_card":"summary_large_image","twitter_misc":{"Escrito por":"admin","Tiempo de lectura":"2 minutos"},"schema":{"@context":"https:\/\/schema.org","@graph":[{"@type":"Article","@id":"https:\/\/www.eldiariodetucuman.com\/web\/sabiamos-que-la-inflacion-iba-a-ser-mas-alta\/#article","isPartOf":{"@id":"https:\/\/www.eldiariodetucuman.com\/web\/sabiamos-que-la-inflacion-iba-a-ser-mas-alta\/"},"author":{"name":"admin","@id":"https:\/\/www.eldiariodetucuman.com\/web\/#\/schema\/person\/9250197d75ab5483412e19678b121caa"},"headline":"\u201cSab\u00edamos que la inflaci\u00f3n iba a ser m\u00e1s alta\u201d","datePublished":"2018-02-19T15:37:36+00:00","dateModified":"2018-02-19T15:37:39+00:00","mainEntityOfPage":{"@id":"https:\/\/www.eldiariodetucuman.com\/web\/sabiamos-que-la-inflacion-iba-a-ser-mas-alta\/"},"wordCount":408,"commentCount":0,"publisher":{"@id":"https:\/\/www.eldiariodetucuman.com\/web\/#organization"},"image":{"@id":"https:\/\/www.eldiariodetucuman.com\/web\/sabiamos-que-la-inflacion-iba-a-ser-mas-alta\/#primaryimage"},"thumbnailUrl":"https:\/\/www.eldiariodetucuman.com\/web\/wp-content\/uploads\/2018\/02\/d19c6e75a93c4902e6cad7732cc28709.jpeg","articleSection":["Portada"],"inLanguage":"es","potentialAction":[{"@type":"CommentAction","name":"Comment","target":["https:\/\/www.eldiariodetucuman.com\/web\/sabiamos-que-la-inflacion-iba-a-ser-mas-alta\/#respond"]}]},{"@type":"WebPage","@id":"https:\/\/www.eldiariodetucuman.com\/web\/sabiamos-que-la-inflacion-iba-a-ser-mas-alta\/","url":"https:\/\/www.eldiariodetucuman.com\/web\/sabiamos-que-la-inflacion-iba-a-ser-mas-alta\/","name":"\u201cSab\u00edamos que la inflaci\u00f3n iba a ser m\u00e1s alta\u201d - El Diario de Tucuman","isPartOf":{"@id":"https:\/\/www.eldiariodetucuman.com\/web\/#website"},"primaryImageOfPage":{"@id":"https:\/\/www.eldiariodetucuman.com\/web\/sabiamos-que-la-inflacion-iba-a-ser-mas-alta\/#primaryimage"},"image":{"@id":"https:\/\/www.eldiariodetucuman.com\/web\/sabiamos-que-la-inflacion-iba-a-ser-mas-alta\/#primaryimage"},"thumbnailUrl":"https:\/\/www.eldiariodetucuman.com\/web\/wp-content\/uploads\/2018\/02\/d19c6e75a93c4902e6cad7732cc28709.jpeg","datePublished":"2018-02-19T15:37:36+00:00","dateModified":"2018-02-19T15:37:39+00:00","breadcrumb":{"@id":"https:\/\/www.eldiariodetucuman.com\/web\/sabiamos-que-la-inflacion-iba-a-ser-mas-alta\/#breadcrumb"},"inLanguage":"es","potentialAction":[{"@type":"ReadAction","target":["https:\/\/www.eldiariodetucuman.com\/web\/sabiamos-que-la-inflacion-iba-a-ser-mas-alta\/"]}]},{"@type":"ImageObject","inLanguage":"es","@id":"https:\/\/www.eldiariodetucuman.com\/web\/sabiamos-que-la-inflacion-iba-a-ser-mas-alta\/#primaryimage","url":"https:\/\/www.eldiariodetucuman.com\/web\/wp-content\/uploads\/2018\/02\/d19c6e75a93c4902e6cad7732cc28709.jpeg","contentUrl":"https:\/\/www.eldiariodetucuman.com\/web\/wp-content\/uploads\/2018\/02\/d19c6e75a93c4902e6cad7732cc28709.jpeg","width":960,"height":485},{"@type":"BreadcrumbList","@id":"https:\/\/www.eldiariodetucuman.com\/web\/sabiamos-que-la-inflacion-iba-a-ser-mas-alta\/#breadcrumb","itemListElement":[{"@type":"ListItem","position":1,"name":"Portada","item":"https:\/\/www.eldiariodetucuman.com\/web\/"},{"@type":"ListItem","position":2,"name":"\u201cSab\u00edamos que la inflaci\u00f3n iba a ser m\u00e1s alta\u201d"}]},{"@type":"WebSite","@id":"https:\/\/www.eldiariodetucuman.com\/web\/#website","url":"https:\/\/www.eldiariodetucuman.com\/web\/","name":"El Diario de Tucuman","description":"Diario Tucuman - Informaci\u00f3n y noticias","publisher":{"@id":"https:\/\/www.eldiariodetucuman.com\/web\/#organization"},"potentialAction":[{"@type":"SearchAction","target":{"@type":"EntryPoint","urlTemplate":"https:\/\/www.eldiariodetucuman.com\/web\/?s={search_term_string}"},"query-input":{"@type":"PropertyValueSpecification","valueRequired":true,"valueName":"search_term_string"}}],"inLanguage":"es"},{"@type":"Organization","@id":"https:\/\/www.eldiariodetucuman.com\/web\/#organization","name":"El Diario de Tucuman","url":"https:\/\/www.eldiariodetucuman.com\/web\/","logo":{"@type":"ImageObject","inLanguage":"es","@id":"https:\/\/www.eldiariodetucuman.com\/web\/#\/schema\/logo\/image\/","url":"http:\/\/www.eldiariodetucuman.com\/web\/wp-content\/uploads\/2017\/12\/el-diario-de-tucuman.jpg","contentUrl":"http:\/\/www.eldiariodetucuman.com\/web\/wp-content\/uploads\/2017\/12\/el-diario-de-tucuman.jpg","width":272,"height":92,"caption":"El Diario de Tucuman"},"image":{"@id":"https:\/\/www.eldiariodetucuman.com\/web\/#\/schema\/logo\/image\/"}},{"@type":"Person","@id":"https:\/\/www.eldiariodetucuman.com\/web\/#\/schema\/person\/9250197d75ab5483412e19678b121caa","name":"admin","image":{"@type":"ImageObject","inLanguage":"es","@id":"https:\/\/secure.gravatar.com\/avatar\/c44d117c2be811212c22cb481f6b8384b6873de103fbc49e7a03cc58d7dea4ac?s=96&d=mm&r=g","url":"https:\/\/secure.gravatar.com\/avatar\/c44d117c2be811212c22cb481f6b8384b6873de103fbc49e7a03cc58d7dea4ac?s=96&d=mm&r=g","contentUrl":"https:\/\/secure.gravatar.com\/avatar\/c44d117c2be811212c22cb481f6b8384b6873de103fbc49e7a03cc58d7dea4ac?s=96&d=mm&r=g","caption":"admin"},"url":"https:\/\/www.eldiariodetucuman.com\/web\/author\/admin\/"}]}},"_links":{"self":[{"href":"https:\/\/www.eldiariodetucuman.com\/web\/wp-json\/wp\/v2\/posts\/5541","targetHints":{"allow":["GET"]}}],"collection":[{"href":"https:\/\/www.eldiariodetucuman.com\/web\/wp-json\/wp\/v2\/posts"}],"about":[{"href":"https:\/\/www.eldiariodetucuman.com\/web\/wp-json\/wp\/v2\/types\/post"}],"author":[{"embeddable":true,"href":"https:\/\/www.eldiariodetucuman.com\/web\/wp-json\/wp\/v2\/users\/1"}],"replies":[{"embeddable":true,"href":"https:\/\/www.eldiariodetucuman.com\/web\/wp-json\/wp\/v2\/comments?post=5541"}],"version-history":[{"count":1,"href":"https:\/\/www.eldiariodetucuman.com\/web\/wp-json\/wp\/v2\/posts\/5541\/revisions"}],"predecessor-version":[{"id":5543,"href":"https:\/\/www.eldiariodetucuman.com\/web\/wp-json\/wp\/v2\/posts\/5541\/revisions\/5543"}],"wp:featuredmedia":[{"embeddable":true,"href":"https:\/\/www.eldiariodetucuman.com\/web\/wp-json\/wp\/v2\/media\/5542"}],"wp:attachment":[{"href":"https:\/\/www.eldiariodetucuman.com\/web\/wp-json\/wp\/v2\/media?parent=5541"}],"wp:term":[{"taxonomy":"category","embeddable":true,"href":"https:\/\/www.eldiariodetucuman.com\/web\/wp-json\/wp\/v2\/categories?post=5541"},{"taxonomy":"post_tag","embeddable":true,"href":"https:\/\/www.eldiariodetucuman.com\/web\/wp-json\/wp\/v2\/tags?post=5541"}],"curies":[{"name":"wp","href":"https:\/\/api.w.org\/{rel}","templated":true}]}}