{"id":5530,"date":"2018-02-19T11:26:57","date_gmt":"2018-02-19T14:26:57","guid":{"rendered":"http:\/\/www.eldiariodetucuman.com\/web\/tucuman-de-gimnasia-se-solto-ante-un-candidato\/"},"modified":"2018-02-19T11:26:57","modified_gmt":"2018-02-19T14:26:57","slug":"tucuman-de-gimnasia-se-solto-ante-un-candidato","status":"publish","type":"post","link":"https:\/\/www.eldiariodetucuman.com\/web\/tucuman-de-gimnasia-se-solto-ante-un-candidato\/","title":{"rendered":"Tucum\u00e1n de Gimnasia se solt\u00f3 ante un candidato"},"content":{"rendered":"<div>\n<div readability=\"56\">\n<p>Por el sexto weekend de la Serie A-2 de la Liga Argentina Tucum\u00e1n de Gimnasia sum\u00f3 un importante triunfo en condici\u00f3n de visitante ante Ateneo de Catamarca. El marcador final de 3-1 tuvo una proyecci\u00f3n de 25-22, 25-21, 14-25 y 25-21. <\/p>\n<p>Fue clave la actitud con la que los dirigidos por <b>Marcelo D\u00edaz<\/b> fueron a encarar el duro compromiso ante uno de los favoritos del torneo. \u201cVinimos a jugar sueltos\u201d, le dijo a LG Deportiva <b>Pablo Cerisola (h)<\/b>. El punta revel\u00f3 la directiva del cuerpo t\u00e9cnico para contrarrestar al segundo de la zona B. \u201cNuestro objetivo es clasificar y mantener la plaza. Contra equipos que est\u00e1n preparados para ascender, tenemos que soltarnos para jugar de igual a igual\u201d, indic\u00f3 Cerisola. <\/p>\n<p>Con esa mentalidad es que el plan de juego funcion\u00f3 ante el equipo dirigido por <b>Pablo Meana<\/b>, ex l\u00edbero de la selecci\u00f3n argentina, que tiene como \u00fanico objetivo llegar a la Serie A-1. \u201cTen\u00edamos la consigna de meter el saque y no arriesgar\u201d, sintetiz\u00f3 el punta. Cerisola tambi\u00e9n intent\u00f3 establecer el motivo de haber cedido el tercer set. \u201cQuiz\u00e1s porque somos chicos y todav\u00eda sentimos la presi\u00f3n. Por eso dejamos de jugar tan sueltos como lo hicimos en los sets anteriores\u201d, apunt\u00f3 Cerisola. El goleador del partido fue el opuesto de Tucum\u00e1n de Gimnasia <b>Manuel Ter\u00e1n Ulloa<\/b> con 26 puntos.<\/p>\n<p>El pr\u00f3ximo compromiso de los \u201calbicelestes\u201d ser\u00e1 doble: el s\u00e1bado ante Estudiantes y el domingo ante San Lorenzo.<\/p>\n<\/p><\/div>\n<\/div>\n","protected":false},"excerpt":{"rendered":"<p>Por el sexto weekend de la Serie A-2 de la Liga Argentina Tucum\u00e1n de Gimnasia sum\u00f3 un importante triunfo en condici\u00f3n de visitante ante Ateneo de Catamarca. El marcador final de 3-1 tuvo una proyecci\u00f3n de 25-22, 25-21, 14-25 y 25-21. Fue clave la actitud con la que los dirigidos por Marcelo D\u00edaz fueron a [&hellip;]<\/p>\n","protected":false},"author":1,"featured_media":5531,"comment_status":"open","ping_status":"closed","sticky":false,"template":"","format":"standard","meta":{"footnotes":""},"categories":[6],"tags":[],"class_list":{"0":"post-5530","1":"post","2":"type-post","3":"status-publish","4":"format-standard","5":"has-post-thumbnail","7":"category-deporte"},"yoast_head":"<!-- This site is optimized with the Yoast SEO plugin v27.5 - https:\/\/yoast.com\/product\/yoast-seo-wordpress\/ -->\n<title>Tucum\u00e1n de Gimnasia se solt\u00f3 ante un candidato - El Diario de Tucuman<\/title>\n<meta name=\"robots\" content=\"index, follow, max-snippet:-1, max-image-preview:large, max-video-preview:-1\" \/>\n<link rel=\"canonical\" href=\"https:\/\/www.eldiariodetucuman.com\/web\/tucuman-de-gimnasia-se-solto-ante-un-candidato\/\" \/>\n<meta property=\"og:locale\" content=\"es_ES\" \/>\n<meta property=\"og:type\" content=\"article\" \/>\n<meta property=\"og:title\" content=\"Tucum\u00e1n de Gimnasia se solt\u00f3 ante un candidato - El Diario de Tucuman\" \/>\n<meta property=\"og:description\" content=\"Por el sexto weekend de la Serie A-2 de la Liga Argentina Tucum\u00e1n de Gimnasia sum\u00f3 un importante triunfo en condici\u00f3n de visitante ante Ateneo de Catamarca. El marcador final de 3-1 tuvo una proyecci\u00f3n de 25-22, 25-21, 14-25 y 25-21. Fue clave la actitud con la que los dirigidos por Marcelo D\u00edaz fueron a [&hellip;]\" \/>\n<meta property=\"og:url\" content=\"https:\/\/www.eldiariodetucuman.com\/web\/tucuman-de-gimnasia-se-solto-ante-un-candidato\/\" \/>\n<meta property=\"og:site_name\" content=\"El Diario de Tucuman\" \/>\n<meta property=\"article:published_time\" content=\"2018-02-19T14:26:57+00:00\" \/>\n<meta property=\"og:image\" content=\"https:\/\/www.eldiariodetucuman.com\/web\/wp-content\/uploads\/2018\/02\/1989561d2dcd4422b624b8bf814fde40.jpeg\" \/>\n\t<meta property=\"og:image:width\" content=\"970\" \/>\n\t<meta property=\"og:image:height\" content=\"760\" \/>\n\t<meta property=\"og:image:type\" content=\"image\/jpeg\" \/>\n<meta name=\"author\" content=\"admin\" \/>\n<meta name=\"twitter:card\" content=\"summary_large_image\" \/>\n<meta name=\"twitter:label1\" content=\"Escrito por\" \/>\n\t<meta name=\"twitter:data1\" content=\"admin\" \/>\n\t<meta name=\"twitter:label2\" content=\"Tiempo de lectura\" \/>\n\t<meta name=\"twitter:data2\" content=\"1 minuto\" \/>\n<script type=\"application\/ld+json\" class=\"yoast-schema-graph\">{\"@context\":\"https:\\\/\\\/schema.org\",\"@graph\":[{\"@type\":\"Article\",\"@id\":\"https:\\\/\\\/www.eldiariodetucuman.com\\\/web\\\/tucuman-de-gimnasia-se-solto-ante-un-candidato\\\/#article\",\"isPartOf\":{\"@id\":\"https:\\\/\\\/www.eldiariodetucuman.com\\\/web\\\/tucuman-de-gimnasia-se-solto-ante-un-candidato\\\/\"},\"author\":{\"name\":\"admin\",\"@id\":\"https:\\\/\\\/www.eldiariodetucuman.com\\\/web\\\/#\\\/schema\\\/person\\\/9250197d75ab5483412e19678b121caa\"},\"headline\":\"Tucum\u00e1n de Gimnasia se solt\u00f3 ante un candidato\",\"datePublished\":\"2018-02-19T14:26:57+00:00\",\"mainEntityOfPage\":{\"@id\":\"https:\\\/\\\/www.eldiariodetucuman.com\\\/web\\\/tucuman-de-gimnasia-se-solto-ante-un-candidato\\\/\"},\"wordCount\":263,\"commentCount\":0,\"publisher\":{\"@id\":\"https:\\\/\\\/www.eldiariodetucuman.com\\\/web\\\/#organization\"},\"image\":{\"@id\":\"https:\\\/\\\/www.eldiariodetucuman.com\\\/web\\\/tucuman-de-gimnasia-se-solto-ante-un-candidato\\\/#primaryimage\"},\"thumbnailUrl\":\"https:\\\/\\\/www.eldiariodetucuman.com\\\/web\\\/wp-content\\\/uploads\\\/2018\\\/02\\\/1989561d2dcd4422b624b8bf814fde40.jpeg\",\"articleSection\":[\"Deporte\"],\"inLanguage\":\"es\",\"potentialAction\":[{\"@type\":\"CommentAction\",\"name\":\"Comment\",\"target\":[\"https:\\\/\\\/www.eldiariodetucuman.com\\\/web\\\/tucuman-de-gimnasia-se-solto-ante-un-candidato\\\/#respond\"]}]},{\"@type\":\"WebPage\",\"@id\":\"https:\\\/\\\/www.eldiariodetucuman.com\\\/web\\\/tucuman-de-gimnasia-se-solto-ante-un-candidato\\\/\",\"url\":\"https:\\\/\\\/www.eldiariodetucuman.com\\\/web\\\/tucuman-de-gimnasia-se-solto-ante-un-candidato\\\/\",\"name\":\"Tucum\u00e1n de Gimnasia se solt\u00f3 ante un candidato - El Diario de Tucuman\",\"isPartOf\":{\"@id\":\"https:\\\/\\\/www.eldiariodetucuman.com\\\/web\\\/#website\"},\"primaryImageOfPage\":{\"@id\":\"https:\\\/\\\/www.eldiariodetucuman.com\\\/web\\\/tucuman-de-gimnasia-se-solto-ante-un-candidato\\\/#primaryimage\"},\"image\":{\"@id\":\"https:\\\/\\\/www.eldiariodetucuman.com\\\/web\\\/tucuman-de-gimnasia-se-solto-ante-un-candidato\\\/#primaryimage\"},\"thumbnailUrl\":\"https:\\\/\\\/www.eldiariodetucuman.com\\\/web\\\/wp-content\\\/uploads\\\/2018\\\/02\\\/1989561d2dcd4422b624b8bf814fde40.jpeg\",\"datePublished\":\"2018-02-19T14:26:57+00:00\",\"breadcrumb\":{\"@id\":\"https:\\\/\\\/www.eldiariodetucuman.com\\\/web\\\/tucuman-de-gimnasia-se-solto-ante-un-candidato\\\/#breadcrumb\"},\"inLanguage\":\"es\",\"potentialAction\":[{\"@type\":\"ReadAction\",\"target\":[\"https:\\\/\\\/www.eldiariodetucuman.com\\\/web\\\/tucuman-de-gimnasia-se-solto-ante-un-candidato\\\/\"]}]},{\"@type\":\"ImageObject\",\"inLanguage\":\"es\",\"@id\":\"https:\\\/\\\/www.eldiariodetucuman.com\\\/web\\\/tucuman-de-gimnasia-se-solto-ante-un-candidato\\\/#primaryimage\",\"url\":\"https:\\\/\\\/www.eldiariodetucuman.com\\\/web\\\/wp-content\\\/uploads\\\/2018\\\/02\\\/1989561d2dcd4422b624b8bf814fde40.jpeg\",\"contentUrl\":\"https:\\\/\\\/www.eldiariodetucuman.com\\\/web\\\/wp-content\\\/uploads\\\/2018\\\/02\\\/1989561d2dcd4422b624b8bf814fde40.jpeg\",\"width\":970,\"height\":760},{\"@type\":\"BreadcrumbList\",\"@id\":\"https:\\\/\\\/www.eldiariodetucuman.com\\\/web\\\/tucuman-de-gimnasia-se-solto-ante-un-candidato\\\/#breadcrumb\",\"itemListElement\":[{\"@type\":\"ListItem\",\"position\":1,\"name\":\"Portada\",\"item\":\"https:\\\/\\\/www.eldiariodetucuman.com\\\/web\\\/\"},{\"@type\":\"ListItem\",\"position\":2,\"name\":\"Tucum\u00e1n de Gimnasia se solt\u00f3 ante un candidato\"}]},{\"@type\":\"WebSite\",\"@id\":\"https:\\\/\\\/www.eldiariodetucuman.com\\\/web\\\/#website\",\"url\":\"https:\\\/\\\/www.eldiariodetucuman.com\\\/web\\\/\",\"name\":\"El Diario de Tucuman\",\"description\":\"Diario Tucuman - Informaci\u00f3n y noticias\",\"publisher\":{\"@id\":\"https:\\\/\\\/www.eldiariodetucuman.com\\\/web\\\/#organization\"},\"potentialAction\":[{\"@type\":\"SearchAction\",\"target\":{\"@type\":\"EntryPoint\",\"urlTemplate\":\"https:\\\/\\\/www.eldiariodetucuman.com\\\/web\\\/?s={search_term_string}\"},\"query-input\":{\"@type\":\"PropertyValueSpecification\",\"valueRequired\":true,\"valueName\":\"search_term_string\"}}],\"inLanguage\":\"es\"},{\"@type\":\"Organization\",\"@id\":\"https:\\\/\\\/www.eldiariodetucuman.com\\\/web\\\/#organization\",\"name\":\"El Diario de Tucuman\",\"url\":\"https:\\\/\\\/www.eldiariodetucuman.com\\\/web\\\/\",\"logo\":{\"@type\":\"ImageObject\",\"inLanguage\":\"es\",\"@id\":\"https:\\\/\\\/www.eldiariodetucuman.com\\\/web\\\/#\\\/schema\\\/logo\\\/image\\\/\",\"url\":\"http:\\\/\\\/www.eldiariodetucuman.com\\\/web\\\/wp-content\\\/uploads\\\/2017\\\/12\\\/el-diario-de-tucuman.jpg\",\"contentUrl\":\"http:\\\/\\\/www.eldiariodetucuman.com\\\/web\\\/wp-content\\\/uploads\\\/2017\\\/12\\\/el-diario-de-tucuman.jpg\",\"width\":272,\"height\":92,\"caption\":\"El Diario de Tucuman\"},\"image\":{\"@id\":\"https:\\\/\\\/www.eldiariodetucuman.com\\\/web\\\/#\\\/schema\\\/logo\\\/image\\\/\"}},{\"@type\":\"Person\",\"@id\":\"https:\\\/\\\/www.eldiariodetucuman.com\\\/web\\\/#\\\/schema\\\/person\\\/9250197d75ab5483412e19678b121caa\",\"name\":\"admin\",\"image\":{\"@type\":\"ImageObject\",\"inLanguage\":\"es\",\"@id\":\"https:\\\/\\\/secure.gravatar.com\\\/avatar\\\/c44d117c2be811212c22cb481f6b8384b6873de103fbc49e7a03cc58d7dea4ac?s=96&d=mm&r=g\",\"url\":\"https:\\\/\\\/secure.gravatar.com\\\/avatar\\\/c44d117c2be811212c22cb481f6b8384b6873de103fbc49e7a03cc58d7dea4ac?s=96&d=mm&r=g\",\"contentUrl\":\"https:\\\/\\\/secure.gravatar.com\\\/avatar\\\/c44d117c2be811212c22cb481f6b8384b6873de103fbc49e7a03cc58d7dea4ac?s=96&d=mm&r=g\",\"caption\":\"admin\"},\"url\":\"https:\\\/\\\/www.eldiariodetucuman.com\\\/web\\\/author\\\/admin\\\/\"}]}<\/script>\n<!-- \/ Yoast SEO plugin. -->","yoast_head_json":{"title":"Tucum\u00e1n de Gimnasia se solt\u00f3 ante un candidato - El Diario de Tucuman","robots":{"index":"index","follow":"follow","max-snippet":"max-snippet:-1","max-image-preview":"max-image-preview:large","max-video-preview":"max-video-preview:-1"},"canonical":"https:\/\/www.eldiariodetucuman.com\/web\/tucuman-de-gimnasia-se-solto-ante-un-candidato\/","og_locale":"es_ES","og_type":"article","og_title":"Tucum\u00e1n de Gimnasia se solt\u00f3 ante un candidato - El Diario de Tucuman","og_description":"Por el sexto weekend de la Serie A-2 de la Liga Argentina Tucum\u00e1n de Gimnasia sum\u00f3 un importante triunfo en condici\u00f3n de visitante ante Ateneo de Catamarca. El marcador final de 3-1 tuvo una proyecci\u00f3n de 25-22, 25-21, 14-25 y 25-21. Fue clave la actitud con la que los dirigidos por Marcelo D\u00edaz fueron a [&hellip;]","og_url":"https:\/\/www.eldiariodetucuman.com\/web\/tucuman-de-gimnasia-se-solto-ante-un-candidato\/","og_site_name":"El Diario de Tucuman","article_published_time":"2018-02-19T14:26:57+00:00","og_image":[{"width":970,"height":760,"url":"https:\/\/www.eldiariodetucuman.com\/web\/wp-content\/uploads\/2018\/02\/1989561d2dcd4422b624b8bf814fde40.jpeg","type":"image\/jpeg"}],"author":"admin","twitter_card":"summary_large_image","twitter_misc":{"Escrito por":"admin","Tiempo de lectura":"1 minuto"},"schema":{"@context":"https:\/\/schema.org","@graph":[{"@type":"Article","@id":"https:\/\/www.eldiariodetucuman.com\/web\/tucuman-de-gimnasia-se-solto-ante-un-candidato\/#article","isPartOf":{"@id":"https:\/\/www.eldiariodetucuman.com\/web\/tucuman-de-gimnasia-se-solto-ante-un-candidato\/"},"author":{"name":"admin","@id":"https:\/\/www.eldiariodetucuman.com\/web\/#\/schema\/person\/9250197d75ab5483412e19678b121caa"},"headline":"Tucum\u00e1n de Gimnasia se solt\u00f3 ante un candidato","datePublished":"2018-02-19T14:26:57+00:00","mainEntityOfPage":{"@id":"https:\/\/www.eldiariodetucuman.com\/web\/tucuman-de-gimnasia-se-solto-ante-un-candidato\/"},"wordCount":263,"commentCount":0,"publisher":{"@id":"https:\/\/www.eldiariodetucuman.com\/web\/#organization"},"image":{"@id":"https:\/\/www.eldiariodetucuman.com\/web\/tucuman-de-gimnasia-se-solto-ante-un-candidato\/#primaryimage"},"thumbnailUrl":"https:\/\/www.eldiariodetucuman.com\/web\/wp-content\/uploads\/2018\/02\/1989561d2dcd4422b624b8bf814fde40.jpeg","articleSection":["Deporte"],"inLanguage":"es","potentialAction":[{"@type":"CommentAction","name":"Comment","target":["https:\/\/www.eldiariodetucuman.com\/web\/tucuman-de-gimnasia-se-solto-ante-un-candidato\/#respond"]}]},{"@type":"WebPage","@id":"https:\/\/www.eldiariodetucuman.com\/web\/tucuman-de-gimnasia-se-solto-ante-un-candidato\/","url":"https:\/\/www.eldiariodetucuman.com\/web\/tucuman-de-gimnasia-se-solto-ante-un-candidato\/","name":"Tucum\u00e1n de Gimnasia se solt\u00f3 ante un candidato - El Diario de Tucuman","isPartOf":{"@id":"https:\/\/www.eldiariodetucuman.com\/web\/#website"},"primaryImageOfPage":{"@id":"https:\/\/www.eldiariodetucuman.com\/web\/tucuman-de-gimnasia-se-solto-ante-un-candidato\/#primaryimage"},"image":{"@id":"https:\/\/www.eldiariodetucuman.com\/web\/tucuman-de-gimnasia-se-solto-ante-un-candidato\/#primaryimage"},"thumbnailUrl":"https:\/\/www.eldiariodetucuman.com\/web\/wp-content\/uploads\/2018\/02\/1989561d2dcd4422b624b8bf814fde40.jpeg","datePublished":"2018-02-19T14:26:57+00:00","breadcrumb":{"@id":"https:\/\/www.eldiariodetucuman.com\/web\/tucuman-de-gimnasia-se-solto-ante-un-candidato\/#breadcrumb"},"inLanguage":"es","potentialAction":[{"@type":"ReadAction","target":["https:\/\/www.eldiariodetucuman.com\/web\/tucuman-de-gimnasia-se-solto-ante-un-candidato\/"]}]},{"@type":"ImageObject","inLanguage":"es","@id":"https:\/\/www.eldiariodetucuman.com\/web\/tucuman-de-gimnasia-se-solto-ante-un-candidato\/#primaryimage","url":"https:\/\/www.eldiariodetucuman.com\/web\/wp-content\/uploads\/2018\/02\/1989561d2dcd4422b624b8bf814fde40.jpeg","contentUrl":"https:\/\/www.eldiariodetucuman.com\/web\/wp-content\/uploads\/2018\/02\/1989561d2dcd4422b624b8bf814fde40.jpeg","width":970,"height":760},{"@type":"BreadcrumbList","@id":"https:\/\/www.eldiariodetucuman.com\/web\/tucuman-de-gimnasia-se-solto-ante-un-candidato\/#breadcrumb","itemListElement":[{"@type":"ListItem","position":1,"name":"Portada","item":"https:\/\/www.eldiariodetucuman.com\/web\/"},{"@type":"ListItem","position":2,"name":"Tucum\u00e1n de Gimnasia se solt\u00f3 ante un candidato"}]},{"@type":"WebSite","@id":"https:\/\/www.eldiariodetucuman.com\/web\/#website","url":"https:\/\/www.eldiariodetucuman.com\/web\/","name":"El Diario de Tucuman","description":"Diario Tucuman - Informaci\u00f3n y noticias","publisher":{"@id":"https:\/\/www.eldiariodetucuman.com\/web\/#organization"},"potentialAction":[{"@type":"SearchAction","target":{"@type":"EntryPoint","urlTemplate":"https:\/\/www.eldiariodetucuman.com\/web\/?s={search_term_string}"},"query-input":{"@type":"PropertyValueSpecification","valueRequired":true,"valueName":"search_term_string"}}],"inLanguage":"es"},{"@type":"Organization","@id":"https:\/\/www.eldiariodetucuman.com\/web\/#organization","name":"El Diario de Tucuman","url":"https:\/\/www.eldiariodetucuman.com\/web\/","logo":{"@type":"ImageObject","inLanguage":"es","@id":"https:\/\/www.eldiariodetucuman.com\/web\/#\/schema\/logo\/image\/","url":"http:\/\/www.eldiariodetucuman.com\/web\/wp-content\/uploads\/2017\/12\/el-diario-de-tucuman.jpg","contentUrl":"http:\/\/www.eldiariodetucuman.com\/web\/wp-content\/uploads\/2017\/12\/el-diario-de-tucuman.jpg","width":272,"height":92,"caption":"El Diario de Tucuman"},"image":{"@id":"https:\/\/www.eldiariodetucuman.com\/web\/#\/schema\/logo\/image\/"}},{"@type":"Person","@id":"https:\/\/www.eldiariodetucuman.com\/web\/#\/schema\/person\/9250197d75ab5483412e19678b121caa","name":"admin","image":{"@type":"ImageObject","inLanguage":"es","@id":"https:\/\/secure.gravatar.com\/avatar\/c44d117c2be811212c22cb481f6b8384b6873de103fbc49e7a03cc58d7dea4ac?s=96&d=mm&r=g","url":"https:\/\/secure.gravatar.com\/avatar\/c44d117c2be811212c22cb481f6b8384b6873de103fbc49e7a03cc58d7dea4ac?s=96&d=mm&r=g","contentUrl":"https:\/\/secure.gravatar.com\/avatar\/c44d117c2be811212c22cb481f6b8384b6873de103fbc49e7a03cc58d7dea4ac?s=96&d=mm&r=g","caption":"admin"},"url":"https:\/\/www.eldiariodetucuman.com\/web\/author\/admin\/"}]}},"_links":{"self":[{"href":"https:\/\/www.eldiariodetucuman.com\/web\/wp-json\/wp\/v2\/posts\/5530","targetHints":{"allow":["GET"]}}],"collection":[{"href":"https:\/\/www.eldiariodetucuman.com\/web\/wp-json\/wp\/v2\/posts"}],"about":[{"href":"https:\/\/www.eldiariodetucuman.com\/web\/wp-json\/wp\/v2\/types\/post"}],"author":[{"embeddable":true,"href":"https:\/\/www.eldiariodetucuman.com\/web\/wp-json\/wp\/v2\/users\/1"}],"replies":[{"embeddable":true,"href":"https:\/\/www.eldiariodetucuman.com\/web\/wp-json\/wp\/v2\/comments?post=5530"}],"version-history":[{"count":0,"href":"https:\/\/www.eldiariodetucuman.com\/web\/wp-json\/wp\/v2\/posts\/5530\/revisions"}],"wp:featuredmedia":[{"embeddable":true,"href":"https:\/\/www.eldiariodetucuman.com\/web\/wp-json\/wp\/v2\/media\/5531"}],"wp:attachment":[{"href":"https:\/\/www.eldiariodetucuman.com\/web\/wp-json\/wp\/v2\/media?parent=5530"}],"wp:term":[{"taxonomy":"category","embeddable":true,"href":"https:\/\/www.eldiariodetucuman.com\/web\/wp-json\/wp\/v2\/categories?post=5530"},{"taxonomy":"post_tag","embeddable":true,"href":"https:\/\/www.eldiariodetucuman.com\/web\/wp-json\/wp\/v2\/tags?post=5530"}],"curies":[{"name":"wp","href":"https:\/\/api.w.org\/{rel}","templated":true}]}}