{"id":5523,"date":"2018-02-18T12:59:11","date_gmt":"2018-02-18T15:59:11","guid":{"rendered":"http:\/\/www.eldiariodetucuman.com\/web\/los-bafta-otro-escalon-hacia-el-oscar-y-la-ilusion-de-del-toro\/"},"modified":"2018-02-18T12:59:12","modified_gmt":"2018-02-18T15:59:12","slug":"los-bafta-otro-escalon-hacia-el-oscar-y-la-ilusion-de-del-toro","status":"publish","type":"post","link":"https:\/\/www.eldiariodetucuman.com\/web\/los-bafta-otro-escalon-hacia-el-oscar-y-la-ilusion-de-del-toro\/","title":{"rendered":"Los Bafta: otro escal\u00f3n hacia el Oscar y la ilusi\u00f3n de Del Toro"},"content":{"rendered":"<div>\n<div readability=\"107\">\n<p>Pasaron el Globo de Oro, el premio DGA del Sindicato de Directores de Hollywood y el Critic\u2019s Choice. Hoy los Bafta (desde las 18 hora argentina) podr\u00edan dar un \u00faltimo impulso a <b>Guillermo del Toro<\/b> en la carrera por el Oscar, conjetura DPA.<\/p>\n<p>Su f\u00e1bula \u201cLa forma del agua\u201d parte como favorita en los premios de la Academia Brit\u00e1nica de Cine, con 12 nominaciones, incluidas las de Mejor Pel\u00edcula, Director y Actriz<b> (Sally Hawkins)<\/b>. No obstante <b>Christopher Nolan<\/b> lidera las apuestas en direcci\u00f3n por \u201cDunkerke\u201d. <\/p>\n<p>\u201cLa forma&#8230;\u201d disputa Mejor pel\u00edcula con \u201cTres anuncios para un crimen\u201d <b>(Martin McDonagh)<\/b>, \u201cDunkerque\u201d, \u201cLas horas m\u00e1s oscuras\u201d y la rom\u00e1ntica \u201cLl\u00e1mame por tu nombre\u201d, por la que <b>Luca Guadagnino <\/b>tambi\u00e9n est\u00e1 nominado como realizador, adem\u00e1s de McDonagh y el canadiense<b> Denis Villeneuve<\/b> (\u201cBlade Runner 2049\u201d). <\/p>\n<p>Hawkins, <b>Frances McDormand, Annette Bening, Margot Robbie <\/b>y<b> Saorise Ronan<\/b> est\u00e1n nominadas a Mejor actriz, mientras que entre los actores <b>Gary Oldman<\/b> parte como favorito frente a <b>Daniel Day-Lewis, Daniel Kaluuya, Jamie Bell y Timoth\u00e9e Chalamet<\/b>.  <\/p>\n<p>Como actores de reparto los nominados son <b>Christopher Plummer<\/b>,  <b>Hugh Grant, Willem Dafoe y Sam Rockwell <\/b>y<b> Woody Harrelson<\/b>, mientras que en el lado femenino est\u00e1n  <b>Allison Janney, Kristin Scott Thomas, Laurie Metcalf, Lesley Manville<\/b> y <b>Octavia Spencer<\/b>. <\/p>\n<p>Se espera que los asistentes acudan a la gala de riguroso negro porque, al igual que en los Globos de Oro, esta es tambi\u00e9n la consigna de la Academia Brit\u00e1nica para los invitados, en apoyo a los movimientos contra el abuso sexual #MeToo y \u201cTime\u2019s Up\u201d. <\/p>\n<p>Lo que apenas se escuchar\u00e1 en esta 71a edici\u00f3n de los galardones es acento espa\u00f1ol, pues salvo Del Toro y su dise\u00f1ador de vestuario <b>Luis Sequeira<\/b> no hay m\u00e1s hispanoamericanos nominados. No obstante, por el Bafta de animaci\u00f3n compite \u201cCoco\u201d, de Pixar, ambientada en el D\u00eda de Muertos de M\u00e9xico. <\/p>\n<p>Entre las pel\u00edculas de habla no inglesa, las nominadas son la francesa \u201cElle\u201d, de<b> Paul Verhoeven<\/b>; la camboyana \u201cFirst They Killed My Father\u201d, de <b>Angelina Jolie<\/b>; la coreana \u201cThe Handmaiden\u201d, de <b>Park Chan-wook<\/b>; la rusa \u201cLoveless\u201d, de <b>Andrey Zvyagintsev,<\/b> y la iran\u00ed \u201cThe Salesman\u201d, de <b>Asghar Farhadi<\/b>. <\/p>\n<p>En el Reino Unido los premios Bafta 2018 ser\u00e1n transmitidos por el canal BBC One, en tanto que en Latinoam\u00e9rica no habr\u00e1 emisi\u00f3n en directo. <\/p>\n<p>Pero s\u00ed se  puede ver el desfile de <i>celebrities<\/i> por la alfombra roja en BBC News (as\u00ed como en el canal oficial de Facebook).   <\/p>\n<\/p><\/div>\n<\/div>\n<p>Fuente: http:\/\/www.lagaceta.com.ar\/nota\/761675\/espectaculos\/bafta-otro-escalon-hacia-oscar-ilusion-del-toro.html<\/p>\n","protected":false},"excerpt":{"rendered":"<p>Pasaron el Globo de Oro, el premio DGA del Sindicato de Directores de Hollywood y el Critic\u2019s Choice. Hoy los Bafta (desde las 18 hora argentina) podr\u00edan dar un \u00faltimo impulso a Guillermo del Toro en la carrera por el Oscar, conjetura DPA. Su f\u00e1bula \u201cLa forma del agua\u201d parte como favorita en los premios [&hellip;]<\/p>\n","protected":false},"author":1,"featured_media":5524,"comment_status":"open","ping_status":"closed","sticky":false,"template":"","format":"standard","meta":{"footnotes":""},"categories":[152],"tags":[],"class_list":{"0":"post-5523","1":"post","2":"type-post","3":"status-publish","4":"format-standard","5":"has-post-thumbnail","7":"category-argentina"},"yoast_head":"<!-- This site is optimized with the Yoast SEO plugin v27.5 - https:\/\/yoast.com\/product\/yoast-seo-wordpress\/ -->\n<title>Los Bafta: otro escal\u00f3n hacia el Oscar y la ilusi\u00f3n de Del Toro - El Diario de Tucuman<\/title>\n<meta name=\"robots\" content=\"index, follow, max-snippet:-1, max-image-preview:large, max-video-preview:-1\" \/>\n<link rel=\"canonical\" href=\"https:\/\/www.eldiariodetucuman.com\/web\/los-bafta-otro-escalon-hacia-el-oscar-y-la-ilusion-de-del-toro\/\" \/>\n<meta property=\"og:locale\" content=\"es_ES\" \/>\n<meta property=\"og:type\" content=\"article\" \/>\n<meta property=\"og:title\" content=\"Los Bafta: otro escal\u00f3n hacia el Oscar y la ilusi\u00f3n de Del Toro - El Diario de Tucuman\" \/>\n<meta property=\"og:description\" content=\"Pasaron el Globo de Oro, el premio DGA del Sindicato de Directores de Hollywood y el Critic\u2019s Choice. Hoy los Bafta (desde las 18 hora argentina) podr\u00edan dar un \u00faltimo impulso a Guillermo del Toro en la carrera por el Oscar, conjetura DPA. Su f\u00e1bula \u201cLa forma del agua\u201d parte como favorita en los premios [&hellip;]\" \/>\n<meta property=\"og:url\" content=\"https:\/\/www.eldiariodetucuman.com\/web\/los-bafta-otro-escalon-hacia-el-oscar-y-la-ilusion-de-del-toro\/\" \/>\n<meta property=\"og:site_name\" content=\"El Diario de Tucuman\" \/>\n<meta property=\"article:published_time\" content=\"2018-02-18T15:59:11+00:00\" \/>\n<meta property=\"article:modified_time\" content=\"2018-02-18T15:59:12+00:00\" \/>\n<meta property=\"og:image\" content=\"https:\/\/www.eldiariodetucuman.com\/web\/wp-content\/uploads\/2018\/02\/3f36a5dcc703e4433e92955aefb64c10.jpeg\" \/>\n\t<meta property=\"og:image:width\" content=\"970\" \/>\n\t<meta property=\"og:image:height\" content=\"440\" \/>\n\t<meta property=\"og:image:type\" content=\"image\/jpeg\" \/>\n<meta name=\"author\" content=\"admin\" \/>\n<meta name=\"twitter:card\" content=\"summary_large_image\" \/>\n<meta name=\"twitter:label1\" content=\"Escrito por\" \/>\n\t<meta name=\"twitter:data1\" content=\"admin\" \/>\n\t<meta name=\"twitter:label2\" content=\"Tiempo de lectura\" \/>\n\t<meta name=\"twitter:data2\" content=\"2 minutos\" \/>\n<script type=\"application\/ld+json\" class=\"yoast-schema-graph\">{\"@context\":\"https:\\\/\\\/schema.org\",\"@graph\":[{\"@type\":\"Article\",\"@id\":\"https:\\\/\\\/www.eldiariodetucuman.com\\\/web\\\/los-bafta-otro-escalon-hacia-el-oscar-y-la-ilusion-de-del-toro\\\/#article\",\"isPartOf\":{\"@id\":\"https:\\\/\\\/www.eldiariodetucuman.com\\\/web\\\/los-bafta-otro-escalon-hacia-el-oscar-y-la-ilusion-de-del-toro\\\/\"},\"author\":{\"name\":\"admin\",\"@id\":\"https:\\\/\\\/www.eldiariodetucuman.com\\\/web\\\/#\\\/schema\\\/person\\\/9250197d75ab5483412e19678b121caa\"},\"headline\":\"Los Bafta: otro escal\u00f3n hacia el Oscar y la ilusi\u00f3n de Del Toro\",\"datePublished\":\"2018-02-18T15:59:11+00:00\",\"dateModified\":\"2018-02-18T15:59:12+00:00\",\"mainEntityOfPage\":{\"@id\":\"https:\\\/\\\/www.eldiariodetucuman.com\\\/web\\\/los-bafta-otro-escalon-hacia-el-oscar-y-la-ilusion-de-del-toro\\\/\"},\"wordCount\":447,\"commentCount\":0,\"publisher\":{\"@id\":\"https:\\\/\\\/www.eldiariodetucuman.com\\\/web\\\/#organization\"},\"image\":{\"@id\":\"https:\\\/\\\/www.eldiariodetucuman.com\\\/web\\\/los-bafta-otro-escalon-hacia-el-oscar-y-la-ilusion-de-del-toro\\\/#primaryimage\"},\"thumbnailUrl\":\"https:\\\/\\\/www.eldiariodetucuman.com\\\/web\\\/wp-content\\\/uploads\\\/2018\\\/02\\\/3f36a5dcc703e4433e92955aefb64c10.jpeg\",\"articleSection\":[\"Argentina\"],\"inLanguage\":\"es\",\"potentialAction\":[{\"@type\":\"CommentAction\",\"name\":\"Comment\",\"target\":[\"https:\\\/\\\/www.eldiariodetucuman.com\\\/web\\\/los-bafta-otro-escalon-hacia-el-oscar-y-la-ilusion-de-del-toro\\\/#respond\"]}]},{\"@type\":\"WebPage\",\"@id\":\"https:\\\/\\\/www.eldiariodetucuman.com\\\/web\\\/los-bafta-otro-escalon-hacia-el-oscar-y-la-ilusion-de-del-toro\\\/\",\"url\":\"https:\\\/\\\/www.eldiariodetucuman.com\\\/web\\\/los-bafta-otro-escalon-hacia-el-oscar-y-la-ilusion-de-del-toro\\\/\",\"name\":\"Los Bafta: otro escal\u00f3n hacia el Oscar y la ilusi\u00f3n de Del Toro - El Diario de Tucuman\",\"isPartOf\":{\"@id\":\"https:\\\/\\\/www.eldiariodetucuman.com\\\/web\\\/#website\"},\"primaryImageOfPage\":{\"@id\":\"https:\\\/\\\/www.eldiariodetucuman.com\\\/web\\\/los-bafta-otro-escalon-hacia-el-oscar-y-la-ilusion-de-del-toro\\\/#primaryimage\"},\"image\":{\"@id\":\"https:\\\/\\\/www.eldiariodetucuman.com\\\/web\\\/los-bafta-otro-escalon-hacia-el-oscar-y-la-ilusion-de-del-toro\\\/#primaryimage\"},\"thumbnailUrl\":\"https:\\\/\\\/www.eldiariodetucuman.com\\\/web\\\/wp-content\\\/uploads\\\/2018\\\/02\\\/3f36a5dcc703e4433e92955aefb64c10.jpeg\",\"datePublished\":\"2018-02-18T15:59:11+00:00\",\"dateModified\":\"2018-02-18T15:59:12+00:00\",\"breadcrumb\":{\"@id\":\"https:\\\/\\\/www.eldiariodetucuman.com\\\/web\\\/los-bafta-otro-escalon-hacia-el-oscar-y-la-ilusion-de-del-toro\\\/#breadcrumb\"},\"inLanguage\":\"es\",\"potentialAction\":[{\"@type\":\"ReadAction\",\"target\":[\"https:\\\/\\\/www.eldiariodetucuman.com\\\/web\\\/los-bafta-otro-escalon-hacia-el-oscar-y-la-ilusion-de-del-toro\\\/\"]}]},{\"@type\":\"ImageObject\",\"inLanguage\":\"es\",\"@id\":\"https:\\\/\\\/www.eldiariodetucuman.com\\\/web\\\/los-bafta-otro-escalon-hacia-el-oscar-y-la-ilusion-de-del-toro\\\/#primaryimage\",\"url\":\"https:\\\/\\\/www.eldiariodetucuman.com\\\/web\\\/wp-content\\\/uploads\\\/2018\\\/02\\\/3f36a5dcc703e4433e92955aefb64c10.jpeg\",\"contentUrl\":\"https:\\\/\\\/www.eldiariodetucuman.com\\\/web\\\/wp-content\\\/uploads\\\/2018\\\/02\\\/3f36a5dcc703e4433e92955aefb64c10.jpeg\",\"width\":970,\"height\":440},{\"@type\":\"BreadcrumbList\",\"@id\":\"https:\\\/\\\/www.eldiariodetucuman.com\\\/web\\\/los-bafta-otro-escalon-hacia-el-oscar-y-la-ilusion-de-del-toro\\\/#breadcrumb\",\"itemListElement\":[{\"@type\":\"ListItem\",\"position\":1,\"name\":\"Portada\",\"item\":\"https:\\\/\\\/www.eldiariodetucuman.com\\\/web\\\/\"},{\"@type\":\"ListItem\",\"position\":2,\"name\":\"Los Bafta: otro escal\u00f3n hacia el Oscar y la ilusi\u00f3n de Del Toro\"}]},{\"@type\":\"WebSite\",\"@id\":\"https:\\\/\\\/www.eldiariodetucuman.com\\\/web\\\/#website\",\"url\":\"https:\\\/\\\/www.eldiariodetucuman.com\\\/web\\\/\",\"name\":\"El Diario de Tucuman\",\"description\":\"Diario Tucuman - Informaci\u00f3n y noticias\",\"publisher\":{\"@id\":\"https:\\\/\\\/www.eldiariodetucuman.com\\\/web\\\/#organization\"},\"potentialAction\":[{\"@type\":\"SearchAction\",\"target\":{\"@type\":\"EntryPoint\",\"urlTemplate\":\"https:\\\/\\\/www.eldiariodetucuman.com\\\/web\\\/?s={search_term_string}\"},\"query-input\":{\"@type\":\"PropertyValueSpecification\",\"valueRequired\":true,\"valueName\":\"search_term_string\"}}],\"inLanguage\":\"es\"},{\"@type\":\"Organization\",\"@id\":\"https:\\\/\\\/www.eldiariodetucuman.com\\\/web\\\/#organization\",\"name\":\"El Diario de Tucuman\",\"url\":\"https:\\\/\\\/www.eldiariodetucuman.com\\\/web\\\/\",\"logo\":{\"@type\":\"ImageObject\",\"inLanguage\":\"es\",\"@id\":\"https:\\\/\\\/www.eldiariodetucuman.com\\\/web\\\/#\\\/schema\\\/logo\\\/image\\\/\",\"url\":\"http:\\\/\\\/www.eldiariodetucuman.com\\\/web\\\/wp-content\\\/uploads\\\/2017\\\/12\\\/el-diario-de-tucuman.jpg\",\"contentUrl\":\"http:\\\/\\\/www.eldiariodetucuman.com\\\/web\\\/wp-content\\\/uploads\\\/2017\\\/12\\\/el-diario-de-tucuman.jpg\",\"width\":272,\"height\":92,\"caption\":\"El Diario de Tucuman\"},\"image\":{\"@id\":\"https:\\\/\\\/www.eldiariodetucuman.com\\\/web\\\/#\\\/schema\\\/logo\\\/image\\\/\"}},{\"@type\":\"Person\",\"@id\":\"https:\\\/\\\/www.eldiariodetucuman.com\\\/web\\\/#\\\/schema\\\/person\\\/9250197d75ab5483412e19678b121caa\",\"name\":\"admin\",\"image\":{\"@type\":\"ImageObject\",\"inLanguage\":\"es\",\"@id\":\"https:\\\/\\\/secure.gravatar.com\\\/avatar\\\/c44d117c2be811212c22cb481f6b8384b6873de103fbc49e7a03cc58d7dea4ac?s=96&d=mm&r=g\",\"url\":\"https:\\\/\\\/secure.gravatar.com\\\/avatar\\\/c44d117c2be811212c22cb481f6b8384b6873de103fbc49e7a03cc58d7dea4ac?s=96&d=mm&r=g\",\"contentUrl\":\"https:\\\/\\\/secure.gravatar.com\\\/avatar\\\/c44d117c2be811212c22cb481f6b8384b6873de103fbc49e7a03cc58d7dea4ac?s=96&d=mm&r=g\",\"caption\":\"admin\"},\"url\":\"https:\\\/\\\/www.eldiariodetucuman.com\\\/web\\\/author\\\/admin\\\/\"}]}<\/script>\n<!-- \/ Yoast SEO plugin. -->","yoast_head_json":{"title":"Los Bafta: otro escal\u00f3n hacia el Oscar y la ilusi\u00f3n de Del Toro - El Diario de Tucuman","robots":{"index":"index","follow":"follow","max-snippet":"max-snippet:-1","max-image-preview":"max-image-preview:large","max-video-preview":"max-video-preview:-1"},"canonical":"https:\/\/www.eldiariodetucuman.com\/web\/los-bafta-otro-escalon-hacia-el-oscar-y-la-ilusion-de-del-toro\/","og_locale":"es_ES","og_type":"article","og_title":"Los Bafta: otro escal\u00f3n hacia el Oscar y la ilusi\u00f3n de Del Toro - El Diario de Tucuman","og_description":"Pasaron el Globo de Oro, el premio DGA del Sindicato de Directores de Hollywood y el Critic\u2019s Choice. Hoy los Bafta (desde las 18 hora argentina) podr\u00edan dar un \u00faltimo impulso a Guillermo del Toro en la carrera por el Oscar, conjetura DPA. Su f\u00e1bula \u201cLa forma del agua\u201d parte como favorita en los premios [&hellip;]","og_url":"https:\/\/www.eldiariodetucuman.com\/web\/los-bafta-otro-escalon-hacia-el-oscar-y-la-ilusion-de-del-toro\/","og_site_name":"El Diario de Tucuman","article_published_time":"2018-02-18T15:59:11+00:00","article_modified_time":"2018-02-18T15:59:12+00:00","og_image":[{"width":970,"height":440,"url":"https:\/\/www.eldiariodetucuman.com\/web\/wp-content\/uploads\/2018\/02\/3f36a5dcc703e4433e92955aefb64c10.jpeg","type":"image\/jpeg"}],"author":"admin","twitter_card":"summary_large_image","twitter_misc":{"Escrito por":"admin","Tiempo de lectura":"2 minutos"},"schema":{"@context":"https:\/\/schema.org","@graph":[{"@type":"Article","@id":"https:\/\/www.eldiariodetucuman.com\/web\/los-bafta-otro-escalon-hacia-el-oscar-y-la-ilusion-de-del-toro\/#article","isPartOf":{"@id":"https:\/\/www.eldiariodetucuman.com\/web\/los-bafta-otro-escalon-hacia-el-oscar-y-la-ilusion-de-del-toro\/"},"author":{"name":"admin","@id":"https:\/\/www.eldiariodetucuman.com\/web\/#\/schema\/person\/9250197d75ab5483412e19678b121caa"},"headline":"Los Bafta: otro escal\u00f3n hacia el Oscar y la ilusi\u00f3n de Del Toro","datePublished":"2018-02-18T15:59:11+00:00","dateModified":"2018-02-18T15:59:12+00:00","mainEntityOfPage":{"@id":"https:\/\/www.eldiariodetucuman.com\/web\/los-bafta-otro-escalon-hacia-el-oscar-y-la-ilusion-de-del-toro\/"},"wordCount":447,"commentCount":0,"publisher":{"@id":"https:\/\/www.eldiariodetucuman.com\/web\/#organization"},"image":{"@id":"https:\/\/www.eldiariodetucuman.com\/web\/los-bafta-otro-escalon-hacia-el-oscar-y-la-ilusion-de-del-toro\/#primaryimage"},"thumbnailUrl":"https:\/\/www.eldiariodetucuman.com\/web\/wp-content\/uploads\/2018\/02\/3f36a5dcc703e4433e92955aefb64c10.jpeg","articleSection":["Argentina"],"inLanguage":"es","potentialAction":[{"@type":"CommentAction","name":"Comment","target":["https:\/\/www.eldiariodetucuman.com\/web\/los-bafta-otro-escalon-hacia-el-oscar-y-la-ilusion-de-del-toro\/#respond"]}]},{"@type":"WebPage","@id":"https:\/\/www.eldiariodetucuman.com\/web\/los-bafta-otro-escalon-hacia-el-oscar-y-la-ilusion-de-del-toro\/","url":"https:\/\/www.eldiariodetucuman.com\/web\/los-bafta-otro-escalon-hacia-el-oscar-y-la-ilusion-de-del-toro\/","name":"Los Bafta: otro escal\u00f3n hacia el Oscar y la ilusi\u00f3n de Del Toro - El Diario de Tucuman","isPartOf":{"@id":"https:\/\/www.eldiariodetucuman.com\/web\/#website"},"primaryImageOfPage":{"@id":"https:\/\/www.eldiariodetucuman.com\/web\/los-bafta-otro-escalon-hacia-el-oscar-y-la-ilusion-de-del-toro\/#primaryimage"},"image":{"@id":"https:\/\/www.eldiariodetucuman.com\/web\/los-bafta-otro-escalon-hacia-el-oscar-y-la-ilusion-de-del-toro\/#primaryimage"},"thumbnailUrl":"https:\/\/www.eldiariodetucuman.com\/web\/wp-content\/uploads\/2018\/02\/3f36a5dcc703e4433e92955aefb64c10.jpeg","datePublished":"2018-02-18T15:59:11+00:00","dateModified":"2018-02-18T15:59:12+00:00","breadcrumb":{"@id":"https:\/\/www.eldiariodetucuman.com\/web\/los-bafta-otro-escalon-hacia-el-oscar-y-la-ilusion-de-del-toro\/#breadcrumb"},"inLanguage":"es","potentialAction":[{"@type":"ReadAction","target":["https:\/\/www.eldiariodetucuman.com\/web\/los-bafta-otro-escalon-hacia-el-oscar-y-la-ilusion-de-del-toro\/"]}]},{"@type":"ImageObject","inLanguage":"es","@id":"https:\/\/www.eldiariodetucuman.com\/web\/los-bafta-otro-escalon-hacia-el-oscar-y-la-ilusion-de-del-toro\/#primaryimage","url":"https:\/\/www.eldiariodetucuman.com\/web\/wp-content\/uploads\/2018\/02\/3f36a5dcc703e4433e92955aefb64c10.jpeg","contentUrl":"https:\/\/www.eldiariodetucuman.com\/web\/wp-content\/uploads\/2018\/02\/3f36a5dcc703e4433e92955aefb64c10.jpeg","width":970,"height":440},{"@type":"BreadcrumbList","@id":"https:\/\/www.eldiariodetucuman.com\/web\/los-bafta-otro-escalon-hacia-el-oscar-y-la-ilusion-de-del-toro\/#breadcrumb","itemListElement":[{"@type":"ListItem","position":1,"name":"Portada","item":"https:\/\/www.eldiariodetucuman.com\/web\/"},{"@type":"ListItem","position":2,"name":"Los Bafta: otro escal\u00f3n hacia el Oscar y la ilusi\u00f3n de Del Toro"}]},{"@type":"WebSite","@id":"https:\/\/www.eldiariodetucuman.com\/web\/#website","url":"https:\/\/www.eldiariodetucuman.com\/web\/","name":"El Diario de Tucuman","description":"Diario Tucuman - Informaci\u00f3n y noticias","publisher":{"@id":"https:\/\/www.eldiariodetucuman.com\/web\/#organization"},"potentialAction":[{"@type":"SearchAction","target":{"@type":"EntryPoint","urlTemplate":"https:\/\/www.eldiariodetucuman.com\/web\/?s={search_term_string}"},"query-input":{"@type":"PropertyValueSpecification","valueRequired":true,"valueName":"search_term_string"}}],"inLanguage":"es"},{"@type":"Organization","@id":"https:\/\/www.eldiariodetucuman.com\/web\/#organization","name":"El Diario de Tucuman","url":"https:\/\/www.eldiariodetucuman.com\/web\/","logo":{"@type":"ImageObject","inLanguage":"es","@id":"https:\/\/www.eldiariodetucuman.com\/web\/#\/schema\/logo\/image\/","url":"http:\/\/www.eldiariodetucuman.com\/web\/wp-content\/uploads\/2017\/12\/el-diario-de-tucuman.jpg","contentUrl":"http:\/\/www.eldiariodetucuman.com\/web\/wp-content\/uploads\/2017\/12\/el-diario-de-tucuman.jpg","width":272,"height":92,"caption":"El Diario de Tucuman"},"image":{"@id":"https:\/\/www.eldiariodetucuman.com\/web\/#\/schema\/logo\/image\/"}},{"@type":"Person","@id":"https:\/\/www.eldiariodetucuman.com\/web\/#\/schema\/person\/9250197d75ab5483412e19678b121caa","name":"admin","image":{"@type":"ImageObject","inLanguage":"es","@id":"https:\/\/secure.gravatar.com\/avatar\/c44d117c2be811212c22cb481f6b8384b6873de103fbc49e7a03cc58d7dea4ac?s=96&d=mm&r=g","url":"https:\/\/secure.gravatar.com\/avatar\/c44d117c2be811212c22cb481f6b8384b6873de103fbc49e7a03cc58d7dea4ac?s=96&d=mm&r=g","contentUrl":"https:\/\/secure.gravatar.com\/avatar\/c44d117c2be811212c22cb481f6b8384b6873de103fbc49e7a03cc58d7dea4ac?s=96&d=mm&r=g","caption":"admin"},"url":"https:\/\/www.eldiariodetucuman.com\/web\/author\/admin\/"}]}},"_links":{"self":[{"href":"https:\/\/www.eldiariodetucuman.com\/web\/wp-json\/wp\/v2\/posts\/5523","targetHints":{"allow":["GET"]}}],"collection":[{"href":"https:\/\/www.eldiariodetucuman.com\/web\/wp-json\/wp\/v2\/posts"}],"about":[{"href":"https:\/\/www.eldiariodetucuman.com\/web\/wp-json\/wp\/v2\/types\/post"}],"author":[{"embeddable":true,"href":"https:\/\/www.eldiariodetucuman.com\/web\/wp-json\/wp\/v2\/users\/1"}],"replies":[{"embeddable":true,"href":"https:\/\/www.eldiariodetucuman.com\/web\/wp-json\/wp\/v2\/comments?post=5523"}],"version-history":[{"count":1,"href":"https:\/\/www.eldiariodetucuman.com\/web\/wp-json\/wp\/v2\/posts\/5523\/revisions"}],"predecessor-version":[{"id":5525,"href":"https:\/\/www.eldiariodetucuman.com\/web\/wp-json\/wp\/v2\/posts\/5523\/revisions\/5525"}],"wp:featuredmedia":[{"embeddable":true,"href":"https:\/\/www.eldiariodetucuman.com\/web\/wp-json\/wp\/v2\/media\/5524"}],"wp:attachment":[{"href":"https:\/\/www.eldiariodetucuman.com\/web\/wp-json\/wp\/v2\/media?parent=5523"}],"wp:term":[{"taxonomy":"category","embeddable":true,"href":"https:\/\/www.eldiariodetucuman.com\/web\/wp-json\/wp\/v2\/categories?post=5523"},{"taxonomy":"post_tag","embeddable":true,"href":"https:\/\/www.eldiariodetucuman.com\/web\/wp-json\/wp\/v2\/tags?post=5523"}],"curies":[{"name":"wp","href":"https:\/\/api.w.org\/{rel}","templated":true}]}}