{"id":5517,"date":"2018-02-18T12:56:04","date_gmt":"2018-02-18T15:56:04","guid":{"rendered":"http:\/\/www.eldiariodetucuman.com\/web\/esta-es-la-linea-segura-de-comunicacion-de-mauricio-macri-un-celular-nexus-6p-de-2015\/"},"modified":"2018-02-18T12:56:04","modified_gmt":"2018-02-18T15:56:04","slug":"esta-es-la-linea-segura-de-comunicacion-de-mauricio-macri-un-celular-nexus-6p-de-2015","status":"publish","type":"post","link":"https:\/\/www.eldiariodetucuman.com\/web\/esta-es-la-linea-segura-de-comunicacion-de-mauricio-macri-un-celular-nexus-6p-de-2015\/","title":{"rendered":"Esta es la l\u00ednea segura de comunicaci\u00f3n de Mauricio Macri: un celular Nexus 6P de 2015"},"content":{"rendered":"<div>\n<div id=\"cuerpo\">\n<div class=\"XL video caja-destacada\">\n<aside id=\"videoContainerVideo-119816\" class=\"videoAside\" data-video_id=\"119816\" data-multimediofile_id=\"134352\" data-jwkey=\"JbhQ0SmC\" data-multimediojwkey=\"JbhQ0SmC\" data-destacado=\"1\" data-showads=\"1\" data-property=\"0\" data-videotag_home=\"\" data-arraytags=\"Tecnolog\u00eda, LN+, CAF\u00c9 DE LA TARDE\" data-titulo=\"C\u00f3mo es el tel\u00e9fono que usa Mauricio Macri\" data-contenedor=\"nota\"><\/aside>\n<h2>C\u00f3mo es el tel\u00e9fono que usa Mauricio Macri<\/h2>\n<p>                        <span>4:34<\/span>\n            <\/div>\n<p class=\"capital\">Las comunicaciones seguras entre el presidente Mauricio Macri y su equipo de ministros se realiza desde un<br \/>\n<!-- TODO : Revisar HTML LN9 --><br \/>\n<a href=\"http:\/\/www.lanacion.com.ar\/smartphone-t46771\" data-event=\"contentLinkClick\"><br \/>\nsmartphone<br \/>\n<\/a><br \/>\n<!-- TODO : Revisar HTML LN9 --><br \/>\n<a href=\"http:\/\/www.lanacion.com.ar\/nexus-6p-t54991\" data-event=\"contentLinkClick\"><br \/>\nNexus 6P<br \/>\n<\/a> , un tel\u00e9fono lanzado por<br \/>\n<!-- TODO : Revisar HTML LN9 --><br \/>\n<a href=\"http:\/\/www.lanacion.com.ar\/google-t431\" data-event=\"contentLinkClick\"><br \/>\nGoogle<br \/>\n<\/a>  en 2015 que fue creado por<br \/>\n<!-- TODO : Revisar HTML LN9 --><br \/>\n<a href=\"http:\/\/www.lanacion.com.ar\/huawei-t48521\" data-event=\"contentLinkClick\"><br \/>\nHuawei<br \/>\n<\/a> , como muchos de los modelos de esa l\u00ednea que fueron fabricados por terceros.<\/p>\n<p><!-- middle1 --><\/p>\n<p><!-- middle1 --><\/p>\n<p>El<br \/>\n<a class=\"link\" href=\"https:\/\/consumer.huawei.com\/en\/phones\/nexus-6p\/\">Nexus 6P<\/a>  es un modelo comercial basado en el sistema operativo Android de Google en su versi\u00f3n 6, disponible para cualquier consumidor. En el caso del equipo utilizado por Macri y sus ministros la diferencia est\u00e1 en el software de seguridad desarrollado e implementado por la Agencia Federal de Inteligencia (<br \/>\n<!-- TODO : Revisar HTML LN9 --><br \/>\n<a href=\"http:\/\/www.lanacion.com.ar\/afi-t53230\" data-event=\"contentLinkClick\"><br \/>\nAFI<br \/>\n<\/a> ). Esta modalidad restringe algunos de los servicios disponibles en el msartphone para reforzar la seguridad, y encripta toda la comunicaci\u00f3n que realizan los usuarios que utilizan este sistema.<\/p>\n<figure class=\"L epigrafe\" id=\"figure_2632662\" data-is=\"imagen\"><span title=\"Ampliar imagen\" class=\"icon-ampliar\"><\/span><br \/>\n                        <span title=\"Cerrar modal\" class=\"icon-cerrar\"><\/span><\/p>\n<p>                            <img decoding=\"async\" src=\"http:\/\/bucket1.glanacion.com\/anexos\/fotos\/62\/2632662w740.jpg\" alt=\"El smartphone cuenta con un sistema operativo Android modificado con un software desarrollado por la Agencia Federal de Investigaciones que encripta todas las comunicaciones realizadas entre los smartphones utilizados por miembros clave del gobierno\"><figcaption><epigrafe>El smartphone cuenta con un sistema operativo Android modificado con un software desarrollado por la Agencia Federal de Investigaciones que encripta todas las comunicaciones realizadas entre los smartphones utilizados por miembros clave del gobierno<\/epigrafe><\/figcaption><\/figure>\n<p><!-- middle1 --><\/p>\n<section class=\"listado ademas floatFix\" id=\"listadoAdemas\" data-is-block=\"true\" data-block-name=\"n_relacionadas-cuerpo\" data-diagramacion-id=\"0\"><\/section>\n<p>Es por eso que el uso de este software desarrollado por la AFI funciona como una red encriptada segura para los usuarios de estos tel\u00e9fonos modificados, aunque las llamadas externas a otro tel\u00e9fono sin esta protecci\u00f3n no estar\u00e1n aseguradas.<\/p>\n<p><!-- middle1 --><\/p>\n<p><!-- middle1 --><\/p>\n<p>En lo que respecta a las especificaciones t\u00e9cnicas comerciales, el Nexus 6P tiene un cuerpo hecho en una sola pieza de aluminio (lo que le permite un perfil de 7,3 mm), una pantalla AMOLED de 5,7 pulgadas y resoluci\u00f3n QHD (2560 x 1440 pixeles, 518 pixeles por pulgada). Posee 3 GB de memoria RAM, una capacidad de almacenamiento de hasta 128 GB seg\u00fan la versi\u00f3n, un procesador Qualcomm Snapdragon 810, una bater\u00eda de 3450 mAh y conector USB tipo C que admite carga r\u00e1pida. Posee un lector de huellas dactilares y c\u00e1mara de 12,3 MP con sensor Sony.<\/p>\n<h2 class=\"subtitulo-1\" id=\"video-oficial-del-nexus-6p-de-google\">\nVideo oficial del Nexus 6P de Google<br \/>\n<\/h2>\n<p><iframe loading=\"lazy\" allow=\"autoplay; encrypted-media\" allowfullscreen=\"\" frameborder=\"0\" height=\"360\" src=\"https:\/\/www.youtube.com\/embed\/4cAHL4LMNlY?rel=0&#038;controls=0&#038;showinfo=0\" width=\"640\"><\/iframe>\n    <\/p>\n<p><!-- middle1 --><\/p>\n<p>El Nexus 6P form\u00f3 parte de la \u00faltima entrega de la marca Nexus de Google, ya que al a\u00f1o siguiente lanz\u00f3 la nueva l\u00ednea denominada Pixel, un smartphone desarrollado por HTC en su primer modelo. Desde octubre de 2017 ya se encuentra en su segunda generaci\u00f3n con el Pixel 2 y se espera que el pr\u00f3ximo modelo est\u00e9 fabricado de forma \u00edntegra por Google, tras adquirir todo el<br \/>\n<a class=\"link\" href=\"https:\/\/www.lanacion.com.ar\/2065031-google-compro-una-division-de-fabricacion-de-celulares-de-htc\">equipo de desarrollo de hardware para smartphones de HTC<\/a>.<\/p>\n<p><!-- middle1 --><\/p>\n<p>En cuanto a los tel\u00e9fonos utilizados por Mauricio Macri<br \/>\n<a class=\"link\" href=\"https:\/\/www.lanacion.com.ar\/1933354-cual-es-el-telefono-movil-que-mauricio-macri-tiene-en-su-escritorio\">est\u00e1 el antecedente del BlackBerry Classic<\/a>, un modelo que estuvo a la vista en un retrato oficial durante una reuni\u00f3n con Margarita Stolbizer a mediados de 2016. El smartphone de la firma canadiense contaba con el sistema operativo BlackBerry 10, un teclado f\u00edsico con la distintiva cinta de botones y trackpad, acompa\u00f1ado por una pantalla t\u00e1ctil de 3,5 pulgadas con una resoluci\u00f3n de 720 por 720 pixeles. Posee 2 GB de memoria RAM, un chip Qualcomm Snapdragon S4 de doble n\u00facleo a 1,5 GHz, c\u00e1mara de 8 megapixeles y otra al frente de 2 MP, 16 GB de almacenamiento interno y ranura microSD, LTE, 3G, Wi-Fi, GPS, Bluetooth, NFC, radio FM y bater\u00eda de 2515 mAh.<\/p>\n<p>                <!-- firma autor --><\/p>\n<p>                <!-- temas --><\/p>\n<div class=\"temas\">\n<h4>temas <b>en esta nota<\/b><\/h4>\n<p> <!-- ***NUEVO*** - caja like --><\/p>\n<p>\n    <span class=\"texto-like\"> \u00bfTe gust\u00f3 <b>esta nota?<\/b><\/span><br \/>\n    <span class=\"icon-me-gusta\"> <\/span>\n<\/p>\n<\/p><\/div>\n<\/p><\/div>\n<\/div>\n","protected":false},"excerpt":{"rendered":"<p>C\u00f3mo es el tel\u00e9fono que usa Mauricio Macri 4:34 Las comunicaciones seguras entre el presidente Mauricio Macri y su equipo de ministros se realiza desde un smartphone Nexus 6P , un tel\u00e9fono lanzado por Google en 2015 que fue creado por Huawei , como muchos de los modelos de esa l\u00ednea que fueron fabricados por [&hellip;]<\/p>\n","protected":false},"author":4,"featured_media":0,"comment_status":"open","ping_status":"closed","sticky":false,"template":"","format":"standard","meta":{"footnotes":""},"categories":[154],"tags":[],"class_list":{"0":"post-5517","1":"post","2":"type-post","3":"status-publish","4":"format-standard","6":"category-ciencia-y-tecnologia"},"yoast_head":"<!-- This site is optimized with the Yoast SEO plugin v27.5 - https:\/\/yoast.com\/product\/yoast-seo-wordpress\/ -->\n<title>Esta es la l\u00ednea segura de comunicaci\u00f3n de Mauricio Macri: un celular Nexus 6P de 2015 - El Diario de Tucuman<\/title>\n<meta name=\"robots\" content=\"index, follow, max-snippet:-1, max-image-preview:large, max-video-preview:-1\" \/>\n<link rel=\"canonical\" href=\"https:\/\/www.eldiariodetucuman.com\/web\/esta-es-la-linea-segura-de-comunicacion-de-mauricio-macri-un-celular-nexus-6p-de-2015\/\" \/>\n<meta property=\"og:locale\" content=\"es_ES\" \/>\n<meta property=\"og:type\" content=\"article\" \/>\n<meta property=\"og:title\" content=\"Esta es la l\u00ednea segura de comunicaci\u00f3n de Mauricio Macri: un celular Nexus 6P de 2015 - El Diario de Tucuman\" \/>\n<meta property=\"og:description\" content=\"C\u00f3mo es el tel\u00e9fono que usa Mauricio Macri 4:34 Las comunicaciones seguras entre el presidente Mauricio Macri y su equipo de ministros se realiza desde un smartphone Nexus 6P , un tel\u00e9fono lanzado por Google en 2015 que fue creado por Huawei , como muchos de los modelos de esa l\u00ednea que fueron fabricados por [&hellip;]\" \/>\n<meta property=\"og:url\" content=\"https:\/\/www.eldiariodetucuman.com\/web\/esta-es-la-linea-segura-de-comunicacion-de-mauricio-macri-un-celular-nexus-6p-de-2015\/\" \/>\n<meta property=\"og:site_name\" content=\"El Diario de Tucuman\" \/>\n<meta property=\"article:published_time\" content=\"2018-02-18T15:56:04+00:00\" \/>\n<meta property=\"og:image\" content=\"http:\/\/bucket1.glanacion.com\/anexos\/fotos\/62\/2632662w740.jpg\" \/>\n<meta name=\"author\" content=\"eldiario detucuman\" \/>\n<meta name=\"twitter:card\" content=\"summary_large_image\" \/>\n<meta name=\"twitter:label1\" content=\"Escrito por\" \/>\n\t<meta name=\"twitter:data1\" content=\"eldiario detucuman\" \/>\n\t<meta name=\"twitter:label2\" content=\"Tiempo de lectura\" \/>\n\t<meta name=\"twitter:data2\" content=\"3 minutos\" \/>\n<script type=\"application\/ld+json\" class=\"yoast-schema-graph\">{\"@context\":\"https:\\\/\\\/schema.org\",\"@graph\":[{\"@type\":\"Article\",\"@id\":\"https:\\\/\\\/www.eldiariodetucuman.com\\\/web\\\/esta-es-la-linea-segura-de-comunicacion-de-mauricio-macri-un-celular-nexus-6p-de-2015\\\/#article\",\"isPartOf\":{\"@id\":\"https:\\\/\\\/www.eldiariodetucuman.com\\\/web\\\/esta-es-la-linea-segura-de-comunicacion-de-mauricio-macri-un-celular-nexus-6p-de-2015\\\/\"},\"author\":{\"name\":\"eldiario detucuman\",\"@id\":\"https:\\\/\\\/www.eldiariodetucuman.com\\\/web\\\/#\\\/schema\\\/person\\\/6f95946e54fde848b878ffa4928071d5\"},\"headline\":\"Esta es la l\u00ednea segura de comunicaci\u00f3n de Mauricio Macri: un celular Nexus 6P de 2015\",\"datePublished\":\"2018-02-18T15:56:04+00:00\",\"mainEntityOfPage\":{\"@id\":\"https:\\\/\\\/www.eldiariodetucuman.com\\\/web\\\/esta-es-la-linea-segura-de-comunicacion-de-mauricio-macri-un-celular-nexus-6p-de-2015\\\/\"},\"wordCount\":543,\"commentCount\":0,\"publisher\":{\"@id\":\"https:\\\/\\\/www.eldiariodetucuman.com\\\/web\\\/#organization\"},\"image\":{\"@id\":\"https:\\\/\\\/www.eldiariodetucuman.com\\\/web\\\/esta-es-la-linea-segura-de-comunicacion-de-mauricio-macri-un-celular-nexus-6p-de-2015\\\/#primaryimage\"},\"thumbnailUrl\":\"http:\\\/\\\/bucket1.glanacion.com\\\/anexos\\\/fotos\\\/62\\\/2632662w740.jpg\",\"articleSection\":[\"ciencia y tecnologia\"],\"inLanguage\":\"es\",\"potentialAction\":[{\"@type\":\"CommentAction\",\"name\":\"Comment\",\"target\":[\"https:\\\/\\\/www.eldiariodetucuman.com\\\/web\\\/esta-es-la-linea-segura-de-comunicacion-de-mauricio-macri-un-celular-nexus-6p-de-2015\\\/#respond\"]}]},{\"@type\":\"WebPage\",\"@id\":\"https:\\\/\\\/www.eldiariodetucuman.com\\\/web\\\/esta-es-la-linea-segura-de-comunicacion-de-mauricio-macri-un-celular-nexus-6p-de-2015\\\/\",\"url\":\"https:\\\/\\\/www.eldiariodetucuman.com\\\/web\\\/esta-es-la-linea-segura-de-comunicacion-de-mauricio-macri-un-celular-nexus-6p-de-2015\\\/\",\"name\":\"Esta es la l\u00ednea segura de comunicaci\u00f3n de Mauricio Macri: un celular Nexus 6P de 2015 - El Diario de Tucuman\",\"isPartOf\":{\"@id\":\"https:\\\/\\\/www.eldiariodetucuman.com\\\/web\\\/#website\"},\"primaryImageOfPage\":{\"@id\":\"https:\\\/\\\/www.eldiariodetucuman.com\\\/web\\\/esta-es-la-linea-segura-de-comunicacion-de-mauricio-macri-un-celular-nexus-6p-de-2015\\\/#primaryimage\"},\"image\":{\"@id\":\"https:\\\/\\\/www.eldiariodetucuman.com\\\/web\\\/esta-es-la-linea-segura-de-comunicacion-de-mauricio-macri-un-celular-nexus-6p-de-2015\\\/#primaryimage\"},\"thumbnailUrl\":\"http:\\\/\\\/bucket1.glanacion.com\\\/anexos\\\/fotos\\\/62\\\/2632662w740.jpg\",\"datePublished\":\"2018-02-18T15:56:04+00:00\",\"breadcrumb\":{\"@id\":\"https:\\\/\\\/www.eldiariodetucuman.com\\\/web\\\/esta-es-la-linea-segura-de-comunicacion-de-mauricio-macri-un-celular-nexus-6p-de-2015\\\/#breadcrumb\"},\"inLanguage\":\"es\",\"potentialAction\":[{\"@type\":\"ReadAction\",\"target\":[\"https:\\\/\\\/www.eldiariodetucuman.com\\\/web\\\/esta-es-la-linea-segura-de-comunicacion-de-mauricio-macri-un-celular-nexus-6p-de-2015\\\/\"]}]},{\"@type\":\"ImageObject\",\"inLanguage\":\"es\",\"@id\":\"https:\\\/\\\/www.eldiariodetucuman.com\\\/web\\\/esta-es-la-linea-segura-de-comunicacion-de-mauricio-macri-un-celular-nexus-6p-de-2015\\\/#primaryimage\",\"url\":\"http:\\\/\\\/bucket1.glanacion.com\\\/anexos\\\/fotos\\\/62\\\/2632662w740.jpg\",\"contentUrl\":\"http:\\\/\\\/bucket1.glanacion.com\\\/anexos\\\/fotos\\\/62\\\/2632662w740.jpg\"},{\"@type\":\"BreadcrumbList\",\"@id\":\"https:\\\/\\\/www.eldiariodetucuman.com\\\/web\\\/esta-es-la-linea-segura-de-comunicacion-de-mauricio-macri-un-celular-nexus-6p-de-2015\\\/#breadcrumb\",\"itemListElement\":[{\"@type\":\"ListItem\",\"position\":1,\"name\":\"Portada\",\"item\":\"https:\\\/\\\/www.eldiariodetucuman.com\\\/web\\\/\"},{\"@type\":\"ListItem\",\"position\":2,\"name\":\"Esta es la l\u00ednea segura de comunicaci\u00f3n de Mauricio Macri: un celular Nexus 6P de 2015\"}]},{\"@type\":\"WebSite\",\"@id\":\"https:\\\/\\\/www.eldiariodetucuman.com\\\/web\\\/#website\",\"url\":\"https:\\\/\\\/www.eldiariodetucuman.com\\\/web\\\/\",\"name\":\"El Diario de Tucuman\",\"description\":\"Diario Tucuman - Informaci\u00f3n y noticias\",\"publisher\":{\"@id\":\"https:\\\/\\\/www.eldiariodetucuman.com\\\/web\\\/#organization\"},\"potentialAction\":[{\"@type\":\"SearchAction\",\"target\":{\"@type\":\"EntryPoint\",\"urlTemplate\":\"https:\\\/\\\/www.eldiariodetucuman.com\\\/web\\\/?s={search_term_string}\"},\"query-input\":{\"@type\":\"PropertyValueSpecification\",\"valueRequired\":true,\"valueName\":\"search_term_string\"}}],\"inLanguage\":\"es\"},{\"@type\":\"Organization\",\"@id\":\"https:\\\/\\\/www.eldiariodetucuman.com\\\/web\\\/#organization\",\"name\":\"El Diario de Tucuman\",\"url\":\"https:\\\/\\\/www.eldiariodetucuman.com\\\/web\\\/\",\"logo\":{\"@type\":\"ImageObject\",\"inLanguage\":\"es\",\"@id\":\"https:\\\/\\\/www.eldiariodetucuman.com\\\/web\\\/#\\\/schema\\\/logo\\\/image\\\/\",\"url\":\"http:\\\/\\\/www.eldiariodetucuman.com\\\/web\\\/wp-content\\\/uploads\\\/2017\\\/12\\\/el-diario-de-tucuman.jpg\",\"contentUrl\":\"http:\\\/\\\/www.eldiariodetucuman.com\\\/web\\\/wp-content\\\/uploads\\\/2017\\\/12\\\/el-diario-de-tucuman.jpg\",\"width\":272,\"height\":92,\"caption\":\"El Diario de Tucuman\"},\"image\":{\"@id\":\"https:\\\/\\\/www.eldiariodetucuman.com\\\/web\\\/#\\\/schema\\\/logo\\\/image\\\/\"}},{\"@type\":\"Person\",\"@id\":\"https:\\\/\\\/www.eldiariodetucuman.com\\\/web\\\/#\\\/schema\\\/person\\\/6f95946e54fde848b878ffa4928071d5\",\"name\":\"eldiario detucuman\",\"image\":{\"@type\":\"ImageObject\",\"inLanguage\":\"es\",\"@id\":\"https:\\\/\\\/secure.gravatar.com\\\/avatar\\\/b6e1f89c5c4044c4962c8e6c20b1ca2cc99f549c965908afd4ec5308b3f51bfe?s=96&d=mm&r=g\",\"url\":\"https:\\\/\\\/secure.gravatar.com\\\/avatar\\\/b6e1f89c5c4044c4962c8e6c20b1ca2cc99f549c965908afd4ec5308b3f51bfe?s=96&d=mm&r=g\",\"contentUrl\":\"https:\\\/\\\/secure.gravatar.com\\\/avatar\\\/b6e1f89c5c4044c4962c8e6c20b1ca2cc99f549c965908afd4ec5308b3f51bfe?s=96&d=mm&r=g\",\"caption\":\"eldiario detucuman\"},\"url\":\"https:\\\/\\\/www.eldiariodetucuman.com\\\/web\\\/author\\\/eldiariodetucuman\\\/\"}]}<\/script>\n<!-- \/ Yoast SEO plugin. -->","yoast_head_json":{"title":"Esta es la l\u00ednea segura de comunicaci\u00f3n de Mauricio Macri: un celular Nexus 6P de 2015 - El Diario de Tucuman","robots":{"index":"index","follow":"follow","max-snippet":"max-snippet:-1","max-image-preview":"max-image-preview:large","max-video-preview":"max-video-preview:-1"},"canonical":"https:\/\/www.eldiariodetucuman.com\/web\/esta-es-la-linea-segura-de-comunicacion-de-mauricio-macri-un-celular-nexus-6p-de-2015\/","og_locale":"es_ES","og_type":"article","og_title":"Esta es la l\u00ednea segura de comunicaci\u00f3n de Mauricio Macri: un celular Nexus 6P de 2015 - El Diario de Tucuman","og_description":"C\u00f3mo es el tel\u00e9fono que usa Mauricio Macri 4:34 Las comunicaciones seguras entre el presidente Mauricio Macri y su equipo de ministros se realiza desde un smartphone Nexus 6P , un tel\u00e9fono lanzado por Google en 2015 que fue creado por Huawei , como muchos de los modelos de esa l\u00ednea que fueron fabricados por [&hellip;]","og_url":"https:\/\/www.eldiariodetucuman.com\/web\/esta-es-la-linea-segura-de-comunicacion-de-mauricio-macri-un-celular-nexus-6p-de-2015\/","og_site_name":"El Diario de Tucuman","article_published_time":"2018-02-18T15:56:04+00:00","og_image":[{"url":"http:\/\/bucket1.glanacion.com\/anexos\/fotos\/62\/2632662w740.jpg","type":"","width":"","height":""}],"author":"eldiario detucuman","twitter_card":"summary_large_image","twitter_misc":{"Escrito por":"eldiario detucuman","Tiempo de lectura":"3 minutos"},"schema":{"@context":"https:\/\/schema.org","@graph":[{"@type":"Article","@id":"https:\/\/www.eldiariodetucuman.com\/web\/esta-es-la-linea-segura-de-comunicacion-de-mauricio-macri-un-celular-nexus-6p-de-2015\/#article","isPartOf":{"@id":"https:\/\/www.eldiariodetucuman.com\/web\/esta-es-la-linea-segura-de-comunicacion-de-mauricio-macri-un-celular-nexus-6p-de-2015\/"},"author":{"name":"eldiario detucuman","@id":"https:\/\/www.eldiariodetucuman.com\/web\/#\/schema\/person\/6f95946e54fde848b878ffa4928071d5"},"headline":"Esta es la l\u00ednea segura de comunicaci\u00f3n de Mauricio Macri: un celular Nexus 6P de 2015","datePublished":"2018-02-18T15:56:04+00:00","mainEntityOfPage":{"@id":"https:\/\/www.eldiariodetucuman.com\/web\/esta-es-la-linea-segura-de-comunicacion-de-mauricio-macri-un-celular-nexus-6p-de-2015\/"},"wordCount":543,"commentCount":0,"publisher":{"@id":"https:\/\/www.eldiariodetucuman.com\/web\/#organization"},"image":{"@id":"https:\/\/www.eldiariodetucuman.com\/web\/esta-es-la-linea-segura-de-comunicacion-de-mauricio-macri-un-celular-nexus-6p-de-2015\/#primaryimage"},"thumbnailUrl":"http:\/\/bucket1.glanacion.com\/anexos\/fotos\/62\/2632662w740.jpg","articleSection":["ciencia y tecnologia"],"inLanguage":"es","potentialAction":[{"@type":"CommentAction","name":"Comment","target":["https:\/\/www.eldiariodetucuman.com\/web\/esta-es-la-linea-segura-de-comunicacion-de-mauricio-macri-un-celular-nexus-6p-de-2015\/#respond"]}]},{"@type":"WebPage","@id":"https:\/\/www.eldiariodetucuman.com\/web\/esta-es-la-linea-segura-de-comunicacion-de-mauricio-macri-un-celular-nexus-6p-de-2015\/","url":"https:\/\/www.eldiariodetucuman.com\/web\/esta-es-la-linea-segura-de-comunicacion-de-mauricio-macri-un-celular-nexus-6p-de-2015\/","name":"Esta es la l\u00ednea segura de comunicaci\u00f3n de Mauricio Macri: un celular Nexus 6P de 2015 - El Diario de Tucuman","isPartOf":{"@id":"https:\/\/www.eldiariodetucuman.com\/web\/#website"},"primaryImageOfPage":{"@id":"https:\/\/www.eldiariodetucuman.com\/web\/esta-es-la-linea-segura-de-comunicacion-de-mauricio-macri-un-celular-nexus-6p-de-2015\/#primaryimage"},"image":{"@id":"https:\/\/www.eldiariodetucuman.com\/web\/esta-es-la-linea-segura-de-comunicacion-de-mauricio-macri-un-celular-nexus-6p-de-2015\/#primaryimage"},"thumbnailUrl":"http:\/\/bucket1.glanacion.com\/anexos\/fotos\/62\/2632662w740.jpg","datePublished":"2018-02-18T15:56:04+00:00","breadcrumb":{"@id":"https:\/\/www.eldiariodetucuman.com\/web\/esta-es-la-linea-segura-de-comunicacion-de-mauricio-macri-un-celular-nexus-6p-de-2015\/#breadcrumb"},"inLanguage":"es","potentialAction":[{"@type":"ReadAction","target":["https:\/\/www.eldiariodetucuman.com\/web\/esta-es-la-linea-segura-de-comunicacion-de-mauricio-macri-un-celular-nexus-6p-de-2015\/"]}]},{"@type":"ImageObject","inLanguage":"es","@id":"https:\/\/www.eldiariodetucuman.com\/web\/esta-es-la-linea-segura-de-comunicacion-de-mauricio-macri-un-celular-nexus-6p-de-2015\/#primaryimage","url":"http:\/\/bucket1.glanacion.com\/anexos\/fotos\/62\/2632662w740.jpg","contentUrl":"http:\/\/bucket1.glanacion.com\/anexos\/fotos\/62\/2632662w740.jpg"},{"@type":"BreadcrumbList","@id":"https:\/\/www.eldiariodetucuman.com\/web\/esta-es-la-linea-segura-de-comunicacion-de-mauricio-macri-un-celular-nexus-6p-de-2015\/#breadcrumb","itemListElement":[{"@type":"ListItem","position":1,"name":"Portada","item":"https:\/\/www.eldiariodetucuman.com\/web\/"},{"@type":"ListItem","position":2,"name":"Esta es la l\u00ednea segura de comunicaci\u00f3n de Mauricio Macri: un celular Nexus 6P de 2015"}]},{"@type":"WebSite","@id":"https:\/\/www.eldiariodetucuman.com\/web\/#website","url":"https:\/\/www.eldiariodetucuman.com\/web\/","name":"El Diario de Tucuman","description":"Diario Tucuman - Informaci\u00f3n y noticias","publisher":{"@id":"https:\/\/www.eldiariodetucuman.com\/web\/#organization"},"potentialAction":[{"@type":"SearchAction","target":{"@type":"EntryPoint","urlTemplate":"https:\/\/www.eldiariodetucuman.com\/web\/?s={search_term_string}"},"query-input":{"@type":"PropertyValueSpecification","valueRequired":true,"valueName":"search_term_string"}}],"inLanguage":"es"},{"@type":"Organization","@id":"https:\/\/www.eldiariodetucuman.com\/web\/#organization","name":"El Diario de Tucuman","url":"https:\/\/www.eldiariodetucuman.com\/web\/","logo":{"@type":"ImageObject","inLanguage":"es","@id":"https:\/\/www.eldiariodetucuman.com\/web\/#\/schema\/logo\/image\/","url":"http:\/\/www.eldiariodetucuman.com\/web\/wp-content\/uploads\/2017\/12\/el-diario-de-tucuman.jpg","contentUrl":"http:\/\/www.eldiariodetucuman.com\/web\/wp-content\/uploads\/2017\/12\/el-diario-de-tucuman.jpg","width":272,"height":92,"caption":"El Diario de Tucuman"},"image":{"@id":"https:\/\/www.eldiariodetucuman.com\/web\/#\/schema\/logo\/image\/"}},{"@type":"Person","@id":"https:\/\/www.eldiariodetucuman.com\/web\/#\/schema\/person\/6f95946e54fde848b878ffa4928071d5","name":"eldiario detucuman","image":{"@type":"ImageObject","inLanguage":"es","@id":"https:\/\/secure.gravatar.com\/avatar\/b6e1f89c5c4044c4962c8e6c20b1ca2cc99f549c965908afd4ec5308b3f51bfe?s=96&d=mm&r=g","url":"https:\/\/secure.gravatar.com\/avatar\/b6e1f89c5c4044c4962c8e6c20b1ca2cc99f549c965908afd4ec5308b3f51bfe?s=96&d=mm&r=g","contentUrl":"https:\/\/secure.gravatar.com\/avatar\/b6e1f89c5c4044c4962c8e6c20b1ca2cc99f549c965908afd4ec5308b3f51bfe?s=96&d=mm&r=g","caption":"eldiario detucuman"},"url":"https:\/\/www.eldiariodetucuman.com\/web\/author\/eldiariodetucuman\/"}]}},"_links":{"self":[{"href":"https:\/\/www.eldiariodetucuman.com\/web\/wp-json\/wp\/v2\/posts\/5517","targetHints":{"allow":["GET"]}}],"collection":[{"href":"https:\/\/www.eldiariodetucuman.com\/web\/wp-json\/wp\/v2\/posts"}],"about":[{"href":"https:\/\/www.eldiariodetucuman.com\/web\/wp-json\/wp\/v2\/types\/post"}],"author":[{"embeddable":true,"href":"https:\/\/www.eldiariodetucuman.com\/web\/wp-json\/wp\/v2\/users\/4"}],"replies":[{"embeddable":true,"href":"https:\/\/www.eldiariodetucuman.com\/web\/wp-json\/wp\/v2\/comments?post=5517"}],"version-history":[{"count":0,"href":"https:\/\/www.eldiariodetucuman.com\/web\/wp-json\/wp\/v2\/posts\/5517\/revisions"}],"wp:attachment":[{"href":"https:\/\/www.eldiariodetucuman.com\/web\/wp-json\/wp\/v2\/media?parent=5517"}],"wp:term":[{"taxonomy":"category","embeddable":true,"href":"https:\/\/www.eldiariodetucuman.com\/web\/wp-json\/wp\/v2\/categories?post=5517"},{"taxonomy":"post_tag","embeddable":true,"href":"https:\/\/www.eldiariodetucuman.com\/web\/wp-json\/wp\/v2\/tags?post=5517"}],"curies":[{"name":"wp","href":"https:\/\/api.w.org\/{rel}","templated":true}]}}