{"id":5514,"date":"2018-02-18T12:50:48","date_gmt":"2018-02-18T15:50:48","guid":{"rendered":"http:\/\/www.eldiariodetucuman.com\/web\/el-loco-de-florida-queria-matar-mexicanos-y-gays-y-decapitar-negros\/"},"modified":"2018-02-18T12:50:48","modified_gmt":"2018-02-18T15:50:48","slug":"el-loco-de-florida-queria-matar-mexicanos-y-gays-y-decapitar-negros","status":"publish","type":"post","link":"https:\/\/www.eldiariodetucuman.com\/web\/el-loco-de-florida-queria-matar-mexicanos-y-gays-y-decapitar-negros\/","title":{"rendered":"El loco de Florida quer\u00eda matar mexicanos y gays y decapitar negros"},"content":{"rendered":"<div>\n<div itemprop=\"articleBody\" readability=\"83.547270306258\">\n<p><strong>Nikolas Cruz<\/strong>, autor confeso del tiroteo en una escuela de la   <a href=\"https:\/\/www.cronica.com.ar\/tags\/Florida\">Florida<\/a>, expres\u00f3 repetidamente puntos de vista racistas, homof\u00f3bicos y antisemitas y exhibi\u00f3 una obsesi\u00f3n por la violencia y las pistolas en un grupo privado de <em>Instagram<\/em>.<\/p>\n<p>El mi\u00e9rcoles, Cruz, de 19 a\u00f1os, abri\u00f3 fuego en la escuela\u00a0Marjory Stoneman Douglas High School en Parkland,   <a href=\"https:\/\/www.cronica.com.ar\/tags\/Florida\">Florida<\/a>, de la que hab\u00eda sido expulsado. Las autoridades dicen que mat\u00f3 a 17 personas con un rifle AR-15 comprado legalmente.<\/p>\n<p>La mayor parte de la conversaci\u00f3n en el grupo desde que Cruz se uni\u00f3, en agosto de 2017, ocurre entre seis personas, incluyendo el propio Cruz, de acuerdo a lo investigado y publicado por la <em>CNN<\/em>.<\/p>\n<p><strong><u>\u00abOdio a jud\u00edos, negros, inmigrantes\u00bb<\/u><\/strong><\/p>\n<p>El racismo era un tema constante en el grupo, que fue bautizado como \u00abMurica (emoji de bandera estadounidense) (emoji de \u00e1guila) grande\u00bb &#8211; un nombre dado por Cruz.<\/p>\n<p>El odio que adoptaron \u00e9l y otros en el grupo encontr\u00f3 poca resistencia de sus miembros activos. En una parte de la conversaci\u00f3n, Cruz escribi\u00f3 que \u00e9l odiaba a<em> \u00abjud\u00edos, negros, inmigrantes\u00bb.<\/em><\/p>\n<p>\u00c9l hablaba de matar mexicanos, mantener encadenadas a personas negras y cortar sus cuellos. Los comentarios no fueron hechos en tono de broma.<\/p>\n<p>Hay cientos de mensajes racistas, memes racistas y videos de <em>Instagram<\/em> racistas publicados en el grupo.<\/p>\n<div>\n<figure class=\"image\"><img decoding=\"async\" alt=\"\" data-height=\"931\" data-size=\"w:787,h:984\" data-width=\"745\" hspace=\"5\" src=\"https:\/\/www.cronica.com.ar\/export\/sites\/cronica\/img\/2018\/02\/17\/gfgfggh.jpg_173866420.jpg\" title=\"\" vspace=\"5\"><figcaption><\/figcaption><\/figure>\n<\/div>\n<p>Cruz dijo que odiaba a las personas negras solo por ser negras; odiaba a los jud\u00edos porque pensaba que ellos quer\u00edan destruir el mundo.<\/p>\n<p>Cuando un miembro expres\u00f3 odio hacia los homosexuales, Cruz se mostr\u00f3 de acuerdo diciendo:<em> \u00abDisp\u00e1rales detr\u00e1s de la cabeza\u00bb.<\/em><\/p>\n<p>Las mujeres blancas tambi\u00e9n atrajeron el odio de Cruz, espec\u00edficamente aquellas en relaciones interraciales, a quienes Cruz se refer\u00eda como traidoras.<\/p>\n<p>No hay indicaciones en el grupo de conversaci\u00f3n de que cualquiera de sus miembros, incluyendo Cruz, fueran o hubieran sido parte de grupos nacionalistas blancos o de supremac\u00eda blanca.<\/p>\n<\/div>\n<\/div>\n","protected":false},"excerpt":{"rendered":"<p>Nikolas Cruz, autor confeso del tiroteo en una escuela de la Florida, expres\u00f3 repetidamente puntos de vista racistas, homof\u00f3bicos y antisemitas y exhibi\u00f3 una obsesi\u00f3n por la violencia y las pistolas en un grupo privado de Instagram. El mi\u00e9rcoles, Cruz, de 19 a\u00f1os, abri\u00f3 fuego en la escuela\u00a0Marjory Stoneman Douglas High School en Parkland, Florida, [&hellip;]<\/p>\n","protected":false},"author":4,"featured_media":5515,"comment_status":"open","ping_status":"closed","sticky":false,"template":"","format":"standard","meta":{"footnotes":""},"categories":[194],"tags":[],"class_list":{"0":"post-5514","1":"post","2":"type-post","3":"status-publish","4":"format-standard","5":"has-post-thumbnail","7":"category-internacionales"},"yoast_head":"<!-- This site is optimized with the Yoast SEO plugin v27.5 - https:\/\/yoast.com\/product\/yoast-seo-wordpress\/ -->\n<title>El loco de Florida quer\u00eda matar mexicanos y gays y decapitar negros - El Diario de Tucuman<\/title>\n<meta name=\"robots\" content=\"index, follow, max-snippet:-1, max-image-preview:large, max-video-preview:-1\" \/>\n<link rel=\"canonical\" href=\"https:\/\/www.eldiariodetucuman.com\/web\/el-loco-de-florida-queria-matar-mexicanos-y-gays-y-decapitar-negros\/\" \/>\n<meta property=\"og:locale\" content=\"es_ES\" \/>\n<meta property=\"og:type\" content=\"article\" \/>\n<meta property=\"og:title\" content=\"El loco de Florida quer\u00eda matar mexicanos y gays y decapitar negros - El Diario de Tucuman\" \/>\n<meta property=\"og:description\" content=\"Nikolas Cruz, autor confeso del tiroteo en una escuela de la Florida, expres\u00f3 repetidamente puntos de vista racistas, homof\u00f3bicos y antisemitas y exhibi\u00f3 una obsesi\u00f3n por la violencia y las pistolas en un grupo privado de Instagram. El mi\u00e9rcoles, Cruz, de 19 a\u00f1os, abri\u00f3 fuego en la escuela\u00a0Marjory Stoneman Douglas High School en Parkland, Florida, [&hellip;]\" \/>\n<meta property=\"og:url\" content=\"https:\/\/www.eldiariodetucuman.com\/web\/el-loco-de-florida-queria-matar-mexicanos-y-gays-y-decapitar-negros\/\" \/>\n<meta property=\"og:site_name\" content=\"El Diario de Tucuman\" \/>\n<meta property=\"article:published_time\" content=\"2018-02-18T15:50:48+00:00\" \/>\n<meta property=\"og:image\" content=\"https:\/\/www.eldiariodetucuman.com\/web\/wp-content\/uploads\/2018\/02\/d312edae688a5a849e8f3d32dc18f8ea.jpeg\" \/>\n\t<meta property=\"og:image:width\" content=\"970\" \/>\n\t<meta property=\"og:image:height\" content=\"546\" \/>\n\t<meta property=\"og:image:type\" content=\"image\/jpeg\" \/>\n<meta name=\"author\" content=\"eldiario detucuman\" \/>\n<meta name=\"twitter:card\" content=\"summary_large_image\" \/>\n<meta name=\"twitter:label1\" content=\"Escrito por\" \/>\n\t<meta name=\"twitter:data1\" content=\"eldiario detucuman\" \/>\n\t<meta name=\"twitter:label2\" content=\"Tiempo de lectura\" \/>\n\t<meta name=\"twitter:data2\" content=\"2 minutos\" \/>\n<script type=\"application\/ld+json\" class=\"yoast-schema-graph\">{\"@context\":\"https:\\\/\\\/schema.org\",\"@graph\":[{\"@type\":\"Article\",\"@id\":\"https:\\\/\\\/www.eldiariodetucuman.com\\\/web\\\/el-loco-de-florida-queria-matar-mexicanos-y-gays-y-decapitar-negros\\\/#article\",\"isPartOf\":{\"@id\":\"https:\\\/\\\/www.eldiariodetucuman.com\\\/web\\\/el-loco-de-florida-queria-matar-mexicanos-y-gays-y-decapitar-negros\\\/\"},\"author\":{\"name\":\"eldiario detucuman\",\"@id\":\"https:\\\/\\\/www.eldiariodetucuman.com\\\/web\\\/#\\\/schema\\\/person\\\/6f95946e54fde848b878ffa4928071d5\"},\"headline\":\"El loco de Florida quer\u00eda matar mexicanos y gays y decapitar negros\",\"datePublished\":\"2018-02-18T15:50:48+00:00\",\"mainEntityOfPage\":{\"@id\":\"https:\\\/\\\/www.eldiariodetucuman.com\\\/web\\\/el-loco-de-florida-queria-matar-mexicanos-y-gays-y-decapitar-negros\\\/\"},\"wordCount\":337,\"commentCount\":0,\"publisher\":{\"@id\":\"https:\\\/\\\/www.eldiariodetucuman.com\\\/web\\\/#organization\"},\"image\":{\"@id\":\"https:\\\/\\\/www.eldiariodetucuman.com\\\/web\\\/el-loco-de-florida-queria-matar-mexicanos-y-gays-y-decapitar-negros\\\/#primaryimage\"},\"thumbnailUrl\":\"https:\\\/\\\/www.eldiariodetucuman.com\\\/web\\\/wp-content\\\/uploads\\\/2018\\\/02\\\/d312edae688a5a849e8f3d32dc18f8ea.jpeg\",\"articleSection\":[\"Internacionales\"],\"inLanguage\":\"es\",\"potentialAction\":[{\"@type\":\"CommentAction\",\"name\":\"Comment\",\"target\":[\"https:\\\/\\\/www.eldiariodetucuman.com\\\/web\\\/el-loco-de-florida-queria-matar-mexicanos-y-gays-y-decapitar-negros\\\/#respond\"]}]},{\"@type\":\"WebPage\",\"@id\":\"https:\\\/\\\/www.eldiariodetucuman.com\\\/web\\\/el-loco-de-florida-queria-matar-mexicanos-y-gays-y-decapitar-negros\\\/\",\"url\":\"https:\\\/\\\/www.eldiariodetucuman.com\\\/web\\\/el-loco-de-florida-queria-matar-mexicanos-y-gays-y-decapitar-negros\\\/\",\"name\":\"El loco de Florida quer\u00eda matar mexicanos y gays y decapitar negros - El Diario de Tucuman\",\"isPartOf\":{\"@id\":\"https:\\\/\\\/www.eldiariodetucuman.com\\\/web\\\/#website\"},\"primaryImageOfPage\":{\"@id\":\"https:\\\/\\\/www.eldiariodetucuman.com\\\/web\\\/el-loco-de-florida-queria-matar-mexicanos-y-gays-y-decapitar-negros\\\/#primaryimage\"},\"image\":{\"@id\":\"https:\\\/\\\/www.eldiariodetucuman.com\\\/web\\\/el-loco-de-florida-queria-matar-mexicanos-y-gays-y-decapitar-negros\\\/#primaryimage\"},\"thumbnailUrl\":\"https:\\\/\\\/www.eldiariodetucuman.com\\\/web\\\/wp-content\\\/uploads\\\/2018\\\/02\\\/d312edae688a5a849e8f3d32dc18f8ea.jpeg\",\"datePublished\":\"2018-02-18T15:50:48+00:00\",\"breadcrumb\":{\"@id\":\"https:\\\/\\\/www.eldiariodetucuman.com\\\/web\\\/el-loco-de-florida-queria-matar-mexicanos-y-gays-y-decapitar-negros\\\/#breadcrumb\"},\"inLanguage\":\"es\",\"potentialAction\":[{\"@type\":\"ReadAction\",\"target\":[\"https:\\\/\\\/www.eldiariodetucuman.com\\\/web\\\/el-loco-de-florida-queria-matar-mexicanos-y-gays-y-decapitar-negros\\\/\"]}]},{\"@type\":\"ImageObject\",\"inLanguage\":\"es\",\"@id\":\"https:\\\/\\\/www.eldiariodetucuman.com\\\/web\\\/el-loco-de-florida-queria-matar-mexicanos-y-gays-y-decapitar-negros\\\/#primaryimage\",\"url\":\"https:\\\/\\\/www.eldiariodetucuman.com\\\/web\\\/wp-content\\\/uploads\\\/2018\\\/02\\\/d312edae688a5a849e8f3d32dc18f8ea.jpeg\",\"contentUrl\":\"https:\\\/\\\/www.eldiariodetucuman.com\\\/web\\\/wp-content\\\/uploads\\\/2018\\\/02\\\/d312edae688a5a849e8f3d32dc18f8ea.jpeg\",\"width\":970,\"height\":546},{\"@type\":\"BreadcrumbList\",\"@id\":\"https:\\\/\\\/www.eldiariodetucuman.com\\\/web\\\/el-loco-de-florida-queria-matar-mexicanos-y-gays-y-decapitar-negros\\\/#breadcrumb\",\"itemListElement\":[{\"@type\":\"ListItem\",\"position\":1,\"name\":\"Portada\",\"item\":\"https:\\\/\\\/www.eldiariodetucuman.com\\\/web\\\/\"},{\"@type\":\"ListItem\",\"position\":2,\"name\":\"El loco de Florida quer\u00eda matar mexicanos y gays y decapitar negros\"}]},{\"@type\":\"WebSite\",\"@id\":\"https:\\\/\\\/www.eldiariodetucuman.com\\\/web\\\/#website\",\"url\":\"https:\\\/\\\/www.eldiariodetucuman.com\\\/web\\\/\",\"name\":\"El Diario de Tucuman\",\"description\":\"Diario Tucuman - Informaci\u00f3n y noticias\",\"publisher\":{\"@id\":\"https:\\\/\\\/www.eldiariodetucuman.com\\\/web\\\/#organization\"},\"potentialAction\":[{\"@type\":\"SearchAction\",\"target\":{\"@type\":\"EntryPoint\",\"urlTemplate\":\"https:\\\/\\\/www.eldiariodetucuman.com\\\/web\\\/?s={search_term_string}\"},\"query-input\":{\"@type\":\"PropertyValueSpecification\",\"valueRequired\":true,\"valueName\":\"search_term_string\"}}],\"inLanguage\":\"es\"},{\"@type\":\"Organization\",\"@id\":\"https:\\\/\\\/www.eldiariodetucuman.com\\\/web\\\/#organization\",\"name\":\"El Diario de Tucuman\",\"url\":\"https:\\\/\\\/www.eldiariodetucuman.com\\\/web\\\/\",\"logo\":{\"@type\":\"ImageObject\",\"inLanguage\":\"es\",\"@id\":\"https:\\\/\\\/www.eldiariodetucuman.com\\\/web\\\/#\\\/schema\\\/logo\\\/image\\\/\",\"url\":\"http:\\\/\\\/www.eldiariodetucuman.com\\\/web\\\/wp-content\\\/uploads\\\/2017\\\/12\\\/el-diario-de-tucuman.jpg\",\"contentUrl\":\"http:\\\/\\\/www.eldiariodetucuman.com\\\/web\\\/wp-content\\\/uploads\\\/2017\\\/12\\\/el-diario-de-tucuman.jpg\",\"width\":272,\"height\":92,\"caption\":\"El Diario de Tucuman\"},\"image\":{\"@id\":\"https:\\\/\\\/www.eldiariodetucuman.com\\\/web\\\/#\\\/schema\\\/logo\\\/image\\\/\"}},{\"@type\":\"Person\",\"@id\":\"https:\\\/\\\/www.eldiariodetucuman.com\\\/web\\\/#\\\/schema\\\/person\\\/6f95946e54fde848b878ffa4928071d5\",\"name\":\"eldiario detucuman\",\"image\":{\"@type\":\"ImageObject\",\"inLanguage\":\"es\",\"@id\":\"https:\\\/\\\/secure.gravatar.com\\\/avatar\\\/b6e1f89c5c4044c4962c8e6c20b1ca2cc99f549c965908afd4ec5308b3f51bfe?s=96&d=mm&r=g\",\"url\":\"https:\\\/\\\/secure.gravatar.com\\\/avatar\\\/b6e1f89c5c4044c4962c8e6c20b1ca2cc99f549c965908afd4ec5308b3f51bfe?s=96&d=mm&r=g\",\"contentUrl\":\"https:\\\/\\\/secure.gravatar.com\\\/avatar\\\/b6e1f89c5c4044c4962c8e6c20b1ca2cc99f549c965908afd4ec5308b3f51bfe?s=96&d=mm&r=g\",\"caption\":\"eldiario detucuman\"},\"url\":\"https:\\\/\\\/www.eldiariodetucuman.com\\\/web\\\/author\\\/eldiariodetucuman\\\/\"}]}<\/script>\n<!-- \/ Yoast SEO plugin. -->","yoast_head_json":{"title":"El loco de Florida quer\u00eda matar mexicanos y gays y decapitar negros - El Diario de Tucuman","robots":{"index":"index","follow":"follow","max-snippet":"max-snippet:-1","max-image-preview":"max-image-preview:large","max-video-preview":"max-video-preview:-1"},"canonical":"https:\/\/www.eldiariodetucuman.com\/web\/el-loco-de-florida-queria-matar-mexicanos-y-gays-y-decapitar-negros\/","og_locale":"es_ES","og_type":"article","og_title":"El loco de Florida quer\u00eda matar mexicanos y gays y decapitar negros - El Diario de Tucuman","og_description":"Nikolas Cruz, autor confeso del tiroteo en una escuela de la Florida, expres\u00f3 repetidamente puntos de vista racistas, homof\u00f3bicos y antisemitas y exhibi\u00f3 una obsesi\u00f3n por la violencia y las pistolas en un grupo privado de Instagram. El mi\u00e9rcoles, Cruz, de 19 a\u00f1os, abri\u00f3 fuego en la escuela\u00a0Marjory Stoneman Douglas High School en Parkland, Florida, [&hellip;]","og_url":"https:\/\/www.eldiariodetucuman.com\/web\/el-loco-de-florida-queria-matar-mexicanos-y-gays-y-decapitar-negros\/","og_site_name":"El Diario de Tucuman","article_published_time":"2018-02-18T15:50:48+00:00","og_image":[{"width":970,"height":546,"url":"https:\/\/www.eldiariodetucuman.com\/web\/wp-content\/uploads\/2018\/02\/d312edae688a5a849e8f3d32dc18f8ea.jpeg","type":"image\/jpeg"}],"author":"eldiario detucuman","twitter_card":"summary_large_image","twitter_misc":{"Escrito por":"eldiario detucuman","Tiempo de lectura":"2 minutos"},"schema":{"@context":"https:\/\/schema.org","@graph":[{"@type":"Article","@id":"https:\/\/www.eldiariodetucuman.com\/web\/el-loco-de-florida-queria-matar-mexicanos-y-gays-y-decapitar-negros\/#article","isPartOf":{"@id":"https:\/\/www.eldiariodetucuman.com\/web\/el-loco-de-florida-queria-matar-mexicanos-y-gays-y-decapitar-negros\/"},"author":{"name":"eldiario detucuman","@id":"https:\/\/www.eldiariodetucuman.com\/web\/#\/schema\/person\/6f95946e54fde848b878ffa4928071d5"},"headline":"El loco de Florida quer\u00eda matar mexicanos y gays y decapitar negros","datePublished":"2018-02-18T15:50:48+00:00","mainEntityOfPage":{"@id":"https:\/\/www.eldiariodetucuman.com\/web\/el-loco-de-florida-queria-matar-mexicanos-y-gays-y-decapitar-negros\/"},"wordCount":337,"commentCount":0,"publisher":{"@id":"https:\/\/www.eldiariodetucuman.com\/web\/#organization"},"image":{"@id":"https:\/\/www.eldiariodetucuman.com\/web\/el-loco-de-florida-queria-matar-mexicanos-y-gays-y-decapitar-negros\/#primaryimage"},"thumbnailUrl":"https:\/\/www.eldiariodetucuman.com\/web\/wp-content\/uploads\/2018\/02\/d312edae688a5a849e8f3d32dc18f8ea.jpeg","articleSection":["Internacionales"],"inLanguage":"es","potentialAction":[{"@type":"CommentAction","name":"Comment","target":["https:\/\/www.eldiariodetucuman.com\/web\/el-loco-de-florida-queria-matar-mexicanos-y-gays-y-decapitar-negros\/#respond"]}]},{"@type":"WebPage","@id":"https:\/\/www.eldiariodetucuman.com\/web\/el-loco-de-florida-queria-matar-mexicanos-y-gays-y-decapitar-negros\/","url":"https:\/\/www.eldiariodetucuman.com\/web\/el-loco-de-florida-queria-matar-mexicanos-y-gays-y-decapitar-negros\/","name":"El loco de Florida quer\u00eda matar mexicanos y gays y decapitar negros - El Diario de Tucuman","isPartOf":{"@id":"https:\/\/www.eldiariodetucuman.com\/web\/#website"},"primaryImageOfPage":{"@id":"https:\/\/www.eldiariodetucuman.com\/web\/el-loco-de-florida-queria-matar-mexicanos-y-gays-y-decapitar-negros\/#primaryimage"},"image":{"@id":"https:\/\/www.eldiariodetucuman.com\/web\/el-loco-de-florida-queria-matar-mexicanos-y-gays-y-decapitar-negros\/#primaryimage"},"thumbnailUrl":"https:\/\/www.eldiariodetucuman.com\/web\/wp-content\/uploads\/2018\/02\/d312edae688a5a849e8f3d32dc18f8ea.jpeg","datePublished":"2018-02-18T15:50:48+00:00","breadcrumb":{"@id":"https:\/\/www.eldiariodetucuman.com\/web\/el-loco-de-florida-queria-matar-mexicanos-y-gays-y-decapitar-negros\/#breadcrumb"},"inLanguage":"es","potentialAction":[{"@type":"ReadAction","target":["https:\/\/www.eldiariodetucuman.com\/web\/el-loco-de-florida-queria-matar-mexicanos-y-gays-y-decapitar-negros\/"]}]},{"@type":"ImageObject","inLanguage":"es","@id":"https:\/\/www.eldiariodetucuman.com\/web\/el-loco-de-florida-queria-matar-mexicanos-y-gays-y-decapitar-negros\/#primaryimage","url":"https:\/\/www.eldiariodetucuman.com\/web\/wp-content\/uploads\/2018\/02\/d312edae688a5a849e8f3d32dc18f8ea.jpeg","contentUrl":"https:\/\/www.eldiariodetucuman.com\/web\/wp-content\/uploads\/2018\/02\/d312edae688a5a849e8f3d32dc18f8ea.jpeg","width":970,"height":546},{"@type":"BreadcrumbList","@id":"https:\/\/www.eldiariodetucuman.com\/web\/el-loco-de-florida-queria-matar-mexicanos-y-gays-y-decapitar-negros\/#breadcrumb","itemListElement":[{"@type":"ListItem","position":1,"name":"Portada","item":"https:\/\/www.eldiariodetucuman.com\/web\/"},{"@type":"ListItem","position":2,"name":"El loco de Florida quer\u00eda matar mexicanos y gays y decapitar negros"}]},{"@type":"WebSite","@id":"https:\/\/www.eldiariodetucuman.com\/web\/#website","url":"https:\/\/www.eldiariodetucuman.com\/web\/","name":"El Diario de Tucuman","description":"Diario Tucuman - Informaci\u00f3n y noticias","publisher":{"@id":"https:\/\/www.eldiariodetucuman.com\/web\/#organization"},"potentialAction":[{"@type":"SearchAction","target":{"@type":"EntryPoint","urlTemplate":"https:\/\/www.eldiariodetucuman.com\/web\/?s={search_term_string}"},"query-input":{"@type":"PropertyValueSpecification","valueRequired":true,"valueName":"search_term_string"}}],"inLanguage":"es"},{"@type":"Organization","@id":"https:\/\/www.eldiariodetucuman.com\/web\/#organization","name":"El Diario de Tucuman","url":"https:\/\/www.eldiariodetucuman.com\/web\/","logo":{"@type":"ImageObject","inLanguage":"es","@id":"https:\/\/www.eldiariodetucuman.com\/web\/#\/schema\/logo\/image\/","url":"http:\/\/www.eldiariodetucuman.com\/web\/wp-content\/uploads\/2017\/12\/el-diario-de-tucuman.jpg","contentUrl":"http:\/\/www.eldiariodetucuman.com\/web\/wp-content\/uploads\/2017\/12\/el-diario-de-tucuman.jpg","width":272,"height":92,"caption":"El Diario de Tucuman"},"image":{"@id":"https:\/\/www.eldiariodetucuman.com\/web\/#\/schema\/logo\/image\/"}},{"@type":"Person","@id":"https:\/\/www.eldiariodetucuman.com\/web\/#\/schema\/person\/6f95946e54fde848b878ffa4928071d5","name":"eldiario detucuman","image":{"@type":"ImageObject","inLanguage":"es","@id":"https:\/\/secure.gravatar.com\/avatar\/b6e1f89c5c4044c4962c8e6c20b1ca2cc99f549c965908afd4ec5308b3f51bfe?s=96&d=mm&r=g","url":"https:\/\/secure.gravatar.com\/avatar\/b6e1f89c5c4044c4962c8e6c20b1ca2cc99f549c965908afd4ec5308b3f51bfe?s=96&d=mm&r=g","contentUrl":"https:\/\/secure.gravatar.com\/avatar\/b6e1f89c5c4044c4962c8e6c20b1ca2cc99f549c965908afd4ec5308b3f51bfe?s=96&d=mm&r=g","caption":"eldiario detucuman"},"url":"https:\/\/www.eldiariodetucuman.com\/web\/author\/eldiariodetucuman\/"}]}},"_links":{"self":[{"href":"https:\/\/www.eldiariodetucuman.com\/web\/wp-json\/wp\/v2\/posts\/5514","targetHints":{"allow":["GET"]}}],"collection":[{"href":"https:\/\/www.eldiariodetucuman.com\/web\/wp-json\/wp\/v2\/posts"}],"about":[{"href":"https:\/\/www.eldiariodetucuman.com\/web\/wp-json\/wp\/v2\/types\/post"}],"author":[{"embeddable":true,"href":"https:\/\/www.eldiariodetucuman.com\/web\/wp-json\/wp\/v2\/users\/4"}],"replies":[{"embeddable":true,"href":"https:\/\/www.eldiariodetucuman.com\/web\/wp-json\/wp\/v2\/comments?post=5514"}],"version-history":[{"count":0,"href":"https:\/\/www.eldiariodetucuman.com\/web\/wp-json\/wp\/v2\/posts\/5514\/revisions"}],"wp:featuredmedia":[{"embeddable":true,"href":"https:\/\/www.eldiariodetucuman.com\/web\/wp-json\/wp\/v2\/media\/5515"}],"wp:attachment":[{"href":"https:\/\/www.eldiariodetucuman.com\/web\/wp-json\/wp\/v2\/media?parent=5514"}],"wp:term":[{"taxonomy":"category","embeddable":true,"href":"https:\/\/www.eldiariodetucuman.com\/web\/wp-json\/wp\/v2\/categories?post=5514"},{"taxonomy":"post_tag","embeddable":true,"href":"https:\/\/www.eldiariodetucuman.com\/web\/wp-json\/wp\/v2\/tags?post=5514"}],"curies":[{"name":"wp","href":"https:\/\/api.w.org\/{rel}","templated":true}]}}