{"id":5512,"date":"2018-02-18T12:50:40","date_gmt":"2018-02-18T15:50:40","guid":{"rendered":"http:\/\/www.eldiariodetucuman.com\/web\/francisco-estoy-en-la-lista-de-espera-para-ser-santo\/"},"modified":"2018-02-18T12:50:40","modified_gmt":"2018-02-18T15:50:40","slug":"francisco-estoy-en-la-lista-de-espera-para-ser-santo","status":"publish","type":"post","link":"https:\/\/www.eldiariodetucuman.com\/web\/francisco-estoy-en-la-lista-de-espera-para-ser-santo\/","title":{"rendered":"Francisco: \u00abEstoy en la lista de espera para ser santo\u00bb"},"content":{"rendered":"<div>\n<div itemprop=\"articleBody\" readability=\"125.60299330445\">\n<p>El papa <strong>Francisco<\/strong>, bromeando entre curas, dijo el s\u00e1bado que estaba en \u201c<em>lista de espera\u201d <\/em>antes de que la iglesia cat\u00f3lica lo haga santo, en un encuentro con el clero en el que dio algunos consejos para afrontar el \u201c<em>cuarentazo<\/em>\u201d, la crisis de los 40. \u00a0<\/p>\n<p>Dos papas, <strong>Juan XXIII y Juan Pablo II,<\/strong> son<em> \u201cya santos, Pablo VI lo ser\u00e1 este a\u00f1o, la beatificaci\u00f3n de Juan Pablo I est\u00e1 en curso, respecto a Benedicto XVI y yo mismo, estamos en lista de espera\u201d<\/em>, declar\u00f3 el s\u00e1bado el papa Francisco, al t\u00e9rmino de una reuni\u00f3n con el clero de Roma, di\u00f3cesis de la que tambi\u00e9n es obispo.\u00a0<\/p>\n<p>Estos sacerdotes le hicieron varias preguntas, para que diera su opini\u00f3n sobre la crisis de los 40, que perturba a religiosos de entre 40 y 50 a\u00f1os, seg\u00fan uno de ellos.\u00a0<\/p>\n<p><em>\u00ab\u00a1Eh, le d\u00e9mon de midi!\u201d,<\/em> respondi\u00f3 el papa argentino, en franc\u00e9s, antes de hablar del \u201ccuarentazo\u201d, t\u00e9rmino argentino para la crisis de los 40. <em>\u201cA los 40, entre 40 y 50 a\u00f1os, te cae encima, es una realidad. He o\u00eddo que algunos lo llaman \u2019es ahora o nunca\u2019. Nos replanteamos todo y nos decimos \u2019es ahora o nunca\u2019<\/em>\u201d, agreg\u00f3 Jorge Bergoglio.\u00a0<\/p>\n<p>Entonces,<em> \u00ab\u00bfqu\u00e9 se debe hacer?\u00bb, <\/em>se pregunta el papa, antes de preconizar ir a <em>\u201cbuscar ayuda, enseguida\u201d.\u00a0<\/em><\/p>\n<p><em>\u2018Si t\u00fa no tienes un hombre prudente, un hombre de discernimiento, un sabio que te acompa\u00f1e, b\u00fascalo, porque es peligroso seguir solo, a esta edad\u201d,<\/em> advirti\u00f3 el pont\u00edfice.<em> \u201cHay tantos que acabaron mal. Busca ayuda enseguida\u201d<\/em>, insisti\u00f3.\u00a0<\/p>\n<p>Porque <em>\u201ctenemos malas tentaciones en esos momentos, tentaciones que nunca hubi\u00e9ramos pensado tener antes\u201d<\/em>, prosigui\u00f3 en el lenguaje directo que lo caracteriza.\u00a0<\/p>\n<p><em>\u2018No hay que avergonzarse, pero hay que erradicarlas enseguida\u201d<\/em>, reiter\u00f3 el papa, porque es tambi\u00e9n el momento de las \u201c<em>tonter\u00edas<\/em>\u201d (ragazzate): cuando un sacerdote comienza a hacer ese tipo de tonter\u00edas. <em>\u201cSon el germen de la doble vida\u201d,<\/em> asever\u00f3.\u00a0<\/p>\n<p>En respuesta a una pregunta de los religiosos de m\u00e1s edad, con m\u00e1s de 50 a\u00f1os, Francisco se mostr\u00f3 solidario ante su desconcierto frente a la modernidad y sus tecnolog\u00edas.\u00a0A esta edad, reconoci\u00f3, <em>\u201cpuede que no encontremos el lenguaje del mundo de hoy. Yo, no s\u00e9 utilizar las redes ni todas esas cosas, no, no tengo ni celular\u201d<\/em>, insisti\u00f3.\u00a0<\/p>\n<p>Respecto a internet, el papa argentino, de 81 a\u00f1os, reconoci\u00f3 que no sabe utilizarlo.\u00a0<br \/><em>\u2018  <a href=\"https:\/\/www.cronica.com.ar\/tags\/Internet\">Internet<\/a> y todas esas cosas, no s\u00e9 utilizarlo. Cuando tengo que enviar un correo electr\u00f3nico, lo escribo a mano y un secretario me lo env\u00eda\u201d<\/em>, asegur\u00f3.\u00a0<\/p>\n<\/div>\n<\/div>\n","protected":false},"excerpt":{"rendered":"<p>El papa Francisco, bromeando entre curas, dijo el s\u00e1bado que estaba en \u201clista de espera\u201d antes de que la iglesia cat\u00f3lica lo haga santo, en un encuentro con el clero en el que dio algunos consejos para afrontar el \u201ccuarentazo\u201d, la crisis de los 40. \u00a0 Dos papas, Juan XXIII y Juan Pablo II, son [&hellip;]<\/p>\n","protected":false},"author":4,"featured_media":5513,"comment_status":"open","ping_status":"closed","sticky":false,"template":"","format":"standard","meta":{"footnotes":""},"categories":[194],"tags":[],"class_list":{"0":"post-5512","1":"post","2":"type-post","3":"status-publish","4":"format-standard","5":"has-post-thumbnail","7":"category-internacionales"},"yoast_head":"<!-- This site is optimized with the Yoast SEO plugin v27.5 - https:\/\/yoast.com\/product\/yoast-seo-wordpress\/ -->\n<title>Francisco: &quot;Estoy en la lista de espera para ser santo&quot; - El Diario de Tucuman<\/title>\n<meta name=\"robots\" content=\"index, follow, max-snippet:-1, max-image-preview:large, max-video-preview:-1\" \/>\n<link rel=\"canonical\" href=\"https:\/\/www.eldiariodetucuman.com\/web\/francisco-estoy-en-la-lista-de-espera-para-ser-santo\/\" \/>\n<meta property=\"og:locale\" content=\"es_ES\" \/>\n<meta property=\"og:type\" content=\"article\" \/>\n<meta property=\"og:title\" content=\"Francisco: &quot;Estoy en la lista de espera para ser santo&quot; - El Diario de Tucuman\" \/>\n<meta property=\"og:description\" content=\"El papa Francisco, bromeando entre curas, dijo el s\u00e1bado que estaba en \u201clista de espera\u201d antes de que la iglesia cat\u00f3lica lo haga santo, en un encuentro con el clero en el que dio algunos consejos para afrontar el \u201ccuarentazo\u201d, la crisis de los 40. \u00a0 Dos papas, Juan XXIII y Juan Pablo II, son [&hellip;]\" \/>\n<meta property=\"og:url\" content=\"https:\/\/www.eldiariodetucuman.com\/web\/francisco-estoy-en-la-lista-de-espera-para-ser-santo\/\" \/>\n<meta property=\"og:site_name\" content=\"El Diario de Tucuman\" \/>\n<meta property=\"article:published_time\" content=\"2018-02-18T15:50:40+00:00\" \/>\n<meta property=\"og:image\" content=\"https:\/\/www.eldiariodetucuman.com\/web\/wp-content\/uploads\/2018\/02\/d403ff40533fd9a0922387b612a041d3.jpeg\" \/>\n\t<meta property=\"og:image:width\" content=\"970\" \/>\n\t<meta property=\"og:image:height\" content=\"546\" \/>\n\t<meta property=\"og:image:type\" content=\"image\/jpeg\" \/>\n<meta name=\"author\" content=\"eldiario detucuman\" \/>\n<meta name=\"twitter:card\" content=\"summary_large_image\" \/>\n<meta name=\"twitter:label1\" content=\"Escrito por\" \/>\n\t<meta name=\"twitter:data1\" content=\"eldiario detucuman\" \/>\n\t<meta name=\"twitter:label2\" content=\"Tiempo de lectura\" \/>\n\t<meta name=\"twitter:data2\" content=\"2 minutos\" \/>\n<script type=\"application\/ld+json\" class=\"yoast-schema-graph\">{\"@context\":\"https:\\\/\\\/schema.org\",\"@graph\":[{\"@type\":\"Article\",\"@id\":\"https:\\\/\\\/www.eldiariodetucuman.com\\\/web\\\/francisco-estoy-en-la-lista-de-espera-para-ser-santo\\\/#article\",\"isPartOf\":{\"@id\":\"https:\\\/\\\/www.eldiariodetucuman.com\\\/web\\\/francisco-estoy-en-la-lista-de-espera-para-ser-santo\\\/\"},\"author\":{\"name\":\"eldiario detucuman\",\"@id\":\"https:\\\/\\\/www.eldiariodetucuman.com\\\/web\\\/#\\\/schema\\\/person\\\/6f95946e54fde848b878ffa4928071d5\"},\"headline\":\"Francisco: \u00abEstoy en la lista de espera para ser santo\u00bb\",\"datePublished\":\"2018-02-18T15:50:40+00:00\",\"mainEntityOfPage\":{\"@id\":\"https:\\\/\\\/www.eldiariodetucuman.com\\\/web\\\/francisco-estoy-en-la-lista-de-espera-para-ser-santo\\\/\"},\"wordCount\":444,\"commentCount\":0,\"publisher\":{\"@id\":\"https:\\\/\\\/www.eldiariodetucuman.com\\\/web\\\/#organization\"},\"image\":{\"@id\":\"https:\\\/\\\/www.eldiariodetucuman.com\\\/web\\\/francisco-estoy-en-la-lista-de-espera-para-ser-santo\\\/#primaryimage\"},\"thumbnailUrl\":\"https:\\\/\\\/www.eldiariodetucuman.com\\\/web\\\/wp-content\\\/uploads\\\/2018\\\/02\\\/d403ff40533fd9a0922387b612a041d3.jpeg\",\"articleSection\":[\"Internacionales\"],\"inLanguage\":\"es\",\"potentialAction\":[{\"@type\":\"CommentAction\",\"name\":\"Comment\",\"target\":[\"https:\\\/\\\/www.eldiariodetucuman.com\\\/web\\\/francisco-estoy-en-la-lista-de-espera-para-ser-santo\\\/#respond\"]}]},{\"@type\":\"WebPage\",\"@id\":\"https:\\\/\\\/www.eldiariodetucuman.com\\\/web\\\/francisco-estoy-en-la-lista-de-espera-para-ser-santo\\\/\",\"url\":\"https:\\\/\\\/www.eldiariodetucuman.com\\\/web\\\/francisco-estoy-en-la-lista-de-espera-para-ser-santo\\\/\",\"name\":\"Francisco: \\\"Estoy en la lista de espera para ser santo\\\" - El Diario de Tucuman\",\"isPartOf\":{\"@id\":\"https:\\\/\\\/www.eldiariodetucuman.com\\\/web\\\/#website\"},\"primaryImageOfPage\":{\"@id\":\"https:\\\/\\\/www.eldiariodetucuman.com\\\/web\\\/francisco-estoy-en-la-lista-de-espera-para-ser-santo\\\/#primaryimage\"},\"image\":{\"@id\":\"https:\\\/\\\/www.eldiariodetucuman.com\\\/web\\\/francisco-estoy-en-la-lista-de-espera-para-ser-santo\\\/#primaryimage\"},\"thumbnailUrl\":\"https:\\\/\\\/www.eldiariodetucuman.com\\\/web\\\/wp-content\\\/uploads\\\/2018\\\/02\\\/d403ff40533fd9a0922387b612a041d3.jpeg\",\"datePublished\":\"2018-02-18T15:50:40+00:00\",\"breadcrumb\":{\"@id\":\"https:\\\/\\\/www.eldiariodetucuman.com\\\/web\\\/francisco-estoy-en-la-lista-de-espera-para-ser-santo\\\/#breadcrumb\"},\"inLanguage\":\"es\",\"potentialAction\":[{\"@type\":\"ReadAction\",\"target\":[\"https:\\\/\\\/www.eldiariodetucuman.com\\\/web\\\/francisco-estoy-en-la-lista-de-espera-para-ser-santo\\\/\"]}]},{\"@type\":\"ImageObject\",\"inLanguage\":\"es\",\"@id\":\"https:\\\/\\\/www.eldiariodetucuman.com\\\/web\\\/francisco-estoy-en-la-lista-de-espera-para-ser-santo\\\/#primaryimage\",\"url\":\"https:\\\/\\\/www.eldiariodetucuman.com\\\/web\\\/wp-content\\\/uploads\\\/2018\\\/02\\\/d403ff40533fd9a0922387b612a041d3.jpeg\",\"contentUrl\":\"https:\\\/\\\/www.eldiariodetucuman.com\\\/web\\\/wp-content\\\/uploads\\\/2018\\\/02\\\/d403ff40533fd9a0922387b612a041d3.jpeg\",\"width\":970,\"height\":546},{\"@type\":\"BreadcrumbList\",\"@id\":\"https:\\\/\\\/www.eldiariodetucuman.com\\\/web\\\/francisco-estoy-en-la-lista-de-espera-para-ser-santo\\\/#breadcrumb\",\"itemListElement\":[{\"@type\":\"ListItem\",\"position\":1,\"name\":\"Portada\",\"item\":\"https:\\\/\\\/www.eldiariodetucuman.com\\\/web\\\/\"},{\"@type\":\"ListItem\",\"position\":2,\"name\":\"Francisco: \u00abEstoy en la lista de espera para ser santo\u00bb\"}]},{\"@type\":\"WebSite\",\"@id\":\"https:\\\/\\\/www.eldiariodetucuman.com\\\/web\\\/#website\",\"url\":\"https:\\\/\\\/www.eldiariodetucuman.com\\\/web\\\/\",\"name\":\"El Diario de Tucuman\",\"description\":\"Diario Tucuman - Informaci\u00f3n y noticias\",\"publisher\":{\"@id\":\"https:\\\/\\\/www.eldiariodetucuman.com\\\/web\\\/#organization\"},\"potentialAction\":[{\"@type\":\"SearchAction\",\"target\":{\"@type\":\"EntryPoint\",\"urlTemplate\":\"https:\\\/\\\/www.eldiariodetucuman.com\\\/web\\\/?s={search_term_string}\"},\"query-input\":{\"@type\":\"PropertyValueSpecification\",\"valueRequired\":true,\"valueName\":\"search_term_string\"}}],\"inLanguage\":\"es\"},{\"@type\":\"Organization\",\"@id\":\"https:\\\/\\\/www.eldiariodetucuman.com\\\/web\\\/#organization\",\"name\":\"El Diario de Tucuman\",\"url\":\"https:\\\/\\\/www.eldiariodetucuman.com\\\/web\\\/\",\"logo\":{\"@type\":\"ImageObject\",\"inLanguage\":\"es\",\"@id\":\"https:\\\/\\\/www.eldiariodetucuman.com\\\/web\\\/#\\\/schema\\\/logo\\\/image\\\/\",\"url\":\"http:\\\/\\\/www.eldiariodetucuman.com\\\/web\\\/wp-content\\\/uploads\\\/2017\\\/12\\\/el-diario-de-tucuman.jpg\",\"contentUrl\":\"http:\\\/\\\/www.eldiariodetucuman.com\\\/web\\\/wp-content\\\/uploads\\\/2017\\\/12\\\/el-diario-de-tucuman.jpg\",\"width\":272,\"height\":92,\"caption\":\"El Diario de Tucuman\"},\"image\":{\"@id\":\"https:\\\/\\\/www.eldiariodetucuman.com\\\/web\\\/#\\\/schema\\\/logo\\\/image\\\/\"}},{\"@type\":\"Person\",\"@id\":\"https:\\\/\\\/www.eldiariodetucuman.com\\\/web\\\/#\\\/schema\\\/person\\\/6f95946e54fde848b878ffa4928071d5\",\"name\":\"eldiario detucuman\",\"image\":{\"@type\":\"ImageObject\",\"inLanguage\":\"es\",\"@id\":\"https:\\\/\\\/secure.gravatar.com\\\/avatar\\\/b6e1f89c5c4044c4962c8e6c20b1ca2cc99f549c965908afd4ec5308b3f51bfe?s=96&d=mm&r=g\",\"url\":\"https:\\\/\\\/secure.gravatar.com\\\/avatar\\\/b6e1f89c5c4044c4962c8e6c20b1ca2cc99f549c965908afd4ec5308b3f51bfe?s=96&d=mm&r=g\",\"contentUrl\":\"https:\\\/\\\/secure.gravatar.com\\\/avatar\\\/b6e1f89c5c4044c4962c8e6c20b1ca2cc99f549c965908afd4ec5308b3f51bfe?s=96&d=mm&r=g\",\"caption\":\"eldiario detucuman\"},\"url\":\"https:\\\/\\\/www.eldiariodetucuman.com\\\/web\\\/author\\\/eldiariodetucuman\\\/\"}]}<\/script>\n<!-- \/ Yoast SEO plugin. -->","yoast_head_json":{"title":"Francisco: \"Estoy en la lista de espera para ser santo\" - El Diario de Tucuman","robots":{"index":"index","follow":"follow","max-snippet":"max-snippet:-1","max-image-preview":"max-image-preview:large","max-video-preview":"max-video-preview:-1"},"canonical":"https:\/\/www.eldiariodetucuman.com\/web\/francisco-estoy-en-la-lista-de-espera-para-ser-santo\/","og_locale":"es_ES","og_type":"article","og_title":"Francisco: \"Estoy en la lista de espera para ser santo\" - El Diario de Tucuman","og_description":"El papa Francisco, bromeando entre curas, dijo el s\u00e1bado que estaba en \u201clista de espera\u201d antes de que la iglesia cat\u00f3lica lo haga santo, en un encuentro con el clero en el que dio algunos consejos para afrontar el \u201ccuarentazo\u201d, la crisis de los 40. \u00a0 Dos papas, Juan XXIII y Juan Pablo II, son [&hellip;]","og_url":"https:\/\/www.eldiariodetucuman.com\/web\/francisco-estoy-en-la-lista-de-espera-para-ser-santo\/","og_site_name":"El Diario de Tucuman","article_published_time":"2018-02-18T15:50:40+00:00","og_image":[{"width":970,"height":546,"url":"https:\/\/www.eldiariodetucuman.com\/web\/wp-content\/uploads\/2018\/02\/d403ff40533fd9a0922387b612a041d3.jpeg","type":"image\/jpeg"}],"author":"eldiario detucuman","twitter_card":"summary_large_image","twitter_misc":{"Escrito por":"eldiario detucuman","Tiempo de lectura":"2 minutos"},"schema":{"@context":"https:\/\/schema.org","@graph":[{"@type":"Article","@id":"https:\/\/www.eldiariodetucuman.com\/web\/francisco-estoy-en-la-lista-de-espera-para-ser-santo\/#article","isPartOf":{"@id":"https:\/\/www.eldiariodetucuman.com\/web\/francisco-estoy-en-la-lista-de-espera-para-ser-santo\/"},"author":{"name":"eldiario detucuman","@id":"https:\/\/www.eldiariodetucuman.com\/web\/#\/schema\/person\/6f95946e54fde848b878ffa4928071d5"},"headline":"Francisco: \u00abEstoy en la lista de espera para ser santo\u00bb","datePublished":"2018-02-18T15:50:40+00:00","mainEntityOfPage":{"@id":"https:\/\/www.eldiariodetucuman.com\/web\/francisco-estoy-en-la-lista-de-espera-para-ser-santo\/"},"wordCount":444,"commentCount":0,"publisher":{"@id":"https:\/\/www.eldiariodetucuman.com\/web\/#organization"},"image":{"@id":"https:\/\/www.eldiariodetucuman.com\/web\/francisco-estoy-en-la-lista-de-espera-para-ser-santo\/#primaryimage"},"thumbnailUrl":"https:\/\/www.eldiariodetucuman.com\/web\/wp-content\/uploads\/2018\/02\/d403ff40533fd9a0922387b612a041d3.jpeg","articleSection":["Internacionales"],"inLanguage":"es","potentialAction":[{"@type":"CommentAction","name":"Comment","target":["https:\/\/www.eldiariodetucuman.com\/web\/francisco-estoy-en-la-lista-de-espera-para-ser-santo\/#respond"]}]},{"@type":"WebPage","@id":"https:\/\/www.eldiariodetucuman.com\/web\/francisco-estoy-en-la-lista-de-espera-para-ser-santo\/","url":"https:\/\/www.eldiariodetucuman.com\/web\/francisco-estoy-en-la-lista-de-espera-para-ser-santo\/","name":"Francisco: \"Estoy en la lista de espera para ser santo\" - El Diario de Tucuman","isPartOf":{"@id":"https:\/\/www.eldiariodetucuman.com\/web\/#website"},"primaryImageOfPage":{"@id":"https:\/\/www.eldiariodetucuman.com\/web\/francisco-estoy-en-la-lista-de-espera-para-ser-santo\/#primaryimage"},"image":{"@id":"https:\/\/www.eldiariodetucuman.com\/web\/francisco-estoy-en-la-lista-de-espera-para-ser-santo\/#primaryimage"},"thumbnailUrl":"https:\/\/www.eldiariodetucuman.com\/web\/wp-content\/uploads\/2018\/02\/d403ff40533fd9a0922387b612a041d3.jpeg","datePublished":"2018-02-18T15:50:40+00:00","breadcrumb":{"@id":"https:\/\/www.eldiariodetucuman.com\/web\/francisco-estoy-en-la-lista-de-espera-para-ser-santo\/#breadcrumb"},"inLanguage":"es","potentialAction":[{"@type":"ReadAction","target":["https:\/\/www.eldiariodetucuman.com\/web\/francisco-estoy-en-la-lista-de-espera-para-ser-santo\/"]}]},{"@type":"ImageObject","inLanguage":"es","@id":"https:\/\/www.eldiariodetucuman.com\/web\/francisco-estoy-en-la-lista-de-espera-para-ser-santo\/#primaryimage","url":"https:\/\/www.eldiariodetucuman.com\/web\/wp-content\/uploads\/2018\/02\/d403ff40533fd9a0922387b612a041d3.jpeg","contentUrl":"https:\/\/www.eldiariodetucuman.com\/web\/wp-content\/uploads\/2018\/02\/d403ff40533fd9a0922387b612a041d3.jpeg","width":970,"height":546},{"@type":"BreadcrumbList","@id":"https:\/\/www.eldiariodetucuman.com\/web\/francisco-estoy-en-la-lista-de-espera-para-ser-santo\/#breadcrumb","itemListElement":[{"@type":"ListItem","position":1,"name":"Portada","item":"https:\/\/www.eldiariodetucuman.com\/web\/"},{"@type":"ListItem","position":2,"name":"Francisco: \u00abEstoy en la lista de espera para ser santo\u00bb"}]},{"@type":"WebSite","@id":"https:\/\/www.eldiariodetucuman.com\/web\/#website","url":"https:\/\/www.eldiariodetucuman.com\/web\/","name":"El Diario de Tucuman","description":"Diario Tucuman - Informaci\u00f3n y noticias","publisher":{"@id":"https:\/\/www.eldiariodetucuman.com\/web\/#organization"},"potentialAction":[{"@type":"SearchAction","target":{"@type":"EntryPoint","urlTemplate":"https:\/\/www.eldiariodetucuman.com\/web\/?s={search_term_string}"},"query-input":{"@type":"PropertyValueSpecification","valueRequired":true,"valueName":"search_term_string"}}],"inLanguage":"es"},{"@type":"Organization","@id":"https:\/\/www.eldiariodetucuman.com\/web\/#organization","name":"El Diario de Tucuman","url":"https:\/\/www.eldiariodetucuman.com\/web\/","logo":{"@type":"ImageObject","inLanguage":"es","@id":"https:\/\/www.eldiariodetucuman.com\/web\/#\/schema\/logo\/image\/","url":"http:\/\/www.eldiariodetucuman.com\/web\/wp-content\/uploads\/2017\/12\/el-diario-de-tucuman.jpg","contentUrl":"http:\/\/www.eldiariodetucuman.com\/web\/wp-content\/uploads\/2017\/12\/el-diario-de-tucuman.jpg","width":272,"height":92,"caption":"El Diario de Tucuman"},"image":{"@id":"https:\/\/www.eldiariodetucuman.com\/web\/#\/schema\/logo\/image\/"}},{"@type":"Person","@id":"https:\/\/www.eldiariodetucuman.com\/web\/#\/schema\/person\/6f95946e54fde848b878ffa4928071d5","name":"eldiario detucuman","image":{"@type":"ImageObject","inLanguage":"es","@id":"https:\/\/secure.gravatar.com\/avatar\/b6e1f89c5c4044c4962c8e6c20b1ca2cc99f549c965908afd4ec5308b3f51bfe?s=96&d=mm&r=g","url":"https:\/\/secure.gravatar.com\/avatar\/b6e1f89c5c4044c4962c8e6c20b1ca2cc99f549c965908afd4ec5308b3f51bfe?s=96&d=mm&r=g","contentUrl":"https:\/\/secure.gravatar.com\/avatar\/b6e1f89c5c4044c4962c8e6c20b1ca2cc99f549c965908afd4ec5308b3f51bfe?s=96&d=mm&r=g","caption":"eldiario detucuman"},"url":"https:\/\/www.eldiariodetucuman.com\/web\/author\/eldiariodetucuman\/"}]}},"_links":{"self":[{"href":"https:\/\/www.eldiariodetucuman.com\/web\/wp-json\/wp\/v2\/posts\/5512","targetHints":{"allow":["GET"]}}],"collection":[{"href":"https:\/\/www.eldiariodetucuman.com\/web\/wp-json\/wp\/v2\/posts"}],"about":[{"href":"https:\/\/www.eldiariodetucuman.com\/web\/wp-json\/wp\/v2\/types\/post"}],"author":[{"embeddable":true,"href":"https:\/\/www.eldiariodetucuman.com\/web\/wp-json\/wp\/v2\/users\/4"}],"replies":[{"embeddable":true,"href":"https:\/\/www.eldiariodetucuman.com\/web\/wp-json\/wp\/v2\/comments?post=5512"}],"version-history":[{"count":0,"href":"https:\/\/www.eldiariodetucuman.com\/web\/wp-json\/wp\/v2\/posts\/5512\/revisions"}],"wp:featuredmedia":[{"embeddable":true,"href":"https:\/\/www.eldiariodetucuman.com\/web\/wp-json\/wp\/v2\/media\/5513"}],"wp:attachment":[{"href":"https:\/\/www.eldiariodetucuman.com\/web\/wp-json\/wp\/v2\/media?parent=5512"}],"wp:term":[{"taxonomy":"category","embeddable":true,"href":"https:\/\/www.eldiariodetucuman.com\/web\/wp-json\/wp\/v2\/categories?post=5512"},{"taxonomy":"post_tag","embeddable":true,"href":"https:\/\/www.eldiariodetucuman.com\/web\/wp-json\/wp\/v2\/tags?post=5512"}],"curies":[{"name":"wp","href":"https:\/\/api.w.org\/{rel}","templated":true}]}}