{"id":5509,"date":"2018-02-18T12:37:34","date_gmt":"2018-02-18T15:37:34","guid":{"rendered":"http:\/\/www.eldiariodetucuman.com\/web\/a-los-lectores-de-el-intransigente-les-parece-mal-el-procesamiento-de-chocobar\/"},"modified":"2018-02-18T12:37:36","modified_gmt":"2018-02-18T15:37:36","slug":"a-los-lectores-de-el-intransigente-les-parece-mal-el-procesamiento-de-chocobar","status":"publish","type":"post","link":"https:\/\/www.eldiariodetucuman.com\/web\/a-los-lectores-de-el-intransigente-les-parece-mal-el-procesamiento-de-chocobar\/","title":{"rendered":"A los lectores de El Intransigente les parece \u00abmal\u00bb el procesamiento de Chocobar"},"content":{"rendered":"<div>\n<div readability=\"32.37811550152\">\n<p>La C\u00e1mara del Crimen confirm\u00f3 el viernes el procesamiento del polic\u00eda <a href=\"https:\/\/www.elintransigente.com\/noticias\/buscar\/?buscar=Luis+Chocobar\"><strong>Luis Chocobar<\/strong><\/a> y elev\u00f3 la calificaci\u00f3n del delito a \u00ab<strong><a href=\"https:\/\/www.elintransigente.com\/noticias\/buscar\/?buscar=homicidio+agravado\">homicidio agravado<\/a><\/strong> por uso de arma de fuego en exceso en el cumplimiento de un deber\u00bb, en el marco de la muerte del joven de 18 a\u00f1os que escapaba tras apu\u00f1alar a un turista estadounidense en el barrio porte\u00f1o de La Boca.\u00a0<\/p>\n<p>En virtud de la medida tomada por el Tribunal,<strong> El Intransigente<\/strong> se encarg\u00f3 de realizar una encuesta en redes sociales con el objeto de conocer la opini\u00f3n de nuestros lectores al respecto. Los resultados revelan que a la mayor\u00eda de los internautas que votaron les <strong>\u00abparece muy mal\u00bb <\/strong>que la Justicia haya definido investigar por homicidio agravado al uniformado.\u00a0<\/p>\n<p>Los datos se desprenden de la encuesta compartida en la red social <strong>Facebook<\/strong> donde los votantes se mostraron categ\u00f3ricos: el <strong>82 por ciento<\/strong> se opone a la decisi\u00f3n tomada por los jueces de la Sala IV de la C\u00e1mara del Crimen mientras que al <strong>18 por ciento<\/strong> restante le\u00a0pareci\u00f3 \u00abbien\u00bb la decisi\u00f3n.\u00a0<\/p>\n<aside class=\"htmlinline \"><ins class=\"adsbygoogle\" data-ad-format=\"fluid\" data-ad-layout=\"in-article\" data-ad-client=\"ca-pub-7781556717282971\" data-ad-slot=\"9383133609\"><\/ins><br \/>\n<\/aside>\n<p><img loading=\"lazy\" decoding=\"async\" alt=\"\" height=\"676\" src=\"https:\/\/www.elintransigente.com\/u\/fotografias\/m\/2018\/2\/17\/f768x0-444343_444361_56.jpg\" width=\"768\"><\/p>\n<p>En la popular red social <strong>Twitter<\/strong> los datos no demuestran una variaci\u00f3n tan amplia como la obtenida en Facebook. Es que al <strong>52 por ciento <\/strong>de nuestros seguidores les pareci\u00f3 \u00abmal\u00bb que Chocobar deba ser investigado por homicidio agravado; en cambio, un <strong>48 por ciento<\/strong> apoy\u00f3 la postura tomada por la Justicia.\u00a0<\/p>\n<p><img decoding=\"async\" alt=\"\" src=\"https:\/\/www.elintransigente.com\/u\/fotografias\/m\/2018\/2\/17\/f768x0-444342_444360_33.jpg\"><\/p>\n<p>Vale recordar que bajo los hashtags #17F y #17FYoVoy, en las redes sociales convocaron ayer a manifestarse esta tarde a partir de las 19 en el Obelisco con el objeto de expresar su respaldo al cuestionado polic\u00eda. La convocatoria se lanz\u00f3 poco despu\u00e9s de trascender la confirmaci\u00f3n del procesamiento del efectivo.<br \/>\n\u00a0<\/p>\n<\/div>\n<\/div>\n<p>Fuente: https:\/\/www.elintransigente.com\/politica\/2018\/2\/17\/los-lectores-de-el-intransigente-les-parece-mal-el-procesamiento-de-chocobar-479122.html<\/p>\n","protected":false},"excerpt":{"rendered":"<p>La C\u00e1mara del Crimen confirm\u00f3 el viernes el procesamiento del polic\u00eda Luis Chocobar y elev\u00f3 la calificaci\u00f3n del delito a \u00abhomicidio agravado por uso de arma de fuego en exceso en el cumplimiento de un deber\u00bb, en el marco de la muerte del joven de 18 a\u00f1os que escapaba tras apu\u00f1alar a un turista estadounidense [&hellip;]<\/p>\n","protected":false},"author":1,"featured_media":5510,"comment_status":"open","ping_status":"closed","sticky":false,"template":"","format":"standard","meta":{"footnotes":""},"categories":[1],"tags":[],"class_list":{"0":"post-5509","1":"post","2":"type-post","3":"status-publish","4":"format-standard","5":"has-post-thumbnail","7":"category-portada"},"yoast_head":"<!-- This site is optimized with the Yoast SEO plugin v27.5 - https:\/\/yoast.com\/product\/yoast-seo-wordpress\/ -->\n<title>A los lectores de El Intransigente les parece &quot;mal&quot; el procesamiento de Chocobar - El Diario de Tucuman<\/title>\n<meta name=\"robots\" content=\"index, follow, max-snippet:-1, max-image-preview:large, max-video-preview:-1\" \/>\n<link rel=\"canonical\" href=\"https:\/\/www.eldiariodetucuman.com\/web\/a-los-lectores-de-el-intransigente-les-parece-mal-el-procesamiento-de-chocobar\/\" \/>\n<meta property=\"og:locale\" content=\"es_ES\" \/>\n<meta property=\"og:type\" content=\"article\" \/>\n<meta property=\"og:title\" content=\"A los lectores de El Intransigente les parece &quot;mal&quot; el procesamiento de Chocobar - El Diario de Tucuman\" \/>\n<meta property=\"og:description\" content=\"La C\u00e1mara del Crimen confirm\u00f3 el viernes el procesamiento del polic\u00eda Luis Chocobar y elev\u00f3 la calificaci\u00f3n del delito a \u00abhomicidio agravado por uso de arma de fuego en exceso en el cumplimiento de un deber\u00bb, en el marco de la muerte del joven de 18 a\u00f1os que escapaba tras apu\u00f1alar a un turista estadounidense [&hellip;]\" \/>\n<meta property=\"og:url\" content=\"https:\/\/www.eldiariodetucuman.com\/web\/a-los-lectores-de-el-intransigente-les-parece-mal-el-procesamiento-de-chocobar\/\" \/>\n<meta property=\"og:site_name\" content=\"El Diario de Tucuman\" \/>\n<meta property=\"article:published_time\" content=\"2018-02-18T15:37:34+00:00\" \/>\n<meta property=\"article:modified_time\" content=\"2018-02-18T15:37:36+00:00\" \/>\n<meta property=\"og:image\" content=\"https:\/\/www.eldiariodetucuman.com\/web\/wp-content\/uploads\/2018\/02\/e875d36003dc94e79f293908f05e8e2f.jpeg\" \/>\n\t<meta property=\"og:image:width\" content=\"960\" \/>\n\t<meta property=\"og:image:height\" content=\"805\" \/>\n\t<meta property=\"og:image:type\" content=\"image\/jpeg\" \/>\n<meta name=\"author\" content=\"admin\" \/>\n<meta name=\"twitter:card\" content=\"summary_large_image\" \/>\n<meta name=\"twitter:label1\" content=\"Escrito por\" \/>\n\t<meta name=\"twitter:data1\" content=\"admin\" \/>\n\t<meta name=\"twitter:label2\" content=\"Tiempo de lectura\" \/>\n\t<meta name=\"twitter:data2\" content=\"1 minuto\" \/>\n<script type=\"application\/ld+json\" class=\"yoast-schema-graph\">{\"@context\":\"https:\\\/\\\/schema.org\",\"@graph\":[{\"@type\":\"Article\",\"@id\":\"https:\\\/\\\/www.eldiariodetucuman.com\\\/web\\\/a-los-lectores-de-el-intransigente-les-parece-mal-el-procesamiento-de-chocobar\\\/#article\",\"isPartOf\":{\"@id\":\"https:\\\/\\\/www.eldiariodetucuman.com\\\/web\\\/a-los-lectores-de-el-intransigente-les-parece-mal-el-procesamiento-de-chocobar\\\/\"},\"author\":{\"name\":\"admin\",\"@id\":\"https:\\\/\\\/www.eldiariodetucuman.com\\\/web\\\/#\\\/schema\\\/person\\\/9250197d75ab5483412e19678b121caa\"},\"headline\":\"A los lectores de El Intransigente les parece \u00abmal\u00bb el procesamiento de Chocobar\",\"datePublished\":\"2018-02-18T15:37:34+00:00\",\"dateModified\":\"2018-02-18T15:37:36+00:00\",\"mainEntityOfPage\":{\"@id\":\"https:\\\/\\\/www.eldiariodetucuman.com\\\/web\\\/a-los-lectores-de-el-intransigente-les-parece-mal-el-procesamiento-de-chocobar\\\/\"},\"wordCount\":308,\"commentCount\":0,\"publisher\":{\"@id\":\"https:\\\/\\\/www.eldiariodetucuman.com\\\/web\\\/#organization\"},\"image\":{\"@id\":\"https:\\\/\\\/www.eldiariodetucuman.com\\\/web\\\/a-los-lectores-de-el-intransigente-les-parece-mal-el-procesamiento-de-chocobar\\\/#primaryimage\"},\"thumbnailUrl\":\"https:\\\/\\\/www.eldiariodetucuman.com\\\/web\\\/wp-content\\\/uploads\\\/2018\\\/02\\\/e875d36003dc94e79f293908f05e8e2f.jpeg\",\"articleSection\":[\"Portada\"],\"inLanguage\":\"es\",\"potentialAction\":[{\"@type\":\"CommentAction\",\"name\":\"Comment\",\"target\":[\"https:\\\/\\\/www.eldiariodetucuman.com\\\/web\\\/a-los-lectores-de-el-intransigente-les-parece-mal-el-procesamiento-de-chocobar\\\/#respond\"]}]},{\"@type\":\"WebPage\",\"@id\":\"https:\\\/\\\/www.eldiariodetucuman.com\\\/web\\\/a-los-lectores-de-el-intransigente-les-parece-mal-el-procesamiento-de-chocobar\\\/\",\"url\":\"https:\\\/\\\/www.eldiariodetucuman.com\\\/web\\\/a-los-lectores-de-el-intransigente-les-parece-mal-el-procesamiento-de-chocobar\\\/\",\"name\":\"A los lectores de El Intransigente les parece \\\"mal\\\" el procesamiento de Chocobar - El Diario de Tucuman\",\"isPartOf\":{\"@id\":\"https:\\\/\\\/www.eldiariodetucuman.com\\\/web\\\/#website\"},\"primaryImageOfPage\":{\"@id\":\"https:\\\/\\\/www.eldiariodetucuman.com\\\/web\\\/a-los-lectores-de-el-intransigente-les-parece-mal-el-procesamiento-de-chocobar\\\/#primaryimage\"},\"image\":{\"@id\":\"https:\\\/\\\/www.eldiariodetucuman.com\\\/web\\\/a-los-lectores-de-el-intransigente-les-parece-mal-el-procesamiento-de-chocobar\\\/#primaryimage\"},\"thumbnailUrl\":\"https:\\\/\\\/www.eldiariodetucuman.com\\\/web\\\/wp-content\\\/uploads\\\/2018\\\/02\\\/e875d36003dc94e79f293908f05e8e2f.jpeg\",\"datePublished\":\"2018-02-18T15:37:34+00:00\",\"dateModified\":\"2018-02-18T15:37:36+00:00\",\"breadcrumb\":{\"@id\":\"https:\\\/\\\/www.eldiariodetucuman.com\\\/web\\\/a-los-lectores-de-el-intransigente-les-parece-mal-el-procesamiento-de-chocobar\\\/#breadcrumb\"},\"inLanguage\":\"es\",\"potentialAction\":[{\"@type\":\"ReadAction\",\"target\":[\"https:\\\/\\\/www.eldiariodetucuman.com\\\/web\\\/a-los-lectores-de-el-intransigente-les-parece-mal-el-procesamiento-de-chocobar\\\/\"]}]},{\"@type\":\"ImageObject\",\"inLanguage\":\"es\",\"@id\":\"https:\\\/\\\/www.eldiariodetucuman.com\\\/web\\\/a-los-lectores-de-el-intransigente-les-parece-mal-el-procesamiento-de-chocobar\\\/#primaryimage\",\"url\":\"https:\\\/\\\/www.eldiariodetucuman.com\\\/web\\\/wp-content\\\/uploads\\\/2018\\\/02\\\/e875d36003dc94e79f293908f05e8e2f.jpeg\",\"contentUrl\":\"https:\\\/\\\/www.eldiariodetucuman.com\\\/web\\\/wp-content\\\/uploads\\\/2018\\\/02\\\/e875d36003dc94e79f293908f05e8e2f.jpeg\",\"width\":960,\"height\":805},{\"@type\":\"BreadcrumbList\",\"@id\":\"https:\\\/\\\/www.eldiariodetucuman.com\\\/web\\\/a-los-lectores-de-el-intransigente-les-parece-mal-el-procesamiento-de-chocobar\\\/#breadcrumb\",\"itemListElement\":[{\"@type\":\"ListItem\",\"position\":1,\"name\":\"Portada\",\"item\":\"https:\\\/\\\/www.eldiariodetucuman.com\\\/web\\\/\"},{\"@type\":\"ListItem\",\"position\":2,\"name\":\"A los lectores de El Intransigente les parece \u00abmal\u00bb el procesamiento de Chocobar\"}]},{\"@type\":\"WebSite\",\"@id\":\"https:\\\/\\\/www.eldiariodetucuman.com\\\/web\\\/#website\",\"url\":\"https:\\\/\\\/www.eldiariodetucuman.com\\\/web\\\/\",\"name\":\"El Diario de Tucuman\",\"description\":\"Diario Tucuman - Informaci\u00f3n y noticias\",\"publisher\":{\"@id\":\"https:\\\/\\\/www.eldiariodetucuman.com\\\/web\\\/#organization\"},\"potentialAction\":[{\"@type\":\"SearchAction\",\"target\":{\"@type\":\"EntryPoint\",\"urlTemplate\":\"https:\\\/\\\/www.eldiariodetucuman.com\\\/web\\\/?s={search_term_string}\"},\"query-input\":{\"@type\":\"PropertyValueSpecification\",\"valueRequired\":true,\"valueName\":\"search_term_string\"}}],\"inLanguage\":\"es\"},{\"@type\":\"Organization\",\"@id\":\"https:\\\/\\\/www.eldiariodetucuman.com\\\/web\\\/#organization\",\"name\":\"El Diario de Tucuman\",\"url\":\"https:\\\/\\\/www.eldiariodetucuman.com\\\/web\\\/\",\"logo\":{\"@type\":\"ImageObject\",\"inLanguage\":\"es\",\"@id\":\"https:\\\/\\\/www.eldiariodetucuman.com\\\/web\\\/#\\\/schema\\\/logo\\\/image\\\/\",\"url\":\"http:\\\/\\\/www.eldiariodetucuman.com\\\/web\\\/wp-content\\\/uploads\\\/2017\\\/12\\\/el-diario-de-tucuman.jpg\",\"contentUrl\":\"http:\\\/\\\/www.eldiariodetucuman.com\\\/web\\\/wp-content\\\/uploads\\\/2017\\\/12\\\/el-diario-de-tucuman.jpg\",\"width\":272,\"height\":92,\"caption\":\"El Diario de Tucuman\"},\"image\":{\"@id\":\"https:\\\/\\\/www.eldiariodetucuman.com\\\/web\\\/#\\\/schema\\\/logo\\\/image\\\/\"}},{\"@type\":\"Person\",\"@id\":\"https:\\\/\\\/www.eldiariodetucuman.com\\\/web\\\/#\\\/schema\\\/person\\\/9250197d75ab5483412e19678b121caa\",\"name\":\"admin\",\"image\":{\"@type\":\"ImageObject\",\"inLanguage\":\"es\",\"@id\":\"https:\\\/\\\/secure.gravatar.com\\\/avatar\\\/c44d117c2be811212c22cb481f6b8384b6873de103fbc49e7a03cc58d7dea4ac?s=96&d=mm&r=g\",\"url\":\"https:\\\/\\\/secure.gravatar.com\\\/avatar\\\/c44d117c2be811212c22cb481f6b8384b6873de103fbc49e7a03cc58d7dea4ac?s=96&d=mm&r=g\",\"contentUrl\":\"https:\\\/\\\/secure.gravatar.com\\\/avatar\\\/c44d117c2be811212c22cb481f6b8384b6873de103fbc49e7a03cc58d7dea4ac?s=96&d=mm&r=g\",\"caption\":\"admin\"},\"url\":\"https:\\\/\\\/www.eldiariodetucuman.com\\\/web\\\/author\\\/admin\\\/\"}]}<\/script>\n<!-- \/ Yoast SEO plugin. -->","yoast_head_json":{"title":"A los lectores de El Intransigente les parece \"mal\" el procesamiento de Chocobar - El Diario de Tucuman","robots":{"index":"index","follow":"follow","max-snippet":"max-snippet:-1","max-image-preview":"max-image-preview:large","max-video-preview":"max-video-preview:-1"},"canonical":"https:\/\/www.eldiariodetucuman.com\/web\/a-los-lectores-de-el-intransigente-les-parece-mal-el-procesamiento-de-chocobar\/","og_locale":"es_ES","og_type":"article","og_title":"A los lectores de El Intransigente les parece \"mal\" el procesamiento de Chocobar - El Diario de Tucuman","og_description":"La C\u00e1mara del Crimen confirm\u00f3 el viernes el procesamiento del polic\u00eda Luis Chocobar y elev\u00f3 la calificaci\u00f3n del delito a \u00abhomicidio agravado por uso de arma de fuego en exceso en el cumplimiento de un deber\u00bb, en el marco de la muerte del joven de 18 a\u00f1os que escapaba tras apu\u00f1alar a un turista estadounidense [&hellip;]","og_url":"https:\/\/www.eldiariodetucuman.com\/web\/a-los-lectores-de-el-intransigente-les-parece-mal-el-procesamiento-de-chocobar\/","og_site_name":"El Diario de Tucuman","article_published_time":"2018-02-18T15:37:34+00:00","article_modified_time":"2018-02-18T15:37:36+00:00","og_image":[{"width":960,"height":805,"url":"https:\/\/www.eldiariodetucuman.com\/web\/wp-content\/uploads\/2018\/02\/e875d36003dc94e79f293908f05e8e2f.jpeg","type":"image\/jpeg"}],"author":"admin","twitter_card":"summary_large_image","twitter_misc":{"Escrito por":"admin","Tiempo de lectura":"1 minuto"},"schema":{"@context":"https:\/\/schema.org","@graph":[{"@type":"Article","@id":"https:\/\/www.eldiariodetucuman.com\/web\/a-los-lectores-de-el-intransigente-les-parece-mal-el-procesamiento-de-chocobar\/#article","isPartOf":{"@id":"https:\/\/www.eldiariodetucuman.com\/web\/a-los-lectores-de-el-intransigente-les-parece-mal-el-procesamiento-de-chocobar\/"},"author":{"name":"admin","@id":"https:\/\/www.eldiariodetucuman.com\/web\/#\/schema\/person\/9250197d75ab5483412e19678b121caa"},"headline":"A los lectores de El Intransigente les parece \u00abmal\u00bb el procesamiento de Chocobar","datePublished":"2018-02-18T15:37:34+00:00","dateModified":"2018-02-18T15:37:36+00:00","mainEntityOfPage":{"@id":"https:\/\/www.eldiariodetucuman.com\/web\/a-los-lectores-de-el-intransigente-les-parece-mal-el-procesamiento-de-chocobar\/"},"wordCount":308,"commentCount":0,"publisher":{"@id":"https:\/\/www.eldiariodetucuman.com\/web\/#organization"},"image":{"@id":"https:\/\/www.eldiariodetucuman.com\/web\/a-los-lectores-de-el-intransigente-les-parece-mal-el-procesamiento-de-chocobar\/#primaryimage"},"thumbnailUrl":"https:\/\/www.eldiariodetucuman.com\/web\/wp-content\/uploads\/2018\/02\/e875d36003dc94e79f293908f05e8e2f.jpeg","articleSection":["Portada"],"inLanguage":"es","potentialAction":[{"@type":"CommentAction","name":"Comment","target":["https:\/\/www.eldiariodetucuman.com\/web\/a-los-lectores-de-el-intransigente-les-parece-mal-el-procesamiento-de-chocobar\/#respond"]}]},{"@type":"WebPage","@id":"https:\/\/www.eldiariodetucuman.com\/web\/a-los-lectores-de-el-intransigente-les-parece-mal-el-procesamiento-de-chocobar\/","url":"https:\/\/www.eldiariodetucuman.com\/web\/a-los-lectores-de-el-intransigente-les-parece-mal-el-procesamiento-de-chocobar\/","name":"A los lectores de El Intransigente les parece \"mal\" el procesamiento de Chocobar - El Diario de Tucuman","isPartOf":{"@id":"https:\/\/www.eldiariodetucuman.com\/web\/#website"},"primaryImageOfPage":{"@id":"https:\/\/www.eldiariodetucuman.com\/web\/a-los-lectores-de-el-intransigente-les-parece-mal-el-procesamiento-de-chocobar\/#primaryimage"},"image":{"@id":"https:\/\/www.eldiariodetucuman.com\/web\/a-los-lectores-de-el-intransigente-les-parece-mal-el-procesamiento-de-chocobar\/#primaryimage"},"thumbnailUrl":"https:\/\/www.eldiariodetucuman.com\/web\/wp-content\/uploads\/2018\/02\/e875d36003dc94e79f293908f05e8e2f.jpeg","datePublished":"2018-02-18T15:37:34+00:00","dateModified":"2018-02-18T15:37:36+00:00","breadcrumb":{"@id":"https:\/\/www.eldiariodetucuman.com\/web\/a-los-lectores-de-el-intransigente-les-parece-mal-el-procesamiento-de-chocobar\/#breadcrumb"},"inLanguage":"es","potentialAction":[{"@type":"ReadAction","target":["https:\/\/www.eldiariodetucuman.com\/web\/a-los-lectores-de-el-intransigente-les-parece-mal-el-procesamiento-de-chocobar\/"]}]},{"@type":"ImageObject","inLanguage":"es","@id":"https:\/\/www.eldiariodetucuman.com\/web\/a-los-lectores-de-el-intransigente-les-parece-mal-el-procesamiento-de-chocobar\/#primaryimage","url":"https:\/\/www.eldiariodetucuman.com\/web\/wp-content\/uploads\/2018\/02\/e875d36003dc94e79f293908f05e8e2f.jpeg","contentUrl":"https:\/\/www.eldiariodetucuman.com\/web\/wp-content\/uploads\/2018\/02\/e875d36003dc94e79f293908f05e8e2f.jpeg","width":960,"height":805},{"@type":"BreadcrumbList","@id":"https:\/\/www.eldiariodetucuman.com\/web\/a-los-lectores-de-el-intransigente-les-parece-mal-el-procesamiento-de-chocobar\/#breadcrumb","itemListElement":[{"@type":"ListItem","position":1,"name":"Portada","item":"https:\/\/www.eldiariodetucuman.com\/web\/"},{"@type":"ListItem","position":2,"name":"A los lectores de El Intransigente les parece \u00abmal\u00bb el procesamiento de Chocobar"}]},{"@type":"WebSite","@id":"https:\/\/www.eldiariodetucuman.com\/web\/#website","url":"https:\/\/www.eldiariodetucuman.com\/web\/","name":"El Diario de Tucuman","description":"Diario Tucuman - Informaci\u00f3n y noticias","publisher":{"@id":"https:\/\/www.eldiariodetucuman.com\/web\/#organization"},"potentialAction":[{"@type":"SearchAction","target":{"@type":"EntryPoint","urlTemplate":"https:\/\/www.eldiariodetucuman.com\/web\/?s={search_term_string}"},"query-input":{"@type":"PropertyValueSpecification","valueRequired":true,"valueName":"search_term_string"}}],"inLanguage":"es"},{"@type":"Organization","@id":"https:\/\/www.eldiariodetucuman.com\/web\/#organization","name":"El Diario de Tucuman","url":"https:\/\/www.eldiariodetucuman.com\/web\/","logo":{"@type":"ImageObject","inLanguage":"es","@id":"https:\/\/www.eldiariodetucuman.com\/web\/#\/schema\/logo\/image\/","url":"http:\/\/www.eldiariodetucuman.com\/web\/wp-content\/uploads\/2017\/12\/el-diario-de-tucuman.jpg","contentUrl":"http:\/\/www.eldiariodetucuman.com\/web\/wp-content\/uploads\/2017\/12\/el-diario-de-tucuman.jpg","width":272,"height":92,"caption":"El Diario de Tucuman"},"image":{"@id":"https:\/\/www.eldiariodetucuman.com\/web\/#\/schema\/logo\/image\/"}},{"@type":"Person","@id":"https:\/\/www.eldiariodetucuman.com\/web\/#\/schema\/person\/9250197d75ab5483412e19678b121caa","name":"admin","image":{"@type":"ImageObject","inLanguage":"es","@id":"https:\/\/secure.gravatar.com\/avatar\/c44d117c2be811212c22cb481f6b8384b6873de103fbc49e7a03cc58d7dea4ac?s=96&d=mm&r=g","url":"https:\/\/secure.gravatar.com\/avatar\/c44d117c2be811212c22cb481f6b8384b6873de103fbc49e7a03cc58d7dea4ac?s=96&d=mm&r=g","contentUrl":"https:\/\/secure.gravatar.com\/avatar\/c44d117c2be811212c22cb481f6b8384b6873de103fbc49e7a03cc58d7dea4ac?s=96&d=mm&r=g","caption":"admin"},"url":"https:\/\/www.eldiariodetucuman.com\/web\/author\/admin\/"}]}},"_links":{"self":[{"href":"https:\/\/www.eldiariodetucuman.com\/web\/wp-json\/wp\/v2\/posts\/5509","targetHints":{"allow":["GET"]}}],"collection":[{"href":"https:\/\/www.eldiariodetucuman.com\/web\/wp-json\/wp\/v2\/posts"}],"about":[{"href":"https:\/\/www.eldiariodetucuman.com\/web\/wp-json\/wp\/v2\/types\/post"}],"author":[{"embeddable":true,"href":"https:\/\/www.eldiariodetucuman.com\/web\/wp-json\/wp\/v2\/users\/1"}],"replies":[{"embeddable":true,"href":"https:\/\/www.eldiariodetucuman.com\/web\/wp-json\/wp\/v2\/comments?post=5509"}],"version-history":[{"count":1,"href":"https:\/\/www.eldiariodetucuman.com\/web\/wp-json\/wp\/v2\/posts\/5509\/revisions"}],"predecessor-version":[{"id":5511,"href":"https:\/\/www.eldiariodetucuman.com\/web\/wp-json\/wp\/v2\/posts\/5509\/revisions\/5511"}],"wp:featuredmedia":[{"embeddable":true,"href":"https:\/\/www.eldiariodetucuman.com\/web\/wp-json\/wp\/v2\/media\/5510"}],"wp:attachment":[{"href":"https:\/\/www.eldiariodetucuman.com\/web\/wp-json\/wp\/v2\/media?parent=5509"}],"wp:term":[{"taxonomy":"category","embeddable":true,"href":"https:\/\/www.eldiariodetucuman.com\/web\/wp-json\/wp\/v2\/categories?post=5509"},{"taxonomy":"post_tag","embeddable":true,"href":"https:\/\/www.eldiariodetucuman.com\/web\/wp-json\/wp\/v2\/tags?post=5509"}],"curies":[{"name":"wp","href":"https:\/\/api.w.org\/{rel}","templated":true}]}}