{"id":5506,"date":"2018-02-18T12:37:26","date_gmt":"2018-02-18T15:37:26","guid":{"rendered":"http:\/\/www.eldiariodetucuman.com\/web\/omar-plaini-hay-que-ir-a-una-cgt-unificada-que-incluya-a-la-cta\/"},"modified":"2018-02-18T12:37:29","modified_gmt":"2018-02-18T15:37:29","slug":"omar-plaini-hay-que-ir-a-una-cgt-unificada-que-incluya-a-la-cta","status":"publish","type":"post","link":"https:\/\/www.eldiariodetucuman.com\/web\/omar-plaini-hay-que-ir-a-una-cgt-unificada-que-incluya-a-la-cta\/","title":{"rendered":"Omar Plaini: \u00abHay que ir a una CGT unificada que incluya a la CTA\u00bb"},"content":{"rendered":"<div>\n<div readability=\"40.396213183731\">\n<p>En medio de la discusi\u00f3n interna sobre el futuro de la central obrera, el l\u00edder del gremio de Canillitas, <a href=\"https:\/\/www.elintransigente.com\/noticias\/buscar\/?buscar=Omar+Plaini\"><strong>Omar Plaini<\/strong><\/a>, consider\u00f3 hoy que<strong> \u00abhay que ir a una CGT unificada que incluya a la CTA\u00bb<\/strong> de los Trabajadores, cuyo secretario General es el diputado por Unidad Ciudadana<a href=\"https:\/\/www.elintransigente.com\/noticias\/buscar\/?buscar=+Hugo+Yasky\"><strong> Hugo Yasky<\/strong><\/a>.\u00a0<\/p>\n<p>\u00abHay que ir hacia un nuevo formato de la CGT donde quepamos todos\u00bb, se\u00f1al\u00f3 el dirigente y evalu\u00f3 que se debe <strong>\u00abcambiar el formato con una metodolog\u00eda y con un programa que incluya a m\u00e1s organizaciones<\/strong>, incluso a la propia CTA\u00bb, argument\u00f3 el sindicalista.\u00a0<\/p>\n<p>Lo cierto es que la propuesta de Plaini surge en momentos en que la CTA se acerca a los sindicatos alineados con el l\u00edder del sindicato de Camioneros, <strong>Hugo Moyano<\/strong>, en el marco de la pelea con el Gobierno y a d\u00edas de la movilizaci\u00f3n convocada para el 21 de febrero.\u00a0<\/p>\n<aside class=\"htmlinline \"><ins class=\"adsbygoogle\" data-ad-format=\"fluid\" data-ad-layout=\"in-article\" data-ad-client=\"ca-pub-7781556717282971\" data-ad-slot=\"9383133609\"><\/ins><br \/>\n<\/aside>\n<p>En virtud de la marcha, el secretario general del sindicato de Canillitas dijo: \u00abYo quiero sumar, no voy a descalificar a ning\u00fan compa\u00f1ero en p\u00fablico, pero s\u00e9 que<strong> muchos trabajadores de organizaciones que no marchan van a ir a la movilizaci\u00f3n<\/strong> porque tienen la necesidad de expresarse en la calle\u00bb.\u00a0<\/p>\n<p>En declaraciones a FM La Patriada, tambi\u00e9n se ocup\u00f3 de justificar la convocatoria y neg\u00f3 que se trate de un enfrentamiento personal entre Moyano y el presidente Mauricio Macri, al se\u00f1alar que \u00abva a ser multitudinaria porque hay un descontento social muy grande con las medidas del Gobierno\u00bb.<br \/>\n\u00a0\u00a0<\/p>\n<\/div>\n<\/div>\n<p>Fuente: https:\/\/www.elintransigente.com\/politica\/2018\/2\/17\/omar-plaini-hay-que-ir-una-cgt-unificada-que-incluya-la-cta-479127.html<\/p>\n","protected":false},"excerpt":{"rendered":"<p>En medio de la discusi\u00f3n interna sobre el futuro de la central obrera, el l\u00edder del gremio de Canillitas, Omar Plaini, consider\u00f3 hoy que \u00abhay que ir a una CGT unificada que incluya a la CTA\u00bb de los Trabajadores, cuyo secretario General es el diputado por Unidad Ciudadana Hugo Yasky.\u00a0 \u00abHay que ir hacia un [&hellip;]<\/p>\n","protected":false},"author":1,"featured_media":5507,"comment_status":"open","ping_status":"closed","sticky":false,"template":"","format":"standard","meta":{"footnotes":""},"categories":[1],"tags":[],"class_list":{"0":"post-5506","1":"post","2":"type-post","3":"status-publish","4":"format-standard","5":"has-post-thumbnail","7":"category-portada"},"yoast_head":"<!-- This site is optimized with the Yoast SEO plugin v27.5 - https:\/\/yoast.com\/product\/yoast-seo-wordpress\/ -->\n<title>Omar Plaini: &quot;Hay que ir a una CGT unificada que incluya a la CTA&quot; - El Diario de Tucuman<\/title>\n<meta name=\"robots\" content=\"index, follow, max-snippet:-1, max-image-preview:large, max-video-preview:-1\" \/>\n<link rel=\"canonical\" href=\"https:\/\/www.eldiariodetucuman.com\/web\/omar-plaini-hay-que-ir-a-una-cgt-unificada-que-incluya-a-la-cta\/\" \/>\n<meta property=\"og:locale\" content=\"es_ES\" \/>\n<meta property=\"og:type\" content=\"article\" \/>\n<meta property=\"og:title\" content=\"Omar Plaini: &quot;Hay que ir a una CGT unificada que incluya a la CTA&quot; - El Diario de Tucuman\" \/>\n<meta property=\"og:description\" content=\"En medio de la discusi\u00f3n interna sobre el futuro de la central obrera, el l\u00edder del gremio de Canillitas, Omar Plaini, consider\u00f3 hoy que \u00abhay que ir a una CGT unificada que incluya a la CTA\u00bb de los Trabajadores, cuyo secretario General es el diputado por Unidad Ciudadana Hugo Yasky.\u00a0 \u00abHay que ir hacia un [&hellip;]\" \/>\n<meta property=\"og:url\" content=\"https:\/\/www.eldiariodetucuman.com\/web\/omar-plaini-hay-que-ir-a-una-cgt-unificada-que-incluya-a-la-cta\/\" \/>\n<meta property=\"og:site_name\" content=\"El Diario de Tucuman\" \/>\n<meta property=\"article:published_time\" content=\"2018-02-18T15:37:26+00:00\" \/>\n<meta property=\"article:modified_time\" content=\"2018-02-18T15:37:29+00:00\" \/>\n<meta property=\"og:image\" content=\"https:\/\/www.eldiariodetucuman.com\/web\/wp-content\/uploads\/2018\/02\/f4a4375b3aa6787129946c97b50b5504.jpeg\" \/>\n\t<meta property=\"og:image:width\" content=\"960\" \/>\n\t<meta property=\"og:image:height\" content=\"540\" \/>\n\t<meta property=\"og:image:type\" content=\"image\/jpeg\" \/>\n<meta name=\"author\" content=\"admin\" \/>\n<meta name=\"twitter:card\" content=\"summary_large_image\" \/>\n<meta name=\"twitter:label1\" content=\"Escrito por\" \/>\n\t<meta name=\"twitter:data1\" content=\"admin\" \/>\n\t<meta name=\"twitter:label2\" content=\"Tiempo de lectura\" \/>\n\t<meta name=\"twitter:data2\" content=\"1 minuto\" \/>\n<script type=\"application\/ld+json\" class=\"yoast-schema-graph\">{\"@context\":\"https:\\\/\\\/schema.org\",\"@graph\":[{\"@type\":\"Article\",\"@id\":\"https:\\\/\\\/www.eldiariodetucuman.com\\\/web\\\/omar-plaini-hay-que-ir-a-una-cgt-unificada-que-incluya-a-la-cta\\\/#article\",\"isPartOf\":{\"@id\":\"https:\\\/\\\/www.eldiariodetucuman.com\\\/web\\\/omar-plaini-hay-que-ir-a-una-cgt-unificada-que-incluya-a-la-cta\\\/\"},\"author\":{\"name\":\"admin\",\"@id\":\"https:\\\/\\\/www.eldiariodetucuman.com\\\/web\\\/#\\\/schema\\\/person\\\/9250197d75ab5483412e19678b121caa\"},\"headline\":\"Omar Plaini: \u00abHay que ir a una CGT unificada que incluya a la CTA\u00bb\",\"datePublished\":\"2018-02-18T15:37:26+00:00\",\"dateModified\":\"2018-02-18T15:37:29+00:00\",\"mainEntityOfPage\":{\"@id\":\"https:\\\/\\\/www.eldiariodetucuman.com\\\/web\\\/omar-plaini-hay-que-ir-a-una-cgt-unificada-que-incluya-a-la-cta\\\/\"},\"wordCount\":278,\"commentCount\":0,\"publisher\":{\"@id\":\"https:\\\/\\\/www.eldiariodetucuman.com\\\/web\\\/#organization\"},\"image\":{\"@id\":\"https:\\\/\\\/www.eldiariodetucuman.com\\\/web\\\/omar-plaini-hay-que-ir-a-una-cgt-unificada-que-incluya-a-la-cta\\\/#primaryimage\"},\"thumbnailUrl\":\"https:\\\/\\\/www.eldiariodetucuman.com\\\/web\\\/wp-content\\\/uploads\\\/2018\\\/02\\\/f4a4375b3aa6787129946c97b50b5504.jpeg\",\"articleSection\":[\"Portada\"],\"inLanguage\":\"es\",\"potentialAction\":[{\"@type\":\"CommentAction\",\"name\":\"Comment\",\"target\":[\"https:\\\/\\\/www.eldiariodetucuman.com\\\/web\\\/omar-plaini-hay-que-ir-a-una-cgt-unificada-que-incluya-a-la-cta\\\/#respond\"]}]},{\"@type\":\"WebPage\",\"@id\":\"https:\\\/\\\/www.eldiariodetucuman.com\\\/web\\\/omar-plaini-hay-que-ir-a-una-cgt-unificada-que-incluya-a-la-cta\\\/\",\"url\":\"https:\\\/\\\/www.eldiariodetucuman.com\\\/web\\\/omar-plaini-hay-que-ir-a-una-cgt-unificada-que-incluya-a-la-cta\\\/\",\"name\":\"Omar Plaini: \\\"Hay que ir a una CGT unificada que incluya a la CTA\\\" - El Diario de Tucuman\",\"isPartOf\":{\"@id\":\"https:\\\/\\\/www.eldiariodetucuman.com\\\/web\\\/#website\"},\"primaryImageOfPage\":{\"@id\":\"https:\\\/\\\/www.eldiariodetucuman.com\\\/web\\\/omar-plaini-hay-que-ir-a-una-cgt-unificada-que-incluya-a-la-cta\\\/#primaryimage\"},\"image\":{\"@id\":\"https:\\\/\\\/www.eldiariodetucuman.com\\\/web\\\/omar-plaini-hay-que-ir-a-una-cgt-unificada-que-incluya-a-la-cta\\\/#primaryimage\"},\"thumbnailUrl\":\"https:\\\/\\\/www.eldiariodetucuman.com\\\/web\\\/wp-content\\\/uploads\\\/2018\\\/02\\\/f4a4375b3aa6787129946c97b50b5504.jpeg\",\"datePublished\":\"2018-02-18T15:37:26+00:00\",\"dateModified\":\"2018-02-18T15:37:29+00:00\",\"breadcrumb\":{\"@id\":\"https:\\\/\\\/www.eldiariodetucuman.com\\\/web\\\/omar-plaini-hay-que-ir-a-una-cgt-unificada-que-incluya-a-la-cta\\\/#breadcrumb\"},\"inLanguage\":\"es\",\"potentialAction\":[{\"@type\":\"ReadAction\",\"target\":[\"https:\\\/\\\/www.eldiariodetucuman.com\\\/web\\\/omar-plaini-hay-que-ir-a-una-cgt-unificada-que-incluya-a-la-cta\\\/\"]}]},{\"@type\":\"ImageObject\",\"inLanguage\":\"es\",\"@id\":\"https:\\\/\\\/www.eldiariodetucuman.com\\\/web\\\/omar-plaini-hay-que-ir-a-una-cgt-unificada-que-incluya-a-la-cta\\\/#primaryimage\",\"url\":\"https:\\\/\\\/www.eldiariodetucuman.com\\\/web\\\/wp-content\\\/uploads\\\/2018\\\/02\\\/f4a4375b3aa6787129946c97b50b5504.jpeg\",\"contentUrl\":\"https:\\\/\\\/www.eldiariodetucuman.com\\\/web\\\/wp-content\\\/uploads\\\/2018\\\/02\\\/f4a4375b3aa6787129946c97b50b5504.jpeg\",\"width\":960,\"height\":540},{\"@type\":\"BreadcrumbList\",\"@id\":\"https:\\\/\\\/www.eldiariodetucuman.com\\\/web\\\/omar-plaini-hay-que-ir-a-una-cgt-unificada-que-incluya-a-la-cta\\\/#breadcrumb\",\"itemListElement\":[{\"@type\":\"ListItem\",\"position\":1,\"name\":\"Portada\",\"item\":\"https:\\\/\\\/www.eldiariodetucuman.com\\\/web\\\/\"},{\"@type\":\"ListItem\",\"position\":2,\"name\":\"Omar Plaini: \u00abHay que ir a una CGT unificada que incluya a la CTA\u00bb\"}]},{\"@type\":\"WebSite\",\"@id\":\"https:\\\/\\\/www.eldiariodetucuman.com\\\/web\\\/#website\",\"url\":\"https:\\\/\\\/www.eldiariodetucuman.com\\\/web\\\/\",\"name\":\"El Diario de Tucuman\",\"description\":\"Diario Tucuman - Informaci\u00f3n y noticias\",\"publisher\":{\"@id\":\"https:\\\/\\\/www.eldiariodetucuman.com\\\/web\\\/#organization\"},\"potentialAction\":[{\"@type\":\"SearchAction\",\"target\":{\"@type\":\"EntryPoint\",\"urlTemplate\":\"https:\\\/\\\/www.eldiariodetucuman.com\\\/web\\\/?s={search_term_string}\"},\"query-input\":{\"@type\":\"PropertyValueSpecification\",\"valueRequired\":true,\"valueName\":\"search_term_string\"}}],\"inLanguage\":\"es\"},{\"@type\":\"Organization\",\"@id\":\"https:\\\/\\\/www.eldiariodetucuman.com\\\/web\\\/#organization\",\"name\":\"El Diario de Tucuman\",\"url\":\"https:\\\/\\\/www.eldiariodetucuman.com\\\/web\\\/\",\"logo\":{\"@type\":\"ImageObject\",\"inLanguage\":\"es\",\"@id\":\"https:\\\/\\\/www.eldiariodetucuman.com\\\/web\\\/#\\\/schema\\\/logo\\\/image\\\/\",\"url\":\"http:\\\/\\\/www.eldiariodetucuman.com\\\/web\\\/wp-content\\\/uploads\\\/2017\\\/12\\\/el-diario-de-tucuman.jpg\",\"contentUrl\":\"http:\\\/\\\/www.eldiariodetucuman.com\\\/web\\\/wp-content\\\/uploads\\\/2017\\\/12\\\/el-diario-de-tucuman.jpg\",\"width\":272,\"height\":92,\"caption\":\"El Diario de Tucuman\"},\"image\":{\"@id\":\"https:\\\/\\\/www.eldiariodetucuman.com\\\/web\\\/#\\\/schema\\\/logo\\\/image\\\/\"}},{\"@type\":\"Person\",\"@id\":\"https:\\\/\\\/www.eldiariodetucuman.com\\\/web\\\/#\\\/schema\\\/person\\\/9250197d75ab5483412e19678b121caa\",\"name\":\"admin\",\"image\":{\"@type\":\"ImageObject\",\"inLanguage\":\"es\",\"@id\":\"https:\\\/\\\/secure.gravatar.com\\\/avatar\\\/c44d117c2be811212c22cb481f6b8384b6873de103fbc49e7a03cc58d7dea4ac?s=96&d=mm&r=g\",\"url\":\"https:\\\/\\\/secure.gravatar.com\\\/avatar\\\/c44d117c2be811212c22cb481f6b8384b6873de103fbc49e7a03cc58d7dea4ac?s=96&d=mm&r=g\",\"contentUrl\":\"https:\\\/\\\/secure.gravatar.com\\\/avatar\\\/c44d117c2be811212c22cb481f6b8384b6873de103fbc49e7a03cc58d7dea4ac?s=96&d=mm&r=g\",\"caption\":\"admin\"},\"url\":\"https:\\\/\\\/www.eldiariodetucuman.com\\\/web\\\/author\\\/admin\\\/\"}]}<\/script>\n<!-- \/ Yoast SEO plugin. -->","yoast_head_json":{"title":"Omar Plaini: \"Hay que ir a una CGT unificada que incluya a la CTA\" - El Diario de Tucuman","robots":{"index":"index","follow":"follow","max-snippet":"max-snippet:-1","max-image-preview":"max-image-preview:large","max-video-preview":"max-video-preview:-1"},"canonical":"https:\/\/www.eldiariodetucuman.com\/web\/omar-plaini-hay-que-ir-a-una-cgt-unificada-que-incluya-a-la-cta\/","og_locale":"es_ES","og_type":"article","og_title":"Omar Plaini: \"Hay que ir a una CGT unificada que incluya a la CTA\" - El Diario de Tucuman","og_description":"En medio de la discusi\u00f3n interna sobre el futuro de la central obrera, el l\u00edder del gremio de Canillitas, Omar Plaini, consider\u00f3 hoy que \u00abhay que ir a una CGT unificada que incluya a la CTA\u00bb de los Trabajadores, cuyo secretario General es el diputado por Unidad Ciudadana Hugo Yasky.\u00a0 \u00abHay que ir hacia un [&hellip;]","og_url":"https:\/\/www.eldiariodetucuman.com\/web\/omar-plaini-hay-que-ir-a-una-cgt-unificada-que-incluya-a-la-cta\/","og_site_name":"El Diario de Tucuman","article_published_time":"2018-02-18T15:37:26+00:00","article_modified_time":"2018-02-18T15:37:29+00:00","og_image":[{"width":960,"height":540,"url":"https:\/\/www.eldiariodetucuman.com\/web\/wp-content\/uploads\/2018\/02\/f4a4375b3aa6787129946c97b50b5504.jpeg","type":"image\/jpeg"}],"author":"admin","twitter_card":"summary_large_image","twitter_misc":{"Escrito por":"admin","Tiempo de lectura":"1 minuto"},"schema":{"@context":"https:\/\/schema.org","@graph":[{"@type":"Article","@id":"https:\/\/www.eldiariodetucuman.com\/web\/omar-plaini-hay-que-ir-a-una-cgt-unificada-que-incluya-a-la-cta\/#article","isPartOf":{"@id":"https:\/\/www.eldiariodetucuman.com\/web\/omar-plaini-hay-que-ir-a-una-cgt-unificada-que-incluya-a-la-cta\/"},"author":{"name":"admin","@id":"https:\/\/www.eldiariodetucuman.com\/web\/#\/schema\/person\/9250197d75ab5483412e19678b121caa"},"headline":"Omar Plaini: \u00abHay que ir a una CGT unificada que incluya a la CTA\u00bb","datePublished":"2018-02-18T15:37:26+00:00","dateModified":"2018-02-18T15:37:29+00:00","mainEntityOfPage":{"@id":"https:\/\/www.eldiariodetucuman.com\/web\/omar-plaini-hay-que-ir-a-una-cgt-unificada-que-incluya-a-la-cta\/"},"wordCount":278,"commentCount":0,"publisher":{"@id":"https:\/\/www.eldiariodetucuman.com\/web\/#organization"},"image":{"@id":"https:\/\/www.eldiariodetucuman.com\/web\/omar-plaini-hay-que-ir-a-una-cgt-unificada-que-incluya-a-la-cta\/#primaryimage"},"thumbnailUrl":"https:\/\/www.eldiariodetucuman.com\/web\/wp-content\/uploads\/2018\/02\/f4a4375b3aa6787129946c97b50b5504.jpeg","articleSection":["Portada"],"inLanguage":"es","potentialAction":[{"@type":"CommentAction","name":"Comment","target":["https:\/\/www.eldiariodetucuman.com\/web\/omar-plaini-hay-que-ir-a-una-cgt-unificada-que-incluya-a-la-cta\/#respond"]}]},{"@type":"WebPage","@id":"https:\/\/www.eldiariodetucuman.com\/web\/omar-plaini-hay-que-ir-a-una-cgt-unificada-que-incluya-a-la-cta\/","url":"https:\/\/www.eldiariodetucuman.com\/web\/omar-plaini-hay-que-ir-a-una-cgt-unificada-que-incluya-a-la-cta\/","name":"Omar Plaini: \"Hay que ir a una CGT unificada que incluya a la CTA\" - El Diario de Tucuman","isPartOf":{"@id":"https:\/\/www.eldiariodetucuman.com\/web\/#website"},"primaryImageOfPage":{"@id":"https:\/\/www.eldiariodetucuman.com\/web\/omar-plaini-hay-que-ir-a-una-cgt-unificada-que-incluya-a-la-cta\/#primaryimage"},"image":{"@id":"https:\/\/www.eldiariodetucuman.com\/web\/omar-plaini-hay-que-ir-a-una-cgt-unificada-que-incluya-a-la-cta\/#primaryimage"},"thumbnailUrl":"https:\/\/www.eldiariodetucuman.com\/web\/wp-content\/uploads\/2018\/02\/f4a4375b3aa6787129946c97b50b5504.jpeg","datePublished":"2018-02-18T15:37:26+00:00","dateModified":"2018-02-18T15:37:29+00:00","breadcrumb":{"@id":"https:\/\/www.eldiariodetucuman.com\/web\/omar-plaini-hay-que-ir-a-una-cgt-unificada-que-incluya-a-la-cta\/#breadcrumb"},"inLanguage":"es","potentialAction":[{"@type":"ReadAction","target":["https:\/\/www.eldiariodetucuman.com\/web\/omar-plaini-hay-que-ir-a-una-cgt-unificada-que-incluya-a-la-cta\/"]}]},{"@type":"ImageObject","inLanguage":"es","@id":"https:\/\/www.eldiariodetucuman.com\/web\/omar-plaini-hay-que-ir-a-una-cgt-unificada-que-incluya-a-la-cta\/#primaryimage","url":"https:\/\/www.eldiariodetucuman.com\/web\/wp-content\/uploads\/2018\/02\/f4a4375b3aa6787129946c97b50b5504.jpeg","contentUrl":"https:\/\/www.eldiariodetucuman.com\/web\/wp-content\/uploads\/2018\/02\/f4a4375b3aa6787129946c97b50b5504.jpeg","width":960,"height":540},{"@type":"BreadcrumbList","@id":"https:\/\/www.eldiariodetucuman.com\/web\/omar-plaini-hay-que-ir-a-una-cgt-unificada-que-incluya-a-la-cta\/#breadcrumb","itemListElement":[{"@type":"ListItem","position":1,"name":"Portada","item":"https:\/\/www.eldiariodetucuman.com\/web\/"},{"@type":"ListItem","position":2,"name":"Omar Plaini: \u00abHay que ir a una CGT unificada que incluya a la CTA\u00bb"}]},{"@type":"WebSite","@id":"https:\/\/www.eldiariodetucuman.com\/web\/#website","url":"https:\/\/www.eldiariodetucuman.com\/web\/","name":"El Diario de Tucuman","description":"Diario Tucuman - Informaci\u00f3n y noticias","publisher":{"@id":"https:\/\/www.eldiariodetucuman.com\/web\/#organization"},"potentialAction":[{"@type":"SearchAction","target":{"@type":"EntryPoint","urlTemplate":"https:\/\/www.eldiariodetucuman.com\/web\/?s={search_term_string}"},"query-input":{"@type":"PropertyValueSpecification","valueRequired":true,"valueName":"search_term_string"}}],"inLanguage":"es"},{"@type":"Organization","@id":"https:\/\/www.eldiariodetucuman.com\/web\/#organization","name":"El Diario de Tucuman","url":"https:\/\/www.eldiariodetucuman.com\/web\/","logo":{"@type":"ImageObject","inLanguage":"es","@id":"https:\/\/www.eldiariodetucuman.com\/web\/#\/schema\/logo\/image\/","url":"http:\/\/www.eldiariodetucuman.com\/web\/wp-content\/uploads\/2017\/12\/el-diario-de-tucuman.jpg","contentUrl":"http:\/\/www.eldiariodetucuman.com\/web\/wp-content\/uploads\/2017\/12\/el-diario-de-tucuman.jpg","width":272,"height":92,"caption":"El Diario de Tucuman"},"image":{"@id":"https:\/\/www.eldiariodetucuman.com\/web\/#\/schema\/logo\/image\/"}},{"@type":"Person","@id":"https:\/\/www.eldiariodetucuman.com\/web\/#\/schema\/person\/9250197d75ab5483412e19678b121caa","name":"admin","image":{"@type":"ImageObject","inLanguage":"es","@id":"https:\/\/secure.gravatar.com\/avatar\/c44d117c2be811212c22cb481f6b8384b6873de103fbc49e7a03cc58d7dea4ac?s=96&d=mm&r=g","url":"https:\/\/secure.gravatar.com\/avatar\/c44d117c2be811212c22cb481f6b8384b6873de103fbc49e7a03cc58d7dea4ac?s=96&d=mm&r=g","contentUrl":"https:\/\/secure.gravatar.com\/avatar\/c44d117c2be811212c22cb481f6b8384b6873de103fbc49e7a03cc58d7dea4ac?s=96&d=mm&r=g","caption":"admin"},"url":"https:\/\/www.eldiariodetucuman.com\/web\/author\/admin\/"}]}},"_links":{"self":[{"href":"https:\/\/www.eldiariodetucuman.com\/web\/wp-json\/wp\/v2\/posts\/5506","targetHints":{"allow":["GET"]}}],"collection":[{"href":"https:\/\/www.eldiariodetucuman.com\/web\/wp-json\/wp\/v2\/posts"}],"about":[{"href":"https:\/\/www.eldiariodetucuman.com\/web\/wp-json\/wp\/v2\/types\/post"}],"author":[{"embeddable":true,"href":"https:\/\/www.eldiariodetucuman.com\/web\/wp-json\/wp\/v2\/users\/1"}],"replies":[{"embeddable":true,"href":"https:\/\/www.eldiariodetucuman.com\/web\/wp-json\/wp\/v2\/comments?post=5506"}],"version-history":[{"count":1,"href":"https:\/\/www.eldiariodetucuman.com\/web\/wp-json\/wp\/v2\/posts\/5506\/revisions"}],"predecessor-version":[{"id":5508,"href":"https:\/\/www.eldiariodetucuman.com\/web\/wp-json\/wp\/v2\/posts\/5506\/revisions\/5508"}],"wp:featuredmedia":[{"embeddable":true,"href":"https:\/\/www.eldiariodetucuman.com\/web\/wp-json\/wp\/v2\/media\/5507"}],"wp:attachment":[{"href":"https:\/\/www.eldiariodetucuman.com\/web\/wp-json\/wp\/v2\/media?parent=5506"}],"wp:term":[{"taxonomy":"category","embeddable":true,"href":"https:\/\/www.eldiariodetucuman.com\/web\/wp-json\/wp\/v2\/categories?post=5506"},{"taxonomy":"post_tag","embeddable":true,"href":"https:\/\/www.eldiariodetucuman.com\/web\/wp-json\/wp\/v2\/tags?post=5506"}],"curies":[{"name":"wp","href":"https:\/\/api.w.org\/{rel}","templated":true}]}}