{"id":5442,"date":"2018-02-16T12:50:21","date_gmt":"2018-02-16T15:50:21","guid":{"rendered":"http:\/\/www.eldiariodetucuman.com\/web\/tras-el-tiroteo-en-florida-trump-prometio-escuelas-seguras\/"},"modified":"2018-02-16T12:50:21","modified_gmt":"2018-02-16T15:50:21","slug":"tras-el-tiroteo-en-florida-trump-prometio-escuelas-seguras","status":"publish","type":"post","link":"https:\/\/www.eldiariodetucuman.com\/web\/tras-el-tiroteo-en-florida-trump-prometio-escuelas-seguras\/","title":{"rendered":"Tras el tiroteo en Florida, Trump prometi\u00f3 \u201cescuelas seguras\u201d"},"content":{"rendered":"<div>\n<div itemprop=\"articleBody\" readability=\"84.664031620553\">\n<p><em>\u00abAyer, una escuela repleta de ni\u00f1os inocentes y atentos maestros vivi\u00f3 una escena de violencia, odio y maldad terribles. (&#8230;) Ning\u00fan ni\u00f1o ni maestro deber\u00eda correr peligro en una escuela estadounidense, y ning\u00fan padre debe sentir miedo al despedirse de un ni\u00f1o en la ma\u00f1ana\u201d<\/em>, asegur\u00f3<strong> Donald\u00a0Trump<\/strong> en su discurso.<\/p>\n<p>El mandatario orden\u00f3 izar las banderas a media asta en todos los edificios p\u00fablicos en se\u00f1al de luto por los 17 muertos y 15 heridos que provoc\u00f3 ayer el ataque de un ex alumno de 19 a\u00f1os, y se dirigi\u00f3 a la sociedad estadounidense con un mensaje televisado.\u00a0<\/p>\n<p>En \u00e9l, prometi\u00f3 visitar la escuela secundaria Marjory Stoneman Douglas de Parkland, en el sur de   <a href=\"https:\/\/www.cronica.com.ar\/tags\/Florida\">Florida<\/a>, a unos 80 kil\u00f3metros de Miami, y reunirse con las familias de las v\u00edctimas, los sobrevivientes y funcionarios locales, seg\u00fan la agencia de noticias ANSA.<\/p>\n<p><em>\u00abEstamos comprometidos a trabajar juntos para asegurar las escuelas y afrontar el dif\u00edcil problema de la salud mental. (&#8230;) Si necesitan ayuda, acudan a un profesor, a un polic\u00eda, a un pastor. Respondan al odio con amor. Respondan a la crueldad con bondad\u201d<\/em>, pidi\u00f3 Trump, quien ya ayer hab\u00eda calificado al joven atacante, <strong>Nikolas Cruz<\/strong>, como una persona <em>\u201cmentalmente desequilibrada\u201d<\/em>.\u00a0<\/p>\n<p>Pese a ello, el Pent\u00e1gono reconoci\u00f3 este jueves\u00a0que el joven recibi\u00f3 recientemente entrenamiento militar, un dato que explica el alto n\u00famero de v\u00edctimas.<\/p>\n<p>Desde que asumi\u00f3, Trump se declar\u00f3 en contra de imponer nuevos controles a la venta y tenencia de armas e, incluso, elimin\u00f3 los pocos cambios que hab\u00eda logrado introducir su antecesor, Barack Obama, a trav\u00e9s de decretos.\u00a0<\/p>\n<p>Uno de los controles que anul\u00f3, ni bien asumi\u00f3 la Presidencia, fue el que prohib\u00eda que un enfermo mental pueda comprar un arma.<br \/>\u00a0<\/p>\n<\/div>\n<\/div>\n","protected":false},"excerpt":{"rendered":"<p>\u00abAyer, una escuela repleta de ni\u00f1os inocentes y atentos maestros vivi\u00f3 una escena de violencia, odio y maldad terribles. (&#8230;) Ning\u00fan ni\u00f1o ni maestro deber\u00eda correr peligro en una escuela estadounidense, y ning\u00fan padre debe sentir miedo al despedirse de un ni\u00f1o en la ma\u00f1ana\u201d, asegur\u00f3 Donald\u00a0Trump en su discurso. El mandatario orden\u00f3 izar las [&hellip;]<\/p>\n","protected":false},"author":4,"featured_media":5443,"comment_status":"open","ping_status":"closed","sticky":false,"template":"","format":"standard","meta":{"footnotes":""},"categories":[194],"tags":[],"class_list":{"0":"post-5442","1":"post","2":"type-post","3":"status-publish","4":"format-standard","5":"has-post-thumbnail","7":"category-internacionales"},"yoast_head":"<!-- This site is optimized with the Yoast SEO plugin v27.5 - https:\/\/yoast.com\/product\/yoast-seo-wordpress\/ -->\n<title>Tras el tiroteo en Florida, Trump prometi\u00f3 \u201cescuelas seguras\u201d - El Diario de Tucuman<\/title>\n<meta name=\"robots\" content=\"index, follow, max-snippet:-1, max-image-preview:large, max-video-preview:-1\" \/>\n<link rel=\"canonical\" href=\"https:\/\/www.eldiariodetucuman.com\/web\/tras-el-tiroteo-en-florida-trump-prometio-escuelas-seguras\/\" \/>\n<meta property=\"og:locale\" content=\"es_ES\" \/>\n<meta property=\"og:type\" content=\"article\" \/>\n<meta property=\"og:title\" content=\"Tras el tiroteo en Florida, Trump prometi\u00f3 \u201cescuelas seguras\u201d - El Diario de Tucuman\" \/>\n<meta property=\"og:description\" content=\"\u00abAyer, una escuela repleta de ni\u00f1os inocentes y atentos maestros vivi\u00f3 una escena de violencia, odio y maldad terribles. (&#8230;) Ning\u00fan ni\u00f1o ni maestro deber\u00eda correr peligro en una escuela estadounidense, y ning\u00fan padre debe sentir miedo al despedirse de un ni\u00f1o en la ma\u00f1ana\u201d, asegur\u00f3 Donald\u00a0Trump en su discurso. El mandatario orden\u00f3 izar las [&hellip;]\" \/>\n<meta property=\"og:url\" content=\"https:\/\/www.eldiariodetucuman.com\/web\/tras-el-tiroteo-en-florida-trump-prometio-escuelas-seguras\/\" \/>\n<meta property=\"og:site_name\" content=\"El Diario de Tucuman\" \/>\n<meta property=\"article:published_time\" content=\"2018-02-16T15:50:21+00:00\" \/>\n<meta property=\"og:image\" content=\"https:\/\/www.eldiariodetucuman.com\/web\/wp-content\/uploads\/2018\/02\/c33c640454fd6eccb34ab5bbb72e6616.jpeg\" \/>\n\t<meta property=\"og:image:width\" content=\"970\" \/>\n\t<meta property=\"og:image:height\" content=\"546\" \/>\n\t<meta property=\"og:image:type\" content=\"image\/jpeg\" \/>\n<meta name=\"author\" content=\"eldiario detucuman\" \/>\n<meta name=\"twitter:card\" content=\"summary_large_image\" \/>\n<meta name=\"twitter:label1\" content=\"Escrito por\" \/>\n\t<meta name=\"twitter:data1\" content=\"eldiario detucuman\" \/>\n\t<meta name=\"twitter:label2\" content=\"Tiempo de lectura\" \/>\n\t<meta name=\"twitter:data2\" content=\"2 minutos\" \/>\n<script type=\"application\/ld+json\" class=\"yoast-schema-graph\">{\"@context\":\"https:\\\/\\\/schema.org\",\"@graph\":[{\"@type\":\"Article\",\"@id\":\"https:\\\/\\\/www.eldiariodetucuman.com\\\/web\\\/tras-el-tiroteo-en-florida-trump-prometio-escuelas-seguras\\\/#article\",\"isPartOf\":{\"@id\":\"https:\\\/\\\/www.eldiariodetucuman.com\\\/web\\\/tras-el-tiroteo-en-florida-trump-prometio-escuelas-seguras\\\/\"},\"author\":{\"name\":\"eldiario detucuman\",\"@id\":\"https:\\\/\\\/www.eldiariodetucuman.com\\\/web\\\/#\\\/schema\\\/person\\\/6f95946e54fde848b878ffa4928071d5\"},\"headline\":\"Tras el tiroteo en Florida, Trump prometi\u00f3 \u201cescuelas seguras\u201d\",\"datePublished\":\"2018-02-16T15:50:21+00:00\",\"mainEntityOfPage\":{\"@id\":\"https:\\\/\\\/www.eldiariodetucuman.com\\\/web\\\/tras-el-tiroteo-en-florida-trump-prometio-escuelas-seguras\\\/\"},\"wordCount\":310,\"commentCount\":0,\"publisher\":{\"@id\":\"https:\\\/\\\/www.eldiariodetucuman.com\\\/web\\\/#organization\"},\"image\":{\"@id\":\"https:\\\/\\\/www.eldiariodetucuman.com\\\/web\\\/tras-el-tiroteo-en-florida-trump-prometio-escuelas-seguras\\\/#primaryimage\"},\"thumbnailUrl\":\"https:\\\/\\\/www.eldiariodetucuman.com\\\/web\\\/wp-content\\\/uploads\\\/2018\\\/02\\\/c33c640454fd6eccb34ab5bbb72e6616.jpeg\",\"articleSection\":[\"Internacionales\"],\"inLanguage\":\"es\",\"potentialAction\":[{\"@type\":\"CommentAction\",\"name\":\"Comment\",\"target\":[\"https:\\\/\\\/www.eldiariodetucuman.com\\\/web\\\/tras-el-tiroteo-en-florida-trump-prometio-escuelas-seguras\\\/#respond\"]}]},{\"@type\":\"WebPage\",\"@id\":\"https:\\\/\\\/www.eldiariodetucuman.com\\\/web\\\/tras-el-tiroteo-en-florida-trump-prometio-escuelas-seguras\\\/\",\"url\":\"https:\\\/\\\/www.eldiariodetucuman.com\\\/web\\\/tras-el-tiroteo-en-florida-trump-prometio-escuelas-seguras\\\/\",\"name\":\"Tras el tiroteo en Florida, Trump prometi\u00f3 \u201cescuelas seguras\u201d - El Diario de Tucuman\",\"isPartOf\":{\"@id\":\"https:\\\/\\\/www.eldiariodetucuman.com\\\/web\\\/#website\"},\"primaryImageOfPage\":{\"@id\":\"https:\\\/\\\/www.eldiariodetucuman.com\\\/web\\\/tras-el-tiroteo-en-florida-trump-prometio-escuelas-seguras\\\/#primaryimage\"},\"image\":{\"@id\":\"https:\\\/\\\/www.eldiariodetucuman.com\\\/web\\\/tras-el-tiroteo-en-florida-trump-prometio-escuelas-seguras\\\/#primaryimage\"},\"thumbnailUrl\":\"https:\\\/\\\/www.eldiariodetucuman.com\\\/web\\\/wp-content\\\/uploads\\\/2018\\\/02\\\/c33c640454fd6eccb34ab5bbb72e6616.jpeg\",\"datePublished\":\"2018-02-16T15:50:21+00:00\",\"breadcrumb\":{\"@id\":\"https:\\\/\\\/www.eldiariodetucuman.com\\\/web\\\/tras-el-tiroteo-en-florida-trump-prometio-escuelas-seguras\\\/#breadcrumb\"},\"inLanguage\":\"es\",\"potentialAction\":[{\"@type\":\"ReadAction\",\"target\":[\"https:\\\/\\\/www.eldiariodetucuman.com\\\/web\\\/tras-el-tiroteo-en-florida-trump-prometio-escuelas-seguras\\\/\"]}]},{\"@type\":\"ImageObject\",\"inLanguage\":\"es\",\"@id\":\"https:\\\/\\\/www.eldiariodetucuman.com\\\/web\\\/tras-el-tiroteo-en-florida-trump-prometio-escuelas-seguras\\\/#primaryimage\",\"url\":\"https:\\\/\\\/www.eldiariodetucuman.com\\\/web\\\/wp-content\\\/uploads\\\/2018\\\/02\\\/c33c640454fd6eccb34ab5bbb72e6616.jpeg\",\"contentUrl\":\"https:\\\/\\\/www.eldiariodetucuman.com\\\/web\\\/wp-content\\\/uploads\\\/2018\\\/02\\\/c33c640454fd6eccb34ab5bbb72e6616.jpeg\",\"width\":970,\"height\":546},{\"@type\":\"BreadcrumbList\",\"@id\":\"https:\\\/\\\/www.eldiariodetucuman.com\\\/web\\\/tras-el-tiroteo-en-florida-trump-prometio-escuelas-seguras\\\/#breadcrumb\",\"itemListElement\":[{\"@type\":\"ListItem\",\"position\":1,\"name\":\"Portada\",\"item\":\"https:\\\/\\\/www.eldiariodetucuman.com\\\/web\\\/\"},{\"@type\":\"ListItem\",\"position\":2,\"name\":\"Tras el tiroteo en Florida, Trump prometi\u00f3 \u201cescuelas seguras\u201d\"}]},{\"@type\":\"WebSite\",\"@id\":\"https:\\\/\\\/www.eldiariodetucuman.com\\\/web\\\/#website\",\"url\":\"https:\\\/\\\/www.eldiariodetucuman.com\\\/web\\\/\",\"name\":\"El Diario de Tucuman\",\"description\":\"Diario Tucuman - Informaci\u00f3n y noticias\",\"publisher\":{\"@id\":\"https:\\\/\\\/www.eldiariodetucuman.com\\\/web\\\/#organization\"},\"potentialAction\":[{\"@type\":\"SearchAction\",\"target\":{\"@type\":\"EntryPoint\",\"urlTemplate\":\"https:\\\/\\\/www.eldiariodetucuman.com\\\/web\\\/?s={search_term_string}\"},\"query-input\":{\"@type\":\"PropertyValueSpecification\",\"valueRequired\":true,\"valueName\":\"search_term_string\"}}],\"inLanguage\":\"es\"},{\"@type\":\"Organization\",\"@id\":\"https:\\\/\\\/www.eldiariodetucuman.com\\\/web\\\/#organization\",\"name\":\"El Diario de Tucuman\",\"url\":\"https:\\\/\\\/www.eldiariodetucuman.com\\\/web\\\/\",\"logo\":{\"@type\":\"ImageObject\",\"inLanguage\":\"es\",\"@id\":\"https:\\\/\\\/www.eldiariodetucuman.com\\\/web\\\/#\\\/schema\\\/logo\\\/image\\\/\",\"url\":\"http:\\\/\\\/www.eldiariodetucuman.com\\\/web\\\/wp-content\\\/uploads\\\/2017\\\/12\\\/el-diario-de-tucuman.jpg\",\"contentUrl\":\"http:\\\/\\\/www.eldiariodetucuman.com\\\/web\\\/wp-content\\\/uploads\\\/2017\\\/12\\\/el-diario-de-tucuman.jpg\",\"width\":272,\"height\":92,\"caption\":\"El Diario de Tucuman\"},\"image\":{\"@id\":\"https:\\\/\\\/www.eldiariodetucuman.com\\\/web\\\/#\\\/schema\\\/logo\\\/image\\\/\"}},{\"@type\":\"Person\",\"@id\":\"https:\\\/\\\/www.eldiariodetucuman.com\\\/web\\\/#\\\/schema\\\/person\\\/6f95946e54fde848b878ffa4928071d5\",\"name\":\"eldiario detucuman\",\"image\":{\"@type\":\"ImageObject\",\"inLanguage\":\"es\",\"@id\":\"https:\\\/\\\/secure.gravatar.com\\\/avatar\\\/b6e1f89c5c4044c4962c8e6c20b1ca2cc99f549c965908afd4ec5308b3f51bfe?s=96&d=mm&r=g\",\"url\":\"https:\\\/\\\/secure.gravatar.com\\\/avatar\\\/b6e1f89c5c4044c4962c8e6c20b1ca2cc99f549c965908afd4ec5308b3f51bfe?s=96&d=mm&r=g\",\"contentUrl\":\"https:\\\/\\\/secure.gravatar.com\\\/avatar\\\/b6e1f89c5c4044c4962c8e6c20b1ca2cc99f549c965908afd4ec5308b3f51bfe?s=96&d=mm&r=g\",\"caption\":\"eldiario detucuman\"},\"url\":\"https:\\\/\\\/www.eldiariodetucuman.com\\\/web\\\/author\\\/eldiariodetucuman\\\/\"}]}<\/script>\n<!-- \/ Yoast SEO plugin. -->","yoast_head_json":{"title":"Tras el tiroteo en Florida, Trump prometi\u00f3 \u201cescuelas seguras\u201d - El Diario de Tucuman","robots":{"index":"index","follow":"follow","max-snippet":"max-snippet:-1","max-image-preview":"max-image-preview:large","max-video-preview":"max-video-preview:-1"},"canonical":"https:\/\/www.eldiariodetucuman.com\/web\/tras-el-tiroteo-en-florida-trump-prometio-escuelas-seguras\/","og_locale":"es_ES","og_type":"article","og_title":"Tras el tiroteo en Florida, Trump prometi\u00f3 \u201cescuelas seguras\u201d - El Diario de Tucuman","og_description":"\u00abAyer, una escuela repleta de ni\u00f1os inocentes y atentos maestros vivi\u00f3 una escena de violencia, odio y maldad terribles. (&#8230;) Ning\u00fan ni\u00f1o ni maestro deber\u00eda correr peligro en una escuela estadounidense, y ning\u00fan padre debe sentir miedo al despedirse de un ni\u00f1o en la ma\u00f1ana\u201d, asegur\u00f3 Donald\u00a0Trump en su discurso. El mandatario orden\u00f3 izar las [&hellip;]","og_url":"https:\/\/www.eldiariodetucuman.com\/web\/tras-el-tiroteo-en-florida-trump-prometio-escuelas-seguras\/","og_site_name":"El Diario de Tucuman","article_published_time":"2018-02-16T15:50:21+00:00","og_image":[{"width":970,"height":546,"url":"https:\/\/www.eldiariodetucuman.com\/web\/wp-content\/uploads\/2018\/02\/c33c640454fd6eccb34ab5bbb72e6616.jpeg","type":"image\/jpeg"}],"author":"eldiario detucuman","twitter_card":"summary_large_image","twitter_misc":{"Escrito por":"eldiario detucuman","Tiempo de lectura":"2 minutos"},"schema":{"@context":"https:\/\/schema.org","@graph":[{"@type":"Article","@id":"https:\/\/www.eldiariodetucuman.com\/web\/tras-el-tiroteo-en-florida-trump-prometio-escuelas-seguras\/#article","isPartOf":{"@id":"https:\/\/www.eldiariodetucuman.com\/web\/tras-el-tiroteo-en-florida-trump-prometio-escuelas-seguras\/"},"author":{"name":"eldiario detucuman","@id":"https:\/\/www.eldiariodetucuman.com\/web\/#\/schema\/person\/6f95946e54fde848b878ffa4928071d5"},"headline":"Tras el tiroteo en Florida, Trump prometi\u00f3 \u201cescuelas seguras\u201d","datePublished":"2018-02-16T15:50:21+00:00","mainEntityOfPage":{"@id":"https:\/\/www.eldiariodetucuman.com\/web\/tras-el-tiroteo-en-florida-trump-prometio-escuelas-seguras\/"},"wordCount":310,"commentCount":0,"publisher":{"@id":"https:\/\/www.eldiariodetucuman.com\/web\/#organization"},"image":{"@id":"https:\/\/www.eldiariodetucuman.com\/web\/tras-el-tiroteo-en-florida-trump-prometio-escuelas-seguras\/#primaryimage"},"thumbnailUrl":"https:\/\/www.eldiariodetucuman.com\/web\/wp-content\/uploads\/2018\/02\/c33c640454fd6eccb34ab5bbb72e6616.jpeg","articleSection":["Internacionales"],"inLanguage":"es","potentialAction":[{"@type":"CommentAction","name":"Comment","target":["https:\/\/www.eldiariodetucuman.com\/web\/tras-el-tiroteo-en-florida-trump-prometio-escuelas-seguras\/#respond"]}]},{"@type":"WebPage","@id":"https:\/\/www.eldiariodetucuman.com\/web\/tras-el-tiroteo-en-florida-trump-prometio-escuelas-seguras\/","url":"https:\/\/www.eldiariodetucuman.com\/web\/tras-el-tiroteo-en-florida-trump-prometio-escuelas-seguras\/","name":"Tras el tiroteo en Florida, Trump prometi\u00f3 \u201cescuelas seguras\u201d - El Diario de Tucuman","isPartOf":{"@id":"https:\/\/www.eldiariodetucuman.com\/web\/#website"},"primaryImageOfPage":{"@id":"https:\/\/www.eldiariodetucuman.com\/web\/tras-el-tiroteo-en-florida-trump-prometio-escuelas-seguras\/#primaryimage"},"image":{"@id":"https:\/\/www.eldiariodetucuman.com\/web\/tras-el-tiroteo-en-florida-trump-prometio-escuelas-seguras\/#primaryimage"},"thumbnailUrl":"https:\/\/www.eldiariodetucuman.com\/web\/wp-content\/uploads\/2018\/02\/c33c640454fd6eccb34ab5bbb72e6616.jpeg","datePublished":"2018-02-16T15:50:21+00:00","breadcrumb":{"@id":"https:\/\/www.eldiariodetucuman.com\/web\/tras-el-tiroteo-en-florida-trump-prometio-escuelas-seguras\/#breadcrumb"},"inLanguage":"es","potentialAction":[{"@type":"ReadAction","target":["https:\/\/www.eldiariodetucuman.com\/web\/tras-el-tiroteo-en-florida-trump-prometio-escuelas-seguras\/"]}]},{"@type":"ImageObject","inLanguage":"es","@id":"https:\/\/www.eldiariodetucuman.com\/web\/tras-el-tiroteo-en-florida-trump-prometio-escuelas-seguras\/#primaryimage","url":"https:\/\/www.eldiariodetucuman.com\/web\/wp-content\/uploads\/2018\/02\/c33c640454fd6eccb34ab5bbb72e6616.jpeg","contentUrl":"https:\/\/www.eldiariodetucuman.com\/web\/wp-content\/uploads\/2018\/02\/c33c640454fd6eccb34ab5bbb72e6616.jpeg","width":970,"height":546},{"@type":"BreadcrumbList","@id":"https:\/\/www.eldiariodetucuman.com\/web\/tras-el-tiroteo-en-florida-trump-prometio-escuelas-seguras\/#breadcrumb","itemListElement":[{"@type":"ListItem","position":1,"name":"Portada","item":"https:\/\/www.eldiariodetucuman.com\/web\/"},{"@type":"ListItem","position":2,"name":"Tras el tiroteo en Florida, Trump prometi\u00f3 \u201cescuelas seguras\u201d"}]},{"@type":"WebSite","@id":"https:\/\/www.eldiariodetucuman.com\/web\/#website","url":"https:\/\/www.eldiariodetucuman.com\/web\/","name":"El Diario de Tucuman","description":"Diario Tucuman - Informaci\u00f3n y noticias","publisher":{"@id":"https:\/\/www.eldiariodetucuman.com\/web\/#organization"},"potentialAction":[{"@type":"SearchAction","target":{"@type":"EntryPoint","urlTemplate":"https:\/\/www.eldiariodetucuman.com\/web\/?s={search_term_string}"},"query-input":{"@type":"PropertyValueSpecification","valueRequired":true,"valueName":"search_term_string"}}],"inLanguage":"es"},{"@type":"Organization","@id":"https:\/\/www.eldiariodetucuman.com\/web\/#organization","name":"El Diario de Tucuman","url":"https:\/\/www.eldiariodetucuman.com\/web\/","logo":{"@type":"ImageObject","inLanguage":"es","@id":"https:\/\/www.eldiariodetucuman.com\/web\/#\/schema\/logo\/image\/","url":"http:\/\/www.eldiariodetucuman.com\/web\/wp-content\/uploads\/2017\/12\/el-diario-de-tucuman.jpg","contentUrl":"http:\/\/www.eldiariodetucuman.com\/web\/wp-content\/uploads\/2017\/12\/el-diario-de-tucuman.jpg","width":272,"height":92,"caption":"El Diario de Tucuman"},"image":{"@id":"https:\/\/www.eldiariodetucuman.com\/web\/#\/schema\/logo\/image\/"}},{"@type":"Person","@id":"https:\/\/www.eldiariodetucuman.com\/web\/#\/schema\/person\/6f95946e54fde848b878ffa4928071d5","name":"eldiario detucuman","image":{"@type":"ImageObject","inLanguage":"es","@id":"https:\/\/secure.gravatar.com\/avatar\/b6e1f89c5c4044c4962c8e6c20b1ca2cc99f549c965908afd4ec5308b3f51bfe?s=96&d=mm&r=g","url":"https:\/\/secure.gravatar.com\/avatar\/b6e1f89c5c4044c4962c8e6c20b1ca2cc99f549c965908afd4ec5308b3f51bfe?s=96&d=mm&r=g","contentUrl":"https:\/\/secure.gravatar.com\/avatar\/b6e1f89c5c4044c4962c8e6c20b1ca2cc99f549c965908afd4ec5308b3f51bfe?s=96&d=mm&r=g","caption":"eldiario detucuman"},"url":"https:\/\/www.eldiariodetucuman.com\/web\/author\/eldiariodetucuman\/"}]}},"_links":{"self":[{"href":"https:\/\/www.eldiariodetucuman.com\/web\/wp-json\/wp\/v2\/posts\/5442","targetHints":{"allow":["GET"]}}],"collection":[{"href":"https:\/\/www.eldiariodetucuman.com\/web\/wp-json\/wp\/v2\/posts"}],"about":[{"href":"https:\/\/www.eldiariodetucuman.com\/web\/wp-json\/wp\/v2\/types\/post"}],"author":[{"embeddable":true,"href":"https:\/\/www.eldiariodetucuman.com\/web\/wp-json\/wp\/v2\/users\/4"}],"replies":[{"embeddable":true,"href":"https:\/\/www.eldiariodetucuman.com\/web\/wp-json\/wp\/v2\/comments?post=5442"}],"version-history":[{"count":0,"href":"https:\/\/www.eldiariodetucuman.com\/web\/wp-json\/wp\/v2\/posts\/5442\/revisions"}],"wp:featuredmedia":[{"embeddable":true,"href":"https:\/\/www.eldiariodetucuman.com\/web\/wp-json\/wp\/v2\/media\/5443"}],"wp:attachment":[{"href":"https:\/\/www.eldiariodetucuman.com\/web\/wp-json\/wp\/v2\/media?parent=5442"}],"wp:term":[{"taxonomy":"category","embeddable":true,"href":"https:\/\/www.eldiariodetucuman.com\/web\/wp-json\/wp\/v2\/categories?post=5442"},{"taxonomy":"post_tag","embeddable":true,"href":"https:\/\/www.eldiariodetucuman.com\/web\/wp-json\/wp\/v2\/tags?post=5442"}],"curies":[{"name":"wp","href":"https:\/\/api.w.org\/{rel}","templated":true}]}}