{"id":5440,"date":"2018-02-16T12:50:12","date_gmt":"2018-02-16T15:50:12","guid":{"rendered":"http:\/\/www.eldiariodetucuman.com\/web\/conmovedora-vigilia-de-padres-y-alumnos-por-las-victimas-de-la-masacre-de-florida\/"},"modified":"2018-02-16T12:50:12","modified_gmt":"2018-02-16T15:50:12","slug":"conmovedora-vigilia-de-padres-y-alumnos-por-las-victimas-de-la-masacre-de-florida","status":"publish","type":"post","link":"https:\/\/www.eldiariodetucuman.com\/web\/conmovedora-vigilia-de-padres-y-alumnos-por-las-victimas-de-la-masacre-de-florida\/","title":{"rendered":"Conmovedora vigilia de padres y alumnos por las v\u00edctimas de la masacre de Florida"},"content":{"rendered":"<div>\n<div itemprop=\"articleBody\" readability=\"124.56971022417\">\n<p>Miles de personas mantuvieron esta madrugada una vigilia en memoria de las 17 v\u00edctimas mortales del   <a href=\"https:\/\/www.cronica.com.ar\/tags\/tiroteo\">tiroteo<\/a> en una escuela de Parkland, en el sur de   <a href=\"https:\/\/www.cronica.com.ar\/tags\/Florida\">Florida<\/a>, y reclamaron a las autoridades mayores controles para la compra de armas.\u00a0<\/p>\n<p>Decenas de j\u00f3venes y alumnos de la escuela Marjory Stoneman Douglas se emocionaron hasta las l\u00e1grimas al escuchar el testimonio del padre de una ni\u00f1a de 14 a\u00f1os, <strong>Jamie Guttenberg<\/strong>, que fue asesinada en el   <a href=\"https:\/\/www.cronica.com.ar\/tags\/tiroteo\">tiroteo<\/a>.<\/p>\n<p><em>\u00abJamie era la luz de la fiesta\u00bb<\/em>, dijo <strong>Fred Guttenberg<\/strong>, quien revel\u00f3 que el a\u00f1o pasado hab\u00eda perdido a su otro hijo, v\u00edctima del c\u00e1ncer, y lament\u00f3 no recordar si se despidi\u00f3 de su hija antes de que \u00e9sta saliera hacia la escuela y no la volviera a ver.<\/p>\n<div>\n<figure class=\"image\"><img decoding=\"async\" alt=\"\" data-height=\"317\" data-size=\"w:562,h:317\" data-width=\"562\" hspace=\"5\" src=\"https:\/\/www.cronica.com.ar\/export\/sites\/cronica\/img\/2018\/02\/16\/545341.jpg_685219847.jpg\" title=\"\" vspace=\"5\"><figcaption>As\u00ed recordaban a los muertos en el   <a href=\"https:\/\/www.cronica.com.ar\/tags\/tiroteo\">tiroteo<\/a>. (AFP)<\/figcaption><\/figure>\n<\/div>\n<p><em>\u00abNo pierdan un d\u00eda sin abrazar y besar\u00a0a sus hijos\u00bb<\/em>, pidi\u00f3 a los padres que se acercaron al lugar y escucharon sus palabras al lado de autoridades locales y l\u00edderes religiosos.\u00a0<\/p>\n<p>Junto al escenario del anfiteatro del parque Pine Trail, donde se realiz\u00f3 el acto, los organizadores colocaron un tabl\u00f3n de madera en el que las personas que se acercaron y escribieron palabras de condolencias y apoyo, pero tambi\u00e9n de protesta.\u00a0<\/p>\n<p><em>\u00abNRA deja de matar a nuestros hijos\u00bb<\/em>, escribi\u00f3 alguien en referencia a la Asociaci\u00f3n Nacional del Rifle, el poderoso grupo de lobby que defiende la tenencia y venta de armas sin control alguno y que financia gran parte de las campa\u00f1as electorales del pa\u00eds, tanto de republicanos como de dem\u00f3cratas.\u00a0<\/p>\n<div>\n<figure class=\"image\"><img decoding=\"async\" alt=\"\" data-height=\"625\" data-size=\"w:1080,h:907\" data-width=\"745\" hspace=\"5\" src=\"https:\/\/www.cronica.com.ar\/export\/sites\/cronica\/img\/2018\/02\/16\/5634563456.jpg_1433654766.jpg\" title=\"\" vspace=\"5\"><figcaption>Uno de los polic\u00edas que actu\u00f3 en la detenci\u00f3n del asesino. (AFP)<\/figcaption><\/figure>\n<\/div>\n<p>La regulaci\u00f3n en   <a href=\"https:\/\/www.cronica.com.ar\/tags\/Florida\">Florida<\/a> es laxa: si bien rige un per\u00edodo de tres d\u00edas de espera para obtener determinadas armas de fuego, otras como la AR-15 -la semiautom\u00e1tica utilizada el mi\u00e9rcoles en el ataque en la escuela- o rifles que simulan el estilo militar, revistas y municiones se pueden obtener al instante.\u00a0<\/p>\n<p>Seg\u00fan la ley federal, el comprador debe ser mayor de 21 a\u00f1os para comprar una pistola, pero s\u00f3lo 18 para adquirir una ametralladora AR-15 y otros rifles semiautom\u00e1ticos.<\/p>\n<p>La matanza del mi\u00e9rcoles reaviv\u00f3 el siempre latente debate sobre el control de las armas y esta vez las v\u00edctimas se pusieron a la cabeza de los reclamos.\u00a0<\/p>\n<div>\n<figure class=\"image\"><img decoding=\"async\" alt=\"\" data-height=\"317\" data-size=\"w:557,h:317\" data-width=\"557\" hspace=\"5\" src=\"https:\/\/www.cronica.com.ar\/export\/sites\/cronica\/img\/2018\/02\/16\/6565656565.jpg_161314925.jpg\" title=\"\" vspace=\"5\"><figcaption>Alumnos recordaron a sus compa\u00f1eros. (AFP)<\/figcaption><\/figure>\n<\/div>\n<p>Un grupo de alumnos de la escuela urgi\u00f3 en las \u00faltimas horas a los pol\u00edticos estadounidenses a tomar medidas para lograr verdaderos controles.<\/p>\n<p><em>\u00abPodemos rezar por las v\u00edctimas, y respeto eso, pero hay que tomar una acci\u00f3n inmediatamente, porque la gente no puede olvidarse de esto\u00bb<\/em>, dijo un estudiante, <strong>David Hogg.<\/strong><br \/>\u00a0<\/p>\n<div>\n<figure class=\"image\"><img decoding=\"async\" alt=\"\" data-height=\"625\" data-size=\"w:1080,h:907\" data-width=\"745\" hspace=\"5\" src=\"https:\/\/www.cronica.com.ar\/export\/sites\/cronica\/img\/2018\/02\/16\/65746745674567.jpg_1433654766.jpg\" title=\"\" vspace=\"5\"><figcaption>La polic\u00eda tambi\u00e9n se hizo presente durante la vigilia. (AFP)<\/figcaption><\/figure>\n<\/div>\n<p>Hogg, que cursa el \u00faltimo a\u00f1o de escuela secundaria en el centro educativo de   <a href=\"https:\/\/www.cronica.com.ar\/tags\/Florida\">Florida<\/a>, lament\u00f3 que ya nadie recuerda los nombres de otras escuelas en las que hubo sucesos de las mismas caracter\u00edsticas.\u00a0<\/p>\n<p>Por eso, pidi\u00f3 al pa\u00eds hacer un an\u00e1lisis de conciencia para salir de esta situaci\u00f3n, <em>\u00aby eso no se hace rezando y esperando\u00bb<\/em>, en referencia a las declaraciones de muchos pol\u00edticos, entre ellos el presidente, <strong>Donald Trump<\/strong>, que dijeron que iban a rezar por las v\u00edctimas, pero sin mencionar medidas concretas para intentar corregir la situaci\u00f3n.<\/p>\n<div>\n<figure class=\"image\"><img decoding=\"async\" alt=\"\" data-height=\"307\" data-size=\"w:561,h:307\" data-width=\"561\" hspace=\"5\" src=\"https:\/\/www.cronica.com.ar\/export\/sites\/cronica\/img\/2018\/02\/16\/44987897897.jpg_1841425241.jpg\" title=\"\" vspace=\"5\"><figcaption>Padres en llanto durante la vigilia. (AFP)<\/figcaption><\/figure>\n<\/div>\n<p>El   <a href=\"https:\/\/www.cronica.com.ar\/tags\/tiroteo\">tiroteo<\/a> de Parkland termin\u00f3 con 17 muertos y 14 heridos y, por lo tanto, se convirti\u00f3 en el tercer   <a href=\"https:\/\/www.cronica.com.ar\/tags\/tiroteo\">tiroteo<\/a> m\u00e1s letal de la historia de   <a href=\"https:\/\/www.cronica.com.ar\/tags\/Estados%20Unidos\">Estados Unidos<\/a>.\u00a0<\/p>\n<p>El que m\u00e1s v\u00edctimas fatales dej\u00f3 fue en 2007 en una escuela tecnol\u00f3gica de Virginia, donde murieron 32 personas. Cinco a\u00f1os despu\u00e9s, en la masacre en la escuela primaria Sandy Hook de Newtown, Connecticut, 26 estadounidenses perdieron la vida, la mayor\u00eda ni\u00f1os.<\/p>\n<\/div>\n<\/div>\n","protected":false},"excerpt":{"rendered":"<p>Miles de personas mantuvieron esta madrugada una vigilia en memoria de las 17 v\u00edctimas mortales del tiroteo en una escuela de Parkland, en el sur de Florida, y reclamaron a las autoridades mayores controles para la compra de armas.\u00a0 Decenas de j\u00f3venes y alumnos de la escuela Marjory Stoneman Douglas se emocionaron hasta las l\u00e1grimas [&hellip;]<\/p>\n","protected":false},"author":4,"featured_media":5441,"comment_status":"open","ping_status":"closed","sticky":false,"template":"","format":"standard","meta":{"footnotes":""},"categories":[194],"tags":[],"class_list":{"0":"post-5440","1":"post","2":"type-post","3":"status-publish","4":"format-standard","5":"has-post-thumbnail","7":"category-internacionales"},"yoast_head":"<!-- This site is optimized with the Yoast SEO plugin v27.5 - https:\/\/yoast.com\/product\/yoast-seo-wordpress\/ -->\n<title>Conmovedora vigilia de padres y alumnos por las v\u00edctimas de la masacre de Florida - El Diario de Tucuman<\/title>\n<meta name=\"robots\" content=\"index, follow, max-snippet:-1, max-image-preview:large, max-video-preview:-1\" \/>\n<link rel=\"canonical\" href=\"https:\/\/www.eldiariodetucuman.com\/web\/conmovedora-vigilia-de-padres-y-alumnos-por-las-victimas-de-la-masacre-de-florida\/\" \/>\n<meta property=\"og:locale\" content=\"es_ES\" \/>\n<meta property=\"og:type\" content=\"article\" \/>\n<meta property=\"og:title\" content=\"Conmovedora vigilia de padres y alumnos por las v\u00edctimas de la masacre de Florida - El Diario de Tucuman\" \/>\n<meta property=\"og:description\" content=\"Miles de personas mantuvieron esta madrugada una vigilia en memoria de las 17 v\u00edctimas mortales del tiroteo en una escuela de Parkland, en el sur de Florida, y reclamaron a las autoridades mayores controles para la compra de armas.\u00a0 Decenas de j\u00f3venes y alumnos de la escuela Marjory Stoneman Douglas se emocionaron hasta las l\u00e1grimas [&hellip;]\" \/>\n<meta property=\"og:url\" content=\"https:\/\/www.eldiariodetucuman.com\/web\/conmovedora-vigilia-de-padres-y-alumnos-por-las-victimas-de-la-masacre-de-florida\/\" \/>\n<meta property=\"og:site_name\" content=\"El Diario de Tucuman\" \/>\n<meta property=\"article:published_time\" content=\"2018-02-16T15:50:12+00:00\" \/>\n<meta property=\"og:image\" content=\"https:\/\/www.eldiariodetucuman.com\/web\/wp-content\/uploads\/2018\/02\/8d8b11d043cc8f586502e281ab143e2f.jpeg\" \/>\n\t<meta property=\"og:image:width\" content=\"970\" \/>\n\t<meta property=\"og:image:height\" content=\"546\" \/>\n\t<meta property=\"og:image:type\" content=\"image\/jpeg\" \/>\n<meta name=\"author\" content=\"eldiario detucuman\" \/>\n<meta name=\"twitter:card\" content=\"summary_large_image\" \/>\n<meta name=\"twitter:label1\" content=\"Escrito por\" \/>\n\t<meta name=\"twitter:data1\" content=\"eldiario detucuman\" \/>\n\t<meta name=\"twitter:label2\" content=\"Tiempo de lectura\" \/>\n\t<meta name=\"twitter:data2\" content=\"3 minutos\" \/>\n<script type=\"application\/ld+json\" class=\"yoast-schema-graph\">{\"@context\":\"https:\\\/\\\/schema.org\",\"@graph\":[{\"@type\":\"Article\",\"@id\":\"https:\\\/\\\/www.eldiariodetucuman.com\\\/web\\\/conmovedora-vigilia-de-padres-y-alumnos-por-las-victimas-de-la-masacre-de-florida\\\/#article\",\"isPartOf\":{\"@id\":\"https:\\\/\\\/www.eldiariodetucuman.com\\\/web\\\/conmovedora-vigilia-de-padres-y-alumnos-por-las-victimas-de-la-masacre-de-florida\\\/\"},\"author\":{\"name\":\"eldiario detucuman\",\"@id\":\"https:\\\/\\\/www.eldiariodetucuman.com\\\/web\\\/#\\\/schema\\\/person\\\/6f95946e54fde848b878ffa4928071d5\"},\"headline\":\"Conmovedora vigilia de padres y alumnos por las v\u00edctimas de la masacre de Florida\",\"datePublished\":\"2018-02-16T15:50:12+00:00\",\"mainEntityOfPage\":{\"@id\":\"https:\\\/\\\/www.eldiariodetucuman.com\\\/web\\\/conmovedora-vigilia-de-padres-y-alumnos-por-las-victimas-de-la-masacre-de-florida\\\/\"},\"wordCount\":668,\"commentCount\":0,\"publisher\":{\"@id\":\"https:\\\/\\\/www.eldiariodetucuman.com\\\/web\\\/#organization\"},\"image\":{\"@id\":\"https:\\\/\\\/www.eldiariodetucuman.com\\\/web\\\/conmovedora-vigilia-de-padres-y-alumnos-por-las-victimas-de-la-masacre-de-florida\\\/#primaryimage\"},\"thumbnailUrl\":\"https:\\\/\\\/www.eldiariodetucuman.com\\\/web\\\/wp-content\\\/uploads\\\/2018\\\/02\\\/8d8b11d043cc8f586502e281ab143e2f.jpeg\",\"articleSection\":[\"Internacionales\"],\"inLanguage\":\"es\",\"potentialAction\":[{\"@type\":\"CommentAction\",\"name\":\"Comment\",\"target\":[\"https:\\\/\\\/www.eldiariodetucuman.com\\\/web\\\/conmovedora-vigilia-de-padres-y-alumnos-por-las-victimas-de-la-masacre-de-florida\\\/#respond\"]}]},{\"@type\":\"WebPage\",\"@id\":\"https:\\\/\\\/www.eldiariodetucuman.com\\\/web\\\/conmovedora-vigilia-de-padres-y-alumnos-por-las-victimas-de-la-masacre-de-florida\\\/\",\"url\":\"https:\\\/\\\/www.eldiariodetucuman.com\\\/web\\\/conmovedora-vigilia-de-padres-y-alumnos-por-las-victimas-de-la-masacre-de-florida\\\/\",\"name\":\"Conmovedora vigilia de padres y alumnos por las v\u00edctimas de la masacre de Florida - El Diario de Tucuman\",\"isPartOf\":{\"@id\":\"https:\\\/\\\/www.eldiariodetucuman.com\\\/web\\\/#website\"},\"primaryImageOfPage\":{\"@id\":\"https:\\\/\\\/www.eldiariodetucuman.com\\\/web\\\/conmovedora-vigilia-de-padres-y-alumnos-por-las-victimas-de-la-masacre-de-florida\\\/#primaryimage\"},\"image\":{\"@id\":\"https:\\\/\\\/www.eldiariodetucuman.com\\\/web\\\/conmovedora-vigilia-de-padres-y-alumnos-por-las-victimas-de-la-masacre-de-florida\\\/#primaryimage\"},\"thumbnailUrl\":\"https:\\\/\\\/www.eldiariodetucuman.com\\\/web\\\/wp-content\\\/uploads\\\/2018\\\/02\\\/8d8b11d043cc8f586502e281ab143e2f.jpeg\",\"datePublished\":\"2018-02-16T15:50:12+00:00\",\"breadcrumb\":{\"@id\":\"https:\\\/\\\/www.eldiariodetucuman.com\\\/web\\\/conmovedora-vigilia-de-padres-y-alumnos-por-las-victimas-de-la-masacre-de-florida\\\/#breadcrumb\"},\"inLanguage\":\"es\",\"potentialAction\":[{\"@type\":\"ReadAction\",\"target\":[\"https:\\\/\\\/www.eldiariodetucuman.com\\\/web\\\/conmovedora-vigilia-de-padres-y-alumnos-por-las-victimas-de-la-masacre-de-florida\\\/\"]}]},{\"@type\":\"ImageObject\",\"inLanguage\":\"es\",\"@id\":\"https:\\\/\\\/www.eldiariodetucuman.com\\\/web\\\/conmovedora-vigilia-de-padres-y-alumnos-por-las-victimas-de-la-masacre-de-florida\\\/#primaryimage\",\"url\":\"https:\\\/\\\/www.eldiariodetucuman.com\\\/web\\\/wp-content\\\/uploads\\\/2018\\\/02\\\/8d8b11d043cc8f586502e281ab143e2f.jpeg\",\"contentUrl\":\"https:\\\/\\\/www.eldiariodetucuman.com\\\/web\\\/wp-content\\\/uploads\\\/2018\\\/02\\\/8d8b11d043cc8f586502e281ab143e2f.jpeg\",\"width\":970,\"height\":546},{\"@type\":\"BreadcrumbList\",\"@id\":\"https:\\\/\\\/www.eldiariodetucuman.com\\\/web\\\/conmovedora-vigilia-de-padres-y-alumnos-por-las-victimas-de-la-masacre-de-florida\\\/#breadcrumb\",\"itemListElement\":[{\"@type\":\"ListItem\",\"position\":1,\"name\":\"Portada\",\"item\":\"https:\\\/\\\/www.eldiariodetucuman.com\\\/web\\\/\"},{\"@type\":\"ListItem\",\"position\":2,\"name\":\"Conmovedora vigilia de padres y alumnos por las v\u00edctimas de la masacre de Florida\"}]},{\"@type\":\"WebSite\",\"@id\":\"https:\\\/\\\/www.eldiariodetucuman.com\\\/web\\\/#website\",\"url\":\"https:\\\/\\\/www.eldiariodetucuman.com\\\/web\\\/\",\"name\":\"El Diario de Tucuman\",\"description\":\"Diario Tucuman - Informaci\u00f3n y noticias\",\"publisher\":{\"@id\":\"https:\\\/\\\/www.eldiariodetucuman.com\\\/web\\\/#organization\"},\"potentialAction\":[{\"@type\":\"SearchAction\",\"target\":{\"@type\":\"EntryPoint\",\"urlTemplate\":\"https:\\\/\\\/www.eldiariodetucuman.com\\\/web\\\/?s={search_term_string}\"},\"query-input\":{\"@type\":\"PropertyValueSpecification\",\"valueRequired\":true,\"valueName\":\"search_term_string\"}}],\"inLanguage\":\"es\"},{\"@type\":\"Organization\",\"@id\":\"https:\\\/\\\/www.eldiariodetucuman.com\\\/web\\\/#organization\",\"name\":\"El Diario de Tucuman\",\"url\":\"https:\\\/\\\/www.eldiariodetucuman.com\\\/web\\\/\",\"logo\":{\"@type\":\"ImageObject\",\"inLanguage\":\"es\",\"@id\":\"https:\\\/\\\/www.eldiariodetucuman.com\\\/web\\\/#\\\/schema\\\/logo\\\/image\\\/\",\"url\":\"http:\\\/\\\/www.eldiariodetucuman.com\\\/web\\\/wp-content\\\/uploads\\\/2017\\\/12\\\/el-diario-de-tucuman.jpg\",\"contentUrl\":\"http:\\\/\\\/www.eldiariodetucuman.com\\\/web\\\/wp-content\\\/uploads\\\/2017\\\/12\\\/el-diario-de-tucuman.jpg\",\"width\":272,\"height\":92,\"caption\":\"El Diario de Tucuman\"},\"image\":{\"@id\":\"https:\\\/\\\/www.eldiariodetucuman.com\\\/web\\\/#\\\/schema\\\/logo\\\/image\\\/\"}},{\"@type\":\"Person\",\"@id\":\"https:\\\/\\\/www.eldiariodetucuman.com\\\/web\\\/#\\\/schema\\\/person\\\/6f95946e54fde848b878ffa4928071d5\",\"name\":\"eldiario detucuman\",\"image\":{\"@type\":\"ImageObject\",\"inLanguage\":\"es\",\"@id\":\"https:\\\/\\\/secure.gravatar.com\\\/avatar\\\/b6e1f89c5c4044c4962c8e6c20b1ca2cc99f549c965908afd4ec5308b3f51bfe?s=96&d=mm&r=g\",\"url\":\"https:\\\/\\\/secure.gravatar.com\\\/avatar\\\/b6e1f89c5c4044c4962c8e6c20b1ca2cc99f549c965908afd4ec5308b3f51bfe?s=96&d=mm&r=g\",\"contentUrl\":\"https:\\\/\\\/secure.gravatar.com\\\/avatar\\\/b6e1f89c5c4044c4962c8e6c20b1ca2cc99f549c965908afd4ec5308b3f51bfe?s=96&d=mm&r=g\",\"caption\":\"eldiario detucuman\"},\"url\":\"https:\\\/\\\/www.eldiariodetucuman.com\\\/web\\\/author\\\/eldiariodetucuman\\\/\"}]}<\/script>\n<!-- \/ Yoast SEO plugin. -->","yoast_head_json":{"title":"Conmovedora vigilia de padres y alumnos por las v\u00edctimas de la masacre de Florida - El Diario de Tucuman","robots":{"index":"index","follow":"follow","max-snippet":"max-snippet:-1","max-image-preview":"max-image-preview:large","max-video-preview":"max-video-preview:-1"},"canonical":"https:\/\/www.eldiariodetucuman.com\/web\/conmovedora-vigilia-de-padres-y-alumnos-por-las-victimas-de-la-masacre-de-florida\/","og_locale":"es_ES","og_type":"article","og_title":"Conmovedora vigilia de padres y alumnos por las v\u00edctimas de la masacre de Florida - El Diario de Tucuman","og_description":"Miles de personas mantuvieron esta madrugada una vigilia en memoria de las 17 v\u00edctimas mortales del tiroteo en una escuela de Parkland, en el sur de Florida, y reclamaron a las autoridades mayores controles para la compra de armas.\u00a0 Decenas de j\u00f3venes y alumnos de la escuela Marjory Stoneman Douglas se emocionaron hasta las l\u00e1grimas [&hellip;]","og_url":"https:\/\/www.eldiariodetucuman.com\/web\/conmovedora-vigilia-de-padres-y-alumnos-por-las-victimas-de-la-masacre-de-florida\/","og_site_name":"El Diario de Tucuman","article_published_time":"2018-02-16T15:50:12+00:00","og_image":[{"width":970,"height":546,"url":"https:\/\/www.eldiariodetucuman.com\/web\/wp-content\/uploads\/2018\/02\/8d8b11d043cc8f586502e281ab143e2f.jpeg","type":"image\/jpeg"}],"author":"eldiario detucuman","twitter_card":"summary_large_image","twitter_misc":{"Escrito por":"eldiario detucuman","Tiempo de lectura":"3 minutos"},"schema":{"@context":"https:\/\/schema.org","@graph":[{"@type":"Article","@id":"https:\/\/www.eldiariodetucuman.com\/web\/conmovedora-vigilia-de-padres-y-alumnos-por-las-victimas-de-la-masacre-de-florida\/#article","isPartOf":{"@id":"https:\/\/www.eldiariodetucuman.com\/web\/conmovedora-vigilia-de-padres-y-alumnos-por-las-victimas-de-la-masacre-de-florida\/"},"author":{"name":"eldiario detucuman","@id":"https:\/\/www.eldiariodetucuman.com\/web\/#\/schema\/person\/6f95946e54fde848b878ffa4928071d5"},"headline":"Conmovedora vigilia de padres y alumnos por las v\u00edctimas de la masacre de Florida","datePublished":"2018-02-16T15:50:12+00:00","mainEntityOfPage":{"@id":"https:\/\/www.eldiariodetucuman.com\/web\/conmovedora-vigilia-de-padres-y-alumnos-por-las-victimas-de-la-masacre-de-florida\/"},"wordCount":668,"commentCount":0,"publisher":{"@id":"https:\/\/www.eldiariodetucuman.com\/web\/#organization"},"image":{"@id":"https:\/\/www.eldiariodetucuman.com\/web\/conmovedora-vigilia-de-padres-y-alumnos-por-las-victimas-de-la-masacre-de-florida\/#primaryimage"},"thumbnailUrl":"https:\/\/www.eldiariodetucuman.com\/web\/wp-content\/uploads\/2018\/02\/8d8b11d043cc8f586502e281ab143e2f.jpeg","articleSection":["Internacionales"],"inLanguage":"es","potentialAction":[{"@type":"CommentAction","name":"Comment","target":["https:\/\/www.eldiariodetucuman.com\/web\/conmovedora-vigilia-de-padres-y-alumnos-por-las-victimas-de-la-masacre-de-florida\/#respond"]}]},{"@type":"WebPage","@id":"https:\/\/www.eldiariodetucuman.com\/web\/conmovedora-vigilia-de-padres-y-alumnos-por-las-victimas-de-la-masacre-de-florida\/","url":"https:\/\/www.eldiariodetucuman.com\/web\/conmovedora-vigilia-de-padres-y-alumnos-por-las-victimas-de-la-masacre-de-florida\/","name":"Conmovedora vigilia de padres y alumnos por las v\u00edctimas de la masacre de Florida - El Diario de Tucuman","isPartOf":{"@id":"https:\/\/www.eldiariodetucuman.com\/web\/#website"},"primaryImageOfPage":{"@id":"https:\/\/www.eldiariodetucuman.com\/web\/conmovedora-vigilia-de-padres-y-alumnos-por-las-victimas-de-la-masacre-de-florida\/#primaryimage"},"image":{"@id":"https:\/\/www.eldiariodetucuman.com\/web\/conmovedora-vigilia-de-padres-y-alumnos-por-las-victimas-de-la-masacre-de-florida\/#primaryimage"},"thumbnailUrl":"https:\/\/www.eldiariodetucuman.com\/web\/wp-content\/uploads\/2018\/02\/8d8b11d043cc8f586502e281ab143e2f.jpeg","datePublished":"2018-02-16T15:50:12+00:00","breadcrumb":{"@id":"https:\/\/www.eldiariodetucuman.com\/web\/conmovedora-vigilia-de-padres-y-alumnos-por-las-victimas-de-la-masacre-de-florida\/#breadcrumb"},"inLanguage":"es","potentialAction":[{"@type":"ReadAction","target":["https:\/\/www.eldiariodetucuman.com\/web\/conmovedora-vigilia-de-padres-y-alumnos-por-las-victimas-de-la-masacre-de-florida\/"]}]},{"@type":"ImageObject","inLanguage":"es","@id":"https:\/\/www.eldiariodetucuman.com\/web\/conmovedora-vigilia-de-padres-y-alumnos-por-las-victimas-de-la-masacre-de-florida\/#primaryimage","url":"https:\/\/www.eldiariodetucuman.com\/web\/wp-content\/uploads\/2018\/02\/8d8b11d043cc8f586502e281ab143e2f.jpeg","contentUrl":"https:\/\/www.eldiariodetucuman.com\/web\/wp-content\/uploads\/2018\/02\/8d8b11d043cc8f586502e281ab143e2f.jpeg","width":970,"height":546},{"@type":"BreadcrumbList","@id":"https:\/\/www.eldiariodetucuman.com\/web\/conmovedora-vigilia-de-padres-y-alumnos-por-las-victimas-de-la-masacre-de-florida\/#breadcrumb","itemListElement":[{"@type":"ListItem","position":1,"name":"Portada","item":"https:\/\/www.eldiariodetucuman.com\/web\/"},{"@type":"ListItem","position":2,"name":"Conmovedora vigilia de padres y alumnos por las v\u00edctimas de la masacre de Florida"}]},{"@type":"WebSite","@id":"https:\/\/www.eldiariodetucuman.com\/web\/#website","url":"https:\/\/www.eldiariodetucuman.com\/web\/","name":"El Diario de Tucuman","description":"Diario Tucuman - Informaci\u00f3n y noticias","publisher":{"@id":"https:\/\/www.eldiariodetucuman.com\/web\/#organization"},"potentialAction":[{"@type":"SearchAction","target":{"@type":"EntryPoint","urlTemplate":"https:\/\/www.eldiariodetucuman.com\/web\/?s={search_term_string}"},"query-input":{"@type":"PropertyValueSpecification","valueRequired":true,"valueName":"search_term_string"}}],"inLanguage":"es"},{"@type":"Organization","@id":"https:\/\/www.eldiariodetucuman.com\/web\/#organization","name":"El Diario de Tucuman","url":"https:\/\/www.eldiariodetucuman.com\/web\/","logo":{"@type":"ImageObject","inLanguage":"es","@id":"https:\/\/www.eldiariodetucuman.com\/web\/#\/schema\/logo\/image\/","url":"http:\/\/www.eldiariodetucuman.com\/web\/wp-content\/uploads\/2017\/12\/el-diario-de-tucuman.jpg","contentUrl":"http:\/\/www.eldiariodetucuman.com\/web\/wp-content\/uploads\/2017\/12\/el-diario-de-tucuman.jpg","width":272,"height":92,"caption":"El Diario de Tucuman"},"image":{"@id":"https:\/\/www.eldiariodetucuman.com\/web\/#\/schema\/logo\/image\/"}},{"@type":"Person","@id":"https:\/\/www.eldiariodetucuman.com\/web\/#\/schema\/person\/6f95946e54fde848b878ffa4928071d5","name":"eldiario detucuman","image":{"@type":"ImageObject","inLanguage":"es","@id":"https:\/\/secure.gravatar.com\/avatar\/b6e1f89c5c4044c4962c8e6c20b1ca2cc99f549c965908afd4ec5308b3f51bfe?s=96&d=mm&r=g","url":"https:\/\/secure.gravatar.com\/avatar\/b6e1f89c5c4044c4962c8e6c20b1ca2cc99f549c965908afd4ec5308b3f51bfe?s=96&d=mm&r=g","contentUrl":"https:\/\/secure.gravatar.com\/avatar\/b6e1f89c5c4044c4962c8e6c20b1ca2cc99f549c965908afd4ec5308b3f51bfe?s=96&d=mm&r=g","caption":"eldiario detucuman"},"url":"https:\/\/www.eldiariodetucuman.com\/web\/author\/eldiariodetucuman\/"}]}},"_links":{"self":[{"href":"https:\/\/www.eldiariodetucuman.com\/web\/wp-json\/wp\/v2\/posts\/5440","targetHints":{"allow":["GET"]}}],"collection":[{"href":"https:\/\/www.eldiariodetucuman.com\/web\/wp-json\/wp\/v2\/posts"}],"about":[{"href":"https:\/\/www.eldiariodetucuman.com\/web\/wp-json\/wp\/v2\/types\/post"}],"author":[{"embeddable":true,"href":"https:\/\/www.eldiariodetucuman.com\/web\/wp-json\/wp\/v2\/users\/4"}],"replies":[{"embeddable":true,"href":"https:\/\/www.eldiariodetucuman.com\/web\/wp-json\/wp\/v2\/comments?post=5440"}],"version-history":[{"count":0,"href":"https:\/\/www.eldiariodetucuman.com\/web\/wp-json\/wp\/v2\/posts\/5440\/revisions"}],"wp:featuredmedia":[{"embeddable":true,"href":"https:\/\/www.eldiariodetucuman.com\/web\/wp-json\/wp\/v2\/media\/5441"}],"wp:attachment":[{"href":"https:\/\/www.eldiariodetucuman.com\/web\/wp-json\/wp\/v2\/media?parent=5440"}],"wp:term":[{"taxonomy":"category","embeddable":true,"href":"https:\/\/www.eldiariodetucuman.com\/web\/wp-json\/wp\/v2\/categories?post=5440"},{"taxonomy":"post_tag","embeddable":true,"href":"https:\/\/www.eldiariodetucuman.com\/web\/wp-json\/wp\/v2\/tags?post=5440"}],"curies":[{"name":"wp","href":"https:\/\/api.w.org\/{rel}","templated":true}]}}